{"id":78507,"date":"2025-05-26T17:16:54","date_gmt":"2025-05-26T15:16:54","guid":{"rendered":"https:\/\/vosgesinfo.fr\/gerardmerinfo\/?p=78507"},"modified":"2025-05-26T16:49:27","modified_gmt":"2025-05-26T14:49:27","slug":"les-dragons-de-las-gerardmer-canoe-kayak-en-rodage-a-pont-a-mousson","status":"publish","type":"post","link":"https:\/\/vosgesinfo.fr\/gerardmerinfo\/2025\/05\/les-dragons-de-las-gerardmer-canoe-kayak-en-rodage-a-pont-a-mousson\/","title":{"rendered":"Les dragons de l\u2019AS G\u00e9rardmer Cano\u00eb-Kayak en rodage \u00e0 Pont-\u00e0-Mousson."},"content":{"rendered":"<p data-pm-slice=\"1 1 []\"><a href=\"https:\/\/vosgesinfo.fr\/app\/uploads\/sites\/6\/2025\/05\/whatsapp-image-2025-05-25-at-19.57.003.jpeg\"><img decoding=\"async\" class=\"aligncenter size-full wp-image-78508\" src=\"https:\/\/vosgesinfo.fr\/app\/uploads\/sites\/6\/2025\/05\/whatsapp-image-2025-05-25-at-19.57.003.jpeg\" alt=\"\" width=\"1280\" height=\"720\" srcset=\"https:\/\/vosgesinfo.fr\/app\/uploads\/sites\/6\/2025\/05\/whatsapp-image-2025-05-25-at-19.57.003.jpeg 1280w, https:\/\/vosgesinfo.fr\/app\/uploads\/sites\/6\/2025\/05\/whatsapp-image-2025-05-25-at-19.57.003-300x169.jpeg 300w, https:\/\/vosgesinfo.fr\/app\/uploads\/sites\/6\/2025\/05\/whatsapp-image-2025-05-25-at-19.57.003-1024x576.jpeg 1024w, https:\/\/vosgesinfo.fr\/app\/uploads\/sites\/6\/2025\/05\/whatsapp-image-2025-05-25-at-19.57.003-768x432.jpeg 768w\" sizes=\"(max-width: 1280px) 100vw, 1280px\" \/><\/a><\/p>\n<p data-pm-slice=\"1 1 []\">\n<p>La section dragon boat g\u00e9r\u00f4moise a pr\u00e9par\u00e9 les prochains championnats de France de dragon boat, qui auront lieu \u00e0 G\u00e9rardmer les 20 et 21 septembre, de la plus belle des mani\u00e8res. La course s\u00e9lective de ce week-end, organis\u00e9e par le club de dragon boat de Toul, a permis aux 40 athl\u00e8tes g\u00e9r\u00f4mois r\u00e9partis dans les 6 bateaux du club, de montrer de quoi ils \u00e9taient capables. 3 distances au programme dans des embarcations de 10 et 20 places.<\/p>\n<p>200m :<\/p>\n<p>DB20 places\u00a0: 2\u1d49\u00a0ASG CK 1, 5\u1d49\u00a0ASG CK 2<\/p>\n<p>DB10 places standard : 1er ASG CK<\/p>\n<p>DB10 places U21\u00a0: 1\u1d49\u02b3 ASG CK<\/p>\n<p>DB10 places Master : 2\u1d49 ASG CK 1, 5\u1d49 ASG CK 2<\/p>\n<p>500m :<\/p>\n<p>DB20 places\u00a0: 1er ASG CK 1, 5\u1d49\u00a0ASG CK 2<\/p>\n<p>DB10 places standard\u00a0: 2\u1d49\u00a0ASG CK<\/p>\n<p>DB10 places U21\u00a0: 2\u1d49\u00a0ASG CK<\/p>\n<p>DB10 places Master : 2\u1d49 ASG CK 1, 8\u1d49 ASG CK 2<\/p>\n<p>2000m<\/p>\n<p>DB20 places\u00a0: 1er ASG CK 1, 5\u1d49\u00a0ASG CK 2<\/p>\n<p>DB10 places standard : 1er ASG CK<\/p>\n<p>DB10 places U21\u00a0: 2\u1d49\u00a0ASG CK<\/p>\n<p>DB10 places Master : 2\u1d49 ASG CK 1, 9\u1d49 ASG CK 2<\/p>\n<p>Une tr\u00e8s belle pr\u00e9paration pour les prochains championnats de France organis\u00e9s \u00e0 la maison.<\/p>\n","protected":false},"excerpt":{"rendered":"<p>La section dragon boat g\u00e9r\u00f4moise a pr\u00e9par\u00e9 les prochains championnats de France de dragon boat, qui auront lieu \u00e0 G\u00e9rardmer [&hellip;]<\/p>\n","protected":false},"author":391,"featured_media":78508,"comment_status":"open","ping_status":"open","sticky":false,"template":"","format":"standard","meta":{"footnotes":""},"categories":[20,5647,14],"tags":[249,425],"class_list":["post-78507","post","type-post","status-publish","format-standard","has-post-thumbnail","hentry","category-a-la-une","category-gerardmer-autres-sites","category-sport","tag-asg-canoe-kayak","tag-dragon-boat"],"acf":[],"yoast_head":"<!-- This site is optimized with the Yoast SEO plugin v22.5 - https:\/\/yoast.com\/wordpress\/plugins\/seo\/ -->\n<title>Les dragons de l\u2019AS G\u00e9rardmer Cano\u00eb-Kayak en rodage \u00e0 Pont-\u00e0-Mousson. - Gerardmer Info<\/title>\n<meta name=\"robots\" content=\"index, follow, max-snippet:-1, max-image-preview:large, max-video-preview:-1\" \/>\n<link rel=\"canonical\" href=\"https:\/\/vosgesinfo.fr\/gerardmerinfo\/2025\/05\/les-dragons-de-las-gerardmer-canoe-kayak-en-rodage-a-pont-a-mousson\/\" \/>\n<meta name=\"twitter:card\" content=\"summary_large_image\" \/>\n<meta name=\"twitter:title\" content=\"Les dragons de l\u2019AS G\u00e9rardmer Cano\u00eb-Kayak en rodage \u00e0 Pont-\u00e0-Mousson. - Gerardmer Info\" \/>\n<meta name=\"twitter:description\" content=\"La section dragon boat g\u00e9r\u00f4moise a pr\u00e9par\u00e9 les prochains championnats de France de dragon boat, qui auront lieu \u00e0 G\u00e9rardmer [&hellip;]\" \/>\n<meta name=\"twitter:image\" content=\"https:\/\/vosgesinfo.fr\/app\/uploads\/sites\/6\/2025\/05\/whatsapp-image-2025-05-25-at-19.57.003.jpeg\" \/>\n<meta name=\"twitter:creator\" content=\"@VosgesInfo88\" \/>\n<meta name=\"twitter:site\" content=\"@VosgesInfo88\" \/>\n<meta name=\"twitter:label1\" content=\"\u00c9crit par\" \/>\n\t<meta name=\"twitter:data1\" content=\"La redaction\" \/>\n\t<meta name=\"twitter:label2\" content=\"Dur\u00e9e de lecture estim\u00e9e\" \/>\n\t<meta name=\"twitter:data2\" content=\"1 minute\" \/>\n<script type=\"application\/ld+json\" class=\"yoast-schema-graph\">{\"@context\":\"https:\/\/schema.org\",\"@graph\":[{\"@type\":\"Article\",\"@id\":\"https:\/\/vosgesinfo.fr\/gerardmerinfo\/2025\/05\/les-dragons-de-las-gerardmer-canoe-kayak-en-rodage-a-pont-a-mousson\/#article\",\"isPartOf\":{\"@id\":\"https:\/\/vosgesinfo.fr\/gerardmerinfo\/2025\/05\/les-dragons-de-las-gerardmer-canoe-kayak-en-rodage-a-pont-a-mousson\/\"},\"author\":{\"name\":\"La redaction\",\"@id\":\"https:\/\/vosgesinfo.fr\/gerardmerinfo\/#\/schema\/person\/27a3695b06db98895b354c0765cdfc31\"},\"headline\":\"Les dragons de l\u2019AS G\u00e9rardmer Cano\u00eb-Kayak en rodage \u00e0 Pont-\u00e0-Mousson.\",\"datePublished\":\"2025-05-26T15:16:54+00:00\",\"dateModified\":\"2025-05-26T14:49:27+00:00\",\"mainEntityOfPage\":{\"@id\":\"https:\/\/vosgesinfo.fr\/gerardmerinfo\/2025\/05\/les-dragons-de-las-gerardmer-canoe-kayak-en-rodage-a-pont-a-mousson\/\"},\"wordCount\":186,\"commentCount\":0,\"publisher\":{\"@id\":\"https:\/\/vosgesinfo.fr\/gerardmerinfo\/#organization\"},\"image\":{\"@id\":\"https:\/\/vosgesinfo.fr\/gerardmerinfo\/2025\/05\/les-dragons-de-las-gerardmer-canoe-kayak-en-rodage-a-pont-a-mousson\/#primaryimage\"},\"thumbnailUrl\":\"https:\/\/vosgesinfo.fr\/app\/uploads\/sites\/6\/2025\/05\/whatsapp-image-2025-05-25-at-19.57.003.jpeg\",\"keywords\":[\"asg canoe kayak\",\"dragon boat\"],\"articleSection\":[\"A la une\",\"Gerardmer\",\"Sport\"],\"inLanguage\":\"fr-FR\",\"potentialAction\":[{\"@type\":\"CommentAction\",\"name\":\"Comment\",\"target\":[\"https:\/\/vosgesinfo.fr\/gerardmerinfo\/2025\/05\/les-dragons-de-las-gerardmer-canoe-kayak-en-rodage-a-pont-a-mousson\/#respond\"]}]},{\"@type\":\"WebPage\",\"@id\":\"https:\/\/vosgesinfo.fr\/gerardmerinfo\/2025\/05\/les-dragons-de-las-gerardmer-canoe-kayak-en-rodage-a-pont-a-mousson\/\",\"url\":\"https:\/\/vosgesinfo.fr\/gerardmerinfo\/2025\/05\/les-dragons-de-las-gerardmer-canoe-kayak-en-rodage-a-pont-a-mousson\/\",\"name\":\"Les dragons de l\u2019AS G\u00e9rardmer Cano\u00eb-Kayak en rodage \u00e0 Pont-\u00e0-Mousson. - Gerardmer Info\",\"isPartOf\":{\"@id\":\"https:\/\/vosgesinfo.fr\/gerardmerinfo\/#website\"},\"primaryImageOfPage\":{\"@id\":\"https:\/\/vosgesinfo.fr\/gerardmerinfo\/2025\/05\/les-dragons-de-las-gerardmer-canoe-kayak-en-rodage-a-pont-a-mousson\/#primaryimage\"},\"image\":{\"@id\":\"https:\/\/vosgesinfo.fr\/gerardmerinfo\/2025\/05\/les-dragons-de-las-gerardmer-canoe-kayak-en-rodage-a-pont-a-mousson\/#primaryimage\"},\"thumbnailUrl\":\"https:\/\/vosgesinfo.fr\/app\/uploads\/sites\/6\/2025\/05\/whatsapp-image-2025-05-25-at-19.57.003.jpeg\",\"datePublished\":\"2025-05-26T15:16:54+00:00\",\"dateModified\":\"2025-05-26T14:49:27+00:00\",\"breadcrumb\":{\"@id\":\"https:\/\/vosgesinfo.fr\/gerardmerinfo\/2025\/05\/les-dragons-de-las-gerardmer-canoe-kayak-en-rodage-a-pont-a-mousson\/#breadcrumb\"},\"inLanguage\":\"fr-FR\",\"potentialAction\":[{\"@type\":\"ReadAction\",\"target\":[\"https:\/\/vosgesinfo.fr\/gerardmerinfo\/2025\/05\/les-dragons-de-las-gerardmer-canoe-kayak-en-rodage-a-pont-a-mousson\/\"]}]},{\"@type\":\"ImageObject\",\"inLanguage\":\"fr-FR\",\"@id\":\"https:\/\/vosgesinfo.fr\/gerardmerinfo\/2025\/05\/les-dragons-de-las-gerardmer-canoe-kayak-en-rodage-a-pont-a-mousson\/#primaryimage\",\"url\":\"https:\/\/vosgesinfo.fr\/app\/uploads\/sites\/6\/2025\/05\/whatsapp-image-2025-05-25-at-19.57.003.jpeg\",\"contentUrl\":\"https:\/\/vosgesinfo.fr\/app\/uploads\/sites\/6\/2025\/05\/whatsapp-image-2025-05-25-at-19.57.003.jpeg\",\"width\":1280,\"height\":720},{\"@type\":\"BreadcrumbList\",\"@id\":\"https:\/\/vosgesinfo.fr\/gerardmerinfo\/2025\/05\/les-dragons-de-las-gerardmer-canoe-kayak-en-rodage-a-pont-a-mousson\/#breadcrumb\",\"itemListElement\":[{\"@type\":\"ListItem\",\"position\":1,\"name\":\"Home\",\"item\":\"https:\/\/vosgesinfo.fr\/gerardmerinfo\/\"},{\"@type\":\"ListItem\",\"position\":2,\"name\":\"Les dragons de l\u2019AS G\u00e9rardmer Cano\u00eb-Kayak en rodage \u00e0 Pont-\u00e0-Mousson.\"}]},{\"@type\":\"WebSite\",\"@id\":\"https:\/\/vosgesinfo.fr\/gerardmerinfo\/#website\",\"url\":\"https:\/\/vosgesinfo.fr\/gerardmerinfo\/\",\"name\":\"Gerardmer Info\",\"description\":\"Toute l&#039;actualit\u00e9 de G\u00e9rardmer\",\"publisher\":{\"@id\":\"https:\/\/vosgesinfo.fr\/gerardmerinfo\/#organization\"},\"alternateName\":\"Toute l'actualit\u00e9 de G\u00e9rardmer\",\"potentialAction\":[{\"@type\":\"SearchAction\",\"target\":{\"@type\":\"EntryPoint\",\"urlTemplate\":\"https:\/\/vosgesinfo.fr\/gerardmerinfo\/?s={search_term_string}\"},\"query-input\":\"required name=search_term_string\"}],\"inLanguage\":\"fr-FR\"},{\"@type\":\"Organization\",\"@id\":\"https:\/\/vosgesinfo.fr\/gerardmerinfo\/#organization\",\"name\":\"Gerardmer Info\",\"url\":\"https:\/\/vosgesinfo.fr\/gerardmerinfo\/\",\"logo\":{\"@type\":\"ImageObject\",\"inLanguage\":\"fr-FR\",\"@id\":\"https:\/\/vosgesinfo.fr\/gerardmerinfo\/#\/schema\/logo\/image\/\",\"url\":\"https:\/\/vosgesinfo.fr\/app\/uploads\/sites\/6\/2023\/08\/favicon-gerardmerinfo.png\",\"contentUrl\":\"https:\/\/vosgesinfo.fr\/app\/uploads\/sites\/6\/2023\/08\/favicon-gerardmerinfo.png\",\"width\":512,\"height\":512,\"caption\":\"Gerardmer Info\"},\"image\":{\"@id\":\"https:\/\/vosgesinfo.fr\/gerardmerinfo\/#\/schema\/logo\/image\/\"},\"sameAs\":[\"https:\/\/www.facebook.com\/profile.php?id=100049475262660\",\"https:\/\/x.com\/VosgesInfo88\",\"https:\/\/www.youtube.com\/@vosgesinfo\"]},{\"@type\":\"Person\",\"@id\":\"https:\/\/vosgesinfo.fr\/gerardmerinfo\/#\/schema\/person\/27a3695b06db98895b354c0765cdfc31\",\"name\":\"La redaction\",\"image\":{\"@type\":\"ImageObject\",\"inLanguage\":\"fr-FR\",\"@id\":\"https:\/\/vosgesinfo.fr\/gerardmerinfo\/#\/schema\/person\/image\/\",\"url\":\"https:\/\/secure.gravatar.com\/avatar\/64c76a78e501cedee55736f43f332df901e1896ae9cd8fad269ae2236dd0e8b6?s=96&d=mm&r=g\",\"contentUrl\":\"https:\/\/secure.gravatar.com\/avatar\/64c76a78e501cedee55736f43f332df901e1896ae9cd8fad269ae2236dd0e8b6?s=96&d=mm&r=g\",\"caption\":\"La redaction\"},\"url\":\"https:\/\/vosgesinfo.fr\/gerardmerinfo\/author\/la-redaction\/\"}]}<\/script>\n<!-- \/ Yoast SEO plugin. -->","yoast_head_json":{"title":"Les dragons de l\u2019AS G\u00e9rardmer Cano\u00eb-Kayak en rodage \u00e0 Pont-\u00e0-Mousson. - Gerardmer Info","robots":{"index":"index","follow":"follow","max-snippet":"max-snippet:-1","max-image-preview":"max-image-preview:large","max-video-preview":"max-video-preview:-1"},"canonical":"https:\/\/vosgesinfo.fr\/gerardmerinfo\/2025\/05\/les-dragons-de-las-gerardmer-canoe-kayak-en-rodage-a-pont-a-mousson\/","twitter_card":"summary_large_image","twitter_title":"Les dragons de l\u2019AS G\u00e9rardmer Cano\u00eb-Kayak en rodage \u00e0 Pont-\u00e0-Mousson. - Gerardmer Info","twitter_description":"La section dragon boat g\u00e9r\u00f4moise a pr\u00e9par\u00e9 les prochains championnats de France de dragon boat, qui auront lieu \u00e0 G\u00e9rardmer [&hellip;]","twitter_image":"https:\/\/vosgesinfo.fr\/app\/uploads\/sites\/6\/2025\/05\/whatsapp-image-2025-05-25-at-19.57.003.jpeg","twitter_creator":"@VosgesInfo88","twitter_site":"@VosgesInfo88","twitter_misc":{"\u00c9crit par":"La redaction","Dur\u00e9e de lecture estim\u00e9e":"1 minute"},"schema":{"@context":"https:\/\/schema.org","@graph":[{"@type":"Article","@id":"https:\/\/vosgesinfo.fr\/gerardmerinfo\/2025\/05\/les-dragons-de-las-gerardmer-canoe-kayak-en-rodage-a-pont-a-mousson\/#article","isPartOf":{"@id":"https:\/\/vosgesinfo.fr\/gerardmerinfo\/2025\/05\/les-dragons-de-las-gerardmer-canoe-kayak-en-rodage-a-pont-a-mousson\/"},"author":{"name":"La redaction","@id":"https:\/\/vosgesinfo.fr\/gerardmerinfo\/#\/schema\/person\/27a3695b06db98895b354c0765cdfc31"},"headline":"Les dragons de l\u2019AS G\u00e9rardmer Cano\u00eb-Kayak en rodage \u00e0 Pont-\u00e0-Mousson.","datePublished":"2025-05-26T15:16:54+00:00","dateModified":"2025-05-26T14:49:27+00:00","mainEntityOfPage":{"@id":"https:\/\/vosgesinfo.fr\/gerardmerinfo\/2025\/05\/les-dragons-de-las-gerardmer-canoe-kayak-en-rodage-a-pont-a-mousson\/"},"wordCount":186,"commentCount":0,"publisher":{"@id":"https:\/\/vosgesinfo.fr\/gerardmerinfo\/#organization"},"image":{"@id":"https:\/\/vosgesinfo.fr\/gerardmerinfo\/2025\/05\/les-dragons-de-las-gerardmer-canoe-kayak-en-rodage-a-pont-a-mousson\/#primaryimage"},"thumbnailUrl":"https:\/\/vosgesinfo.fr\/app\/uploads\/sites\/6\/2025\/05\/whatsapp-image-2025-05-25-at-19.57.003.jpeg","keywords":["asg canoe kayak","dragon boat"],"articleSection":["A la une","Gerardmer","Sport"],"inLanguage":"fr-FR","potentialAction":[{"@type":"CommentAction","name":"Comment","target":["https:\/\/vosgesinfo.fr\/gerardmerinfo\/2025\/05\/les-dragons-de-las-gerardmer-canoe-kayak-en-rodage-a-pont-a-mousson\/#respond"]}]},{"@type":"WebPage","@id":"https:\/\/vosgesinfo.fr\/gerardmerinfo\/2025\/05\/les-dragons-de-las-gerardmer-canoe-kayak-en-rodage-a-pont-a-mousson\/","url":"https:\/\/vosgesinfo.fr\/gerardmerinfo\/2025\/05\/les-dragons-de-las-gerardmer-canoe-kayak-en-rodage-a-pont-a-mousson\/","name":"Les dragons de l\u2019AS G\u00e9rardmer Cano\u00eb-Kayak en rodage \u00e0 Pont-\u00e0-Mousson. - Gerardmer Info","isPartOf":{"@id":"https:\/\/vosgesinfo.fr\/gerardmerinfo\/#website"},"primaryImageOfPage":{"@id":"https:\/\/vosgesinfo.fr\/gerardmerinfo\/2025\/05\/les-dragons-de-las-gerardmer-canoe-kayak-en-rodage-a-pont-a-mousson\/#primaryimage"},"image":{"@id":"https:\/\/vosgesinfo.fr\/gerardmerinfo\/2025\/05\/les-dragons-de-las-gerardmer-canoe-kayak-en-rodage-a-pont-a-mousson\/#primaryimage"},"thumbnailUrl":"https:\/\/vosgesinfo.fr\/app\/uploads\/sites\/6\/2025\/05\/whatsapp-image-2025-05-25-at-19.57.003.jpeg","datePublished":"2025-05-26T15:16:54+00:00","dateModified":"2025-05-26T14:49:27+00:00","breadcrumb":{"@id":"https:\/\/vosgesinfo.fr\/gerardmerinfo\/2025\/05\/les-dragons-de-las-gerardmer-canoe-kayak-en-rodage-a-pont-a-mousson\/#breadcrumb"},"inLanguage":"fr-FR","potentialAction":[{"@type":"ReadAction","target":["https:\/\/vosgesinfo.fr\/gerardmerinfo\/2025\/05\/les-dragons-de-las-gerardmer-canoe-kayak-en-rodage-a-pont-a-mousson\/"]}]},{"@type":"ImageObject","inLanguage":"fr-FR","@id":"https:\/\/vosgesinfo.fr\/gerardmerinfo\/2025\/05\/les-dragons-de-las-gerardmer-canoe-kayak-en-rodage-a-pont-a-mousson\/#primaryimage","url":"https:\/\/vosgesinfo.fr\/app\/uploads\/sites\/6\/2025\/05\/whatsapp-image-2025-05-25-at-19.57.003.jpeg","contentUrl":"https:\/\/vosgesinfo.fr\/app\/uploads\/sites\/6\/2025\/05\/whatsapp-image-2025-05-25-at-19.57.003.jpeg","width":1280,"height":720},{"@type":"BreadcrumbList","@id":"https:\/\/vosgesinfo.fr\/gerardmerinfo\/2025\/05\/les-dragons-de-las-gerardmer-canoe-kayak-en-rodage-a-pont-a-mousson\/#breadcrumb","itemListElement":[{"@type":"ListItem","position":1,"name":"Home","item":"https:\/\/vosgesinfo.fr\/gerardmerinfo\/"},{"@type":"ListItem","position":2,"name":"Les dragons de l\u2019AS G\u00e9rardmer Cano\u00eb-Kayak en rodage \u00e0 Pont-\u00e0-Mousson."}]},{"@type":"WebSite","@id":"https:\/\/vosgesinfo.fr\/gerardmerinfo\/#website","url":"https:\/\/vosgesinfo.fr\/gerardmerinfo\/","name":"Gerardmer Info","description":"Toute l&#039;actualit\u00e9 de G\u00e9rardmer","publisher":{"@id":"https:\/\/vosgesinfo.fr\/gerardmerinfo\/#organization"},"alternateName":"Toute l'actualit\u00e9 de G\u00e9rardmer","potentialAction":[{"@type":"SearchAction","target":{"@type":"EntryPoint","urlTemplate":"https:\/\/vosgesinfo.fr\/gerardmerinfo\/?s={search_term_string}"},"query-input":"required name=search_term_string"}],"inLanguage":"fr-FR"},{"@type":"Organization","@id":"https:\/\/vosgesinfo.fr\/gerardmerinfo\/#organization","name":"Gerardmer Info","url":"https:\/\/vosgesinfo.fr\/gerardmerinfo\/","logo":{"@type":"ImageObject","inLanguage":"fr-FR","@id":"https:\/\/vosgesinfo.fr\/gerardmerinfo\/#\/schema\/logo\/image\/","url":"https:\/\/vosgesinfo.fr\/app\/uploads\/sites\/6\/2023\/08\/favicon-gerardmerinfo.png","contentUrl":"https:\/\/vosgesinfo.fr\/app\/uploads\/sites\/6\/2023\/08\/favicon-gerardmerinfo.png","width":512,"height":512,"caption":"Gerardmer Info"},"image":{"@id":"https:\/\/vosgesinfo.fr\/gerardmerinfo\/#\/schema\/logo\/image\/"},"sameAs":["https:\/\/www.facebook.com\/profile.php?id=100049475262660","https:\/\/x.com\/VosgesInfo88","https:\/\/www.youtube.com\/@vosgesinfo"]},{"@type":"Person","@id":"https:\/\/vosgesinfo.fr\/gerardmerinfo\/#\/schema\/person\/27a3695b06db98895b354c0765cdfc31","name":"La redaction","image":{"@type":"ImageObject","inLanguage":"fr-FR","@id":"https:\/\/vosgesinfo.fr\/gerardmerinfo\/#\/schema\/person\/image\/","url":"https:\/\/secure.gravatar.com\/avatar\/64c76a78e501cedee55736f43f332df901e1896ae9cd8fad269ae2236dd0e8b6?s=96&d=mm&r=g","contentUrl":"https:\/\/secure.gravatar.com\/avatar\/64c76a78e501cedee55736f43f332df901e1896ae9cd8fad269ae2236dd0e8b6?s=96&d=mm&r=g","caption":"La redaction"},"url":"https:\/\/vosgesinfo.fr\/gerardmerinfo\/author\/la-redaction\/"}]}},"_links":{"self":[{"href":"https:\/\/vosgesinfo.fr\/gerardmerinfo\/wp-json\/wp\/v2\/posts\/78507","targetHints":{"allow":["GET"]}}],"collection":[{"href":"https:\/\/vosgesinfo.fr\/gerardmerinfo\/wp-json\/wp\/v2\/posts"}],"about":[{"href":"https:\/\/vosgesinfo.fr\/gerardmerinfo\/wp-json\/wp\/v2\/types\/post"}],"author":[{"embeddable":true,"href":"https:\/\/vosgesinfo.fr\/gerardmerinfo\/wp-json\/wp\/v2\/users\/391"}],"replies":[{"embeddable":true,"href":"https:\/\/vosgesinfo.fr\/gerardmerinfo\/wp-json\/wp\/v2\/comments?post=78507"}],"version-history":[{"count":1,"href":"https:\/\/vosgesinfo.fr\/gerardmerinfo\/wp-json\/wp\/v2\/posts\/78507\/revisions"}],"predecessor-version":[{"id":78509,"href":"https:\/\/vosgesinfo.fr\/gerardmerinfo\/wp-json\/wp\/v2\/posts\/78507\/revisions\/78509"}],"wp:featuredmedia":[{"embeddable":true,"href":"https:\/\/vosgesinfo.fr\/gerardmerinfo\/wp-json\/wp\/v2\/media\/78508"}],"wp:attachment":[{"href":"https:\/\/vosgesinfo.fr\/gerardmerinfo\/wp-json\/wp\/v2\/media?parent=78507"}],"wp:term":[{"taxonomy":"category","embeddable":true,"href":"https:\/\/vosgesinfo.fr\/gerardmerinfo\/wp-json\/wp\/v2\/categories?post=78507"},{"taxonomy":"post_tag","embeddable":true,"href":"https:\/\/vosgesinfo.fr\/gerardmerinfo\/wp-json\/wp\/v2\/tags?post=78507"}],"curies":[{"name":"wp","href":"https:\/\/api.w.org\/{rel}","templated":true}]}}