{"id":78530,"date":"2025-05-27T17:36:03","date_gmt":"2025-05-27T15:36:03","guid":{"rendered":"https:\/\/vosgesinfo.fr\/gerardmerinfo\/?p=78530"},"modified":"2025-05-27T13:22:38","modified_gmt":"2025-05-27T11:22:38","slug":"inscriptions-au-concours-des-maisons-fleuries","status":"publish","type":"post","link":"https:\/\/vosgesinfo.fr\/gerardmerinfo\/2025\/05\/inscriptions-au-concours-des-maisons-fleuries\/","title":{"rendered":"Inscriptions au concours des Maisons Fleuries"},"content":{"rendered":"<p style=\"text-align: center;\">\ud835\uddd6\ud835\uddfc\ud835\uddfb\ud835\uddf0\ud835\uddfc\ud835\ude02\ud835\uddff\ud835\ude00 \ud835\uddf1\ud835\uddf2\ud835\ude00 \ud835\udde0\ud835\uddee\ud835\uddf6\ud835\ude00\ud835\uddfc\ud835\uddfb\ud835\ude00 \ud835\uddd9\ud835\uddf9\ud835\uddf2\ud835\ude02\ud835\uddff\ud835\uddf6\ud835\uddf2\ud835\ude00 \u2013 \ud835\udddc\ud835\uddfb\ud835\ude00\ud835\uddf0\ud835\uddff\ud835\uddf6\ud835\uddfd\ud835\ude01\ud835\uddf6\ud835\uddfc\ud835\uddfb\ud835\ude00 \ud835\uddfc\ud835\ude02\ud835\ude03\ud835\uddf2\ud835\uddff\ud835\ude01\ud835\uddf2\ud835\ude00 !<\/p>\n<p>Vous aimez fleurir votre maison, balcon ou jardin ? Participez au Concours des Maisons Fleuries 2025 organis\u00e9 par la Ville de G\u00e9rardmer !<\/p>\n<p>Les inscriptions sont ouvertes jusqu\u2019au 30 juin 2025.<\/p>\n<p>Pour vous inscrire, il suffit de remplir le bulletin d\u2019inscription disponible \u00e0 l\u2019accueil de la mairie ou sur <a href=\"http:\/\/www.mairie-gerardmer.fr\/?fbclid=IwZXh0bgNhZW0CMTAAYnJpZBExRVB2ZHFYWjZqajY5ekd5agEeKav1eNOjOq32O7ff-2v33PAwwP_9L0g_sDX5FIlo8ChXSJbEFiZQKaI0m6A_aem_NDQJZTctDKyQqOtsTmsIpA\" data-saferedirecturl=\"https:\/\/www.google.com\/url?q=http:\/\/www.mairie-gerardmer.fr\/?fbclid%3DIwZXh0bgNhZW0CMTAAYnJpZBExRVB2ZHFYWjZqajY5ekd5agEeKav1eNOjOq32O7ff-2v33PAwwP_9L0g_sDX5FIlo8ChXSJbEFiZQKaI0m6A_aem_NDQJZTctDKyQqOtsTmsIpA&amp;source=gmail&amp;ust=1748417594463000&amp;usg=AOvVaw2n4GP82VSkiopl3DIZ5pDc\">www.mairie-gerardmer.fr<\/a><\/p>\n<p>D\u00e9posez votre bulletin dans l\u2019urne pr\u00e9vue \u00e0 cet effet \u00e0 l\u2019accueil<\/p>\n<p>ou<\/p>\n<p>Envoyez-le par mail \u00e0 : <a href=\"mailto:villedegerardmer@mairie-gerardmer.com\">villedegerardmer@mairie-gerardmer.com<\/a><\/p>\n<p>Faites rayonner vos talents de jardinier et embellissons ensemble notre ville !<\/p>\n<p><a href=\"https:\/\/vosgesinfo.fr\/app\/uploads\/sites\/6\/2025\/05\/499925589-733638278999217-1470640684448426092-n.jpg\"><img decoding=\"async\" class=\"aligncenter size-large wp-image-78531\" src=\"https:\/\/vosgesinfo.fr\/app\/uploads\/sites\/6\/2025\/05\/499925589-733638278999217-1470640684448426092-n-724x1024.jpg\" alt=\"\" width=\"724\" height=\"1024\" srcset=\"https:\/\/vosgesinfo.fr\/app\/uploads\/sites\/6\/2025\/05\/499925589-733638278999217-1470640684448426092-n-724x1024.jpg 724w, https:\/\/vosgesinfo.fr\/app\/uploads\/sites\/6\/2025\/05\/499925589-733638278999217-1470640684448426092-n-212x300.jpg 212w, https:\/\/vosgesinfo.fr\/app\/uploads\/sites\/6\/2025\/05\/499925589-733638278999217-1470640684448426092-n-768x1086.jpg 768w, https:\/\/vosgesinfo.fr\/app\/uploads\/sites\/6\/2025\/05\/499925589-733638278999217-1470640684448426092-n-1086x1536.jpg 1086w, https:\/\/vosgesinfo.fr\/app\/uploads\/sites\/6\/2025\/05\/499925589-733638278999217-1470640684448426092-n.jpg 1448w\" sizes=\"(max-width: 724px) 100vw, 724px\" \/><\/a><\/p>\n","protected":false},"excerpt":{"rendered":"<p>\ud835\uddd6\ud835\uddfc\ud835\uddfb\ud835\uddf0\ud835\uddfc\ud835\ude02\ud835\uddff\ud835\ude00 \ud835\uddf1\ud835\uddf2\ud835\ude00 \ud835\udde0\ud835\uddee\ud835\uddf6\ud835\ude00\ud835\uddfc\ud835\uddfb\ud835\ude00 \ud835\uddd9\ud835\uddf9\ud835\uddf2\ud835\ude02\ud835\uddff\ud835\uddf6\ud835\uddf2\ud835\ude00 \u2013 \ud835\udddc\ud835\uddfb\ud835\ude00\ud835\uddf0\ud835\uddff\ud835\uddf6\ud835\uddfd\ud835\ude01\ud835\uddf6\ud835\uddfc\ud835\uddfb\ud835\ude00 \ud835\uddfc\ud835\ude02\ud835\ude03\ud835\uddf2\ud835\uddff\ud835\ude01\ud835\uddf2\ud835\ude00 ! Vous aimez fleurir votre maison, balcon ou jardin ? Participez au Concours [&hellip;]<\/p>\n","protected":false},"author":391,"featured_media":60778,"comment_status":"open","ping_status":"open","sticky":false,"template":"","format":"standard","meta":{"footnotes":""},"categories":[20,7,5647],"tags":[710],"class_list":["post-78530","post","type-post","status-publish","format-standard","has-post-thumbnail","hentry","category-a-la-une","category-environnement","category-gerardmer-autres-sites","tag-concours-maisons-fleuries"],"acf":[],"yoast_head":"<!-- This site is optimized with the Yoast SEO plugin v22.5 - https:\/\/yoast.com\/wordpress\/plugins\/seo\/ -->\n<title>Inscriptions au concours des Maisons Fleuries - Gerardmer Info<\/title>\n<meta name=\"robots\" content=\"index, follow, max-snippet:-1, max-image-preview:large, max-video-preview:-1\" \/>\n<link rel=\"canonical\" href=\"https:\/\/vosgesinfo.fr\/gerardmerinfo\/2025\/05\/inscriptions-au-concours-des-maisons-fleuries\/\" \/>\n<meta name=\"twitter:card\" content=\"summary_large_image\" \/>\n<meta name=\"twitter:title\" content=\"Inscriptions au concours des Maisons Fleuries - Gerardmer Info\" \/>\n<meta name=\"twitter:description\" content=\"\ud835\uddd6\ud835\uddfc\ud835\uddfb\ud835\uddf0\ud835\uddfc\ud835\ude02\ud835\uddff\ud835\ude00 \ud835\uddf1\ud835\uddf2\ud835\ude00 \ud835\udde0\ud835\uddee\ud835\uddf6\ud835\ude00\ud835\uddfc\ud835\uddfb\ud835\ude00 \ud835\uddd9\ud835\uddf9\ud835\uddf2\ud835\ude02\ud835\uddff\ud835\uddf6\ud835\uddf2\ud835\ude00 \u2013 \ud835\udddc\ud835\uddfb\ud835\ude00\ud835\uddf0\ud835\uddff\ud835\uddf6\ud835\uddfd\ud835\ude01\ud835\uddf6\ud835\uddfc\ud835\uddfb\ud835\ude00 \ud835\uddfc\ud835\ude02\ud835\ude03\ud835\uddf2\ud835\uddff\ud835\ude01\ud835\uddf2\ud835\ude00 ! Vous aimez fleurir votre maison, balcon ou jardin ? Participez au Concours [&hellip;]\" \/>\n<meta name=\"twitter:image\" content=\"https:\/\/vosgesinfo.fr\/app\/uploads\/sites\/6\/2024\/07\/202207maisons-fleuries-gerardmer-1.jpg\" \/>\n<meta name=\"twitter:creator\" content=\"@VosgesInfo88\" \/>\n<meta name=\"twitter:site\" content=\"@VosgesInfo88\" \/>\n<meta name=\"twitter:label1\" content=\"\u00c9crit par\" \/>\n\t<meta name=\"twitter:data1\" content=\"La redaction\" \/>\n<script type=\"application\/ld+json\" class=\"yoast-schema-graph\">{\"@context\":\"https:\/\/schema.org\",\"@graph\":[{\"@type\":\"Article\",\"@id\":\"https:\/\/vosgesinfo.fr\/gerardmerinfo\/2025\/05\/inscriptions-au-concours-des-maisons-fleuries\/#article\",\"isPartOf\":{\"@id\":\"https:\/\/vosgesinfo.fr\/gerardmerinfo\/2025\/05\/inscriptions-au-concours-des-maisons-fleuries\/\"},\"author\":{\"name\":\"La redaction\",\"@id\":\"https:\/\/vosgesinfo.fr\/gerardmerinfo\/#\/schema\/person\/27a3695b06db98895b354c0765cdfc31\"},\"headline\":\"Inscriptions au concours des Maisons Fleuries\",\"datePublished\":\"2025-05-27T15:36:03+00:00\",\"dateModified\":\"2025-05-27T11:22:38+00:00\",\"mainEntityOfPage\":{\"@id\":\"https:\/\/vosgesinfo.fr\/gerardmerinfo\/2025\/05\/inscriptions-au-concours-des-maisons-fleuries\/\"},\"wordCount\":87,\"commentCount\":0,\"publisher\":{\"@id\":\"https:\/\/vosgesinfo.fr\/gerardmerinfo\/#organization\"},\"image\":{\"@id\":\"https:\/\/vosgesinfo.fr\/gerardmerinfo\/2025\/05\/inscriptions-au-concours-des-maisons-fleuries\/#primaryimage\"},\"thumbnailUrl\":\"https:\/\/vosgesinfo.fr\/app\/uploads\/sites\/6\/2024\/07\/202207maisons-fleuries-gerardmer-1.jpg\",\"keywords\":[\"concours maisons fleuries\"],\"articleSection\":[\"A la une\",\"Environnement\",\"Gerardmer\"],\"inLanguage\":\"fr-FR\",\"potentialAction\":[{\"@type\":\"CommentAction\",\"name\":\"Comment\",\"target\":[\"https:\/\/vosgesinfo.fr\/gerardmerinfo\/2025\/05\/inscriptions-au-concours-des-maisons-fleuries\/#respond\"]}]},{\"@type\":\"WebPage\",\"@id\":\"https:\/\/vosgesinfo.fr\/gerardmerinfo\/2025\/05\/inscriptions-au-concours-des-maisons-fleuries\/\",\"url\":\"https:\/\/vosgesinfo.fr\/gerardmerinfo\/2025\/05\/inscriptions-au-concours-des-maisons-fleuries\/\",\"name\":\"Inscriptions au concours des Maisons Fleuries - Gerardmer Info\",\"isPartOf\":{\"@id\":\"https:\/\/vosgesinfo.fr\/gerardmerinfo\/#website\"},\"primaryImageOfPage\":{\"@id\":\"https:\/\/vosgesinfo.fr\/gerardmerinfo\/2025\/05\/inscriptions-au-concours-des-maisons-fleuries\/#primaryimage\"},\"image\":{\"@id\":\"https:\/\/vosgesinfo.fr\/gerardmerinfo\/2025\/05\/inscriptions-au-concours-des-maisons-fleuries\/#primaryimage\"},\"thumbnailUrl\":\"https:\/\/vosgesinfo.fr\/app\/uploads\/sites\/6\/2024\/07\/202207maisons-fleuries-gerardmer-1.jpg\",\"datePublished\":\"2025-05-27T15:36:03+00:00\",\"dateModified\":\"2025-05-27T11:22:38+00:00\",\"breadcrumb\":{\"@id\":\"https:\/\/vosgesinfo.fr\/gerardmerinfo\/2025\/05\/inscriptions-au-concours-des-maisons-fleuries\/#breadcrumb\"},\"inLanguage\":\"fr-FR\",\"potentialAction\":[{\"@type\":\"ReadAction\",\"target\":[\"https:\/\/vosgesinfo.fr\/gerardmerinfo\/2025\/05\/inscriptions-au-concours-des-maisons-fleuries\/\"]}]},{\"@type\":\"ImageObject\",\"inLanguage\":\"fr-FR\",\"@id\":\"https:\/\/vosgesinfo.fr\/gerardmerinfo\/2025\/05\/inscriptions-au-concours-des-maisons-fleuries\/#primaryimage\",\"url\":\"https:\/\/vosgesinfo.fr\/app\/uploads\/sites\/6\/2024\/07\/202207maisons-fleuries-gerardmer-1.jpg\",\"contentUrl\":\"https:\/\/vosgesinfo.fr\/app\/uploads\/sites\/6\/2024\/07\/202207maisons-fleuries-gerardmer-1.jpg\",\"width\":1600,\"height\":1200},{\"@type\":\"BreadcrumbList\",\"@id\":\"https:\/\/vosgesinfo.fr\/gerardmerinfo\/2025\/05\/inscriptions-au-concours-des-maisons-fleuries\/#breadcrumb\",\"itemListElement\":[{\"@type\":\"ListItem\",\"position\":1,\"name\":\"Home\",\"item\":\"https:\/\/vosgesinfo.fr\/gerardmerinfo\/\"},{\"@type\":\"ListItem\",\"position\":2,\"name\":\"Inscriptions au concours des Maisons Fleuries\"}]},{\"@type\":\"WebSite\",\"@id\":\"https:\/\/vosgesinfo.fr\/gerardmerinfo\/#website\",\"url\":\"https:\/\/vosgesinfo.fr\/gerardmerinfo\/\",\"name\":\"Gerardmer Info\",\"description\":\"Toute l&#039;actualit\u00e9 de G\u00e9rardmer\",\"publisher\":{\"@id\":\"https:\/\/vosgesinfo.fr\/gerardmerinfo\/#organization\"},\"alternateName\":\"Toute l'actualit\u00e9 de G\u00e9rardmer\",\"potentialAction\":[{\"@type\":\"SearchAction\",\"target\":{\"@type\":\"EntryPoint\",\"urlTemplate\":\"https:\/\/vosgesinfo.fr\/gerardmerinfo\/?s={search_term_string}\"},\"query-input\":\"required name=search_term_string\"}],\"inLanguage\":\"fr-FR\"},{\"@type\":\"Organization\",\"@id\":\"https:\/\/vosgesinfo.fr\/gerardmerinfo\/#organization\",\"name\":\"Gerardmer Info\",\"url\":\"https:\/\/vosgesinfo.fr\/gerardmerinfo\/\",\"logo\":{\"@type\":\"ImageObject\",\"inLanguage\":\"fr-FR\",\"@id\":\"https:\/\/vosgesinfo.fr\/gerardmerinfo\/#\/schema\/logo\/image\/\",\"url\":\"https:\/\/vosgesinfo.fr\/app\/uploads\/sites\/6\/2023\/08\/favicon-gerardmerinfo.png\",\"contentUrl\":\"https:\/\/vosgesinfo.fr\/app\/uploads\/sites\/6\/2023\/08\/favicon-gerardmerinfo.png\",\"width\":512,\"height\":512,\"caption\":\"Gerardmer Info\"},\"image\":{\"@id\":\"https:\/\/vosgesinfo.fr\/gerardmerinfo\/#\/schema\/logo\/image\/\"},\"sameAs\":[\"https:\/\/www.facebook.com\/profile.php?id=100049475262660\",\"https:\/\/x.com\/VosgesInfo88\",\"https:\/\/www.youtube.com\/@vosgesinfo\"]},{\"@type\":\"Person\",\"@id\":\"https:\/\/vosgesinfo.fr\/gerardmerinfo\/#\/schema\/person\/27a3695b06db98895b354c0765cdfc31\",\"name\":\"La redaction\",\"image\":{\"@type\":\"ImageObject\",\"inLanguage\":\"fr-FR\",\"@id\":\"https:\/\/vosgesinfo.fr\/gerardmerinfo\/#\/schema\/person\/image\/\",\"url\":\"https:\/\/secure.gravatar.com\/avatar\/64c76a78e501cedee55736f43f332df901e1896ae9cd8fad269ae2236dd0e8b6?s=96&d=mm&r=g\",\"contentUrl\":\"https:\/\/secure.gravatar.com\/avatar\/64c76a78e501cedee55736f43f332df901e1896ae9cd8fad269ae2236dd0e8b6?s=96&d=mm&r=g\",\"caption\":\"La redaction\"},\"url\":\"https:\/\/vosgesinfo.fr\/gerardmerinfo\/author\/la-redaction\/\"}]}<\/script>\n<!-- \/ Yoast SEO plugin. -->","yoast_head_json":{"title":"Inscriptions au concours des Maisons Fleuries - Gerardmer Info","robots":{"index":"index","follow":"follow","max-snippet":"max-snippet:-1","max-image-preview":"max-image-preview:large","max-video-preview":"max-video-preview:-1"},"canonical":"https:\/\/vosgesinfo.fr\/gerardmerinfo\/2025\/05\/inscriptions-au-concours-des-maisons-fleuries\/","twitter_card":"summary_large_image","twitter_title":"Inscriptions au concours des Maisons Fleuries - Gerardmer Info","twitter_description":"\ud835\uddd6\ud835\uddfc\ud835\uddfb\ud835\uddf0\ud835\uddfc\ud835\ude02\ud835\uddff\ud835\ude00 \ud835\uddf1\ud835\uddf2\ud835\ude00 \ud835\udde0\ud835\uddee\ud835\uddf6\ud835\ude00\ud835\uddfc\ud835\uddfb\ud835\ude00 \ud835\uddd9\ud835\uddf9\ud835\uddf2\ud835\ude02\ud835\uddff\ud835\uddf6\ud835\uddf2\ud835\ude00 \u2013 \ud835\udddc\ud835\uddfb\ud835\ude00\ud835\uddf0\ud835\uddff\ud835\uddf6\ud835\uddfd\ud835\ude01\ud835\uddf6\ud835\uddfc\ud835\uddfb\ud835\ude00 \ud835\uddfc\ud835\ude02\ud835\ude03\ud835\uddf2\ud835\uddff\ud835\ude01\ud835\uddf2\ud835\ude00 ! Vous aimez fleurir votre maison, balcon ou jardin ? Participez au Concours [&hellip;]","twitter_image":"https:\/\/vosgesinfo.fr\/app\/uploads\/sites\/6\/2024\/07\/202207maisons-fleuries-gerardmer-1.jpg","twitter_creator":"@VosgesInfo88","twitter_site":"@VosgesInfo88","twitter_misc":{"\u00c9crit par":"La redaction"},"schema":{"@context":"https:\/\/schema.org","@graph":[{"@type":"Article","@id":"https:\/\/vosgesinfo.fr\/gerardmerinfo\/2025\/05\/inscriptions-au-concours-des-maisons-fleuries\/#article","isPartOf":{"@id":"https:\/\/vosgesinfo.fr\/gerardmerinfo\/2025\/05\/inscriptions-au-concours-des-maisons-fleuries\/"},"author":{"name":"La redaction","@id":"https:\/\/vosgesinfo.fr\/gerardmerinfo\/#\/schema\/person\/27a3695b06db98895b354c0765cdfc31"},"headline":"Inscriptions au concours des Maisons Fleuries","datePublished":"2025-05-27T15:36:03+00:00","dateModified":"2025-05-27T11:22:38+00:00","mainEntityOfPage":{"@id":"https:\/\/vosgesinfo.fr\/gerardmerinfo\/2025\/05\/inscriptions-au-concours-des-maisons-fleuries\/"},"wordCount":87,"commentCount":0,"publisher":{"@id":"https:\/\/vosgesinfo.fr\/gerardmerinfo\/#organization"},"image":{"@id":"https:\/\/vosgesinfo.fr\/gerardmerinfo\/2025\/05\/inscriptions-au-concours-des-maisons-fleuries\/#primaryimage"},"thumbnailUrl":"https:\/\/vosgesinfo.fr\/app\/uploads\/sites\/6\/2024\/07\/202207maisons-fleuries-gerardmer-1.jpg","keywords":["concours maisons fleuries"],"articleSection":["A la une","Environnement","Gerardmer"],"inLanguage":"fr-FR","potentialAction":[{"@type":"CommentAction","name":"Comment","target":["https:\/\/vosgesinfo.fr\/gerardmerinfo\/2025\/05\/inscriptions-au-concours-des-maisons-fleuries\/#respond"]}]},{"@type":"WebPage","@id":"https:\/\/vosgesinfo.fr\/gerardmerinfo\/2025\/05\/inscriptions-au-concours-des-maisons-fleuries\/","url":"https:\/\/vosgesinfo.fr\/gerardmerinfo\/2025\/05\/inscriptions-au-concours-des-maisons-fleuries\/","name":"Inscriptions au concours des Maisons Fleuries - Gerardmer Info","isPartOf":{"@id":"https:\/\/vosgesinfo.fr\/gerardmerinfo\/#website"},"primaryImageOfPage":{"@id":"https:\/\/vosgesinfo.fr\/gerardmerinfo\/2025\/05\/inscriptions-au-concours-des-maisons-fleuries\/#primaryimage"},"image":{"@id":"https:\/\/vosgesinfo.fr\/gerardmerinfo\/2025\/05\/inscriptions-au-concours-des-maisons-fleuries\/#primaryimage"},"thumbnailUrl":"https:\/\/vosgesinfo.fr\/app\/uploads\/sites\/6\/2024\/07\/202207maisons-fleuries-gerardmer-1.jpg","datePublished":"2025-05-27T15:36:03+00:00","dateModified":"2025-05-27T11:22:38+00:00","breadcrumb":{"@id":"https:\/\/vosgesinfo.fr\/gerardmerinfo\/2025\/05\/inscriptions-au-concours-des-maisons-fleuries\/#breadcrumb"},"inLanguage":"fr-FR","potentialAction":[{"@type":"ReadAction","target":["https:\/\/vosgesinfo.fr\/gerardmerinfo\/2025\/05\/inscriptions-au-concours-des-maisons-fleuries\/"]}]},{"@type":"ImageObject","inLanguage":"fr-FR","@id":"https:\/\/vosgesinfo.fr\/gerardmerinfo\/2025\/05\/inscriptions-au-concours-des-maisons-fleuries\/#primaryimage","url":"https:\/\/vosgesinfo.fr\/app\/uploads\/sites\/6\/2024\/07\/202207maisons-fleuries-gerardmer-1.jpg","contentUrl":"https:\/\/vosgesinfo.fr\/app\/uploads\/sites\/6\/2024\/07\/202207maisons-fleuries-gerardmer-1.jpg","width":1600,"height":1200},{"@type":"BreadcrumbList","@id":"https:\/\/vosgesinfo.fr\/gerardmerinfo\/2025\/05\/inscriptions-au-concours-des-maisons-fleuries\/#breadcrumb","itemListElement":[{"@type":"ListItem","position":1,"name":"Home","item":"https:\/\/vosgesinfo.fr\/gerardmerinfo\/"},{"@type":"ListItem","position":2,"name":"Inscriptions au concours des Maisons Fleuries"}]},{"@type":"WebSite","@id":"https:\/\/vosgesinfo.fr\/gerardmerinfo\/#website","url":"https:\/\/vosgesinfo.fr\/gerardmerinfo\/","name":"Gerardmer Info","description":"Toute l&#039;actualit\u00e9 de G\u00e9rardmer","publisher":{"@id":"https:\/\/vosgesinfo.fr\/gerardmerinfo\/#organization"},"alternateName":"Toute l'actualit\u00e9 de G\u00e9rardmer","potentialAction":[{"@type":"SearchAction","target":{"@type":"EntryPoint","urlTemplate":"https:\/\/vosgesinfo.fr\/gerardmerinfo\/?s={search_term_string}"},"query-input":"required name=search_term_string"}],"inLanguage":"fr-FR"},{"@type":"Organization","@id":"https:\/\/vosgesinfo.fr\/gerardmerinfo\/#organization","name":"Gerardmer Info","url":"https:\/\/vosgesinfo.fr\/gerardmerinfo\/","logo":{"@type":"ImageObject","inLanguage":"fr-FR","@id":"https:\/\/vosgesinfo.fr\/gerardmerinfo\/#\/schema\/logo\/image\/","url":"https:\/\/vosgesinfo.fr\/app\/uploads\/sites\/6\/2023\/08\/favicon-gerardmerinfo.png","contentUrl":"https:\/\/vosgesinfo.fr\/app\/uploads\/sites\/6\/2023\/08\/favicon-gerardmerinfo.png","width":512,"height":512,"caption":"Gerardmer Info"},"image":{"@id":"https:\/\/vosgesinfo.fr\/gerardmerinfo\/#\/schema\/logo\/image\/"},"sameAs":["https:\/\/www.facebook.com\/profile.php?id=100049475262660","https:\/\/x.com\/VosgesInfo88","https:\/\/www.youtube.com\/@vosgesinfo"]},{"@type":"Person","@id":"https:\/\/vosgesinfo.fr\/gerardmerinfo\/#\/schema\/person\/27a3695b06db98895b354c0765cdfc31","name":"La redaction","image":{"@type":"ImageObject","inLanguage":"fr-FR","@id":"https:\/\/vosgesinfo.fr\/gerardmerinfo\/#\/schema\/person\/image\/","url":"https:\/\/secure.gravatar.com\/avatar\/64c76a78e501cedee55736f43f332df901e1896ae9cd8fad269ae2236dd0e8b6?s=96&d=mm&r=g","contentUrl":"https:\/\/secure.gravatar.com\/avatar\/64c76a78e501cedee55736f43f332df901e1896ae9cd8fad269ae2236dd0e8b6?s=96&d=mm&r=g","caption":"La redaction"},"url":"https:\/\/vosgesinfo.fr\/gerardmerinfo\/author\/la-redaction\/"}]}},"_links":{"self":[{"href":"https:\/\/vosgesinfo.fr\/gerardmerinfo\/wp-json\/wp\/v2\/posts\/78530","targetHints":{"allow":["GET"]}}],"collection":[{"href":"https:\/\/vosgesinfo.fr\/gerardmerinfo\/wp-json\/wp\/v2\/posts"}],"about":[{"href":"https:\/\/vosgesinfo.fr\/gerardmerinfo\/wp-json\/wp\/v2\/types\/post"}],"author":[{"embeddable":true,"href":"https:\/\/vosgesinfo.fr\/gerardmerinfo\/wp-json\/wp\/v2\/users\/391"}],"replies":[{"embeddable":true,"href":"https:\/\/vosgesinfo.fr\/gerardmerinfo\/wp-json\/wp\/v2\/comments?post=78530"}],"version-history":[{"count":1,"href":"https:\/\/vosgesinfo.fr\/gerardmerinfo\/wp-json\/wp\/v2\/posts\/78530\/revisions"}],"predecessor-version":[{"id":78532,"href":"https:\/\/vosgesinfo.fr\/gerardmerinfo\/wp-json\/wp\/v2\/posts\/78530\/revisions\/78532"}],"wp:featuredmedia":[{"embeddable":true,"href":"https:\/\/vosgesinfo.fr\/gerardmerinfo\/wp-json\/wp\/v2\/media\/60778"}],"wp:attachment":[{"href":"https:\/\/vosgesinfo.fr\/gerardmerinfo\/wp-json\/wp\/v2\/media?parent=78530"}],"wp:term":[{"taxonomy":"category","embeddable":true,"href":"https:\/\/vosgesinfo.fr\/gerardmerinfo\/wp-json\/wp\/v2\/categories?post=78530"},{"taxonomy":"post_tag","embeddable":true,"href":"https:\/\/vosgesinfo.fr\/gerardmerinfo\/wp-json\/wp\/v2\/tags?post=78530"}],"curies":[{"name":"wp","href":"https:\/\/api.w.org\/{rel}","templated":true}]}}