{"id":78552,"date":"2025-05-27T20:34:20","date_gmt":"2025-05-27T18:34:20","guid":{"rendered":"https:\/\/vosgesinfo.fr\/gerardmerinfo\/?p=78552"},"modified":"2025-05-27T20:34:20","modified_gmt":"2025-05-27T18:34:20","slug":"voici-quelques-conseils-malins-pour-ameliorer-son-passage-en-decheterie","status":"publish","type":"post","link":"https:\/\/vosgesinfo.fr\/gerardmerinfo\/2025\/05\/voici-quelques-conseils-malins-pour-ameliorer-son-passage-en-decheterie\/","title":{"rendered":"Voici quelques conseils malins pour am\u00e9liorer son passage en d\u00e9ch\u00e8terie."},"content":{"rendered":"<p><a href=\"https:\/\/vosgesinfo.fr\/app\/uploads\/sites\/3\/2025\/05\/photo-premium-separer-trier-recycler.-partout-tout-le-temps-decheterie-21.png\"><img decoding=\"async\" class=\"aligncenter size-large wp-image-132372\" src=\"https:\/\/vosgesinfo.fr\/app\/uploads\/sites\/3\/2025\/05\/photo-premium-separer-trier-recycler.-partout-tout-le-temps-decheterie-21-1024x576.png\" alt=\"\" width=\"1024\" height=\"576\" \/><\/a><\/p>\n<p align=\"justify\">\n<p align=\"justify\">Se rendre en d\u00e9ch\u00e8terie, c\u2019est bien. Trier ses d\u00e9chets avant d\u2019y aller, c\u2019est encore mieux ! Un bon tri en amont permet de faciliter votre passage, d\u2019optimiser le recyclage des mati\u00e8res et de rendre le travail des gardiens plus efficace. Voici quelques astuces simples pour bien vous organiser avant de prendre la route.<\/p>\n<p align=\"justify\">\n<p align=\"justify\"><b>1. Pr\u00e9parez votre v\u00e9hicule intelligemment<\/b><\/p>\n<p align=\"justify\">Placez les mat\u00e9riaux <b>les plus volumineux en premier<\/b> dans votre v\u00e9hicule. Conditionnez vos objets dans des bacs, des cartons ou des sceaux. Un gain de temps assur\u00e9 !<br \/>\n<b>Pensez aussi \u00e0 couvrir votre remorque<\/b> pour \u00e9viter que des objets ne s\u2019envolent et ne finissent sur la route.<\/p>\n<p><b>2. S\u00e9parez bien vos d\u00e9chets pour un tri optimal<\/b><\/p>\n<p><b>Cartons<\/b> : Pliez-les et enlevez le polystyr\u00e8ne ou les films plastiques avant de les d\u00e9poser.<\/p>\n<p><b>Meubles et objets volumineux<\/b> : Si possible, d\u00e9montez-les pour s\u00e9parer le bois, le m\u00e9tal et le plastique.<\/p>\n<p><b>D\u00e9chets dangereux (peintures, solvants, huiles, batteries\u2026)<\/b> : Laissez les \u00e9tiquettes intactes ou \u00e9crivez le nom du produit pour une identification facile et un traitement s\u00e9curis\u00e9.<\/p>\n<p><b>3. Attention \u00e0 la benne tout-venant !<\/b><\/p>\n<p>Contrairement aux id\u00e9es re\u00e7ues, les d\u00e9chets d\u00e9pos\u00e9s dans la benne <b>\u00ab\u00a0Mat\u00e9riaux non recyclables\u00a0\u00bb ne sont pas retri\u00e9s<\/b>. Ils sont directement envoy\u00e9s \u00e0 l\u2019usine de valorisation \u00e9nerg\u00e9tique de Rambervillers pour \u00eatre incin\u00e9r\u00e9s. Pensez donc \u00e0 trier au maximum avant d\u2019y recourir ! Il y a peut-\u00eatre des d\u00e9chets qui peuvent \u00eatre recycl\u00e9s et aller dans des bennes d\u00e9di\u00e9es \u00e0 certains produits.<\/p>\n<p><b>4. Nouveaut\u00e9 2025 : tri des mat\u00e9riaux de construction<\/b><\/p>\n<p>Depuis janvier 2025, une nouvelle fili\u00e8re de recyclage permet de trier les <b>Produits et Mat\u00e9riaux de Construction du B\u00e2timent (PMCB)<\/b>, comme la laine de verre, la laine de roche, les menuiseries vitr\u00e9es, le plastique, le bois, le pl\u00e2tre. Renseignez-vous aupr\u00e8s de votre d\u00e9ch\u00e8terie pour savoir o\u00f9 les d\u00e9poser.<\/p>\n<p><b>5. Avant de jeter\u2026 pensez au r\u00e9emploi !<\/b><\/p>\n<p>Un meuble encore en bon \u00e9tat ? Un \u00e9lectrom\u00e9nager qui fonctionne ? Avant de les d\u00e9poser en d\u00e9ch\u00e8terie, <b>pensez \u00e0 donner, vendre ou r\u00e9parer ! <\/b>Renseignez-vous aupr\u00e8s de votre d\u00e9ch\u00e8terie, des zones de r\u00e9emploi existent. Les ressourceries, associations et plateformes de dons permettent de prolonger la vie de nombreux objets.<\/p>\n<p>Un bon tri en amont, c\u2019est du temps gagn\u00e9 pour vous, du travail facilit\u00e9 pour les gardiens, et surtout un recyclage plus efficace ! Alors, \u00e0 vos sacs, cartons et bacs de tri\u2026 et \u00e0 bient\u00f4t en d\u00e9ch\u00e8terie !<\/p>\n<p>&nbsp;<\/p>\n<h3 style=\"text-align: center;\"><span style=\"font-size: 14pt; color: #3366ff;\">S\u00e9parer, trier, recycler. Partout, tout le temps\u00a0!<\/span><\/h3>\n<p>&nbsp;<\/p>\n<p><a href=\"https:\/\/vosgesinfo.fr\/app\/uploads\/sites\/3\/2025\/05\/evodia-juin-visu-2.png\"><img decoding=\"async\" class=\"aligncenter size-full wp-image-132373\" src=\"https:\/\/vosgesinfo.fr\/app\/uploads\/sites\/3\/2025\/05\/evodia-juin-visu-2.png\" alt=\"\" width=\"610\" height=\"756\" \/><\/a><\/p>\n","protected":false},"excerpt":{"rendered":"<p>Se rendre en d\u00e9ch\u00e8terie, c\u2019est bien. Trier ses d\u00e9chets avant d\u2019y aller, c\u2019est encore mieux ! Un bon tri en [&hellip;]<\/p>\n","protected":false},"author":391,"featured_media":78553,"comment_status":"open","ping_status":"open","sticky":false,"template":"","format":"standard","meta":{"footnotes":""},"categories":[20,7,878,25,328,11,21,868,946],"tags":[531],"class_list":["post-78552","post","type-post","status-publish","format-standard","has-post-thumbnail","hentry","category-a-la-une","category-environnement","category-epinal","category-gerardmer","category-la-plaine-des-vosges","category-publi-reportage","category-publireportage","category-remiremont","category-saint-die","tag-evodia"],"acf":[],"yoast_head":"<!-- This site is optimized with the Yoast SEO plugin v22.5 - https:\/\/yoast.com\/wordpress\/plugins\/seo\/ -->\n<title>Voici quelques conseils malins pour am\u00e9liorer son passage en d\u00e9ch\u00e8terie. - Gerardmer Info<\/title>\n<meta name=\"robots\" content=\"index, follow, max-snippet:-1, max-image-preview:large, max-video-preview:-1\" \/>\n<link rel=\"canonical\" href=\"https:\/\/vosgesinfo.fr\/gerardmerinfo\/2025\/05\/voici-quelques-conseils-malins-pour-ameliorer-son-passage-en-decheterie\/\" \/>\n<meta name=\"twitter:card\" content=\"summary_large_image\" \/>\n<meta name=\"twitter:title\" content=\"Voici quelques conseils malins pour am\u00e9liorer son passage en d\u00e9ch\u00e8terie. - Gerardmer Info\" \/>\n<meta name=\"twitter:description\" content=\"Se rendre en d\u00e9ch\u00e8terie, c\u2019est bien. Trier ses d\u00e9chets avant d\u2019y aller, c\u2019est encore mieux ! Un bon tri en [&hellip;]\" \/>\n<meta name=\"twitter:image\" content=\"https:\/\/vosgesinfo.fr\/app\/uploads\/sites\/6\/2025\/05\/photo-premium-separer-trier-recycler.-partout-tout-le-temps-decheterie-21.png\" \/>\n<meta name=\"twitter:creator\" content=\"@VosgesInfo88\" \/>\n<meta name=\"twitter:site\" content=\"@VosgesInfo88\" \/>\n<meta name=\"twitter:label1\" content=\"\u00c9crit par\" \/>\n\t<meta name=\"twitter:data1\" content=\"La redaction\" \/>\n\t<meta name=\"twitter:label2\" content=\"Dur\u00e9e de lecture estim\u00e9e\" \/>\n\t<meta name=\"twitter:data2\" content=\"2 minutes\" \/>\n<script type=\"application\/ld+json\" class=\"yoast-schema-graph\">{\"@context\":\"https:\/\/schema.org\",\"@graph\":[{\"@type\":\"Article\",\"@id\":\"https:\/\/vosgesinfo.fr\/gerardmerinfo\/2025\/05\/voici-quelques-conseils-malins-pour-ameliorer-son-passage-en-decheterie\/#article\",\"isPartOf\":{\"@id\":\"https:\/\/vosgesinfo.fr\/gerardmerinfo\/2025\/05\/voici-quelques-conseils-malins-pour-ameliorer-son-passage-en-decheterie\/\"},\"author\":{\"name\":\"La redaction\",\"@id\":\"https:\/\/vosgesinfo.fr\/gerardmerinfo\/#\/schema\/person\/27a3695b06db98895b354c0765cdfc31\"},\"headline\":\"Voici quelques conseils malins pour am\u00e9liorer son passage en d\u00e9ch\u00e8terie.\",\"datePublished\":\"2025-05-27T18:34:20+00:00\",\"dateModified\":\"2025-05-27T18:34:20+00:00\",\"mainEntityOfPage\":{\"@id\":\"https:\/\/vosgesinfo.fr\/gerardmerinfo\/2025\/05\/voici-quelques-conseils-malins-pour-ameliorer-son-passage-en-decheterie\/\"},\"wordCount\":450,\"commentCount\":0,\"publisher\":{\"@id\":\"https:\/\/vosgesinfo.fr\/gerardmerinfo\/#organization\"},\"image\":{\"@id\":\"https:\/\/vosgesinfo.fr\/gerardmerinfo\/2025\/05\/voici-quelques-conseils-malins-pour-ameliorer-son-passage-en-decheterie\/#primaryimage\"},\"thumbnailUrl\":\"https:\/\/vosgesinfo.fr\/app\/uploads\/sites\/6\/2025\/05\/photo-premium-separer-trier-recycler.-partout-tout-le-temps-decheterie-21.png\",\"keywords\":[\"Evodia\"],\"articleSection\":[\"A la une\",\"Environnement\",\"Epinal\",\"G\u00e9rardmer\",\"La plaine des vosges\",\"Publi-reportage\",\"Publireportage\",\"Remiremont\",\"Saint-di\u00e9\"],\"inLanguage\":\"fr-FR\",\"potentialAction\":[{\"@type\":\"CommentAction\",\"name\":\"Comment\",\"target\":[\"https:\/\/vosgesinfo.fr\/gerardmerinfo\/2025\/05\/voici-quelques-conseils-malins-pour-ameliorer-son-passage-en-decheterie\/#respond\"]}]},{\"@type\":\"WebPage\",\"@id\":\"https:\/\/vosgesinfo.fr\/gerardmerinfo\/2025\/05\/voici-quelques-conseils-malins-pour-ameliorer-son-passage-en-decheterie\/\",\"url\":\"https:\/\/vosgesinfo.fr\/gerardmerinfo\/2025\/05\/voici-quelques-conseils-malins-pour-ameliorer-son-passage-en-decheterie\/\",\"name\":\"Voici quelques conseils malins pour am\u00e9liorer son passage en d\u00e9ch\u00e8terie. - Gerardmer Info\",\"isPartOf\":{\"@id\":\"https:\/\/vosgesinfo.fr\/gerardmerinfo\/#website\"},\"primaryImageOfPage\":{\"@id\":\"https:\/\/vosgesinfo.fr\/gerardmerinfo\/2025\/05\/voici-quelques-conseils-malins-pour-ameliorer-son-passage-en-decheterie\/#primaryimage\"},\"image\":{\"@id\":\"https:\/\/vosgesinfo.fr\/gerardmerinfo\/2025\/05\/voici-quelques-conseils-malins-pour-ameliorer-son-passage-en-decheterie\/#primaryimage\"},\"thumbnailUrl\":\"https:\/\/vosgesinfo.fr\/app\/uploads\/sites\/6\/2025\/05\/photo-premium-separer-trier-recycler.-partout-tout-le-temps-decheterie-21.png\",\"datePublished\":\"2025-05-27T18:34:20+00:00\",\"dateModified\":\"2025-05-27T18:34:20+00:00\",\"breadcrumb\":{\"@id\":\"https:\/\/vosgesinfo.fr\/gerardmerinfo\/2025\/05\/voici-quelques-conseils-malins-pour-ameliorer-son-passage-en-decheterie\/#breadcrumb\"},\"inLanguage\":\"fr-FR\",\"potentialAction\":[{\"@type\":\"ReadAction\",\"target\":[\"https:\/\/vosgesinfo.fr\/gerardmerinfo\/2025\/05\/voici-quelques-conseils-malins-pour-ameliorer-son-passage-en-decheterie\/\"]}]},{\"@type\":\"ImageObject\",\"inLanguage\":\"fr-FR\",\"@id\":\"https:\/\/vosgesinfo.fr\/gerardmerinfo\/2025\/05\/voici-quelques-conseils-malins-pour-ameliorer-son-passage-en-decheterie\/#primaryimage\",\"url\":\"https:\/\/vosgesinfo.fr\/app\/uploads\/sites\/6\/2025\/05\/photo-premium-separer-trier-recycler.-partout-tout-le-temps-decheterie-21.png\",\"contentUrl\":\"https:\/\/vosgesinfo.fr\/app\/uploads\/sites\/6\/2025\/05\/photo-premium-separer-trier-recycler.-partout-tout-le-temps-decheterie-21.png\",\"width\":1600,\"height\":900},{\"@type\":\"BreadcrumbList\",\"@id\":\"https:\/\/vosgesinfo.fr\/gerardmerinfo\/2025\/05\/voici-quelques-conseils-malins-pour-ameliorer-son-passage-en-decheterie\/#breadcrumb\",\"itemListElement\":[{\"@type\":\"ListItem\",\"position\":1,\"name\":\"Home\",\"item\":\"https:\/\/vosgesinfo.fr\/gerardmerinfo\/\"},{\"@type\":\"ListItem\",\"position\":2,\"name\":\"Voici quelques conseils malins pour am\u00e9liorer son passage en d\u00e9ch\u00e8terie.\"}]},{\"@type\":\"WebSite\",\"@id\":\"https:\/\/vosgesinfo.fr\/gerardmerinfo\/#website\",\"url\":\"https:\/\/vosgesinfo.fr\/gerardmerinfo\/\",\"name\":\"Gerardmer Info\",\"description\":\"Toute l&#039;actualit\u00e9 de G\u00e9rardmer\",\"publisher\":{\"@id\":\"https:\/\/vosgesinfo.fr\/gerardmerinfo\/#organization\"},\"alternateName\":\"Toute l'actualit\u00e9 de G\u00e9rardmer\",\"potentialAction\":[{\"@type\":\"SearchAction\",\"target\":{\"@type\":\"EntryPoint\",\"urlTemplate\":\"https:\/\/vosgesinfo.fr\/gerardmerinfo\/?s={search_term_string}\"},\"query-input\":\"required name=search_term_string\"}],\"inLanguage\":\"fr-FR\"},{\"@type\":\"Organization\",\"@id\":\"https:\/\/vosgesinfo.fr\/gerardmerinfo\/#organization\",\"name\":\"Gerardmer Info\",\"url\":\"https:\/\/vosgesinfo.fr\/gerardmerinfo\/\",\"logo\":{\"@type\":\"ImageObject\",\"inLanguage\":\"fr-FR\",\"@id\":\"https:\/\/vosgesinfo.fr\/gerardmerinfo\/#\/schema\/logo\/image\/\",\"url\":\"https:\/\/vosgesinfo.fr\/app\/uploads\/sites\/6\/2023\/08\/favicon-gerardmerinfo.png\",\"contentUrl\":\"https:\/\/vosgesinfo.fr\/app\/uploads\/sites\/6\/2023\/08\/favicon-gerardmerinfo.png\",\"width\":512,\"height\":512,\"caption\":\"Gerardmer Info\"},\"image\":{\"@id\":\"https:\/\/vosgesinfo.fr\/gerardmerinfo\/#\/schema\/logo\/image\/\"},\"sameAs\":[\"https:\/\/www.facebook.com\/profile.php?id=100049475262660\",\"https:\/\/x.com\/VosgesInfo88\",\"https:\/\/www.youtube.com\/@vosgesinfo\"]},{\"@type\":\"Person\",\"@id\":\"https:\/\/vosgesinfo.fr\/gerardmerinfo\/#\/schema\/person\/27a3695b06db98895b354c0765cdfc31\",\"name\":\"La redaction\",\"image\":{\"@type\":\"ImageObject\",\"inLanguage\":\"fr-FR\",\"@id\":\"https:\/\/vosgesinfo.fr\/gerardmerinfo\/#\/schema\/person\/image\/\",\"url\":\"https:\/\/secure.gravatar.com\/avatar\/64c76a78e501cedee55736f43f332df901e1896ae9cd8fad269ae2236dd0e8b6?s=96&d=mm&r=g\",\"contentUrl\":\"https:\/\/secure.gravatar.com\/avatar\/64c76a78e501cedee55736f43f332df901e1896ae9cd8fad269ae2236dd0e8b6?s=96&d=mm&r=g\",\"caption\":\"La redaction\"},\"url\":\"https:\/\/vosgesinfo.fr\/gerardmerinfo\/author\/la-redaction\/\"}]}<\/script>\n<!-- \/ Yoast SEO plugin. -->","yoast_head_json":{"title":"Voici quelques conseils malins pour am\u00e9liorer son passage en d\u00e9ch\u00e8terie. - Gerardmer Info","robots":{"index":"index","follow":"follow","max-snippet":"max-snippet:-1","max-image-preview":"max-image-preview:large","max-video-preview":"max-video-preview:-1"},"canonical":"https:\/\/vosgesinfo.fr\/gerardmerinfo\/2025\/05\/voici-quelques-conseils-malins-pour-ameliorer-son-passage-en-decheterie\/","twitter_card":"summary_large_image","twitter_title":"Voici quelques conseils malins pour am\u00e9liorer son passage en d\u00e9ch\u00e8terie. - Gerardmer Info","twitter_description":"Se rendre en d\u00e9ch\u00e8terie, c\u2019est bien. Trier ses d\u00e9chets avant d\u2019y aller, c\u2019est encore mieux ! Un bon tri en [&hellip;]","twitter_image":"https:\/\/vosgesinfo.fr\/app\/uploads\/sites\/6\/2025\/05\/photo-premium-separer-trier-recycler.-partout-tout-le-temps-decheterie-21.png","twitter_creator":"@VosgesInfo88","twitter_site":"@VosgesInfo88","twitter_misc":{"\u00c9crit par":"La redaction","Dur\u00e9e de lecture estim\u00e9e":"2 minutes"},"schema":{"@context":"https:\/\/schema.org","@graph":[{"@type":"Article","@id":"https:\/\/vosgesinfo.fr\/gerardmerinfo\/2025\/05\/voici-quelques-conseils-malins-pour-ameliorer-son-passage-en-decheterie\/#article","isPartOf":{"@id":"https:\/\/vosgesinfo.fr\/gerardmerinfo\/2025\/05\/voici-quelques-conseils-malins-pour-ameliorer-son-passage-en-decheterie\/"},"author":{"name":"La redaction","@id":"https:\/\/vosgesinfo.fr\/gerardmerinfo\/#\/schema\/person\/27a3695b06db98895b354c0765cdfc31"},"headline":"Voici quelques conseils malins pour am\u00e9liorer son passage en d\u00e9ch\u00e8terie.","datePublished":"2025-05-27T18:34:20+00:00","dateModified":"2025-05-27T18:34:20+00:00","mainEntityOfPage":{"@id":"https:\/\/vosgesinfo.fr\/gerardmerinfo\/2025\/05\/voici-quelques-conseils-malins-pour-ameliorer-son-passage-en-decheterie\/"},"wordCount":450,"commentCount":0,"publisher":{"@id":"https:\/\/vosgesinfo.fr\/gerardmerinfo\/#organization"},"image":{"@id":"https:\/\/vosgesinfo.fr\/gerardmerinfo\/2025\/05\/voici-quelques-conseils-malins-pour-ameliorer-son-passage-en-decheterie\/#primaryimage"},"thumbnailUrl":"https:\/\/vosgesinfo.fr\/app\/uploads\/sites\/6\/2025\/05\/photo-premium-separer-trier-recycler.-partout-tout-le-temps-decheterie-21.png","keywords":["Evodia"],"articleSection":["A la une","Environnement","Epinal","G\u00e9rardmer","La plaine des vosges","Publi-reportage","Publireportage","Remiremont","Saint-di\u00e9"],"inLanguage":"fr-FR","potentialAction":[{"@type":"CommentAction","name":"Comment","target":["https:\/\/vosgesinfo.fr\/gerardmerinfo\/2025\/05\/voici-quelques-conseils-malins-pour-ameliorer-son-passage-en-decheterie\/#respond"]}]},{"@type":"WebPage","@id":"https:\/\/vosgesinfo.fr\/gerardmerinfo\/2025\/05\/voici-quelques-conseils-malins-pour-ameliorer-son-passage-en-decheterie\/","url":"https:\/\/vosgesinfo.fr\/gerardmerinfo\/2025\/05\/voici-quelques-conseils-malins-pour-ameliorer-son-passage-en-decheterie\/","name":"Voici quelques conseils malins pour am\u00e9liorer son passage en d\u00e9ch\u00e8terie. - Gerardmer Info","isPartOf":{"@id":"https:\/\/vosgesinfo.fr\/gerardmerinfo\/#website"},"primaryImageOfPage":{"@id":"https:\/\/vosgesinfo.fr\/gerardmerinfo\/2025\/05\/voici-quelques-conseils-malins-pour-ameliorer-son-passage-en-decheterie\/#primaryimage"},"image":{"@id":"https:\/\/vosgesinfo.fr\/gerardmerinfo\/2025\/05\/voici-quelques-conseils-malins-pour-ameliorer-son-passage-en-decheterie\/#primaryimage"},"thumbnailUrl":"https:\/\/vosgesinfo.fr\/app\/uploads\/sites\/6\/2025\/05\/photo-premium-separer-trier-recycler.-partout-tout-le-temps-decheterie-21.png","datePublished":"2025-05-27T18:34:20+00:00","dateModified":"2025-05-27T18:34:20+00:00","breadcrumb":{"@id":"https:\/\/vosgesinfo.fr\/gerardmerinfo\/2025\/05\/voici-quelques-conseils-malins-pour-ameliorer-son-passage-en-decheterie\/#breadcrumb"},"inLanguage":"fr-FR","potentialAction":[{"@type":"ReadAction","target":["https:\/\/vosgesinfo.fr\/gerardmerinfo\/2025\/05\/voici-quelques-conseils-malins-pour-ameliorer-son-passage-en-decheterie\/"]}]},{"@type":"ImageObject","inLanguage":"fr-FR","@id":"https:\/\/vosgesinfo.fr\/gerardmerinfo\/2025\/05\/voici-quelques-conseils-malins-pour-ameliorer-son-passage-en-decheterie\/#primaryimage","url":"https:\/\/vosgesinfo.fr\/app\/uploads\/sites\/6\/2025\/05\/photo-premium-separer-trier-recycler.-partout-tout-le-temps-decheterie-21.png","contentUrl":"https:\/\/vosgesinfo.fr\/app\/uploads\/sites\/6\/2025\/05\/photo-premium-separer-trier-recycler.-partout-tout-le-temps-decheterie-21.png","width":1600,"height":900},{"@type":"BreadcrumbList","@id":"https:\/\/vosgesinfo.fr\/gerardmerinfo\/2025\/05\/voici-quelques-conseils-malins-pour-ameliorer-son-passage-en-decheterie\/#breadcrumb","itemListElement":[{"@type":"ListItem","position":1,"name":"Home","item":"https:\/\/vosgesinfo.fr\/gerardmerinfo\/"},{"@type":"ListItem","position":2,"name":"Voici quelques conseils malins pour am\u00e9liorer son passage en d\u00e9ch\u00e8terie."}]},{"@type":"WebSite","@id":"https:\/\/vosgesinfo.fr\/gerardmerinfo\/#website","url":"https:\/\/vosgesinfo.fr\/gerardmerinfo\/","name":"Gerardmer Info","description":"Toute l&#039;actualit\u00e9 de G\u00e9rardmer","publisher":{"@id":"https:\/\/vosgesinfo.fr\/gerardmerinfo\/#organization"},"alternateName":"Toute l'actualit\u00e9 de G\u00e9rardmer","potentialAction":[{"@type":"SearchAction","target":{"@type":"EntryPoint","urlTemplate":"https:\/\/vosgesinfo.fr\/gerardmerinfo\/?s={search_term_string}"},"query-input":"required name=search_term_string"}],"inLanguage":"fr-FR"},{"@type":"Organization","@id":"https:\/\/vosgesinfo.fr\/gerardmerinfo\/#organization","name":"Gerardmer Info","url":"https:\/\/vosgesinfo.fr\/gerardmerinfo\/","logo":{"@type":"ImageObject","inLanguage":"fr-FR","@id":"https:\/\/vosgesinfo.fr\/gerardmerinfo\/#\/schema\/logo\/image\/","url":"https:\/\/vosgesinfo.fr\/app\/uploads\/sites\/6\/2023\/08\/favicon-gerardmerinfo.png","contentUrl":"https:\/\/vosgesinfo.fr\/app\/uploads\/sites\/6\/2023\/08\/favicon-gerardmerinfo.png","width":512,"height":512,"caption":"Gerardmer Info"},"image":{"@id":"https:\/\/vosgesinfo.fr\/gerardmerinfo\/#\/schema\/logo\/image\/"},"sameAs":["https:\/\/www.facebook.com\/profile.php?id=100049475262660","https:\/\/x.com\/VosgesInfo88","https:\/\/www.youtube.com\/@vosgesinfo"]},{"@type":"Person","@id":"https:\/\/vosgesinfo.fr\/gerardmerinfo\/#\/schema\/person\/27a3695b06db98895b354c0765cdfc31","name":"La redaction","image":{"@type":"ImageObject","inLanguage":"fr-FR","@id":"https:\/\/vosgesinfo.fr\/gerardmerinfo\/#\/schema\/person\/image\/","url":"https:\/\/secure.gravatar.com\/avatar\/64c76a78e501cedee55736f43f332df901e1896ae9cd8fad269ae2236dd0e8b6?s=96&d=mm&r=g","contentUrl":"https:\/\/secure.gravatar.com\/avatar\/64c76a78e501cedee55736f43f332df901e1896ae9cd8fad269ae2236dd0e8b6?s=96&d=mm&r=g","caption":"La redaction"},"url":"https:\/\/vosgesinfo.fr\/gerardmerinfo\/author\/la-redaction\/"}]}},"_links":{"self":[{"href":"https:\/\/vosgesinfo.fr\/gerardmerinfo\/wp-json\/wp\/v2\/posts\/78552","targetHints":{"allow":["GET"]}}],"collection":[{"href":"https:\/\/vosgesinfo.fr\/gerardmerinfo\/wp-json\/wp\/v2\/posts"}],"about":[{"href":"https:\/\/vosgesinfo.fr\/gerardmerinfo\/wp-json\/wp\/v2\/types\/post"}],"author":[{"embeddable":true,"href":"https:\/\/vosgesinfo.fr\/gerardmerinfo\/wp-json\/wp\/v2\/users\/391"}],"replies":[{"embeddable":true,"href":"https:\/\/vosgesinfo.fr\/gerardmerinfo\/wp-json\/wp\/v2\/comments?post=78552"}],"version-history":[{"count":0,"href":"https:\/\/vosgesinfo.fr\/gerardmerinfo\/wp-json\/wp\/v2\/posts\/78552\/revisions"}],"wp:featuredmedia":[{"embeddable":true,"href":"https:\/\/vosgesinfo.fr\/gerardmerinfo\/wp-json\/wp\/v2\/media\/78553"}],"wp:attachment":[{"href":"https:\/\/vosgesinfo.fr\/gerardmerinfo\/wp-json\/wp\/v2\/media?parent=78552"}],"wp:term":[{"taxonomy":"category","embeddable":true,"href":"https:\/\/vosgesinfo.fr\/gerardmerinfo\/wp-json\/wp\/v2\/categories?post=78552"},{"taxonomy":"post_tag","embeddable":true,"href":"https:\/\/vosgesinfo.fr\/gerardmerinfo\/wp-json\/wp\/v2\/tags?post=78552"}],"curies":[{"name":"wp","href":"https:\/\/api.w.org\/{rel}","templated":true}]}}