{"id":78564,"date":"2025-05-28T09:10:01","date_gmt":"2025-05-28T07:10:01","guid":{"rendered":"https:\/\/vosgesinfo.fr\/gerardmerinfo\/?p=78564"},"modified":"2025-05-28T09:10:01","modified_gmt":"2025-05-28T07:10:01","slug":"visite-dans-les-vosges-de-bruno-bonnell-secretaire-general-pour-linvestissement","status":"publish","type":"post","link":"https:\/\/vosgesinfo.fr\/gerardmerinfo\/2025\/05\/visite-dans-les-vosges-de-bruno-bonnell-secretaire-general-pour-linvestissement\/","title":{"rendered":"Visite dans les Vosges de Bruno Bonnell, Secr\u00e9taire g\u00e9n\u00e9ral pour l\u2019investissement"},"content":{"rendered":"<p><a href=\"https:\/\/vosgesinfo.fr\/app\/uploads\/sites\/3\/2025\/05\/bruno-bonnell-021-scaled.jpg\"><img decoding=\"async\" class=\"alignnone size-full wp-image-132386\" src=\"https:\/\/vosgesinfo.fr\/app\/uploads\/sites\/3\/2025\/05\/bruno-bonnell-021-scaled.jpg\" alt=\"\" width=\"2560\" height=\"1707\" \/><\/a>M. Bruno Bonnell, Secr\u00e9taire g\u00e9n\u00e9ral pour l\u2019investissement, \u00e9tait en visite le jeudi 15 mai dans les Vosges. Accueilli par Mme Val\u00e9rie Michel-Moreaux, pr\u00e9f\u00e8te du d\u00e9partement, il a consacr\u00e9 cette journ\u00e9e \u00e0 la rencontre d\u2019acteurs \u00e9conomiques, industriels et acad\u00e9miques fortement impliqu\u00e9s dans les transformations en cours du territoire, dans le cadre du plan France 2030.<br \/>\nTrois entreprises embl\u00e9matiques visit\u00e9es Le programme a permis de mettre en valeur plusieurs projets industriels et technologiques majeurs soutenus par l\u2019\u00c9tat dans le d\u00e9partement :<br \/>\n\u2022 Innothera \u00e0 Nomexy (textile m\u00e9dical),<br \/>\n\u2022 Fives Cryo \u00e0 Golbey (\u00e9quipements cryog\u00e9niques),<br \/>\n\u2022 Scierie Lemaire \u00e0 La Petite Raon (transformation du bois).<br \/>\nCes visites ont illustr\u00e9 des enjeux concrets du plan France 2030 : soutien \u00e0 la d\u00e9carbonation, d\u00e9veloppement de technologies industrielles de pointe, souverainet\u00e9 des fili\u00e8res strat\u00e9giques et transformation des comp\u00e9tences.<br \/>\n\u00c0 l\u2019H\u00f4tel de la pr\u00e9fecture ont ensuite \u00e9t\u00e9 r\u00e9uni des repr\u00e9sentants de l\u2019enseignement sup\u00e9rieur, de la recherche et de la formation professionnelle : CIRTES, CRITT Bois, ENSTIB, Mauffrey Academy, ainsi que les responsables du programme \u00ab\u00a0Territoire Num\u00e9rique \u00c9ducatif\u00a0\u00bb. Les \u00e9changes ont port\u00e9 sur les synergies locales autour des m\u00e9tiers d\u2019avenir et sur l\u2019appui de l\u2019\u00c9tat pour renforcer les comp\u00e9tences industrielles du territoire.<br \/>\nFrance 2030 : un levier national d\u2019investissement pour transformer durablement l\u2019\u00e9conomie Lanc\u00e9 en 2021 par le pr\u00e9sident de la R\u00e9publique, France 2030 est un plan d\u2019investissement de 54 milliards d\u2019euros, visant \u00e0 :<br \/>\n\u2022 soutenir la r\u00e9industrialisation,<br \/>\n\u2022 acc\u00e9l\u00e9rer la transition \u00e9cologique,<br \/>\n\u2022 d\u00e9velopper les talents et les comp\u00e9tences,<br \/>\n\u2022 garantir l\u2019autonomie technologique de la France<br \/>\nSix leviers structurent ce plan : acc\u00e8s aux mati\u00e8res premi\u00e8res et composants strat\u00e9giques, formation, num\u00e9rique souverain, excellence de la recherche, industrialisation des startups.<br \/>\n\u00c0 ce jour, France 2030 a permis :<br \/>\n\u2022 plus de 38 milliards d\u2019euros investis,<br \/>\n\u2022 7 500 projets soutenus,<br \/>\n\u2022 155 000 emplois cr\u00e9\u00e9s,<br \/>\n\u2022 6 000 brevets d\u00e9pos\u00e9s,<br \/>\n\u2022 100 000 personnes form\u00e9es en 2024, avec un objectif de 400 000 par an \u00e0 horizon 2030.<br \/>\n<strong>Des retomb\u00e9es concr\u00e8tes dans les Vosges<\/strong><br \/>\nDans les Vosges, 34 projets ont d\u00e9j\u00e0 \u00e9t\u00e9 accompagn\u00e9s, repr\u00e9sentant pr\u00e8s de 63 millions d\u2019euros d\u2019aides, soit 6 % des montants mobilis\u00e9s dans le Grand Est.<br \/>\nLes projets soutenus couvrent des th\u00e9matiques strat\u00e9giques : d\u00e9carbonation industrielle, modernisation de la fili\u00e8re bois, production locale de mat\u00e9riaux, sant\u00e9, innovation num\u00e9rique. La majorit\u00e9 des b\u00e9n\u00e9ficiaires sont des entreprises industrielles, avec \u00e9galement la participation d\u2019\u00e9tablissements publics de recherche et de collectivit\u00e9s locales.<br \/>\nFrance 2030 est un engagement fort de l\u2019\u00c9tat pour anticiper les transitions, s\u00e9curiser les fili\u00e8res strat\u00e9giques et faire \u00e9merger les technologies de demain, au c\u0153ur des territoires.<br \/>\nCette visite dans les Vosges illustre l\u2019accompagnement direct de l\u2019\u00c9tat pour porter cette ambition avec les entreprises, les centres de formation et les collectivit\u00e9s locales.<\/p>\n","protected":false},"excerpt":{"rendered":"<p>M. Bruno Bonnell, Secr\u00e9taire g\u00e9n\u00e9ral pour l\u2019investissement, \u00e9tait en visite le jeudi 15 mai dans les Vosges. Accueilli par Mme [&hellip;]<\/p>\n","protected":false},"author":39,"featured_media":78565,"comment_status":"open","ping_status":"open","sticky":false,"template":"","format":"standard","meta":{"footnotes":""},"categories":[20,878,25,328,868,946],"tags":[],"class_list":["post-78564","post","type-post","status-publish","format-standard","has-post-thumbnail","hentry","category-a-la-une","category-epinal","category-gerardmer","category-la-plaine-des-vosges","category-remiremont","category-saint-die"],"acf":[],"yoast_head":"<!-- This site is optimized with the Yoast SEO plugin v22.5 - https:\/\/yoast.com\/wordpress\/plugins\/seo\/ -->\n<title>Visite dans les Vosges de Bruno Bonnell, Secr\u00e9taire g\u00e9n\u00e9ral pour l\u2019investissement - Gerardmer Info<\/title>\n<meta name=\"robots\" content=\"index, follow, max-snippet:-1, max-image-preview:large, max-video-preview:-1\" \/>\n<link rel=\"canonical\" href=\"https:\/\/vosgesinfo.fr\/gerardmerinfo\/2025\/05\/visite-dans-les-vosges-de-bruno-bonnell-secretaire-general-pour-linvestissement\/\" \/>\n<meta name=\"twitter:card\" content=\"summary_large_image\" \/>\n<meta name=\"twitter:title\" content=\"Visite dans les Vosges de Bruno Bonnell, Secr\u00e9taire g\u00e9n\u00e9ral pour l\u2019investissement - Gerardmer Info\" \/>\n<meta name=\"twitter:description\" content=\"M. Bruno Bonnell, Secr\u00e9taire g\u00e9n\u00e9ral pour l\u2019investissement, \u00e9tait en visite le jeudi 15 mai dans les Vosges. Accueilli par Mme [&hellip;]\" \/>\n<meta name=\"twitter:image\" content=\"https:\/\/vosgesinfo.fr\/app\/uploads\/sites\/6\/2025\/05\/bruno-bonnell-021-scaled-1.jpg\" \/>\n<meta name=\"twitter:creator\" content=\"@VosgesInfo88\" \/>\n<meta name=\"twitter:site\" content=\"@VosgesInfo88\" \/>\n<meta name=\"twitter:label1\" content=\"\u00c9crit par\" \/>\n\t<meta name=\"twitter:data1\" content=\"Phj\" \/>\n\t<meta name=\"twitter:label2\" content=\"Dur\u00e9e de lecture estim\u00e9e\" \/>\n\t<meta name=\"twitter:data2\" content=\"2 minutes\" \/>\n<script type=\"application\/ld+json\" class=\"yoast-schema-graph\">{\"@context\":\"https:\/\/schema.org\",\"@graph\":[{\"@type\":\"Article\",\"@id\":\"https:\/\/vosgesinfo.fr\/gerardmerinfo\/2025\/05\/visite-dans-les-vosges-de-bruno-bonnell-secretaire-general-pour-linvestissement\/#article\",\"isPartOf\":{\"@id\":\"https:\/\/vosgesinfo.fr\/gerardmerinfo\/2025\/05\/visite-dans-les-vosges-de-bruno-bonnell-secretaire-general-pour-linvestissement\/\"},\"author\":{\"name\":\"Phj\",\"@id\":\"https:\/\/vosgesinfo.fr\/gerardmerinfo\/#\/schema\/person\/4f57dc393faf2ac8b9f1cab30ad79250\"},\"headline\":\"Visite dans les Vosges de Bruno Bonnell, Secr\u00e9taire g\u00e9n\u00e9ral pour l\u2019investissement\",\"datePublished\":\"2025-05-28T07:10:01+00:00\",\"dateModified\":\"2025-05-28T07:10:01+00:00\",\"mainEntityOfPage\":{\"@id\":\"https:\/\/vosgesinfo.fr\/gerardmerinfo\/2025\/05\/visite-dans-les-vosges-de-bruno-bonnell-secretaire-general-pour-linvestissement\/\"},\"wordCount\":492,\"commentCount\":0,\"publisher\":{\"@id\":\"https:\/\/vosgesinfo.fr\/gerardmerinfo\/#organization\"},\"image\":{\"@id\":\"https:\/\/vosgesinfo.fr\/gerardmerinfo\/2025\/05\/visite-dans-les-vosges-de-bruno-bonnell-secretaire-general-pour-linvestissement\/#primaryimage\"},\"thumbnailUrl\":\"https:\/\/vosgesinfo.fr\/app\/uploads\/sites\/6\/2025\/05\/bruno-bonnell-021-scaled-1.jpg\",\"articleSection\":[\"A la une\",\"Epinal\",\"G\u00e9rardmer\",\"La plaine des vosges\",\"Remiremont\",\"Saint-di\u00e9\"],\"inLanguage\":\"fr-FR\",\"potentialAction\":[{\"@type\":\"CommentAction\",\"name\":\"Comment\",\"target\":[\"https:\/\/vosgesinfo.fr\/gerardmerinfo\/2025\/05\/visite-dans-les-vosges-de-bruno-bonnell-secretaire-general-pour-linvestissement\/#respond\"]}]},{\"@type\":\"WebPage\",\"@id\":\"https:\/\/vosgesinfo.fr\/gerardmerinfo\/2025\/05\/visite-dans-les-vosges-de-bruno-bonnell-secretaire-general-pour-linvestissement\/\",\"url\":\"https:\/\/vosgesinfo.fr\/gerardmerinfo\/2025\/05\/visite-dans-les-vosges-de-bruno-bonnell-secretaire-general-pour-linvestissement\/\",\"name\":\"Visite dans les Vosges de Bruno Bonnell, Secr\u00e9taire g\u00e9n\u00e9ral pour l\u2019investissement - Gerardmer Info\",\"isPartOf\":{\"@id\":\"https:\/\/vosgesinfo.fr\/gerardmerinfo\/#website\"},\"primaryImageOfPage\":{\"@id\":\"https:\/\/vosgesinfo.fr\/gerardmerinfo\/2025\/05\/visite-dans-les-vosges-de-bruno-bonnell-secretaire-general-pour-linvestissement\/#primaryimage\"},\"image\":{\"@id\":\"https:\/\/vosgesinfo.fr\/gerardmerinfo\/2025\/05\/visite-dans-les-vosges-de-bruno-bonnell-secretaire-general-pour-linvestissement\/#primaryimage\"},\"thumbnailUrl\":\"https:\/\/vosgesinfo.fr\/app\/uploads\/sites\/6\/2025\/05\/bruno-bonnell-021-scaled-1.jpg\",\"datePublished\":\"2025-05-28T07:10:01+00:00\",\"dateModified\":\"2025-05-28T07:10:01+00:00\",\"breadcrumb\":{\"@id\":\"https:\/\/vosgesinfo.fr\/gerardmerinfo\/2025\/05\/visite-dans-les-vosges-de-bruno-bonnell-secretaire-general-pour-linvestissement\/#breadcrumb\"},\"inLanguage\":\"fr-FR\",\"potentialAction\":[{\"@type\":\"ReadAction\",\"target\":[\"https:\/\/vosgesinfo.fr\/gerardmerinfo\/2025\/05\/visite-dans-les-vosges-de-bruno-bonnell-secretaire-general-pour-linvestissement\/\"]}]},{\"@type\":\"ImageObject\",\"inLanguage\":\"fr-FR\",\"@id\":\"https:\/\/vosgesinfo.fr\/gerardmerinfo\/2025\/05\/visite-dans-les-vosges-de-bruno-bonnell-secretaire-general-pour-linvestissement\/#primaryimage\",\"url\":\"https:\/\/vosgesinfo.fr\/app\/uploads\/sites\/6\/2025\/05\/bruno-bonnell-021-scaled-1.jpg\",\"contentUrl\":\"https:\/\/vosgesinfo.fr\/app\/uploads\/sites\/6\/2025\/05\/bruno-bonnell-021-scaled-1.jpg\",\"width\":2560,\"height\":1707},{\"@type\":\"BreadcrumbList\",\"@id\":\"https:\/\/vosgesinfo.fr\/gerardmerinfo\/2025\/05\/visite-dans-les-vosges-de-bruno-bonnell-secretaire-general-pour-linvestissement\/#breadcrumb\",\"itemListElement\":[{\"@type\":\"ListItem\",\"position\":1,\"name\":\"Home\",\"item\":\"https:\/\/vosgesinfo.fr\/gerardmerinfo\/\"},{\"@type\":\"ListItem\",\"position\":2,\"name\":\"Visite dans les Vosges de Bruno Bonnell, Secr\u00e9taire g\u00e9n\u00e9ral pour l\u2019investissement\"}]},{\"@type\":\"WebSite\",\"@id\":\"https:\/\/vosgesinfo.fr\/gerardmerinfo\/#website\",\"url\":\"https:\/\/vosgesinfo.fr\/gerardmerinfo\/\",\"name\":\"Gerardmer Info\",\"description\":\"Toute l&#039;actualit\u00e9 de G\u00e9rardmer\",\"publisher\":{\"@id\":\"https:\/\/vosgesinfo.fr\/gerardmerinfo\/#organization\"},\"alternateName\":\"Toute l'actualit\u00e9 de G\u00e9rardmer\",\"potentialAction\":[{\"@type\":\"SearchAction\",\"target\":{\"@type\":\"EntryPoint\",\"urlTemplate\":\"https:\/\/vosgesinfo.fr\/gerardmerinfo\/?s={search_term_string}\"},\"query-input\":\"required name=search_term_string\"}],\"inLanguage\":\"fr-FR\"},{\"@type\":\"Organization\",\"@id\":\"https:\/\/vosgesinfo.fr\/gerardmerinfo\/#organization\",\"name\":\"Gerardmer Info\",\"url\":\"https:\/\/vosgesinfo.fr\/gerardmerinfo\/\",\"logo\":{\"@type\":\"ImageObject\",\"inLanguage\":\"fr-FR\",\"@id\":\"https:\/\/vosgesinfo.fr\/gerardmerinfo\/#\/schema\/logo\/image\/\",\"url\":\"https:\/\/vosgesinfo.fr\/app\/uploads\/sites\/6\/2023\/08\/favicon-gerardmerinfo.png\",\"contentUrl\":\"https:\/\/vosgesinfo.fr\/app\/uploads\/sites\/6\/2023\/08\/favicon-gerardmerinfo.png\",\"width\":512,\"height\":512,\"caption\":\"Gerardmer Info\"},\"image\":{\"@id\":\"https:\/\/vosgesinfo.fr\/gerardmerinfo\/#\/schema\/logo\/image\/\"},\"sameAs\":[\"https:\/\/www.facebook.com\/profile.php?id=100049475262660\",\"https:\/\/x.com\/VosgesInfo88\",\"https:\/\/www.youtube.com\/@vosgesinfo\"]},{\"@type\":\"Person\",\"@id\":\"https:\/\/vosgesinfo.fr\/gerardmerinfo\/#\/schema\/person\/4f57dc393faf2ac8b9f1cab30ad79250\",\"name\":\"Phj\",\"image\":{\"@type\":\"ImageObject\",\"inLanguage\":\"fr-FR\",\"@id\":\"https:\/\/vosgesinfo.fr\/gerardmerinfo\/#\/schema\/person\/image\/\",\"url\":\"https:\/\/secure.gravatar.com\/avatar\/ada60265080fb9a89c9809bf0abb1f448a128cb85db1c08905baa5038fbe3cfe?s=96&d=mm&r=g\",\"contentUrl\":\"https:\/\/secure.gravatar.com\/avatar\/ada60265080fb9a89c9809bf0abb1f448a128cb85db1c08905baa5038fbe3cfe?s=96&d=mm&r=g\",\"caption\":\"Phj\"},\"url\":\"https:\/\/vosgesinfo.fr\/gerardmerinfo\/author\/phj\/\"}]}<\/script>\n<!-- \/ Yoast SEO plugin. -->","yoast_head_json":{"title":"Visite dans les Vosges de Bruno Bonnell, Secr\u00e9taire g\u00e9n\u00e9ral pour l\u2019investissement - Gerardmer Info","robots":{"index":"index","follow":"follow","max-snippet":"max-snippet:-1","max-image-preview":"max-image-preview:large","max-video-preview":"max-video-preview:-1"},"canonical":"https:\/\/vosgesinfo.fr\/gerardmerinfo\/2025\/05\/visite-dans-les-vosges-de-bruno-bonnell-secretaire-general-pour-linvestissement\/","twitter_card":"summary_large_image","twitter_title":"Visite dans les Vosges de Bruno Bonnell, Secr\u00e9taire g\u00e9n\u00e9ral pour l\u2019investissement - Gerardmer Info","twitter_description":"M. Bruno Bonnell, Secr\u00e9taire g\u00e9n\u00e9ral pour l\u2019investissement, \u00e9tait en visite le jeudi 15 mai dans les Vosges. Accueilli par Mme [&hellip;]","twitter_image":"https:\/\/vosgesinfo.fr\/app\/uploads\/sites\/6\/2025\/05\/bruno-bonnell-021-scaled-1.jpg","twitter_creator":"@VosgesInfo88","twitter_site":"@VosgesInfo88","twitter_misc":{"\u00c9crit par":"Phj","Dur\u00e9e de lecture estim\u00e9e":"2 minutes"},"schema":{"@context":"https:\/\/schema.org","@graph":[{"@type":"Article","@id":"https:\/\/vosgesinfo.fr\/gerardmerinfo\/2025\/05\/visite-dans-les-vosges-de-bruno-bonnell-secretaire-general-pour-linvestissement\/#article","isPartOf":{"@id":"https:\/\/vosgesinfo.fr\/gerardmerinfo\/2025\/05\/visite-dans-les-vosges-de-bruno-bonnell-secretaire-general-pour-linvestissement\/"},"author":{"name":"Phj","@id":"https:\/\/vosgesinfo.fr\/gerardmerinfo\/#\/schema\/person\/4f57dc393faf2ac8b9f1cab30ad79250"},"headline":"Visite dans les Vosges de Bruno Bonnell, Secr\u00e9taire g\u00e9n\u00e9ral pour l\u2019investissement","datePublished":"2025-05-28T07:10:01+00:00","dateModified":"2025-05-28T07:10:01+00:00","mainEntityOfPage":{"@id":"https:\/\/vosgesinfo.fr\/gerardmerinfo\/2025\/05\/visite-dans-les-vosges-de-bruno-bonnell-secretaire-general-pour-linvestissement\/"},"wordCount":492,"commentCount":0,"publisher":{"@id":"https:\/\/vosgesinfo.fr\/gerardmerinfo\/#organization"},"image":{"@id":"https:\/\/vosgesinfo.fr\/gerardmerinfo\/2025\/05\/visite-dans-les-vosges-de-bruno-bonnell-secretaire-general-pour-linvestissement\/#primaryimage"},"thumbnailUrl":"https:\/\/vosgesinfo.fr\/app\/uploads\/sites\/6\/2025\/05\/bruno-bonnell-021-scaled-1.jpg","articleSection":["A la une","Epinal","G\u00e9rardmer","La plaine des vosges","Remiremont","Saint-di\u00e9"],"inLanguage":"fr-FR","potentialAction":[{"@type":"CommentAction","name":"Comment","target":["https:\/\/vosgesinfo.fr\/gerardmerinfo\/2025\/05\/visite-dans-les-vosges-de-bruno-bonnell-secretaire-general-pour-linvestissement\/#respond"]}]},{"@type":"WebPage","@id":"https:\/\/vosgesinfo.fr\/gerardmerinfo\/2025\/05\/visite-dans-les-vosges-de-bruno-bonnell-secretaire-general-pour-linvestissement\/","url":"https:\/\/vosgesinfo.fr\/gerardmerinfo\/2025\/05\/visite-dans-les-vosges-de-bruno-bonnell-secretaire-general-pour-linvestissement\/","name":"Visite dans les Vosges de Bruno Bonnell, Secr\u00e9taire g\u00e9n\u00e9ral pour l\u2019investissement - Gerardmer Info","isPartOf":{"@id":"https:\/\/vosgesinfo.fr\/gerardmerinfo\/#website"},"primaryImageOfPage":{"@id":"https:\/\/vosgesinfo.fr\/gerardmerinfo\/2025\/05\/visite-dans-les-vosges-de-bruno-bonnell-secretaire-general-pour-linvestissement\/#primaryimage"},"image":{"@id":"https:\/\/vosgesinfo.fr\/gerardmerinfo\/2025\/05\/visite-dans-les-vosges-de-bruno-bonnell-secretaire-general-pour-linvestissement\/#primaryimage"},"thumbnailUrl":"https:\/\/vosgesinfo.fr\/app\/uploads\/sites\/6\/2025\/05\/bruno-bonnell-021-scaled-1.jpg","datePublished":"2025-05-28T07:10:01+00:00","dateModified":"2025-05-28T07:10:01+00:00","breadcrumb":{"@id":"https:\/\/vosgesinfo.fr\/gerardmerinfo\/2025\/05\/visite-dans-les-vosges-de-bruno-bonnell-secretaire-general-pour-linvestissement\/#breadcrumb"},"inLanguage":"fr-FR","potentialAction":[{"@type":"ReadAction","target":["https:\/\/vosgesinfo.fr\/gerardmerinfo\/2025\/05\/visite-dans-les-vosges-de-bruno-bonnell-secretaire-general-pour-linvestissement\/"]}]},{"@type":"ImageObject","inLanguage":"fr-FR","@id":"https:\/\/vosgesinfo.fr\/gerardmerinfo\/2025\/05\/visite-dans-les-vosges-de-bruno-bonnell-secretaire-general-pour-linvestissement\/#primaryimage","url":"https:\/\/vosgesinfo.fr\/app\/uploads\/sites\/6\/2025\/05\/bruno-bonnell-021-scaled-1.jpg","contentUrl":"https:\/\/vosgesinfo.fr\/app\/uploads\/sites\/6\/2025\/05\/bruno-bonnell-021-scaled-1.jpg","width":2560,"height":1707},{"@type":"BreadcrumbList","@id":"https:\/\/vosgesinfo.fr\/gerardmerinfo\/2025\/05\/visite-dans-les-vosges-de-bruno-bonnell-secretaire-general-pour-linvestissement\/#breadcrumb","itemListElement":[{"@type":"ListItem","position":1,"name":"Home","item":"https:\/\/vosgesinfo.fr\/gerardmerinfo\/"},{"@type":"ListItem","position":2,"name":"Visite dans les Vosges de Bruno Bonnell, Secr\u00e9taire g\u00e9n\u00e9ral pour l\u2019investissement"}]},{"@type":"WebSite","@id":"https:\/\/vosgesinfo.fr\/gerardmerinfo\/#website","url":"https:\/\/vosgesinfo.fr\/gerardmerinfo\/","name":"Gerardmer Info","description":"Toute l&#039;actualit\u00e9 de G\u00e9rardmer","publisher":{"@id":"https:\/\/vosgesinfo.fr\/gerardmerinfo\/#organization"},"alternateName":"Toute l'actualit\u00e9 de G\u00e9rardmer","potentialAction":[{"@type":"SearchAction","target":{"@type":"EntryPoint","urlTemplate":"https:\/\/vosgesinfo.fr\/gerardmerinfo\/?s={search_term_string}"},"query-input":"required name=search_term_string"}],"inLanguage":"fr-FR"},{"@type":"Organization","@id":"https:\/\/vosgesinfo.fr\/gerardmerinfo\/#organization","name":"Gerardmer Info","url":"https:\/\/vosgesinfo.fr\/gerardmerinfo\/","logo":{"@type":"ImageObject","inLanguage":"fr-FR","@id":"https:\/\/vosgesinfo.fr\/gerardmerinfo\/#\/schema\/logo\/image\/","url":"https:\/\/vosgesinfo.fr\/app\/uploads\/sites\/6\/2023\/08\/favicon-gerardmerinfo.png","contentUrl":"https:\/\/vosgesinfo.fr\/app\/uploads\/sites\/6\/2023\/08\/favicon-gerardmerinfo.png","width":512,"height":512,"caption":"Gerardmer Info"},"image":{"@id":"https:\/\/vosgesinfo.fr\/gerardmerinfo\/#\/schema\/logo\/image\/"},"sameAs":["https:\/\/www.facebook.com\/profile.php?id=100049475262660","https:\/\/x.com\/VosgesInfo88","https:\/\/www.youtube.com\/@vosgesinfo"]},{"@type":"Person","@id":"https:\/\/vosgesinfo.fr\/gerardmerinfo\/#\/schema\/person\/4f57dc393faf2ac8b9f1cab30ad79250","name":"Phj","image":{"@type":"ImageObject","inLanguage":"fr-FR","@id":"https:\/\/vosgesinfo.fr\/gerardmerinfo\/#\/schema\/person\/image\/","url":"https:\/\/secure.gravatar.com\/avatar\/ada60265080fb9a89c9809bf0abb1f448a128cb85db1c08905baa5038fbe3cfe?s=96&d=mm&r=g","contentUrl":"https:\/\/secure.gravatar.com\/avatar\/ada60265080fb9a89c9809bf0abb1f448a128cb85db1c08905baa5038fbe3cfe?s=96&d=mm&r=g","caption":"Phj"},"url":"https:\/\/vosgesinfo.fr\/gerardmerinfo\/author\/phj\/"}]}},"_links":{"self":[{"href":"https:\/\/vosgesinfo.fr\/gerardmerinfo\/wp-json\/wp\/v2\/posts\/78564","targetHints":{"allow":["GET"]}}],"collection":[{"href":"https:\/\/vosgesinfo.fr\/gerardmerinfo\/wp-json\/wp\/v2\/posts"}],"about":[{"href":"https:\/\/vosgesinfo.fr\/gerardmerinfo\/wp-json\/wp\/v2\/types\/post"}],"author":[{"embeddable":true,"href":"https:\/\/vosgesinfo.fr\/gerardmerinfo\/wp-json\/wp\/v2\/users\/39"}],"replies":[{"embeddable":true,"href":"https:\/\/vosgesinfo.fr\/gerardmerinfo\/wp-json\/wp\/v2\/comments?post=78564"}],"version-history":[{"count":0,"href":"https:\/\/vosgesinfo.fr\/gerardmerinfo\/wp-json\/wp\/v2\/posts\/78564\/revisions"}],"wp:featuredmedia":[{"embeddable":true,"href":"https:\/\/vosgesinfo.fr\/gerardmerinfo\/wp-json\/wp\/v2\/media\/78565"}],"wp:attachment":[{"href":"https:\/\/vosgesinfo.fr\/gerardmerinfo\/wp-json\/wp\/v2\/media?parent=78564"}],"wp:term":[{"taxonomy":"category","embeddable":true,"href":"https:\/\/vosgesinfo.fr\/gerardmerinfo\/wp-json\/wp\/v2\/categories?post=78564"},{"taxonomy":"post_tag","embeddable":true,"href":"https:\/\/vosgesinfo.fr\/gerardmerinfo\/wp-json\/wp\/v2\/tags?post=78564"}],"curies":[{"name":"wp","href":"https:\/\/api.w.org\/{rel}","templated":true}]}}