{"id":78663,"date":"2025-06-01T10:30:51","date_gmt":"2025-06-01T08:30:51","guid":{"rendered":"https:\/\/vosgesinfo.fr\/gerardmerinfo\/?p=78663"},"modified":"2025-06-01T10:02:41","modified_gmt":"2025-06-01T08:02:41","slug":"les-velorail-etait-deja-sur-les-rails-a-kichompre","status":"publish","type":"post","link":"https:\/\/vosgesinfo.fr\/gerardmerinfo\/2025\/06\/les-velorail-etait-deja-sur-les-rails-a-kichompre\/","title":{"rendered":"Les v\u00e9lorail \u00e9tait d\u00e9j\u00e0 sur les rails \u00e0 Kichompr\u00e9"},"content":{"rendered":"<div id=\"attachment_78666\" style=\"width: 1034px\" class=\"wp-caption aligncenter\"><a href=\"https:\/\/vosgesinfo.fr\/app\/uploads\/sites\/6\/2025\/06\/velorail-kichompre-2.jpeg\"><img decoding=\"async\" aria-describedby=\"caption-attachment-78666\" class=\"wp-image-78666 size-large\" src=\"https:\/\/vosgesinfo.fr\/app\/uploads\/sites\/6\/2025\/06\/velorail-kichompre-2-1024x768.jpeg\" alt=\"\" width=\"1024\" height=\"768\" srcset=\"https:\/\/vosgesinfo.fr\/app\/uploads\/sites\/6\/2025\/06\/velorail-kichompre-2-1024x768.jpeg 1024w, https:\/\/vosgesinfo.fr\/app\/uploads\/sites\/6\/2025\/06\/velorail-kichompre-2-300x225.jpeg 300w, https:\/\/vosgesinfo.fr\/app\/uploads\/sites\/6\/2025\/06\/velorail-kichompre-2-768x576.jpeg 768w, https:\/\/vosgesinfo.fr\/app\/uploads\/sites\/6\/2025\/06\/velorail-kichompre-2.jpeg 1428w\" sizes=\"(max-width: 1024px) 100vw, 1024px\" \/><\/a><p id=\"caption-attachment-78666\" class=\"wp-caption-text\">Le v\u00e9lorail pourrait proposer un parcours d&rsquo;environ 6 km avec d\u00e9part \u00e0 de Kichompr\u00e9 jusqu&rsquo;\u00e0 la Carri\u00e8re Lacroix (Laveline devant Bruy\u00e8res).<\/p><\/div>\n<p data-pm-slice=\"1 1 []\">\n<p data-pm-slice=\"1 1 []\">\n<p data-pm-slice=\"1 1 []\">En effet, habitant de Kichompr\u00e9 o\u00f9 il a d&rsquo;ailleurs grandi, Ambroise Tisserant a depuis longtemps en t\u00eate de r\u00e9habiliter et de valoriser l&rsquo;ancienne voie ferr\u00e9e qui est actuellement le sujet de nombreux d\u00e9bats et de plusieurs propositions. En fait, depuis sa jeunesse o\u00f9 il parcourait d\u00e9j\u00e0 le site qui \u00e9tait alors son terrain de jeu avec certains de ses petits camarades, il imaginait faire quelque chose de cette voie. Une id\u00e9e qui ne l&rsquo;a jamais quitt\u00e9 et qui a progressivement muri jusqu&rsquo;\u00e0 ce qu&rsquo;Ambroise Tisserant d\u00e9cide de se pencher s\u00e9rieusement sur le sujet et de monter un v\u00e9ritable projet autour d&rsquo;un v\u00e9lorail. Projet qu&rsquo;il a souhait\u00e9 d\u00e9voiler apr\u00e8s avoir appris que l&rsquo;association TG2V s&rsquo;int\u00e9ressait de pr\u00e8s \u00e0 ce dispositif, et suite \u00e0 la lecture de plusieurs articles \u00e0 ce sujet.<\/p>\n<p><a href=\"https:\/\/vosgesinfo.fr\/app\/uploads\/sites\/6\/2025\/06\/velorail-kichompre-1.jpeg\"><img decoding=\"async\" class=\"alignright size-medium wp-image-78668\" src=\"https:\/\/vosgesinfo.fr\/app\/uploads\/sites\/6\/2025\/06\/velorail-kichompre-1-215x300.jpeg\" alt=\"\" width=\"215\" height=\"300\" srcset=\"https:\/\/vosgesinfo.fr\/app\/uploads\/sites\/6\/2025\/06\/velorail-kichompre-1-215x300.jpeg 215w, https:\/\/vosgesinfo.fr\/app\/uploads\/sites\/6\/2025\/06\/velorail-kichompre-1-734x1024.jpeg 734w, https:\/\/vosgesinfo.fr\/app\/uploads\/sites\/6\/2025\/06\/velorail-kichompre-1-768x1071.jpeg 768w, https:\/\/vosgesinfo.fr\/app\/uploads\/sites\/6\/2025\/06\/velorail-kichompre-1.jpeg 918w\" sizes=\"(max-width: 215px) 100vw, 215px\" \/><\/a>\u00ab\u00a0Quand je me suis install\u00e9 avec ma soci\u00e9t\u00e9 \u00e0 Kichompr\u00e9, j&rsquo;ai acquis le terrain de l&rsquo;ancienne gare en 2017 avec en t\u00eate de le valoriser. Il n&rsquo;\u00e9tait alors pas constructible, mais par la suite, avec le nouveau PLU, une partie l&rsquo;est devenue. J&rsquo;ai continu\u00e9 \u00e0 \u00e9tudier le sujet et j&rsquo;ai r\u00e9dig\u00e9 un dossier que j&rsquo;ai envoy\u00e9 en mairie de G\u00e9rardmer ainsi qu&rsquo;\u00e0 la communaut\u00e9 de communes (CCGHV) dont j&rsquo;attends une r\u00e9ponse afin de savoir si elle se montre int\u00e9ress\u00e9e et si elle donne son autorisation. Apr\u00e8s, il y aura un appel d&rsquo;offre et il faudra lancer les \u00e9tudes. Je pense contacter le David Valence \u00e9galement, qui est conseiller r\u00e9gional (pr\u00e9sident de la commission transport et d\u00e9placement &#8211; NDLR). Ce qui est int\u00e9ressant, me concernant, c&rsquo;est que je suis loueur d&rsquo;une partie d&#8217;emprise SNCF, mais aussi que je dispose d\u00e9j\u00e0 de tout le foncier n\u00e9cessaire pour l&rsquo;air d&rsquo;accueil et le local technique ainsi que le parking qui pourrait \u00e9galement servir pour la liaison douce \u00bb, pr\u00e9cise Ambroise Tisserant.<\/p>\n<p><a href=\"https:\/\/vosgesinfo.fr\/app\/uploads\/sites\/6\/2025\/06\/velorail-kichompre-3-rotated.jpeg\"><img decoding=\"async\" class=\"alignright size-medium wp-image-78667\" src=\"https:\/\/vosgesinfo.fr\/app\/uploads\/sites\/6\/2025\/06\/velorail-kichompre-3-225x300.jpeg\" alt=\"\" width=\"225\" height=\"300\" srcset=\"https:\/\/vosgesinfo.fr\/app\/uploads\/sites\/6\/2025\/06\/velorail-kichompre-3-225x300.jpeg 225w, https:\/\/vosgesinfo.fr\/app\/uploads\/sites\/6\/2025\/06\/velorail-kichompre-3-768x1024.jpeg 768w, https:\/\/vosgesinfo.fr\/app\/uploads\/sites\/6\/2025\/06\/velorail-kichompre-3-rotated.jpeg 1071w\" sizes=\"(max-width: 225px) 100vw, 225px\" \/><\/a>\u00ab\u00a0Me concernant, c&rsquo;est vraiment un projet professionnel et touristique, pas politique, et c&rsquo;est un projet qui n&rsquo;est pas en contradiction avec le projet de liaison douce. Au contraire, ces deux projets peuvent tr\u00e8s bien cohabiter et j&rsquo;y vois m\u00eame une opportunit\u00e9 de financement crois\u00e9. Il y a la possibilit\u00e9 de mobiliser plusieurs fonds diff\u00e9rents, de mutualiser les moyens et les subventions\u00a0\u00bb, poursuit Ambroise Tisserant, qui souhaite mettre en avant ce double levier financier potentiel afin de r\u00e9duire le reste \u00e0 charge public. D&rsquo;un point de vue technique, ce dernier \u00e9voque \u00e9galement la possibilit\u00e9 de fusionner les deux voix (v\u00e9lorail-liaison douce) sur les rares secteurs trop \u00e9troits : \u00ab\u00a0C&rsquo;est quelque chose qui existe et se fait d\u00e9j\u00e0. C&rsquo;est pour \u00e7a que nous travaillons avec les v\u00e9lorails Vuillemard de Ramonchamp, qui sont les seuls dans le secteur \u00e0 avoir un brevet pour des roues enrob\u00e9es caoutchouc silencieuses. Ces roues permettent d&rsquo;avoir un freinage plus court et d&rsquo;obtenir une norme afin de parcourir des pistes similaires aux pistes cyclables. Notre mod\u00e8le de draisine avec assistance \u00e9lectrique s&rsquo;appuie sur les recommandations du STRMTG (service technique des remont\u00e9es m\u00e9caniques et des transports guid\u00e9s) et nous travaillons m\u00eame sur un syst\u00e8me de retournement pratique pour les usagers\u00a0\u00bb, ajoute Ambroise Tisserant.<\/p>\n<p>Le partage de la voie ferr\u00e9e entre les cyclistes de la voie douce et le v\u00e9lorail semble donc possible selon la vision du G\u00e9r\u00f4mois : \u00ab\u00a0L&rsquo;id\u00e9e est de cr\u00e9er une activit\u00e9 durable, interg\u00e9n\u00e9rationnelle tout en participant \u00e0 l&rsquo;activit\u00e9 touristique et \u00e9conomique du secteur.\u00a0\u00bb Il serait m\u00eame envisageable de faire de la location de VTT au d\u00e9part de la liaison douce pour ceux qui souhaiteraient partir sur d&rsquo;autres parcours\u00a0\u00bb, conclut Ambroise Tisserant.<\/p>\n","protected":false},"excerpt":{"rendered":"<p>En effet, habitant de Kichompr\u00e9 o\u00f9 il a d&rsquo;ailleurs grandi, Ambroise Tisserant a depuis longtemps en t\u00eate de r\u00e9habiliter et [&hellip;]<\/p>\n","protected":false},"author":42,"featured_media":78668,"comment_status":"open","ping_status":"open","sticky":false,"template":"","format":"standard","meta":{"footnotes":""},"categories":[20,25,5647,946,15],"tags":[1531,5611],"class_list":["post-78663","post","type-post","status-publish","format-standard","has-post-thumbnail","hentry","category-a-la-une","category-gerardmer","category-gerardmer-autres-sites","category-saint-die","category-tourisme","tag-kichompre","tag-velorail"],"acf":[],"yoast_head":"<!-- This site is optimized with the Yoast SEO plugin v22.5 - https:\/\/yoast.com\/wordpress\/plugins\/seo\/ -->\n<title>Les v\u00e9lorail \u00e9tait d\u00e9j\u00e0 sur les rails \u00e0 Kichompr\u00e9 - Gerardmer Info<\/title>\n<meta name=\"robots\" content=\"index, follow, max-snippet:-1, max-image-preview:large, max-video-preview:-1\" \/>\n<link rel=\"canonical\" href=\"https:\/\/vosgesinfo.fr\/gerardmerinfo\/2025\/06\/les-velorail-etait-deja-sur-les-rails-a-kichompre\/\" \/>\n<meta name=\"twitter:card\" content=\"summary_large_image\" \/>\n<meta name=\"twitter:title\" content=\"Les v\u00e9lorail \u00e9tait d\u00e9j\u00e0 sur les rails \u00e0 Kichompr\u00e9 - Gerardmer Info\" \/>\n<meta name=\"twitter:description\" content=\"En effet, habitant de Kichompr\u00e9 o\u00f9 il a d&rsquo;ailleurs grandi, Ambroise Tisserant a depuis longtemps en t\u00eate de r\u00e9habiliter et [&hellip;]\" \/>\n<meta name=\"twitter:image\" content=\"https:\/\/vosgesinfo.fr\/app\/uploads\/sites\/6\/2025\/06\/velorail-kichompre-1.jpeg\" \/>\n<meta name=\"twitter:creator\" content=\"@VosgesInfo88\" \/>\n<meta name=\"twitter:site\" content=\"@VosgesInfo88\" \/>\n<meta name=\"twitter:label1\" content=\"\u00c9crit par\" \/>\n\t<meta name=\"twitter:data1\" content=\"QG\" \/>\n\t<meta name=\"twitter:label2\" content=\"Dur\u00e9e de lecture estim\u00e9e\" \/>\n\t<meta name=\"twitter:data2\" content=\"4 minutes\" \/>\n<script type=\"application\/ld+json\" class=\"yoast-schema-graph\">{\"@context\":\"https:\/\/schema.org\",\"@graph\":[{\"@type\":\"Article\",\"@id\":\"https:\/\/vosgesinfo.fr\/gerardmerinfo\/2025\/06\/les-velorail-etait-deja-sur-les-rails-a-kichompre\/#article\",\"isPartOf\":{\"@id\":\"https:\/\/vosgesinfo.fr\/gerardmerinfo\/2025\/06\/les-velorail-etait-deja-sur-les-rails-a-kichompre\/\"},\"author\":{\"name\":\"QG\",\"@id\":\"https:\/\/vosgesinfo.fr\/gerardmerinfo\/#\/schema\/person\/db5605779a843dad16b5368f3e7613a5\"},\"headline\":\"Les v\u00e9lorail \u00e9tait d\u00e9j\u00e0 sur les rails \u00e0 Kichompr\u00e9\",\"datePublished\":\"2025-06-01T08:30:51+00:00\",\"dateModified\":\"2025-06-01T08:02:41+00:00\",\"mainEntityOfPage\":{\"@id\":\"https:\/\/vosgesinfo.fr\/gerardmerinfo\/2025\/06\/les-velorail-etait-deja-sur-les-rails-a-kichompre\/\"},\"wordCount\":690,\"commentCount\":38,\"publisher\":{\"@id\":\"https:\/\/vosgesinfo.fr\/gerardmerinfo\/#organization\"},\"image\":{\"@id\":\"https:\/\/vosgesinfo.fr\/gerardmerinfo\/2025\/06\/les-velorail-etait-deja-sur-les-rails-a-kichompre\/#primaryimage\"},\"thumbnailUrl\":\"https:\/\/vosgesinfo.fr\/app\/uploads\/sites\/6\/2025\/06\/velorail-kichompre-1.jpeg\",\"keywords\":[\"Kichompr\u00e9\",\"v\u00e9lorail\"],\"articleSection\":[\"A la une\",\"G\u00e9rardmer\",\"Gerardmer\",\"Saint-di\u00e9\",\"Tourisme\"],\"inLanguage\":\"fr-FR\",\"potentialAction\":[{\"@type\":\"CommentAction\",\"name\":\"Comment\",\"target\":[\"https:\/\/vosgesinfo.fr\/gerardmerinfo\/2025\/06\/les-velorail-etait-deja-sur-les-rails-a-kichompre\/#respond\"]}]},{\"@type\":\"WebPage\",\"@id\":\"https:\/\/vosgesinfo.fr\/gerardmerinfo\/2025\/06\/les-velorail-etait-deja-sur-les-rails-a-kichompre\/\",\"url\":\"https:\/\/vosgesinfo.fr\/gerardmerinfo\/2025\/06\/les-velorail-etait-deja-sur-les-rails-a-kichompre\/\",\"name\":\"Les v\u00e9lorail \u00e9tait d\u00e9j\u00e0 sur les rails \u00e0 Kichompr\u00e9 - Gerardmer Info\",\"isPartOf\":{\"@id\":\"https:\/\/vosgesinfo.fr\/gerardmerinfo\/#website\"},\"primaryImageOfPage\":{\"@id\":\"https:\/\/vosgesinfo.fr\/gerardmerinfo\/2025\/06\/les-velorail-etait-deja-sur-les-rails-a-kichompre\/#primaryimage\"},\"image\":{\"@id\":\"https:\/\/vosgesinfo.fr\/gerardmerinfo\/2025\/06\/les-velorail-etait-deja-sur-les-rails-a-kichompre\/#primaryimage\"},\"thumbnailUrl\":\"https:\/\/vosgesinfo.fr\/app\/uploads\/sites\/6\/2025\/06\/velorail-kichompre-1.jpeg\",\"datePublished\":\"2025-06-01T08:30:51+00:00\",\"dateModified\":\"2025-06-01T08:02:41+00:00\",\"breadcrumb\":{\"@id\":\"https:\/\/vosgesinfo.fr\/gerardmerinfo\/2025\/06\/les-velorail-etait-deja-sur-les-rails-a-kichompre\/#breadcrumb\"},\"inLanguage\":\"fr-FR\",\"potentialAction\":[{\"@type\":\"ReadAction\",\"target\":[\"https:\/\/vosgesinfo.fr\/gerardmerinfo\/2025\/06\/les-velorail-etait-deja-sur-les-rails-a-kichompre\/\"]}]},{\"@type\":\"ImageObject\",\"inLanguage\":\"fr-FR\",\"@id\":\"https:\/\/vosgesinfo.fr\/gerardmerinfo\/2025\/06\/les-velorail-etait-deja-sur-les-rails-a-kichompre\/#primaryimage\",\"url\":\"https:\/\/vosgesinfo.fr\/app\/uploads\/sites\/6\/2025\/06\/velorail-kichompre-1.jpeg\",\"contentUrl\":\"https:\/\/vosgesinfo.fr\/app\/uploads\/sites\/6\/2025\/06\/velorail-kichompre-1.jpeg\",\"width\":918,\"height\":1280},{\"@type\":\"BreadcrumbList\",\"@id\":\"https:\/\/vosgesinfo.fr\/gerardmerinfo\/2025\/06\/les-velorail-etait-deja-sur-les-rails-a-kichompre\/#breadcrumb\",\"itemListElement\":[{\"@type\":\"ListItem\",\"position\":1,\"name\":\"Home\",\"item\":\"https:\/\/vosgesinfo.fr\/gerardmerinfo\/\"},{\"@type\":\"ListItem\",\"position\":2,\"name\":\"Les v\u00e9lorail \u00e9tait d\u00e9j\u00e0 sur les rails \u00e0 Kichompr\u00e9\"}]},{\"@type\":\"WebSite\",\"@id\":\"https:\/\/vosgesinfo.fr\/gerardmerinfo\/#website\",\"url\":\"https:\/\/vosgesinfo.fr\/gerardmerinfo\/\",\"name\":\"Gerardmer Info\",\"description\":\"Toute l&#039;actualit\u00e9 de G\u00e9rardmer\",\"publisher\":{\"@id\":\"https:\/\/vosgesinfo.fr\/gerardmerinfo\/#organization\"},\"alternateName\":\"Toute l'actualit\u00e9 de G\u00e9rardmer\",\"potentialAction\":[{\"@type\":\"SearchAction\",\"target\":{\"@type\":\"EntryPoint\",\"urlTemplate\":\"https:\/\/vosgesinfo.fr\/gerardmerinfo\/?s={search_term_string}\"},\"query-input\":\"required name=search_term_string\"}],\"inLanguage\":\"fr-FR\"},{\"@type\":\"Organization\",\"@id\":\"https:\/\/vosgesinfo.fr\/gerardmerinfo\/#organization\",\"name\":\"Gerardmer Info\",\"url\":\"https:\/\/vosgesinfo.fr\/gerardmerinfo\/\",\"logo\":{\"@type\":\"ImageObject\",\"inLanguage\":\"fr-FR\",\"@id\":\"https:\/\/vosgesinfo.fr\/gerardmerinfo\/#\/schema\/logo\/image\/\",\"url\":\"https:\/\/vosgesinfo.fr\/app\/uploads\/sites\/6\/2023\/08\/favicon-gerardmerinfo.png\",\"contentUrl\":\"https:\/\/vosgesinfo.fr\/app\/uploads\/sites\/6\/2023\/08\/favicon-gerardmerinfo.png\",\"width\":512,\"height\":512,\"caption\":\"Gerardmer Info\"},\"image\":{\"@id\":\"https:\/\/vosgesinfo.fr\/gerardmerinfo\/#\/schema\/logo\/image\/\"},\"sameAs\":[\"https:\/\/www.facebook.com\/profile.php?id=100049475262660\",\"https:\/\/x.com\/VosgesInfo88\",\"https:\/\/www.youtube.com\/@vosgesinfo\"]},{\"@type\":\"Person\",\"@id\":\"https:\/\/vosgesinfo.fr\/gerardmerinfo\/#\/schema\/person\/db5605779a843dad16b5368f3e7613a5\",\"name\":\"QG\",\"image\":{\"@type\":\"ImageObject\",\"inLanguage\":\"fr-FR\",\"@id\":\"https:\/\/vosgesinfo.fr\/gerardmerinfo\/#\/schema\/person\/image\/\",\"url\":\"https:\/\/secure.gravatar.com\/avatar\/ea80c42c204b534408512832fde52504ecabb9706bcb6151cf6175e5b64e6793?s=96&d=mm&r=g\",\"contentUrl\":\"https:\/\/secure.gravatar.com\/avatar\/ea80c42c204b534408512832fde52504ecabb9706bcb6151cf6175e5b64e6793?s=96&d=mm&r=g\",\"caption\":\"QG\"},\"url\":\"https:\/\/vosgesinfo.fr\/gerardmerinfo\/author\/quentin88\/\"}]}<\/script>\n<!-- \/ Yoast SEO plugin. -->","yoast_head_json":{"title":"Les v\u00e9lorail \u00e9tait d\u00e9j\u00e0 sur les rails \u00e0 Kichompr\u00e9 - Gerardmer Info","robots":{"index":"index","follow":"follow","max-snippet":"max-snippet:-1","max-image-preview":"max-image-preview:large","max-video-preview":"max-video-preview:-1"},"canonical":"https:\/\/vosgesinfo.fr\/gerardmerinfo\/2025\/06\/les-velorail-etait-deja-sur-les-rails-a-kichompre\/","twitter_card":"summary_large_image","twitter_title":"Les v\u00e9lorail \u00e9tait d\u00e9j\u00e0 sur les rails \u00e0 Kichompr\u00e9 - Gerardmer Info","twitter_description":"En effet, habitant de Kichompr\u00e9 o\u00f9 il a d&rsquo;ailleurs grandi, Ambroise Tisserant a depuis longtemps en t\u00eate de r\u00e9habiliter et [&hellip;]","twitter_image":"https:\/\/vosgesinfo.fr\/app\/uploads\/sites\/6\/2025\/06\/velorail-kichompre-1.jpeg","twitter_creator":"@VosgesInfo88","twitter_site":"@VosgesInfo88","twitter_misc":{"\u00c9crit par":"QG","Dur\u00e9e de lecture estim\u00e9e":"4 minutes"},"schema":{"@context":"https:\/\/schema.org","@graph":[{"@type":"Article","@id":"https:\/\/vosgesinfo.fr\/gerardmerinfo\/2025\/06\/les-velorail-etait-deja-sur-les-rails-a-kichompre\/#article","isPartOf":{"@id":"https:\/\/vosgesinfo.fr\/gerardmerinfo\/2025\/06\/les-velorail-etait-deja-sur-les-rails-a-kichompre\/"},"author":{"name":"QG","@id":"https:\/\/vosgesinfo.fr\/gerardmerinfo\/#\/schema\/person\/db5605779a843dad16b5368f3e7613a5"},"headline":"Les v\u00e9lorail \u00e9tait d\u00e9j\u00e0 sur les rails \u00e0 Kichompr\u00e9","datePublished":"2025-06-01T08:30:51+00:00","dateModified":"2025-06-01T08:02:41+00:00","mainEntityOfPage":{"@id":"https:\/\/vosgesinfo.fr\/gerardmerinfo\/2025\/06\/les-velorail-etait-deja-sur-les-rails-a-kichompre\/"},"wordCount":690,"commentCount":38,"publisher":{"@id":"https:\/\/vosgesinfo.fr\/gerardmerinfo\/#organization"},"image":{"@id":"https:\/\/vosgesinfo.fr\/gerardmerinfo\/2025\/06\/les-velorail-etait-deja-sur-les-rails-a-kichompre\/#primaryimage"},"thumbnailUrl":"https:\/\/vosgesinfo.fr\/app\/uploads\/sites\/6\/2025\/06\/velorail-kichompre-1.jpeg","keywords":["Kichompr\u00e9","v\u00e9lorail"],"articleSection":["A la une","G\u00e9rardmer","Gerardmer","Saint-di\u00e9","Tourisme"],"inLanguage":"fr-FR","potentialAction":[{"@type":"CommentAction","name":"Comment","target":["https:\/\/vosgesinfo.fr\/gerardmerinfo\/2025\/06\/les-velorail-etait-deja-sur-les-rails-a-kichompre\/#respond"]}]},{"@type":"WebPage","@id":"https:\/\/vosgesinfo.fr\/gerardmerinfo\/2025\/06\/les-velorail-etait-deja-sur-les-rails-a-kichompre\/","url":"https:\/\/vosgesinfo.fr\/gerardmerinfo\/2025\/06\/les-velorail-etait-deja-sur-les-rails-a-kichompre\/","name":"Les v\u00e9lorail \u00e9tait d\u00e9j\u00e0 sur les rails \u00e0 Kichompr\u00e9 - Gerardmer Info","isPartOf":{"@id":"https:\/\/vosgesinfo.fr\/gerardmerinfo\/#website"},"primaryImageOfPage":{"@id":"https:\/\/vosgesinfo.fr\/gerardmerinfo\/2025\/06\/les-velorail-etait-deja-sur-les-rails-a-kichompre\/#primaryimage"},"image":{"@id":"https:\/\/vosgesinfo.fr\/gerardmerinfo\/2025\/06\/les-velorail-etait-deja-sur-les-rails-a-kichompre\/#primaryimage"},"thumbnailUrl":"https:\/\/vosgesinfo.fr\/app\/uploads\/sites\/6\/2025\/06\/velorail-kichompre-1.jpeg","datePublished":"2025-06-01T08:30:51+00:00","dateModified":"2025-06-01T08:02:41+00:00","breadcrumb":{"@id":"https:\/\/vosgesinfo.fr\/gerardmerinfo\/2025\/06\/les-velorail-etait-deja-sur-les-rails-a-kichompre\/#breadcrumb"},"inLanguage":"fr-FR","potentialAction":[{"@type":"ReadAction","target":["https:\/\/vosgesinfo.fr\/gerardmerinfo\/2025\/06\/les-velorail-etait-deja-sur-les-rails-a-kichompre\/"]}]},{"@type":"ImageObject","inLanguage":"fr-FR","@id":"https:\/\/vosgesinfo.fr\/gerardmerinfo\/2025\/06\/les-velorail-etait-deja-sur-les-rails-a-kichompre\/#primaryimage","url":"https:\/\/vosgesinfo.fr\/app\/uploads\/sites\/6\/2025\/06\/velorail-kichompre-1.jpeg","contentUrl":"https:\/\/vosgesinfo.fr\/app\/uploads\/sites\/6\/2025\/06\/velorail-kichompre-1.jpeg","width":918,"height":1280},{"@type":"BreadcrumbList","@id":"https:\/\/vosgesinfo.fr\/gerardmerinfo\/2025\/06\/les-velorail-etait-deja-sur-les-rails-a-kichompre\/#breadcrumb","itemListElement":[{"@type":"ListItem","position":1,"name":"Home","item":"https:\/\/vosgesinfo.fr\/gerardmerinfo\/"},{"@type":"ListItem","position":2,"name":"Les v\u00e9lorail \u00e9tait d\u00e9j\u00e0 sur les rails \u00e0 Kichompr\u00e9"}]},{"@type":"WebSite","@id":"https:\/\/vosgesinfo.fr\/gerardmerinfo\/#website","url":"https:\/\/vosgesinfo.fr\/gerardmerinfo\/","name":"Gerardmer Info","description":"Toute l&#039;actualit\u00e9 de G\u00e9rardmer","publisher":{"@id":"https:\/\/vosgesinfo.fr\/gerardmerinfo\/#organization"},"alternateName":"Toute l'actualit\u00e9 de G\u00e9rardmer","potentialAction":[{"@type":"SearchAction","target":{"@type":"EntryPoint","urlTemplate":"https:\/\/vosgesinfo.fr\/gerardmerinfo\/?s={search_term_string}"},"query-input":"required name=search_term_string"}],"inLanguage":"fr-FR"},{"@type":"Organization","@id":"https:\/\/vosgesinfo.fr\/gerardmerinfo\/#organization","name":"Gerardmer Info","url":"https:\/\/vosgesinfo.fr\/gerardmerinfo\/","logo":{"@type":"ImageObject","inLanguage":"fr-FR","@id":"https:\/\/vosgesinfo.fr\/gerardmerinfo\/#\/schema\/logo\/image\/","url":"https:\/\/vosgesinfo.fr\/app\/uploads\/sites\/6\/2023\/08\/favicon-gerardmerinfo.png","contentUrl":"https:\/\/vosgesinfo.fr\/app\/uploads\/sites\/6\/2023\/08\/favicon-gerardmerinfo.png","width":512,"height":512,"caption":"Gerardmer Info"},"image":{"@id":"https:\/\/vosgesinfo.fr\/gerardmerinfo\/#\/schema\/logo\/image\/"},"sameAs":["https:\/\/www.facebook.com\/profile.php?id=100049475262660","https:\/\/x.com\/VosgesInfo88","https:\/\/www.youtube.com\/@vosgesinfo"]},{"@type":"Person","@id":"https:\/\/vosgesinfo.fr\/gerardmerinfo\/#\/schema\/person\/db5605779a843dad16b5368f3e7613a5","name":"QG","image":{"@type":"ImageObject","inLanguage":"fr-FR","@id":"https:\/\/vosgesinfo.fr\/gerardmerinfo\/#\/schema\/person\/image\/","url":"https:\/\/secure.gravatar.com\/avatar\/ea80c42c204b534408512832fde52504ecabb9706bcb6151cf6175e5b64e6793?s=96&d=mm&r=g","contentUrl":"https:\/\/secure.gravatar.com\/avatar\/ea80c42c204b534408512832fde52504ecabb9706bcb6151cf6175e5b64e6793?s=96&d=mm&r=g","caption":"QG"},"url":"https:\/\/vosgesinfo.fr\/gerardmerinfo\/author\/quentin88\/"}]}},"_links":{"self":[{"href":"https:\/\/vosgesinfo.fr\/gerardmerinfo\/wp-json\/wp\/v2\/posts\/78663","targetHints":{"allow":["GET"]}}],"collection":[{"href":"https:\/\/vosgesinfo.fr\/gerardmerinfo\/wp-json\/wp\/v2\/posts"}],"about":[{"href":"https:\/\/vosgesinfo.fr\/gerardmerinfo\/wp-json\/wp\/v2\/types\/post"}],"author":[{"embeddable":true,"href":"https:\/\/vosgesinfo.fr\/gerardmerinfo\/wp-json\/wp\/v2\/users\/42"}],"replies":[{"embeddable":true,"href":"https:\/\/vosgesinfo.fr\/gerardmerinfo\/wp-json\/wp\/v2\/comments?post=78663"}],"version-history":[{"count":5,"href":"https:\/\/vosgesinfo.fr\/gerardmerinfo\/wp-json\/wp\/v2\/posts\/78663\/revisions"}],"predecessor-version":[{"id":78671,"href":"https:\/\/vosgesinfo.fr\/gerardmerinfo\/wp-json\/wp\/v2\/posts\/78663\/revisions\/78671"}],"wp:featuredmedia":[{"embeddable":true,"href":"https:\/\/vosgesinfo.fr\/gerardmerinfo\/wp-json\/wp\/v2\/media\/78668"}],"wp:attachment":[{"href":"https:\/\/vosgesinfo.fr\/gerardmerinfo\/wp-json\/wp\/v2\/media?parent=78663"}],"wp:term":[{"taxonomy":"category","embeddable":true,"href":"https:\/\/vosgesinfo.fr\/gerardmerinfo\/wp-json\/wp\/v2\/categories?post=78663"},{"taxonomy":"post_tag","embeddable":true,"href":"https:\/\/vosgesinfo.fr\/gerardmerinfo\/wp-json\/wp\/v2\/tags?post=78663"}],"curies":[{"name":"wp","href":"https:\/\/api.w.org\/{rel}","templated":true}]}}