{"id":78672,"date":"2025-06-01T14:35:18","date_gmt":"2025-06-01T12:35:18","guid":{"rendered":"https:\/\/vosgesinfo.fr\/gerardmerinfo\/?p=78672"},"modified":"2025-06-01T13:52:11","modified_gmt":"2025-06-01T11:52:11","slug":"echecs-encore-une-belle-participation-au-rapide-gerardmer","status":"publish","type":"post","link":"https:\/\/vosgesinfo.fr\/gerardmerinfo\/2025\/06\/echecs-encore-une-belle-participation-au-rapide-gerardmer\/","title":{"rendered":"\u00c9checs : encore une belle participation au Rapide G\u00e9rardmer"},"content":{"rendered":"<p><a href=\"https:\/\/vosgesinfo.fr\/app\/uploads\/sites\/6\/2025\/06\/rapide-de-gerardmer-echecs-2.jpg\"><img decoding=\"async\" class=\"aligncenter size-large wp-image-78673\" src=\"https:\/\/vosgesinfo.fr\/app\/uploads\/sites\/6\/2025\/06\/rapide-de-gerardmer-echecs-2-1024x768.jpg\" alt=\"\" width=\"1024\" height=\"768\" srcset=\"https:\/\/vosgesinfo.fr\/app\/uploads\/sites\/6\/2025\/06\/rapide-de-gerardmer-echecs-2-1024x768.jpg 1024w, https:\/\/vosgesinfo.fr\/app\/uploads\/sites\/6\/2025\/06\/rapide-de-gerardmer-echecs-2-300x225.jpg 300w, https:\/\/vosgesinfo.fr\/app\/uploads\/sites\/6\/2025\/06\/rapide-de-gerardmer-echecs-2-768x576.jpg 768w, https:\/\/vosgesinfo.fr\/app\/uploads\/sites\/6\/2025\/06\/rapide-de-gerardmer-echecs-2-1536x1152.jpg 1536w, https:\/\/vosgesinfo.fr\/app\/uploads\/sites\/6\/2025\/06\/rapide-de-gerardmer-echecs-2.jpg 1795w\" sizes=\"(max-width: 1024px) 100vw, 1024px\" \/><\/a><\/p>\n<p>&nbsp;<\/p>\n<p><strong>Le club l\u2019\u00c9chiquier de G\u00e9rardmer et son pr\u00e9sident Jean-Pierre List avaient le plaisir d&rsquo;organiser un Rapide \u00e0 l&rsquo;espace Tilleul ce samedi 31 juin. Une rencontre divis\u00e9e en deux tournois pour les jeunes et moins jeunes joueur(se)s de la r\u00e9gion qui se sont affront\u00e9s tout au long de la journ\u00e9e.\u00a0<\/strong><\/p>\n<p>&nbsp;<\/p>\n<p><a href=\"https:\/\/vosgesinfo.fr\/app\/uploads\/sites\/6\/2025\/06\/rapide-de-gerardmer-echecs-5.jpg\"><img decoding=\"async\" class=\"alignright size-medium wp-image-78676\" src=\"https:\/\/vosgesinfo.fr\/app\/uploads\/sites\/6\/2025\/06\/rapide-de-gerardmer-echecs-5-300x225.jpg\" alt=\"\" width=\"300\" height=\"225\" srcset=\"https:\/\/vosgesinfo.fr\/app\/uploads\/sites\/6\/2025\/06\/rapide-de-gerardmer-echecs-5-300x225.jpg 300w, https:\/\/vosgesinfo.fr\/app\/uploads\/sites\/6\/2025\/06\/rapide-de-gerardmer-echecs-5-1024x768.jpg 1024w, https:\/\/vosgesinfo.fr\/app\/uploads\/sites\/6\/2025\/06\/rapide-de-gerardmer-echecs-5-768x576.jpg 768w, https:\/\/vosgesinfo.fr\/app\/uploads\/sites\/6\/2025\/06\/rapide-de-gerardmer-echecs-5-1536x1152.jpg 1536w, https:\/\/vosgesinfo.fr\/app\/uploads\/sites\/6\/2025\/06\/rapide-de-gerardmer-echecs-5.jpg 2048w\" sizes=\"(max-width: 300px) 100vw, 300px\" \/><\/a>Le tournoi (B), dit des \u00ab\u00a0Apprenants\u00a0\u00bb, \u00e9tait r\u00e9serv\u00e9 aux jeunes joueuses et joueurs de moins de 14 ans n&rsquo;ayant que peu ou aucune exp\u00e9rience de participation \u00e0 un tournoi officiel d&rsquo;\u00e9checs.<br \/>\nDans le tournoi (A), 56 joueurs \u00e9taient inscrits et dans le tournoi (B) 18 joueurs. Le club g\u00e9r\u00f4mois a donc d\u00e9pass\u00e9 la limite des 70 joueurs au total qu&rsquo;il avait envisag\u00e9 et a m\u00eame refus\u00e9 quelques inscriptions fort tardives par faute de mat\u00e9riel suffisant. Les deux tournois se sont jou\u00e9s en 7 rondes (7 parties d&rsquo;\u00e9checs) en 15 minutes par joueur plus 3 secondes par coup jou\u00e9. La rencontre s&rsquo;est globalement tr\u00e8s bien d\u00e9roul\u00e9e et tous les enfants \u00e9taient tr\u00e8s appliqu\u00e9s et soucieux de faire de belles parties d&rsquo;\u00e9checs.<\/p>\n<p><a href=\"https:\/\/vosgesinfo.fr\/app\/uploads\/sites\/6\/2025\/06\/rapide-de-gerardmer-echecs-1.jpg\"><img decoding=\"async\" class=\"alignright size-medium wp-image-78677\" src=\"https:\/\/vosgesinfo.fr\/app\/uploads\/sites\/6\/2025\/06\/rapide-de-gerardmer-echecs-1-300x225.jpg\" alt=\"\" width=\"300\" height=\"225\" srcset=\"https:\/\/vosgesinfo.fr\/app\/uploads\/sites\/6\/2025\/06\/rapide-de-gerardmer-echecs-1-300x225.jpg 300w, https:\/\/vosgesinfo.fr\/app\/uploads\/sites\/6\/2025\/06\/rapide-de-gerardmer-echecs-1-1024x768.jpg 1024w, https:\/\/vosgesinfo.fr\/app\/uploads\/sites\/6\/2025\/06\/rapide-de-gerardmer-echecs-1-768x576.jpg 768w, https:\/\/vosgesinfo.fr\/app\/uploads\/sites\/6\/2025\/06\/rapide-de-gerardmer-echecs-1-1536x1152.jpg 1536w, https:\/\/vosgesinfo.fr\/app\/uploads\/sites\/6\/2025\/06\/rapide-de-gerardmer-echecs-1.jpg 2048w\" sizes=\"(max-width: 300px) 100vw, 300px\" \/><\/a>Le club et ses b\u00e9n\u00e9voles tiennent \u00e0 remercier chaleureusement la Ville de G\u00e9rardmer pour la mise \u00e0 disposition des salles de l\u00a0\u00bbEspace du Tilleul qui offrent un environnement de jeu tr\u00e8s satisfaisant et tr\u00e8s appr\u00e9ci\u00e9 par les joueurs. Un grand merci \u00e9galement \u00e0 la boulangerie\u00a0\u00bb L&rsquo;instant de Bonheur\u00a0\u00bb de la rue du Lac qui a r\u00e9gal\u00e9 tout ce petit monde pour le d\u00e9jeuner.<\/p>\n<p>&nbsp;<\/p>\n<p><strong>Le palmar\u00e8s des tournois :<\/strong><\/p>\n<p><strong>Tournoi A :<\/strong><br \/>\n<a href=\"https:\/\/vosgesinfo.fr\/app\/uploads\/sites\/6\/2025\/06\/rapide-de-gerardmer-echecs-4.jpg\"><img decoding=\"async\" class=\"alignright size-medium wp-image-78675\" src=\"https:\/\/vosgesinfo.fr\/app\/uploads\/sites\/6\/2025\/06\/rapide-de-gerardmer-echecs-4-300x225.jpg\" alt=\"\" width=\"300\" height=\"225\" srcset=\"https:\/\/vosgesinfo.fr\/app\/uploads\/sites\/6\/2025\/06\/rapide-de-gerardmer-echecs-4-300x225.jpg 300w, https:\/\/vosgesinfo.fr\/app\/uploads\/sites\/6\/2025\/06\/rapide-de-gerardmer-echecs-4-1024x768.jpg 1024w, https:\/\/vosgesinfo.fr\/app\/uploads\/sites\/6\/2025\/06\/rapide-de-gerardmer-echecs-4-768x576.jpg 768w, https:\/\/vosgesinfo.fr\/app\/uploads\/sites\/6\/2025\/06\/rapide-de-gerardmer-echecs-4-1536x1152.jpg 1536w, https:\/\/vosgesinfo.fr\/app\/uploads\/sites\/6\/2025\/06\/rapide-de-gerardmer-echecs-4.jpg 2048w\" sizes=\"(max-width: 300px) 100vw, 300px\" \/><\/a>1er Manuel Valles (Ma\u00eetre International ) du club d&rsquo;\u00e9checs de Saint-Maur avec 6,5 points \/7<br \/>\n2\u00e8me DULOQUIN Timot\u00e9 (Minime) du club d&rsquo;\u00e9checs de Rethel (08)<br \/>\n3\u00e8me BAUER Laurent de Vandoeuvre -\u00e9checs<br \/>\nLa premi\u00e8re f\u00e9minine a \u00e9t\u00e9 Mathilde ESSLINGER du club d&rsquo;\u00e9checs de Strasbourg.<br \/>\nA noter la surprenante et tr\u00e8s belle performance de HILDWEIN Kenjy un Poussin du club d&rsquo;Eschentzwiller. La performance n&rsquo;attend pas le nombre des ann\u00e9es.<\/p>\n<p><strong>Tournoi B<\/strong><br \/>\n1er PEROCHE Augustib (Benjamin) 6.5 points \/7 club d&rsquo;\u00e9checs de Neufch\u00e2teau<br \/>\n2\u00e8me BAUER Lou (Benjamine) 5 points \/7 de Vandoeuvre-\u00e9checs<br \/>\n3\u00e8me BUCKEL Oryon (Poussin) du club d&rsquo;\u00e9checs de S\u00e9lestat.<\/p>\n<p><a href=\"https:\/\/vosgesinfo.fr\/app\/uploads\/sites\/6\/2025\/06\/rapide-de-gerardmer-echecs-3.jpg\"><img decoding=\"async\" class=\"aligncenter size-large wp-image-78674\" src=\"https:\/\/vosgesinfo.fr\/app\/uploads\/sites\/6\/2025\/06\/rapide-de-gerardmer-echecs-3-1024x768.jpg\" alt=\"\" width=\"1024\" height=\"768\" srcset=\"https:\/\/vosgesinfo.fr\/app\/uploads\/sites\/6\/2025\/06\/rapide-de-gerardmer-echecs-3-1024x768.jpg 1024w, https:\/\/vosgesinfo.fr\/app\/uploads\/sites\/6\/2025\/06\/rapide-de-gerardmer-echecs-3-300x225.jpg 300w, https:\/\/vosgesinfo.fr\/app\/uploads\/sites\/6\/2025\/06\/rapide-de-gerardmer-echecs-3-768x576.jpg 768w, https:\/\/vosgesinfo.fr\/app\/uploads\/sites\/6\/2025\/06\/rapide-de-gerardmer-echecs-3-1536x1152.jpg 1536w, https:\/\/vosgesinfo.fr\/app\/uploads\/sites\/6\/2025\/06\/rapide-de-gerardmer-echecs-3.jpg 2048w\" sizes=\"(max-width: 1024px) 100vw, 1024px\" \/><\/a><\/p>\n","protected":false},"excerpt":{"rendered":"<p>&nbsp; Le club l\u2019\u00c9chiquier de G\u00e9rardmer et son pr\u00e9sident Jean-Pierre List avaient le plaisir d&rsquo;organiser un Rapide \u00e0 l&rsquo;espace Tilleul [&hellip;]<\/p>\n","protected":false},"author":391,"featured_media":78675,"comment_status":"open","ping_status":"open","sticky":false,"template":"","format":"standard","meta":{"footnotes":""},"categories":[20,4,878,5647,25,328,868,946],"tags":[3635],"class_list":["post-78672","post","type-post","status-publish","format-standard","has-post-thumbnail","hentry","category-a-la-une","category-culture","category-epinal","category-gerardmer-autres-sites","category-gerardmer","category-la-plaine-des-vosges","category-remiremont","category-saint-die","tag-club-echecs"],"acf":[],"yoast_head":"<!-- This site is optimized with the Yoast SEO plugin v22.5 - https:\/\/yoast.com\/wordpress\/plugins\/seo\/ -->\n<title>\u00c9checs : encore une belle participation au Rapide G\u00e9rardmer - Gerardmer Info<\/title>\n<meta name=\"robots\" content=\"index, follow, max-snippet:-1, max-image-preview:large, max-video-preview:-1\" \/>\n<link rel=\"canonical\" href=\"https:\/\/vosgesinfo.fr\/gerardmerinfo\/2025\/06\/echecs-encore-une-belle-participation-au-rapide-gerardmer\/\" \/>\n<meta name=\"twitter:card\" content=\"summary_large_image\" \/>\n<meta name=\"twitter:title\" content=\"\u00c9checs : encore une belle participation au Rapide G\u00e9rardmer - Gerardmer Info\" \/>\n<meta name=\"twitter:description\" content=\"&nbsp; Le club l\u2019\u00c9chiquier de G\u00e9rardmer et son pr\u00e9sident Jean-Pierre List avaient le plaisir d&rsquo;organiser un Rapide \u00e0 l&rsquo;espace Tilleul [&hellip;]\" \/>\n<meta name=\"twitter:image\" content=\"https:\/\/vosgesinfo.fr\/app\/uploads\/sites\/6\/2025\/06\/rapide-de-gerardmer-echecs-4.jpg\" \/>\n<meta name=\"twitter:creator\" content=\"@VosgesInfo88\" \/>\n<meta name=\"twitter:site\" content=\"@VosgesInfo88\" \/>\n<meta name=\"twitter:label1\" content=\"\u00c9crit par\" \/>\n\t<meta name=\"twitter:data1\" content=\"La redaction\" \/>\n\t<meta name=\"twitter:label2\" content=\"Dur\u00e9e de lecture estim\u00e9e\" \/>\n\t<meta name=\"twitter:data2\" content=\"2 minutes\" \/>\n<script type=\"application\/ld+json\" class=\"yoast-schema-graph\">{\"@context\":\"https:\/\/schema.org\",\"@graph\":[{\"@type\":\"Article\",\"@id\":\"https:\/\/vosgesinfo.fr\/gerardmerinfo\/2025\/06\/echecs-encore-une-belle-participation-au-rapide-gerardmer\/#article\",\"isPartOf\":{\"@id\":\"https:\/\/vosgesinfo.fr\/gerardmerinfo\/2025\/06\/echecs-encore-une-belle-participation-au-rapide-gerardmer\/\"},\"author\":{\"name\":\"La redaction\",\"@id\":\"https:\/\/vosgesinfo.fr\/gerardmerinfo\/#\/schema\/person\/27a3695b06db98895b354c0765cdfc31\"},\"headline\":\"\u00c9checs : encore une belle participation au Rapide G\u00e9rardmer\",\"datePublished\":\"2025-06-01T12:35:18+00:00\",\"dateModified\":\"2025-06-01T11:52:11+00:00\",\"mainEntityOfPage\":{\"@id\":\"https:\/\/vosgesinfo.fr\/gerardmerinfo\/2025\/06\/echecs-encore-une-belle-participation-au-rapide-gerardmer\/\"},\"wordCount\":383,\"commentCount\":0,\"publisher\":{\"@id\":\"https:\/\/vosgesinfo.fr\/gerardmerinfo\/#organization\"},\"image\":{\"@id\":\"https:\/\/vosgesinfo.fr\/gerardmerinfo\/2025\/06\/echecs-encore-une-belle-participation-au-rapide-gerardmer\/#primaryimage\"},\"thumbnailUrl\":\"https:\/\/vosgesinfo.fr\/app\/uploads\/sites\/6\/2025\/06\/rapide-de-gerardmer-echecs-4.jpg\",\"keywords\":[\"club \u00e9checs\"],\"articleSection\":[\"A la une\",\"Culture\",\"Epinal\",\"Gerardmer\",\"G\u00e9rardmer\",\"La plaine des vosges\",\"Remiremont\",\"Saint-di\u00e9\"],\"inLanguage\":\"fr-FR\",\"potentialAction\":[{\"@type\":\"CommentAction\",\"name\":\"Comment\",\"target\":[\"https:\/\/vosgesinfo.fr\/gerardmerinfo\/2025\/06\/echecs-encore-une-belle-participation-au-rapide-gerardmer\/#respond\"]}]},{\"@type\":\"WebPage\",\"@id\":\"https:\/\/vosgesinfo.fr\/gerardmerinfo\/2025\/06\/echecs-encore-une-belle-participation-au-rapide-gerardmer\/\",\"url\":\"https:\/\/vosgesinfo.fr\/gerardmerinfo\/2025\/06\/echecs-encore-une-belle-participation-au-rapide-gerardmer\/\",\"name\":\"\u00c9checs : encore une belle participation au Rapide G\u00e9rardmer - Gerardmer Info\",\"isPartOf\":{\"@id\":\"https:\/\/vosgesinfo.fr\/gerardmerinfo\/#website\"},\"primaryImageOfPage\":{\"@id\":\"https:\/\/vosgesinfo.fr\/gerardmerinfo\/2025\/06\/echecs-encore-une-belle-participation-au-rapide-gerardmer\/#primaryimage\"},\"image\":{\"@id\":\"https:\/\/vosgesinfo.fr\/gerardmerinfo\/2025\/06\/echecs-encore-une-belle-participation-au-rapide-gerardmer\/#primaryimage\"},\"thumbnailUrl\":\"https:\/\/vosgesinfo.fr\/app\/uploads\/sites\/6\/2025\/06\/rapide-de-gerardmer-echecs-4.jpg\",\"datePublished\":\"2025-06-01T12:35:18+00:00\",\"dateModified\":\"2025-06-01T11:52:11+00:00\",\"breadcrumb\":{\"@id\":\"https:\/\/vosgesinfo.fr\/gerardmerinfo\/2025\/06\/echecs-encore-une-belle-participation-au-rapide-gerardmer\/#breadcrumb\"},\"inLanguage\":\"fr-FR\",\"potentialAction\":[{\"@type\":\"ReadAction\",\"target\":[\"https:\/\/vosgesinfo.fr\/gerardmerinfo\/2025\/06\/echecs-encore-une-belle-participation-au-rapide-gerardmer\/\"]}]},{\"@type\":\"ImageObject\",\"inLanguage\":\"fr-FR\",\"@id\":\"https:\/\/vosgesinfo.fr\/gerardmerinfo\/2025\/06\/echecs-encore-une-belle-participation-au-rapide-gerardmer\/#primaryimage\",\"url\":\"https:\/\/vosgesinfo.fr\/app\/uploads\/sites\/6\/2025\/06\/rapide-de-gerardmer-echecs-4.jpg\",\"contentUrl\":\"https:\/\/vosgesinfo.fr\/app\/uploads\/sites\/6\/2025\/06\/rapide-de-gerardmer-echecs-4.jpg\",\"width\":2048,\"height\":1536},{\"@type\":\"BreadcrumbList\",\"@id\":\"https:\/\/vosgesinfo.fr\/gerardmerinfo\/2025\/06\/echecs-encore-une-belle-participation-au-rapide-gerardmer\/#breadcrumb\",\"itemListElement\":[{\"@type\":\"ListItem\",\"position\":1,\"name\":\"Home\",\"item\":\"https:\/\/vosgesinfo.fr\/gerardmerinfo\/\"},{\"@type\":\"ListItem\",\"position\":2,\"name\":\"\u00c9checs : encore une belle participation au Rapide G\u00e9rardmer\"}]},{\"@type\":\"WebSite\",\"@id\":\"https:\/\/vosgesinfo.fr\/gerardmerinfo\/#website\",\"url\":\"https:\/\/vosgesinfo.fr\/gerardmerinfo\/\",\"name\":\"Gerardmer Info\",\"description\":\"Toute l&#039;actualit\u00e9 de G\u00e9rardmer\",\"publisher\":{\"@id\":\"https:\/\/vosgesinfo.fr\/gerardmerinfo\/#organization\"},\"alternateName\":\"Toute l'actualit\u00e9 de G\u00e9rardmer\",\"potentialAction\":[{\"@type\":\"SearchAction\",\"target\":{\"@type\":\"EntryPoint\",\"urlTemplate\":\"https:\/\/vosgesinfo.fr\/gerardmerinfo\/?s={search_term_string}\"},\"query-input\":\"required name=search_term_string\"}],\"inLanguage\":\"fr-FR\"},{\"@type\":\"Organization\",\"@id\":\"https:\/\/vosgesinfo.fr\/gerardmerinfo\/#organization\",\"name\":\"Gerardmer Info\",\"url\":\"https:\/\/vosgesinfo.fr\/gerardmerinfo\/\",\"logo\":{\"@type\":\"ImageObject\",\"inLanguage\":\"fr-FR\",\"@id\":\"https:\/\/vosgesinfo.fr\/gerardmerinfo\/#\/schema\/logo\/image\/\",\"url\":\"https:\/\/vosgesinfo.fr\/app\/uploads\/sites\/6\/2023\/08\/favicon-gerardmerinfo.png\",\"contentUrl\":\"https:\/\/vosgesinfo.fr\/app\/uploads\/sites\/6\/2023\/08\/favicon-gerardmerinfo.png\",\"width\":512,\"height\":512,\"caption\":\"Gerardmer Info\"},\"image\":{\"@id\":\"https:\/\/vosgesinfo.fr\/gerardmerinfo\/#\/schema\/logo\/image\/\"},\"sameAs\":[\"https:\/\/www.facebook.com\/profile.php?id=100049475262660\",\"https:\/\/x.com\/VosgesInfo88\",\"https:\/\/www.youtube.com\/@vosgesinfo\"]},{\"@type\":\"Person\",\"@id\":\"https:\/\/vosgesinfo.fr\/gerardmerinfo\/#\/schema\/person\/27a3695b06db98895b354c0765cdfc31\",\"name\":\"La redaction\",\"image\":{\"@type\":\"ImageObject\",\"inLanguage\":\"fr-FR\",\"@id\":\"https:\/\/vosgesinfo.fr\/gerardmerinfo\/#\/schema\/person\/image\/\",\"url\":\"https:\/\/secure.gravatar.com\/avatar\/64c76a78e501cedee55736f43f332df901e1896ae9cd8fad269ae2236dd0e8b6?s=96&d=mm&r=g\",\"contentUrl\":\"https:\/\/secure.gravatar.com\/avatar\/64c76a78e501cedee55736f43f332df901e1896ae9cd8fad269ae2236dd0e8b6?s=96&d=mm&r=g\",\"caption\":\"La redaction\"},\"url\":\"https:\/\/vosgesinfo.fr\/gerardmerinfo\/author\/la-redaction\/\"}]}<\/script>\n<!-- \/ Yoast SEO plugin. -->","yoast_head_json":{"title":"\u00c9checs : encore une belle participation au Rapide G\u00e9rardmer - Gerardmer Info","robots":{"index":"index","follow":"follow","max-snippet":"max-snippet:-1","max-image-preview":"max-image-preview:large","max-video-preview":"max-video-preview:-1"},"canonical":"https:\/\/vosgesinfo.fr\/gerardmerinfo\/2025\/06\/echecs-encore-une-belle-participation-au-rapide-gerardmer\/","twitter_card":"summary_large_image","twitter_title":"\u00c9checs : encore une belle participation au Rapide G\u00e9rardmer - Gerardmer Info","twitter_description":"&nbsp; Le club l\u2019\u00c9chiquier de G\u00e9rardmer et son pr\u00e9sident Jean-Pierre List avaient le plaisir d&rsquo;organiser un Rapide \u00e0 l&rsquo;espace Tilleul [&hellip;]","twitter_image":"https:\/\/vosgesinfo.fr\/app\/uploads\/sites\/6\/2025\/06\/rapide-de-gerardmer-echecs-4.jpg","twitter_creator":"@VosgesInfo88","twitter_site":"@VosgesInfo88","twitter_misc":{"\u00c9crit par":"La redaction","Dur\u00e9e de lecture estim\u00e9e":"2 minutes"},"schema":{"@context":"https:\/\/schema.org","@graph":[{"@type":"Article","@id":"https:\/\/vosgesinfo.fr\/gerardmerinfo\/2025\/06\/echecs-encore-une-belle-participation-au-rapide-gerardmer\/#article","isPartOf":{"@id":"https:\/\/vosgesinfo.fr\/gerardmerinfo\/2025\/06\/echecs-encore-une-belle-participation-au-rapide-gerardmer\/"},"author":{"name":"La redaction","@id":"https:\/\/vosgesinfo.fr\/gerardmerinfo\/#\/schema\/person\/27a3695b06db98895b354c0765cdfc31"},"headline":"\u00c9checs : encore une belle participation au Rapide G\u00e9rardmer","datePublished":"2025-06-01T12:35:18+00:00","dateModified":"2025-06-01T11:52:11+00:00","mainEntityOfPage":{"@id":"https:\/\/vosgesinfo.fr\/gerardmerinfo\/2025\/06\/echecs-encore-une-belle-participation-au-rapide-gerardmer\/"},"wordCount":383,"commentCount":0,"publisher":{"@id":"https:\/\/vosgesinfo.fr\/gerardmerinfo\/#organization"},"image":{"@id":"https:\/\/vosgesinfo.fr\/gerardmerinfo\/2025\/06\/echecs-encore-une-belle-participation-au-rapide-gerardmer\/#primaryimage"},"thumbnailUrl":"https:\/\/vosgesinfo.fr\/app\/uploads\/sites\/6\/2025\/06\/rapide-de-gerardmer-echecs-4.jpg","keywords":["club \u00e9checs"],"articleSection":["A la une","Culture","Epinal","Gerardmer","G\u00e9rardmer","La plaine des vosges","Remiremont","Saint-di\u00e9"],"inLanguage":"fr-FR","potentialAction":[{"@type":"CommentAction","name":"Comment","target":["https:\/\/vosgesinfo.fr\/gerardmerinfo\/2025\/06\/echecs-encore-une-belle-participation-au-rapide-gerardmer\/#respond"]}]},{"@type":"WebPage","@id":"https:\/\/vosgesinfo.fr\/gerardmerinfo\/2025\/06\/echecs-encore-une-belle-participation-au-rapide-gerardmer\/","url":"https:\/\/vosgesinfo.fr\/gerardmerinfo\/2025\/06\/echecs-encore-une-belle-participation-au-rapide-gerardmer\/","name":"\u00c9checs : encore une belle participation au Rapide G\u00e9rardmer - Gerardmer Info","isPartOf":{"@id":"https:\/\/vosgesinfo.fr\/gerardmerinfo\/#website"},"primaryImageOfPage":{"@id":"https:\/\/vosgesinfo.fr\/gerardmerinfo\/2025\/06\/echecs-encore-une-belle-participation-au-rapide-gerardmer\/#primaryimage"},"image":{"@id":"https:\/\/vosgesinfo.fr\/gerardmerinfo\/2025\/06\/echecs-encore-une-belle-participation-au-rapide-gerardmer\/#primaryimage"},"thumbnailUrl":"https:\/\/vosgesinfo.fr\/app\/uploads\/sites\/6\/2025\/06\/rapide-de-gerardmer-echecs-4.jpg","datePublished":"2025-06-01T12:35:18+00:00","dateModified":"2025-06-01T11:52:11+00:00","breadcrumb":{"@id":"https:\/\/vosgesinfo.fr\/gerardmerinfo\/2025\/06\/echecs-encore-une-belle-participation-au-rapide-gerardmer\/#breadcrumb"},"inLanguage":"fr-FR","potentialAction":[{"@type":"ReadAction","target":["https:\/\/vosgesinfo.fr\/gerardmerinfo\/2025\/06\/echecs-encore-une-belle-participation-au-rapide-gerardmer\/"]}]},{"@type":"ImageObject","inLanguage":"fr-FR","@id":"https:\/\/vosgesinfo.fr\/gerardmerinfo\/2025\/06\/echecs-encore-une-belle-participation-au-rapide-gerardmer\/#primaryimage","url":"https:\/\/vosgesinfo.fr\/app\/uploads\/sites\/6\/2025\/06\/rapide-de-gerardmer-echecs-4.jpg","contentUrl":"https:\/\/vosgesinfo.fr\/app\/uploads\/sites\/6\/2025\/06\/rapide-de-gerardmer-echecs-4.jpg","width":2048,"height":1536},{"@type":"BreadcrumbList","@id":"https:\/\/vosgesinfo.fr\/gerardmerinfo\/2025\/06\/echecs-encore-une-belle-participation-au-rapide-gerardmer\/#breadcrumb","itemListElement":[{"@type":"ListItem","position":1,"name":"Home","item":"https:\/\/vosgesinfo.fr\/gerardmerinfo\/"},{"@type":"ListItem","position":2,"name":"\u00c9checs : encore une belle participation au Rapide G\u00e9rardmer"}]},{"@type":"WebSite","@id":"https:\/\/vosgesinfo.fr\/gerardmerinfo\/#website","url":"https:\/\/vosgesinfo.fr\/gerardmerinfo\/","name":"Gerardmer Info","description":"Toute l&#039;actualit\u00e9 de G\u00e9rardmer","publisher":{"@id":"https:\/\/vosgesinfo.fr\/gerardmerinfo\/#organization"},"alternateName":"Toute l'actualit\u00e9 de G\u00e9rardmer","potentialAction":[{"@type":"SearchAction","target":{"@type":"EntryPoint","urlTemplate":"https:\/\/vosgesinfo.fr\/gerardmerinfo\/?s={search_term_string}"},"query-input":"required name=search_term_string"}],"inLanguage":"fr-FR"},{"@type":"Organization","@id":"https:\/\/vosgesinfo.fr\/gerardmerinfo\/#organization","name":"Gerardmer Info","url":"https:\/\/vosgesinfo.fr\/gerardmerinfo\/","logo":{"@type":"ImageObject","inLanguage":"fr-FR","@id":"https:\/\/vosgesinfo.fr\/gerardmerinfo\/#\/schema\/logo\/image\/","url":"https:\/\/vosgesinfo.fr\/app\/uploads\/sites\/6\/2023\/08\/favicon-gerardmerinfo.png","contentUrl":"https:\/\/vosgesinfo.fr\/app\/uploads\/sites\/6\/2023\/08\/favicon-gerardmerinfo.png","width":512,"height":512,"caption":"Gerardmer Info"},"image":{"@id":"https:\/\/vosgesinfo.fr\/gerardmerinfo\/#\/schema\/logo\/image\/"},"sameAs":["https:\/\/www.facebook.com\/profile.php?id=100049475262660","https:\/\/x.com\/VosgesInfo88","https:\/\/www.youtube.com\/@vosgesinfo"]},{"@type":"Person","@id":"https:\/\/vosgesinfo.fr\/gerardmerinfo\/#\/schema\/person\/27a3695b06db98895b354c0765cdfc31","name":"La redaction","image":{"@type":"ImageObject","inLanguage":"fr-FR","@id":"https:\/\/vosgesinfo.fr\/gerardmerinfo\/#\/schema\/person\/image\/","url":"https:\/\/secure.gravatar.com\/avatar\/64c76a78e501cedee55736f43f332df901e1896ae9cd8fad269ae2236dd0e8b6?s=96&d=mm&r=g","contentUrl":"https:\/\/secure.gravatar.com\/avatar\/64c76a78e501cedee55736f43f332df901e1896ae9cd8fad269ae2236dd0e8b6?s=96&d=mm&r=g","caption":"La redaction"},"url":"https:\/\/vosgesinfo.fr\/gerardmerinfo\/author\/la-redaction\/"}]}},"_links":{"self":[{"href":"https:\/\/vosgesinfo.fr\/gerardmerinfo\/wp-json\/wp\/v2\/posts\/78672","targetHints":{"allow":["GET"]}}],"collection":[{"href":"https:\/\/vosgesinfo.fr\/gerardmerinfo\/wp-json\/wp\/v2\/posts"}],"about":[{"href":"https:\/\/vosgesinfo.fr\/gerardmerinfo\/wp-json\/wp\/v2\/types\/post"}],"author":[{"embeddable":true,"href":"https:\/\/vosgesinfo.fr\/gerardmerinfo\/wp-json\/wp\/v2\/users\/391"}],"replies":[{"embeddable":true,"href":"https:\/\/vosgesinfo.fr\/gerardmerinfo\/wp-json\/wp\/v2\/comments?post=78672"}],"version-history":[{"count":1,"href":"https:\/\/vosgesinfo.fr\/gerardmerinfo\/wp-json\/wp\/v2\/posts\/78672\/revisions"}],"predecessor-version":[{"id":78678,"href":"https:\/\/vosgesinfo.fr\/gerardmerinfo\/wp-json\/wp\/v2\/posts\/78672\/revisions\/78678"}],"wp:featuredmedia":[{"embeddable":true,"href":"https:\/\/vosgesinfo.fr\/gerardmerinfo\/wp-json\/wp\/v2\/media\/78675"}],"wp:attachment":[{"href":"https:\/\/vosgesinfo.fr\/gerardmerinfo\/wp-json\/wp\/v2\/media?parent=78672"}],"wp:term":[{"taxonomy":"category","embeddable":true,"href":"https:\/\/vosgesinfo.fr\/gerardmerinfo\/wp-json\/wp\/v2\/categories?post=78672"},{"taxonomy":"post_tag","embeddable":true,"href":"https:\/\/vosgesinfo.fr\/gerardmerinfo\/wp-json\/wp\/v2\/tags?post=78672"}],"curies":[{"name":"wp","href":"https:\/\/api.w.org\/{rel}","templated":true}]}}