{"id":78681,"date":"2025-06-01T14:45:25","date_gmt":"2025-06-01T12:45:25","guid":{"rendered":"https:\/\/vosgesinfo.fr\/gerardmerinfo\/?p=78681"},"modified":"2025-06-01T14:22:25","modified_gmt":"2025-06-01T12:22:25","slug":"selectif-national-de-vitesse-de-strasbourg-les-jeunes-de-lasg-ck-au-rdv","status":"publish","type":"post","link":"https:\/\/vosgesinfo.fr\/gerardmerinfo\/2025\/06\/selectif-national-de-vitesse-de-strasbourg-les-jeunes-de-lasg-ck-au-rdv\/","title":{"rendered":"S\u00e9lectif national de vitesse de Strasbourg, les jeunes de l&rsquo;ASG CK au RDV !"},"content":{"rendered":"<div id=\"UniqueMessageBody_20\" class=\"XbIp4 jmmB7 GNqVo allowTextSelection OuGoX\" tabindex=\"0\" aria-label=\"Corps du message\">\n<div>\n<div class=\"rps_6975\">\n<div>\n<div dir=\"ltr\">\n<div dir=\"ltr\">\n<div id=\"attachment_78684\" style=\"width: 1034px\" class=\"wp-caption aligncenter\"><a href=\"https:\/\/vosgesinfo.fr\/app\/uploads\/sites\/6\/2025\/06\/les-athletes-de-lasg-ck.jpeg\"><img decoding=\"async\" aria-describedby=\"caption-attachment-78684\" class=\"size-large wp-image-78684\" src=\"https:\/\/vosgesinfo.fr\/app\/uploads\/sites\/6\/2025\/06\/les-athletes-de-lasg-ck-1024x488.jpeg\" alt=\"\" width=\"1024\" height=\"488\" srcset=\"https:\/\/vosgesinfo.fr\/app\/uploads\/sites\/6\/2025\/06\/les-athletes-de-lasg-ck-1024x488.jpeg 1024w, https:\/\/vosgesinfo.fr\/app\/uploads\/sites\/6\/2025\/06\/les-athletes-de-lasg-ck-300x143.jpeg 300w, https:\/\/vosgesinfo.fr\/app\/uploads\/sites\/6\/2025\/06\/les-athletes-de-lasg-ck-768x366.jpeg 768w, https:\/\/vosgesinfo.fr\/app\/uploads\/sites\/6\/2025\/06\/les-athletes-de-lasg-ck-1536x732.jpeg 1536w, https:\/\/vosgesinfo.fr\/app\/uploads\/sites\/6\/2025\/06\/les-athletes-de-lasg-ck.jpeg 1569w\" sizes=\"(max-width: 1024px) 100vw, 1024px\" \/><\/a><p id=\"caption-attachment-78684\" class=\"wp-caption-text\">Les jeunes athl\u00e8tes de l&rsquo;ASG CK<\/p><\/div>\n<p>&nbsp;<\/p>\n<p class=\"x_MsoNormal\"><b data-olk-copy-source=\"MessageBody\">Emmen\u00e9s par leur cheffe de file Chlo\u00e9 NICOT, meilleure Fran\u00e7aise en cano\u00eb U23, les jeunes pagayeuses et pagayeurs de G\u00e9rardmer participaient ce week-end des 31 mai et 1<sup>er<\/sup> juin au S\u00e9lectif national de vitesse sur 200m \u00e0 Strasbourg.\u00a0 Quelques 300 athl\u00e8tes issus de 31 clubs de la moiti\u00e9 Est de la France \u00e9taient venus y chercher leur s\u00e9lection pour le Championnat de France 2025 de la distance. Et c\u2019est peu dire que les athl\u00e8tes\u00a0de la Perle des Vosges ont tenu leur rang.<\/b><\/p>\n<div id=\"attachment_78682\" style=\"width: 310px\" class=\"wp-caption alignright\"><a href=\"https:\/\/vosgesinfo.fr\/app\/uploads\/sites\/6\/2025\/06\/chloe-nicot-aux-avant-postes.jpeg\"><img decoding=\"async\" aria-describedby=\"caption-attachment-78682\" class=\"size-medium wp-image-78682\" src=\"https:\/\/vosgesinfo.fr\/app\/uploads\/sites\/6\/2025\/06\/chloe-nicot-aux-avant-postes-300x165.jpeg\" alt=\"\" width=\"300\" height=\"165\" srcset=\"https:\/\/vosgesinfo.fr\/app\/uploads\/sites\/6\/2025\/06\/chloe-nicot-aux-avant-postes-300x165.jpeg 300w, https:\/\/vosgesinfo.fr\/app\/uploads\/sites\/6\/2025\/06\/chloe-nicot-aux-avant-postes-1024x564.jpeg 1024w, https:\/\/vosgesinfo.fr\/app\/uploads\/sites\/6\/2025\/06\/chloe-nicot-aux-avant-postes-768x423.jpeg 768w, https:\/\/vosgesinfo.fr\/app\/uploads\/sites\/6\/2025\/06\/chloe-nicot-aux-avant-postes-1536x846.jpeg 1536w, https:\/\/vosgesinfo.fr\/app\/uploads\/sites\/6\/2025\/06\/chloe-nicot-aux-avant-postes.jpeg 1655w\" sizes=\"(max-width: 300px) 100vw, 300px\" \/><\/a><p id=\"caption-attachment-78682\" class=\"wp-caption-text\">Chlo\u00e9 NICOT aux avant-postes<\/p><\/div>\n<p class=\"x_MsoNormal\">Si Chlo\u00e9 l\u2019emporte logiquement dans sa cat\u00e9gorie avec le meilleur temps du week-end chez les cano\u00ebs dames (46s299), sa grande s\u0153ur Am\u00e9lie prend dans la m\u00eame course une belle\u00a03\u00e8me place. En \u00e9quipage, elles brillent comme \u00e0 leur habitude et s\u2019imposent en famille dans le temps canon de 46s580. Mais c\u2019est aussi du c\u00f4t\u00e9 des jeunes espoirs du club, et notamment des filles, que les performances prometteuses ont \u00e9t\u00e9 au RDV.<\/p>\n<p class=\"x_MsoNormal\">En cat\u00e9gorie kayak dame minime, M\u00e9lyne ROBERT s\u2019impose ais\u00e9ment en 51s871 et s\u2019offre \u00e9galement la m\u00e9daille d\u2019or en biplace associ\u00e9 \u00e0 Aliya FRANCKE BELHADJ, elle-m\u00eame\u00a03<sup>\u00e8me<\/sup> en individuel. En kayak homme minime, Evan DIDIER domine les d\u00e9bats en 51s163. De bonne augure pour ces trois comp\u00e9titeurs U14 en vue de leur s\u00e9lection en \u00e9quipe r\u00e9gionale Grand Est pour la R\u00e9gate nationale de l\u2019Espoir de cet \u00e9t\u00e9.<\/p>\n<p class=\"x_MsoNormal\">En kayak homme junior, Antonin OUDIN, quelque peu en difficult\u00e9 lors de sa s\u00e9rie, remporte haut la main la finale C avec un temps de 45s286 qui pouvait lui laisser esp\u00e9rer une bonne place en finale B. Chez les cadets, Lubin HUBSCHI est malheureusement disqualifi\u00e9 pour une sortie de couloir lors d\u2019une finale C o\u00f9 il se positionnait pourtant en milieu de tableau. En kayak dame de la m\u00eame cat\u00e9gorie, elles \u00e9taient deux G\u00e9r\u00f4moises qualifi\u00e9es en finale A, et c\u2019est Lisa MATHIOT qui r\u00e9alise la meilleure performance en prenant la 5<sup>\u00e8me<\/sup> place en 48s158, devant L\u00e9onie DIDIER 6<sup>\u00e8me<\/sup>, au coude \u00e0 coude avec les meilleures Fran\u00e7aises de la discipline. Alycia REMY remporte quant \u00e0 elle la finale C en 53s440. Associ\u00e9e \u00e0 L\u00e9onie en kayak biplace, elle avait obtenu la veille la 6<sup>\u00e8me<\/sup> place dans cette m\u00eame cat\u00e9gorie d\u2019\u00e2ge en 51s931.<\/p>\n<p class=\"x_MsoNormal\">Le RDV est d\u00e9sormais fix\u00e9 \u00e0 Libourne (Gironde) du 8 au 13 juillet prochain pour un Championnat de France 2025 que les jeunes repr\u00e9sentants de l\u2019AS G\u00e9rardmer CK aborderont avec de tr\u00e8s belles ambitions.<\/p>\n<p class=\"x_MsoNormal\">Photos\u00a0: Sandra RUZZON pour l\u2019AS G\u00e9rardmer CK<\/p>\n<div id=\"attachment_78683\" style=\"width: 1034px\" class=\"wp-caption aligncenter\"><a href=\"https:\/\/vosgesinfo.fr\/app\/uploads\/sites\/6\/2025\/06\/un-selectif-national-releve.jpeg\"><img decoding=\"async\" aria-describedby=\"caption-attachment-78683\" class=\"size-large wp-image-78683\" src=\"https:\/\/vosgesinfo.fr\/app\/uploads\/sites\/6\/2025\/06\/un-selectif-national-releve-1024x601.jpeg\" alt=\"\" width=\"1024\" height=\"601\" srcset=\"https:\/\/vosgesinfo.fr\/app\/uploads\/sites\/6\/2025\/06\/un-selectif-national-releve-1024x601.jpeg 1024w, https:\/\/vosgesinfo.fr\/app\/uploads\/sites\/6\/2025\/06\/un-selectif-national-releve-300x176.jpeg 300w, https:\/\/vosgesinfo.fr\/app\/uploads\/sites\/6\/2025\/06\/un-selectif-national-releve-768x451.jpeg 768w, https:\/\/vosgesinfo.fr\/app\/uploads\/sites\/6\/2025\/06\/un-selectif-national-releve-1536x902.jpeg 1536w, https:\/\/vosgesinfo.fr\/app\/uploads\/sites\/6\/2025\/06\/un-selectif-national-releve.jpeg 1567w\" sizes=\"(max-width: 1024px) 100vw, 1024px\" \/><\/a><p id=\"caption-attachment-78683\" class=\"wp-caption-text\">Un s\u00e9lectif national relev\u00e9<\/p><\/div>\n<\/div>\n<\/div>\n<\/div>\n<\/div>\n<\/div>\n<\/div>\n","protected":false},"excerpt":{"rendered":"<p>&nbsp; Emmen\u00e9s par leur cheffe de file Chlo\u00e9 NICOT, meilleure Fran\u00e7aise en cano\u00eb U23, les jeunes pagayeuses et pagayeurs de [&hellip;]<\/p>\n","protected":false},"author":391,"featured_media":78682,"comment_status":"open","ping_status":"open","sticky":false,"template":"","format":"standard","meta":{"footnotes":""},"categories":[20,25,5647,14],"tags":[249,753],"class_list":["post-78681","post","type-post","status-publish","format-standard","has-post-thumbnail","hentry","category-a-la-une","category-gerardmer","category-gerardmer-autres-sites","category-sport","tag-asg-canoe-kayak","tag-chloe-nicot"],"acf":[],"yoast_head":"<!-- This site is optimized with the Yoast SEO plugin v22.5 - https:\/\/yoast.com\/wordpress\/plugins\/seo\/ -->\n<title>S\u00e9lectif national de vitesse de Strasbourg, les jeunes de l&#039;ASG CK au RDV ! - Gerardmer Info<\/title>\n<meta name=\"robots\" content=\"index, follow, max-snippet:-1, max-image-preview:large, max-video-preview:-1\" \/>\n<link rel=\"canonical\" href=\"https:\/\/vosgesinfo.fr\/gerardmerinfo\/2025\/06\/selectif-national-de-vitesse-de-strasbourg-les-jeunes-de-lasg-ck-au-rdv\/\" \/>\n<meta name=\"twitter:card\" content=\"summary_large_image\" \/>\n<meta name=\"twitter:title\" content=\"S\u00e9lectif national de vitesse de Strasbourg, les jeunes de l&#039;ASG CK au RDV ! - Gerardmer Info\" \/>\n<meta name=\"twitter:description\" content=\"&nbsp; Emmen\u00e9s par leur cheffe de file Chlo\u00e9 NICOT, meilleure Fran\u00e7aise en cano\u00eb U23, les jeunes pagayeuses et pagayeurs de [&hellip;]\" \/>\n<meta name=\"twitter:image\" content=\"https:\/\/vosgesinfo.fr\/app\/uploads\/sites\/6\/2025\/06\/chloe-nicot-aux-avant-postes.jpeg\" \/>\n<meta name=\"twitter:creator\" content=\"@VosgesInfo88\" \/>\n<meta name=\"twitter:site\" content=\"@VosgesInfo88\" \/>\n<meta name=\"twitter:label1\" content=\"\u00c9crit par\" \/>\n\t<meta name=\"twitter:data1\" content=\"La redaction\" \/>\n\t<meta name=\"twitter:label2\" content=\"Dur\u00e9e de lecture estim\u00e9e\" \/>\n\t<meta name=\"twitter:data2\" content=\"4 minutes\" \/>\n<script type=\"application\/ld+json\" class=\"yoast-schema-graph\">{\"@context\":\"https:\/\/schema.org\",\"@graph\":[{\"@type\":\"Article\",\"@id\":\"https:\/\/vosgesinfo.fr\/gerardmerinfo\/2025\/06\/selectif-national-de-vitesse-de-strasbourg-les-jeunes-de-lasg-ck-au-rdv\/#article\",\"isPartOf\":{\"@id\":\"https:\/\/vosgesinfo.fr\/gerardmerinfo\/2025\/06\/selectif-national-de-vitesse-de-strasbourg-les-jeunes-de-lasg-ck-au-rdv\/\"},\"author\":{\"name\":\"La redaction\",\"@id\":\"https:\/\/vosgesinfo.fr\/gerardmerinfo\/#\/schema\/person\/27a3695b06db98895b354c0765cdfc31\"},\"headline\":\"S\u00e9lectif national de vitesse de Strasbourg, les jeunes de l&rsquo;ASG CK au RDV !\",\"datePublished\":\"2025-06-01T12:45:25+00:00\",\"dateModified\":\"2025-06-01T12:22:25+00:00\",\"mainEntityOfPage\":{\"@id\":\"https:\/\/vosgesinfo.fr\/gerardmerinfo\/2025\/06\/selectif-national-de-vitesse-de-strasbourg-les-jeunes-de-lasg-ck-au-rdv\/\"},\"wordCount\":497,\"commentCount\":0,\"publisher\":{\"@id\":\"https:\/\/vosgesinfo.fr\/gerardmerinfo\/#organization\"},\"image\":{\"@id\":\"https:\/\/vosgesinfo.fr\/gerardmerinfo\/2025\/06\/selectif-national-de-vitesse-de-strasbourg-les-jeunes-de-lasg-ck-au-rdv\/#primaryimage\"},\"thumbnailUrl\":\"https:\/\/vosgesinfo.fr\/app\/uploads\/sites\/6\/2025\/06\/chloe-nicot-aux-avant-postes.jpeg\",\"keywords\":[\"asg canoe kayak\",\"chlo\u00e9 nicot\"],\"articleSection\":[\"A la une\",\"G\u00e9rardmer\",\"Gerardmer\",\"Sport\"],\"inLanguage\":\"fr-FR\",\"potentialAction\":[{\"@type\":\"CommentAction\",\"name\":\"Comment\",\"target\":[\"https:\/\/vosgesinfo.fr\/gerardmerinfo\/2025\/06\/selectif-national-de-vitesse-de-strasbourg-les-jeunes-de-lasg-ck-au-rdv\/#respond\"]}]},{\"@type\":\"WebPage\",\"@id\":\"https:\/\/vosgesinfo.fr\/gerardmerinfo\/2025\/06\/selectif-national-de-vitesse-de-strasbourg-les-jeunes-de-lasg-ck-au-rdv\/\",\"url\":\"https:\/\/vosgesinfo.fr\/gerardmerinfo\/2025\/06\/selectif-national-de-vitesse-de-strasbourg-les-jeunes-de-lasg-ck-au-rdv\/\",\"name\":\"S\u00e9lectif national de vitesse de Strasbourg, les jeunes de l'ASG CK au RDV ! - Gerardmer Info\",\"isPartOf\":{\"@id\":\"https:\/\/vosgesinfo.fr\/gerardmerinfo\/#website\"},\"primaryImageOfPage\":{\"@id\":\"https:\/\/vosgesinfo.fr\/gerardmerinfo\/2025\/06\/selectif-national-de-vitesse-de-strasbourg-les-jeunes-de-lasg-ck-au-rdv\/#primaryimage\"},\"image\":{\"@id\":\"https:\/\/vosgesinfo.fr\/gerardmerinfo\/2025\/06\/selectif-national-de-vitesse-de-strasbourg-les-jeunes-de-lasg-ck-au-rdv\/#primaryimage\"},\"thumbnailUrl\":\"https:\/\/vosgesinfo.fr\/app\/uploads\/sites\/6\/2025\/06\/chloe-nicot-aux-avant-postes.jpeg\",\"datePublished\":\"2025-06-01T12:45:25+00:00\",\"dateModified\":\"2025-06-01T12:22:25+00:00\",\"breadcrumb\":{\"@id\":\"https:\/\/vosgesinfo.fr\/gerardmerinfo\/2025\/06\/selectif-national-de-vitesse-de-strasbourg-les-jeunes-de-lasg-ck-au-rdv\/#breadcrumb\"},\"inLanguage\":\"fr-FR\",\"potentialAction\":[{\"@type\":\"ReadAction\",\"target\":[\"https:\/\/vosgesinfo.fr\/gerardmerinfo\/2025\/06\/selectif-national-de-vitesse-de-strasbourg-les-jeunes-de-lasg-ck-au-rdv\/\"]}]},{\"@type\":\"ImageObject\",\"inLanguage\":\"fr-FR\",\"@id\":\"https:\/\/vosgesinfo.fr\/gerardmerinfo\/2025\/06\/selectif-national-de-vitesse-de-strasbourg-les-jeunes-de-lasg-ck-au-rdv\/#primaryimage\",\"url\":\"https:\/\/vosgesinfo.fr\/app\/uploads\/sites\/6\/2025\/06\/chloe-nicot-aux-avant-postes.jpeg\",\"contentUrl\":\"https:\/\/vosgesinfo.fr\/app\/uploads\/sites\/6\/2025\/06\/chloe-nicot-aux-avant-postes.jpeg\",\"width\":1655,\"height\":912,\"caption\":\"Chlo\u00e9 NICOT aux avant-postes\"},{\"@type\":\"BreadcrumbList\",\"@id\":\"https:\/\/vosgesinfo.fr\/gerardmerinfo\/2025\/06\/selectif-national-de-vitesse-de-strasbourg-les-jeunes-de-lasg-ck-au-rdv\/#breadcrumb\",\"itemListElement\":[{\"@type\":\"ListItem\",\"position\":1,\"name\":\"Home\",\"item\":\"https:\/\/vosgesinfo.fr\/gerardmerinfo\/\"},{\"@type\":\"ListItem\",\"position\":2,\"name\":\"S\u00e9lectif national de vitesse de Strasbourg, les jeunes de l&rsquo;ASG CK au RDV !\"}]},{\"@type\":\"WebSite\",\"@id\":\"https:\/\/vosgesinfo.fr\/gerardmerinfo\/#website\",\"url\":\"https:\/\/vosgesinfo.fr\/gerardmerinfo\/\",\"name\":\"Gerardmer Info\",\"description\":\"Toute l&#039;actualit\u00e9 de G\u00e9rardmer\",\"publisher\":{\"@id\":\"https:\/\/vosgesinfo.fr\/gerardmerinfo\/#organization\"},\"alternateName\":\"Toute l'actualit\u00e9 de G\u00e9rardmer\",\"potentialAction\":[{\"@type\":\"SearchAction\",\"target\":{\"@type\":\"EntryPoint\",\"urlTemplate\":\"https:\/\/vosgesinfo.fr\/gerardmerinfo\/?s={search_term_string}\"},\"query-input\":\"required name=search_term_string\"}],\"inLanguage\":\"fr-FR\"},{\"@type\":\"Organization\",\"@id\":\"https:\/\/vosgesinfo.fr\/gerardmerinfo\/#organization\",\"name\":\"Gerardmer Info\",\"url\":\"https:\/\/vosgesinfo.fr\/gerardmerinfo\/\",\"logo\":{\"@type\":\"ImageObject\",\"inLanguage\":\"fr-FR\",\"@id\":\"https:\/\/vosgesinfo.fr\/gerardmerinfo\/#\/schema\/logo\/image\/\",\"url\":\"https:\/\/vosgesinfo.fr\/app\/uploads\/sites\/6\/2023\/08\/favicon-gerardmerinfo.png\",\"contentUrl\":\"https:\/\/vosgesinfo.fr\/app\/uploads\/sites\/6\/2023\/08\/favicon-gerardmerinfo.png\",\"width\":512,\"height\":512,\"caption\":\"Gerardmer Info\"},\"image\":{\"@id\":\"https:\/\/vosgesinfo.fr\/gerardmerinfo\/#\/schema\/logo\/image\/\"},\"sameAs\":[\"https:\/\/www.facebook.com\/profile.php?id=100049475262660\",\"https:\/\/x.com\/VosgesInfo88\",\"https:\/\/www.youtube.com\/@vosgesinfo\"]},{\"@type\":\"Person\",\"@id\":\"https:\/\/vosgesinfo.fr\/gerardmerinfo\/#\/schema\/person\/27a3695b06db98895b354c0765cdfc31\",\"name\":\"La redaction\",\"image\":{\"@type\":\"ImageObject\",\"inLanguage\":\"fr-FR\",\"@id\":\"https:\/\/vosgesinfo.fr\/gerardmerinfo\/#\/schema\/person\/image\/\",\"url\":\"https:\/\/secure.gravatar.com\/avatar\/64c76a78e501cedee55736f43f332df901e1896ae9cd8fad269ae2236dd0e8b6?s=96&d=mm&r=g\",\"contentUrl\":\"https:\/\/secure.gravatar.com\/avatar\/64c76a78e501cedee55736f43f332df901e1896ae9cd8fad269ae2236dd0e8b6?s=96&d=mm&r=g\",\"caption\":\"La redaction\"},\"url\":\"https:\/\/vosgesinfo.fr\/gerardmerinfo\/author\/la-redaction\/\"}]}<\/script>\n<!-- \/ Yoast SEO plugin. -->","yoast_head_json":{"title":"S\u00e9lectif national de vitesse de Strasbourg, les jeunes de l'ASG CK au RDV ! - Gerardmer Info","robots":{"index":"index","follow":"follow","max-snippet":"max-snippet:-1","max-image-preview":"max-image-preview:large","max-video-preview":"max-video-preview:-1"},"canonical":"https:\/\/vosgesinfo.fr\/gerardmerinfo\/2025\/06\/selectif-national-de-vitesse-de-strasbourg-les-jeunes-de-lasg-ck-au-rdv\/","twitter_card":"summary_large_image","twitter_title":"S\u00e9lectif national de vitesse de Strasbourg, les jeunes de l'ASG CK au RDV ! - Gerardmer Info","twitter_description":"&nbsp; Emmen\u00e9s par leur cheffe de file Chlo\u00e9 NICOT, meilleure Fran\u00e7aise en cano\u00eb U23, les jeunes pagayeuses et pagayeurs de [&hellip;]","twitter_image":"https:\/\/vosgesinfo.fr\/app\/uploads\/sites\/6\/2025\/06\/chloe-nicot-aux-avant-postes.jpeg","twitter_creator":"@VosgesInfo88","twitter_site":"@VosgesInfo88","twitter_misc":{"\u00c9crit par":"La redaction","Dur\u00e9e de lecture estim\u00e9e":"4 minutes"},"schema":{"@context":"https:\/\/schema.org","@graph":[{"@type":"Article","@id":"https:\/\/vosgesinfo.fr\/gerardmerinfo\/2025\/06\/selectif-national-de-vitesse-de-strasbourg-les-jeunes-de-lasg-ck-au-rdv\/#article","isPartOf":{"@id":"https:\/\/vosgesinfo.fr\/gerardmerinfo\/2025\/06\/selectif-national-de-vitesse-de-strasbourg-les-jeunes-de-lasg-ck-au-rdv\/"},"author":{"name":"La redaction","@id":"https:\/\/vosgesinfo.fr\/gerardmerinfo\/#\/schema\/person\/27a3695b06db98895b354c0765cdfc31"},"headline":"S\u00e9lectif national de vitesse de Strasbourg, les jeunes de l&rsquo;ASG CK au RDV !","datePublished":"2025-06-01T12:45:25+00:00","dateModified":"2025-06-01T12:22:25+00:00","mainEntityOfPage":{"@id":"https:\/\/vosgesinfo.fr\/gerardmerinfo\/2025\/06\/selectif-national-de-vitesse-de-strasbourg-les-jeunes-de-lasg-ck-au-rdv\/"},"wordCount":497,"commentCount":0,"publisher":{"@id":"https:\/\/vosgesinfo.fr\/gerardmerinfo\/#organization"},"image":{"@id":"https:\/\/vosgesinfo.fr\/gerardmerinfo\/2025\/06\/selectif-national-de-vitesse-de-strasbourg-les-jeunes-de-lasg-ck-au-rdv\/#primaryimage"},"thumbnailUrl":"https:\/\/vosgesinfo.fr\/app\/uploads\/sites\/6\/2025\/06\/chloe-nicot-aux-avant-postes.jpeg","keywords":["asg canoe kayak","chlo\u00e9 nicot"],"articleSection":["A la une","G\u00e9rardmer","Gerardmer","Sport"],"inLanguage":"fr-FR","potentialAction":[{"@type":"CommentAction","name":"Comment","target":["https:\/\/vosgesinfo.fr\/gerardmerinfo\/2025\/06\/selectif-national-de-vitesse-de-strasbourg-les-jeunes-de-lasg-ck-au-rdv\/#respond"]}]},{"@type":"WebPage","@id":"https:\/\/vosgesinfo.fr\/gerardmerinfo\/2025\/06\/selectif-national-de-vitesse-de-strasbourg-les-jeunes-de-lasg-ck-au-rdv\/","url":"https:\/\/vosgesinfo.fr\/gerardmerinfo\/2025\/06\/selectif-national-de-vitesse-de-strasbourg-les-jeunes-de-lasg-ck-au-rdv\/","name":"S\u00e9lectif national de vitesse de Strasbourg, les jeunes de l'ASG CK au RDV ! - Gerardmer Info","isPartOf":{"@id":"https:\/\/vosgesinfo.fr\/gerardmerinfo\/#website"},"primaryImageOfPage":{"@id":"https:\/\/vosgesinfo.fr\/gerardmerinfo\/2025\/06\/selectif-national-de-vitesse-de-strasbourg-les-jeunes-de-lasg-ck-au-rdv\/#primaryimage"},"image":{"@id":"https:\/\/vosgesinfo.fr\/gerardmerinfo\/2025\/06\/selectif-national-de-vitesse-de-strasbourg-les-jeunes-de-lasg-ck-au-rdv\/#primaryimage"},"thumbnailUrl":"https:\/\/vosgesinfo.fr\/app\/uploads\/sites\/6\/2025\/06\/chloe-nicot-aux-avant-postes.jpeg","datePublished":"2025-06-01T12:45:25+00:00","dateModified":"2025-06-01T12:22:25+00:00","breadcrumb":{"@id":"https:\/\/vosgesinfo.fr\/gerardmerinfo\/2025\/06\/selectif-national-de-vitesse-de-strasbourg-les-jeunes-de-lasg-ck-au-rdv\/#breadcrumb"},"inLanguage":"fr-FR","potentialAction":[{"@type":"ReadAction","target":["https:\/\/vosgesinfo.fr\/gerardmerinfo\/2025\/06\/selectif-national-de-vitesse-de-strasbourg-les-jeunes-de-lasg-ck-au-rdv\/"]}]},{"@type":"ImageObject","inLanguage":"fr-FR","@id":"https:\/\/vosgesinfo.fr\/gerardmerinfo\/2025\/06\/selectif-national-de-vitesse-de-strasbourg-les-jeunes-de-lasg-ck-au-rdv\/#primaryimage","url":"https:\/\/vosgesinfo.fr\/app\/uploads\/sites\/6\/2025\/06\/chloe-nicot-aux-avant-postes.jpeg","contentUrl":"https:\/\/vosgesinfo.fr\/app\/uploads\/sites\/6\/2025\/06\/chloe-nicot-aux-avant-postes.jpeg","width":1655,"height":912,"caption":"Chlo\u00e9 NICOT aux avant-postes"},{"@type":"BreadcrumbList","@id":"https:\/\/vosgesinfo.fr\/gerardmerinfo\/2025\/06\/selectif-national-de-vitesse-de-strasbourg-les-jeunes-de-lasg-ck-au-rdv\/#breadcrumb","itemListElement":[{"@type":"ListItem","position":1,"name":"Home","item":"https:\/\/vosgesinfo.fr\/gerardmerinfo\/"},{"@type":"ListItem","position":2,"name":"S\u00e9lectif national de vitesse de Strasbourg, les jeunes de l&rsquo;ASG CK au RDV !"}]},{"@type":"WebSite","@id":"https:\/\/vosgesinfo.fr\/gerardmerinfo\/#website","url":"https:\/\/vosgesinfo.fr\/gerardmerinfo\/","name":"Gerardmer Info","description":"Toute l&#039;actualit\u00e9 de G\u00e9rardmer","publisher":{"@id":"https:\/\/vosgesinfo.fr\/gerardmerinfo\/#organization"},"alternateName":"Toute l'actualit\u00e9 de G\u00e9rardmer","potentialAction":[{"@type":"SearchAction","target":{"@type":"EntryPoint","urlTemplate":"https:\/\/vosgesinfo.fr\/gerardmerinfo\/?s={search_term_string}"},"query-input":"required name=search_term_string"}],"inLanguage":"fr-FR"},{"@type":"Organization","@id":"https:\/\/vosgesinfo.fr\/gerardmerinfo\/#organization","name":"Gerardmer Info","url":"https:\/\/vosgesinfo.fr\/gerardmerinfo\/","logo":{"@type":"ImageObject","inLanguage":"fr-FR","@id":"https:\/\/vosgesinfo.fr\/gerardmerinfo\/#\/schema\/logo\/image\/","url":"https:\/\/vosgesinfo.fr\/app\/uploads\/sites\/6\/2023\/08\/favicon-gerardmerinfo.png","contentUrl":"https:\/\/vosgesinfo.fr\/app\/uploads\/sites\/6\/2023\/08\/favicon-gerardmerinfo.png","width":512,"height":512,"caption":"Gerardmer Info"},"image":{"@id":"https:\/\/vosgesinfo.fr\/gerardmerinfo\/#\/schema\/logo\/image\/"},"sameAs":["https:\/\/www.facebook.com\/profile.php?id=100049475262660","https:\/\/x.com\/VosgesInfo88","https:\/\/www.youtube.com\/@vosgesinfo"]},{"@type":"Person","@id":"https:\/\/vosgesinfo.fr\/gerardmerinfo\/#\/schema\/person\/27a3695b06db98895b354c0765cdfc31","name":"La redaction","image":{"@type":"ImageObject","inLanguage":"fr-FR","@id":"https:\/\/vosgesinfo.fr\/gerardmerinfo\/#\/schema\/person\/image\/","url":"https:\/\/secure.gravatar.com\/avatar\/64c76a78e501cedee55736f43f332df901e1896ae9cd8fad269ae2236dd0e8b6?s=96&d=mm&r=g","contentUrl":"https:\/\/secure.gravatar.com\/avatar\/64c76a78e501cedee55736f43f332df901e1896ae9cd8fad269ae2236dd0e8b6?s=96&d=mm&r=g","caption":"La redaction"},"url":"https:\/\/vosgesinfo.fr\/gerardmerinfo\/author\/la-redaction\/"}]}},"_links":{"self":[{"href":"https:\/\/vosgesinfo.fr\/gerardmerinfo\/wp-json\/wp\/v2\/posts\/78681","targetHints":{"allow":["GET"]}}],"collection":[{"href":"https:\/\/vosgesinfo.fr\/gerardmerinfo\/wp-json\/wp\/v2\/posts"}],"about":[{"href":"https:\/\/vosgesinfo.fr\/gerardmerinfo\/wp-json\/wp\/v2\/types\/post"}],"author":[{"embeddable":true,"href":"https:\/\/vosgesinfo.fr\/gerardmerinfo\/wp-json\/wp\/v2\/users\/391"}],"replies":[{"embeddable":true,"href":"https:\/\/vosgesinfo.fr\/gerardmerinfo\/wp-json\/wp\/v2\/comments?post=78681"}],"version-history":[{"count":2,"href":"https:\/\/vosgesinfo.fr\/gerardmerinfo\/wp-json\/wp\/v2\/posts\/78681\/revisions"}],"predecessor-version":[{"id":78686,"href":"https:\/\/vosgesinfo.fr\/gerardmerinfo\/wp-json\/wp\/v2\/posts\/78681\/revisions\/78686"}],"wp:featuredmedia":[{"embeddable":true,"href":"https:\/\/vosgesinfo.fr\/gerardmerinfo\/wp-json\/wp\/v2\/media\/78682"}],"wp:attachment":[{"href":"https:\/\/vosgesinfo.fr\/gerardmerinfo\/wp-json\/wp\/v2\/media?parent=78681"}],"wp:term":[{"taxonomy":"category","embeddable":true,"href":"https:\/\/vosgesinfo.fr\/gerardmerinfo\/wp-json\/wp\/v2\/categories?post=78681"},{"taxonomy":"post_tag","embeddable":true,"href":"https:\/\/vosgesinfo.fr\/gerardmerinfo\/wp-json\/wp\/v2\/tags?post=78681"}],"curies":[{"name":"wp","href":"https:\/\/api.w.org\/{rel}","templated":true}]}}