{"id":78687,"date":"2025-06-02T06:00:47","date_gmt":"2025-06-02T04:00:47","guid":{"rendered":"https:\/\/vosgesinfo.fr\/gerardmerinfo\/?p=78687"},"modified":"2025-06-01T15:12:14","modified_gmt":"2025-06-01T13:12:14","slug":"loi-le-meur-le-collectif-plus-invite-les-geromois-a-echanger-sur-le-sujet","status":"publish","type":"post","link":"https:\/\/vosgesinfo.fr\/gerardmerinfo\/2025\/06\/loi-le-meur-le-collectif-plus-invite-les-geromois-a-echanger-sur-le-sujet\/","title":{"rendered":"Loi Le Meur : le collectif PLUs invite les G\u00e9r\u00f4mois \u00e0 \u00e9changer sur le sujet"},"content":{"rendered":"<p style=\"text-align: center;\"><strong>Communiqu\u00e9<\/strong><\/p>\n<p>&nbsp;<\/p>\n<p>\u00ab\u00a0Nouvellement cr\u00e9e, le collectif PLUs pour les G\u00e9r\u00f4mois dont l\u2019objectif est de promouvoir un urbanisme durable et responsable, vous invite \u00e0 participer \u00e0 une rencontre ouverte \u00e0 tous <strong>le mardi 17 juin \u00e0 19h30 \u00e0 la salle de r\u00e9union de l\u2019H\u00f4tel de la Jamagne<\/strong><\/p>\n<p>Face \u00e0 l\u2019augmentation croissante des r\u00e9sidences secondaires, la loi Le Meur du 21 novembre 2024 dite loi \u00ab\u00a0anti AirBnB\u00a0\u00bb repr\u00e9sente une r\u00e9elle opportunit\u00e9 d\u2019agir en faveur d\u2019un d\u00e9veloppement coh\u00e9rent du territoire, d\u2019allier qualit\u00e9 de vie des habitants et tourisme raisonn\u00e9.<\/p>\n<p>Le collectif a pris attache de Madame le Meur et souhaite partager avec vous le contenu de ces \u00e9changes et ses possibles d\u00e9clinaisons sur G\u00e9rardmer\u00a0\u00bb.<\/p>\n<p>Pour plus de renseignements\u00a0:<\/p>\n<p>Le collectif PLUs pour les G\u00e9r\u00f4mois<\/p>\n<p>Vincent MOUGEL \u2013 06 30 46 74 74<\/p>\n","protected":false},"excerpt":{"rendered":"<p>Communiqu\u00e9 &nbsp; \u00ab\u00a0Nouvellement cr\u00e9e, le collectif PLUs pour les G\u00e9r\u00f4mois dont l\u2019objectif est de promouvoir un urbanisme durable et responsable, [&hellip;]<\/p>\n","protected":false},"author":391,"featured_media":463,"comment_status":"closed","ping_status":"open","sticky":false,"template":"","format":"standard","meta":{"footnotes":""},"categories":[20,25,5647,15,16],"tags":[7398],"class_list":["post-78687","post","type-post","status-publish","format-standard","has-post-thumbnail","hentry","category-a-la-une","category-gerardmer","category-gerardmer-autres-sites","category-tourisme","category-urbanisme","tag-loi-le-meur"],"acf":[],"yoast_head":"<!-- This site is optimized with the Yoast SEO plugin v22.5 - https:\/\/yoast.com\/wordpress\/plugins\/seo\/ -->\n<title>Loi Le Meur : le collectif PLUs invite les G\u00e9r\u00f4mois \u00e0 \u00e9changer sur le sujet - Gerardmer Info<\/title>\n<meta name=\"robots\" content=\"index, follow, max-snippet:-1, max-image-preview:large, max-video-preview:-1\" \/>\n<link rel=\"canonical\" href=\"https:\/\/vosgesinfo.fr\/gerardmerinfo\/2025\/06\/loi-le-meur-le-collectif-plus-invite-les-geromois-a-echanger-sur-le-sujet\/\" \/>\n<meta name=\"twitter:card\" content=\"summary_large_image\" \/>\n<meta name=\"twitter:title\" content=\"Loi Le Meur : le collectif PLUs invite les G\u00e9r\u00f4mois \u00e0 \u00e9changer sur le sujet - Gerardmer Info\" \/>\n<meta name=\"twitter:description\" content=\"Communiqu\u00e9 &nbsp; \u00ab\u00a0Nouvellement cr\u00e9e, le collectif PLUs pour les G\u00e9r\u00f4mois dont l\u2019objectif est de promouvoir un urbanisme durable et responsable, [&hellip;]\" \/>\n<meta name=\"twitter:image\" content=\"https:\/\/vosgesinfo.fr\/app\/uploads\/sites\/6\/2020\/06\/mauselaine-vue-lac-gerardmer.jpg\" \/>\n<meta name=\"twitter:creator\" content=\"@VosgesInfo88\" \/>\n<meta name=\"twitter:site\" content=\"@VosgesInfo88\" \/>\n<meta name=\"twitter:label1\" content=\"\u00c9crit par\" \/>\n\t<meta name=\"twitter:data1\" content=\"La redaction\" \/>\n\t<meta name=\"twitter:label2\" content=\"Dur\u00e9e de lecture estim\u00e9e\" \/>\n\t<meta name=\"twitter:data2\" content=\"1 minute\" \/>\n<script type=\"application\/ld+json\" class=\"yoast-schema-graph\">{\"@context\":\"https:\/\/schema.org\",\"@graph\":[{\"@type\":\"Article\",\"@id\":\"https:\/\/vosgesinfo.fr\/gerardmerinfo\/2025\/06\/loi-le-meur-le-collectif-plus-invite-les-geromois-a-echanger-sur-le-sujet\/#article\",\"isPartOf\":{\"@id\":\"https:\/\/vosgesinfo.fr\/gerardmerinfo\/2025\/06\/loi-le-meur-le-collectif-plus-invite-les-geromois-a-echanger-sur-le-sujet\/\"},\"author\":{\"name\":\"La redaction\",\"@id\":\"https:\/\/vosgesinfo.fr\/gerardmerinfo\/#\/schema\/person\/27a3695b06db98895b354c0765cdfc31\"},\"headline\":\"Loi Le Meur : le collectif PLUs invite les G\u00e9r\u00f4mois \u00e0 \u00e9changer sur le sujet\",\"datePublished\":\"2025-06-02T04:00:47+00:00\",\"dateModified\":\"2025-06-01T13:12:14+00:00\",\"mainEntityOfPage\":{\"@id\":\"https:\/\/vosgesinfo.fr\/gerardmerinfo\/2025\/06\/loi-le-meur-le-collectif-plus-invite-les-geromois-a-echanger-sur-le-sujet\/\"},\"wordCount\":149,\"publisher\":{\"@id\":\"https:\/\/vosgesinfo.fr\/gerardmerinfo\/#organization\"},\"image\":{\"@id\":\"https:\/\/vosgesinfo.fr\/gerardmerinfo\/2025\/06\/loi-le-meur-le-collectif-plus-invite-les-geromois-a-echanger-sur-le-sujet\/#primaryimage\"},\"thumbnailUrl\":\"https:\/\/vosgesinfo.fr\/app\/uploads\/sites\/6\/2020\/06\/mauselaine-vue-lac-gerardmer.jpg\",\"keywords\":[\"loi Le Meur\"],\"articleSection\":[\"A la une\",\"G\u00e9rardmer\",\"Gerardmer\",\"Tourisme\",\"Urbanisme\"],\"inLanguage\":\"fr-FR\"},{\"@type\":\"WebPage\",\"@id\":\"https:\/\/vosgesinfo.fr\/gerardmerinfo\/2025\/06\/loi-le-meur-le-collectif-plus-invite-les-geromois-a-echanger-sur-le-sujet\/\",\"url\":\"https:\/\/vosgesinfo.fr\/gerardmerinfo\/2025\/06\/loi-le-meur-le-collectif-plus-invite-les-geromois-a-echanger-sur-le-sujet\/\",\"name\":\"Loi Le Meur : le collectif PLUs invite les G\u00e9r\u00f4mois \u00e0 \u00e9changer sur le sujet - Gerardmer Info\",\"isPartOf\":{\"@id\":\"https:\/\/vosgesinfo.fr\/gerardmerinfo\/#website\"},\"primaryImageOfPage\":{\"@id\":\"https:\/\/vosgesinfo.fr\/gerardmerinfo\/2025\/06\/loi-le-meur-le-collectif-plus-invite-les-geromois-a-echanger-sur-le-sujet\/#primaryimage\"},\"image\":{\"@id\":\"https:\/\/vosgesinfo.fr\/gerardmerinfo\/2025\/06\/loi-le-meur-le-collectif-plus-invite-les-geromois-a-echanger-sur-le-sujet\/#primaryimage\"},\"thumbnailUrl\":\"https:\/\/vosgesinfo.fr\/app\/uploads\/sites\/6\/2020\/06\/mauselaine-vue-lac-gerardmer.jpg\",\"datePublished\":\"2025-06-02T04:00:47+00:00\",\"dateModified\":\"2025-06-01T13:12:14+00:00\",\"breadcrumb\":{\"@id\":\"https:\/\/vosgesinfo.fr\/gerardmerinfo\/2025\/06\/loi-le-meur-le-collectif-plus-invite-les-geromois-a-echanger-sur-le-sujet\/#breadcrumb\"},\"inLanguage\":\"fr-FR\",\"potentialAction\":[{\"@type\":\"ReadAction\",\"target\":[\"https:\/\/vosgesinfo.fr\/gerardmerinfo\/2025\/06\/loi-le-meur-le-collectif-plus-invite-les-geromois-a-echanger-sur-le-sujet\/\"]}]},{\"@type\":\"ImageObject\",\"inLanguage\":\"fr-FR\",\"@id\":\"https:\/\/vosgesinfo.fr\/gerardmerinfo\/2025\/06\/loi-le-meur-le-collectif-plus-invite-les-geromois-a-echanger-sur-le-sujet\/#primaryimage\",\"url\":\"https:\/\/vosgesinfo.fr\/app\/uploads\/sites\/6\/2020\/06\/mauselaine-vue-lac-gerardmer.jpg\",\"contentUrl\":\"https:\/\/vosgesinfo.fr\/app\/uploads\/sites\/6\/2020\/06\/mauselaine-vue-lac-gerardmer.jpg\",\"width\":600,\"height\":800},{\"@type\":\"BreadcrumbList\",\"@id\":\"https:\/\/vosgesinfo.fr\/gerardmerinfo\/2025\/06\/loi-le-meur-le-collectif-plus-invite-les-geromois-a-echanger-sur-le-sujet\/#breadcrumb\",\"itemListElement\":[{\"@type\":\"ListItem\",\"position\":1,\"name\":\"Home\",\"item\":\"https:\/\/vosgesinfo.fr\/gerardmerinfo\/\"},{\"@type\":\"ListItem\",\"position\":2,\"name\":\"Loi Le Meur : le collectif PLUs invite les G\u00e9r\u00f4mois \u00e0 \u00e9changer sur le sujet\"}]},{\"@type\":\"WebSite\",\"@id\":\"https:\/\/vosgesinfo.fr\/gerardmerinfo\/#website\",\"url\":\"https:\/\/vosgesinfo.fr\/gerardmerinfo\/\",\"name\":\"Gerardmer Info\",\"description\":\"Toute l&#039;actualit\u00e9 de G\u00e9rardmer\",\"publisher\":{\"@id\":\"https:\/\/vosgesinfo.fr\/gerardmerinfo\/#organization\"},\"alternateName\":\"Toute l'actualit\u00e9 de G\u00e9rardmer\",\"potentialAction\":[{\"@type\":\"SearchAction\",\"target\":{\"@type\":\"EntryPoint\",\"urlTemplate\":\"https:\/\/vosgesinfo.fr\/gerardmerinfo\/?s={search_term_string}\"},\"query-input\":\"required name=search_term_string\"}],\"inLanguage\":\"fr-FR\"},{\"@type\":\"Organization\",\"@id\":\"https:\/\/vosgesinfo.fr\/gerardmerinfo\/#organization\",\"name\":\"Gerardmer Info\",\"url\":\"https:\/\/vosgesinfo.fr\/gerardmerinfo\/\",\"logo\":{\"@type\":\"ImageObject\",\"inLanguage\":\"fr-FR\",\"@id\":\"https:\/\/vosgesinfo.fr\/gerardmerinfo\/#\/schema\/logo\/image\/\",\"url\":\"https:\/\/vosgesinfo.fr\/app\/uploads\/sites\/6\/2023\/08\/favicon-gerardmerinfo.png\",\"contentUrl\":\"https:\/\/vosgesinfo.fr\/app\/uploads\/sites\/6\/2023\/08\/favicon-gerardmerinfo.png\",\"width\":512,\"height\":512,\"caption\":\"Gerardmer Info\"},\"image\":{\"@id\":\"https:\/\/vosgesinfo.fr\/gerardmerinfo\/#\/schema\/logo\/image\/\"},\"sameAs\":[\"https:\/\/www.facebook.com\/profile.php?id=100049475262660\",\"https:\/\/x.com\/VosgesInfo88\",\"https:\/\/www.youtube.com\/@vosgesinfo\"]},{\"@type\":\"Person\",\"@id\":\"https:\/\/vosgesinfo.fr\/gerardmerinfo\/#\/schema\/person\/27a3695b06db98895b354c0765cdfc31\",\"name\":\"La redaction\",\"image\":{\"@type\":\"ImageObject\",\"inLanguage\":\"fr-FR\",\"@id\":\"https:\/\/vosgesinfo.fr\/gerardmerinfo\/#\/schema\/person\/image\/\",\"url\":\"https:\/\/secure.gravatar.com\/avatar\/64c76a78e501cedee55736f43f332df901e1896ae9cd8fad269ae2236dd0e8b6?s=96&d=mm&r=g\",\"contentUrl\":\"https:\/\/secure.gravatar.com\/avatar\/64c76a78e501cedee55736f43f332df901e1896ae9cd8fad269ae2236dd0e8b6?s=96&d=mm&r=g\",\"caption\":\"La redaction\"},\"url\":\"https:\/\/vosgesinfo.fr\/gerardmerinfo\/author\/la-redaction\/\"}]}<\/script>\n<!-- \/ Yoast SEO plugin. -->","yoast_head_json":{"title":"Loi Le Meur : le collectif PLUs invite les G\u00e9r\u00f4mois \u00e0 \u00e9changer sur le sujet - Gerardmer Info","robots":{"index":"index","follow":"follow","max-snippet":"max-snippet:-1","max-image-preview":"max-image-preview:large","max-video-preview":"max-video-preview:-1"},"canonical":"https:\/\/vosgesinfo.fr\/gerardmerinfo\/2025\/06\/loi-le-meur-le-collectif-plus-invite-les-geromois-a-echanger-sur-le-sujet\/","twitter_card":"summary_large_image","twitter_title":"Loi Le Meur : le collectif PLUs invite les G\u00e9r\u00f4mois \u00e0 \u00e9changer sur le sujet - Gerardmer Info","twitter_description":"Communiqu\u00e9 &nbsp; \u00ab\u00a0Nouvellement cr\u00e9e, le collectif PLUs pour les G\u00e9r\u00f4mois dont l\u2019objectif est de promouvoir un urbanisme durable et responsable, [&hellip;]","twitter_image":"https:\/\/vosgesinfo.fr\/app\/uploads\/sites\/6\/2020\/06\/mauselaine-vue-lac-gerardmer.jpg","twitter_creator":"@VosgesInfo88","twitter_site":"@VosgesInfo88","twitter_misc":{"\u00c9crit par":"La redaction","Dur\u00e9e de lecture estim\u00e9e":"1 minute"},"schema":{"@context":"https:\/\/schema.org","@graph":[{"@type":"Article","@id":"https:\/\/vosgesinfo.fr\/gerardmerinfo\/2025\/06\/loi-le-meur-le-collectif-plus-invite-les-geromois-a-echanger-sur-le-sujet\/#article","isPartOf":{"@id":"https:\/\/vosgesinfo.fr\/gerardmerinfo\/2025\/06\/loi-le-meur-le-collectif-plus-invite-les-geromois-a-echanger-sur-le-sujet\/"},"author":{"name":"La redaction","@id":"https:\/\/vosgesinfo.fr\/gerardmerinfo\/#\/schema\/person\/27a3695b06db98895b354c0765cdfc31"},"headline":"Loi Le Meur : le collectif PLUs invite les G\u00e9r\u00f4mois \u00e0 \u00e9changer sur le sujet","datePublished":"2025-06-02T04:00:47+00:00","dateModified":"2025-06-01T13:12:14+00:00","mainEntityOfPage":{"@id":"https:\/\/vosgesinfo.fr\/gerardmerinfo\/2025\/06\/loi-le-meur-le-collectif-plus-invite-les-geromois-a-echanger-sur-le-sujet\/"},"wordCount":149,"publisher":{"@id":"https:\/\/vosgesinfo.fr\/gerardmerinfo\/#organization"},"image":{"@id":"https:\/\/vosgesinfo.fr\/gerardmerinfo\/2025\/06\/loi-le-meur-le-collectif-plus-invite-les-geromois-a-echanger-sur-le-sujet\/#primaryimage"},"thumbnailUrl":"https:\/\/vosgesinfo.fr\/app\/uploads\/sites\/6\/2020\/06\/mauselaine-vue-lac-gerardmer.jpg","keywords":["loi Le Meur"],"articleSection":["A la une","G\u00e9rardmer","Gerardmer","Tourisme","Urbanisme"],"inLanguage":"fr-FR"},{"@type":"WebPage","@id":"https:\/\/vosgesinfo.fr\/gerardmerinfo\/2025\/06\/loi-le-meur-le-collectif-plus-invite-les-geromois-a-echanger-sur-le-sujet\/","url":"https:\/\/vosgesinfo.fr\/gerardmerinfo\/2025\/06\/loi-le-meur-le-collectif-plus-invite-les-geromois-a-echanger-sur-le-sujet\/","name":"Loi Le Meur : le collectif PLUs invite les G\u00e9r\u00f4mois \u00e0 \u00e9changer sur le sujet - Gerardmer Info","isPartOf":{"@id":"https:\/\/vosgesinfo.fr\/gerardmerinfo\/#website"},"primaryImageOfPage":{"@id":"https:\/\/vosgesinfo.fr\/gerardmerinfo\/2025\/06\/loi-le-meur-le-collectif-plus-invite-les-geromois-a-echanger-sur-le-sujet\/#primaryimage"},"image":{"@id":"https:\/\/vosgesinfo.fr\/gerardmerinfo\/2025\/06\/loi-le-meur-le-collectif-plus-invite-les-geromois-a-echanger-sur-le-sujet\/#primaryimage"},"thumbnailUrl":"https:\/\/vosgesinfo.fr\/app\/uploads\/sites\/6\/2020\/06\/mauselaine-vue-lac-gerardmer.jpg","datePublished":"2025-06-02T04:00:47+00:00","dateModified":"2025-06-01T13:12:14+00:00","breadcrumb":{"@id":"https:\/\/vosgesinfo.fr\/gerardmerinfo\/2025\/06\/loi-le-meur-le-collectif-plus-invite-les-geromois-a-echanger-sur-le-sujet\/#breadcrumb"},"inLanguage":"fr-FR","potentialAction":[{"@type":"ReadAction","target":["https:\/\/vosgesinfo.fr\/gerardmerinfo\/2025\/06\/loi-le-meur-le-collectif-plus-invite-les-geromois-a-echanger-sur-le-sujet\/"]}]},{"@type":"ImageObject","inLanguage":"fr-FR","@id":"https:\/\/vosgesinfo.fr\/gerardmerinfo\/2025\/06\/loi-le-meur-le-collectif-plus-invite-les-geromois-a-echanger-sur-le-sujet\/#primaryimage","url":"https:\/\/vosgesinfo.fr\/app\/uploads\/sites\/6\/2020\/06\/mauselaine-vue-lac-gerardmer.jpg","contentUrl":"https:\/\/vosgesinfo.fr\/app\/uploads\/sites\/6\/2020\/06\/mauselaine-vue-lac-gerardmer.jpg","width":600,"height":800},{"@type":"BreadcrumbList","@id":"https:\/\/vosgesinfo.fr\/gerardmerinfo\/2025\/06\/loi-le-meur-le-collectif-plus-invite-les-geromois-a-echanger-sur-le-sujet\/#breadcrumb","itemListElement":[{"@type":"ListItem","position":1,"name":"Home","item":"https:\/\/vosgesinfo.fr\/gerardmerinfo\/"},{"@type":"ListItem","position":2,"name":"Loi Le Meur : le collectif PLUs invite les G\u00e9r\u00f4mois \u00e0 \u00e9changer sur le sujet"}]},{"@type":"WebSite","@id":"https:\/\/vosgesinfo.fr\/gerardmerinfo\/#website","url":"https:\/\/vosgesinfo.fr\/gerardmerinfo\/","name":"Gerardmer Info","description":"Toute l&#039;actualit\u00e9 de G\u00e9rardmer","publisher":{"@id":"https:\/\/vosgesinfo.fr\/gerardmerinfo\/#organization"},"alternateName":"Toute l'actualit\u00e9 de G\u00e9rardmer","potentialAction":[{"@type":"SearchAction","target":{"@type":"EntryPoint","urlTemplate":"https:\/\/vosgesinfo.fr\/gerardmerinfo\/?s={search_term_string}"},"query-input":"required name=search_term_string"}],"inLanguage":"fr-FR"},{"@type":"Organization","@id":"https:\/\/vosgesinfo.fr\/gerardmerinfo\/#organization","name":"Gerardmer Info","url":"https:\/\/vosgesinfo.fr\/gerardmerinfo\/","logo":{"@type":"ImageObject","inLanguage":"fr-FR","@id":"https:\/\/vosgesinfo.fr\/gerardmerinfo\/#\/schema\/logo\/image\/","url":"https:\/\/vosgesinfo.fr\/app\/uploads\/sites\/6\/2023\/08\/favicon-gerardmerinfo.png","contentUrl":"https:\/\/vosgesinfo.fr\/app\/uploads\/sites\/6\/2023\/08\/favicon-gerardmerinfo.png","width":512,"height":512,"caption":"Gerardmer Info"},"image":{"@id":"https:\/\/vosgesinfo.fr\/gerardmerinfo\/#\/schema\/logo\/image\/"},"sameAs":["https:\/\/www.facebook.com\/profile.php?id=100049475262660","https:\/\/x.com\/VosgesInfo88","https:\/\/www.youtube.com\/@vosgesinfo"]},{"@type":"Person","@id":"https:\/\/vosgesinfo.fr\/gerardmerinfo\/#\/schema\/person\/27a3695b06db98895b354c0765cdfc31","name":"La redaction","image":{"@type":"ImageObject","inLanguage":"fr-FR","@id":"https:\/\/vosgesinfo.fr\/gerardmerinfo\/#\/schema\/person\/image\/","url":"https:\/\/secure.gravatar.com\/avatar\/64c76a78e501cedee55736f43f332df901e1896ae9cd8fad269ae2236dd0e8b6?s=96&d=mm&r=g","contentUrl":"https:\/\/secure.gravatar.com\/avatar\/64c76a78e501cedee55736f43f332df901e1896ae9cd8fad269ae2236dd0e8b6?s=96&d=mm&r=g","caption":"La redaction"},"url":"https:\/\/vosgesinfo.fr\/gerardmerinfo\/author\/la-redaction\/"}]}},"_links":{"self":[{"href":"https:\/\/vosgesinfo.fr\/gerardmerinfo\/wp-json\/wp\/v2\/posts\/78687","targetHints":{"allow":["GET"]}}],"collection":[{"href":"https:\/\/vosgesinfo.fr\/gerardmerinfo\/wp-json\/wp\/v2\/posts"}],"about":[{"href":"https:\/\/vosgesinfo.fr\/gerardmerinfo\/wp-json\/wp\/v2\/types\/post"}],"author":[{"embeddable":true,"href":"https:\/\/vosgesinfo.fr\/gerardmerinfo\/wp-json\/wp\/v2\/users\/391"}],"replies":[{"embeddable":true,"href":"https:\/\/vosgesinfo.fr\/gerardmerinfo\/wp-json\/wp\/v2\/comments?post=78687"}],"version-history":[{"count":1,"href":"https:\/\/vosgesinfo.fr\/gerardmerinfo\/wp-json\/wp\/v2\/posts\/78687\/revisions"}],"predecessor-version":[{"id":78688,"href":"https:\/\/vosgesinfo.fr\/gerardmerinfo\/wp-json\/wp\/v2\/posts\/78687\/revisions\/78688"}],"wp:featuredmedia":[{"embeddable":true,"href":"https:\/\/vosgesinfo.fr\/gerardmerinfo\/wp-json\/wp\/v2\/media\/463"}],"wp:attachment":[{"href":"https:\/\/vosgesinfo.fr\/gerardmerinfo\/wp-json\/wp\/v2\/media?parent=78687"}],"wp:term":[{"taxonomy":"category","embeddable":true,"href":"https:\/\/vosgesinfo.fr\/gerardmerinfo\/wp-json\/wp\/v2\/categories?post=78687"},{"taxonomy":"post_tag","embeddable":true,"href":"https:\/\/vosgesinfo.fr\/gerardmerinfo\/wp-json\/wp\/v2\/tags?post=78687"}],"curies":[{"name":"wp","href":"https:\/\/api.w.org\/{rel}","templated":true}]}}