{"id":78689,"date":"2025-06-01T17:39:08","date_gmt":"2025-06-01T15:39:08","guid":{"rendered":"https:\/\/vosgesinfo.fr\/gerardmerinfo\/?p=78689"},"modified":"2025-06-01T17:16:44","modified_gmt":"2025-06-01T15:16:44","slug":"decouvrez-miss-elegance-lorraine-2025-et-ses-dauphines","status":"publish","type":"post","link":"https:\/\/vosgesinfo.fr\/gerardmerinfo\/2025\/06\/decouvrez-miss-elegance-lorraine-2025-et-ses-dauphines\/","title":{"rendered":"D\u00e9couvrez Miss Elegance Lorraine 2025 et ses dauphines"},"content":{"rendered":"<p><a href=\"https:\/\/vosgesinfo.fr\/app\/uploads\/sites\/6\/2025\/06\/miss-elegance-lorraine-2025-4.jpg\"><img decoding=\"async\" class=\"aligncenter size-large wp-image-78691\" src=\"https:\/\/vosgesinfo.fr\/app\/uploads\/sites\/6\/2025\/06\/miss-elegance-lorraine-2025-4-1024x768.jpg\" alt=\"\" width=\"1024\" height=\"768\" srcset=\"https:\/\/vosgesinfo.fr\/app\/uploads\/sites\/6\/2025\/06\/miss-elegance-lorraine-2025-4-1024x768.jpg 1024w, https:\/\/vosgesinfo.fr\/app\/uploads\/sites\/6\/2025\/06\/miss-elegance-lorraine-2025-4-300x225.jpg 300w, https:\/\/vosgesinfo.fr\/app\/uploads\/sites\/6\/2025\/06\/miss-elegance-lorraine-2025-4-768x576.jpg 768w, https:\/\/vosgesinfo.fr\/app\/uploads\/sites\/6\/2025\/06\/miss-elegance-lorraine-2025-4-1536x1152.jpg 1536w, https:\/\/vosgesinfo.fr\/app\/uploads\/sites\/6\/2025\/06\/miss-elegance-lorraine-2025-4.jpg 1600w\" sizes=\"(max-width: 1024px) 100vw, 1024px\" \/><\/a><\/p>\n<p>&nbsp;<\/p>\n<p>Samedi 24 mai \u00e0 Pouxeux, avait lieu\u00a0 l&rsquo;\u00e9lection de Miss \u00c9l\u00e9gance Lorraine 2025, un \u00e9v\u00e9nement plac\u00e9 sous le signe de l\u2019\u00e9l\u00e9gance et de l\u2019engagement.\u00a0Une nouvelle \u00e9dition qui a vu le couronnement de Clara No\u00ebl, coiffeuse \u00e0 Thaon-les-Vosges<\/p>\n<p>&nbsp;<\/p>\n<div id=\"attachment_78690\" style=\"width: 210px\" class=\"wp-caption alignright\"><a href=\"https:\/\/vosgesinfo.fr\/app\/uploads\/sites\/6\/2025\/06\/miss-elegance-lorraine-2025-3.jpg\"><img decoding=\"async\" aria-describedby=\"caption-attachment-78690\" class=\"wp-image-78690\" src=\"https:\/\/vosgesinfo.fr\/app\/uploads\/sites\/6\/2025\/06\/miss-elegance-lorraine-2025-3-395x1024.jpg\" alt=\"\" width=\"200\" height=\"519\" srcset=\"https:\/\/vosgesinfo.fr\/app\/uploads\/sites\/6\/2025\/06\/miss-elegance-lorraine-2025-3-395x1024.jpg 395w, https:\/\/vosgesinfo.fr\/app\/uploads\/sites\/6\/2025\/06\/miss-elegance-lorraine-2025-3-116x300.jpg 116w, https:\/\/vosgesinfo.fr\/app\/uploads\/sites\/6\/2025\/06\/miss-elegance-lorraine-2025-3.jpg 486w\" sizes=\"(max-width: 200px) 100vw, 200px\" \/><\/a><p id=\"caption-attachment-78690\" class=\"wp-caption-text\">Clara No\u00ebl, \u00e9lue Miss \u00c9l\u00e9gance Lorraine 2025<\/p><\/div>\n<p><strong>\u00c0 l\u2019issue de cette soir\u00e9e, le jury a \u00e9galement couronn\u00e9 :<\/strong><\/p>\n<p><strong>Anna-Louise<\/strong>, \u00e9tudiante en tourisme, partageant son temps entre la Moselle et Cannes, d\u00e9sign\u00e9e 1\u00e8re Dauphine<\/p>\n<p><strong>Cassandra<\/strong>, \u00e9tudiante en droit \u00e0 \u00c9pinal, nomm\u00e9e 2\u00e8me Dauphine<\/p>\n<p><strong>L\u00e9a<\/strong>, investie dans la sensibilisation \u00e0 la cause animale, \u00e9lue 3\u00e8me Dauphine<\/p>\n<p>Cette nouvelle promotion s&rsquo;engage activement sur le th\u00e8me de la pr\u00e9servation de la nature et de l\u2019environnement, fil conducteur de leur ann\u00e9e de r\u00e8gne. Leur mission : int\u00e9grer des \u00e9co-gestes au quotidien, tant dans leur vie personnelle que professionnelle.<\/p>\n<p>&nbsp;<\/p>\n<h3>D\u00e9j\u00e0 un premier d\u00e9fi !<\/h3>\n<p>&nbsp;<\/p>\n<p>Leur premier d\u00e9fi commencera d\u00e8s le mois de juin, baptis\u00e9 <strong>\u00ab\u00a0Mois Z\u00e9ro Plastique\u00a0\u00bb<\/strong>. Elles invitent le public \u00e0 les suivre via leurs pages officielles et \u00e0 relever avec elles chaque mois de nouveaux d\u00e9fis \u00e9coresponsables.<\/p>\n<p><strong>Une ann\u00e9e de beaut\u00e9, d\u2019\u00e9l\u00e9gance et surtout\u2026 d\u2019action pour la plan\u00e8te !<\/strong><\/p>\n\n\t\t<style type=\"text\/css\">\n\t\t\t#gallery-1 {\n\t\t\t\tmargin: auto;\n\t\t\t}\n\t\t\t#gallery-1 .gallery-item {\n\t\t\t\tfloat: left;\n\t\t\t\tmargin-top: 10px;\n\t\t\t\ttext-align: center;\n\t\t\t\twidth: 50%;\n\t\t\t}\n\t\t\t#gallery-1 img {\n\t\t\t\tborder: 2px solid #cfcfcf;\n\t\t\t}\n\t\t\t#gallery-1 .gallery-caption {\n\t\t\t\tmargin-left: 0;\n\t\t\t}\n\t\t\t\/* see gallery_shortcode() in wp-includes\/media.php *\/\n\t\t<\/style>\n\t\t<div id='gallery-1' class='gallery galleryid-78689 gallery-columns-2 gallery-size-medium'><dl class='gallery-item'>\n\t\t\t<dt class='gallery-icon portrait'>\n\t\t\t\t<a href='https:\/\/vosgesinfo.fr\/app\/uploads\/sites\/6\/2025\/06\/miss-elegance-lorraine-2025-21.jpg'><img decoding=\"async\" width=\"225\" height=\"300\" src=\"https:\/\/vosgesinfo.fr\/app\/uploads\/sites\/6\/2025\/06\/miss-elegance-lorraine-2025-21-225x300.jpg\" class=\"attachment-medium size-medium\" alt=\"\" srcset=\"https:\/\/vosgesinfo.fr\/app\/uploads\/sites\/6\/2025\/06\/miss-elegance-lorraine-2025-21-225x300.jpg 225w, https:\/\/vosgesinfo.fr\/app\/uploads\/sites\/6\/2025\/06\/miss-elegance-lorraine-2025-21-768x1024.jpg 768w, https:\/\/vosgesinfo.fr\/app\/uploads\/sites\/6\/2025\/06\/miss-elegance-lorraine-2025-21-1152x1536.jpg 1152w, https:\/\/vosgesinfo.fr\/app\/uploads\/sites\/6\/2025\/06\/miss-elegance-lorraine-2025-21.jpg 1536w\" sizes=\"(max-width: 225px) 100vw, 225px\" \/><\/a>\n\t\t\t<\/dt><\/dl><dl class='gallery-item'>\n\t\t\t<dt class='gallery-icon portrait'>\n\t\t\t\t<a href='https:\/\/vosgesinfo.fr\/app\/uploads\/sites\/6\/2025\/06\/miss-elegance-lorraine-2025-1.jpg'><img decoding=\"async\" width=\"225\" height=\"300\" src=\"https:\/\/vosgesinfo.fr\/app\/uploads\/sites\/6\/2025\/06\/miss-elegance-lorraine-2025-1-225x300.jpg\" class=\"attachment-medium size-medium\" alt=\"\" srcset=\"https:\/\/vosgesinfo.fr\/app\/uploads\/sites\/6\/2025\/06\/miss-elegance-lorraine-2025-1-225x300.jpg 225w, https:\/\/vosgesinfo.fr\/app\/uploads\/sites\/6\/2025\/06\/miss-elegance-lorraine-2025-1-768x1024.jpg 768w, https:\/\/vosgesinfo.fr\/app\/uploads\/sites\/6\/2025\/06\/miss-elegance-lorraine-2025-1-1152x1536.jpg 1152w, https:\/\/vosgesinfo.fr\/app\/uploads\/sites\/6\/2025\/06\/miss-elegance-lorraine-2025-1.jpg 1500w\" sizes=\"(max-width: 225px) 100vw, 225px\" \/><\/a>\n\t\t\t<\/dt><\/dl><br style=\"clear: both\" \/><dl class='gallery-item'>\n\t\t\t<dt class='gallery-icon portrait'>\n\t\t\t\t<a href='https:\/\/vosgesinfo.fr\/app\/uploads\/sites\/6\/2025\/06\/miss-elegance-lorraine-2025-6.jpg'><img decoding=\"async\" width=\"225\" height=\"300\" src=\"https:\/\/vosgesinfo.fr\/app\/uploads\/sites\/6\/2025\/06\/miss-elegance-lorraine-2025-6-225x300.jpg\" class=\"attachment-medium size-medium\" alt=\"\" srcset=\"https:\/\/vosgesinfo.fr\/app\/uploads\/sites\/6\/2025\/06\/miss-elegance-lorraine-2025-6-225x300.jpg 225w, https:\/\/vosgesinfo.fr\/app\/uploads\/sites\/6\/2025\/06\/miss-elegance-lorraine-2025-6-768x1024.jpg 768w, https:\/\/vosgesinfo.fr\/app\/uploads\/sites\/6\/2025\/06\/miss-elegance-lorraine-2025-6-1152x1536.jpg 1152w, https:\/\/vosgesinfo.fr\/app\/uploads\/sites\/6\/2025\/06\/miss-elegance-lorraine-2025-6.jpg 1536w\" sizes=\"(max-width: 225px) 100vw, 225px\" \/><\/a>\n\t\t\t<\/dt><\/dl><dl class='gallery-item'>\n\t\t\t<dt class='gallery-icon portrait'>\n\t\t\t\t<a href='https:\/\/vosgesinfo.fr\/app\/uploads\/sites\/6\/2025\/06\/miss-elegance-lorraine-2025-5.jpg'><img decoding=\"async\" width=\"169\" height=\"300\" src=\"https:\/\/vosgesinfo.fr\/app\/uploads\/sites\/6\/2025\/06\/miss-elegance-lorraine-2025-5-169x300.jpg\" class=\"attachment-medium size-medium\" alt=\"\" srcset=\"https:\/\/vosgesinfo.fr\/app\/uploads\/sites\/6\/2025\/06\/miss-elegance-lorraine-2025-5-169x300.jpg 169w, https:\/\/vosgesinfo.fr\/app\/uploads\/sites\/6\/2025\/06\/miss-elegance-lorraine-2025-5-576x1024.jpg 576w, https:\/\/vosgesinfo.fr\/app\/uploads\/sites\/6\/2025\/06\/miss-elegance-lorraine-2025-5-768x1365.jpg 768w, https:\/\/vosgesinfo.fr\/app\/uploads\/sites\/6\/2025\/06\/miss-elegance-lorraine-2025-5-864x1536.jpg 864w, https:\/\/vosgesinfo.fr\/app\/uploads\/sites\/6\/2025\/06\/miss-elegance-lorraine-2025-5.jpg 1148w\" sizes=\"(max-width: 169px) 100vw, 169px\" \/><\/a>\n\t\t\t<\/dt><\/dl><br style=\"clear: both\" \/><dl class='gallery-item'>\n\t\t\t<dt class='gallery-icon portrait'>\n\t\t\t\t<a href='https:\/\/vosgesinfo.fr\/app\/uploads\/sites\/6\/2025\/06\/img-20250529-215438.jpg'><img decoding=\"async\" width=\"110\" height=\"300\" src=\"https:\/\/vosgesinfo.fr\/app\/uploads\/sites\/6\/2025\/06\/img-20250529-215438-110x300.jpg\" class=\"attachment-medium size-medium\" alt=\"\" srcset=\"https:\/\/vosgesinfo.fr\/app\/uploads\/sites\/6\/2025\/06\/img-20250529-215438-110x300.jpg 110w, https:\/\/vosgesinfo.fr\/app\/uploads\/sites\/6\/2025\/06\/img-20250529-215438-375x1024.jpg 375w, https:\/\/vosgesinfo.fr\/app\/uploads\/sites\/6\/2025\/06\/img-20250529-215438-563x1536.jpg 563w, https:\/\/vosgesinfo.fr\/app\/uploads\/sites\/6\/2025\/06\/img-20250529-215438.jpg 586w\" sizes=\"(max-width: 110px) 100vw, 110px\" \/><\/a>\n\t\t\t<\/dt><\/dl><dl class='gallery-item'>\n\t\t\t<dt class='gallery-icon portrait'>\n\t\t\t\t<a href='https:\/\/vosgesinfo.fr\/app\/uploads\/sites\/6\/2025\/06\/screenshot-2025-05-27-21-54-04-373-com.instagram.android-edit.jpg'><img decoding=\"async\" width=\"232\" height=\"300\" src=\"https:\/\/vosgesinfo.fr\/app\/uploads\/sites\/6\/2025\/06\/screenshot-2025-05-27-21-54-04-373-com.instagram.android-edit-232x300.jpg\" class=\"attachment-medium size-medium\" alt=\"\" srcset=\"https:\/\/vosgesinfo.fr\/app\/uploads\/sites\/6\/2025\/06\/screenshot-2025-05-27-21-54-04-373-com.instagram.android-edit-232x300.jpg 232w, https:\/\/vosgesinfo.fr\/app\/uploads\/sites\/6\/2025\/06\/screenshot-2025-05-27-21-54-04-373-com.instagram.android-edit-792x1024.jpg 792w, https:\/\/vosgesinfo.fr\/app\/uploads\/sites\/6\/2025\/06\/screenshot-2025-05-27-21-54-04-373-com.instagram.android-edit-768x993.jpg 768w, https:\/\/vosgesinfo.fr\/app\/uploads\/sites\/6\/2025\/06\/screenshot-2025-05-27-21-54-04-373-com.instagram.android-edit.jpg 1080w\" sizes=\"(max-width: 232px) 100vw, 232px\" \/><\/a>\n\t\t\t<\/dt><\/dl><br style=\"clear: both\" \/><dl class='gallery-item'>\n\t\t\t<dt class='gallery-icon portrait'>\n\t\t\t\t<a href='https:\/\/vosgesinfo.fr\/app\/uploads\/sites\/6\/2025\/06\/screenshot-2025-05-25-20-29-05-539-com.instagram.android-edit.jpg'><img decoding=\"async\" width=\"195\" height=\"300\" src=\"https:\/\/vosgesinfo.fr\/app\/uploads\/sites\/6\/2025\/06\/screenshot-2025-05-25-20-29-05-539-com.instagram.android-edit-195x300.jpg\" class=\"attachment-medium size-medium\" alt=\"\" srcset=\"https:\/\/vosgesinfo.fr\/app\/uploads\/sites\/6\/2025\/06\/screenshot-2025-05-25-20-29-05-539-com.instagram.android-edit-195x300.jpg 195w, https:\/\/vosgesinfo.fr\/app\/uploads\/sites\/6\/2025\/06\/screenshot-2025-05-25-20-29-05-539-com.instagram.android-edit-667x1024.jpg 667w, https:\/\/vosgesinfo.fr\/app\/uploads\/sites\/6\/2025\/06\/screenshot-2025-05-25-20-29-05-539-com.instagram.android-edit-768x1179.jpg 768w, https:\/\/vosgesinfo.fr\/app\/uploads\/sites\/6\/2025\/06\/screenshot-2025-05-25-20-29-05-539-com.instagram.android-edit.jpg 850w\" sizes=\"(max-width: 195px) 100vw, 195px\" \/><\/a>\n\t\t\t<\/dt><\/dl>\n\t\t\t<br style='clear: both' \/>\n\t\t<\/div>\n\n","protected":false},"excerpt":{"rendered":"<p>&nbsp; Samedi 24 mai \u00e0 Pouxeux, avait lieu\u00a0 l&rsquo;\u00e9lection de Miss \u00c9l\u00e9gance Lorraine 2025, un \u00e9v\u00e9nement plac\u00e9 sous le signe [&hellip;]<\/p>\n","protected":false},"author":42,"featured_media":78695,"comment_status":"open","ping_status":"open","sticky":false,"template":"","format":"standard","meta":{"footnotes":""},"categories":[20,878,5647,328,868,946],"tags":[3992],"class_list":["post-78689","post","type-post","status-publish","format-standard","has-post-thumbnail","hentry","category-a-la-une","category-epinal","category-gerardmer-autres-sites","category-la-plaine-des-vosges","category-remiremont","category-saint-die","tag-miss-elegance"],"acf":[],"yoast_head":"<!-- This site is optimized with the Yoast SEO plugin v22.5 - https:\/\/yoast.com\/wordpress\/plugins\/seo\/ -->\n<title>D\u00e9couvrez Miss Elegance Lorraine 2025 et ses dauphines - Gerardmer Info<\/title>\n<meta name=\"robots\" content=\"index, follow, max-snippet:-1, max-image-preview:large, max-video-preview:-1\" \/>\n<link rel=\"canonical\" href=\"https:\/\/vosgesinfo.fr\/gerardmerinfo\/2025\/06\/decouvrez-miss-elegance-lorraine-2025-et-ses-dauphines\/\" \/>\n<meta name=\"twitter:card\" content=\"summary_large_image\" \/>\n<meta name=\"twitter:title\" content=\"D\u00e9couvrez Miss Elegance Lorraine 2025 et ses dauphines - Gerardmer Info\" \/>\n<meta name=\"twitter:description\" content=\"&nbsp; Samedi 24 mai \u00e0 Pouxeux, avait lieu\u00a0 l&rsquo;\u00e9lection de Miss \u00c9l\u00e9gance Lorraine 2025, un \u00e9v\u00e9nement plac\u00e9 sous le signe [&hellip;]\" \/>\n<meta name=\"twitter:image\" content=\"https:\/\/vosgesinfo.fr\/app\/uploads\/sites\/6\/2025\/06\/miss-elegance-lorraine-2025-21.jpg\" \/>\n<meta name=\"twitter:creator\" content=\"@VosgesInfo88\" \/>\n<meta name=\"twitter:site\" content=\"@VosgesInfo88\" \/>\n<meta name=\"twitter:label1\" content=\"\u00c9crit par\" \/>\n\t<meta name=\"twitter:data1\" content=\"QG\" \/>\n\t<meta name=\"twitter:label2\" content=\"Dur\u00e9e de lecture estim\u00e9e\" \/>\n\t<meta name=\"twitter:data2\" content=\"2 minutes\" \/>\n<script type=\"application\/ld+json\" class=\"yoast-schema-graph\">{\"@context\":\"https:\/\/schema.org\",\"@graph\":[{\"@type\":\"Article\",\"@id\":\"https:\/\/vosgesinfo.fr\/gerardmerinfo\/2025\/06\/decouvrez-miss-elegance-lorraine-2025-et-ses-dauphines\/#article\",\"isPartOf\":{\"@id\":\"https:\/\/vosgesinfo.fr\/gerardmerinfo\/2025\/06\/decouvrez-miss-elegance-lorraine-2025-et-ses-dauphines\/\"},\"author\":{\"name\":\"QG\",\"@id\":\"https:\/\/vosgesinfo.fr\/gerardmerinfo\/#\/schema\/person\/db5605779a843dad16b5368f3e7613a5\"},\"headline\":\"D\u00e9couvrez Miss Elegance Lorraine 2025 et ses dauphines\",\"datePublished\":\"2025-06-01T15:39:08+00:00\",\"dateModified\":\"2025-06-01T15:16:44+00:00\",\"mainEntityOfPage\":{\"@id\":\"https:\/\/vosgesinfo.fr\/gerardmerinfo\/2025\/06\/decouvrez-miss-elegance-lorraine-2025-et-ses-dauphines\/\"},\"wordCount\":228,\"commentCount\":0,\"publisher\":{\"@id\":\"https:\/\/vosgesinfo.fr\/gerardmerinfo\/#organization\"},\"image\":{\"@id\":\"https:\/\/vosgesinfo.fr\/gerardmerinfo\/2025\/06\/decouvrez-miss-elegance-lorraine-2025-et-ses-dauphines\/#primaryimage\"},\"thumbnailUrl\":\"https:\/\/vosgesinfo.fr\/app\/uploads\/sites\/6\/2025\/06\/miss-elegance-lorraine-2025-21.jpg\",\"keywords\":[\"Miss elegance\"],\"articleSection\":[\"A la une\",\"Epinal\",\"Gerardmer\",\"La plaine des vosges\",\"Remiremont\",\"Saint-di\u00e9\"],\"inLanguage\":\"fr-FR\",\"potentialAction\":[{\"@type\":\"CommentAction\",\"name\":\"Comment\",\"target\":[\"https:\/\/vosgesinfo.fr\/gerardmerinfo\/2025\/06\/decouvrez-miss-elegance-lorraine-2025-et-ses-dauphines\/#respond\"]}]},{\"@type\":\"WebPage\",\"@id\":\"https:\/\/vosgesinfo.fr\/gerardmerinfo\/2025\/06\/decouvrez-miss-elegance-lorraine-2025-et-ses-dauphines\/\",\"url\":\"https:\/\/vosgesinfo.fr\/gerardmerinfo\/2025\/06\/decouvrez-miss-elegance-lorraine-2025-et-ses-dauphines\/\",\"name\":\"D\u00e9couvrez Miss Elegance Lorraine 2025 et ses dauphines - Gerardmer Info\",\"isPartOf\":{\"@id\":\"https:\/\/vosgesinfo.fr\/gerardmerinfo\/#website\"},\"primaryImageOfPage\":{\"@id\":\"https:\/\/vosgesinfo.fr\/gerardmerinfo\/2025\/06\/decouvrez-miss-elegance-lorraine-2025-et-ses-dauphines\/#primaryimage\"},\"image\":{\"@id\":\"https:\/\/vosgesinfo.fr\/gerardmerinfo\/2025\/06\/decouvrez-miss-elegance-lorraine-2025-et-ses-dauphines\/#primaryimage\"},\"thumbnailUrl\":\"https:\/\/vosgesinfo.fr\/app\/uploads\/sites\/6\/2025\/06\/miss-elegance-lorraine-2025-21.jpg\",\"datePublished\":\"2025-06-01T15:39:08+00:00\",\"dateModified\":\"2025-06-01T15:16:44+00:00\",\"breadcrumb\":{\"@id\":\"https:\/\/vosgesinfo.fr\/gerardmerinfo\/2025\/06\/decouvrez-miss-elegance-lorraine-2025-et-ses-dauphines\/#breadcrumb\"},\"inLanguage\":\"fr-FR\",\"potentialAction\":[{\"@type\":\"ReadAction\",\"target\":[\"https:\/\/vosgesinfo.fr\/gerardmerinfo\/2025\/06\/decouvrez-miss-elegance-lorraine-2025-et-ses-dauphines\/\"]}]},{\"@type\":\"ImageObject\",\"inLanguage\":\"fr-FR\",\"@id\":\"https:\/\/vosgesinfo.fr\/gerardmerinfo\/2025\/06\/decouvrez-miss-elegance-lorraine-2025-et-ses-dauphines\/#primaryimage\",\"url\":\"https:\/\/vosgesinfo.fr\/app\/uploads\/sites\/6\/2025\/06\/miss-elegance-lorraine-2025-21.jpg\",\"contentUrl\":\"https:\/\/vosgesinfo.fr\/app\/uploads\/sites\/6\/2025\/06\/miss-elegance-lorraine-2025-21.jpg\",\"width\":1536,\"height\":2048},{\"@type\":\"BreadcrumbList\",\"@id\":\"https:\/\/vosgesinfo.fr\/gerardmerinfo\/2025\/06\/decouvrez-miss-elegance-lorraine-2025-et-ses-dauphines\/#breadcrumb\",\"itemListElement\":[{\"@type\":\"ListItem\",\"position\":1,\"name\":\"Home\",\"item\":\"https:\/\/vosgesinfo.fr\/gerardmerinfo\/\"},{\"@type\":\"ListItem\",\"position\":2,\"name\":\"D\u00e9couvrez Miss Elegance Lorraine 2025 et ses dauphines\"}]},{\"@type\":\"WebSite\",\"@id\":\"https:\/\/vosgesinfo.fr\/gerardmerinfo\/#website\",\"url\":\"https:\/\/vosgesinfo.fr\/gerardmerinfo\/\",\"name\":\"Gerardmer Info\",\"description\":\"Toute l&#039;actualit\u00e9 de G\u00e9rardmer\",\"publisher\":{\"@id\":\"https:\/\/vosgesinfo.fr\/gerardmerinfo\/#organization\"},\"alternateName\":\"Toute l'actualit\u00e9 de G\u00e9rardmer\",\"potentialAction\":[{\"@type\":\"SearchAction\",\"target\":{\"@type\":\"EntryPoint\",\"urlTemplate\":\"https:\/\/vosgesinfo.fr\/gerardmerinfo\/?s={search_term_string}\"},\"query-input\":\"required name=search_term_string\"}],\"inLanguage\":\"fr-FR\"},{\"@type\":\"Organization\",\"@id\":\"https:\/\/vosgesinfo.fr\/gerardmerinfo\/#organization\",\"name\":\"Gerardmer Info\",\"url\":\"https:\/\/vosgesinfo.fr\/gerardmerinfo\/\",\"logo\":{\"@type\":\"ImageObject\",\"inLanguage\":\"fr-FR\",\"@id\":\"https:\/\/vosgesinfo.fr\/gerardmerinfo\/#\/schema\/logo\/image\/\",\"url\":\"https:\/\/vosgesinfo.fr\/app\/uploads\/sites\/6\/2023\/08\/favicon-gerardmerinfo.png\",\"contentUrl\":\"https:\/\/vosgesinfo.fr\/app\/uploads\/sites\/6\/2023\/08\/favicon-gerardmerinfo.png\",\"width\":512,\"height\":512,\"caption\":\"Gerardmer Info\"},\"image\":{\"@id\":\"https:\/\/vosgesinfo.fr\/gerardmerinfo\/#\/schema\/logo\/image\/\"},\"sameAs\":[\"https:\/\/www.facebook.com\/profile.php?id=100049475262660\",\"https:\/\/x.com\/VosgesInfo88\",\"https:\/\/www.youtube.com\/@vosgesinfo\"]},{\"@type\":\"Person\",\"@id\":\"https:\/\/vosgesinfo.fr\/gerardmerinfo\/#\/schema\/person\/db5605779a843dad16b5368f3e7613a5\",\"name\":\"QG\",\"image\":{\"@type\":\"ImageObject\",\"inLanguage\":\"fr-FR\",\"@id\":\"https:\/\/vosgesinfo.fr\/gerardmerinfo\/#\/schema\/person\/image\/\",\"url\":\"https:\/\/secure.gravatar.com\/avatar\/ea80c42c204b534408512832fde52504ecabb9706bcb6151cf6175e5b64e6793?s=96&d=mm&r=g\",\"contentUrl\":\"https:\/\/secure.gravatar.com\/avatar\/ea80c42c204b534408512832fde52504ecabb9706bcb6151cf6175e5b64e6793?s=96&d=mm&r=g\",\"caption\":\"QG\"},\"url\":\"https:\/\/vosgesinfo.fr\/gerardmerinfo\/author\/quentin88\/\"}]}<\/script>\n<!-- \/ Yoast SEO plugin. -->","yoast_head_json":{"title":"D\u00e9couvrez Miss Elegance Lorraine 2025 et ses dauphines - Gerardmer Info","robots":{"index":"index","follow":"follow","max-snippet":"max-snippet:-1","max-image-preview":"max-image-preview:large","max-video-preview":"max-video-preview:-1"},"canonical":"https:\/\/vosgesinfo.fr\/gerardmerinfo\/2025\/06\/decouvrez-miss-elegance-lorraine-2025-et-ses-dauphines\/","twitter_card":"summary_large_image","twitter_title":"D\u00e9couvrez Miss Elegance Lorraine 2025 et ses dauphines - Gerardmer Info","twitter_description":"&nbsp; Samedi 24 mai \u00e0 Pouxeux, avait lieu\u00a0 l&rsquo;\u00e9lection de Miss \u00c9l\u00e9gance Lorraine 2025, un \u00e9v\u00e9nement plac\u00e9 sous le signe [&hellip;]","twitter_image":"https:\/\/vosgesinfo.fr\/app\/uploads\/sites\/6\/2025\/06\/miss-elegance-lorraine-2025-21.jpg","twitter_creator":"@VosgesInfo88","twitter_site":"@VosgesInfo88","twitter_misc":{"\u00c9crit par":"QG","Dur\u00e9e de lecture estim\u00e9e":"2 minutes"},"schema":{"@context":"https:\/\/schema.org","@graph":[{"@type":"Article","@id":"https:\/\/vosgesinfo.fr\/gerardmerinfo\/2025\/06\/decouvrez-miss-elegance-lorraine-2025-et-ses-dauphines\/#article","isPartOf":{"@id":"https:\/\/vosgesinfo.fr\/gerardmerinfo\/2025\/06\/decouvrez-miss-elegance-lorraine-2025-et-ses-dauphines\/"},"author":{"name":"QG","@id":"https:\/\/vosgesinfo.fr\/gerardmerinfo\/#\/schema\/person\/db5605779a843dad16b5368f3e7613a5"},"headline":"D\u00e9couvrez Miss Elegance Lorraine 2025 et ses dauphines","datePublished":"2025-06-01T15:39:08+00:00","dateModified":"2025-06-01T15:16:44+00:00","mainEntityOfPage":{"@id":"https:\/\/vosgesinfo.fr\/gerardmerinfo\/2025\/06\/decouvrez-miss-elegance-lorraine-2025-et-ses-dauphines\/"},"wordCount":228,"commentCount":0,"publisher":{"@id":"https:\/\/vosgesinfo.fr\/gerardmerinfo\/#organization"},"image":{"@id":"https:\/\/vosgesinfo.fr\/gerardmerinfo\/2025\/06\/decouvrez-miss-elegance-lorraine-2025-et-ses-dauphines\/#primaryimage"},"thumbnailUrl":"https:\/\/vosgesinfo.fr\/app\/uploads\/sites\/6\/2025\/06\/miss-elegance-lorraine-2025-21.jpg","keywords":["Miss elegance"],"articleSection":["A la une","Epinal","Gerardmer","La plaine des vosges","Remiremont","Saint-di\u00e9"],"inLanguage":"fr-FR","potentialAction":[{"@type":"CommentAction","name":"Comment","target":["https:\/\/vosgesinfo.fr\/gerardmerinfo\/2025\/06\/decouvrez-miss-elegance-lorraine-2025-et-ses-dauphines\/#respond"]}]},{"@type":"WebPage","@id":"https:\/\/vosgesinfo.fr\/gerardmerinfo\/2025\/06\/decouvrez-miss-elegance-lorraine-2025-et-ses-dauphines\/","url":"https:\/\/vosgesinfo.fr\/gerardmerinfo\/2025\/06\/decouvrez-miss-elegance-lorraine-2025-et-ses-dauphines\/","name":"D\u00e9couvrez Miss Elegance Lorraine 2025 et ses dauphines - Gerardmer Info","isPartOf":{"@id":"https:\/\/vosgesinfo.fr\/gerardmerinfo\/#website"},"primaryImageOfPage":{"@id":"https:\/\/vosgesinfo.fr\/gerardmerinfo\/2025\/06\/decouvrez-miss-elegance-lorraine-2025-et-ses-dauphines\/#primaryimage"},"image":{"@id":"https:\/\/vosgesinfo.fr\/gerardmerinfo\/2025\/06\/decouvrez-miss-elegance-lorraine-2025-et-ses-dauphines\/#primaryimage"},"thumbnailUrl":"https:\/\/vosgesinfo.fr\/app\/uploads\/sites\/6\/2025\/06\/miss-elegance-lorraine-2025-21.jpg","datePublished":"2025-06-01T15:39:08+00:00","dateModified":"2025-06-01T15:16:44+00:00","breadcrumb":{"@id":"https:\/\/vosgesinfo.fr\/gerardmerinfo\/2025\/06\/decouvrez-miss-elegance-lorraine-2025-et-ses-dauphines\/#breadcrumb"},"inLanguage":"fr-FR","potentialAction":[{"@type":"ReadAction","target":["https:\/\/vosgesinfo.fr\/gerardmerinfo\/2025\/06\/decouvrez-miss-elegance-lorraine-2025-et-ses-dauphines\/"]}]},{"@type":"ImageObject","inLanguage":"fr-FR","@id":"https:\/\/vosgesinfo.fr\/gerardmerinfo\/2025\/06\/decouvrez-miss-elegance-lorraine-2025-et-ses-dauphines\/#primaryimage","url":"https:\/\/vosgesinfo.fr\/app\/uploads\/sites\/6\/2025\/06\/miss-elegance-lorraine-2025-21.jpg","contentUrl":"https:\/\/vosgesinfo.fr\/app\/uploads\/sites\/6\/2025\/06\/miss-elegance-lorraine-2025-21.jpg","width":1536,"height":2048},{"@type":"BreadcrumbList","@id":"https:\/\/vosgesinfo.fr\/gerardmerinfo\/2025\/06\/decouvrez-miss-elegance-lorraine-2025-et-ses-dauphines\/#breadcrumb","itemListElement":[{"@type":"ListItem","position":1,"name":"Home","item":"https:\/\/vosgesinfo.fr\/gerardmerinfo\/"},{"@type":"ListItem","position":2,"name":"D\u00e9couvrez Miss Elegance Lorraine 2025 et ses dauphines"}]},{"@type":"WebSite","@id":"https:\/\/vosgesinfo.fr\/gerardmerinfo\/#website","url":"https:\/\/vosgesinfo.fr\/gerardmerinfo\/","name":"Gerardmer Info","description":"Toute l&#039;actualit\u00e9 de G\u00e9rardmer","publisher":{"@id":"https:\/\/vosgesinfo.fr\/gerardmerinfo\/#organization"},"alternateName":"Toute l'actualit\u00e9 de G\u00e9rardmer","potentialAction":[{"@type":"SearchAction","target":{"@type":"EntryPoint","urlTemplate":"https:\/\/vosgesinfo.fr\/gerardmerinfo\/?s={search_term_string}"},"query-input":"required name=search_term_string"}],"inLanguage":"fr-FR"},{"@type":"Organization","@id":"https:\/\/vosgesinfo.fr\/gerardmerinfo\/#organization","name":"Gerardmer Info","url":"https:\/\/vosgesinfo.fr\/gerardmerinfo\/","logo":{"@type":"ImageObject","inLanguage":"fr-FR","@id":"https:\/\/vosgesinfo.fr\/gerardmerinfo\/#\/schema\/logo\/image\/","url":"https:\/\/vosgesinfo.fr\/app\/uploads\/sites\/6\/2023\/08\/favicon-gerardmerinfo.png","contentUrl":"https:\/\/vosgesinfo.fr\/app\/uploads\/sites\/6\/2023\/08\/favicon-gerardmerinfo.png","width":512,"height":512,"caption":"Gerardmer Info"},"image":{"@id":"https:\/\/vosgesinfo.fr\/gerardmerinfo\/#\/schema\/logo\/image\/"},"sameAs":["https:\/\/www.facebook.com\/profile.php?id=100049475262660","https:\/\/x.com\/VosgesInfo88","https:\/\/www.youtube.com\/@vosgesinfo"]},{"@type":"Person","@id":"https:\/\/vosgesinfo.fr\/gerardmerinfo\/#\/schema\/person\/db5605779a843dad16b5368f3e7613a5","name":"QG","image":{"@type":"ImageObject","inLanguage":"fr-FR","@id":"https:\/\/vosgesinfo.fr\/gerardmerinfo\/#\/schema\/person\/image\/","url":"https:\/\/secure.gravatar.com\/avatar\/ea80c42c204b534408512832fde52504ecabb9706bcb6151cf6175e5b64e6793?s=96&d=mm&r=g","contentUrl":"https:\/\/secure.gravatar.com\/avatar\/ea80c42c204b534408512832fde52504ecabb9706bcb6151cf6175e5b64e6793?s=96&d=mm&r=g","caption":"QG"},"url":"https:\/\/vosgesinfo.fr\/gerardmerinfo\/author\/quentin88\/"}]}},"_links":{"self":[{"href":"https:\/\/vosgesinfo.fr\/gerardmerinfo\/wp-json\/wp\/v2\/posts\/78689","targetHints":{"allow":["GET"]}}],"collection":[{"href":"https:\/\/vosgesinfo.fr\/gerardmerinfo\/wp-json\/wp\/v2\/posts"}],"about":[{"href":"https:\/\/vosgesinfo.fr\/gerardmerinfo\/wp-json\/wp\/v2\/types\/post"}],"author":[{"embeddable":true,"href":"https:\/\/vosgesinfo.fr\/gerardmerinfo\/wp-json\/wp\/v2\/users\/42"}],"replies":[{"embeddable":true,"href":"https:\/\/vosgesinfo.fr\/gerardmerinfo\/wp-json\/wp\/v2\/comments?post=78689"}],"version-history":[{"count":2,"href":"https:\/\/vosgesinfo.fr\/gerardmerinfo\/wp-json\/wp\/v2\/posts\/78689\/revisions"}],"predecessor-version":[{"id":78700,"href":"https:\/\/vosgesinfo.fr\/gerardmerinfo\/wp-json\/wp\/v2\/posts\/78689\/revisions\/78700"}],"wp:featuredmedia":[{"embeddable":true,"href":"https:\/\/vosgesinfo.fr\/gerardmerinfo\/wp-json\/wp\/v2\/media\/78695"}],"wp:attachment":[{"href":"https:\/\/vosgesinfo.fr\/gerardmerinfo\/wp-json\/wp\/v2\/media?parent=78689"}],"wp:term":[{"taxonomy":"category","embeddable":true,"href":"https:\/\/vosgesinfo.fr\/gerardmerinfo\/wp-json\/wp\/v2\/categories?post=78689"},{"taxonomy":"post_tag","embeddable":true,"href":"https:\/\/vosgesinfo.fr\/gerardmerinfo\/wp-json\/wp\/v2\/tags?post=78689"}],"curies":[{"name":"wp","href":"https:\/\/api.w.org\/{rel}","templated":true}]}}