{"id":78703,"date":"2025-06-02T10:25:42","date_gmt":"2025-06-02T08:25:42","guid":{"rendered":"https:\/\/vosgesinfo.fr\/gerardmerinfo\/?p=78703"},"modified":"2025-06-02T10:25:42","modified_gmt":"2025-06-02T08:25:42","slug":"lobservatoire-du-loup-et-alliance-avec-les-loups-deposent-plainte-contre-la-prefete-de-la-haute-marne","status":"publish","type":"post","link":"https:\/\/vosgesinfo.fr\/gerardmerinfo\/2025\/06\/lobservatoire-du-loup-et-alliance-avec-les-loups-deposent-plainte-contre-la-prefete-de-la-haute-marne\/","title":{"rendered":"\u00ab\u00a0L\u2019Observatoire du Loup\u00a0\u00bb et \u00ab\u00a0Alliance avec les Loups\u00a0\u00bb d\u00e9posent plainte contre la Pr\u00e9f\u00e8te de la Haute-Marne"},"content":{"rendered":"<p><a href=\"https:\/\/vosgesinfo.fr\/app\/uploads\/sites\/5\/2016\/12\/loup1.jpg\"><img decoding=\"async\" class=\"aligncenter size-full wp-image-2723\" src=\"https:\/\/vosgesinfo.fr\/app\/uploads\/sites\/5\/2016\/12\/loup1.jpg\" alt=\"\" width=\"800\" height=\"533\" \/><\/a><\/p>\n<p><strong>COMMUNIQU\u00c9 DE PRESSE<\/strong><\/p>\n<p>\u00ab\u00a0<strong>L\u2019Observatoire du Loup\u00a0\u00bb et \u00ab\u00a0Alliance avec les Loups\u00a0\u00bb d\u00e9posent plainte contre la Pr\u00e9f\u00e8te de la Haute-Marne<\/strong><\/p>\n<p>&nbsp;<\/p>\n<p>Apr\u00e8s une premi\u00e8re plainte contre le Pr\u00e9fet de Sa\u00f4ne et Loire, l\u2019association <strong>Observatoire du Loup<\/strong>, accompagn\u00e9e par d&rsquo;autres acteurs engag\u00e9s pour la protection de la biodiversit\u00e9, annonce avoir d\u00e9pos\u00e9 une <strong>plainte p\u00e9nale<\/strong> ce jour aupr\u00e8s du <strong>Procureur de la R\u00e9publique de Chaumont<\/strong>, visant <strong>Madame R\u00e9gine PAM, pr\u00e9f\u00e8te de la Haute-Marne<\/strong>, pour <strong>violation manifeste de la r\u00e9glementation encadrant la protection d\u2019une esp\u00e8ce strictement prot\u00e9g\u00e9e : le loup (Canis lupus).<\/strong><\/p>\n<p>&nbsp;<\/p>\n<p>Cette plainte fait suite \u00e0 l\u2019<strong>arr\u00eat\u00e9 pr\u00e9fectoral n\u00b052-2025-05-00161<\/strong> dat\u00e9 du 27 mai 2025, autorisant des tirs de d\u00e9fense simple contre le loup sur le territoire haut-marnais. L\u2019Observatoire du Loup d\u00e9nonce un <strong>contournement ill\u00e9gal<\/strong> des obligations r\u00e9glementaires en vigueur, notamment celles pr\u00e9vues par :<\/p>\n<p>&nbsp;<\/p>\n<ul>\n<li>Le <strong>Code de l\u2019environnement<\/strong>, articles L.411-1 et suivants,<\/li>\n<li>L\u2019<strong>arr\u00eat\u00e9 minist\u00e9riel du 30 d\u00e9cembre 2022<\/strong>, relatif aux aides \u00e0 la protection contre la pr\u00e9dation,<\/li>\n<li>Et le <strong>Plan National d\u2019Action Loup<\/strong>, qui conditionne strictement toute autorisation de tir \u00e0 la mise en \u0153uvre effective de moyens de protection.<\/li>\n<\/ul>\n<p>&nbsp;<\/p>\n<p>Or, l\u2019arr\u00eat\u00e9 pr\u00e9fectoral en question autorise des tirs malgr\u00e9 une situation <strong>non conforme aux exigences l\u00e9gales de protection pr\u00e9alable<\/strong>, et sans justification suffisante sur l\u2019\u00e9tat de conservation favorable de l\u2019esp\u00e8ce.<\/p>\n<p><strong>Une implication politique pr\u00e9occupante<\/strong><\/p>\n<p>&nbsp;<\/p>\n<p>Il est \u00e9galement \u00e0 noter que le <strong>Pr\u00e9sident du Conseil d\u00e9partemental de la Haute-Marne, M. Nicolas Lacroix<\/strong>, est directement <strong>b\u00e9n\u00e9ficiaire de l\u2019arr\u00eat\u00e9 pr\u00e9fectoral<\/strong>, en tant que personne autoris\u00e9e \u00e0 proc\u00e9der aux tirs contre le loup. <strong>La demande d\u2019autorisation a \u00e9t\u00e9 adress\u00e9e \u00e0 la pr\u00e9f\u00e8te le 27 mai 2025, et l\u2019arr\u00eat\u00e9 a \u00e9t\u00e9 sign\u00e9\u2026 le jour m\u00eame<\/strong>, r\u00e9v\u00e9lant une pr\u00e9cipitation inhabituelle et un traitement d\u2019exception. Cette double casquette, \u00e0 la fois politique et priv\u00e9e, pose une question majeure d\u2019<strong>\u00e9thique publique<\/strong> et de <strong>conflit d\u2019int\u00e9r\u00eat<\/strong>. Elle jette un doute s\u00e9rieux sur <strong>l\u2019impartialit\u00e9 de la d\u00e9cision pr\u00e9fectorale<\/strong>, prise au b\u00e9n\u00e9fice d\u2019un \u00e9lu influent sans respect du cadre l\u00e9gal applicable. Ce type de situation pourrait relever de la <strong>prise ill\u00e9gale d\u2019int\u00e9r\u00eat<\/strong>, infraction d\u00e9finie \u00e0 l\u2019<strong>article 432-12 du Code p\u00e9nal<\/strong>, passible de <strong>cinq ans d\u2019emprisonnement<\/strong> et <strong>500 000 euros d\u2019amende<\/strong>.<\/p>\n<p><strong>Une d\u00e9rive institutionnelle grave<\/strong><\/p>\n<p>&nbsp;<\/p>\n<p>Loin de s\u2019inscrire dans une logique de gestion raisonn\u00e9e, cette d\u00e9cision marque une d\u00e9rive pr\u00e9occupante de l\u2019autorit\u00e9 administrative, au d\u00e9triment de la loi, de la transparence, et de la biodiversit\u00e9. En autorisant de tels tirs sur un fondement contestable, <strong>la pr\u00e9f\u00e8te s\u2019expose \u00e0 des suites p\u00e9nales<\/strong> que la justice devra pleinement examiner.<\/p>\n<p><strong>Demande d\u2019enqu\u00eate et de transparence<\/strong><\/p>\n<p>&nbsp;<\/p>\n<p>L\u2019Observatoire du Loup demande l\u2019ouverture d\u2019une <strong>enqu\u00eate approfondie<\/strong>, l\u2019audition des services de la pr\u00e9fecture, de la DDT et de l&rsquo;OFB, ainsi que le contr\u00f4le strict de la conformit\u00e9 des op\u00e9rations de tir pr\u00e9vues.<\/p>\n<p>&nbsp;<\/p>\n<p><strong>Le 29 mai 2025<br \/>\nLes associations\u00a0: \u00ab\u00a0L\u2019Observatoire du loup\u00a0\u00bb et \u00ab Alliance avec les loups \u00bb<\/strong><\/p>\n","protected":false},"excerpt":{"rendered":"<p>COMMUNIQU\u00c9 DE PRESSE \u00ab\u00a0L\u2019Observatoire du Loup\u00a0\u00bb et \u00ab\u00a0Alliance avec les Loups\u00a0\u00bb d\u00e9posent plainte contre la Pr\u00e9f\u00e8te de la Haute-Marne &nbsp; [&hellip;]<\/p>\n","protected":false},"author":391,"featured_media":78704,"comment_status":"open","ping_status":"open","sticky":false,"template":"","format":"standard","meta":{"footnotes":""},"categories":[20,5848,878,25,328,868,946,17,18],"tags":[7194],"class_list":["post-78703","post","type-post","status-publish","format-standard","has-post-thumbnail","hentry","category-a-la-une","category-animaux","category-epinal","category-gerardmer","category-la-plaine-des-vosges","category-remiremont","category-saint-die","category-vie-associative","category-vosges","tag-observatoire-du-loup"],"acf":[],"yoast_head":"<!-- This site is optimized with the Yoast SEO plugin v22.5 - https:\/\/yoast.com\/wordpress\/plugins\/seo\/ -->\n<title>\u00ab\u00a0L\u2019Observatoire du Loup\u00a0\u00bb et \u00ab\u00a0Alliance avec les Loups\u00a0\u00bb d\u00e9posent plainte contre la Pr\u00e9f\u00e8te de la Haute-Marne - Gerardmer Info<\/title>\n<meta name=\"robots\" content=\"index, follow, max-snippet:-1, max-image-preview:large, max-video-preview:-1\" \/>\n<link rel=\"canonical\" href=\"https:\/\/vosgesinfo.fr\/gerardmerinfo\/2025\/06\/lobservatoire-du-loup-et-alliance-avec-les-loups-deposent-plainte-contre-la-prefete-de-la-haute-marne\/\" \/>\n<meta name=\"twitter:card\" content=\"summary_large_image\" \/>\n<meta name=\"twitter:title\" content=\"\u00ab\u00a0L\u2019Observatoire du Loup\u00a0\u00bb et \u00ab\u00a0Alliance avec les Loups\u00a0\u00bb d\u00e9posent plainte contre la Pr\u00e9f\u00e8te de la Haute-Marne - Gerardmer Info\" \/>\n<meta name=\"twitter:description\" content=\"COMMUNIQU\u00c9 DE PRESSE \u00ab\u00a0L\u2019Observatoire du Loup\u00a0\u00bb et \u00ab\u00a0Alliance avec les Loups\u00a0\u00bb d\u00e9posent plainte contre la Pr\u00e9f\u00e8te de la Haute-Marne &nbsp; [&hellip;]\" \/>\n<meta name=\"twitter:image\" content=\"https:\/\/vosgesinfo.fr\/app\/uploads\/sites\/6\/2025\/06\/loup1.jpg\" \/>\n<meta name=\"twitter:creator\" content=\"@VosgesInfo88\" \/>\n<meta name=\"twitter:site\" content=\"@VosgesInfo88\" \/>\n<meta name=\"twitter:label1\" content=\"\u00c9crit par\" \/>\n\t<meta name=\"twitter:data1\" content=\"La redaction\" \/>\n\t<meta name=\"twitter:label2\" content=\"Dur\u00e9e de lecture estim\u00e9e\" \/>\n\t<meta name=\"twitter:data2\" content=\"3 minutes\" \/>\n<script type=\"application\/ld+json\" class=\"yoast-schema-graph\">{\"@context\":\"https:\/\/schema.org\",\"@graph\":[{\"@type\":\"Article\",\"@id\":\"https:\/\/vosgesinfo.fr\/gerardmerinfo\/2025\/06\/lobservatoire-du-loup-et-alliance-avec-les-loups-deposent-plainte-contre-la-prefete-de-la-haute-marne\/#article\",\"isPartOf\":{\"@id\":\"https:\/\/vosgesinfo.fr\/gerardmerinfo\/2025\/06\/lobservatoire-du-loup-et-alliance-avec-les-loups-deposent-plainte-contre-la-prefete-de-la-haute-marne\/\"},\"author\":{\"name\":\"La redaction\",\"@id\":\"https:\/\/vosgesinfo.fr\/gerardmerinfo\/#\/schema\/person\/27a3695b06db98895b354c0765cdfc31\"},\"headline\":\"\u00ab\u00a0L\u2019Observatoire du Loup\u00a0\u00bb et \u00ab\u00a0Alliance avec les Loups\u00a0\u00bb d\u00e9posent plainte contre la Pr\u00e9f\u00e8te de la Haute-Marne\",\"datePublished\":\"2025-06-02T08:25:42+00:00\",\"dateModified\":\"2025-06-02T08:25:42+00:00\",\"mainEntityOfPage\":{\"@id\":\"https:\/\/vosgesinfo.fr\/gerardmerinfo\/2025\/06\/lobservatoire-du-loup-et-alliance-avec-les-loups-deposent-plainte-contre-la-prefete-de-la-haute-marne\/\"},\"wordCount\":580,\"commentCount\":4,\"publisher\":{\"@id\":\"https:\/\/vosgesinfo.fr\/gerardmerinfo\/#organization\"},\"image\":{\"@id\":\"https:\/\/vosgesinfo.fr\/gerardmerinfo\/2025\/06\/lobservatoire-du-loup-et-alliance-avec-les-loups-deposent-plainte-contre-la-prefete-de-la-haute-marne\/#primaryimage\"},\"thumbnailUrl\":\"https:\/\/vosgesinfo.fr\/app\/uploads\/sites\/6\/2025\/06\/loup1.jpg\",\"keywords\":[\"Observatoire du loup\"],\"articleSection\":[\"A la une\",\"Animaux\",\"Epinal\",\"G\u00e9rardmer\",\"La plaine des vosges\",\"Remiremont\",\"Saint-di\u00e9\",\"Vie Associative\",\"Vosges\"],\"inLanguage\":\"fr-FR\",\"potentialAction\":[{\"@type\":\"CommentAction\",\"name\":\"Comment\",\"target\":[\"https:\/\/vosgesinfo.fr\/gerardmerinfo\/2025\/06\/lobservatoire-du-loup-et-alliance-avec-les-loups-deposent-plainte-contre-la-prefete-de-la-haute-marne\/#respond\"]}]},{\"@type\":\"WebPage\",\"@id\":\"https:\/\/vosgesinfo.fr\/gerardmerinfo\/2025\/06\/lobservatoire-du-loup-et-alliance-avec-les-loups-deposent-plainte-contre-la-prefete-de-la-haute-marne\/\",\"url\":\"https:\/\/vosgesinfo.fr\/gerardmerinfo\/2025\/06\/lobservatoire-du-loup-et-alliance-avec-les-loups-deposent-plainte-contre-la-prefete-de-la-haute-marne\/\",\"name\":\"\u00ab\u00a0L\u2019Observatoire du Loup\u00a0\u00bb et \u00ab\u00a0Alliance avec les Loups\u00a0\u00bb d\u00e9posent plainte contre la Pr\u00e9f\u00e8te de la Haute-Marne - Gerardmer Info\",\"isPartOf\":{\"@id\":\"https:\/\/vosgesinfo.fr\/gerardmerinfo\/#website\"},\"primaryImageOfPage\":{\"@id\":\"https:\/\/vosgesinfo.fr\/gerardmerinfo\/2025\/06\/lobservatoire-du-loup-et-alliance-avec-les-loups-deposent-plainte-contre-la-prefete-de-la-haute-marne\/#primaryimage\"},\"image\":{\"@id\":\"https:\/\/vosgesinfo.fr\/gerardmerinfo\/2025\/06\/lobservatoire-du-loup-et-alliance-avec-les-loups-deposent-plainte-contre-la-prefete-de-la-haute-marne\/#primaryimage\"},\"thumbnailUrl\":\"https:\/\/vosgesinfo.fr\/app\/uploads\/sites\/6\/2025\/06\/loup1.jpg\",\"datePublished\":\"2025-06-02T08:25:42+00:00\",\"dateModified\":\"2025-06-02T08:25:42+00:00\",\"breadcrumb\":{\"@id\":\"https:\/\/vosgesinfo.fr\/gerardmerinfo\/2025\/06\/lobservatoire-du-loup-et-alliance-avec-les-loups-deposent-plainte-contre-la-prefete-de-la-haute-marne\/#breadcrumb\"},\"inLanguage\":\"fr-FR\",\"potentialAction\":[{\"@type\":\"ReadAction\",\"target\":[\"https:\/\/vosgesinfo.fr\/gerardmerinfo\/2025\/06\/lobservatoire-du-loup-et-alliance-avec-les-loups-deposent-plainte-contre-la-prefete-de-la-haute-marne\/\"]}]},{\"@type\":\"ImageObject\",\"inLanguage\":\"fr-FR\",\"@id\":\"https:\/\/vosgesinfo.fr\/gerardmerinfo\/2025\/06\/lobservatoire-du-loup-et-alliance-avec-les-loups-deposent-plainte-contre-la-prefete-de-la-haute-marne\/#primaryimage\",\"url\":\"https:\/\/vosgesinfo.fr\/app\/uploads\/sites\/6\/2025\/06\/loup1.jpg\",\"contentUrl\":\"https:\/\/vosgesinfo.fr\/app\/uploads\/sites\/6\/2025\/06\/loup1.jpg\",\"width\":800,\"height\":533},{\"@type\":\"BreadcrumbList\",\"@id\":\"https:\/\/vosgesinfo.fr\/gerardmerinfo\/2025\/06\/lobservatoire-du-loup-et-alliance-avec-les-loups-deposent-plainte-contre-la-prefete-de-la-haute-marne\/#breadcrumb\",\"itemListElement\":[{\"@type\":\"ListItem\",\"position\":1,\"name\":\"Home\",\"item\":\"https:\/\/vosgesinfo.fr\/gerardmerinfo\/\"},{\"@type\":\"ListItem\",\"position\":2,\"name\":\"\u00ab\u00a0L\u2019Observatoire du Loup\u00a0\u00bb et \u00ab\u00a0Alliance avec les Loups\u00a0\u00bb d\u00e9posent plainte contre la Pr\u00e9f\u00e8te de la Haute-Marne\"}]},{\"@type\":\"WebSite\",\"@id\":\"https:\/\/vosgesinfo.fr\/gerardmerinfo\/#website\",\"url\":\"https:\/\/vosgesinfo.fr\/gerardmerinfo\/\",\"name\":\"Gerardmer Info\",\"description\":\"Toute l&#039;actualit\u00e9 de G\u00e9rardmer\",\"publisher\":{\"@id\":\"https:\/\/vosgesinfo.fr\/gerardmerinfo\/#organization\"},\"alternateName\":\"Toute l'actualit\u00e9 de G\u00e9rardmer\",\"potentialAction\":[{\"@type\":\"SearchAction\",\"target\":{\"@type\":\"EntryPoint\",\"urlTemplate\":\"https:\/\/vosgesinfo.fr\/gerardmerinfo\/?s={search_term_string}\"},\"query-input\":\"required name=search_term_string\"}],\"inLanguage\":\"fr-FR\"},{\"@type\":\"Organization\",\"@id\":\"https:\/\/vosgesinfo.fr\/gerardmerinfo\/#organization\",\"name\":\"Gerardmer Info\",\"url\":\"https:\/\/vosgesinfo.fr\/gerardmerinfo\/\",\"logo\":{\"@type\":\"ImageObject\",\"inLanguage\":\"fr-FR\",\"@id\":\"https:\/\/vosgesinfo.fr\/gerardmerinfo\/#\/schema\/logo\/image\/\",\"url\":\"https:\/\/vosgesinfo.fr\/app\/uploads\/sites\/6\/2023\/08\/favicon-gerardmerinfo.png\",\"contentUrl\":\"https:\/\/vosgesinfo.fr\/app\/uploads\/sites\/6\/2023\/08\/favicon-gerardmerinfo.png\",\"width\":512,\"height\":512,\"caption\":\"Gerardmer Info\"},\"image\":{\"@id\":\"https:\/\/vosgesinfo.fr\/gerardmerinfo\/#\/schema\/logo\/image\/\"},\"sameAs\":[\"https:\/\/www.facebook.com\/profile.php?id=100049475262660\",\"https:\/\/x.com\/VosgesInfo88\",\"https:\/\/www.youtube.com\/@vosgesinfo\"]},{\"@type\":\"Person\",\"@id\":\"https:\/\/vosgesinfo.fr\/gerardmerinfo\/#\/schema\/person\/27a3695b06db98895b354c0765cdfc31\",\"name\":\"La redaction\",\"image\":{\"@type\":\"ImageObject\",\"inLanguage\":\"fr-FR\",\"@id\":\"https:\/\/vosgesinfo.fr\/gerardmerinfo\/#\/schema\/person\/image\/\",\"url\":\"https:\/\/secure.gravatar.com\/avatar\/64c76a78e501cedee55736f43f332df901e1896ae9cd8fad269ae2236dd0e8b6?s=96&d=mm&r=g\",\"contentUrl\":\"https:\/\/secure.gravatar.com\/avatar\/64c76a78e501cedee55736f43f332df901e1896ae9cd8fad269ae2236dd0e8b6?s=96&d=mm&r=g\",\"caption\":\"La redaction\"},\"url\":\"https:\/\/vosgesinfo.fr\/gerardmerinfo\/author\/la-redaction\/\"}]}<\/script>\n<!-- \/ Yoast SEO plugin. -->","yoast_head_json":{"title":"\u00ab\u00a0L\u2019Observatoire du Loup\u00a0\u00bb et \u00ab\u00a0Alliance avec les Loups\u00a0\u00bb d\u00e9posent plainte contre la Pr\u00e9f\u00e8te de la Haute-Marne - Gerardmer Info","robots":{"index":"index","follow":"follow","max-snippet":"max-snippet:-1","max-image-preview":"max-image-preview:large","max-video-preview":"max-video-preview:-1"},"canonical":"https:\/\/vosgesinfo.fr\/gerardmerinfo\/2025\/06\/lobservatoire-du-loup-et-alliance-avec-les-loups-deposent-plainte-contre-la-prefete-de-la-haute-marne\/","twitter_card":"summary_large_image","twitter_title":"\u00ab\u00a0L\u2019Observatoire du Loup\u00a0\u00bb et \u00ab\u00a0Alliance avec les Loups\u00a0\u00bb d\u00e9posent plainte contre la Pr\u00e9f\u00e8te de la Haute-Marne - Gerardmer Info","twitter_description":"COMMUNIQU\u00c9 DE PRESSE \u00ab\u00a0L\u2019Observatoire du Loup\u00a0\u00bb et \u00ab\u00a0Alliance avec les Loups\u00a0\u00bb d\u00e9posent plainte contre la Pr\u00e9f\u00e8te de la Haute-Marne &nbsp; [&hellip;]","twitter_image":"https:\/\/vosgesinfo.fr\/app\/uploads\/sites\/6\/2025\/06\/loup1.jpg","twitter_creator":"@VosgesInfo88","twitter_site":"@VosgesInfo88","twitter_misc":{"\u00c9crit par":"La redaction","Dur\u00e9e de lecture estim\u00e9e":"3 minutes"},"schema":{"@context":"https:\/\/schema.org","@graph":[{"@type":"Article","@id":"https:\/\/vosgesinfo.fr\/gerardmerinfo\/2025\/06\/lobservatoire-du-loup-et-alliance-avec-les-loups-deposent-plainte-contre-la-prefete-de-la-haute-marne\/#article","isPartOf":{"@id":"https:\/\/vosgesinfo.fr\/gerardmerinfo\/2025\/06\/lobservatoire-du-loup-et-alliance-avec-les-loups-deposent-plainte-contre-la-prefete-de-la-haute-marne\/"},"author":{"name":"La redaction","@id":"https:\/\/vosgesinfo.fr\/gerardmerinfo\/#\/schema\/person\/27a3695b06db98895b354c0765cdfc31"},"headline":"\u00ab\u00a0L\u2019Observatoire du Loup\u00a0\u00bb et \u00ab\u00a0Alliance avec les Loups\u00a0\u00bb d\u00e9posent plainte contre la Pr\u00e9f\u00e8te de la Haute-Marne","datePublished":"2025-06-02T08:25:42+00:00","dateModified":"2025-06-02T08:25:42+00:00","mainEntityOfPage":{"@id":"https:\/\/vosgesinfo.fr\/gerardmerinfo\/2025\/06\/lobservatoire-du-loup-et-alliance-avec-les-loups-deposent-plainte-contre-la-prefete-de-la-haute-marne\/"},"wordCount":580,"commentCount":4,"publisher":{"@id":"https:\/\/vosgesinfo.fr\/gerardmerinfo\/#organization"},"image":{"@id":"https:\/\/vosgesinfo.fr\/gerardmerinfo\/2025\/06\/lobservatoire-du-loup-et-alliance-avec-les-loups-deposent-plainte-contre-la-prefete-de-la-haute-marne\/#primaryimage"},"thumbnailUrl":"https:\/\/vosgesinfo.fr\/app\/uploads\/sites\/6\/2025\/06\/loup1.jpg","keywords":["Observatoire du loup"],"articleSection":["A la une","Animaux","Epinal","G\u00e9rardmer","La plaine des vosges","Remiremont","Saint-di\u00e9","Vie Associative","Vosges"],"inLanguage":"fr-FR","potentialAction":[{"@type":"CommentAction","name":"Comment","target":["https:\/\/vosgesinfo.fr\/gerardmerinfo\/2025\/06\/lobservatoire-du-loup-et-alliance-avec-les-loups-deposent-plainte-contre-la-prefete-de-la-haute-marne\/#respond"]}]},{"@type":"WebPage","@id":"https:\/\/vosgesinfo.fr\/gerardmerinfo\/2025\/06\/lobservatoire-du-loup-et-alliance-avec-les-loups-deposent-plainte-contre-la-prefete-de-la-haute-marne\/","url":"https:\/\/vosgesinfo.fr\/gerardmerinfo\/2025\/06\/lobservatoire-du-loup-et-alliance-avec-les-loups-deposent-plainte-contre-la-prefete-de-la-haute-marne\/","name":"\u00ab\u00a0L\u2019Observatoire du Loup\u00a0\u00bb et \u00ab\u00a0Alliance avec les Loups\u00a0\u00bb d\u00e9posent plainte contre la Pr\u00e9f\u00e8te de la Haute-Marne - Gerardmer Info","isPartOf":{"@id":"https:\/\/vosgesinfo.fr\/gerardmerinfo\/#website"},"primaryImageOfPage":{"@id":"https:\/\/vosgesinfo.fr\/gerardmerinfo\/2025\/06\/lobservatoire-du-loup-et-alliance-avec-les-loups-deposent-plainte-contre-la-prefete-de-la-haute-marne\/#primaryimage"},"image":{"@id":"https:\/\/vosgesinfo.fr\/gerardmerinfo\/2025\/06\/lobservatoire-du-loup-et-alliance-avec-les-loups-deposent-plainte-contre-la-prefete-de-la-haute-marne\/#primaryimage"},"thumbnailUrl":"https:\/\/vosgesinfo.fr\/app\/uploads\/sites\/6\/2025\/06\/loup1.jpg","datePublished":"2025-06-02T08:25:42+00:00","dateModified":"2025-06-02T08:25:42+00:00","breadcrumb":{"@id":"https:\/\/vosgesinfo.fr\/gerardmerinfo\/2025\/06\/lobservatoire-du-loup-et-alliance-avec-les-loups-deposent-plainte-contre-la-prefete-de-la-haute-marne\/#breadcrumb"},"inLanguage":"fr-FR","potentialAction":[{"@type":"ReadAction","target":["https:\/\/vosgesinfo.fr\/gerardmerinfo\/2025\/06\/lobservatoire-du-loup-et-alliance-avec-les-loups-deposent-plainte-contre-la-prefete-de-la-haute-marne\/"]}]},{"@type":"ImageObject","inLanguage":"fr-FR","@id":"https:\/\/vosgesinfo.fr\/gerardmerinfo\/2025\/06\/lobservatoire-du-loup-et-alliance-avec-les-loups-deposent-plainte-contre-la-prefete-de-la-haute-marne\/#primaryimage","url":"https:\/\/vosgesinfo.fr\/app\/uploads\/sites\/6\/2025\/06\/loup1.jpg","contentUrl":"https:\/\/vosgesinfo.fr\/app\/uploads\/sites\/6\/2025\/06\/loup1.jpg","width":800,"height":533},{"@type":"BreadcrumbList","@id":"https:\/\/vosgesinfo.fr\/gerardmerinfo\/2025\/06\/lobservatoire-du-loup-et-alliance-avec-les-loups-deposent-plainte-contre-la-prefete-de-la-haute-marne\/#breadcrumb","itemListElement":[{"@type":"ListItem","position":1,"name":"Home","item":"https:\/\/vosgesinfo.fr\/gerardmerinfo\/"},{"@type":"ListItem","position":2,"name":"\u00ab\u00a0L\u2019Observatoire du Loup\u00a0\u00bb et \u00ab\u00a0Alliance avec les Loups\u00a0\u00bb d\u00e9posent plainte contre la Pr\u00e9f\u00e8te de la Haute-Marne"}]},{"@type":"WebSite","@id":"https:\/\/vosgesinfo.fr\/gerardmerinfo\/#website","url":"https:\/\/vosgesinfo.fr\/gerardmerinfo\/","name":"Gerardmer Info","description":"Toute l&#039;actualit\u00e9 de G\u00e9rardmer","publisher":{"@id":"https:\/\/vosgesinfo.fr\/gerardmerinfo\/#organization"},"alternateName":"Toute l'actualit\u00e9 de G\u00e9rardmer","potentialAction":[{"@type":"SearchAction","target":{"@type":"EntryPoint","urlTemplate":"https:\/\/vosgesinfo.fr\/gerardmerinfo\/?s={search_term_string}"},"query-input":"required name=search_term_string"}],"inLanguage":"fr-FR"},{"@type":"Organization","@id":"https:\/\/vosgesinfo.fr\/gerardmerinfo\/#organization","name":"Gerardmer Info","url":"https:\/\/vosgesinfo.fr\/gerardmerinfo\/","logo":{"@type":"ImageObject","inLanguage":"fr-FR","@id":"https:\/\/vosgesinfo.fr\/gerardmerinfo\/#\/schema\/logo\/image\/","url":"https:\/\/vosgesinfo.fr\/app\/uploads\/sites\/6\/2023\/08\/favicon-gerardmerinfo.png","contentUrl":"https:\/\/vosgesinfo.fr\/app\/uploads\/sites\/6\/2023\/08\/favicon-gerardmerinfo.png","width":512,"height":512,"caption":"Gerardmer Info"},"image":{"@id":"https:\/\/vosgesinfo.fr\/gerardmerinfo\/#\/schema\/logo\/image\/"},"sameAs":["https:\/\/www.facebook.com\/profile.php?id=100049475262660","https:\/\/x.com\/VosgesInfo88","https:\/\/www.youtube.com\/@vosgesinfo"]},{"@type":"Person","@id":"https:\/\/vosgesinfo.fr\/gerardmerinfo\/#\/schema\/person\/27a3695b06db98895b354c0765cdfc31","name":"La redaction","image":{"@type":"ImageObject","inLanguage":"fr-FR","@id":"https:\/\/vosgesinfo.fr\/gerardmerinfo\/#\/schema\/person\/image\/","url":"https:\/\/secure.gravatar.com\/avatar\/64c76a78e501cedee55736f43f332df901e1896ae9cd8fad269ae2236dd0e8b6?s=96&d=mm&r=g","contentUrl":"https:\/\/secure.gravatar.com\/avatar\/64c76a78e501cedee55736f43f332df901e1896ae9cd8fad269ae2236dd0e8b6?s=96&d=mm&r=g","caption":"La redaction"},"url":"https:\/\/vosgesinfo.fr\/gerardmerinfo\/author\/la-redaction\/"}]}},"_links":{"self":[{"href":"https:\/\/vosgesinfo.fr\/gerardmerinfo\/wp-json\/wp\/v2\/posts\/78703","targetHints":{"allow":["GET"]}}],"collection":[{"href":"https:\/\/vosgesinfo.fr\/gerardmerinfo\/wp-json\/wp\/v2\/posts"}],"about":[{"href":"https:\/\/vosgesinfo.fr\/gerardmerinfo\/wp-json\/wp\/v2\/types\/post"}],"author":[{"embeddable":true,"href":"https:\/\/vosgesinfo.fr\/gerardmerinfo\/wp-json\/wp\/v2\/users\/391"}],"replies":[{"embeddable":true,"href":"https:\/\/vosgesinfo.fr\/gerardmerinfo\/wp-json\/wp\/v2\/comments?post=78703"}],"version-history":[{"count":0,"href":"https:\/\/vosgesinfo.fr\/gerardmerinfo\/wp-json\/wp\/v2\/posts\/78703\/revisions"}],"wp:featuredmedia":[{"embeddable":true,"href":"https:\/\/vosgesinfo.fr\/gerardmerinfo\/wp-json\/wp\/v2\/media\/78704"}],"wp:attachment":[{"href":"https:\/\/vosgesinfo.fr\/gerardmerinfo\/wp-json\/wp\/v2\/media?parent=78703"}],"wp:term":[{"taxonomy":"category","embeddable":true,"href":"https:\/\/vosgesinfo.fr\/gerardmerinfo\/wp-json\/wp\/v2\/categories?post=78703"},{"taxonomy":"post_tag","embeddable":true,"href":"https:\/\/vosgesinfo.fr\/gerardmerinfo\/wp-json\/wp\/v2\/tags?post=78703"}],"curies":[{"name":"wp","href":"https:\/\/api.w.org\/{rel}","templated":true}]}}