{"id":78705,"date":"2025-06-02T10:55:41","date_gmt":"2025-06-02T08:55:41","guid":{"rendered":"https:\/\/vosgesinfo.fr\/gerardmerinfo\/?p=78705"},"modified":"2025-06-02T10:55:41","modified_gmt":"2025-06-02T08:55:41","slug":"le-valtin-le-montagne-vosgienne-et-ses-hommes-a-travers-le-regard-de-jacques-cuny","status":"publish","type":"post","link":"https:\/\/vosgesinfo.fr\/gerardmerinfo\/2025\/06\/le-valtin-le-montagne-vosgienne-et-ses-hommes-a-travers-le-regard-de-jacques-cuny\/","title":{"rendered":"Le Valtin \u2013 Le montagne vosgienne et ses hommes \u00e0 travers le regard de Jacques Cuny"},"content":{"rendered":"<h3><a href=\"https:\/\/vosgesinfo.fr\/app\/uploads\/sites\/4\/2025\/06\/le-valtin-fete-pentecote-jacques-cuny-2.jpg\"><img decoding=\"async\" class=\"alignnone size-full wp-image-78556\" src=\"https:\/\/vosgesinfo.fr\/app\/uploads\/sites\/4\/2025\/06\/le-valtin-fete-pentecote-jacques-cuny-2.jpg\" alt=\"\" width=\"600\" height=\"693\" \/><\/a><\/h3>\n<h2>\u00c0 l\u2019occasion de la <strong>f\u00eate de la Pentec\u00f4te<\/strong> organis\u00e9e par le <strong>comit\u00e9 des F\u00eates Valtinois<\/strong>, une <strong>exposition photographique<\/strong> de <strong>Jacques Cuny<\/strong> sera pr\u00e9sent\u00e9e ce <strong>dimanche 8 juin<\/strong> au <strong>Valtin<\/strong> :\u00a0 <strong>\u00ab La montagne et ses hommes \u00bb<\/strong>, une s\u00e9rie de <strong>portraits et paysages<\/strong> qui offre un regard sensible sur la montagne et ceux qui l\u2019habitent.<\/h2>\n<p><!--more--><\/p>\n<p>En compl\u00e9ment de l\u2019exposition, les visiteurs pourront visionner une <strong>interview in\u00e9dite de feu Beno\u00eet Duteurtre<\/strong>, <strong>\u00e9crivain et critique musical<\/strong>, dans laquelle il rend hommage au <strong>Valtin<\/strong>, village auquel il \u00e9tait <strong>particuli\u00e8rement attach\u00e9<\/strong>. Une <strong>d\u00e9dicace du livre \u00ab\u00a0Voyage au c\u0153ur des Hautes-Vosges\u00a0\u00bb<\/strong> sera \u00e9galement propos\u00e9e \u00e0 cette occasion.<\/p>\n<h3>Quelques r\u00e9flexions de Jacques Cuny \u00e0 propos de son exposition :<\/h3>\n<p>\u00ab\u00a0En s\u00e9lectionnant les <strong>n\u00e9gatifs en noir et blanc argentique<\/strong>, j&rsquo;ai eu un <strong>nouveau regard<\/strong> sur mes photographies r\u00e9alis\u00e9es il y a <strong>entre 30 et 40 ans<\/strong>&#8230;<br \/>\nJ&rsquo;ai choisi des photos o\u00f9 il y avait une <strong>attitude int\u00e9ressante<\/strong> des \u00ab\u00a0acteurs\u00a0\u00bb qui utilisaient les <strong>outils \u00e0 main<\/strong> : la <strong>position des corps<\/strong> \u00ab\u00a0qui semblent fa\u00e7onn\u00e9s par ce pays\u00a0\u00bb comme l&rsquo;indique <strong>Beno\u00eet Duteurtre<\/strong> dans la pr\u00e9face du livre <strong>\u00ab Voyage au c\u0153ur des Hautes-Vosges \u00bb<\/strong>. La position des corps se calque sur les <strong>pentes parfois abruptes<\/strong> de la <strong>montagne vosgienne<\/strong>. D\u2019ailleurs, d\u00e8s l\u2019enfance, les enfants des \u00ab hauts \u00bb qui parcouraient les sentiers pentus pour aller \u00e0 l\u2019\u00e9cole, <strong>n\u2019avaient pas la m\u00eame d\u00e9marche<\/strong> que ceux qui habitaient dans la vall\u00e9e&#8230;<br \/>\nLa gestuelle pourrait selon moi, avoir une <strong>vision artistique<\/strong> : <strong>Fernande lan\u00e7ant ses pommes de terre<\/strong> devant le fossoir de Paul, <strong>Georges fa\u00e7onnant le m\u00e9tal chauff\u00e9 \u00e0 blanc<\/strong>&#8230; \u00ab\u00a0<strong>leurs gestes ne sont jamais routiniers, ils sont li\u00e9s les uns et les autres \u00e0 l&#8217;empreinte et \u00e0 l&rsquo;impr\u00e9visible qui caract\u00e9rise l&rsquo;instant de la cr\u00e9ation<\/strong>\u00a0\u00bb disait <strong>Fran\u00e7ois Gros<\/strong>.<br \/>\nJ&rsquo;ai choisi des photos qui montrent <strong>l&rsquo;attitude de l&rsquo;homme envers l&rsquo;animal de trait<\/strong> : le <strong>cheval<\/strong>, avec <strong>Fran\u00e7ois qui les commande magistralement \u00e0 la voix<\/strong> dans les <strong>for\u00eats de la Haute Meurthe<\/strong> ; <strong>Maurice, pench\u00e9 vers sa jument Coquette<\/strong> pendant l&rsquo;op\u00e9ration de labour dans les <strong>terrains pentus de Cornimont<\/strong>&#8230; Et aussi <strong>Andr\u00e9 qui murmure \u00e0 l&rsquo;oreille de ses b\u0153ufs<\/strong> \u00e0 <strong>La Croix-aux-Mines<\/strong>&#8230;<br \/>\nSans oublier les <strong>brebis de Andr\u00e9 soigneusement align\u00e9es<\/strong> suite \u00e0 un <strong>coup de sifflet bien ma\u00eetris\u00e9<\/strong>.<br \/>\nEt d&rsquo;autres choses encore : les <strong>paysages<\/strong>, la <strong>lumi\u00e8re<\/strong>, la <strong>mati\u00e8re<\/strong>, le <strong>mouvement<\/strong>\u2026\u00a0\u00bb<\/p>\n<p><a href=\"https:\/\/vosgesinfo.fr\/app\/uploads\/sites\/4\/2025\/06\/le-valtin-fete-pentecote-jacques-cuny-1.jpg\"><img decoding=\"async\" class=\"alignnone size-large wp-image-78555\" src=\"https:\/\/vosgesinfo.fr\/app\/uploads\/sites\/4\/2025\/06\/le-valtin-fete-pentecote-jacques-cuny-1-579x1024.jpg\" alt=\"\" width=\"579\" height=\"1024\" \/><\/a><\/p>\n","protected":false},"excerpt":{"rendered":"<p>\u00c0 l\u2019occasion de la f\u00eate de la Pentec\u00f4te organis\u00e9e par le comit\u00e9 des F\u00eates Valtinois, une exposition photographique de Jacques [&hellip;]<\/p>\n","protected":false},"author":46,"featured_media":78706,"comment_status":"open","ping_status":"open","sticky":false,"template":"","format":"standard","meta":{"footnotes":""},"categories":[20,4,871,25],"tags":[7248,7400,513,799],"class_list":["post-78705","post","type-post","status-publish","format-standard","has-post-thumbnail","hentry","category-a-la-une","category-culture","category-deodatie","category-gerardmer","tag-fete-de-la-pentecote","tag-fete-de-la-pentecote-au-valtin","tag-jacques-cuny","tag-le-valtin"],"acf":[],"yoast_head":"<!-- This site is optimized with the Yoast SEO plugin v22.5 - https:\/\/yoast.com\/wordpress\/plugins\/seo\/ -->\n<title>Le Valtin \u2013 Le montagne vosgienne et ses hommes \u00e0 travers le regard de Jacques Cuny - Gerardmer Info<\/title>\n<meta name=\"robots\" content=\"index, follow, max-snippet:-1, max-image-preview:large, max-video-preview:-1\" \/>\n<link rel=\"canonical\" href=\"https:\/\/vosgesinfo.fr\/gerardmerinfo\/2025\/06\/le-valtin-le-montagne-vosgienne-et-ses-hommes-a-travers-le-regard-de-jacques-cuny\/\" \/>\n<meta name=\"twitter:card\" content=\"summary_large_image\" \/>\n<meta name=\"twitter:title\" content=\"Le Valtin \u2013 Le montagne vosgienne et ses hommes \u00e0 travers le regard de Jacques Cuny - Gerardmer Info\" \/>\n<meta name=\"twitter:description\" content=\"\u00c0 l\u2019occasion de la f\u00eate de la Pentec\u00f4te organis\u00e9e par le comit\u00e9 des F\u00eates Valtinois, une exposition photographique de Jacques [&hellip;]\" \/>\n<meta name=\"twitter:image\" content=\"https:\/\/vosgesinfo.fr\/app\/uploads\/sites\/6\/2025\/06\/le-valtin-fete-pentecote-jacques-cuny-2.jpg\" \/>\n<meta name=\"twitter:creator\" content=\"@VosgesInfo88\" \/>\n<meta name=\"twitter:site\" content=\"@VosgesInfo88\" \/>\n<meta name=\"twitter:label1\" content=\"\u00c9crit par\" \/>\n\t<meta name=\"twitter:data1\" content=\"J.J.\" \/>\n\t<meta name=\"twitter:label2\" content=\"Dur\u00e9e de lecture estim\u00e9e\" \/>\n\t<meta name=\"twitter:data2\" content=\"2 minutes\" \/>\n<script type=\"application\/ld+json\" class=\"yoast-schema-graph\">{\"@context\":\"https:\/\/schema.org\",\"@graph\":[{\"@type\":\"Article\",\"@id\":\"https:\/\/vosgesinfo.fr\/gerardmerinfo\/2025\/06\/le-valtin-le-montagne-vosgienne-et-ses-hommes-a-travers-le-regard-de-jacques-cuny\/#article\",\"isPartOf\":{\"@id\":\"https:\/\/vosgesinfo.fr\/gerardmerinfo\/2025\/06\/le-valtin-le-montagne-vosgienne-et-ses-hommes-a-travers-le-regard-de-jacques-cuny\/\"},\"author\":{\"name\":\"J.J.\",\"@id\":\"https:\/\/vosgesinfo.fr\/gerardmerinfo\/#\/schema\/person\/fa73e9f726d67bb88f46d5b7943cb572\"},\"headline\":\"Le Valtin \u2013 Le montagne vosgienne et ses hommes \u00e0 travers le regard de Jacques Cuny\",\"datePublished\":\"2025-06-02T08:55:41+00:00\",\"dateModified\":\"2025-06-02T08:55:41+00:00\",\"mainEntityOfPage\":{\"@id\":\"https:\/\/vosgesinfo.fr\/gerardmerinfo\/2025\/06\/le-valtin-le-montagne-vosgienne-et-ses-hommes-a-travers-le-regard-de-jacques-cuny\/\"},\"wordCount\":428,\"commentCount\":0,\"publisher\":{\"@id\":\"https:\/\/vosgesinfo.fr\/gerardmerinfo\/#organization\"},\"image\":{\"@id\":\"https:\/\/vosgesinfo.fr\/gerardmerinfo\/2025\/06\/le-valtin-le-montagne-vosgienne-et-ses-hommes-a-travers-le-regard-de-jacques-cuny\/#primaryimage\"},\"thumbnailUrl\":\"https:\/\/vosgesinfo.fr\/app\/uploads\/sites\/6\/2025\/06\/le-valtin-fete-pentecote-jacques-cuny-2.jpg\",\"keywords\":[\"fete de la pentec\u00f4te\",\"F\u00eate de la Pentec\u00f4te au Valtin\",\"jacques cuny\",\"le valtin\"],\"articleSection\":[\"A la une\",\"Culture\",\"D\u00e9odatie\",\"G\u00e9rardmer\"],\"inLanguage\":\"fr-FR\",\"potentialAction\":[{\"@type\":\"CommentAction\",\"name\":\"Comment\",\"target\":[\"https:\/\/vosgesinfo.fr\/gerardmerinfo\/2025\/06\/le-valtin-le-montagne-vosgienne-et-ses-hommes-a-travers-le-regard-de-jacques-cuny\/#respond\"]}]},{\"@type\":\"WebPage\",\"@id\":\"https:\/\/vosgesinfo.fr\/gerardmerinfo\/2025\/06\/le-valtin-le-montagne-vosgienne-et-ses-hommes-a-travers-le-regard-de-jacques-cuny\/\",\"url\":\"https:\/\/vosgesinfo.fr\/gerardmerinfo\/2025\/06\/le-valtin-le-montagne-vosgienne-et-ses-hommes-a-travers-le-regard-de-jacques-cuny\/\",\"name\":\"Le Valtin \u2013 Le montagne vosgienne et ses hommes \u00e0 travers le regard de Jacques Cuny - Gerardmer Info\",\"isPartOf\":{\"@id\":\"https:\/\/vosgesinfo.fr\/gerardmerinfo\/#website\"},\"primaryImageOfPage\":{\"@id\":\"https:\/\/vosgesinfo.fr\/gerardmerinfo\/2025\/06\/le-valtin-le-montagne-vosgienne-et-ses-hommes-a-travers-le-regard-de-jacques-cuny\/#primaryimage\"},\"image\":{\"@id\":\"https:\/\/vosgesinfo.fr\/gerardmerinfo\/2025\/06\/le-valtin-le-montagne-vosgienne-et-ses-hommes-a-travers-le-regard-de-jacques-cuny\/#primaryimage\"},\"thumbnailUrl\":\"https:\/\/vosgesinfo.fr\/app\/uploads\/sites\/6\/2025\/06\/le-valtin-fete-pentecote-jacques-cuny-2.jpg\",\"datePublished\":\"2025-06-02T08:55:41+00:00\",\"dateModified\":\"2025-06-02T08:55:41+00:00\",\"breadcrumb\":{\"@id\":\"https:\/\/vosgesinfo.fr\/gerardmerinfo\/2025\/06\/le-valtin-le-montagne-vosgienne-et-ses-hommes-a-travers-le-regard-de-jacques-cuny\/#breadcrumb\"},\"inLanguage\":\"fr-FR\",\"potentialAction\":[{\"@type\":\"ReadAction\",\"target\":[\"https:\/\/vosgesinfo.fr\/gerardmerinfo\/2025\/06\/le-valtin-le-montagne-vosgienne-et-ses-hommes-a-travers-le-regard-de-jacques-cuny\/\"]}]},{\"@type\":\"ImageObject\",\"inLanguage\":\"fr-FR\",\"@id\":\"https:\/\/vosgesinfo.fr\/gerardmerinfo\/2025\/06\/le-valtin-le-montagne-vosgienne-et-ses-hommes-a-travers-le-regard-de-jacques-cuny\/#primaryimage\",\"url\":\"https:\/\/vosgesinfo.fr\/app\/uploads\/sites\/6\/2025\/06\/le-valtin-fete-pentecote-jacques-cuny-2.jpg\",\"contentUrl\":\"https:\/\/vosgesinfo.fr\/app\/uploads\/sites\/6\/2025\/06\/le-valtin-fete-pentecote-jacques-cuny-2.jpg\",\"width\":600,\"height\":693},{\"@type\":\"BreadcrumbList\",\"@id\":\"https:\/\/vosgesinfo.fr\/gerardmerinfo\/2025\/06\/le-valtin-le-montagne-vosgienne-et-ses-hommes-a-travers-le-regard-de-jacques-cuny\/#breadcrumb\",\"itemListElement\":[{\"@type\":\"ListItem\",\"position\":1,\"name\":\"Home\",\"item\":\"https:\/\/vosgesinfo.fr\/gerardmerinfo\/\"},{\"@type\":\"ListItem\",\"position\":2,\"name\":\"Le Valtin \u2013 Le montagne vosgienne et ses hommes \u00e0 travers le regard de Jacques Cuny\"}]},{\"@type\":\"WebSite\",\"@id\":\"https:\/\/vosgesinfo.fr\/gerardmerinfo\/#website\",\"url\":\"https:\/\/vosgesinfo.fr\/gerardmerinfo\/\",\"name\":\"Gerardmer Info\",\"description\":\"Toute l&#039;actualit\u00e9 de G\u00e9rardmer\",\"publisher\":{\"@id\":\"https:\/\/vosgesinfo.fr\/gerardmerinfo\/#organization\"},\"alternateName\":\"Toute l'actualit\u00e9 de G\u00e9rardmer\",\"potentialAction\":[{\"@type\":\"SearchAction\",\"target\":{\"@type\":\"EntryPoint\",\"urlTemplate\":\"https:\/\/vosgesinfo.fr\/gerardmerinfo\/?s={search_term_string}\"},\"query-input\":\"required name=search_term_string\"}],\"inLanguage\":\"fr-FR\"},{\"@type\":\"Organization\",\"@id\":\"https:\/\/vosgesinfo.fr\/gerardmerinfo\/#organization\",\"name\":\"Gerardmer Info\",\"url\":\"https:\/\/vosgesinfo.fr\/gerardmerinfo\/\",\"logo\":{\"@type\":\"ImageObject\",\"inLanguage\":\"fr-FR\",\"@id\":\"https:\/\/vosgesinfo.fr\/gerardmerinfo\/#\/schema\/logo\/image\/\",\"url\":\"https:\/\/vosgesinfo.fr\/app\/uploads\/sites\/6\/2023\/08\/favicon-gerardmerinfo.png\",\"contentUrl\":\"https:\/\/vosgesinfo.fr\/app\/uploads\/sites\/6\/2023\/08\/favicon-gerardmerinfo.png\",\"width\":512,\"height\":512,\"caption\":\"Gerardmer Info\"},\"image\":{\"@id\":\"https:\/\/vosgesinfo.fr\/gerardmerinfo\/#\/schema\/logo\/image\/\"},\"sameAs\":[\"https:\/\/www.facebook.com\/profile.php?id=100049475262660\",\"https:\/\/x.com\/VosgesInfo88\",\"https:\/\/www.youtube.com\/@vosgesinfo\"]},{\"@type\":\"Person\",\"@id\":\"https:\/\/vosgesinfo.fr\/gerardmerinfo\/#\/schema\/person\/fa73e9f726d67bb88f46d5b7943cb572\",\"name\":\"J.J.\",\"image\":{\"@type\":\"ImageObject\",\"inLanguage\":\"fr-FR\",\"@id\":\"https:\/\/vosgesinfo.fr\/gerardmerinfo\/#\/schema\/person\/image\/\",\"url\":\"https:\/\/secure.gravatar.com\/avatar\/219e749e47ffbcca018a360ae4add7d4cdf1cdaaf8bc7676b27efade3fe65615?s=96&d=mm&r=g\",\"contentUrl\":\"https:\/\/secure.gravatar.com\/avatar\/219e749e47ffbcca018a360ae4add7d4cdf1cdaaf8bc7676b27efade3fe65615?s=96&d=mm&r=g\",\"caption\":\"J.J.\"},\"url\":\"https:\/\/vosgesinfo.fr\/gerardmerinfo\/author\/j-j\/\"}]}<\/script>\n<!-- \/ Yoast SEO plugin. -->","yoast_head_json":{"title":"Le Valtin \u2013 Le montagne vosgienne et ses hommes \u00e0 travers le regard de Jacques Cuny - Gerardmer Info","robots":{"index":"index","follow":"follow","max-snippet":"max-snippet:-1","max-image-preview":"max-image-preview:large","max-video-preview":"max-video-preview:-1"},"canonical":"https:\/\/vosgesinfo.fr\/gerardmerinfo\/2025\/06\/le-valtin-le-montagne-vosgienne-et-ses-hommes-a-travers-le-regard-de-jacques-cuny\/","twitter_card":"summary_large_image","twitter_title":"Le Valtin \u2013 Le montagne vosgienne et ses hommes \u00e0 travers le regard de Jacques Cuny - Gerardmer Info","twitter_description":"\u00c0 l\u2019occasion de la f\u00eate de la Pentec\u00f4te organis\u00e9e par le comit\u00e9 des F\u00eates Valtinois, une exposition photographique de Jacques [&hellip;]","twitter_image":"https:\/\/vosgesinfo.fr\/app\/uploads\/sites\/6\/2025\/06\/le-valtin-fete-pentecote-jacques-cuny-2.jpg","twitter_creator":"@VosgesInfo88","twitter_site":"@VosgesInfo88","twitter_misc":{"\u00c9crit par":"J.J.","Dur\u00e9e de lecture estim\u00e9e":"2 minutes"},"schema":{"@context":"https:\/\/schema.org","@graph":[{"@type":"Article","@id":"https:\/\/vosgesinfo.fr\/gerardmerinfo\/2025\/06\/le-valtin-le-montagne-vosgienne-et-ses-hommes-a-travers-le-regard-de-jacques-cuny\/#article","isPartOf":{"@id":"https:\/\/vosgesinfo.fr\/gerardmerinfo\/2025\/06\/le-valtin-le-montagne-vosgienne-et-ses-hommes-a-travers-le-regard-de-jacques-cuny\/"},"author":{"name":"J.J.","@id":"https:\/\/vosgesinfo.fr\/gerardmerinfo\/#\/schema\/person\/fa73e9f726d67bb88f46d5b7943cb572"},"headline":"Le Valtin \u2013 Le montagne vosgienne et ses hommes \u00e0 travers le regard de Jacques Cuny","datePublished":"2025-06-02T08:55:41+00:00","dateModified":"2025-06-02T08:55:41+00:00","mainEntityOfPage":{"@id":"https:\/\/vosgesinfo.fr\/gerardmerinfo\/2025\/06\/le-valtin-le-montagne-vosgienne-et-ses-hommes-a-travers-le-regard-de-jacques-cuny\/"},"wordCount":428,"commentCount":0,"publisher":{"@id":"https:\/\/vosgesinfo.fr\/gerardmerinfo\/#organization"},"image":{"@id":"https:\/\/vosgesinfo.fr\/gerardmerinfo\/2025\/06\/le-valtin-le-montagne-vosgienne-et-ses-hommes-a-travers-le-regard-de-jacques-cuny\/#primaryimage"},"thumbnailUrl":"https:\/\/vosgesinfo.fr\/app\/uploads\/sites\/6\/2025\/06\/le-valtin-fete-pentecote-jacques-cuny-2.jpg","keywords":["fete de la pentec\u00f4te","F\u00eate de la Pentec\u00f4te au Valtin","jacques cuny","le valtin"],"articleSection":["A la une","Culture","D\u00e9odatie","G\u00e9rardmer"],"inLanguage":"fr-FR","potentialAction":[{"@type":"CommentAction","name":"Comment","target":["https:\/\/vosgesinfo.fr\/gerardmerinfo\/2025\/06\/le-valtin-le-montagne-vosgienne-et-ses-hommes-a-travers-le-regard-de-jacques-cuny\/#respond"]}]},{"@type":"WebPage","@id":"https:\/\/vosgesinfo.fr\/gerardmerinfo\/2025\/06\/le-valtin-le-montagne-vosgienne-et-ses-hommes-a-travers-le-regard-de-jacques-cuny\/","url":"https:\/\/vosgesinfo.fr\/gerardmerinfo\/2025\/06\/le-valtin-le-montagne-vosgienne-et-ses-hommes-a-travers-le-regard-de-jacques-cuny\/","name":"Le Valtin \u2013 Le montagne vosgienne et ses hommes \u00e0 travers le regard de Jacques Cuny - Gerardmer Info","isPartOf":{"@id":"https:\/\/vosgesinfo.fr\/gerardmerinfo\/#website"},"primaryImageOfPage":{"@id":"https:\/\/vosgesinfo.fr\/gerardmerinfo\/2025\/06\/le-valtin-le-montagne-vosgienne-et-ses-hommes-a-travers-le-regard-de-jacques-cuny\/#primaryimage"},"image":{"@id":"https:\/\/vosgesinfo.fr\/gerardmerinfo\/2025\/06\/le-valtin-le-montagne-vosgienne-et-ses-hommes-a-travers-le-regard-de-jacques-cuny\/#primaryimage"},"thumbnailUrl":"https:\/\/vosgesinfo.fr\/app\/uploads\/sites\/6\/2025\/06\/le-valtin-fete-pentecote-jacques-cuny-2.jpg","datePublished":"2025-06-02T08:55:41+00:00","dateModified":"2025-06-02T08:55:41+00:00","breadcrumb":{"@id":"https:\/\/vosgesinfo.fr\/gerardmerinfo\/2025\/06\/le-valtin-le-montagne-vosgienne-et-ses-hommes-a-travers-le-regard-de-jacques-cuny\/#breadcrumb"},"inLanguage":"fr-FR","potentialAction":[{"@type":"ReadAction","target":["https:\/\/vosgesinfo.fr\/gerardmerinfo\/2025\/06\/le-valtin-le-montagne-vosgienne-et-ses-hommes-a-travers-le-regard-de-jacques-cuny\/"]}]},{"@type":"ImageObject","inLanguage":"fr-FR","@id":"https:\/\/vosgesinfo.fr\/gerardmerinfo\/2025\/06\/le-valtin-le-montagne-vosgienne-et-ses-hommes-a-travers-le-regard-de-jacques-cuny\/#primaryimage","url":"https:\/\/vosgesinfo.fr\/app\/uploads\/sites\/6\/2025\/06\/le-valtin-fete-pentecote-jacques-cuny-2.jpg","contentUrl":"https:\/\/vosgesinfo.fr\/app\/uploads\/sites\/6\/2025\/06\/le-valtin-fete-pentecote-jacques-cuny-2.jpg","width":600,"height":693},{"@type":"BreadcrumbList","@id":"https:\/\/vosgesinfo.fr\/gerardmerinfo\/2025\/06\/le-valtin-le-montagne-vosgienne-et-ses-hommes-a-travers-le-regard-de-jacques-cuny\/#breadcrumb","itemListElement":[{"@type":"ListItem","position":1,"name":"Home","item":"https:\/\/vosgesinfo.fr\/gerardmerinfo\/"},{"@type":"ListItem","position":2,"name":"Le Valtin \u2013 Le montagne vosgienne et ses hommes \u00e0 travers le regard de Jacques Cuny"}]},{"@type":"WebSite","@id":"https:\/\/vosgesinfo.fr\/gerardmerinfo\/#website","url":"https:\/\/vosgesinfo.fr\/gerardmerinfo\/","name":"Gerardmer Info","description":"Toute l&#039;actualit\u00e9 de G\u00e9rardmer","publisher":{"@id":"https:\/\/vosgesinfo.fr\/gerardmerinfo\/#organization"},"alternateName":"Toute l'actualit\u00e9 de G\u00e9rardmer","potentialAction":[{"@type":"SearchAction","target":{"@type":"EntryPoint","urlTemplate":"https:\/\/vosgesinfo.fr\/gerardmerinfo\/?s={search_term_string}"},"query-input":"required name=search_term_string"}],"inLanguage":"fr-FR"},{"@type":"Organization","@id":"https:\/\/vosgesinfo.fr\/gerardmerinfo\/#organization","name":"Gerardmer Info","url":"https:\/\/vosgesinfo.fr\/gerardmerinfo\/","logo":{"@type":"ImageObject","inLanguage":"fr-FR","@id":"https:\/\/vosgesinfo.fr\/gerardmerinfo\/#\/schema\/logo\/image\/","url":"https:\/\/vosgesinfo.fr\/app\/uploads\/sites\/6\/2023\/08\/favicon-gerardmerinfo.png","contentUrl":"https:\/\/vosgesinfo.fr\/app\/uploads\/sites\/6\/2023\/08\/favicon-gerardmerinfo.png","width":512,"height":512,"caption":"Gerardmer Info"},"image":{"@id":"https:\/\/vosgesinfo.fr\/gerardmerinfo\/#\/schema\/logo\/image\/"},"sameAs":["https:\/\/www.facebook.com\/profile.php?id=100049475262660","https:\/\/x.com\/VosgesInfo88","https:\/\/www.youtube.com\/@vosgesinfo"]},{"@type":"Person","@id":"https:\/\/vosgesinfo.fr\/gerardmerinfo\/#\/schema\/person\/fa73e9f726d67bb88f46d5b7943cb572","name":"J.J.","image":{"@type":"ImageObject","inLanguage":"fr-FR","@id":"https:\/\/vosgesinfo.fr\/gerardmerinfo\/#\/schema\/person\/image\/","url":"https:\/\/secure.gravatar.com\/avatar\/219e749e47ffbcca018a360ae4add7d4cdf1cdaaf8bc7676b27efade3fe65615?s=96&d=mm&r=g","contentUrl":"https:\/\/secure.gravatar.com\/avatar\/219e749e47ffbcca018a360ae4add7d4cdf1cdaaf8bc7676b27efade3fe65615?s=96&d=mm&r=g","caption":"J.J."},"url":"https:\/\/vosgesinfo.fr\/gerardmerinfo\/author\/j-j\/"}]}},"_links":{"self":[{"href":"https:\/\/vosgesinfo.fr\/gerardmerinfo\/wp-json\/wp\/v2\/posts\/78705","targetHints":{"allow":["GET"]}}],"collection":[{"href":"https:\/\/vosgesinfo.fr\/gerardmerinfo\/wp-json\/wp\/v2\/posts"}],"about":[{"href":"https:\/\/vosgesinfo.fr\/gerardmerinfo\/wp-json\/wp\/v2\/types\/post"}],"author":[{"embeddable":true,"href":"https:\/\/vosgesinfo.fr\/gerardmerinfo\/wp-json\/wp\/v2\/users\/46"}],"replies":[{"embeddable":true,"href":"https:\/\/vosgesinfo.fr\/gerardmerinfo\/wp-json\/wp\/v2\/comments?post=78705"}],"version-history":[{"count":0,"href":"https:\/\/vosgesinfo.fr\/gerardmerinfo\/wp-json\/wp\/v2\/posts\/78705\/revisions"}],"wp:featuredmedia":[{"embeddable":true,"href":"https:\/\/vosgesinfo.fr\/gerardmerinfo\/wp-json\/wp\/v2\/media\/78706"}],"wp:attachment":[{"href":"https:\/\/vosgesinfo.fr\/gerardmerinfo\/wp-json\/wp\/v2\/media?parent=78705"}],"wp:term":[{"taxonomy":"category","embeddable":true,"href":"https:\/\/vosgesinfo.fr\/gerardmerinfo\/wp-json\/wp\/v2\/categories?post=78705"},{"taxonomy":"post_tag","embeddable":true,"href":"https:\/\/vosgesinfo.fr\/gerardmerinfo\/wp-json\/wp\/v2\/tags?post=78705"}],"curies":[{"name":"wp","href":"https:\/\/api.w.org\/{rel}","templated":true}]}}