{"id":78728,"date":"2025-06-03T05:59:57","date_gmt":"2025-06-03T03:59:57","guid":{"rendered":"https:\/\/vosgesinfo.fr\/gerardmerinfo\/?p=78728"},"modified":"2025-06-02T22:18:18","modified_gmt":"2025-06-02T20:18:18","slug":"le-nouvel-internat-de-la-haie-griselle-au-service-de-lexcellence","status":"publish","type":"post","link":"https:\/\/vosgesinfo.fr\/gerardmerinfo\/2025\/06\/le-nouvel-internat-de-la-haie-griselle-au-service-de-lexcellence\/","title":{"rendered":"Le nouvel internat de la Haie Griselle au service de l&rsquo;excellence"},"content":{"rendered":"<div id=\"attachment_78732\" style=\"width: 1034px\" class=\"wp-caption aligncenter\"><a href=\"https:\/\/vosgesinfo.fr\/app\/uploads\/sites\/6\/2025\/06\/inauguration-internat-la-haie-griselle-5.jpg\"><img decoding=\"async\" aria-describedby=\"caption-attachment-78732\" class=\"wp-image-78732 size-large\" src=\"https:\/\/vosgesinfo.fr\/app\/uploads\/sites\/6\/2025\/06\/inauguration-internat-la-haie-griselle-5-1024x768.jpg\" alt=\"\" width=\"1024\" height=\"768\" srcset=\"https:\/\/vosgesinfo.fr\/app\/uploads\/sites\/6\/2025\/06\/inauguration-internat-la-haie-griselle-5-1024x768.jpg 1024w, https:\/\/vosgesinfo.fr\/app\/uploads\/sites\/6\/2025\/06\/inauguration-internat-la-haie-griselle-5-300x225.jpg 300w, https:\/\/vosgesinfo.fr\/app\/uploads\/sites\/6\/2025\/06\/inauguration-internat-la-haie-griselle-5-768x576.jpg 768w, https:\/\/vosgesinfo.fr\/app\/uploads\/sites\/6\/2025\/06\/inauguration-internat-la-haie-griselle-5-1536x1152.jpg 1536w, https:\/\/vosgesinfo.fr\/app\/uploads\/sites\/6\/2025\/06\/inauguration-internat-la-haie-griselle-5.jpg 2048w\" sizes=\"(max-width: 1024px) 100vw, 1024px\" \/><\/a><p id=\"caption-attachment-78732\" class=\"wp-caption-text\">M. le recteur et M. le s\u00e9nateur, ciseaux en main pour inaugurer l&rsquo;internat d&rsquo;excellence de la Haie Griselle.<\/p><\/div>\n\n\t\t<style type=\"text\/css\">\n\t\t\t#gallery-1 {\n\t\t\t\tmargin: auto;\n\t\t\t}\n\t\t\t#gallery-1 .gallery-item {\n\t\t\t\tfloat: left;\n\t\t\t\tmargin-top: 10px;\n\t\t\t\ttext-align: center;\n\t\t\t\twidth: 50%;\n\t\t\t}\n\t\t\t#gallery-1 img {\n\t\t\t\tborder: 2px solid #cfcfcf;\n\t\t\t}\n\t\t\t#gallery-1 .gallery-caption {\n\t\t\t\tmargin-left: 0;\n\t\t\t}\n\t\t\t\/* see gallery_shortcode() in wp-includes\/media.php *\/\n\t\t<\/style>\n\t\t<div id='gallery-1' class='gallery galleryid-78728 gallery-columns-2 gallery-size-medium'><dl class='gallery-item'>\n\t\t\t<dt class='gallery-icon landscape'>\n\t\t\t\t<a href='https:\/\/vosgesinfo.fr\/app\/uploads\/sites\/6\/2025\/06\/inauguration-internat-la-haie-griselle-10.jpg'><img decoding=\"async\" width=\"300\" height=\"225\" src=\"https:\/\/vosgesinfo.fr\/app\/uploads\/sites\/6\/2025\/06\/inauguration-internat-la-haie-griselle-10-300x225.jpg\" class=\"attachment-medium size-medium\" alt=\"\" srcset=\"https:\/\/vosgesinfo.fr\/app\/uploads\/sites\/6\/2025\/06\/inauguration-internat-la-haie-griselle-10-300x225.jpg 300w, https:\/\/vosgesinfo.fr\/app\/uploads\/sites\/6\/2025\/06\/inauguration-internat-la-haie-griselle-10-1024x768.jpg 1024w, https:\/\/vosgesinfo.fr\/app\/uploads\/sites\/6\/2025\/06\/inauguration-internat-la-haie-griselle-10-768x576.jpg 768w, https:\/\/vosgesinfo.fr\/app\/uploads\/sites\/6\/2025\/06\/inauguration-internat-la-haie-griselle-10-1536x1152.jpg 1536w, https:\/\/vosgesinfo.fr\/app\/uploads\/sites\/6\/2025\/06\/inauguration-internat-la-haie-griselle-10.jpg 2048w\" sizes=\"(max-width: 300px) 100vw, 300px\" \/><\/a>\n\t\t\t<\/dt><\/dl><dl class='gallery-item'>\n\t\t\t<dt class='gallery-icon landscape'>\n\t\t\t\t<a href='https:\/\/vosgesinfo.fr\/app\/uploads\/sites\/6\/2025\/06\/inauguration-internat-la-haie-griselle-9.jpg'><img decoding=\"async\" width=\"300\" height=\"225\" src=\"https:\/\/vosgesinfo.fr\/app\/uploads\/sites\/6\/2025\/06\/inauguration-internat-la-haie-griselle-9-300x225.jpg\" class=\"attachment-medium size-medium\" alt=\"\" srcset=\"https:\/\/vosgesinfo.fr\/app\/uploads\/sites\/6\/2025\/06\/inauguration-internat-la-haie-griselle-9-300x225.jpg 300w, https:\/\/vosgesinfo.fr\/app\/uploads\/sites\/6\/2025\/06\/inauguration-internat-la-haie-griselle-9-1024x768.jpg 1024w, https:\/\/vosgesinfo.fr\/app\/uploads\/sites\/6\/2025\/06\/inauguration-internat-la-haie-griselle-9-768x576.jpg 768w, https:\/\/vosgesinfo.fr\/app\/uploads\/sites\/6\/2025\/06\/inauguration-internat-la-haie-griselle-9-1536x1152.jpg 1536w, https:\/\/vosgesinfo.fr\/app\/uploads\/sites\/6\/2025\/06\/inauguration-internat-la-haie-griselle-9.jpg 2000w\" sizes=\"(max-width: 300px) 100vw, 300px\" \/><\/a>\n\t\t\t<\/dt><\/dl><br style=\"clear: both\" \/><dl class='gallery-item'>\n\t\t\t<dt class='gallery-icon landscape'>\n\t\t\t\t<a href='https:\/\/vosgesinfo.fr\/app\/uploads\/sites\/6\/2025\/06\/inauguration-internat-la-haie-griselle-7.jpg'><img decoding=\"async\" width=\"300\" height=\"225\" src=\"https:\/\/vosgesinfo.fr\/app\/uploads\/sites\/6\/2025\/06\/inauguration-internat-la-haie-griselle-7-300x225.jpg\" class=\"attachment-medium size-medium\" alt=\"\" srcset=\"https:\/\/vosgesinfo.fr\/app\/uploads\/sites\/6\/2025\/06\/inauguration-internat-la-haie-griselle-7-300x225.jpg 300w, https:\/\/vosgesinfo.fr\/app\/uploads\/sites\/6\/2025\/06\/inauguration-internat-la-haie-griselle-7-1024x768.jpg 1024w, https:\/\/vosgesinfo.fr\/app\/uploads\/sites\/6\/2025\/06\/inauguration-internat-la-haie-griselle-7-768x576.jpg 768w, https:\/\/vosgesinfo.fr\/app\/uploads\/sites\/6\/2025\/06\/inauguration-internat-la-haie-griselle-7-1536x1152.jpg 1536w, https:\/\/vosgesinfo.fr\/app\/uploads\/sites\/6\/2025\/06\/inauguration-internat-la-haie-griselle-7.jpg 2000w\" sizes=\"(max-width: 300px) 100vw, 300px\" \/><\/a>\n\t\t\t<\/dt><\/dl><dl class='gallery-item'>\n\t\t\t<dt class='gallery-icon landscape'>\n\t\t\t\t<a href='https:\/\/vosgesinfo.fr\/app\/uploads\/sites\/6\/2025\/06\/inauguration-internat-la-haie-griselle-3.jpg'><img decoding=\"async\" width=\"300\" height=\"225\" src=\"https:\/\/vosgesinfo.fr\/app\/uploads\/sites\/6\/2025\/06\/inauguration-internat-la-haie-griselle-3-300x225.jpg\" class=\"attachment-medium size-medium\" alt=\"\" srcset=\"https:\/\/vosgesinfo.fr\/app\/uploads\/sites\/6\/2025\/06\/inauguration-internat-la-haie-griselle-3-300x225.jpg 300w, https:\/\/vosgesinfo.fr\/app\/uploads\/sites\/6\/2025\/06\/inauguration-internat-la-haie-griselle-3-1024x768.jpg 1024w, https:\/\/vosgesinfo.fr\/app\/uploads\/sites\/6\/2025\/06\/inauguration-internat-la-haie-griselle-3-768x576.jpg 768w, https:\/\/vosgesinfo.fr\/app\/uploads\/sites\/6\/2025\/06\/inauguration-internat-la-haie-griselle-3-1536x1152.jpg 1536w, https:\/\/vosgesinfo.fr\/app\/uploads\/sites\/6\/2025\/06\/inauguration-internat-la-haie-griselle-3.jpg 2048w\" sizes=\"(max-width: 300px) 100vw, 300px\" \/><\/a>\n\t\t\t<\/dt><\/dl><br style=\"clear: both\" \/>\n\t\t<\/div>\n\n<p>&nbsp;<\/p>\n<p><strong>L&rsquo;internat d&rsquo;excellence de La Haie Griselle de G\u00e9rardmer a officiellement \u00e9t\u00e9 inaugur\u00e9 ce lundi apr\u00e8s-midi en pr\u00e9ambule des Nuits des internats qui proposaient de nombreuses animations aux futurs internes, parents d\u2019\u00e9l\u00e8ves, visiteurs et partenaires qui avaient donc l&rsquo;occasion de d\u00e9couvrir les lieux.<\/strong><\/p>\n<p><a href=\"https:\/\/vosgesinfo.fr\/app\/uploads\/sites\/6\/2025\/06\/inauguration-internat-la-haie-griselle-8.jpg\"><img decoding=\"async\" class=\"alignright size-medium wp-image-78736\" src=\"https:\/\/vosgesinfo.fr\/app\/uploads\/sites\/6\/2025\/06\/inauguration-internat-la-haie-griselle-8-300x225.jpg\" alt=\"\" width=\"300\" height=\"225\" srcset=\"https:\/\/vosgesinfo.fr\/app\/uploads\/sites\/6\/2025\/06\/inauguration-internat-la-haie-griselle-8-300x225.jpg 300w, https:\/\/vosgesinfo.fr\/app\/uploads\/sites\/6\/2025\/06\/inauguration-internat-la-haie-griselle-8-1024x768.jpg 1024w, https:\/\/vosgesinfo.fr\/app\/uploads\/sites\/6\/2025\/06\/inauguration-internat-la-haie-griselle-8-768x576.jpg 768w, https:\/\/vosgesinfo.fr\/app\/uploads\/sites\/6\/2025\/06\/inauguration-internat-la-haie-griselle-8-1536x1152.jpg 1536w, https:\/\/vosgesinfo.fr\/app\/uploads\/sites\/6\/2025\/06\/inauguration-internat-la-haie-griselle-8.jpg 2000w\" sizes=\"(max-width: 300px) 100vw, 300px\" \/><\/a>Une inauguration en grande pompe pour laquelle le proviseur Pascal Villemin et son \u00e9quipe avaient mis les petits plats dans les grands et invit\u00e9 de nombreux \u00e9lus qui se sont joints \u00e0 l\u2019ar\u00e9opage de l\u2019\u00c9ducation nationale men\u00e9 par <strong>Pierre-Fran\u00e7ois MOURIER<\/strong>, recteur de la r\u00e9gion acad\u00e9mique Grand Est et recteur de l\u2019acad\u00e9mie de Nancy-Metz. Quelques anciens de la maison \u00e9taient aussi de la partie, comme Bernard Krid, chef d&rsquo;\u00e9tablissement qui avait amorc\u00e9 le projet en son temps, Apr\u00e8s deux ans et demi de travaux pendant lesquels de nombreux internes avaient \u00e9lu domicile dans l&rsquo;ancien Ermitage du lyc\u00e9e h\u00f4telier, le temps \u00e9tait donc venu de couper le fameux ruban bleu\/blanc\/rouge.<\/p>\n<p>Enti\u00e8rement r\u00e9nov\u00e9 dans le cadre d\u2019un vaste chantier engag\u00e9 en janvier 2023, l\u2019internat de la cit\u00e9 scolaire La Haie de G\u00e9rardmer a rouvert ses portes aux \u00e9l\u00e8ves le 12 mai 2025. Il est d\u00e9sormais labellis\u00e9 \u00ab <strong>Internat d\u2019excellence<\/strong> \u00bb. Il compte actuellement 79 internes dont 4 coll\u00e9giens. Cette restructuration, incluant un p\u00f4le sportif et de sant\u00e9 de 3600 m\u00b2, renforce l\u2019identit\u00e9 de l\u2019\u00e9tablissement, qui propose 10 sections d\u00e9di\u00e9es aux sports de montagne et nautiques, un p\u00f4le espoir ski et deux formations uniques vers les m\u00e9tiers de moniteur de ski. Rappelons que la Haie Griselle avait d\u00e9j\u00e0 re\u00e7u le label Excellence en 2021 et que la cit\u00e9 scolaire est reconnue pour la qualit\u00e9 de son enseignement et sa capacit\u00e9 \u00e0 mener le double parcours scolaire\/sportif.<\/p>\n<p><a href=\"https:\/\/vosgesinfo.fr\/app\/uploads\/sites\/6\/2025\/06\/inauguration-internat-la-haie-griselle-6.jpg\"><img decoding=\"async\" class=\"alignright size-medium wp-image-78734\" src=\"https:\/\/vosgesinfo.fr\/app\/uploads\/sites\/6\/2025\/06\/inauguration-internat-la-haie-griselle-6-225x300.jpg\" alt=\"\" width=\"225\" height=\"300\" srcset=\"https:\/\/vosgesinfo.fr\/app\/uploads\/sites\/6\/2025\/06\/inauguration-internat-la-haie-griselle-6-225x300.jpg 225w, https:\/\/vosgesinfo.fr\/app\/uploads\/sites\/6\/2025\/06\/inauguration-internat-la-haie-griselle-6-768x1024.jpg 768w, https:\/\/vosgesinfo.fr\/app\/uploads\/sites\/6\/2025\/06\/inauguration-internat-la-haie-griselle-6-1152x1536.jpg 1152w, https:\/\/vosgesinfo.fr\/app\/uploads\/sites\/6\/2025\/06\/inauguration-internat-la-haie-griselle-6.jpg 1536w\" sizes=\"(max-width: 225px) 100vw, 225px\" \/><\/a>L&rsquo;\u00e9tablissement g\u00e9r\u00f4mois entend bien continuer sur cette voie et devenir le lyc\u00e9e de r\u00e9f\u00e9rence en mati\u00e8re de ski, tant au niveau de sa capacit\u00e9 \u00e0 accompagner de futurs champions et championnes qu&rsquo;en mati\u00e8re de suivi p\u00e9dagogique. Avec ce nouvel internant, c&rsquo;est une nouvelle m\u00e9tamorphose qui vient de s&rsquo;op\u00e9rer apr\u00e8s que de belles pages aient d\u00e9j\u00e0 \u00e9t\u00e9 \u00e9crites, a d\u00e9clar\u00e9 le s\u00e9nateur Daniel Gremillet, qui a \u00e9galement rappel\u00e9 que \u00ab\u00a0la r\u00e9gion a \u00e9t\u00e9 au rendez-vous malgr\u00e9 une p\u00e9riode compliqu\u00e9e en mati\u00e8re de gestion des finances\u00a0\u00bb. \u00ab (&#8230;) La gestation a \u00e9t\u00e9 longue, mais le b\u00e9b\u00e9 est beau \u00bb, a-t-il conclu en utilisant une petite m\u00e9taphore agricole et fort \u00e0-propos. La r\u00e9gion Grand Est qui, avec la maison de la r\u00e9gion d&rsquo;\u00c9pinal, est le principal financeur de ce projet dont le montant s&rsquo;\u00e9l\u00e8ve \u00e0 10 millions d&rsquo;euros.<\/p>\n<p>Pour sa part, Pierre-Fran\u00e7ois MOURIER a mis en avant cette d\u00e9marche de r\u00e9novation de l&rsquo;internat et la qualit\u00e9 du projet dans son ensemble : \u00ab\u00a0Cela prouve que cette r\u00e9gion bouge et se bat face \u00e0 une situation de d\u00e9prise d\u00e9mographique. C&rsquo;est un exemple de ce qu&rsquo;il faut faire pour sauvegarder l&rsquo;\u00e9ducation\u00a0\u00bb. Le recteur a \u00e9galement soulign\u00e9 l&rsquo;aspect particuli\u00e8rement adapt\u00e9 de ce nouvel internat d&rsquo;excellence et a remerci\u00e9 l&rsquo;ensemble des personnes qui ont travaill\u00e9 sur ce projet, des architectes \u00e0 l&rsquo;\u00e9quipe p\u00e9dagogique, tr\u00e8s investie \u00e9galement pour apporter ce qu&rsquo;il y a de mieux aux \u00e9l\u00e8ves et futurs \u00e9l\u00e8ves. \u00ab\u00a0Il faut aussi souligner l&rsquo;excellence du travail men\u00e9 avec la r\u00e9gion Grand Est, ce qui n&rsquo;est pas une \u00e9vidence (avec d&rsquo;autres collectivit\u00e9s &#8211; NDLR), contrairement \u00e0 ce que l&rsquo;on croit.\u00a0\u00bb<\/p>\n<p>Bien-\u00eatre pour les \u00e9l\u00e8ves et le personnel, ergonomie, ce nouvel internat revu et corrig\u00e9 semble donc avoir tous les atouts pour mener les jeunes troupes vers leur objectif : l&rsquo;excellence, qu&rsquo;elle soit sportive ou non d&rsquo;ailleurs.<\/p>\n<p><a href=\"https:\/\/vosgesinfo.fr\/app\/uploads\/sites\/6\/2025\/06\/inauguration-internat-la-haie-griselle-2.jpg\"><img decoding=\"async\" class=\"aligncenter wp-image-78729 size-large\" src=\"https:\/\/vosgesinfo.fr\/app\/uploads\/sites\/6\/2025\/06\/inauguration-internat-la-haie-griselle-2-1024x768.jpg\" alt=\"\" width=\"1024\" height=\"768\" srcset=\"https:\/\/vosgesinfo.fr\/app\/uploads\/sites\/6\/2025\/06\/inauguration-internat-la-haie-griselle-2-1024x768.jpg 1024w, https:\/\/vosgesinfo.fr\/app\/uploads\/sites\/6\/2025\/06\/inauguration-internat-la-haie-griselle-2-300x225.jpg 300w, https:\/\/vosgesinfo.fr\/app\/uploads\/sites\/6\/2025\/06\/inauguration-internat-la-haie-griselle-2-768x576.jpg 768w, https:\/\/vosgesinfo.fr\/app\/uploads\/sites\/6\/2025\/06\/inauguration-internat-la-haie-griselle-2-1536x1152.jpg 1536w, https:\/\/vosgesinfo.fr\/app\/uploads\/sites\/6\/2025\/06\/inauguration-internat-la-haie-griselle-2.jpg 2048w\" sizes=\"(max-width: 1024px) 100vw, 1024px\" \/><\/a><\/p>\n","protected":false},"excerpt":{"rendered":"<p>&nbsp; L&rsquo;internat d&rsquo;excellence de La Haie Griselle de G\u00e9rardmer a officiellement \u00e9t\u00e9 inaugur\u00e9 ce lundi apr\u00e8s-midi en pr\u00e9ambule des Nuits [&hellip;]<\/p>\n","protected":false},"author":42,"featured_media":78732,"comment_status":"open","ping_status":"open","sticky":false,"template":"","format":"standard","meta":{"footnotes":""},"categories":[20,6,5647],"tags":[311,7404,7403,7402],"class_list":["post-78728","post","type-post","status-publish","format-standard","has-post-thumbnail","hentry","category-a-la-une","category-education","category-gerardmer-autres-sites","tag-cite-scolaire-la-haie-griselle","tag-internat-dexcellence","tag-pacal-villemin","tag-pierre-francois-mourier"],"acf":[],"yoast_head":"<!-- This site is optimized with the Yoast SEO plugin v22.5 - https:\/\/yoast.com\/wordpress\/plugins\/seo\/ -->\n<title>Le nouvel internat de la Haie Griselle au service de l&#039;excellence - Gerardmer Info<\/title>\n<meta name=\"robots\" content=\"index, follow, max-snippet:-1, max-image-preview:large, max-video-preview:-1\" \/>\n<link rel=\"canonical\" href=\"https:\/\/vosgesinfo.fr\/gerardmerinfo\/2025\/06\/le-nouvel-internat-de-la-haie-griselle-au-service-de-lexcellence\/\" \/>\n<meta name=\"twitter:card\" content=\"summary_large_image\" \/>\n<meta name=\"twitter:title\" content=\"Le nouvel internat de la Haie Griselle au service de l&#039;excellence - Gerardmer Info\" \/>\n<meta name=\"twitter:description\" content=\"&nbsp; L&rsquo;internat d&rsquo;excellence de La Haie Griselle de G\u00e9rardmer a officiellement \u00e9t\u00e9 inaugur\u00e9 ce lundi apr\u00e8s-midi en pr\u00e9ambule des Nuits [&hellip;]\" \/>\n<meta name=\"twitter:image\" content=\"https:\/\/vosgesinfo.fr\/app\/uploads\/sites\/6\/2025\/06\/inauguration-internat-la-haie-griselle-5.jpg\" \/>\n<meta name=\"twitter:creator\" content=\"@VosgesInfo88\" \/>\n<meta name=\"twitter:site\" content=\"@VosgesInfo88\" \/>\n<meta name=\"twitter:label1\" content=\"\u00c9crit par\" \/>\n\t<meta name=\"twitter:data1\" content=\"QG\" \/>\n\t<meta name=\"twitter:label2\" content=\"Dur\u00e9e de lecture estim\u00e9e\" \/>\n\t<meta name=\"twitter:data2\" content=\"3 minutes\" \/>\n<script type=\"application\/ld+json\" class=\"yoast-schema-graph\">{\"@context\":\"https:\/\/schema.org\",\"@graph\":[{\"@type\":\"Article\",\"@id\":\"https:\/\/vosgesinfo.fr\/gerardmerinfo\/2025\/06\/le-nouvel-internat-de-la-haie-griselle-au-service-de-lexcellence\/#article\",\"isPartOf\":{\"@id\":\"https:\/\/vosgesinfo.fr\/gerardmerinfo\/2025\/06\/le-nouvel-internat-de-la-haie-griselle-au-service-de-lexcellence\/\"},\"author\":{\"name\":\"QG\",\"@id\":\"https:\/\/vosgesinfo.fr\/gerardmerinfo\/#\/schema\/person\/db5605779a843dad16b5368f3e7613a5\"},\"headline\":\"Le nouvel internat de la Haie Griselle au service de l&rsquo;excellence\",\"datePublished\":\"2025-06-03T03:59:57+00:00\",\"dateModified\":\"2025-06-02T20:18:18+00:00\",\"mainEntityOfPage\":{\"@id\":\"https:\/\/vosgesinfo.fr\/gerardmerinfo\/2025\/06\/le-nouvel-internat-de-la-haie-griselle-au-service-de-lexcellence\/\"},\"wordCount\":701,\"commentCount\":2,\"publisher\":{\"@id\":\"https:\/\/vosgesinfo.fr\/gerardmerinfo\/#organization\"},\"image\":{\"@id\":\"https:\/\/vosgesinfo.fr\/gerardmerinfo\/2025\/06\/le-nouvel-internat-de-la-haie-griselle-au-service-de-lexcellence\/#primaryimage\"},\"thumbnailUrl\":\"https:\/\/vosgesinfo.fr\/app\/uploads\/sites\/6\/2025\/06\/inauguration-internat-la-haie-griselle-5.jpg\",\"keywords\":[\"Cit\u00e9 scolaire La Haie Griselle\",\"internat d'excellence\",\"Pacal Villemin\",\"Pierre-Fran\u00e7ois MOURIER\"],\"articleSection\":[\"A la une\",\"\u00c9ducation\",\"Gerardmer\"],\"inLanguage\":\"fr-FR\",\"potentialAction\":[{\"@type\":\"CommentAction\",\"name\":\"Comment\",\"target\":[\"https:\/\/vosgesinfo.fr\/gerardmerinfo\/2025\/06\/le-nouvel-internat-de-la-haie-griselle-au-service-de-lexcellence\/#respond\"]}]},{\"@type\":\"WebPage\",\"@id\":\"https:\/\/vosgesinfo.fr\/gerardmerinfo\/2025\/06\/le-nouvel-internat-de-la-haie-griselle-au-service-de-lexcellence\/\",\"url\":\"https:\/\/vosgesinfo.fr\/gerardmerinfo\/2025\/06\/le-nouvel-internat-de-la-haie-griselle-au-service-de-lexcellence\/\",\"name\":\"Le nouvel internat de la Haie Griselle au service de l'excellence - Gerardmer Info\",\"isPartOf\":{\"@id\":\"https:\/\/vosgesinfo.fr\/gerardmerinfo\/#website\"},\"primaryImageOfPage\":{\"@id\":\"https:\/\/vosgesinfo.fr\/gerardmerinfo\/2025\/06\/le-nouvel-internat-de-la-haie-griselle-au-service-de-lexcellence\/#primaryimage\"},\"image\":{\"@id\":\"https:\/\/vosgesinfo.fr\/gerardmerinfo\/2025\/06\/le-nouvel-internat-de-la-haie-griselle-au-service-de-lexcellence\/#primaryimage\"},\"thumbnailUrl\":\"https:\/\/vosgesinfo.fr\/app\/uploads\/sites\/6\/2025\/06\/inauguration-internat-la-haie-griselle-5.jpg\",\"datePublished\":\"2025-06-03T03:59:57+00:00\",\"dateModified\":\"2025-06-02T20:18:18+00:00\",\"breadcrumb\":{\"@id\":\"https:\/\/vosgesinfo.fr\/gerardmerinfo\/2025\/06\/le-nouvel-internat-de-la-haie-griselle-au-service-de-lexcellence\/#breadcrumb\"},\"inLanguage\":\"fr-FR\",\"potentialAction\":[{\"@type\":\"ReadAction\",\"target\":[\"https:\/\/vosgesinfo.fr\/gerardmerinfo\/2025\/06\/le-nouvel-internat-de-la-haie-griselle-au-service-de-lexcellence\/\"]}]},{\"@type\":\"ImageObject\",\"inLanguage\":\"fr-FR\",\"@id\":\"https:\/\/vosgesinfo.fr\/gerardmerinfo\/2025\/06\/le-nouvel-internat-de-la-haie-griselle-au-service-de-lexcellence\/#primaryimage\",\"url\":\"https:\/\/vosgesinfo.fr\/app\/uploads\/sites\/6\/2025\/06\/inauguration-internat-la-haie-griselle-5.jpg\",\"contentUrl\":\"https:\/\/vosgesinfo.fr\/app\/uploads\/sites\/6\/2025\/06\/inauguration-internat-la-haie-griselle-5.jpg\",\"width\":2048,\"height\":1536},{\"@type\":\"BreadcrumbList\",\"@id\":\"https:\/\/vosgesinfo.fr\/gerardmerinfo\/2025\/06\/le-nouvel-internat-de-la-haie-griselle-au-service-de-lexcellence\/#breadcrumb\",\"itemListElement\":[{\"@type\":\"ListItem\",\"position\":1,\"name\":\"Home\",\"item\":\"https:\/\/vosgesinfo.fr\/gerardmerinfo\/\"},{\"@type\":\"ListItem\",\"position\":2,\"name\":\"Le nouvel internat de la Haie Griselle au service de l&rsquo;excellence\"}]},{\"@type\":\"WebSite\",\"@id\":\"https:\/\/vosgesinfo.fr\/gerardmerinfo\/#website\",\"url\":\"https:\/\/vosgesinfo.fr\/gerardmerinfo\/\",\"name\":\"Gerardmer Info\",\"description\":\"Toute l&#039;actualit\u00e9 de G\u00e9rardmer\",\"publisher\":{\"@id\":\"https:\/\/vosgesinfo.fr\/gerardmerinfo\/#organization\"},\"alternateName\":\"Toute l'actualit\u00e9 de G\u00e9rardmer\",\"potentialAction\":[{\"@type\":\"SearchAction\",\"target\":{\"@type\":\"EntryPoint\",\"urlTemplate\":\"https:\/\/vosgesinfo.fr\/gerardmerinfo\/?s={search_term_string}\"},\"query-input\":\"required name=search_term_string\"}],\"inLanguage\":\"fr-FR\"},{\"@type\":\"Organization\",\"@id\":\"https:\/\/vosgesinfo.fr\/gerardmerinfo\/#organization\",\"name\":\"Gerardmer Info\",\"url\":\"https:\/\/vosgesinfo.fr\/gerardmerinfo\/\",\"logo\":{\"@type\":\"ImageObject\",\"inLanguage\":\"fr-FR\",\"@id\":\"https:\/\/vosgesinfo.fr\/gerardmerinfo\/#\/schema\/logo\/image\/\",\"url\":\"https:\/\/vosgesinfo.fr\/app\/uploads\/sites\/6\/2023\/08\/favicon-gerardmerinfo.png\",\"contentUrl\":\"https:\/\/vosgesinfo.fr\/app\/uploads\/sites\/6\/2023\/08\/favicon-gerardmerinfo.png\",\"width\":512,\"height\":512,\"caption\":\"Gerardmer Info\"},\"image\":{\"@id\":\"https:\/\/vosgesinfo.fr\/gerardmerinfo\/#\/schema\/logo\/image\/\"},\"sameAs\":[\"https:\/\/www.facebook.com\/profile.php?id=100049475262660\",\"https:\/\/x.com\/VosgesInfo88\",\"https:\/\/www.youtube.com\/@vosgesinfo\"]},{\"@type\":\"Person\",\"@id\":\"https:\/\/vosgesinfo.fr\/gerardmerinfo\/#\/schema\/person\/db5605779a843dad16b5368f3e7613a5\",\"name\":\"QG\",\"image\":{\"@type\":\"ImageObject\",\"inLanguage\":\"fr-FR\",\"@id\":\"https:\/\/vosgesinfo.fr\/gerardmerinfo\/#\/schema\/person\/image\/\",\"url\":\"https:\/\/secure.gravatar.com\/avatar\/ea80c42c204b534408512832fde52504ecabb9706bcb6151cf6175e5b64e6793?s=96&d=mm&r=g\",\"contentUrl\":\"https:\/\/secure.gravatar.com\/avatar\/ea80c42c204b534408512832fde52504ecabb9706bcb6151cf6175e5b64e6793?s=96&d=mm&r=g\",\"caption\":\"QG\"},\"url\":\"https:\/\/vosgesinfo.fr\/gerardmerinfo\/author\/quentin88\/\"}]}<\/script>\n<!-- \/ Yoast SEO plugin. -->","yoast_head_json":{"title":"Le nouvel internat de la Haie Griselle au service de l'excellence - Gerardmer Info","robots":{"index":"index","follow":"follow","max-snippet":"max-snippet:-1","max-image-preview":"max-image-preview:large","max-video-preview":"max-video-preview:-1"},"canonical":"https:\/\/vosgesinfo.fr\/gerardmerinfo\/2025\/06\/le-nouvel-internat-de-la-haie-griselle-au-service-de-lexcellence\/","twitter_card":"summary_large_image","twitter_title":"Le nouvel internat de la Haie Griselle au service de l'excellence - Gerardmer Info","twitter_description":"&nbsp; L&rsquo;internat d&rsquo;excellence de La Haie Griselle de G\u00e9rardmer a officiellement \u00e9t\u00e9 inaugur\u00e9 ce lundi apr\u00e8s-midi en pr\u00e9ambule des Nuits [&hellip;]","twitter_image":"https:\/\/vosgesinfo.fr\/app\/uploads\/sites\/6\/2025\/06\/inauguration-internat-la-haie-griselle-5.jpg","twitter_creator":"@VosgesInfo88","twitter_site":"@VosgesInfo88","twitter_misc":{"\u00c9crit par":"QG","Dur\u00e9e de lecture estim\u00e9e":"3 minutes"},"schema":{"@context":"https:\/\/schema.org","@graph":[{"@type":"Article","@id":"https:\/\/vosgesinfo.fr\/gerardmerinfo\/2025\/06\/le-nouvel-internat-de-la-haie-griselle-au-service-de-lexcellence\/#article","isPartOf":{"@id":"https:\/\/vosgesinfo.fr\/gerardmerinfo\/2025\/06\/le-nouvel-internat-de-la-haie-griselle-au-service-de-lexcellence\/"},"author":{"name":"QG","@id":"https:\/\/vosgesinfo.fr\/gerardmerinfo\/#\/schema\/person\/db5605779a843dad16b5368f3e7613a5"},"headline":"Le nouvel internat de la Haie Griselle au service de l&rsquo;excellence","datePublished":"2025-06-03T03:59:57+00:00","dateModified":"2025-06-02T20:18:18+00:00","mainEntityOfPage":{"@id":"https:\/\/vosgesinfo.fr\/gerardmerinfo\/2025\/06\/le-nouvel-internat-de-la-haie-griselle-au-service-de-lexcellence\/"},"wordCount":701,"commentCount":2,"publisher":{"@id":"https:\/\/vosgesinfo.fr\/gerardmerinfo\/#organization"},"image":{"@id":"https:\/\/vosgesinfo.fr\/gerardmerinfo\/2025\/06\/le-nouvel-internat-de-la-haie-griselle-au-service-de-lexcellence\/#primaryimage"},"thumbnailUrl":"https:\/\/vosgesinfo.fr\/app\/uploads\/sites\/6\/2025\/06\/inauguration-internat-la-haie-griselle-5.jpg","keywords":["Cit\u00e9 scolaire La Haie Griselle","internat d'excellence","Pacal Villemin","Pierre-Fran\u00e7ois MOURIER"],"articleSection":["A la une","\u00c9ducation","Gerardmer"],"inLanguage":"fr-FR","potentialAction":[{"@type":"CommentAction","name":"Comment","target":["https:\/\/vosgesinfo.fr\/gerardmerinfo\/2025\/06\/le-nouvel-internat-de-la-haie-griselle-au-service-de-lexcellence\/#respond"]}]},{"@type":"WebPage","@id":"https:\/\/vosgesinfo.fr\/gerardmerinfo\/2025\/06\/le-nouvel-internat-de-la-haie-griselle-au-service-de-lexcellence\/","url":"https:\/\/vosgesinfo.fr\/gerardmerinfo\/2025\/06\/le-nouvel-internat-de-la-haie-griselle-au-service-de-lexcellence\/","name":"Le nouvel internat de la Haie Griselle au service de l'excellence - Gerardmer Info","isPartOf":{"@id":"https:\/\/vosgesinfo.fr\/gerardmerinfo\/#website"},"primaryImageOfPage":{"@id":"https:\/\/vosgesinfo.fr\/gerardmerinfo\/2025\/06\/le-nouvel-internat-de-la-haie-griselle-au-service-de-lexcellence\/#primaryimage"},"image":{"@id":"https:\/\/vosgesinfo.fr\/gerardmerinfo\/2025\/06\/le-nouvel-internat-de-la-haie-griselle-au-service-de-lexcellence\/#primaryimage"},"thumbnailUrl":"https:\/\/vosgesinfo.fr\/app\/uploads\/sites\/6\/2025\/06\/inauguration-internat-la-haie-griselle-5.jpg","datePublished":"2025-06-03T03:59:57+00:00","dateModified":"2025-06-02T20:18:18+00:00","breadcrumb":{"@id":"https:\/\/vosgesinfo.fr\/gerardmerinfo\/2025\/06\/le-nouvel-internat-de-la-haie-griselle-au-service-de-lexcellence\/#breadcrumb"},"inLanguage":"fr-FR","potentialAction":[{"@type":"ReadAction","target":["https:\/\/vosgesinfo.fr\/gerardmerinfo\/2025\/06\/le-nouvel-internat-de-la-haie-griselle-au-service-de-lexcellence\/"]}]},{"@type":"ImageObject","inLanguage":"fr-FR","@id":"https:\/\/vosgesinfo.fr\/gerardmerinfo\/2025\/06\/le-nouvel-internat-de-la-haie-griselle-au-service-de-lexcellence\/#primaryimage","url":"https:\/\/vosgesinfo.fr\/app\/uploads\/sites\/6\/2025\/06\/inauguration-internat-la-haie-griselle-5.jpg","contentUrl":"https:\/\/vosgesinfo.fr\/app\/uploads\/sites\/6\/2025\/06\/inauguration-internat-la-haie-griselle-5.jpg","width":2048,"height":1536},{"@type":"BreadcrumbList","@id":"https:\/\/vosgesinfo.fr\/gerardmerinfo\/2025\/06\/le-nouvel-internat-de-la-haie-griselle-au-service-de-lexcellence\/#breadcrumb","itemListElement":[{"@type":"ListItem","position":1,"name":"Home","item":"https:\/\/vosgesinfo.fr\/gerardmerinfo\/"},{"@type":"ListItem","position":2,"name":"Le nouvel internat de la Haie Griselle au service de l&rsquo;excellence"}]},{"@type":"WebSite","@id":"https:\/\/vosgesinfo.fr\/gerardmerinfo\/#website","url":"https:\/\/vosgesinfo.fr\/gerardmerinfo\/","name":"Gerardmer Info","description":"Toute l&#039;actualit\u00e9 de G\u00e9rardmer","publisher":{"@id":"https:\/\/vosgesinfo.fr\/gerardmerinfo\/#organization"},"alternateName":"Toute l'actualit\u00e9 de G\u00e9rardmer","potentialAction":[{"@type":"SearchAction","target":{"@type":"EntryPoint","urlTemplate":"https:\/\/vosgesinfo.fr\/gerardmerinfo\/?s={search_term_string}"},"query-input":"required name=search_term_string"}],"inLanguage":"fr-FR"},{"@type":"Organization","@id":"https:\/\/vosgesinfo.fr\/gerardmerinfo\/#organization","name":"Gerardmer Info","url":"https:\/\/vosgesinfo.fr\/gerardmerinfo\/","logo":{"@type":"ImageObject","inLanguage":"fr-FR","@id":"https:\/\/vosgesinfo.fr\/gerardmerinfo\/#\/schema\/logo\/image\/","url":"https:\/\/vosgesinfo.fr\/app\/uploads\/sites\/6\/2023\/08\/favicon-gerardmerinfo.png","contentUrl":"https:\/\/vosgesinfo.fr\/app\/uploads\/sites\/6\/2023\/08\/favicon-gerardmerinfo.png","width":512,"height":512,"caption":"Gerardmer Info"},"image":{"@id":"https:\/\/vosgesinfo.fr\/gerardmerinfo\/#\/schema\/logo\/image\/"},"sameAs":["https:\/\/www.facebook.com\/profile.php?id=100049475262660","https:\/\/x.com\/VosgesInfo88","https:\/\/www.youtube.com\/@vosgesinfo"]},{"@type":"Person","@id":"https:\/\/vosgesinfo.fr\/gerardmerinfo\/#\/schema\/person\/db5605779a843dad16b5368f3e7613a5","name":"QG","image":{"@type":"ImageObject","inLanguage":"fr-FR","@id":"https:\/\/vosgesinfo.fr\/gerardmerinfo\/#\/schema\/person\/image\/","url":"https:\/\/secure.gravatar.com\/avatar\/ea80c42c204b534408512832fde52504ecabb9706bcb6151cf6175e5b64e6793?s=96&d=mm&r=g","contentUrl":"https:\/\/secure.gravatar.com\/avatar\/ea80c42c204b534408512832fde52504ecabb9706bcb6151cf6175e5b64e6793?s=96&d=mm&r=g","caption":"QG"},"url":"https:\/\/vosgesinfo.fr\/gerardmerinfo\/author\/quentin88\/"}]}},"_links":{"self":[{"href":"https:\/\/vosgesinfo.fr\/gerardmerinfo\/wp-json\/wp\/v2\/posts\/78728","targetHints":{"allow":["GET"]}}],"collection":[{"href":"https:\/\/vosgesinfo.fr\/gerardmerinfo\/wp-json\/wp\/v2\/posts"}],"about":[{"href":"https:\/\/vosgesinfo.fr\/gerardmerinfo\/wp-json\/wp\/v2\/types\/post"}],"author":[{"embeddable":true,"href":"https:\/\/vosgesinfo.fr\/gerardmerinfo\/wp-json\/wp\/v2\/users\/42"}],"replies":[{"embeddable":true,"href":"https:\/\/vosgesinfo.fr\/gerardmerinfo\/wp-json\/wp\/v2\/comments?post=78728"}],"version-history":[{"count":1,"href":"https:\/\/vosgesinfo.fr\/gerardmerinfo\/wp-json\/wp\/v2\/posts\/78728\/revisions"}],"predecessor-version":[{"id":78739,"href":"https:\/\/vosgesinfo.fr\/gerardmerinfo\/wp-json\/wp\/v2\/posts\/78728\/revisions\/78739"}],"wp:featuredmedia":[{"embeddable":true,"href":"https:\/\/vosgesinfo.fr\/gerardmerinfo\/wp-json\/wp\/v2\/media\/78732"}],"wp:attachment":[{"href":"https:\/\/vosgesinfo.fr\/gerardmerinfo\/wp-json\/wp\/v2\/media?parent=78728"}],"wp:term":[{"taxonomy":"category","embeddable":true,"href":"https:\/\/vosgesinfo.fr\/gerardmerinfo\/wp-json\/wp\/v2\/categories?post=78728"},{"taxonomy":"post_tag","embeddable":true,"href":"https:\/\/vosgesinfo.fr\/gerardmerinfo\/wp-json\/wp\/v2\/tags?post=78728"}],"curies":[{"name":"wp","href":"https:\/\/api.w.org\/{rel}","templated":true}]}}