{"id":78742,"date":"2025-06-03T12:35:02","date_gmt":"2025-06-03T10:35:02","guid":{"rendered":"https:\/\/vosgesinfo.fr\/gerardmerinfo\/?p=78742"},"modified":"2025-06-03T12:35:02","modified_gmt":"2025-06-03T10:35:02","slug":"les-reines-de-la-seconde-main-tournent-leur-quatrieme-episode-a-saint-die-des-vosges","status":"publish","type":"post","link":"https:\/\/vosgesinfo.fr\/gerardmerinfo\/2025\/06\/les-reines-de-la-seconde-main-tournent-leur-quatrieme-episode-a-saint-die-des-vosges\/","title":{"rendered":"Les Reines de la Seconde Main tournent leur quatri\u00e8me \u00e9pisode \u00e0 Saint-Di\u00e9-des-Vosges"},"content":{"rendered":"<div id=\"attachment_78596\" style=\"width: 1034px\" class=\"wp-caption alignnone\"><a href=\"https:\/\/vosgesinfo.fr\/app\/uploads\/sites\/4\/2025\/06\/reines-seconde-main-evodia.png\"><img decoding=\"async\" aria-describedby=\"caption-attachment-78596\" class=\"size-large wp-image-78596\" src=\"https:\/\/vosgesinfo.fr\/app\/uploads\/sites\/4\/2025\/06\/reines-seconde-main-evodia-1024x768.png\" alt=\"\" width=\"1024\" height=\"768\" \/><\/a><p id=\"caption-attachment-78596\" class=\"wp-caption-text\">(Photographie EVODIA)<\/p><\/div>\n<h2><strong>\u00c9vodia et Vosges TLC lancent le quatri\u00e8me \u00e9pisode de leur webs\u00e9rie \u00ab Les Reines de la Seconde Main \u00bb<\/strong>, dont le tournage se d\u00e9roulera prochainement \u00e0 <strong>Saint-Di\u00e9-des-Vosges.<\/strong> Plus pr\u00e9cis\u00e9ment le jeudi <strong>3 juillet en soir\u00e9e<\/strong>, dans la friperie <strong>\u00ab Il \u00e9tait une seconde fois \u00bb de la rue Stanislas<\/strong>. <strong>Les candidates ont jusqu\u2019au 17 juin pour s\u2019inscrire<\/strong> \u00e0 cette \u00e9dition plac\u00e9e sous le signe de la mode estivale, par courriel via <strong><a href=\"mailto:communication@evodia.org\" target=\"_blank\" rel=\"noopener\">communication@evodia.org<\/a><\/strong>.<\/h2>\n<p><!--more--><\/p>\n<h3 class=\"western\"><strong>Une webs\u00e9rie pour valoriser les textiles de seconde main<\/strong><\/h3>\n<p>Cette initiative originale, port\u00e9e par <strong>\u00c9vodia en partenariat avec Vosges TLC<\/strong>, met \u00e0 l\u2019honneur la <strong>seconde main<\/strong> et les <strong>friperies du r\u00e9seau vosgien<\/strong>, r\u00e9parties dans sept boutiques \u00e0 <strong>\u00c9pinal, Remiremont, Neufch\u00e2teau, Girmont, Saint-Di\u00e9-des-Vosges<\/strong> et <b>Nancy.<\/b> <strong>Plus de 100 Vosgiennes ont d\u00e9j\u00e0 candidat\u00e9<\/strong> lors des trois premi\u00e8res \u00e9ditions.<\/p>\n<h3 class=\"western\"><strong>Un d\u00e9fi mode pour les participantes<\/strong><\/h3>\n<p>Le th\u00e8me de cet \u00e9pisode d\u00e9odatien est <strong>\u00ab L\u00e9ger et styl\u00e9 pour les beaux jours \u00bb<\/strong>. Les <strong>cinq candidates s\u00e9lectionn\u00e9es<\/strong> devront composer une tenue compl\u00e8te dans un <strong>temps et un budget limit\u00e9s<\/strong>, avec les conseils de <strong>Mathilde Lorrain (alias Ga.hia)<\/strong>, ambassadrice de la fili\u00e8re textile. Conditions : \u00eatre majeure, r\u00e9sider dans les Vosges, \u00eatre disponible le 3 juillet de 18h30 \u00e0 20h30 et accepter d\u2019\u00eatre film\u00e9e.<\/p>\n<h3 class=\"western\"><strong>Un geste concret pour l\u2019\u00e9conomie circulaire<\/strong><\/h3>\n<p>Cr\u00e9\u00e9e en 2013, l\u2019entreprise d\u2019insertion <strong>Vosges TLC<\/strong> g\u00e8re la collecte et le tri de textiles dans les <strong>330 bornes du d\u00e9partement<\/strong>. En 2023, <strong>4 500 tonnes de v\u00eatements, chaussures et accessoires<\/strong> ont \u00e9t\u00e9 recueillies, dont <strong>1 700 tonnes<\/strong> issues des bornes. Les pi\u00e8ces en bon \u00e9tat alimentent les friperies ; les autres sont transform\u00e9es en <strong>chiffons, isolants ou fibres recycl\u00e9es<\/strong>. Si les Vosgiens trient davantage que la moyenne nationale, <strong>trop de textiles finissent encore dans les ordures m\u00e9nag\u00e8res<\/strong>. Une meilleure orientation des d\u00e9chets permettrait de renforcer une <strong>\u00e9conomie circulaire \u00e0 la fois \u00e9cologique, solidaire et locale<\/strong>.<\/p>\n","protected":false},"excerpt":{"rendered":"<p>\u00c9vodia et Vosges TLC lancent le quatri\u00e8me \u00e9pisode de leur webs\u00e9rie \u00ab Les Reines de la Seconde Main \u00bb, dont [&hellip;]<\/p>\n","protected":false},"author":46,"featured_media":78743,"comment_status":"open","ping_status":"open","sticky":false,"template":"","format":"standard","meta":{"footnotes":""},"categories":[20,878,25,328,868,875,18],"tags":[531,6255,7406,6256],"class_list":["post-78742","post","type-post","status-publish","format-standard","has-post-thumbnail","hentry","category-a-la-une","category-epinal","category-gerardmer","category-la-plaine-des-vosges","category-remiremont","category-saint-die-des-vosges","category-vosges","tag-evodia","tag-il-etait-une-seconde-fois","tag-reines-de-la-seconde-main","tag-vosges-tlc"],"acf":[],"yoast_head":"<!-- This site is optimized with the Yoast SEO plugin v22.5 - https:\/\/yoast.com\/wordpress\/plugins\/seo\/ -->\n<title>Les Reines de la Seconde Main tournent leur quatri\u00e8me \u00e9pisode \u00e0 Saint-Di\u00e9-des-Vosges - Gerardmer Info<\/title>\n<meta name=\"robots\" content=\"index, follow, max-snippet:-1, max-image-preview:large, max-video-preview:-1\" \/>\n<link rel=\"canonical\" href=\"https:\/\/vosgesinfo.fr\/gerardmerinfo\/2025\/06\/les-reines-de-la-seconde-main-tournent-leur-quatrieme-episode-a-saint-die-des-vosges\/\" \/>\n<meta name=\"twitter:card\" content=\"summary_large_image\" \/>\n<meta name=\"twitter:title\" content=\"Les Reines de la Seconde Main tournent leur quatri\u00e8me \u00e9pisode \u00e0 Saint-Di\u00e9-des-Vosges - Gerardmer Info\" \/>\n<meta name=\"twitter:description\" content=\"\u00c9vodia et Vosges TLC lancent le quatri\u00e8me \u00e9pisode de leur webs\u00e9rie \u00ab Les Reines de la Seconde Main \u00bb, dont [&hellip;]\" \/>\n<meta name=\"twitter:image\" content=\"https:\/\/vosgesinfo.fr\/app\/uploads\/sites\/6\/2025\/06\/reines-seconde-main-evodia.png\" \/>\n<meta name=\"twitter:creator\" content=\"@VosgesInfo88\" \/>\n<meta name=\"twitter:site\" content=\"@VosgesInfo88\" \/>\n<meta name=\"twitter:label1\" content=\"\u00c9crit par\" \/>\n\t<meta name=\"twitter:data1\" content=\"J.J.\" \/>\n\t<meta name=\"twitter:label2\" content=\"Dur\u00e9e de lecture estim\u00e9e\" \/>\n\t<meta name=\"twitter:data2\" content=\"2 minutes\" \/>\n<script type=\"application\/ld+json\" class=\"yoast-schema-graph\">{\"@context\":\"https:\/\/schema.org\",\"@graph\":[{\"@type\":\"Article\",\"@id\":\"https:\/\/vosgesinfo.fr\/gerardmerinfo\/2025\/06\/les-reines-de-la-seconde-main-tournent-leur-quatrieme-episode-a-saint-die-des-vosges\/#article\",\"isPartOf\":{\"@id\":\"https:\/\/vosgesinfo.fr\/gerardmerinfo\/2025\/06\/les-reines-de-la-seconde-main-tournent-leur-quatrieme-episode-a-saint-die-des-vosges\/\"},\"author\":{\"name\":\"J.J.\",\"@id\":\"https:\/\/vosgesinfo.fr\/gerardmerinfo\/#\/schema\/person\/fa73e9f726d67bb88f46d5b7943cb572\"},\"headline\":\"Les Reines de la Seconde Main tournent leur quatri\u00e8me \u00e9pisode \u00e0 Saint-Di\u00e9-des-Vosges\",\"datePublished\":\"2025-06-03T10:35:02+00:00\",\"dateModified\":\"2025-06-03T10:35:02+00:00\",\"mainEntityOfPage\":{\"@id\":\"https:\/\/vosgesinfo.fr\/gerardmerinfo\/2025\/06\/les-reines-de-la-seconde-main-tournent-leur-quatrieme-episode-a-saint-die-des-vosges\/\"},\"wordCount\":346,\"commentCount\":1,\"publisher\":{\"@id\":\"https:\/\/vosgesinfo.fr\/gerardmerinfo\/#organization\"},\"image\":{\"@id\":\"https:\/\/vosgesinfo.fr\/gerardmerinfo\/2025\/06\/les-reines-de-la-seconde-main-tournent-leur-quatrieme-episode-a-saint-die-des-vosges\/#primaryimage\"},\"thumbnailUrl\":\"https:\/\/vosgesinfo.fr\/app\/uploads\/sites\/6\/2025\/06\/reines-seconde-main-evodia.png\",\"keywords\":[\"Evodia\",\"Il \u00e9tait une seconde fois\",\"Reines de la Seconde Main\",\"Vosges TLC\"],\"articleSection\":[\"A la une\",\"Epinal\",\"G\u00e9rardmer\",\"La plaine des vosges\",\"Remiremont\",\"Saint-Di\u00e9-des-Vosges\",\"Vosges\"],\"inLanguage\":\"fr-FR\",\"potentialAction\":[{\"@type\":\"CommentAction\",\"name\":\"Comment\",\"target\":[\"https:\/\/vosgesinfo.fr\/gerardmerinfo\/2025\/06\/les-reines-de-la-seconde-main-tournent-leur-quatrieme-episode-a-saint-die-des-vosges\/#respond\"]}]},{\"@type\":\"WebPage\",\"@id\":\"https:\/\/vosgesinfo.fr\/gerardmerinfo\/2025\/06\/les-reines-de-la-seconde-main-tournent-leur-quatrieme-episode-a-saint-die-des-vosges\/\",\"url\":\"https:\/\/vosgesinfo.fr\/gerardmerinfo\/2025\/06\/les-reines-de-la-seconde-main-tournent-leur-quatrieme-episode-a-saint-die-des-vosges\/\",\"name\":\"Les Reines de la Seconde Main tournent leur quatri\u00e8me \u00e9pisode \u00e0 Saint-Di\u00e9-des-Vosges - Gerardmer Info\",\"isPartOf\":{\"@id\":\"https:\/\/vosgesinfo.fr\/gerardmerinfo\/#website\"},\"primaryImageOfPage\":{\"@id\":\"https:\/\/vosgesinfo.fr\/gerardmerinfo\/2025\/06\/les-reines-de-la-seconde-main-tournent-leur-quatrieme-episode-a-saint-die-des-vosges\/#primaryimage\"},\"image\":{\"@id\":\"https:\/\/vosgesinfo.fr\/gerardmerinfo\/2025\/06\/les-reines-de-la-seconde-main-tournent-leur-quatrieme-episode-a-saint-die-des-vosges\/#primaryimage\"},\"thumbnailUrl\":\"https:\/\/vosgesinfo.fr\/app\/uploads\/sites\/6\/2025\/06\/reines-seconde-main-evodia.png\",\"datePublished\":\"2025-06-03T10:35:02+00:00\",\"dateModified\":\"2025-06-03T10:35:02+00:00\",\"breadcrumb\":{\"@id\":\"https:\/\/vosgesinfo.fr\/gerardmerinfo\/2025\/06\/les-reines-de-la-seconde-main-tournent-leur-quatrieme-episode-a-saint-die-des-vosges\/#breadcrumb\"},\"inLanguage\":\"fr-FR\",\"potentialAction\":[{\"@type\":\"ReadAction\",\"target\":[\"https:\/\/vosgesinfo.fr\/gerardmerinfo\/2025\/06\/les-reines-de-la-seconde-main-tournent-leur-quatrieme-episode-a-saint-die-des-vosges\/\"]}]},{\"@type\":\"ImageObject\",\"inLanguage\":\"fr-FR\",\"@id\":\"https:\/\/vosgesinfo.fr\/gerardmerinfo\/2025\/06\/les-reines-de-la-seconde-main-tournent-leur-quatrieme-episode-a-saint-die-des-vosges\/#primaryimage\",\"url\":\"https:\/\/vosgesinfo.fr\/app\/uploads\/sites\/6\/2025\/06\/reines-seconde-main-evodia.png\",\"contentUrl\":\"https:\/\/vosgesinfo.fr\/app\/uploads\/sites\/6\/2025\/06\/reines-seconde-main-evodia.png\",\"width\":1149,\"height\":862},{\"@type\":\"BreadcrumbList\",\"@id\":\"https:\/\/vosgesinfo.fr\/gerardmerinfo\/2025\/06\/les-reines-de-la-seconde-main-tournent-leur-quatrieme-episode-a-saint-die-des-vosges\/#breadcrumb\",\"itemListElement\":[{\"@type\":\"ListItem\",\"position\":1,\"name\":\"Home\",\"item\":\"https:\/\/vosgesinfo.fr\/gerardmerinfo\/\"},{\"@type\":\"ListItem\",\"position\":2,\"name\":\"Les Reines de la Seconde Main tournent leur quatri\u00e8me \u00e9pisode \u00e0 Saint-Di\u00e9-des-Vosges\"}]},{\"@type\":\"WebSite\",\"@id\":\"https:\/\/vosgesinfo.fr\/gerardmerinfo\/#website\",\"url\":\"https:\/\/vosgesinfo.fr\/gerardmerinfo\/\",\"name\":\"Gerardmer Info\",\"description\":\"Toute l&#039;actualit\u00e9 de G\u00e9rardmer\",\"publisher\":{\"@id\":\"https:\/\/vosgesinfo.fr\/gerardmerinfo\/#organization\"},\"alternateName\":\"Toute l'actualit\u00e9 de G\u00e9rardmer\",\"potentialAction\":[{\"@type\":\"SearchAction\",\"target\":{\"@type\":\"EntryPoint\",\"urlTemplate\":\"https:\/\/vosgesinfo.fr\/gerardmerinfo\/?s={search_term_string}\"},\"query-input\":\"required name=search_term_string\"}],\"inLanguage\":\"fr-FR\"},{\"@type\":\"Organization\",\"@id\":\"https:\/\/vosgesinfo.fr\/gerardmerinfo\/#organization\",\"name\":\"Gerardmer Info\",\"url\":\"https:\/\/vosgesinfo.fr\/gerardmerinfo\/\",\"logo\":{\"@type\":\"ImageObject\",\"inLanguage\":\"fr-FR\",\"@id\":\"https:\/\/vosgesinfo.fr\/gerardmerinfo\/#\/schema\/logo\/image\/\",\"url\":\"https:\/\/vosgesinfo.fr\/app\/uploads\/sites\/6\/2023\/08\/favicon-gerardmerinfo.png\",\"contentUrl\":\"https:\/\/vosgesinfo.fr\/app\/uploads\/sites\/6\/2023\/08\/favicon-gerardmerinfo.png\",\"width\":512,\"height\":512,\"caption\":\"Gerardmer Info\"},\"image\":{\"@id\":\"https:\/\/vosgesinfo.fr\/gerardmerinfo\/#\/schema\/logo\/image\/\"},\"sameAs\":[\"https:\/\/www.facebook.com\/profile.php?id=100049475262660\",\"https:\/\/x.com\/VosgesInfo88\",\"https:\/\/www.youtube.com\/@vosgesinfo\"]},{\"@type\":\"Person\",\"@id\":\"https:\/\/vosgesinfo.fr\/gerardmerinfo\/#\/schema\/person\/fa73e9f726d67bb88f46d5b7943cb572\",\"name\":\"J.J.\",\"image\":{\"@type\":\"ImageObject\",\"inLanguage\":\"fr-FR\",\"@id\":\"https:\/\/vosgesinfo.fr\/gerardmerinfo\/#\/schema\/person\/image\/\",\"url\":\"https:\/\/secure.gravatar.com\/avatar\/219e749e47ffbcca018a360ae4add7d4cdf1cdaaf8bc7676b27efade3fe65615?s=96&d=mm&r=g\",\"contentUrl\":\"https:\/\/secure.gravatar.com\/avatar\/219e749e47ffbcca018a360ae4add7d4cdf1cdaaf8bc7676b27efade3fe65615?s=96&d=mm&r=g\",\"caption\":\"J.J.\"},\"url\":\"https:\/\/vosgesinfo.fr\/gerardmerinfo\/author\/j-j\/\"}]}<\/script>\n<!-- \/ Yoast SEO plugin. -->","yoast_head_json":{"title":"Les Reines de la Seconde Main tournent leur quatri\u00e8me \u00e9pisode \u00e0 Saint-Di\u00e9-des-Vosges - Gerardmer Info","robots":{"index":"index","follow":"follow","max-snippet":"max-snippet:-1","max-image-preview":"max-image-preview:large","max-video-preview":"max-video-preview:-1"},"canonical":"https:\/\/vosgesinfo.fr\/gerardmerinfo\/2025\/06\/les-reines-de-la-seconde-main-tournent-leur-quatrieme-episode-a-saint-die-des-vosges\/","twitter_card":"summary_large_image","twitter_title":"Les Reines de la Seconde Main tournent leur quatri\u00e8me \u00e9pisode \u00e0 Saint-Di\u00e9-des-Vosges - Gerardmer Info","twitter_description":"\u00c9vodia et Vosges TLC lancent le quatri\u00e8me \u00e9pisode de leur webs\u00e9rie \u00ab Les Reines de la Seconde Main \u00bb, dont [&hellip;]","twitter_image":"https:\/\/vosgesinfo.fr\/app\/uploads\/sites\/6\/2025\/06\/reines-seconde-main-evodia.png","twitter_creator":"@VosgesInfo88","twitter_site":"@VosgesInfo88","twitter_misc":{"\u00c9crit par":"J.J.","Dur\u00e9e de lecture estim\u00e9e":"2 minutes"},"schema":{"@context":"https:\/\/schema.org","@graph":[{"@type":"Article","@id":"https:\/\/vosgesinfo.fr\/gerardmerinfo\/2025\/06\/les-reines-de-la-seconde-main-tournent-leur-quatrieme-episode-a-saint-die-des-vosges\/#article","isPartOf":{"@id":"https:\/\/vosgesinfo.fr\/gerardmerinfo\/2025\/06\/les-reines-de-la-seconde-main-tournent-leur-quatrieme-episode-a-saint-die-des-vosges\/"},"author":{"name":"J.J.","@id":"https:\/\/vosgesinfo.fr\/gerardmerinfo\/#\/schema\/person\/fa73e9f726d67bb88f46d5b7943cb572"},"headline":"Les Reines de la Seconde Main tournent leur quatri\u00e8me \u00e9pisode \u00e0 Saint-Di\u00e9-des-Vosges","datePublished":"2025-06-03T10:35:02+00:00","dateModified":"2025-06-03T10:35:02+00:00","mainEntityOfPage":{"@id":"https:\/\/vosgesinfo.fr\/gerardmerinfo\/2025\/06\/les-reines-de-la-seconde-main-tournent-leur-quatrieme-episode-a-saint-die-des-vosges\/"},"wordCount":346,"commentCount":1,"publisher":{"@id":"https:\/\/vosgesinfo.fr\/gerardmerinfo\/#organization"},"image":{"@id":"https:\/\/vosgesinfo.fr\/gerardmerinfo\/2025\/06\/les-reines-de-la-seconde-main-tournent-leur-quatrieme-episode-a-saint-die-des-vosges\/#primaryimage"},"thumbnailUrl":"https:\/\/vosgesinfo.fr\/app\/uploads\/sites\/6\/2025\/06\/reines-seconde-main-evodia.png","keywords":["Evodia","Il \u00e9tait une seconde fois","Reines de la Seconde Main","Vosges TLC"],"articleSection":["A la une","Epinal","G\u00e9rardmer","La plaine des vosges","Remiremont","Saint-Di\u00e9-des-Vosges","Vosges"],"inLanguage":"fr-FR","potentialAction":[{"@type":"CommentAction","name":"Comment","target":["https:\/\/vosgesinfo.fr\/gerardmerinfo\/2025\/06\/les-reines-de-la-seconde-main-tournent-leur-quatrieme-episode-a-saint-die-des-vosges\/#respond"]}]},{"@type":"WebPage","@id":"https:\/\/vosgesinfo.fr\/gerardmerinfo\/2025\/06\/les-reines-de-la-seconde-main-tournent-leur-quatrieme-episode-a-saint-die-des-vosges\/","url":"https:\/\/vosgesinfo.fr\/gerardmerinfo\/2025\/06\/les-reines-de-la-seconde-main-tournent-leur-quatrieme-episode-a-saint-die-des-vosges\/","name":"Les Reines de la Seconde Main tournent leur quatri\u00e8me \u00e9pisode \u00e0 Saint-Di\u00e9-des-Vosges - Gerardmer Info","isPartOf":{"@id":"https:\/\/vosgesinfo.fr\/gerardmerinfo\/#website"},"primaryImageOfPage":{"@id":"https:\/\/vosgesinfo.fr\/gerardmerinfo\/2025\/06\/les-reines-de-la-seconde-main-tournent-leur-quatrieme-episode-a-saint-die-des-vosges\/#primaryimage"},"image":{"@id":"https:\/\/vosgesinfo.fr\/gerardmerinfo\/2025\/06\/les-reines-de-la-seconde-main-tournent-leur-quatrieme-episode-a-saint-die-des-vosges\/#primaryimage"},"thumbnailUrl":"https:\/\/vosgesinfo.fr\/app\/uploads\/sites\/6\/2025\/06\/reines-seconde-main-evodia.png","datePublished":"2025-06-03T10:35:02+00:00","dateModified":"2025-06-03T10:35:02+00:00","breadcrumb":{"@id":"https:\/\/vosgesinfo.fr\/gerardmerinfo\/2025\/06\/les-reines-de-la-seconde-main-tournent-leur-quatrieme-episode-a-saint-die-des-vosges\/#breadcrumb"},"inLanguage":"fr-FR","potentialAction":[{"@type":"ReadAction","target":["https:\/\/vosgesinfo.fr\/gerardmerinfo\/2025\/06\/les-reines-de-la-seconde-main-tournent-leur-quatrieme-episode-a-saint-die-des-vosges\/"]}]},{"@type":"ImageObject","inLanguage":"fr-FR","@id":"https:\/\/vosgesinfo.fr\/gerardmerinfo\/2025\/06\/les-reines-de-la-seconde-main-tournent-leur-quatrieme-episode-a-saint-die-des-vosges\/#primaryimage","url":"https:\/\/vosgesinfo.fr\/app\/uploads\/sites\/6\/2025\/06\/reines-seconde-main-evodia.png","contentUrl":"https:\/\/vosgesinfo.fr\/app\/uploads\/sites\/6\/2025\/06\/reines-seconde-main-evodia.png","width":1149,"height":862},{"@type":"BreadcrumbList","@id":"https:\/\/vosgesinfo.fr\/gerardmerinfo\/2025\/06\/les-reines-de-la-seconde-main-tournent-leur-quatrieme-episode-a-saint-die-des-vosges\/#breadcrumb","itemListElement":[{"@type":"ListItem","position":1,"name":"Home","item":"https:\/\/vosgesinfo.fr\/gerardmerinfo\/"},{"@type":"ListItem","position":2,"name":"Les Reines de la Seconde Main tournent leur quatri\u00e8me \u00e9pisode \u00e0 Saint-Di\u00e9-des-Vosges"}]},{"@type":"WebSite","@id":"https:\/\/vosgesinfo.fr\/gerardmerinfo\/#website","url":"https:\/\/vosgesinfo.fr\/gerardmerinfo\/","name":"Gerardmer Info","description":"Toute l&#039;actualit\u00e9 de G\u00e9rardmer","publisher":{"@id":"https:\/\/vosgesinfo.fr\/gerardmerinfo\/#organization"},"alternateName":"Toute l'actualit\u00e9 de G\u00e9rardmer","potentialAction":[{"@type":"SearchAction","target":{"@type":"EntryPoint","urlTemplate":"https:\/\/vosgesinfo.fr\/gerardmerinfo\/?s={search_term_string}"},"query-input":"required name=search_term_string"}],"inLanguage":"fr-FR"},{"@type":"Organization","@id":"https:\/\/vosgesinfo.fr\/gerardmerinfo\/#organization","name":"Gerardmer Info","url":"https:\/\/vosgesinfo.fr\/gerardmerinfo\/","logo":{"@type":"ImageObject","inLanguage":"fr-FR","@id":"https:\/\/vosgesinfo.fr\/gerardmerinfo\/#\/schema\/logo\/image\/","url":"https:\/\/vosgesinfo.fr\/app\/uploads\/sites\/6\/2023\/08\/favicon-gerardmerinfo.png","contentUrl":"https:\/\/vosgesinfo.fr\/app\/uploads\/sites\/6\/2023\/08\/favicon-gerardmerinfo.png","width":512,"height":512,"caption":"Gerardmer Info"},"image":{"@id":"https:\/\/vosgesinfo.fr\/gerardmerinfo\/#\/schema\/logo\/image\/"},"sameAs":["https:\/\/www.facebook.com\/profile.php?id=100049475262660","https:\/\/x.com\/VosgesInfo88","https:\/\/www.youtube.com\/@vosgesinfo"]},{"@type":"Person","@id":"https:\/\/vosgesinfo.fr\/gerardmerinfo\/#\/schema\/person\/fa73e9f726d67bb88f46d5b7943cb572","name":"J.J.","image":{"@type":"ImageObject","inLanguage":"fr-FR","@id":"https:\/\/vosgesinfo.fr\/gerardmerinfo\/#\/schema\/person\/image\/","url":"https:\/\/secure.gravatar.com\/avatar\/219e749e47ffbcca018a360ae4add7d4cdf1cdaaf8bc7676b27efade3fe65615?s=96&d=mm&r=g","contentUrl":"https:\/\/secure.gravatar.com\/avatar\/219e749e47ffbcca018a360ae4add7d4cdf1cdaaf8bc7676b27efade3fe65615?s=96&d=mm&r=g","caption":"J.J."},"url":"https:\/\/vosgesinfo.fr\/gerardmerinfo\/author\/j-j\/"}]}},"_links":{"self":[{"href":"https:\/\/vosgesinfo.fr\/gerardmerinfo\/wp-json\/wp\/v2\/posts\/78742","targetHints":{"allow":["GET"]}}],"collection":[{"href":"https:\/\/vosgesinfo.fr\/gerardmerinfo\/wp-json\/wp\/v2\/posts"}],"about":[{"href":"https:\/\/vosgesinfo.fr\/gerardmerinfo\/wp-json\/wp\/v2\/types\/post"}],"author":[{"embeddable":true,"href":"https:\/\/vosgesinfo.fr\/gerardmerinfo\/wp-json\/wp\/v2\/users\/46"}],"replies":[{"embeddable":true,"href":"https:\/\/vosgesinfo.fr\/gerardmerinfo\/wp-json\/wp\/v2\/comments?post=78742"}],"version-history":[{"count":0,"href":"https:\/\/vosgesinfo.fr\/gerardmerinfo\/wp-json\/wp\/v2\/posts\/78742\/revisions"}],"wp:featuredmedia":[{"embeddable":true,"href":"https:\/\/vosgesinfo.fr\/gerardmerinfo\/wp-json\/wp\/v2\/media\/78743"}],"wp:attachment":[{"href":"https:\/\/vosgesinfo.fr\/gerardmerinfo\/wp-json\/wp\/v2\/media?parent=78742"}],"wp:term":[{"taxonomy":"category","embeddable":true,"href":"https:\/\/vosgesinfo.fr\/gerardmerinfo\/wp-json\/wp\/v2\/categories?post=78742"},{"taxonomy":"post_tag","embeddable":true,"href":"https:\/\/vosgesinfo.fr\/gerardmerinfo\/wp-json\/wp\/v2\/tags?post=78742"}],"curies":[{"name":"wp","href":"https:\/\/api.w.org\/{rel}","templated":true}]}}