{"id":78783,"date":"2025-06-04T08:45:51","date_gmt":"2025-06-04T06:45:51","guid":{"rendered":"https:\/\/vosgesinfo.fr\/gerardmerinfo\/?p=78783"},"modified":"2025-06-04T08:45:51","modified_gmt":"2025-06-04T06:45:51","slug":"le-departement-des-vosges-en-vigilance-secheresse","status":"publish","type":"post","link":"https:\/\/vosgesinfo.fr\/gerardmerinfo\/2025\/06\/le-departement-des-vosges-en-vigilance-secheresse\/","title":{"rendered":"Le d\u00e9partement des Vosges en vigilance s\u00e9cheresse"},"content":{"rendered":"<div id=\"attachment_56728\" style=\"width: 1034px\" class=\"wp-caption alignnone\"><a href=\"https:\/\/vosgesinfo.fr\/app\/uploads\/sites\/4\/2024\/08\/202208secheresse-meurthe-5-1.jpg\"><img decoding=\"async\" aria-describedby=\"caption-attachment-56728\" class=\"size-large wp-image-56728\" src=\"https:\/\/vosgesinfo.fr\/app\/uploads\/sites\/4\/2024\/08\/202208secheresse-meurthe-5-1-1024x771.jpg\" alt=\"\" width=\"1024\" height=\"771\" \/><\/a><p id=\"caption-attachment-56728\" class=\"wp-caption-text\">(Archive)<\/p><\/div>\n<h2>Par arr\u00eat\u00e9 pr\u00e9fectoral du <strong>2 juin 2025<\/strong>, la <strong>zone d\u2019alerte \u00ab Moselle amont et Meurthe \u00bb<\/strong> du d\u00e9partement des <strong>Vosges<\/strong> est d\u00e9sormais plac\u00e9e en <strong>situation de vigilance s\u00e9cheresse<\/strong>. Cette mesure, en vigueur <strong>jusqu\u2019au 31 ao\u00fbt<\/strong>, s\u2019applique \u00e0 l\u2019ensemble des communes concern\u00e9es par le p\u00e9rim\u00e8tre d\u00e9fini dans le cadre d\u00e9partemental de gestion de l\u2019eau.<\/h2>\n<p><!--more--><\/p>\n<h3><strong>Pr\u00e9server la ressource en eau<\/strong><\/h3>\n<p>Cette d\u00e9cision fait suite \u00e0 la <strong>d\u00e9gradation des indicateurs hydrologiques<\/strong>, notamment une <strong>baisse des d\u00e9bits des cours d\u2019eau<\/strong> et une <strong>sensibilit\u00e9 persistante des nappes souterraines<\/strong> \u00e0 l\u2019\u00e9tiage. Elle vise \u00e0 <strong>pr\u00e9server la ressource<\/strong> et \u00e0 <strong>\u00e9viter le recours \u00e0 des restrictions plus strictes<\/strong>.<\/p>\n<h3><strong>Des mesures de sensibilisation pour tous les usagers<\/strong><\/h3>\n<p>Le classement en vigilance n\u2019impose pas de contraintes r\u00e9glementaires, mais <strong>invite \u00e0 la sobri\u00e9t\u00e9 dans l\u2019usage de l\u2019eau<\/strong>. Tous les usagers \u2013 particuliers, collectivit\u00e9s, agriculteurs, industriels \u2013 sont appel\u00e9s \u00e0 <strong>limiter leur consommation<\/strong>, notamment pour les usages non essentiels.<\/p>\n<h3><strong>Une possible \u00e9volution selon les conditions m\u00e9t\u00e9orologiques<\/strong><\/h3>\n<p>En cas d\u2019aggravation de la situation, des <strong>mesures de restriction<\/strong> pourront \u00eatre prises par arr\u00eat\u00e9 pr\u00e9fectoral ou municipal. <strong>La pr\u00e9f\u00e8te des Vosges, Val\u00e9rie Michel-Moreaux<\/strong>, appelle \u00e0 la mobilisation de tous pour anticiper d\u2019\u00e9ventuelles restrictions.<\/p>\n","protected":false},"excerpt":{"rendered":"<p>Par arr\u00eat\u00e9 pr\u00e9fectoral du 2 juin 2025, la zone d\u2019alerte \u00ab Moselle amont et Meurthe \u00bb du d\u00e9partement des Vosges [&hellip;]<\/p>\n","protected":false},"author":46,"featured_media":78784,"comment_status":"open","ping_status":"open","sticky":false,"template":"","format":"standard","meta":{"footnotes":""},"categories":[20,7,878,25,328,868,18],"tags":[7409,7410,7411,727,7412],"class_list":["post-78783","post","type-post","status-publish","format-standard","has-post-thumbnail","hentry","category-a-la-une","category-environnement","category-epinal","category-gerardmer","category-la-plaine-des-vosges","category-remiremont","category-vosges","tag-le-departement-des-vosges-en-vigilance-secheresse","tag-prefete-des-vosges","tag-secheresse-dans-les-vosges","tag-valerie-michel-moreaux","tag-zone-dalerte-moselle-amont-et-meurthe"],"acf":[],"yoast_head":"<!-- This site is optimized with the Yoast SEO plugin v22.5 - https:\/\/yoast.com\/wordpress\/plugins\/seo\/ -->\n<title>Le d\u00e9partement des Vosges en vigilance s\u00e9cheresse - Gerardmer Info<\/title>\n<meta name=\"robots\" content=\"index, follow, max-snippet:-1, max-image-preview:large, max-video-preview:-1\" \/>\n<link rel=\"canonical\" href=\"https:\/\/vosgesinfo.fr\/gerardmerinfo\/2025\/06\/le-departement-des-vosges-en-vigilance-secheresse\/\" \/>\n<meta name=\"twitter:card\" content=\"summary_large_image\" \/>\n<meta name=\"twitter:title\" content=\"Le d\u00e9partement des Vosges en vigilance s\u00e9cheresse - Gerardmer Info\" \/>\n<meta name=\"twitter:description\" content=\"Par arr\u00eat\u00e9 pr\u00e9fectoral du 2 juin 2025, la zone d\u2019alerte \u00ab Moselle amont et Meurthe \u00bb du d\u00e9partement des Vosges [&hellip;]\" \/>\n<meta name=\"twitter:image\" content=\"https:\/\/vosgesinfo.fr\/app\/uploads\/sites\/6\/2025\/06\/202208secheresse-meurthe-5-1.jpg\" \/>\n<meta name=\"twitter:creator\" content=\"@VosgesInfo88\" \/>\n<meta name=\"twitter:site\" content=\"@VosgesInfo88\" \/>\n<meta name=\"twitter:label1\" content=\"\u00c9crit par\" \/>\n\t<meta name=\"twitter:data1\" content=\"J.J.\" \/>\n\t<meta name=\"twitter:label2\" content=\"Dur\u00e9e de lecture estim\u00e9e\" \/>\n\t<meta name=\"twitter:data2\" content=\"1 minute\" \/>\n<script type=\"application\/ld+json\" class=\"yoast-schema-graph\">{\"@context\":\"https:\/\/schema.org\",\"@graph\":[{\"@type\":\"Article\",\"@id\":\"https:\/\/vosgesinfo.fr\/gerardmerinfo\/2025\/06\/le-departement-des-vosges-en-vigilance-secheresse\/#article\",\"isPartOf\":{\"@id\":\"https:\/\/vosgesinfo.fr\/gerardmerinfo\/2025\/06\/le-departement-des-vosges-en-vigilance-secheresse\/\"},\"author\":{\"name\":\"J.J.\",\"@id\":\"https:\/\/vosgesinfo.fr\/gerardmerinfo\/#\/schema\/person\/fa73e9f726d67bb88f46d5b7943cb572\"},\"headline\":\"Le d\u00e9partement des Vosges en vigilance s\u00e9cheresse\",\"datePublished\":\"2025-06-04T06:45:51+00:00\",\"dateModified\":\"2025-06-04T06:45:51+00:00\",\"mainEntityOfPage\":{\"@id\":\"https:\/\/vosgesinfo.fr\/gerardmerinfo\/2025\/06\/le-departement-des-vosges-en-vigilance-secheresse\/\"},\"wordCount\":230,\"commentCount\":2,\"publisher\":{\"@id\":\"https:\/\/vosgesinfo.fr\/gerardmerinfo\/#organization\"},\"image\":{\"@id\":\"https:\/\/vosgesinfo.fr\/gerardmerinfo\/2025\/06\/le-departement-des-vosges-en-vigilance-secheresse\/#primaryimage\"},\"thumbnailUrl\":\"https:\/\/vosgesinfo.fr\/app\/uploads\/sites\/6\/2025\/06\/202208secheresse-meurthe-5-1.jpg\",\"keywords\":[\"Le d\u00e9partement des Vosges en vigilance s\u00e9cheresse\",\"Pr\u00e9f\u00e8te des Vosges\",\"S\u00e9cheresse dans les Vosges\",\"Val\u00e9rie Michel-moreaux\",\"Zone d'alerte Moselle amont et Meurthe\"],\"articleSection\":[\"A la une\",\"Environnement\",\"Epinal\",\"G\u00e9rardmer\",\"La plaine des vosges\",\"Remiremont\",\"Vosges\"],\"inLanguage\":\"fr-FR\",\"potentialAction\":[{\"@type\":\"CommentAction\",\"name\":\"Comment\",\"target\":[\"https:\/\/vosgesinfo.fr\/gerardmerinfo\/2025\/06\/le-departement-des-vosges-en-vigilance-secheresse\/#respond\"]}]},{\"@type\":\"WebPage\",\"@id\":\"https:\/\/vosgesinfo.fr\/gerardmerinfo\/2025\/06\/le-departement-des-vosges-en-vigilance-secheresse\/\",\"url\":\"https:\/\/vosgesinfo.fr\/gerardmerinfo\/2025\/06\/le-departement-des-vosges-en-vigilance-secheresse\/\",\"name\":\"Le d\u00e9partement des Vosges en vigilance s\u00e9cheresse - Gerardmer Info\",\"isPartOf\":{\"@id\":\"https:\/\/vosgesinfo.fr\/gerardmerinfo\/#website\"},\"primaryImageOfPage\":{\"@id\":\"https:\/\/vosgesinfo.fr\/gerardmerinfo\/2025\/06\/le-departement-des-vosges-en-vigilance-secheresse\/#primaryimage\"},\"image\":{\"@id\":\"https:\/\/vosgesinfo.fr\/gerardmerinfo\/2025\/06\/le-departement-des-vosges-en-vigilance-secheresse\/#primaryimage\"},\"thumbnailUrl\":\"https:\/\/vosgesinfo.fr\/app\/uploads\/sites\/6\/2025\/06\/202208secheresse-meurthe-5-1.jpg\",\"datePublished\":\"2025-06-04T06:45:51+00:00\",\"dateModified\":\"2025-06-04T06:45:51+00:00\",\"breadcrumb\":{\"@id\":\"https:\/\/vosgesinfo.fr\/gerardmerinfo\/2025\/06\/le-departement-des-vosges-en-vigilance-secheresse\/#breadcrumb\"},\"inLanguage\":\"fr-FR\",\"potentialAction\":[{\"@type\":\"ReadAction\",\"target\":[\"https:\/\/vosgesinfo.fr\/gerardmerinfo\/2025\/06\/le-departement-des-vosges-en-vigilance-secheresse\/\"]}]},{\"@type\":\"ImageObject\",\"inLanguage\":\"fr-FR\",\"@id\":\"https:\/\/vosgesinfo.fr\/gerardmerinfo\/2025\/06\/le-departement-des-vosges-en-vigilance-secheresse\/#primaryimage\",\"url\":\"https:\/\/vosgesinfo.fr\/app\/uploads\/sites\/6\/2025\/06\/202208secheresse-meurthe-5-1.jpg\",\"contentUrl\":\"https:\/\/vosgesinfo.fr\/app\/uploads\/sites\/6\/2025\/06\/202208secheresse-meurthe-5-1.jpg\",\"width\":1600,\"height\":1205},{\"@type\":\"BreadcrumbList\",\"@id\":\"https:\/\/vosgesinfo.fr\/gerardmerinfo\/2025\/06\/le-departement-des-vosges-en-vigilance-secheresse\/#breadcrumb\",\"itemListElement\":[{\"@type\":\"ListItem\",\"position\":1,\"name\":\"Home\",\"item\":\"https:\/\/vosgesinfo.fr\/gerardmerinfo\/\"},{\"@type\":\"ListItem\",\"position\":2,\"name\":\"Le d\u00e9partement des Vosges en vigilance s\u00e9cheresse\"}]},{\"@type\":\"WebSite\",\"@id\":\"https:\/\/vosgesinfo.fr\/gerardmerinfo\/#website\",\"url\":\"https:\/\/vosgesinfo.fr\/gerardmerinfo\/\",\"name\":\"Gerardmer Info\",\"description\":\"Toute l&#039;actualit\u00e9 de G\u00e9rardmer\",\"publisher\":{\"@id\":\"https:\/\/vosgesinfo.fr\/gerardmerinfo\/#organization\"},\"alternateName\":\"Toute l'actualit\u00e9 de G\u00e9rardmer\",\"potentialAction\":[{\"@type\":\"SearchAction\",\"target\":{\"@type\":\"EntryPoint\",\"urlTemplate\":\"https:\/\/vosgesinfo.fr\/gerardmerinfo\/?s={search_term_string}\"},\"query-input\":\"required name=search_term_string\"}],\"inLanguage\":\"fr-FR\"},{\"@type\":\"Organization\",\"@id\":\"https:\/\/vosgesinfo.fr\/gerardmerinfo\/#organization\",\"name\":\"Gerardmer Info\",\"url\":\"https:\/\/vosgesinfo.fr\/gerardmerinfo\/\",\"logo\":{\"@type\":\"ImageObject\",\"inLanguage\":\"fr-FR\",\"@id\":\"https:\/\/vosgesinfo.fr\/gerardmerinfo\/#\/schema\/logo\/image\/\",\"url\":\"https:\/\/vosgesinfo.fr\/app\/uploads\/sites\/6\/2023\/08\/favicon-gerardmerinfo.png\",\"contentUrl\":\"https:\/\/vosgesinfo.fr\/app\/uploads\/sites\/6\/2023\/08\/favicon-gerardmerinfo.png\",\"width\":512,\"height\":512,\"caption\":\"Gerardmer Info\"},\"image\":{\"@id\":\"https:\/\/vosgesinfo.fr\/gerardmerinfo\/#\/schema\/logo\/image\/\"},\"sameAs\":[\"https:\/\/www.facebook.com\/profile.php?id=100049475262660\",\"https:\/\/x.com\/VosgesInfo88\",\"https:\/\/www.youtube.com\/@vosgesinfo\"]},{\"@type\":\"Person\",\"@id\":\"https:\/\/vosgesinfo.fr\/gerardmerinfo\/#\/schema\/person\/fa73e9f726d67bb88f46d5b7943cb572\",\"name\":\"J.J.\",\"image\":{\"@type\":\"ImageObject\",\"inLanguage\":\"fr-FR\",\"@id\":\"https:\/\/vosgesinfo.fr\/gerardmerinfo\/#\/schema\/person\/image\/\",\"url\":\"https:\/\/secure.gravatar.com\/avatar\/219e749e47ffbcca018a360ae4add7d4cdf1cdaaf8bc7676b27efade3fe65615?s=96&d=mm&r=g\",\"contentUrl\":\"https:\/\/secure.gravatar.com\/avatar\/219e749e47ffbcca018a360ae4add7d4cdf1cdaaf8bc7676b27efade3fe65615?s=96&d=mm&r=g\",\"caption\":\"J.J.\"},\"url\":\"https:\/\/vosgesinfo.fr\/gerardmerinfo\/author\/j-j\/\"}]}<\/script>\n<!-- \/ Yoast SEO plugin. -->","yoast_head_json":{"title":"Le d\u00e9partement des Vosges en vigilance s\u00e9cheresse - Gerardmer Info","robots":{"index":"index","follow":"follow","max-snippet":"max-snippet:-1","max-image-preview":"max-image-preview:large","max-video-preview":"max-video-preview:-1"},"canonical":"https:\/\/vosgesinfo.fr\/gerardmerinfo\/2025\/06\/le-departement-des-vosges-en-vigilance-secheresse\/","twitter_card":"summary_large_image","twitter_title":"Le d\u00e9partement des Vosges en vigilance s\u00e9cheresse - Gerardmer Info","twitter_description":"Par arr\u00eat\u00e9 pr\u00e9fectoral du 2 juin 2025, la zone d\u2019alerte \u00ab Moselle amont et Meurthe \u00bb du d\u00e9partement des Vosges [&hellip;]","twitter_image":"https:\/\/vosgesinfo.fr\/app\/uploads\/sites\/6\/2025\/06\/202208secheresse-meurthe-5-1.jpg","twitter_creator":"@VosgesInfo88","twitter_site":"@VosgesInfo88","twitter_misc":{"\u00c9crit par":"J.J.","Dur\u00e9e de lecture estim\u00e9e":"1 minute"},"schema":{"@context":"https:\/\/schema.org","@graph":[{"@type":"Article","@id":"https:\/\/vosgesinfo.fr\/gerardmerinfo\/2025\/06\/le-departement-des-vosges-en-vigilance-secheresse\/#article","isPartOf":{"@id":"https:\/\/vosgesinfo.fr\/gerardmerinfo\/2025\/06\/le-departement-des-vosges-en-vigilance-secheresse\/"},"author":{"name":"J.J.","@id":"https:\/\/vosgesinfo.fr\/gerardmerinfo\/#\/schema\/person\/fa73e9f726d67bb88f46d5b7943cb572"},"headline":"Le d\u00e9partement des Vosges en vigilance s\u00e9cheresse","datePublished":"2025-06-04T06:45:51+00:00","dateModified":"2025-06-04T06:45:51+00:00","mainEntityOfPage":{"@id":"https:\/\/vosgesinfo.fr\/gerardmerinfo\/2025\/06\/le-departement-des-vosges-en-vigilance-secheresse\/"},"wordCount":230,"commentCount":2,"publisher":{"@id":"https:\/\/vosgesinfo.fr\/gerardmerinfo\/#organization"},"image":{"@id":"https:\/\/vosgesinfo.fr\/gerardmerinfo\/2025\/06\/le-departement-des-vosges-en-vigilance-secheresse\/#primaryimage"},"thumbnailUrl":"https:\/\/vosgesinfo.fr\/app\/uploads\/sites\/6\/2025\/06\/202208secheresse-meurthe-5-1.jpg","keywords":["Le d\u00e9partement des Vosges en vigilance s\u00e9cheresse","Pr\u00e9f\u00e8te des Vosges","S\u00e9cheresse dans les Vosges","Val\u00e9rie Michel-moreaux","Zone d'alerte Moselle amont et Meurthe"],"articleSection":["A la une","Environnement","Epinal","G\u00e9rardmer","La plaine des vosges","Remiremont","Vosges"],"inLanguage":"fr-FR","potentialAction":[{"@type":"CommentAction","name":"Comment","target":["https:\/\/vosgesinfo.fr\/gerardmerinfo\/2025\/06\/le-departement-des-vosges-en-vigilance-secheresse\/#respond"]}]},{"@type":"WebPage","@id":"https:\/\/vosgesinfo.fr\/gerardmerinfo\/2025\/06\/le-departement-des-vosges-en-vigilance-secheresse\/","url":"https:\/\/vosgesinfo.fr\/gerardmerinfo\/2025\/06\/le-departement-des-vosges-en-vigilance-secheresse\/","name":"Le d\u00e9partement des Vosges en vigilance s\u00e9cheresse - Gerardmer Info","isPartOf":{"@id":"https:\/\/vosgesinfo.fr\/gerardmerinfo\/#website"},"primaryImageOfPage":{"@id":"https:\/\/vosgesinfo.fr\/gerardmerinfo\/2025\/06\/le-departement-des-vosges-en-vigilance-secheresse\/#primaryimage"},"image":{"@id":"https:\/\/vosgesinfo.fr\/gerardmerinfo\/2025\/06\/le-departement-des-vosges-en-vigilance-secheresse\/#primaryimage"},"thumbnailUrl":"https:\/\/vosgesinfo.fr\/app\/uploads\/sites\/6\/2025\/06\/202208secheresse-meurthe-5-1.jpg","datePublished":"2025-06-04T06:45:51+00:00","dateModified":"2025-06-04T06:45:51+00:00","breadcrumb":{"@id":"https:\/\/vosgesinfo.fr\/gerardmerinfo\/2025\/06\/le-departement-des-vosges-en-vigilance-secheresse\/#breadcrumb"},"inLanguage":"fr-FR","potentialAction":[{"@type":"ReadAction","target":["https:\/\/vosgesinfo.fr\/gerardmerinfo\/2025\/06\/le-departement-des-vosges-en-vigilance-secheresse\/"]}]},{"@type":"ImageObject","inLanguage":"fr-FR","@id":"https:\/\/vosgesinfo.fr\/gerardmerinfo\/2025\/06\/le-departement-des-vosges-en-vigilance-secheresse\/#primaryimage","url":"https:\/\/vosgesinfo.fr\/app\/uploads\/sites\/6\/2025\/06\/202208secheresse-meurthe-5-1.jpg","contentUrl":"https:\/\/vosgesinfo.fr\/app\/uploads\/sites\/6\/2025\/06\/202208secheresse-meurthe-5-1.jpg","width":1600,"height":1205},{"@type":"BreadcrumbList","@id":"https:\/\/vosgesinfo.fr\/gerardmerinfo\/2025\/06\/le-departement-des-vosges-en-vigilance-secheresse\/#breadcrumb","itemListElement":[{"@type":"ListItem","position":1,"name":"Home","item":"https:\/\/vosgesinfo.fr\/gerardmerinfo\/"},{"@type":"ListItem","position":2,"name":"Le d\u00e9partement des Vosges en vigilance s\u00e9cheresse"}]},{"@type":"WebSite","@id":"https:\/\/vosgesinfo.fr\/gerardmerinfo\/#website","url":"https:\/\/vosgesinfo.fr\/gerardmerinfo\/","name":"Gerardmer Info","description":"Toute l&#039;actualit\u00e9 de G\u00e9rardmer","publisher":{"@id":"https:\/\/vosgesinfo.fr\/gerardmerinfo\/#organization"},"alternateName":"Toute l'actualit\u00e9 de G\u00e9rardmer","potentialAction":[{"@type":"SearchAction","target":{"@type":"EntryPoint","urlTemplate":"https:\/\/vosgesinfo.fr\/gerardmerinfo\/?s={search_term_string}"},"query-input":"required name=search_term_string"}],"inLanguage":"fr-FR"},{"@type":"Organization","@id":"https:\/\/vosgesinfo.fr\/gerardmerinfo\/#organization","name":"Gerardmer Info","url":"https:\/\/vosgesinfo.fr\/gerardmerinfo\/","logo":{"@type":"ImageObject","inLanguage":"fr-FR","@id":"https:\/\/vosgesinfo.fr\/gerardmerinfo\/#\/schema\/logo\/image\/","url":"https:\/\/vosgesinfo.fr\/app\/uploads\/sites\/6\/2023\/08\/favicon-gerardmerinfo.png","contentUrl":"https:\/\/vosgesinfo.fr\/app\/uploads\/sites\/6\/2023\/08\/favicon-gerardmerinfo.png","width":512,"height":512,"caption":"Gerardmer Info"},"image":{"@id":"https:\/\/vosgesinfo.fr\/gerardmerinfo\/#\/schema\/logo\/image\/"},"sameAs":["https:\/\/www.facebook.com\/profile.php?id=100049475262660","https:\/\/x.com\/VosgesInfo88","https:\/\/www.youtube.com\/@vosgesinfo"]},{"@type":"Person","@id":"https:\/\/vosgesinfo.fr\/gerardmerinfo\/#\/schema\/person\/fa73e9f726d67bb88f46d5b7943cb572","name":"J.J.","image":{"@type":"ImageObject","inLanguage":"fr-FR","@id":"https:\/\/vosgesinfo.fr\/gerardmerinfo\/#\/schema\/person\/image\/","url":"https:\/\/secure.gravatar.com\/avatar\/219e749e47ffbcca018a360ae4add7d4cdf1cdaaf8bc7676b27efade3fe65615?s=96&d=mm&r=g","contentUrl":"https:\/\/secure.gravatar.com\/avatar\/219e749e47ffbcca018a360ae4add7d4cdf1cdaaf8bc7676b27efade3fe65615?s=96&d=mm&r=g","caption":"J.J."},"url":"https:\/\/vosgesinfo.fr\/gerardmerinfo\/author\/j-j\/"}]}},"_links":{"self":[{"href":"https:\/\/vosgesinfo.fr\/gerardmerinfo\/wp-json\/wp\/v2\/posts\/78783","targetHints":{"allow":["GET"]}}],"collection":[{"href":"https:\/\/vosgesinfo.fr\/gerardmerinfo\/wp-json\/wp\/v2\/posts"}],"about":[{"href":"https:\/\/vosgesinfo.fr\/gerardmerinfo\/wp-json\/wp\/v2\/types\/post"}],"author":[{"embeddable":true,"href":"https:\/\/vosgesinfo.fr\/gerardmerinfo\/wp-json\/wp\/v2\/users\/46"}],"replies":[{"embeddable":true,"href":"https:\/\/vosgesinfo.fr\/gerardmerinfo\/wp-json\/wp\/v2\/comments?post=78783"}],"version-history":[{"count":0,"href":"https:\/\/vosgesinfo.fr\/gerardmerinfo\/wp-json\/wp\/v2\/posts\/78783\/revisions"}],"wp:featuredmedia":[{"embeddable":true,"href":"https:\/\/vosgesinfo.fr\/gerardmerinfo\/wp-json\/wp\/v2\/media\/78784"}],"wp:attachment":[{"href":"https:\/\/vosgesinfo.fr\/gerardmerinfo\/wp-json\/wp\/v2\/media?parent=78783"}],"wp:term":[{"taxonomy":"category","embeddable":true,"href":"https:\/\/vosgesinfo.fr\/gerardmerinfo\/wp-json\/wp\/v2\/categories?post=78783"},{"taxonomy":"post_tag","embeddable":true,"href":"https:\/\/vosgesinfo.fr\/gerardmerinfo\/wp-json\/wp\/v2\/tags?post=78783"}],"curies":[{"name":"wp","href":"https:\/\/api.w.org\/{rel}","templated":true}]}}