{"id":78785,"date":"2025-06-04T09:46:56","date_gmt":"2025-06-04T07:46:56","guid":{"rendered":"https:\/\/vosgesinfo.fr\/gerardmerinfo\/?p=78785"},"modified":"2025-06-04T09:42:03","modified_gmt":"2025-06-04T07:42:03","slug":"les-potaches-de-la-haie-griselle-au-championnat-de-france-de-raid","status":"publish","type":"post","link":"https:\/\/vosgesinfo.fr\/gerardmerinfo\/2025\/06\/les-potaches-de-la-haie-griselle-au-championnat-de-france-de-raid\/","title":{"rendered":"Les potaches de la Haie Griselle au Championnat de France de raid"},"content":{"rendered":"\n\t\t<style type=\"text\/css\">\n\t\t\t#gallery-1 {\n\t\t\t\tmargin: auto;\n\t\t\t}\n\t\t\t#gallery-1 .gallery-item {\n\t\t\t\tfloat: left;\n\t\t\t\tmargin-top: 10px;\n\t\t\t\ttext-align: center;\n\t\t\t\twidth: 33%;\n\t\t\t}\n\t\t\t#gallery-1 img {\n\t\t\t\tborder: 2px solid #cfcfcf;\n\t\t\t}\n\t\t\t#gallery-1 .gallery-caption {\n\t\t\t\tmargin-left: 0;\n\t\t\t}\n\t\t\t\/* see gallery_shortcode() in wp-includes\/media.php *\/\n\t\t<\/style>\n\t\t<div id='gallery-1' class='gallery galleryid-78785 gallery-columns-3 gallery-size-medium'><dl class='gallery-item'>\n\t\t\t<dt class='gallery-icon portrait'>\n\t\t\t\t<a href='https:\/\/vosgesinfo.fr\/app\/uploads\/sites\/6\/2025\/06\/ff3.jpg'><img decoding=\"async\" width=\"225\" height=\"300\" src=\"https:\/\/vosgesinfo.fr\/app\/uploads\/sites\/6\/2025\/06\/ff3-225x300.jpg\" class=\"attachment-medium size-medium\" alt=\"\" srcset=\"https:\/\/vosgesinfo.fr\/app\/uploads\/sites\/6\/2025\/06\/ff3-225x300.jpg 225w, https:\/\/vosgesinfo.fr\/app\/uploads\/sites\/6\/2025\/06\/ff3-768x1024.jpg 768w, https:\/\/vosgesinfo.fr\/app\/uploads\/sites\/6\/2025\/06\/ff3-1152x1536.jpg 1152w, https:\/\/vosgesinfo.fr\/app\/uploads\/sites\/6\/2025\/06\/ff3.jpg 1200w\" sizes=\"(max-width: 225px) 100vw, 225px\" \/><\/a>\n\t\t\t<\/dt><\/dl><dl class='gallery-item'>\n\t\t\t<dt class='gallery-icon portrait'>\n\t\t\t\t<a href='https:\/\/vosgesinfo.fr\/app\/uploads\/sites\/6\/2025\/06\/ff1.jpg'><img decoding=\"async\" width=\"225\" height=\"300\" src=\"https:\/\/vosgesinfo.fr\/app\/uploads\/sites\/6\/2025\/06\/ff1-225x300.jpg\" class=\"attachment-medium size-medium\" alt=\"\" srcset=\"https:\/\/vosgesinfo.fr\/app\/uploads\/sites\/6\/2025\/06\/ff1-225x300.jpg 225w, https:\/\/vosgesinfo.fr\/app\/uploads\/sites\/6\/2025\/06\/ff1-768x1024.jpg 768w, https:\/\/vosgesinfo.fr\/app\/uploads\/sites\/6\/2025\/06\/ff1-1152x1536.jpg 1152w, https:\/\/vosgesinfo.fr\/app\/uploads\/sites\/6\/2025\/06\/ff1.jpg 1200w\" sizes=\"(max-width: 225px) 100vw, 225px\" \/><\/a>\n\t\t\t<\/dt><\/dl><dl class='gallery-item'>\n\t\t\t<dt class='gallery-icon portrait'>\n\t\t\t\t<a href='https:\/\/vosgesinfo.fr\/app\/uploads\/sites\/6\/2025\/06\/ff2jpg.jpg'><img decoding=\"async\" width=\"225\" height=\"300\" src=\"https:\/\/vosgesinfo.fr\/app\/uploads\/sites\/6\/2025\/06\/ff2jpg-225x300.jpg\" class=\"attachment-medium size-medium\" alt=\"\" srcset=\"https:\/\/vosgesinfo.fr\/app\/uploads\/sites\/6\/2025\/06\/ff2jpg-225x300.jpg 225w, https:\/\/vosgesinfo.fr\/app\/uploads\/sites\/6\/2025\/06\/ff2jpg-768x1024.jpg 768w, https:\/\/vosgesinfo.fr\/app\/uploads\/sites\/6\/2025\/06\/ff2jpg-1152x1536.jpg 1152w, https:\/\/vosgesinfo.fr\/app\/uploads\/sites\/6\/2025\/06\/ff2jpg.jpg 1200w\" sizes=\"(max-width: 225px) 100vw, 225px\" \/><\/a>\n\t\t\t<\/dt><\/dl><br style=\"clear: both\" \/>\n\t\t<\/div>\n\n<p>Du 19 au 21 mai, l\u2019\u00e9quipe de raid du lyc\u00e9e La Haie Griselle a fi\u00e8rement repr\u00e9sent\u00e9 son \u00e9tablissement lors du championnat national UNSS \u00e0 Saint-Amans-des-Cots (Aveyron). Compos\u00e9e de Jade Charnotet, Lucas Chevrier, Zara Rusconi et Romain Lecompte, l\u2019\u00e9quipe s\u2019est illustr\u00e9e au fil des \u00e9preuves exigeantes m\u00ealant course d\u2019orientation, VTT, trail, et diverses \u00e9preuves d\u2019endurance.<\/p>\n<p>Au classement g\u00e9n\u00e9ral (scratch), nos jeunes sportifs ont termin\u00e9 16\u00e8mes parmi les meilleures \u00e9quipes de France, un r\u00e9sultat tr\u00e8s honorable compte tenu du niveau relev\u00e9 de la comp\u00e9tition. Encore plus impressionnant : ils d\u00e9crochent une 9\u00e8me place dans la cat\u00e9gorie Excellence, qui regroupe les \u00e9quipes les plus exp\u00e9riment\u00e9es et performantes.<\/p>\n<p>Le lyc\u00e9e peut \u00e9galement se f\u00e9liciter de la r\u00e9ussite de Lorrain EVE, jeune officiel engag\u00e9 tout au long de la comp\u00e9tition. Gr\u00e2ce \u00e0 son s\u00e9rieux, son implication et sa connaissance des r\u00e8gles, il a obtenu son dipl\u00f4me national de jeune officiel, une reconnaissance importante au sein du sport scolaire.<\/p>\n<p>Un grand bravo \u00e0 tous pour cet esprit d\u2019\u00e9quipe, cette t\u00e9nacit\u00e9 et cette belle repr\u00e9sentation des valeurs sportives du lyc\u00e9e La Haie Griselle !<\/p>\n<p><strong>VF<\/strong><\/p>\n","protected":false},"excerpt":{"rendered":"<p>Du 19 au 21 mai, l\u2019\u00e9quipe de raid du lyc\u00e9e La Haie Griselle a fi\u00e8rement repr\u00e9sent\u00e9 son \u00e9tablissement lors du [&hellip;]<\/p>\n","protected":false},"author":391,"featured_media":78787,"comment_status":"open","ping_status":"open","sticky":false,"template":"","format":"standard","meta":{"footnotes":""},"categories":[20,14],"tags":[],"class_list":["post-78785","post","type-post","status-publish","format-standard","has-post-thumbnail","hentry","category-a-la-une","category-sport"],"acf":[],"yoast_head":"<!-- This site is optimized with the Yoast SEO plugin v22.5 - https:\/\/yoast.com\/wordpress\/plugins\/seo\/ -->\n<title>Les potaches de la Haie Griselle au Championnat de France de raid - Gerardmer Info<\/title>\n<meta name=\"robots\" content=\"index, follow, max-snippet:-1, max-image-preview:large, max-video-preview:-1\" \/>\n<link rel=\"canonical\" href=\"https:\/\/vosgesinfo.fr\/gerardmerinfo\/2025\/06\/les-potaches-de-la-haie-griselle-au-championnat-de-france-de-raid\/\" \/>\n<meta name=\"twitter:card\" content=\"summary_large_image\" \/>\n<meta name=\"twitter:title\" content=\"Les potaches de la Haie Griselle au Championnat de France de raid - Gerardmer Info\" \/>\n<meta name=\"twitter:description\" content=\"Du 19 au 21 mai, l\u2019\u00e9quipe de raid du lyc\u00e9e La Haie Griselle a fi\u00e8rement repr\u00e9sent\u00e9 son \u00e9tablissement lors du [&hellip;]\" \/>\n<meta name=\"twitter:image\" content=\"https:\/\/vosgesinfo.fr\/app\/uploads\/sites\/6\/2025\/06\/ff2jpg.jpg\" \/>\n<meta name=\"twitter:creator\" content=\"@VosgesInfo88\" \/>\n<meta name=\"twitter:site\" content=\"@VosgesInfo88\" \/>\n<meta name=\"twitter:label1\" content=\"\u00c9crit par\" \/>\n\t<meta name=\"twitter:data1\" content=\"La redaction\" \/>\n\t<meta name=\"twitter:label2\" content=\"Dur\u00e9e de lecture estim\u00e9e\" \/>\n\t<meta name=\"twitter:data2\" content=\"1 minute\" \/>\n<script type=\"application\/ld+json\" class=\"yoast-schema-graph\">{\"@context\":\"https:\/\/schema.org\",\"@graph\":[{\"@type\":\"Article\",\"@id\":\"https:\/\/vosgesinfo.fr\/gerardmerinfo\/2025\/06\/les-potaches-de-la-haie-griselle-au-championnat-de-france-de-raid\/#article\",\"isPartOf\":{\"@id\":\"https:\/\/vosgesinfo.fr\/gerardmerinfo\/2025\/06\/les-potaches-de-la-haie-griselle-au-championnat-de-france-de-raid\/\"},\"author\":{\"name\":\"La redaction\",\"@id\":\"https:\/\/vosgesinfo.fr\/gerardmerinfo\/#\/schema\/person\/27a3695b06db98895b354c0765cdfc31\"},\"headline\":\"Les potaches de la Haie Griselle au Championnat de France de raid\",\"datePublished\":\"2025-06-04T07:46:56+00:00\",\"dateModified\":\"2025-06-04T07:42:03+00:00\",\"mainEntityOfPage\":{\"@id\":\"https:\/\/vosgesinfo.fr\/gerardmerinfo\/2025\/06\/les-potaches-de-la-haie-griselle-au-championnat-de-france-de-raid\/\"},\"wordCount\":223,\"commentCount\":0,\"publisher\":{\"@id\":\"https:\/\/vosgesinfo.fr\/gerardmerinfo\/#organization\"},\"image\":{\"@id\":\"https:\/\/vosgesinfo.fr\/gerardmerinfo\/2025\/06\/les-potaches-de-la-haie-griselle-au-championnat-de-france-de-raid\/#primaryimage\"},\"thumbnailUrl\":\"https:\/\/vosgesinfo.fr\/app\/uploads\/sites\/6\/2025\/06\/ff2jpg.jpg\",\"articleSection\":[\"A la une\",\"Sport\"],\"inLanguage\":\"fr-FR\",\"potentialAction\":[{\"@type\":\"CommentAction\",\"name\":\"Comment\",\"target\":[\"https:\/\/vosgesinfo.fr\/gerardmerinfo\/2025\/06\/les-potaches-de-la-haie-griselle-au-championnat-de-france-de-raid\/#respond\"]}]},{\"@type\":\"WebPage\",\"@id\":\"https:\/\/vosgesinfo.fr\/gerardmerinfo\/2025\/06\/les-potaches-de-la-haie-griselle-au-championnat-de-france-de-raid\/\",\"url\":\"https:\/\/vosgesinfo.fr\/gerardmerinfo\/2025\/06\/les-potaches-de-la-haie-griselle-au-championnat-de-france-de-raid\/\",\"name\":\"Les potaches de la Haie Griselle au Championnat de France de raid - Gerardmer Info\",\"isPartOf\":{\"@id\":\"https:\/\/vosgesinfo.fr\/gerardmerinfo\/#website\"},\"primaryImageOfPage\":{\"@id\":\"https:\/\/vosgesinfo.fr\/gerardmerinfo\/2025\/06\/les-potaches-de-la-haie-griselle-au-championnat-de-france-de-raid\/#primaryimage\"},\"image\":{\"@id\":\"https:\/\/vosgesinfo.fr\/gerardmerinfo\/2025\/06\/les-potaches-de-la-haie-griselle-au-championnat-de-france-de-raid\/#primaryimage\"},\"thumbnailUrl\":\"https:\/\/vosgesinfo.fr\/app\/uploads\/sites\/6\/2025\/06\/ff2jpg.jpg\",\"datePublished\":\"2025-06-04T07:46:56+00:00\",\"dateModified\":\"2025-06-04T07:42:03+00:00\",\"breadcrumb\":{\"@id\":\"https:\/\/vosgesinfo.fr\/gerardmerinfo\/2025\/06\/les-potaches-de-la-haie-griselle-au-championnat-de-france-de-raid\/#breadcrumb\"},\"inLanguage\":\"fr-FR\",\"potentialAction\":[{\"@type\":\"ReadAction\",\"target\":[\"https:\/\/vosgesinfo.fr\/gerardmerinfo\/2025\/06\/les-potaches-de-la-haie-griselle-au-championnat-de-france-de-raid\/\"]}]},{\"@type\":\"ImageObject\",\"inLanguage\":\"fr-FR\",\"@id\":\"https:\/\/vosgesinfo.fr\/gerardmerinfo\/2025\/06\/les-potaches-de-la-haie-griselle-au-championnat-de-france-de-raid\/#primaryimage\",\"url\":\"https:\/\/vosgesinfo.fr\/app\/uploads\/sites\/6\/2025\/06\/ff2jpg.jpg\",\"contentUrl\":\"https:\/\/vosgesinfo.fr\/app\/uploads\/sites\/6\/2025\/06\/ff2jpg.jpg\",\"width\":1200,\"height\":1600},{\"@type\":\"BreadcrumbList\",\"@id\":\"https:\/\/vosgesinfo.fr\/gerardmerinfo\/2025\/06\/les-potaches-de-la-haie-griselle-au-championnat-de-france-de-raid\/#breadcrumb\",\"itemListElement\":[{\"@type\":\"ListItem\",\"position\":1,\"name\":\"Home\",\"item\":\"https:\/\/vosgesinfo.fr\/gerardmerinfo\/\"},{\"@type\":\"ListItem\",\"position\":2,\"name\":\"Les potaches de la Haie Griselle au Championnat de France de raid\"}]},{\"@type\":\"WebSite\",\"@id\":\"https:\/\/vosgesinfo.fr\/gerardmerinfo\/#website\",\"url\":\"https:\/\/vosgesinfo.fr\/gerardmerinfo\/\",\"name\":\"Gerardmer Info\",\"description\":\"Toute l&#039;actualit\u00e9 de G\u00e9rardmer\",\"publisher\":{\"@id\":\"https:\/\/vosgesinfo.fr\/gerardmerinfo\/#organization\"},\"alternateName\":\"Toute l'actualit\u00e9 de G\u00e9rardmer\",\"potentialAction\":[{\"@type\":\"SearchAction\",\"target\":{\"@type\":\"EntryPoint\",\"urlTemplate\":\"https:\/\/vosgesinfo.fr\/gerardmerinfo\/?s={search_term_string}\"},\"query-input\":\"required name=search_term_string\"}],\"inLanguage\":\"fr-FR\"},{\"@type\":\"Organization\",\"@id\":\"https:\/\/vosgesinfo.fr\/gerardmerinfo\/#organization\",\"name\":\"Gerardmer Info\",\"url\":\"https:\/\/vosgesinfo.fr\/gerardmerinfo\/\",\"logo\":{\"@type\":\"ImageObject\",\"inLanguage\":\"fr-FR\",\"@id\":\"https:\/\/vosgesinfo.fr\/gerardmerinfo\/#\/schema\/logo\/image\/\",\"url\":\"https:\/\/vosgesinfo.fr\/app\/uploads\/sites\/6\/2023\/08\/favicon-gerardmerinfo.png\",\"contentUrl\":\"https:\/\/vosgesinfo.fr\/app\/uploads\/sites\/6\/2023\/08\/favicon-gerardmerinfo.png\",\"width\":512,\"height\":512,\"caption\":\"Gerardmer Info\"},\"image\":{\"@id\":\"https:\/\/vosgesinfo.fr\/gerardmerinfo\/#\/schema\/logo\/image\/\"},\"sameAs\":[\"https:\/\/www.facebook.com\/profile.php?id=100049475262660\",\"https:\/\/x.com\/VosgesInfo88\",\"https:\/\/www.youtube.com\/@vosgesinfo\"]},{\"@type\":\"Person\",\"@id\":\"https:\/\/vosgesinfo.fr\/gerardmerinfo\/#\/schema\/person\/27a3695b06db98895b354c0765cdfc31\",\"name\":\"La redaction\",\"image\":{\"@type\":\"ImageObject\",\"inLanguage\":\"fr-FR\",\"@id\":\"https:\/\/vosgesinfo.fr\/gerardmerinfo\/#\/schema\/person\/image\/\",\"url\":\"https:\/\/secure.gravatar.com\/avatar\/64c76a78e501cedee55736f43f332df901e1896ae9cd8fad269ae2236dd0e8b6?s=96&d=mm&r=g\",\"contentUrl\":\"https:\/\/secure.gravatar.com\/avatar\/64c76a78e501cedee55736f43f332df901e1896ae9cd8fad269ae2236dd0e8b6?s=96&d=mm&r=g\",\"caption\":\"La redaction\"},\"url\":\"https:\/\/vosgesinfo.fr\/gerardmerinfo\/author\/la-redaction\/\"}]}<\/script>\n<!-- \/ Yoast SEO plugin. -->","yoast_head_json":{"title":"Les potaches de la Haie Griselle au Championnat de France de raid - Gerardmer Info","robots":{"index":"index","follow":"follow","max-snippet":"max-snippet:-1","max-image-preview":"max-image-preview:large","max-video-preview":"max-video-preview:-1"},"canonical":"https:\/\/vosgesinfo.fr\/gerardmerinfo\/2025\/06\/les-potaches-de-la-haie-griselle-au-championnat-de-france-de-raid\/","twitter_card":"summary_large_image","twitter_title":"Les potaches de la Haie Griselle au Championnat de France de raid - Gerardmer Info","twitter_description":"Du 19 au 21 mai, l\u2019\u00e9quipe de raid du lyc\u00e9e La Haie Griselle a fi\u00e8rement repr\u00e9sent\u00e9 son \u00e9tablissement lors du [&hellip;]","twitter_image":"https:\/\/vosgesinfo.fr\/app\/uploads\/sites\/6\/2025\/06\/ff2jpg.jpg","twitter_creator":"@VosgesInfo88","twitter_site":"@VosgesInfo88","twitter_misc":{"\u00c9crit par":"La redaction","Dur\u00e9e de lecture estim\u00e9e":"1 minute"},"schema":{"@context":"https:\/\/schema.org","@graph":[{"@type":"Article","@id":"https:\/\/vosgesinfo.fr\/gerardmerinfo\/2025\/06\/les-potaches-de-la-haie-griselle-au-championnat-de-france-de-raid\/#article","isPartOf":{"@id":"https:\/\/vosgesinfo.fr\/gerardmerinfo\/2025\/06\/les-potaches-de-la-haie-griselle-au-championnat-de-france-de-raid\/"},"author":{"name":"La redaction","@id":"https:\/\/vosgesinfo.fr\/gerardmerinfo\/#\/schema\/person\/27a3695b06db98895b354c0765cdfc31"},"headline":"Les potaches de la Haie Griselle au Championnat de France de raid","datePublished":"2025-06-04T07:46:56+00:00","dateModified":"2025-06-04T07:42:03+00:00","mainEntityOfPage":{"@id":"https:\/\/vosgesinfo.fr\/gerardmerinfo\/2025\/06\/les-potaches-de-la-haie-griselle-au-championnat-de-france-de-raid\/"},"wordCount":223,"commentCount":0,"publisher":{"@id":"https:\/\/vosgesinfo.fr\/gerardmerinfo\/#organization"},"image":{"@id":"https:\/\/vosgesinfo.fr\/gerardmerinfo\/2025\/06\/les-potaches-de-la-haie-griselle-au-championnat-de-france-de-raid\/#primaryimage"},"thumbnailUrl":"https:\/\/vosgesinfo.fr\/app\/uploads\/sites\/6\/2025\/06\/ff2jpg.jpg","articleSection":["A la une","Sport"],"inLanguage":"fr-FR","potentialAction":[{"@type":"CommentAction","name":"Comment","target":["https:\/\/vosgesinfo.fr\/gerardmerinfo\/2025\/06\/les-potaches-de-la-haie-griselle-au-championnat-de-france-de-raid\/#respond"]}]},{"@type":"WebPage","@id":"https:\/\/vosgesinfo.fr\/gerardmerinfo\/2025\/06\/les-potaches-de-la-haie-griselle-au-championnat-de-france-de-raid\/","url":"https:\/\/vosgesinfo.fr\/gerardmerinfo\/2025\/06\/les-potaches-de-la-haie-griselle-au-championnat-de-france-de-raid\/","name":"Les potaches de la Haie Griselle au Championnat de France de raid - Gerardmer Info","isPartOf":{"@id":"https:\/\/vosgesinfo.fr\/gerardmerinfo\/#website"},"primaryImageOfPage":{"@id":"https:\/\/vosgesinfo.fr\/gerardmerinfo\/2025\/06\/les-potaches-de-la-haie-griselle-au-championnat-de-france-de-raid\/#primaryimage"},"image":{"@id":"https:\/\/vosgesinfo.fr\/gerardmerinfo\/2025\/06\/les-potaches-de-la-haie-griselle-au-championnat-de-france-de-raid\/#primaryimage"},"thumbnailUrl":"https:\/\/vosgesinfo.fr\/app\/uploads\/sites\/6\/2025\/06\/ff2jpg.jpg","datePublished":"2025-06-04T07:46:56+00:00","dateModified":"2025-06-04T07:42:03+00:00","breadcrumb":{"@id":"https:\/\/vosgesinfo.fr\/gerardmerinfo\/2025\/06\/les-potaches-de-la-haie-griselle-au-championnat-de-france-de-raid\/#breadcrumb"},"inLanguage":"fr-FR","potentialAction":[{"@type":"ReadAction","target":["https:\/\/vosgesinfo.fr\/gerardmerinfo\/2025\/06\/les-potaches-de-la-haie-griselle-au-championnat-de-france-de-raid\/"]}]},{"@type":"ImageObject","inLanguage":"fr-FR","@id":"https:\/\/vosgesinfo.fr\/gerardmerinfo\/2025\/06\/les-potaches-de-la-haie-griselle-au-championnat-de-france-de-raid\/#primaryimage","url":"https:\/\/vosgesinfo.fr\/app\/uploads\/sites\/6\/2025\/06\/ff2jpg.jpg","contentUrl":"https:\/\/vosgesinfo.fr\/app\/uploads\/sites\/6\/2025\/06\/ff2jpg.jpg","width":1200,"height":1600},{"@type":"BreadcrumbList","@id":"https:\/\/vosgesinfo.fr\/gerardmerinfo\/2025\/06\/les-potaches-de-la-haie-griselle-au-championnat-de-france-de-raid\/#breadcrumb","itemListElement":[{"@type":"ListItem","position":1,"name":"Home","item":"https:\/\/vosgesinfo.fr\/gerardmerinfo\/"},{"@type":"ListItem","position":2,"name":"Les potaches de la Haie Griselle au Championnat de France de raid"}]},{"@type":"WebSite","@id":"https:\/\/vosgesinfo.fr\/gerardmerinfo\/#website","url":"https:\/\/vosgesinfo.fr\/gerardmerinfo\/","name":"Gerardmer Info","description":"Toute l&#039;actualit\u00e9 de G\u00e9rardmer","publisher":{"@id":"https:\/\/vosgesinfo.fr\/gerardmerinfo\/#organization"},"alternateName":"Toute l'actualit\u00e9 de G\u00e9rardmer","potentialAction":[{"@type":"SearchAction","target":{"@type":"EntryPoint","urlTemplate":"https:\/\/vosgesinfo.fr\/gerardmerinfo\/?s={search_term_string}"},"query-input":"required name=search_term_string"}],"inLanguage":"fr-FR"},{"@type":"Organization","@id":"https:\/\/vosgesinfo.fr\/gerardmerinfo\/#organization","name":"Gerardmer Info","url":"https:\/\/vosgesinfo.fr\/gerardmerinfo\/","logo":{"@type":"ImageObject","inLanguage":"fr-FR","@id":"https:\/\/vosgesinfo.fr\/gerardmerinfo\/#\/schema\/logo\/image\/","url":"https:\/\/vosgesinfo.fr\/app\/uploads\/sites\/6\/2023\/08\/favicon-gerardmerinfo.png","contentUrl":"https:\/\/vosgesinfo.fr\/app\/uploads\/sites\/6\/2023\/08\/favicon-gerardmerinfo.png","width":512,"height":512,"caption":"Gerardmer Info"},"image":{"@id":"https:\/\/vosgesinfo.fr\/gerardmerinfo\/#\/schema\/logo\/image\/"},"sameAs":["https:\/\/www.facebook.com\/profile.php?id=100049475262660","https:\/\/x.com\/VosgesInfo88","https:\/\/www.youtube.com\/@vosgesinfo"]},{"@type":"Person","@id":"https:\/\/vosgesinfo.fr\/gerardmerinfo\/#\/schema\/person\/27a3695b06db98895b354c0765cdfc31","name":"La redaction","image":{"@type":"ImageObject","inLanguage":"fr-FR","@id":"https:\/\/vosgesinfo.fr\/gerardmerinfo\/#\/schema\/person\/image\/","url":"https:\/\/secure.gravatar.com\/avatar\/64c76a78e501cedee55736f43f332df901e1896ae9cd8fad269ae2236dd0e8b6?s=96&d=mm&r=g","contentUrl":"https:\/\/secure.gravatar.com\/avatar\/64c76a78e501cedee55736f43f332df901e1896ae9cd8fad269ae2236dd0e8b6?s=96&d=mm&r=g","caption":"La redaction"},"url":"https:\/\/vosgesinfo.fr\/gerardmerinfo\/author\/la-redaction\/"}]}},"_links":{"self":[{"href":"https:\/\/vosgesinfo.fr\/gerardmerinfo\/wp-json\/wp\/v2\/posts\/78785","targetHints":{"allow":["GET"]}}],"collection":[{"href":"https:\/\/vosgesinfo.fr\/gerardmerinfo\/wp-json\/wp\/v2\/posts"}],"about":[{"href":"https:\/\/vosgesinfo.fr\/gerardmerinfo\/wp-json\/wp\/v2\/types\/post"}],"author":[{"embeddable":true,"href":"https:\/\/vosgesinfo.fr\/gerardmerinfo\/wp-json\/wp\/v2\/users\/391"}],"replies":[{"embeddable":true,"href":"https:\/\/vosgesinfo.fr\/gerardmerinfo\/wp-json\/wp\/v2\/comments?post=78785"}],"version-history":[{"count":1,"href":"https:\/\/vosgesinfo.fr\/gerardmerinfo\/wp-json\/wp\/v2\/posts\/78785\/revisions"}],"predecessor-version":[{"id":78789,"href":"https:\/\/vosgesinfo.fr\/gerardmerinfo\/wp-json\/wp\/v2\/posts\/78785\/revisions\/78789"}],"wp:featuredmedia":[{"embeddable":true,"href":"https:\/\/vosgesinfo.fr\/gerardmerinfo\/wp-json\/wp\/v2\/media\/78787"}],"wp:attachment":[{"href":"https:\/\/vosgesinfo.fr\/gerardmerinfo\/wp-json\/wp\/v2\/media?parent=78785"}],"wp:term":[{"taxonomy":"category","embeddable":true,"href":"https:\/\/vosgesinfo.fr\/gerardmerinfo\/wp-json\/wp\/v2\/categories?post=78785"},{"taxonomy":"post_tag","embeddable":true,"href":"https:\/\/vosgesinfo.fr\/gerardmerinfo\/wp-json\/wp\/v2\/tags?post=78785"}],"curies":[{"name":"wp","href":"https:\/\/api.w.org\/{rel}","templated":true}]}}