{"id":78790,"date":"2025-06-04T15:00:49","date_gmt":"2025-06-04T13:00:49","guid":{"rendered":"https:\/\/vosgesinfo.fr\/gerardmerinfo\/?p=78790"},"modified":"2025-06-04T15:00:49","modified_gmt":"2025-06-04T13:00:49","slug":"industrie-textile-pour-une-consommation-responsable-et-une-souverainete-preservee","status":"publish","type":"post","link":"https:\/\/vosgesinfo.fr\/gerardmerinfo\/2025\/06\/industrie-textile-pour-une-consommation-responsable-et-une-souverainete-preservee\/","title":{"rendered":"Industrie textile : pour une consommation responsable et une souverainet\u00e9 pr\u00e9serv\u00e9e"},"content":{"rendered":"<div class=\"page\" title=\"Page 1\">\n<div class=\"layoutArea\">\n<div class=\"column\">\n<p><a href=\"https:\/\/vosgesinfo.fr\/app\/uploads\/sites\/5\/2025\/05\/photo-jean-hingray-cp-09.05-1.jpg\"><img decoding=\"async\" class=\"aligncenter size-full wp-image-82030\" src=\"https:\/\/vosgesinfo.fr\/app\/uploads\/sites\/5\/2025\/05\/photo-jean-hingray-cp-09.05-1.jpg\" alt=\"\" width=\"1920\" height=\"1301\" \/><\/a><\/p>\n<p><em><strong>Communiqu\u00e9 de presse :\u00a0<\/strong><\/em><\/p>\n<p><strong>Industrie textile : pour une consommation responsable et une souverainete\u0301 pre\u0301serve\u0301e<\/strong><\/p>\n<p>A\u0300 l\u2019occasion de l\u2019examen de la proposition de loi visant a\u0300 re\u0301duire l\u2019impact environnemental de l\u2019ultra fast-fashion (mode e\u0301phe\u0301me\u0300re et jetable), le se\u0301nateur Jean Hingray a de\u0301fendu une approche a\u0300 la fois, re\u0301aliste et souveraine. Face aux ravages de ce mode de consommation et a\u0300 la de\u0301sindustrialisation de territoires comme dans les Vosges, il a porte\u0301 trois amendements adopte\u0301s par le Se\u0301nat, visant a\u0300 renforcer la cohe\u0301rence du texte et a\u0300 soutenir l\u2019industrie textile franc\u0327aise.<\/p>\n<p>Lors de l&rsquo;examen au Se\u0301nat de la proposition de loi visant a\u0300 re\u0301duire l&rsquo;impact environnemental de l&rsquo;industrie textile, Jean Hingray a rappele\u0301 l&rsquo;importance de veiller a\u0300 ce que ce texte ne se limite pas a\u0300 un affichage politique ou a\u0300 un simple outil de concurrence e\u0301conomique. S&rsquo;il est le\u0301gitime de lutter contre les de\u0301rives de l&rsquo;ultra fast-fashion, encore faut-il garantir que la loi apporte une re\u0301ponse cohe\u0301rente, e\u0301quilibre\u0301e et respectueuse de notre inde\u0301pendance le\u0301gislative.<\/p>\n<p>Dans les Vosges, de\u0301partement longtemps emble\u0301matique du savoir-faire textile franc\u0327ais, les effets de la mondialisation continuent de peser lourdement sur l\u2019industrie locale. Fermetures d&rsquo;entreprises, pertes d&#8217;emplois qualifie\u0301s, de\u0301sindustrialisation : ces re\u0301alite\u0301s rappellent combien il est ne\u0301cessaire de repenser les politiques publiques en matie\u0300re de relocalisation, de souverainete\u0301 industrielle, et de mieux accompagner ces femmes et ces hommes, portraits de notre industrie franc\u0327aise et ainsi leur permettre de rivaliser sur la sce\u0300ne internationale tout en respectant nos valeurs ne\u0301cessaires a\u0300 l\u2019environnement.<\/p>\n<p>Dans cet esprit, trois amendements porte\u0301s par le se\u0301nateur ont e\u0301te\u0301 adopte\u0301s : l&rsquo;ajout des pratiques industrielles a\u0300 la de\u0301finition de la mode jetable, l&rsquo;inte\u0301gration d&rsquo;un message encourageant la consommation durable, et la sensibilisation aux impacts environnementaux de l&rsquo;industrie textile dans le cadre de l&rsquo;e\u0301ducation au de\u0301veloppement durable.<\/p>\n<\/div>\n<\/div>\n<\/div>\n","protected":false},"excerpt":{"rendered":"<p>Communiqu\u00e9 de presse :\u00a0 Industrie textile : pour une consommation responsable et une souverainete\u0301 pre\u0301serve\u0301e A\u0300 l\u2019occasion de l\u2019examen de [&hellip;]<\/p>\n","protected":false},"author":391,"featured_media":78791,"comment_status":"open","ping_status":"open","sticky":false,"template":"","format":"standard","meta":{"footnotes":""},"categories":[20,878,25,328,868,946,18],"tags":[215],"class_list":["post-78790","post","type-post","status-publish","format-standard","has-post-thumbnail","hentry","category-a-la-une","category-epinal","category-gerardmer","category-la-plaine-des-vosges","category-remiremont","category-saint-die","category-vosges","tag-jean-hingray"],"acf":[],"yoast_head":"<!-- This site is optimized with the Yoast SEO plugin v22.5 - https:\/\/yoast.com\/wordpress\/plugins\/seo\/ -->\n<title>Industrie textile : pour une consommation responsable et une souverainet\u00e9 pr\u00e9serv\u00e9e - Gerardmer Info<\/title>\n<meta name=\"robots\" content=\"index, follow, max-snippet:-1, max-image-preview:large, max-video-preview:-1\" \/>\n<link rel=\"canonical\" href=\"https:\/\/vosgesinfo.fr\/gerardmerinfo\/2025\/06\/industrie-textile-pour-une-consommation-responsable-et-une-souverainete-preservee\/\" \/>\n<meta name=\"twitter:card\" content=\"summary_large_image\" \/>\n<meta name=\"twitter:title\" content=\"Industrie textile : pour une consommation responsable et une souverainet\u00e9 pr\u00e9serv\u00e9e - Gerardmer Info\" \/>\n<meta name=\"twitter:description\" content=\"Communiqu\u00e9 de presse :\u00a0 Industrie textile : pour une consommation responsable et une souverainete\u0301 pre\u0301serve\u0301e A\u0300 l\u2019occasion de l\u2019examen de [&hellip;]\" \/>\n<meta name=\"twitter:image\" content=\"https:\/\/vosgesinfo.fr\/app\/uploads\/sites\/6\/2025\/06\/photo-jean-hingray-cp-09.05-1.jpg\" \/>\n<meta name=\"twitter:creator\" content=\"@VosgesInfo88\" \/>\n<meta name=\"twitter:site\" content=\"@VosgesInfo88\" \/>\n<meta name=\"twitter:label1\" content=\"\u00c9crit par\" \/>\n\t<meta name=\"twitter:data1\" content=\"La redaction\" \/>\n\t<meta name=\"twitter:label2\" content=\"Dur\u00e9e de lecture estim\u00e9e\" \/>\n\t<meta name=\"twitter:data2\" content=\"2 minutes\" \/>\n<script type=\"application\/ld+json\" class=\"yoast-schema-graph\">{\"@context\":\"https:\/\/schema.org\",\"@graph\":[{\"@type\":\"Article\",\"@id\":\"https:\/\/vosgesinfo.fr\/gerardmerinfo\/2025\/06\/industrie-textile-pour-une-consommation-responsable-et-une-souverainete-preservee\/#article\",\"isPartOf\":{\"@id\":\"https:\/\/vosgesinfo.fr\/gerardmerinfo\/2025\/06\/industrie-textile-pour-une-consommation-responsable-et-une-souverainete-preservee\/\"},\"author\":{\"name\":\"La redaction\",\"@id\":\"https:\/\/vosgesinfo.fr\/gerardmerinfo\/#\/schema\/person\/27a3695b06db98895b354c0765cdfc31\"},\"headline\":\"Industrie textile : pour une consommation responsable et une souverainet\u00e9 pr\u00e9serv\u00e9e\",\"datePublished\":\"2025-06-04T13:00:49+00:00\",\"dateModified\":\"2025-06-04T13:00:49+00:00\",\"mainEntityOfPage\":{\"@id\":\"https:\/\/vosgesinfo.fr\/gerardmerinfo\/2025\/06\/industrie-textile-pour-une-consommation-responsable-et-une-souverainete-preservee\/\"},\"wordCount\":365,\"commentCount\":0,\"publisher\":{\"@id\":\"https:\/\/vosgesinfo.fr\/gerardmerinfo\/#organization\"},\"image\":{\"@id\":\"https:\/\/vosgesinfo.fr\/gerardmerinfo\/2025\/06\/industrie-textile-pour-une-consommation-responsable-et-une-souverainete-preservee\/#primaryimage\"},\"thumbnailUrl\":\"https:\/\/vosgesinfo.fr\/app\/uploads\/sites\/6\/2025\/06\/photo-jean-hingray-cp-09.05-1.jpg\",\"keywords\":[\"Jean Hingray\"],\"articleSection\":[\"A la une\",\"Epinal\",\"G\u00e9rardmer\",\"La plaine des vosges\",\"Remiremont\",\"Saint-di\u00e9\",\"Vosges\"],\"inLanguage\":\"fr-FR\",\"potentialAction\":[{\"@type\":\"CommentAction\",\"name\":\"Comment\",\"target\":[\"https:\/\/vosgesinfo.fr\/gerardmerinfo\/2025\/06\/industrie-textile-pour-une-consommation-responsable-et-une-souverainete-preservee\/#respond\"]}]},{\"@type\":\"WebPage\",\"@id\":\"https:\/\/vosgesinfo.fr\/gerardmerinfo\/2025\/06\/industrie-textile-pour-une-consommation-responsable-et-une-souverainete-preservee\/\",\"url\":\"https:\/\/vosgesinfo.fr\/gerardmerinfo\/2025\/06\/industrie-textile-pour-une-consommation-responsable-et-une-souverainete-preservee\/\",\"name\":\"Industrie textile : pour une consommation responsable et une souverainet\u00e9 pr\u00e9serv\u00e9e - Gerardmer Info\",\"isPartOf\":{\"@id\":\"https:\/\/vosgesinfo.fr\/gerardmerinfo\/#website\"},\"primaryImageOfPage\":{\"@id\":\"https:\/\/vosgesinfo.fr\/gerardmerinfo\/2025\/06\/industrie-textile-pour-une-consommation-responsable-et-une-souverainete-preservee\/#primaryimage\"},\"image\":{\"@id\":\"https:\/\/vosgesinfo.fr\/gerardmerinfo\/2025\/06\/industrie-textile-pour-une-consommation-responsable-et-une-souverainete-preservee\/#primaryimage\"},\"thumbnailUrl\":\"https:\/\/vosgesinfo.fr\/app\/uploads\/sites\/6\/2025\/06\/photo-jean-hingray-cp-09.05-1.jpg\",\"datePublished\":\"2025-06-04T13:00:49+00:00\",\"dateModified\":\"2025-06-04T13:00:49+00:00\",\"breadcrumb\":{\"@id\":\"https:\/\/vosgesinfo.fr\/gerardmerinfo\/2025\/06\/industrie-textile-pour-une-consommation-responsable-et-une-souverainete-preservee\/#breadcrumb\"},\"inLanguage\":\"fr-FR\",\"potentialAction\":[{\"@type\":\"ReadAction\",\"target\":[\"https:\/\/vosgesinfo.fr\/gerardmerinfo\/2025\/06\/industrie-textile-pour-une-consommation-responsable-et-une-souverainete-preservee\/\"]}]},{\"@type\":\"ImageObject\",\"inLanguage\":\"fr-FR\",\"@id\":\"https:\/\/vosgesinfo.fr\/gerardmerinfo\/2025\/06\/industrie-textile-pour-une-consommation-responsable-et-une-souverainete-preservee\/#primaryimage\",\"url\":\"https:\/\/vosgesinfo.fr\/app\/uploads\/sites\/6\/2025\/06\/photo-jean-hingray-cp-09.05-1.jpg\",\"contentUrl\":\"https:\/\/vosgesinfo.fr\/app\/uploads\/sites\/6\/2025\/06\/photo-jean-hingray-cp-09.05-1.jpg\",\"width\":1920,\"height\":1301},{\"@type\":\"BreadcrumbList\",\"@id\":\"https:\/\/vosgesinfo.fr\/gerardmerinfo\/2025\/06\/industrie-textile-pour-une-consommation-responsable-et-une-souverainete-preservee\/#breadcrumb\",\"itemListElement\":[{\"@type\":\"ListItem\",\"position\":1,\"name\":\"Home\",\"item\":\"https:\/\/vosgesinfo.fr\/gerardmerinfo\/\"},{\"@type\":\"ListItem\",\"position\":2,\"name\":\"Industrie textile : pour une consommation responsable et une souverainet\u00e9 pr\u00e9serv\u00e9e\"}]},{\"@type\":\"WebSite\",\"@id\":\"https:\/\/vosgesinfo.fr\/gerardmerinfo\/#website\",\"url\":\"https:\/\/vosgesinfo.fr\/gerardmerinfo\/\",\"name\":\"Gerardmer Info\",\"description\":\"Toute l&#039;actualit\u00e9 de G\u00e9rardmer\",\"publisher\":{\"@id\":\"https:\/\/vosgesinfo.fr\/gerardmerinfo\/#organization\"},\"alternateName\":\"Toute l'actualit\u00e9 de G\u00e9rardmer\",\"potentialAction\":[{\"@type\":\"SearchAction\",\"target\":{\"@type\":\"EntryPoint\",\"urlTemplate\":\"https:\/\/vosgesinfo.fr\/gerardmerinfo\/?s={search_term_string}\"},\"query-input\":\"required name=search_term_string\"}],\"inLanguage\":\"fr-FR\"},{\"@type\":\"Organization\",\"@id\":\"https:\/\/vosgesinfo.fr\/gerardmerinfo\/#organization\",\"name\":\"Gerardmer Info\",\"url\":\"https:\/\/vosgesinfo.fr\/gerardmerinfo\/\",\"logo\":{\"@type\":\"ImageObject\",\"inLanguage\":\"fr-FR\",\"@id\":\"https:\/\/vosgesinfo.fr\/gerardmerinfo\/#\/schema\/logo\/image\/\",\"url\":\"https:\/\/vosgesinfo.fr\/app\/uploads\/sites\/6\/2023\/08\/favicon-gerardmerinfo.png\",\"contentUrl\":\"https:\/\/vosgesinfo.fr\/app\/uploads\/sites\/6\/2023\/08\/favicon-gerardmerinfo.png\",\"width\":512,\"height\":512,\"caption\":\"Gerardmer Info\"},\"image\":{\"@id\":\"https:\/\/vosgesinfo.fr\/gerardmerinfo\/#\/schema\/logo\/image\/\"},\"sameAs\":[\"https:\/\/www.facebook.com\/profile.php?id=100049475262660\",\"https:\/\/x.com\/VosgesInfo88\",\"https:\/\/www.youtube.com\/@vosgesinfo\"]},{\"@type\":\"Person\",\"@id\":\"https:\/\/vosgesinfo.fr\/gerardmerinfo\/#\/schema\/person\/27a3695b06db98895b354c0765cdfc31\",\"name\":\"La redaction\",\"image\":{\"@type\":\"ImageObject\",\"inLanguage\":\"fr-FR\",\"@id\":\"https:\/\/vosgesinfo.fr\/gerardmerinfo\/#\/schema\/person\/image\/\",\"url\":\"https:\/\/secure.gravatar.com\/avatar\/64c76a78e501cedee55736f43f332df901e1896ae9cd8fad269ae2236dd0e8b6?s=96&d=mm&r=g\",\"contentUrl\":\"https:\/\/secure.gravatar.com\/avatar\/64c76a78e501cedee55736f43f332df901e1896ae9cd8fad269ae2236dd0e8b6?s=96&d=mm&r=g\",\"caption\":\"La redaction\"},\"url\":\"https:\/\/vosgesinfo.fr\/gerardmerinfo\/author\/la-redaction\/\"}]}<\/script>\n<!-- \/ Yoast SEO plugin. -->","yoast_head_json":{"title":"Industrie textile : pour une consommation responsable et une souverainet\u00e9 pr\u00e9serv\u00e9e - Gerardmer Info","robots":{"index":"index","follow":"follow","max-snippet":"max-snippet:-1","max-image-preview":"max-image-preview:large","max-video-preview":"max-video-preview:-1"},"canonical":"https:\/\/vosgesinfo.fr\/gerardmerinfo\/2025\/06\/industrie-textile-pour-une-consommation-responsable-et-une-souverainete-preservee\/","twitter_card":"summary_large_image","twitter_title":"Industrie textile : pour une consommation responsable et une souverainet\u00e9 pr\u00e9serv\u00e9e - Gerardmer Info","twitter_description":"Communiqu\u00e9 de presse :\u00a0 Industrie textile : pour une consommation responsable et une souverainete\u0301 pre\u0301serve\u0301e A\u0300 l\u2019occasion de l\u2019examen de [&hellip;]","twitter_image":"https:\/\/vosgesinfo.fr\/app\/uploads\/sites\/6\/2025\/06\/photo-jean-hingray-cp-09.05-1.jpg","twitter_creator":"@VosgesInfo88","twitter_site":"@VosgesInfo88","twitter_misc":{"\u00c9crit par":"La redaction","Dur\u00e9e de lecture estim\u00e9e":"2 minutes"},"schema":{"@context":"https:\/\/schema.org","@graph":[{"@type":"Article","@id":"https:\/\/vosgesinfo.fr\/gerardmerinfo\/2025\/06\/industrie-textile-pour-une-consommation-responsable-et-une-souverainete-preservee\/#article","isPartOf":{"@id":"https:\/\/vosgesinfo.fr\/gerardmerinfo\/2025\/06\/industrie-textile-pour-une-consommation-responsable-et-une-souverainete-preservee\/"},"author":{"name":"La redaction","@id":"https:\/\/vosgesinfo.fr\/gerardmerinfo\/#\/schema\/person\/27a3695b06db98895b354c0765cdfc31"},"headline":"Industrie textile : pour une consommation responsable et une souverainet\u00e9 pr\u00e9serv\u00e9e","datePublished":"2025-06-04T13:00:49+00:00","dateModified":"2025-06-04T13:00:49+00:00","mainEntityOfPage":{"@id":"https:\/\/vosgesinfo.fr\/gerardmerinfo\/2025\/06\/industrie-textile-pour-une-consommation-responsable-et-une-souverainete-preservee\/"},"wordCount":365,"commentCount":0,"publisher":{"@id":"https:\/\/vosgesinfo.fr\/gerardmerinfo\/#organization"},"image":{"@id":"https:\/\/vosgesinfo.fr\/gerardmerinfo\/2025\/06\/industrie-textile-pour-une-consommation-responsable-et-une-souverainete-preservee\/#primaryimage"},"thumbnailUrl":"https:\/\/vosgesinfo.fr\/app\/uploads\/sites\/6\/2025\/06\/photo-jean-hingray-cp-09.05-1.jpg","keywords":["Jean Hingray"],"articleSection":["A la une","Epinal","G\u00e9rardmer","La plaine des vosges","Remiremont","Saint-di\u00e9","Vosges"],"inLanguage":"fr-FR","potentialAction":[{"@type":"CommentAction","name":"Comment","target":["https:\/\/vosgesinfo.fr\/gerardmerinfo\/2025\/06\/industrie-textile-pour-une-consommation-responsable-et-une-souverainete-preservee\/#respond"]}]},{"@type":"WebPage","@id":"https:\/\/vosgesinfo.fr\/gerardmerinfo\/2025\/06\/industrie-textile-pour-une-consommation-responsable-et-une-souverainete-preservee\/","url":"https:\/\/vosgesinfo.fr\/gerardmerinfo\/2025\/06\/industrie-textile-pour-une-consommation-responsable-et-une-souverainete-preservee\/","name":"Industrie textile : pour une consommation responsable et une souverainet\u00e9 pr\u00e9serv\u00e9e - Gerardmer Info","isPartOf":{"@id":"https:\/\/vosgesinfo.fr\/gerardmerinfo\/#website"},"primaryImageOfPage":{"@id":"https:\/\/vosgesinfo.fr\/gerardmerinfo\/2025\/06\/industrie-textile-pour-une-consommation-responsable-et-une-souverainete-preservee\/#primaryimage"},"image":{"@id":"https:\/\/vosgesinfo.fr\/gerardmerinfo\/2025\/06\/industrie-textile-pour-une-consommation-responsable-et-une-souverainete-preservee\/#primaryimage"},"thumbnailUrl":"https:\/\/vosgesinfo.fr\/app\/uploads\/sites\/6\/2025\/06\/photo-jean-hingray-cp-09.05-1.jpg","datePublished":"2025-06-04T13:00:49+00:00","dateModified":"2025-06-04T13:00:49+00:00","breadcrumb":{"@id":"https:\/\/vosgesinfo.fr\/gerardmerinfo\/2025\/06\/industrie-textile-pour-une-consommation-responsable-et-une-souverainete-preservee\/#breadcrumb"},"inLanguage":"fr-FR","potentialAction":[{"@type":"ReadAction","target":["https:\/\/vosgesinfo.fr\/gerardmerinfo\/2025\/06\/industrie-textile-pour-une-consommation-responsable-et-une-souverainete-preservee\/"]}]},{"@type":"ImageObject","inLanguage":"fr-FR","@id":"https:\/\/vosgesinfo.fr\/gerardmerinfo\/2025\/06\/industrie-textile-pour-une-consommation-responsable-et-une-souverainete-preservee\/#primaryimage","url":"https:\/\/vosgesinfo.fr\/app\/uploads\/sites\/6\/2025\/06\/photo-jean-hingray-cp-09.05-1.jpg","contentUrl":"https:\/\/vosgesinfo.fr\/app\/uploads\/sites\/6\/2025\/06\/photo-jean-hingray-cp-09.05-1.jpg","width":1920,"height":1301},{"@type":"BreadcrumbList","@id":"https:\/\/vosgesinfo.fr\/gerardmerinfo\/2025\/06\/industrie-textile-pour-une-consommation-responsable-et-une-souverainete-preservee\/#breadcrumb","itemListElement":[{"@type":"ListItem","position":1,"name":"Home","item":"https:\/\/vosgesinfo.fr\/gerardmerinfo\/"},{"@type":"ListItem","position":2,"name":"Industrie textile : pour une consommation responsable et une souverainet\u00e9 pr\u00e9serv\u00e9e"}]},{"@type":"WebSite","@id":"https:\/\/vosgesinfo.fr\/gerardmerinfo\/#website","url":"https:\/\/vosgesinfo.fr\/gerardmerinfo\/","name":"Gerardmer Info","description":"Toute l&#039;actualit\u00e9 de G\u00e9rardmer","publisher":{"@id":"https:\/\/vosgesinfo.fr\/gerardmerinfo\/#organization"},"alternateName":"Toute l'actualit\u00e9 de G\u00e9rardmer","potentialAction":[{"@type":"SearchAction","target":{"@type":"EntryPoint","urlTemplate":"https:\/\/vosgesinfo.fr\/gerardmerinfo\/?s={search_term_string}"},"query-input":"required name=search_term_string"}],"inLanguage":"fr-FR"},{"@type":"Organization","@id":"https:\/\/vosgesinfo.fr\/gerardmerinfo\/#organization","name":"Gerardmer Info","url":"https:\/\/vosgesinfo.fr\/gerardmerinfo\/","logo":{"@type":"ImageObject","inLanguage":"fr-FR","@id":"https:\/\/vosgesinfo.fr\/gerardmerinfo\/#\/schema\/logo\/image\/","url":"https:\/\/vosgesinfo.fr\/app\/uploads\/sites\/6\/2023\/08\/favicon-gerardmerinfo.png","contentUrl":"https:\/\/vosgesinfo.fr\/app\/uploads\/sites\/6\/2023\/08\/favicon-gerardmerinfo.png","width":512,"height":512,"caption":"Gerardmer Info"},"image":{"@id":"https:\/\/vosgesinfo.fr\/gerardmerinfo\/#\/schema\/logo\/image\/"},"sameAs":["https:\/\/www.facebook.com\/profile.php?id=100049475262660","https:\/\/x.com\/VosgesInfo88","https:\/\/www.youtube.com\/@vosgesinfo"]},{"@type":"Person","@id":"https:\/\/vosgesinfo.fr\/gerardmerinfo\/#\/schema\/person\/27a3695b06db98895b354c0765cdfc31","name":"La redaction","image":{"@type":"ImageObject","inLanguage":"fr-FR","@id":"https:\/\/vosgesinfo.fr\/gerardmerinfo\/#\/schema\/person\/image\/","url":"https:\/\/secure.gravatar.com\/avatar\/64c76a78e501cedee55736f43f332df901e1896ae9cd8fad269ae2236dd0e8b6?s=96&d=mm&r=g","contentUrl":"https:\/\/secure.gravatar.com\/avatar\/64c76a78e501cedee55736f43f332df901e1896ae9cd8fad269ae2236dd0e8b6?s=96&d=mm&r=g","caption":"La redaction"},"url":"https:\/\/vosgesinfo.fr\/gerardmerinfo\/author\/la-redaction\/"}]}},"_links":{"self":[{"href":"https:\/\/vosgesinfo.fr\/gerardmerinfo\/wp-json\/wp\/v2\/posts\/78790","targetHints":{"allow":["GET"]}}],"collection":[{"href":"https:\/\/vosgesinfo.fr\/gerardmerinfo\/wp-json\/wp\/v2\/posts"}],"about":[{"href":"https:\/\/vosgesinfo.fr\/gerardmerinfo\/wp-json\/wp\/v2\/types\/post"}],"author":[{"embeddable":true,"href":"https:\/\/vosgesinfo.fr\/gerardmerinfo\/wp-json\/wp\/v2\/users\/391"}],"replies":[{"embeddable":true,"href":"https:\/\/vosgesinfo.fr\/gerardmerinfo\/wp-json\/wp\/v2\/comments?post=78790"}],"version-history":[{"count":0,"href":"https:\/\/vosgesinfo.fr\/gerardmerinfo\/wp-json\/wp\/v2\/posts\/78790\/revisions"}],"wp:featuredmedia":[{"embeddable":true,"href":"https:\/\/vosgesinfo.fr\/gerardmerinfo\/wp-json\/wp\/v2\/media\/78791"}],"wp:attachment":[{"href":"https:\/\/vosgesinfo.fr\/gerardmerinfo\/wp-json\/wp\/v2\/media?parent=78790"}],"wp:term":[{"taxonomy":"category","embeddable":true,"href":"https:\/\/vosgesinfo.fr\/gerardmerinfo\/wp-json\/wp\/v2\/categories?post=78790"},{"taxonomy":"post_tag","embeddable":true,"href":"https:\/\/vosgesinfo.fr\/gerardmerinfo\/wp-json\/wp\/v2\/tags?post=78790"}],"curies":[{"name":"wp","href":"https:\/\/api.w.org\/{rel}","templated":true}]}}