{"id":78808,"date":"2025-06-05T05:59:58","date_gmt":"2025-06-05T03:59:58","guid":{"rendered":"https:\/\/vosgesinfo.fr\/gerardmerinfo\/?p=78808"},"modified":"2025-06-04T21:39:50","modified_gmt":"2025-06-04T19:39:50","slug":"journee-mondiale-des-donneurs-de-sang-dans-les-vosges-faisons-vivre-la-solidarite","status":"publish","type":"post","link":"https:\/\/vosgesinfo.fr\/gerardmerinfo\/2025\/06\/journee-mondiale-des-donneurs-de-sang-dans-les-vosges-faisons-vivre-la-solidarite\/","title":{"rendered":"Journ\u00e9e Mondiale des Donneurs de Sang dans les Vosges &#8211; Faisons vivre la solidarit\u00e9 !"},"content":{"rendered":"<div id=\"attachment_78809\" style=\"width: 310px\" class=\"wp-caption aligncenter\"><a href=\"https:\/\/vosgesinfo.fr\/app\/uploads\/sites\/6\/2025\/06\/image004.png\"><img decoding=\"async\" aria-describedby=\"caption-attachment-78809\" class=\"wp-image-78809 size-medium\" src=\"https:\/\/vosgesinfo.fr\/app\/uploads\/sites\/6\/2025\/06\/image004-300x99.png\" alt=\"\" width=\"300\" height=\"99\" srcset=\"https:\/\/vosgesinfo.fr\/app\/uploads\/sites\/6\/2025\/06\/image004-300x99.png 300w, https:\/\/vosgesinfo.fr\/app\/uploads\/sites\/6\/2025\/06\/image004.png 517w\" sizes=\"(max-width: 300px) 100vw, 300px\" \/><\/a><p id=\"caption-attachment-78809\" class=\"wp-caption-text\">Communiqu\u00e9<\/p><\/div>\n<p style=\"text-align: center;\">\n<p style=\"text-align: center;\"><strong>Journ\u00e9e mondiale des donneurs de sang 2025<\/strong><br \/>\n<strong>Faisons vivre la solidarit\u00e9 !<\/strong><\/p>\n<p>&nbsp;<\/p>\n<p>\u00c0 l\u2019occasion de la Journ\u00e9e mondiale des donneurs de sang, c\u00e9l\u00e9br\u00e9e le 14 juin, l\u2019\u00c9tablissement fran\u00e7ais du sang (EFS) invite \u00e0 s\u2019unir pour le don de sang. Au programme : un moment festif, \u00e0 vivre tout au long du mois de juin et prolong\u00e9 dans l\u2019\u00e9t\u00e9 partout en France, pour faire rayonner la solidarit\u00e9 et contribuer \u00e0 un geste citoyen qui sauve des vies.<\/p>\n<p><strong>Comment participer \u00e0 cet \u00e9lan de solidarit\u00e9 ?<\/strong><br \/>\nLa Journ\u00e9e mondiale des donneurs de sang est un temps fort pour le don de sang et l\u2019EFS. Elle permet d\u2019abord de remercier les donneurs, les b\u00e9n\u00e9voles et tous ceux qui s\u2019engagent pour le don de sang, dont le r\u00f4le est essentiel pour permettre \u00e0 l\u2019\u00e9tablissement de remplir sa mission de service public. Elle permet ensuite de rappeler le caract\u00e8re vital du don de sang, de plasma et de plaquettes \u00e0 l\u2019approche d\u2019une p\u00e9riode d\u00e9licate pour l\u2019\u00e9tablissement, celle des vacances estivales.<br \/>\nSi une grande majorit\u00e9 de la population part en cong\u00e9s l\u2019\u00e9t\u00e9, la maladie, elle, ne connait pas de pause. Les besoins en produits sanguins sont constants et la mobilisation des donneurs doit \u00eatre r\u00e9guli\u00e8re et continue, puisque les produits sanguins ont une dur\u00e9e de vie limit\u00e9e (7 jours pour les plaquettes et 42 jours pour les globules rouges).<br \/>\nL\u2019EFS Grand Est organise ainsi au mois de juin diff\u00e9rentes collectes avec des animations et des collations gourmandes. Ses 9 maisons du don accueilleront \u00e9galement les donneurs dans une ambiance festive.<\/p>\n<p>Un rendez-vous incontournable o\u00f9 nous retrouver dans les Vosges :<br \/>\n<strong>\u2022 Le 14 juin \u00e0 G\u00e9rardmer de 9:30 \u00e0 15:30 Espace Tilleul en partenariat avec l\u2019Association des Donneurs de Sang B\u00e9n\u00e9voles.<\/strong><\/p>\n<p>&nbsp;<\/p>\n<p><strong>Mettre \u00e0 l\u2019honneur les histoires qui nous unissent<\/strong><\/p>\n<p><a href=\"https:\/\/vosgesinfo.fr\/app\/uploads\/sites\/6\/2025\/06\/visuel-jmds-2025.png\"><img decoding=\"async\" class=\"alignright size-medium wp-image-78810\" src=\"https:\/\/vosgesinfo.fr\/app\/uploads\/sites\/6\/2025\/06\/visuel-jmds-2025-300x300.png\" alt=\"\" width=\"300\" height=\"300\" srcset=\"https:\/\/vosgesinfo.fr\/app\/uploads\/sites\/6\/2025\/06\/visuel-jmds-2025-300x300.png 300w, https:\/\/vosgesinfo.fr\/app\/uploads\/sites\/6\/2025\/06\/visuel-jmds-2025-1024x1024.png 1024w, https:\/\/vosgesinfo.fr\/app\/uploads\/sites\/6\/2025\/06\/visuel-jmds-2025-150x150.png 150w, https:\/\/vosgesinfo.fr\/app\/uploads\/sites\/6\/2025\/06\/visuel-jmds-2025-768x768.png 768w, https:\/\/vosgesinfo.fr\/app\/uploads\/sites\/6\/2025\/06\/visuel-jmds-2025.png 1080w\" sizes=\"(max-width: 300px) 100vw, 300px\" \/><\/a>Comme chaque ann\u00e9e, l\u2019EFS lance autour de la Journ\u00e9e mondiale des donneurs de sang, une campagne de communication qui se d\u00e9roule sur plusieurs semaines pour informer et mobiliser le grand public autour du don de sang et de plasma.<br \/>\nCette ann\u00e9e, l\u2019\u00e9tablissement souhaite mettre en lumi\u00e8re le r\u00f4le essentiel jou\u00e9 par l\u2019ensemble de ses parties-prenantes dans le don de sang \u00e0 travers son mot d\u2019ordre rassembleur : \u00ab Tous unis par le don \u00bb.<br \/>\nPuisque l\u2019histoire de l\u2019\u00c9tablissement fran\u00e7ais du sang, c\u2019est l\u2019histoire de Margaux, Thomas, Laure, Sam et St\u00e9phanie &#8211; qui sont au coeur de cette nouvelle campagne &#8211; mais aussi celles de milliers d\u2019autres personnes.<br \/>\nC\u2019est une histoire faite de moments de vie. C\u2019est le moment o\u00f9 Margaux, 6 ans, est diagnostiqu\u00e9e d\u2019une maladie rare qui n\u00e9cessite un traitement fabriqu\u00e9 gr\u00e2ce aux dons de plasma. Un moment qui touche toute sa famille. C\u2019est le moment o\u00f9 Thomas r\u00e9ussit \u00e0 convaincre un ami de franchir le pas, puis un autre, puis dix autres. Celui o\u00f9 il devient b\u00e9n\u00e9vole pour le don de sang. Celui o\u00f9 Laure, infirmi\u00e8re, pr\u00e9l\u00e8ve un nouveau donneur de sang. Un moment qui se renouvelle chaque jour et donne du sens \u00e0 son m\u00e9tier. C\u2019est aussi le moment o\u00f9 Sam, \u00e0 18 ans, pousse pour la premi\u00e8re fois la porte d\u2019une collecte, inspir\u00e9 par ses parents. C\u2019est le moment o\u00f9 St\u00e9phanie Fugain d\u00e9cide, apr\u00e8s le d\u00e9c\u00e8s de sa fille Laurette emport\u00e9e par une leuc\u00e9mie, de mener un combat quotidien pour que personne n\u2019oublie jamais l\u2019importance de donner.<\/p>\n<p>Retrouvez leurs t\u00e9moignages ici :\u00a0<a href=\"https:\/\/25ans.efs.sante.fr\/\">https:\/\/25ans.efs.sante.fr\/<\/a><br \/>\nCes moments nous r\u00e9unissent. Ils rythment la vie de ceux qui donnent, soignent, mobilisent et t\u00e9moignent. Ils sont la preuve que chaque geste compte et qu\u2019il n\u2019y a pas de r\u00f4le secondaire quand il s\u2019agit de sauver des vies.<\/p>\n<p>Prenez rendez-vous pour un don sur dondesang.efs.sante.fr ou l\u2019application Don de sang. Il y aura forc\u00e9ment une collecte proche de chez vous.<\/p>\n","protected":false},"excerpt":{"rendered":"<p>Journ\u00e9e mondiale des donneurs de sang 2025 Faisons vivre la solidarit\u00e9 ! &nbsp; \u00c0 l\u2019occasion de la Journ\u00e9e mondiale des [&hellip;]<\/p>\n","protected":false},"author":391,"featured_media":78810,"comment_status":"open","ping_status":"open","sticky":false,"template":"","format":"standard","meta":{"footnotes":""},"categories":[20,878,25,5647,328,868,946,12],"tags":[54],"class_list":["post-78808","post","type-post","status-publish","format-standard","has-post-thumbnail","hentry","category-a-la-une","category-epinal","category-gerardmer","category-gerardmer-autres-sites","category-la-plaine-des-vosges","category-remiremont","category-saint-die","category-sante","tag-don-du-sang"],"acf":[],"yoast_head":"<!-- This site is optimized with the Yoast SEO plugin v22.5 - https:\/\/yoast.com\/wordpress\/plugins\/seo\/ -->\n<title>Journ\u00e9e Mondiale des Donneurs de Sang dans les Vosges - Faisons vivre la solidarit\u00e9 ! - Gerardmer Info<\/title>\n<meta name=\"robots\" content=\"index, follow, max-snippet:-1, max-image-preview:large, max-video-preview:-1\" \/>\n<link rel=\"canonical\" href=\"https:\/\/vosgesinfo.fr\/gerardmerinfo\/2025\/06\/journee-mondiale-des-donneurs-de-sang-dans-les-vosges-faisons-vivre-la-solidarite\/\" \/>\n<meta name=\"twitter:card\" content=\"summary_large_image\" \/>\n<meta name=\"twitter:title\" content=\"Journ\u00e9e Mondiale des Donneurs de Sang dans les Vosges - Faisons vivre la solidarit\u00e9 ! - Gerardmer Info\" \/>\n<meta name=\"twitter:description\" content=\"Journ\u00e9e mondiale des donneurs de sang 2025 Faisons vivre la solidarit\u00e9 ! &nbsp; \u00c0 l\u2019occasion de la Journ\u00e9e mondiale des [&hellip;]\" \/>\n<meta name=\"twitter:image\" content=\"https:\/\/vosgesinfo.fr\/app\/uploads\/sites\/6\/2025\/06\/visuel-jmds-2025.png\" \/>\n<meta name=\"twitter:creator\" content=\"@VosgesInfo88\" \/>\n<meta name=\"twitter:site\" content=\"@VosgesInfo88\" \/>\n<meta name=\"twitter:label1\" content=\"\u00c9crit par\" \/>\n\t<meta name=\"twitter:data1\" content=\"La redaction\" \/>\n\t<meta name=\"twitter:label2\" content=\"Dur\u00e9e de lecture estim\u00e9e\" \/>\n\t<meta name=\"twitter:data2\" content=\"4 minutes\" \/>\n<script type=\"application\/ld+json\" class=\"yoast-schema-graph\">{\"@context\":\"https:\/\/schema.org\",\"@graph\":[{\"@type\":\"Article\",\"@id\":\"https:\/\/vosgesinfo.fr\/gerardmerinfo\/2025\/06\/journee-mondiale-des-donneurs-de-sang-dans-les-vosges-faisons-vivre-la-solidarite\/#article\",\"isPartOf\":{\"@id\":\"https:\/\/vosgesinfo.fr\/gerardmerinfo\/2025\/06\/journee-mondiale-des-donneurs-de-sang-dans-les-vosges-faisons-vivre-la-solidarite\/\"},\"author\":{\"name\":\"La redaction\",\"@id\":\"https:\/\/vosgesinfo.fr\/gerardmerinfo\/#\/schema\/person\/27a3695b06db98895b354c0765cdfc31\"},\"headline\":\"Journ\u00e9e Mondiale des Donneurs de Sang dans les Vosges &#8211; Faisons vivre la solidarit\u00e9 !\",\"datePublished\":\"2025-06-05T03:59:58+00:00\",\"dateModified\":\"2025-06-04T19:39:50+00:00\",\"mainEntityOfPage\":{\"@id\":\"https:\/\/vosgesinfo.fr\/gerardmerinfo\/2025\/06\/journee-mondiale-des-donneurs-de-sang-dans-les-vosges-faisons-vivre-la-solidarite\/\"},\"wordCount\":700,\"commentCount\":0,\"publisher\":{\"@id\":\"https:\/\/vosgesinfo.fr\/gerardmerinfo\/#organization\"},\"image\":{\"@id\":\"https:\/\/vosgesinfo.fr\/gerardmerinfo\/2025\/06\/journee-mondiale-des-donneurs-de-sang-dans-les-vosges-faisons-vivre-la-solidarite\/#primaryimage\"},\"thumbnailUrl\":\"https:\/\/vosgesinfo.fr\/app\/uploads\/sites\/6\/2025\/06\/visuel-jmds-2025.png\",\"keywords\":[\"don du sang\"],\"articleSection\":[\"A la une\",\"Epinal\",\"G\u00e9rardmer\",\"Gerardmer\",\"La plaine des vosges\",\"Remiremont\",\"Saint-di\u00e9\",\"Sant\u00e9\"],\"inLanguage\":\"fr-FR\",\"potentialAction\":[{\"@type\":\"CommentAction\",\"name\":\"Comment\",\"target\":[\"https:\/\/vosgesinfo.fr\/gerardmerinfo\/2025\/06\/journee-mondiale-des-donneurs-de-sang-dans-les-vosges-faisons-vivre-la-solidarite\/#respond\"]}]},{\"@type\":\"WebPage\",\"@id\":\"https:\/\/vosgesinfo.fr\/gerardmerinfo\/2025\/06\/journee-mondiale-des-donneurs-de-sang-dans-les-vosges-faisons-vivre-la-solidarite\/\",\"url\":\"https:\/\/vosgesinfo.fr\/gerardmerinfo\/2025\/06\/journee-mondiale-des-donneurs-de-sang-dans-les-vosges-faisons-vivre-la-solidarite\/\",\"name\":\"Journ\u00e9e Mondiale des Donneurs de Sang dans les Vosges - Faisons vivre la solidarit\u00e9 ! - Gerardmer Info\",\"isPartOf\":{\"@id\":\"https:\/\/vosgesinfo.fr\/gerardmerinfo\/#website\"},\"primaryImageOfPage\":{\"@id\":\"https:\/\/vosgesinfo.fr\/gerardmerinfo\/2025\/06\/journee-mondiale-des-donneurs-de-sang-dans-les-vosges-faisons-vivre-la-solidarite\/#primaryimage\"},\"image\":{\"@id\":\"https:\/\/vosgesinfo.fr\/gerardmerinfo\/2025\/06\/journee-mondiale-des-donneurs-de-sang-dans-les-vosges-faisons-vivre-la-solidarite\/#primaryimage\"},\"thumbnailUrl\":\"https:\/\/vosgesinfo.fr\/app\/uploads\/sites\/6\/2025\/06\/visuel-jmds-2025.png\",\"datePublished\":\"2025-06-05T03:59:58+00:00\",\"dateModified\":\"2025-06-04T19:39:50+00:00\",\"breadcrumb\":{\"@id\":\"https:\/\/vosgesinfo.fr\/gerardmerinfo\/2025\/06\/journee-mondiale-des-donneurs-de-sang-dans-les-vosges-faisons-vivre-la-solidarite\/#breadcrumb\"},\"inLanguage\":\"fr-FR\",\"potentialAction\":[{\"@type\":\"ReadAction\",\"target\":[\"https:\/\/vosgesinfo.fr\/gerardmerinfo\/2025\/06\/journee-mondiale-des-donneurs-de-sang-dans-les-vosges-faisons-vivre-la-solidarite\/\"]}]},{\"@type\":\"ImageObject\",\"inLanguage\":\"fr-FR\",\"@id\":\"https:\/\/vosgesinfo.fr\/gerardmerinfo\/2025\/06\/journee-mondiale-des-donneurs-de-sang-dans-les-vosges-faisons-vivre-la-solidarite\/#primaryimage\",\"url\":\"https:\/\/vosgesinfo.fr\/app\/uploads\/sites\/6\/2025\/06\/visuel-jmds-2025.png\",\"contentUrl\":\"https:\/\/vosgesinfo.fr\/app\/uploads\/sites\/6\/2025\/06\/visuel-jmds-2025.png\",\"width\":1080,\"height\":1080},{\"@type\":\"BreadcrumbList\",\"@id\":\"https:\/\/vosgesinfo.fr\/gerardmerinfo\/2025\/06\/journee-mondiale-des-donneurs-de-sang-dans-les-vosges-faisons-vivre-la-solidarite\/#breadcrumb\",\"itemListElement\":[{\"@type\":\"ListItem\",\"position\":1,\"name\":\"Home\",\"item\":\"https:\/\/vosgesinfo.fr\/gerardmerinfo\/\"},{\"@type\":\"ListItem\",\"position\":2,\"name\":\"Journ\u00e9e Mondiale des Donneurs de Sang dans les Vosges &#8211; Faisons vivre la solidarit\u00e9 !\"}]},{\"@type\":\"WebSite\",\"@id\":\"https:\/\/vosgesinfo.fr\/gerardmerinfo\/#website\",\"url\":\"https:\/\/vosgesinfo.fr\/gerardmerinfo\/\",\"name\":\"Gerardmer Info\",\"description\":\"Toute l&#039;actualit\u00e9 de G\u00e9rardmer\",\"publisher\":{\"@id\":\"https:\/\/vosgesinfo.fr\/gerardmerinfo\/#organization\"},\"alternateName\":\"Toute l'actualit\u00e9 de G\u00e9rardmer\",\"potentialAction\":[{\"@type\":\"SearchAction\",\"target\":{\"@type\":\"EntryPoint\",\"urlTemplate\":\"https:\/\/vosgesinfo.fr\/gerardmerinfo\/?s={search_term_string}\"},\"query-input\":\"required name=search_term_string\"}],\"inLanguage\":\"fr-FR\"},{\"@type\":\"Organization\",\"@id\":\"https:\/\/vosgesinfo.fr\/gerardmerinfo\/#organization\",\"name\":\"Gerardmer Info\",\"url\":\"https:\/\/vosgesinfo.fr\/gerardmerinfo\/\",\"logo\":{\"@type\":\"ImageObject\",\"inLanguage\":\"fr-FR\",\"@id\":\"https:\/\/vosgesinfo.fr\/gerardmerinfo\/#\/schema\/logo\/image\/\",\"url\":\"https:\/\/vosgesinfo.fr\/app\/uploads\/sites\/6\/2023\/08\/favicon-gerardmerinfo.png\",\"contentUrl\":\"https:\/\/vosgesinfo.fr\/app\/uploads\/sites\/6\/2023\/08\/favicon-gerardmerinfo.png\",\"width\":512,\"height\":512,\"caption\":\"Gerardmer Info\"},\"image\":{\"@id\":\"https:\/\/vosgesinfo.fr\/gerardmerinfo\/#\/schema\/logo\/image\/\"},\"sameAs\":[\"https:\/\/www.facebook.com\/profile.php?id=100049475262660\",\"https:\/\/x.com\/VosgesInfo88\",\"https:\/\/www.youtube.com\/@vosgesinfo\"]},{\"@type\":\"Person\",\"@id\":\"https:\/\/vosgesinfo.fr\/gerardmerinfo\/#\/schema\/person\/27a3695b06db98895b354c0765cdfc31\",\"name\":\"La redaction\",\"image\":{\"@type\":\"ImageObject\",\"inLanguage\":\"fr-FR\",\"@id\":\"https:\/\/vosgesinfo.fr\/gerardmerinfo\/#\/schema\/person\/image\/\",\"url\":\"https:\/\/secure.gravatar.com\/avatar\/64c76a78e501cedee55736f43f332df901e1896ae9cd8fad269ae2236dd0e8b6?s=96&d=mm&r=g\",\"contentUrl\":\"https:\/\/secure.gravatar.com\/avatar\/64c76a78e501cedee55736f43f332df901e1896ae9cd8fad269ae2236dd0e8b6?s=96&d=mm&r=g\",\"caption\":\"La redaction\"},\"url\":\"https:\/\/vosgesinfo.fr\/gerardmerinfo\/author\/la-redaction\/\"}]}<\/script>\n<!-- \/ Yoast SEO plugin. -->","yoast_head_json":{"title":"Journ\u00e9e Mondiale des Donneurs de Sang dans les Vosges - Faisons vivre la solidarit\u00e9 ! - Gerardmer Info","robots":{"index":"index","follow":"follow","max-snippet":"max-snippet:-1","max-image-preview":"max-image-preview:large","max-video-preview":"max-video-preview:-1"},"canonical":"https:\/\/vosgesinfo.fr\/gerardmerinfo\/2025\/06\/journee-mondiale-des-donneurs-de-sang-dans-les-vosges-faisons-vivre-la-solidarite\/","twitter_card":"summary_large_image","twitter_title":"Journ\u00e9e Mondiale des Donneurs de Sang dans les Vosges - Faisons vivre la solidarit\u00e9 ! - Gerardmer Info","twitter_description":"Journ\u00e9e mondiale des donneurs de sang 2025 Faisons vivre la solidarit\u00e9 ! &nbsp; \u00c0 l\u2019occasion de la Journ\u00e9e mondiale des [&hellip;]","twitter_image":"https:\/\/vosgesinfo.fr\/app\/uploads\/sites\/6\/2025\/06\/visuel-jmds-2025.png","twitter_creator":"@VosgesInfo88","twitter_site":"@VosgesInfo88","twitter_misc":{"\u00c9crit par":"La redaction","Dur\u00e9e de lecture estim\u00e9e":"4 minutes"},"schema":{"@context":"https:\/\/schema.org","@graph":[{"@type":"Article","@id":"https:\/\/vosgesinfo.fr\/gerardmerinfo\/2025\/06\/journee-mondiale-des-donneurs-de-sang-dans-les-vosges-faisons-vivre-la-solidarite\/#article","isPartOf":{"@id":"https:\/\/vosgesinfo.fr\/gerardmerinfo\/2025\/06\/journee-mondiale-des-donneurs-de-sang-dans-les-vosges-faisons-vivre-la-solidarite\/"},"author":{"name":"La redaction","@id":"https:\/\/vosgesinfo.fr\/gerardmerinfo\/#\/schema\/person\/27a3695b06db98895b354c0765cdfc31"},"headline":"Journ\u00e9e Mondiale des Donneurs de Sang dans les Vosges &#8211; Faisons vivre la solidarit\u00e9 !","datePublished":"2025-06-05T03:59:58+00:00","dateModified":"2025-06-04T19:39:50+00:00","mainEntityOfPage":{"@id":"https:\/\/vosgesinfo.fr\/gerardmerinfo\/2025\/06\/journee-mondiale-des-donneurs-de-sang-dans-les-vosges-faisons-vivre-la-solidarite\/"},"wordCount":700,"commentCount":0,"publisher":{"@id":"https:\/\/vosgesinfo.fr\/gerardmerinfo\/#organization"},"image":{"@id":"https:\/\/vosgesinfo.fr\/gerardmerinfo\/2025\/06\/journee-mondiale-des-donneurs-de-sang-dans-les-vosges-faisons-vivre-la-solidarite\/#primaryimage"},"thumbnailUrl":"https:\/\/vosgesinfo.fr\/app\/uploads\/sites\/6\/2025\/06\/visuel-jmds-2025.png","keywords":["don du sang"],"articleSection":["A la une","Epinal","G\u00e9rardmer","Gerardmer","La plaine des vosges","Remiremont","Saint-di\u00e9","Sant\u00e9"],"inLanguage":"fr-FR","potentialAction":[{"@type":"CommentAction","name":"Comment","target":["https:\/\/vosgesinfo.fr\/gerardmerinfo\/2025\/06\/journee-mondiale-des-donneurs-de-sang-dans-les-vosges-faisons-vivre-la-solidarite\/#respond"]}]},{"@type":"WebPage","@id":"https:\/\/vosgesinfo.fr\/gerardmerinfo\/2025\/06\/journee-mondiale-des-donneurs-de-sang-dans-les-vosges-faisons-vivre-la-solidarite\/","url":"https:\/\/vosgesinfo.fr\/gerardmerinfo\/2025\/06\/journee-mondiale-des-donneurs-de-sang-dans-les-vosges-faisons-vivre-la-solidarite\/","name":"Journ\u00e9e Mondiale des Donneurs de Sang dans les Vosges - Faisons vivre la solidarit\u00e9 ! - Gerardmer Info","isPartOf":{"@id":"https:\/\/vosgesinfo.fr\/gerardmerinfo\/#website"},"primaryImageOfPage":{"@id":"https:\/\/vosgesinfo.fr\/gerardmerinfo\/2025\/06\/journee-mondiale-des-donneurs-de-sang-dans-les-vosges-faisons-vivre-la-solidarite\/#primaryimage"},"image":{"@id":"https:\/\/vosgesinfo.fr\/gerardmerinfo\/2025\/06\/journee-mondiale-des-donneurs-de-sang-dans-les-vosges-faisons-vivre-la-solidarite\/#primaryimage"},"thumbnailUrl":"https:\/\/vosgesinfo.fr\/app\/uploads\/sites\/6\/2025\/06\/visuel-jmds-2025.png","datePublished":"2025-06-05T03:59:58+00:00","dateModified":"2025-06-04T19:39:50+00:00","breadcrumb":{"@id":"https:\/\/vosgesinfo.fr\/gerardmerinfo\/2025\/06\/journee-mondiale-des-donneurs-de-sang-dans-les-vosges-faisons-vivre-la-solidarite\/#breadcrumb"},"inLanguage":"fr-FR","potentialAction":[{"@type":"ReadAction","target":["https:\/\/vosgesinfo.fr\/gerardmerinfo\/2025\/06\/journee-mondiale-des-donneurs-de-sang-dans-les-vosges-faisons-vivre-la-solidarite\/"]}]},{"@type":"ImageObject","inLanguage":"fr-FR","@id":"https:\/\/vosgesinfo.fr\/gerardmerinfo\/2025\/06\/journee-mondiale-des-donneurs-de-sang-dans-les-vosges-faisons-vivre-la-solidarite\/#primaryimage","url":"https:\/\/vosgesinfo.fr\/app\/uploads\/sites\/6\/2025\/06\/visuel-jmds-2025.png","contentUrl":"https:\/\/vosgesinfo.fr\/app\/uploads\/sites\/6\/2025\/06\/visuel-jmds-2025.png","width":1080,"height":1080},{"@type":"BreadcrumbList","@id":"https:\/\/vosgesinfo.fr\/gerardmerinfo\/2025\/06\/journee-mondiale-des-donneurs-de-sang-dans-les-vosges-faisons-vivre-la-solidarite\/#breadcrumb","itemListElement":[{"@type":"ListItem","position":1,"name":"Home","item":"https:\/\/vosgesinfo.fr\/gerardmerinfo\/"},{"@type":"ListItem","position":2,"name":"Journ\u00e9e Mondiale des Donneurs de Sang dans les Vosges &#8211; Faisons vivre la solidarit\u00e9 !"}]},{"@type":"WebSite","@id":"https:\/\/vosgesinfo.fr\/gerardmerinfo\/#website","url":"https:\/\/vosgesinfo.fr\/gerardmerinfo\/","name":"Gerardmer Info","description":"Toute l&#039;actualit\u00e9 de G\u00e9rardmer","publisher":{"@id":"https:\/\/vosgesinfo.fr\/gerardmerinfo\/#organization"},"alternateName":"Toute l'actualit\u00e9 de G\u00e9rardmer","potentialAction":[{"@type":"SearchAction","target":{"@type":"EntryPoint","urlTemplate":"https:\/\/vosgesinfo.fr\/gerardmerinfo\/?s={search_term_string}"},"query-input":"required name=search_term_string"}],"inLanguage":"fr-FR"},{"@type":"Organization","@id":"https:\/\/vosgesinfo.fr\/gerardmerinfo\/#organization","name":"Gerardmer Info","url":"https:\/\/vosgesinfo.fr\/gerardmerinfo\/","logo":{"@type":"ImageObject","inLanguage":"fr-FR","@id":"https:\/\/vosgesinfo.fr\/gerardmerinfo\/#\/schema\/logo\/image\/","url":"https:\/\/vosgesinfo.fr\/app\/uploads\/sites\/6\/2023\/08\/favicon-gerardmerinfo.png","contentUrl":"https:\/\/vosgesinfo.fr\/app\/uploads\/sites\/6\/2023\/08\/favicon-gerardmerinfo.png","width":512,"height":512,"caption":"Gerardmer Info"},"image":{"@id":"https:\/\/vosgesinfo.fr\/gerardmerinfo\/#\/schema\/logo\/image\/"},"sameAs":["https:\/\/www.facebook.com\/profile.php?id=100049475262660","https:\/\/x.com\/VosgesInfo88","https:\/\/www.youtube.com\/@vosgesinfo"]},{"@type":"Person","@id":"https:\/\/vosgesinfo.fr\/gerardmerinfo\/#\/schema\/person\/27a3695b06db98895b354c0765cdfc31","name":"La redaction","image":{"@type":"ImageObject","inLanguage":"fr-FR","@id":"https:\/\/vosgesinfo.fr\/gerardmerinfo\/#\/schema\/person\/image\/","url":"https:\/\/secure.gravatar.com\/avatar\/64c76a78e501cedee55736f43f332df901e1896ae9cd8fad269ae2236dd0e8b6?s=96&d=mm&r=g","contentUrl":"https:\/\/secure.gravatar.com\/avatar\/64c76a78e501cedee55736f43f332df901e1896ae9cd8fad269ae2236dd0e8b6?s=96&d=mm&r=g","caption":"La redaction"},"url":"https:\/\/vosgesinfo.fr\/gerardmerinfo\/author\/la-redaction\/"}]}},"_links":{"self":[{"href":"https:\/\/vosgesinfo.fr\/gerardmerinfo\/wp-json\/wp\/v2\/posts\/78808","targetHints":{"allow":["GET"]}}],"collection":[{"href":"https:\/\/vosgesinfo.fr\/gerardmerinfo\/wp-json\/wp\/v2\/posts"}],"about":[{"href":"https:\/\/vosgesinfo.fr\/gerardmerinfo\/wp-json\/wp\/v2\/types\/post"}],"author":[{"embeddable":true,"href":"https:\/\/vosgesinfo.fr\/gerardmerinfo\/wp-json\/wp\/v2\/users\/391"}],"replies":[{"embeddable":true,"href":"https:\/\/vosgesinfo.fr\/gerardmerinfo\/wp-json\/wp\/v2\/comments?post=78808"}],"version-history":[{"count":2,"href":"https:\/\/vosgesinfo.fr\/gerardmerinfo\/wp-json\/wp\/v2\/posts\/78808\/revisions"}],"predecessor-version":[{"id":78812,"href":"https:\/\/vosgesinfo.fr\/gerardmerinfo\/wp-json\/wp\/v2\/posts\/78808\/revisions\/78812"}],"wp:featuredmedia":[{"embeddable":true,"href":"https:\/\/vosgesinfo.fr\/gerardmerinfo\/wp-json\/wp\/v2\/media\/78810"}],"wp:attachment":[{"href":"https:\/\/vosgesinfo.fr\/gerardmerinfo\/wp-json\/wp\/v2\/media?parent=78808"}],"wp:term":[{"taxonomy":"category","embeddable":true,"href":"https:\/\/vosgesinfo.fr\/gerardmerinfo\/wp-json\/wp\/v2\/categories?post=78808"},{"taxonomy":"post_tag","embeddable":true,"href":"https:\/\/vosgesinfo.fr\/gerardmerinfo\/wp-json\/wp\/v2\/tags?post=78808"}],"curies":[{"name":"wp","href":"https:\/\/api.w.org\/{rel}","templated":true}]}}