{"id":78813,"date":"2025-06-05T08:30:39","date_gmt":"2025-06-05T06:30:39","guid":{"rendered":"https:\/\/vosgesinfo.fr\/gerardmerinfo\/?p=78813"},"modified":"2025-06-05T08:30:39","modified_gmt":"2025-06-05T06:30:39","slug":"les-actualites-de-juin-de-lassociation-etc-terra","status":"publish","type":"post","link":"https:\/\/vosgesinfo.fr\/gerardmerinfo\/2025\/06\/les-actualites-de-juin-de-lassociation-etc-terra\/","title":{"rendered":"Les actualit\u00e9s de juin de l\u2019association ETC\u2026 Terra"},"content":{"rendered":"<h3><strong>Programme \u00ab\u00a0En Plaine Nature\u00a0\u00bb<\/strong><\/h3>\n<p><a href=\"https:\/\/vosgesinfo.fr\/app\/uploads\/sites\/4\/2025\/06\/programme-etc.-7.jpg\"><img decoding=\"async\" class=\"alignnone size-large wp-image-78656\" src=\"https:\/\/vosgesinfo.fr\/app\/uploads\/sites\/4\/2025\/06\/programme-etc.-7-722x1024.jpg\" alt=\"\" width=\"722\" height=\"1024\" \/><\/a><\/p>\n<h3><strong>F\u00eate patronale \u00e0 Pierre-Perc\u00e9e<\/strong><\/h3>\n<p><strong>Dimanche 8 juin, de 10h \u00e0 17h \u2013 Centre du village<\/strong><br \/>\n<strong>Animations sur stand<\/strong> autour du <strong>th\u00e8me de l\u2019eau<\/strong>.<\/p>\n<p><a href=\"https:\/\/vosgesinfo.fr\/app\/uploads\/sites\/4\/2025\/06\/programme-etc.-1.jpg\"><img decoding=\"async\" class=\"alignnone size-full wp-image-78650\" src=\"https:\/\/vosgesinfo.fr\/app\/uploads\/sites\/4\/2025\/06\/programme-etc.-1.jpg\" alt=\"\" width=\"724\" height=\"1024\" \/><\/a><\/p>\n<h3><strong>D\u00e9couverte d\u2019un ENS : Une Nuit en For\u00eat<\/strong><\/h3>\n<p><strong>Samedi 14 juin, de 16h \u00e0 20h \u2013 Espace Naturel Sensible de Bertrichamps<\/strong><br \/>\nTrois animations successives, pour diff\u00e9rents publics :<\/p>\n<ul>\n<li>Les <strong>animaux des for\u00eats<\/strong>,<\/li>\n<li>Les <strong>bons gestes \u00e0 adopter<\/strong>,<\/li>\n<li>Les <strong>tourbi\u00e8res<\/strong>.<br \/>\n<strong>Infos et inscriptions<\/strong> : <a href=\"https:\/\/www.eventbrite.fr\/e\/billets-decouverte-dun-ens-une-nuit-en-foret-1142665044909\" target=\"_blank\" rel=\"noopener\">eventbrite.fr<\/a><\/li>\n<\/ul>\n<p><a href=\"https:\/\/vosgesinfo.fr\/app\/uploads\/sites\/4\/2025\/06\/programme-etc.-2.jpg\"><img decoding=\"async\" class=\"alignnone size-large wp-image-78651\" src=\"https:\/\/vosgesinfo.fr\/app\/uploads\/sites\/4\/2025\/06\/programme-etc.-2-1024x682.jpg\" alt=\"\" width=\"1024\" height=\"682\" \/><\/a><\/p>\n<h3><strong>Plantes m\u00e9dicinales et comestibles<\/strong><\/h3>\n<p><strong>Samedi 14 juin, de 9h30 \u00e0 12h \u2013 Bionville<\/strong> (lieu exact communiqu\u00e9 lors de l\u2019inscription)<br \/>\n<strong>Sortie nature<\/strong> int\u00e9gr\u00e9e au programme <em>En Plaine Nature<\/em>.<br \/>\nD\u00e9couverte des <strong>plantes de bord de chemin<\/strong>, connues pour leurs <strong>saveurs<\/strong> et <strong>bienfaits<\/strong>.<\/p>\n<p><a href=\"https:\/\/vosgesinfo.fr\/app\/uploads\/sites\/4\/2025\/06\/programme-etc.-3.jpg\"><img decoding=\"async\" class=\"alignnone size-large wp-image-78652\" src=\"https:\/\/vosgesinfo.fr\/app\/uploads\/sites\/4\/2025\/06\/programme-etc.-3-1024x682.jpg\" alt=\"\" width=\"1024\" height=\"682\" \/><\/a><\/p>\n<h3><strong>Semaine du d\u00e9veloppement durable \u2013 G\u00e9rardmer<\/strong><\/h3>\n<p><strong>Samedi 28 juin, de 10h \u00e0 18h<\/strong><br \/>\n<strong>Stand<\/strong> sur la <strong>f\u00eate du village<\/strong>, dans le cadre du <strong>forum des acteurs du d\u00e9veloppement durable<\/strong>, de la <strong>transition \u00e9cologique<\/strong> et de la <strong>nature<\/strong>.<\/p>\n<h3><strong>\u00c0 la d\u00e9couverte des papillons du Massif des Vosges<\/strong><\/h3>\n<p><strong>La Boussole \u2013 Saint-Di\u00e9-des-Vosges<\/strong><\/p>\n<ul>\n<li><strong>Mercredi 16 juillet<\/strong> \u00e0 14h30 et 16h<\/li>\n<li><strong>Samedi 26 juillet<\/strong> \u00e0 14h30 et 16h<\/li>\n<li><strong>Vendredi 8 ao\u00fbt<\/strong> \u00e0 14h30 et 16h<br \/>\nAnimations en lien avec l\u2019exposition du Parc naturel r\u00e9gional des Ballons des Vosges :<br \/>\n<strong>\u00ab Lumi\u00e8re sur les papillons du Massif vosgien \u00bb<\/strong><\/li>\n<\/ul>\n<p><a href=\"https:\/\/vosgesinfo.fr\/app\/uploads\/sites\/4\/2025\/06\/programme-etc.-4.jpg\"><img decoding=\"async\" class=\"alignnone size-large wp-image-78653\" src=\"https:\/\/vosgesinfo.fr\/app\/uploads\/sites\/4\/2025\/06\/programme-etc.-4-1024x710.jpg\" alt=\"\" width=\"1024\" height=\"710\" \/><\/a><\/p>\n<h3><strong>Se reconnecter \u00e0 la nature<\/strong><\/h3>\n<p><strong>Jeudi 17 juillet \u00e0 14h30 \u2013 Celles-sur-Plaine<\/strong><br \/>\nSortie sensorielle pour <strong>\u00e9veiller les sens<\/strong> et renouer avec la <strong>nature<\/strong>.<\/p>\n<p><a href=\"https:\/\/vosgesinfo.fr\/app\/uploads\/sites\/4\/2025\/06\/programme-etc.-5.jpg\"><img decoding=\"async\" class=\"alignnone size-large wp-image-78654\" src=\"https:\/\/vosgesinfo.fr\/app\/uploads\/sites\/4\/2025\/06\/programme-etc.-5-1024x682.jpg\" alt=\"\" width=\"1024\" height=\"682\" \/><\/a><\/p>\n<h3><strong>D\u00e9couverte de La Plaine<\/strong><\/h3>\n<p><strong>Jeudi 24 juillet \u00e0 14h30 \u2013 Celles-sur-Plaine<\/strong><br \/>\n\u00c0 la rencontre de la rivi\u00e8re <strong>La Plaine<\/strong>, <strong>embl\u00e9matique<\/strong> de la vall\u00e9e, et de ses <strong>richesses naturelles<\/strong>.<\/p>\n<p><a href=\"https:\/\/vosgesinfo.fr\/app\/uploads\/sites\/4\/2025\/06\/programme-etc.-6.jpg\"><img decoding=\"async\" class=\"alignnone size-large wp-image-78655\" src=\"https:\/\/vosgesinfo.fr\/app\/uploads\/sites\/4\/2025\/06\/programme-etc.-6-1024x682.jpg\" alt=\"\" width=\"1024\" height=\"682\" \/><\/a><\/p>\n","protected":false},"excerpt":{"rendered":"<p>Programme \u00ab\u00a0En Plaine Nature\u00a0\u00bb F\u00eate patronale \u00e0 Pierre-Perc\u00e9e Dimanche 8 juin, de 10h \u00e0 17h \u2013 Centre du village Animations [&hellip;]<\/p>\n","protected":false},"author":46,"featured_media":78814,"comment_status":"open","ping_status":"open","sticky":false,"template":"","format":"standard","meta":{"footnotes":""},"categories":[20,871,7,25,17],"tags":[1188,7413],"class_list":["post-78813","post","type-post","status-publish","format-standard","has-post-thumbnail","hentry","category-a-la-une","category-deodatie","category-environnement","category-gerardmer","category-vie-associative","tag-etc-terra","tag-les-actualites-de-juin-de-lassociation-etc-terra"],"acf":[],"yoast_head":"<!-- This site is optimized with the Yoast SEO plugin v22.5 - https:\/\/yoast.com\/wordpress\/plugins\/seo\/ -->\n<title>Les actualit\u00e9s de juin de l\u2019association ETC\u2026 Terra - Gerardmer Info<\/title>\n<meta name=\"robots\" content=\"index, follow, max-snippet:-1, max-image-preview:large, max-video-preview:-1\" \/>\n<link rel=\"canonical\" href=\"https:\/\/vosgesinfo.fr\/gerardmerinfo\/2025\/06\/les-actualites-de-juin-de-lassociation-etc-terra\/\" \/>\n<meta name=\"twitter:card\" content=\"summary_large_image\" \/>\n<meta name=\"twitter:title\" content=\"Les actualit\u00e9s de juin de l\u2019association ETC\u2026 Terra - Gerardmer Info\" \/>\n<meta name=\"twitter:description\" content=\"Programme \u00ab\u00a0En Plaine Nature\u00a0\u00bb F\u00eate patronale \u00e0 Pierre-Perc\u00e9e Dimanche 8 juin, de 10h \u00e0 17h \u2013 Centre du village Animations [&hellip;]\" \/>\n<meta name=\"twitter:image\" content=\"https:\/\/vosgesinfo.fr\/app\/uploads\/sites\/6\/2025\/06\/programme-etc.-5.jpg\" \/>\n<meta name=\"twitter:creator\" content=\"@VosgesInfo88\" \/>\n<meta name=\"twitter:site\" content=\"@VosgesInfo88\" \/>\n<meta name=\"twitter:label1\" content=\"\u00c9crit par\" \/>\n\t<meta name=\"twitter:data1\" content=\"J.J.\" \/>\n\t<meta name=\"twitter:label2\" content=\"Dur\u00e9e de lecture estim\u00e9e\" \/>\n\t<meta name=\"twitter:data2\" content=\"1 minute\" \/>\n<script type=\"application\/ld+json\" class=\"yoast-schema-graph\">{\"@context\":\"https:\/\/schema.org\",\"@graph\":[{\"@type\":\"Article\",\"@id\":\"https:\/\/vosgesinfo.fr\/gerardmerinfo\/2025\/06\/les-actualites-de-juin-de-lassociation-etc-terra\/#article\",\"isPartOf\":{\"@id\":\"https:\/\/vosgesinfo.fr\/gerardmerinfo\/2025\/06\/les-actualites-de-juin-de-lassociation-etc-terra\/\"},\"author\":{\"name\":\"J.J.\",\"@id\":\"https:\/\/vosgesinfo.fr\/gerardmerinfo\/#\/schema\/person\/fa73e9f726d67bb88f46d5b7943cb572\"},\"headline\":\"Les actualit\u00e9s de juin de l\u2019association ETC\u2026 Terra\",\"datePublished\":\"2025-06-05T06:30:39+00:00\",\"dateModified\":\"2025-06-05T06:30:39+00:00\",\"mainEntityOfPage\":{\"@id\":\"https:\/\/vosgesinfo.fr\/gerardmerinfo\/2025\/06\/les-actualites-de-juin-de-lassociation-etc-terra\/\"},\"wordCount\":260,\"commentCount\":0,\"publisher\":{\"@id\":\"https:\/\/vosgesinfo.fr\/gerardmerinfo\/#organization\"},\"image\":{\"@id\":\"https:\/\/vosgesinfo.fr\/gerardmerinfo\/2025\/06\/les-actualites-de-juin-de-lassociation-etc-terra\/#primaryimage\"},\"thumbnailUrl\":\"https:\/\/vosgesinfo.fr\/app\/uploads\/sites\/6\/2025\/06\/programme-etc.-5.jpg\",\"keywords\":[\"ETC... Terra\",\"Les actualit\u00e9s de juin de l\u2019association ETC\u2026 Terra\"],\"articleSection\":[\"A la une\",\"D\u00e9odatie\",\"Environnement\",\"G\u00e9rardmer\",\"Vie Associative\"],\"inLanguage\":\"fr-FR\",\"potentialAction\":[{\"@type\":\"CommentAction\",\"name\":\"Comment\",\"target\":[\"https:\/\/vosgesinfo.fr\/gerardmerinfo\/2025\/06\/les-actualites-de-juin-de-lassociation-etc-terra\/#respond\"]}]},{\"@type\":\"WebPage\",\"@id\":\"https:\/\/vosgesinfo.fr\/gerardmerinfo\/2025\/06\/les-actualites-de-juin-de-lassociation-etc-terra\/\",\"url\":\"https:\/\/vosgesinfo.fr\/gerardmerinfo\/2025\/06\/les-actualites-de-juin-de-lassociation-etc-terra\/\",\"name\":\"Les actualit\u00e9s de juin de l\u2019association ETC\u2026 Terra - Gerardmer Info\",\"isPartOf\":{\"@id\":\"https:\/\/vosgesinfo.fr\/gerardmerinfo\/#website\"},\"primaryImageOfPage\":{\"@id\":\"https:\/\/vosgesinfo.fr\/gerardmerinfo\/2025\/06\/les-actualites-de-juin-de-lassociation-etc-terra\/#primaryimage\"},\"image\":{\"@id\":\"https:\/\/vosgesinfo.fr\/gerardmerinfo\/2025\/06\/les-actualites-de-juin-de-lassociation-etc-terra\/#primaryimage\"},\"thumbnailUrl\":\"https:\/\/vosgesinfo.fr\/app\/uploads\/sites\/6\/2025\/06\/programme-etc.-5.jpg\",\"datePublished\":\"2025-06-05T06:30:39+00:00\",\"dateModified\":\"2025-06-05T06:30:39+00:00\",\"breadcrumb\":{\"@id\":\"https:\/\/vosgesinfo.fr\/gerardmerinfo\/2025\/06\/les-actualites-de-juin-de-lassociation-etc-terra\/#breadcrumb\"},\"inLanguage\":\"fr-FR\",\"potentialAction\":[{\"@type\":\"ReadAction\",\"target\":[\"https:\/\/vosgesinfo.fr\/gerardmerinfo\/2025\/06\/les-actualites-de-juin-de-lassociation-etc-terra\/\"]}]},{\"@type\":\"ImageObject\",\"inLanguage\":\"fr-FR\",\"@id\":\"https:\/\/vosgesinfo.fr\/gerardmerinfo\/2025\/06\/les-actualites-de-juin-de-lassociation-etc-terra\/#primaryimage\",\"url\":\"https:\/\/vosgesinfo.fr\/app\/uploads\/sites\/6\/2025\/06\/programme-etc.-5.jpg\",\"contentUrl\":\"https:\/\/vosgesinfo.fr\/app\/uploads\/sites\/6\/2025\/06\/programme-etc.-5.jpg\",\"width\":1280,\"height\":853},{\"@type\":\"BreadcrumbList\",\"@id\":\"https:\/\/vosgesinfo.fr\/gerardmerinfo\/2025\/06\/les-actualites-de-juin-de-lassociation-etc-terra\/#breadcrumb\",\"itemListElement\":[{\"@type\":\"ListItem\",\"position\":1,\"name\":\"Home\",\"item\":\"https:\/\/vosgesinfo.fr\/gerardmerinfo\/\"},{\"@type\":\"ListItem\",\"position\":2,\"name\":\"Les actualit\u00e9s de juin de l\u2019association ETC\u2026 Terra\"}]},{\"@type\":\"WebSite\",\"@id\":\"https:\/\/vosgesinfo.fr\/gerardmerinfo\/#website\",\"url\":\"https:\/\/vosgesinfo.fr\/gerardmerinfo\/\",\"name\":\"Gerardmer Info\",\"description\":\"Toute l&#039;actualit\u00e9 de G\u00e9rardmer\",\"publisher\":{\"@id\":\"https:\/\/vosgesinfo.fr\/gerardmerinfo\/#organization\"},\"alternateName\":\"Toute l'actualit\u00e9 de G\u00e9rardmer\",\"potentialAction\":[{\"@type\":\"SearchAction\",\"target\":{\"@type\":\"EntryPoint\",\"urlTemplate\":\"https:\/\/vosgesinfo.fr\/gerardmerinfo\/?s={search_term_string}\"},\"query-input\":\"required name=search_term_string\"}],\"inLanguage\":\"fr-FR\"},{\"@type\":\"Organization\",\"@id\":\"https:\/\/vosgesinfo.fr\/gerardmerinfo\/#organization\",\"name\":\"Gerardmer Info\",\"url\":\"https:\/\/vosgesinfo.fr\/gerardmerinfo\/\",\"logo\":{\"@type\":\"ImageObject\",\"inLanguage\":\"fr-FR\",\"@id\":\"https:\/\/vosgesinfo.fr\/gerardmerinfo\/#\/schema\/logo\/image\/\",\"url\":\"https:\/\/vosgesinfo.fr\/app\/uploads\/sites\/6\/2023\/08\/favicon-gerardmerinfo.png\",\"contentUrl\":\"https:\/\/vosgesinfo.fr\/app\/uploads\/sites\/6\/2023\/08\/favicon-gerardmerinfo.png\",\"width\":512,\"height\":512,\"caption\":\"Gerardmer Info\"},\"image\":{\"@id\":\"https:\/\/vosgesinfo.fr\/gerardmerinfo\/#\/schema\/logo\/image\/\"},\"sameAs\":[\"https:\/\/www.facebook.com\/profile.php?id=100049475262660\",\"https:\/\/x.com\/VosgesInfo88\",\"https:\/\/www.youtube.com\/@vosgesinfo\"]},{\"@type\":\"Person\",\"@id\":\"https:\/\/vosgesinfo.fr\/gerardmerinfo\/#\/schema\/person\/fa73e9f726d67bb88f46d5b7943cb572\",\"name\":\"J.J.\",\"image\":{\"@type\":\"ImageObject\",\"inLanguage\":\"fr-FR\",\"@id\":\"https:\/\/vosgesinfo.fr\/gerardmerinfo\/#\/schema\/person\/image\/\",\"url\":\"https:\/\/secure.gravatar.com\/avatar\/219e749e47ffbcca018a360ae4add7d4cdf1cdaaf8bc7676b27efade3fe65615?s=96&d=mm&r=g\",\"contentUrl\":\"https:\/\/secure.gravatar.com\/avatar\/219e749e47ffbcca018a360ae4add7d4cdf1cdaaf8bc7676b27efade3fe65615?s=96&d=mm&r=g\",\"caption\":\"J.J.\"},\"url\":\"https:\/\/vosgesinfo.fr\/gerardmerinfo\/author\/j-j\/\"}]}<\/script>\n<!-- \/ Yoast SEO plugin. -->","yoast_head_json":{"title":"Les actualit\u00e9s de juin de l\u2019association ETC\u2026 Terra - Gerardmer Info","robots":{"index":"index","follow":"follow","max-snippet":"max-snippet:-1","max-image-preview":"max-image-preview:large","max-video-preview":"max-video-preview:-1"},"canonical":"https:\/\/vosgesinfo.fr\/gerardmerinfo\/2025\/06\/les-actualites-de-juin-de-lassociation-etc-terra\/","twitter_card":"summary_large_image","twitter_title":"Les actualit\u00e9s de juin de l\u2019association ETC\u2026 Terra - Gerardmer Info","twitter_description":"Programme \u00ab\u00a0En Plaine Nature\u00a0\u00bb F\u00eate patronale \u00e0 Pierre-Perc\u00e9e Dimanche 8 juin, de 10h \u00e0 17h \u2013 Centre du village Animations [&hellip;]","twitter_image":"https:\/\/vosgesinfo.fr\/app\/uploads\/sites\/6\/2025\/06\/programme-etc.-5.jpg","twitter_creator":"@VosgesInfo88","twitter_site":"@VosgesInfo88","twitter_misc":{"\u00c9crit par":"J.J.","Dur\u00e9e de lecture estim\u00e9e":"1 minute"},"schema":{"@context":"https:\/\/schema.org","@graph":[{"@type":"Article","@id":"https:\/\/vosgesinfo.fr\/gerardmerinfo\/2025\/06\/les-actualites-de-juin-de-lassociation-etc-terra\/#article","isPartOf":{"@id":"https:\/\/vosgesinfo.fr\/gerardmerinfo\/2025\/06\/les-actualites-de-juin-de-lassociation-etc-terra\/"},"author":{"name":"J.J.","@id":"https:\/\/vosgesinfo.fr\/gerardmerinfo\/#\/schema\/person\/fa73e9f726d67bb88f46d5b7943cb572"},"headline":"Les actualit\u00e9s de juin de l\u2019association ETC\u2026 Terra","datePublished":"2025-06-05T06:30:39+00:00","dateModified":"2025-06-05T06:30:39+00:00","mainEntityOfPage":{"@id":"https:\/\/vosgesinfo.fr\/gerardmerinfo\/2025\/06\/les-actualites-de-juin-de-lassociation-etc-terra\/"},"wordCount":260,"commentCount":0,"publisher":{"@id":"https:\/\/vosgesinfo.fr\/gerardmerinfo\/#organization"},"image":{"@id":"https:\/\/vosgesinfo.fr\/gerardmerinfo\/2025\/06\/les-actualites-de-juin-de-lassociation-etc-terra\/#primaryimage"},"thumbnailUrl":"https:\/\/vosgesinfo.fr\/app\/uploads\/sites\/6\/2025\/06\/programme-etc.-5.jpg","keywords":["ETC... Terra","Les actualit\u00e9s de juin de l\u2019association ETC\u2026 Terra"],"articleSection":["A la une","D\u00e9odatie","Environnement","G\u00e9rardmer","Vie Associative"],"inLanguage":"fr-FR","potentialAction":[{"@type":"CommentAction","name":"Comment","target":["https:\/\/vosgesinfo.fr\/gerardmerinfo\/2025\/06\/les-actualites-de-juin-de-lassociation-etc-terra\/#respond"]}]},{"@type":"WebPage","@id":"https:\/\/vosgesinfo.fr\/gerardmerinfo\/2025\/06\/les-actualites-de-juin-de-lassociation-etc-terra\/","url":"https:\/\/vosgesinfo.fr\/gerardmerinfo\/2025\/06\/les-actualites-de-juin-de-lassociation-etc-terra\/","name":"Les actualit\u00e9s de juin de l\u2019association ETC\u2026 Terra - Gerardmer Info","isPartOf":{"@id":"https:\/\/vosgesinfo.fr\/gerardmerinfo\/#website"},"primaryImageOfPage":{"@id":"https:\/\/vosgesinfo.fr\/gerardmerinfo\/2025\/06\/les-actualites-de-juin-de-lassociation-etc-terra\/#primaryimage"},"image":{"@id":"https:\/\/vosgesinfo.fr\/gerardmerinfo\/2025\/06\/les-actualites-de-juin-de-lassociation-etc-terra\/#primaryimage"},"thumbnailUrl":"https:\/\/vosgesinfo.fr\/app\/uploads\/sites\/6\/2025\/06\/programme-etc.-5.jpg","datePublished":"2025-06-05T06:30:39+00:00","dateModified":"2025-06-05T06:30:39+00:00","breadcrumb":{"@id":"https:\/\/vosgesinfo.fr\/gerardmerinfo\/2025\/06\/les-actualites-de-juin-de-lassociation-etc-terra\/#breadcrumb"},"inLanguage":"fr-FR","potentialAction":[{"@type":"ReadAction","target":["https:\/\/vosgesinfo.fr\/gerardmerinfo\/2025\/06\/les-actualites-de-juin-de-lassociation-etc-terra\/"]}]},{"@type":"ImageObject","inLanguage":"fr-FR","@id":"https:\/\/vosgesinfo.fr\/gerardmerinfo\/2025\/06\/les-actualites-de-juin-de-lassociation-etc-terra\/#primaryimage","url":"https:\/\/vosgesinfo.fr\/app\/uploads\/sites\/6\/2025\/06\/programme-etc.-5.jpg","contentUrl":"https:\/\/vosgesinfo.fr\/app\/uploads\/sites\/6\/2025\/06\/programme-etc.-5.jpg","width":1280,"height":853},{"@type":"BreadcrumbList","@id":"https:\/\/vosgesinfo.fr\/gerardmerinfo\/2025\/06\/les-actualites-de-juin-de-lassociation-etc-terra\/#breadcrumb","itemListElement":[{"@type":"ListItem","position":1,"name":"Home","item":"https:\/\/vosgesinfo.fr\/gerardmerinfo\/"},{"@type":"ListItem","position":2,"name":"Les actualit\u00e9s de juin de l\u2019association ETC\u2026 Terra"}]},{"@type":"WebSite","@id":"https:\/\/vosgesinfo.fr\/gerardmerinfo\/#website","url":"https:\/\/vosgesinfo.fr\/gerardmerinfo\/","name":"Gerardmer Info","description":"Toute l&#039;actualit\u00e9 de G\u00e9rardmer","publisher":{"@id":"https:\/\/vosgesinfo.fr\/gerardmerinfo\/#organization"},"alternateName":"Toute l'actualit\u00e9 de G\u00e9rardmer","potentialAction":[{"@type":"SearchAction","target":{"@type":"EntryPoint","urlTemplate":"https:\/\/vosgesinfo.fr\/gerardmerinfo\/?s={search_term_string}"},"query-input":"required name=search_term_string"}],"inLanguage":"fr-FR"},{"@type":"Organization","@id":"https:\/\/vosgesinfo.fr\/gerardmerinfo\/#organization","name":"Gerardmer Info","url":"https:\/\/vosgesinfo.fr\/gerardmerinfo\/","logo":{"@type":"ImageObject","inLanguage":"fr-FR","@id":"https:\/\/vosgesinfo.fr\/gerardmerinfo\/#\/schema\/logo\/image\/","url":"https:\/\/vosgesinfo.fr\/app\/uploads\/sites\/6\/2023\/08\/favicon-gerardmerinfo.png","contentUrl":"https:\/\/vosgesinfo.fr\/app\/uploads\/sites\/6\/2023\/08\/favicon-gerardmerinfo.png","width":512,"height":512,"caption":"Gerardmer Info"},"image":{"@id":"https:\/\/vosgesinfo.fr\/gerardmerinfo\/#\/schema\/logo\/image\/"},"sameAs":["https:\/\/www.facebook.com\/profile.php?id=100049475262660","https:\/\/x.com\/VosgesInfo88","https:\/\/www.youtube.com\/@vosgesinfo"]},{"@type":"Person","@id":"https:\/\/vosgesinfo.fr\/gerardmerinfo\/#\/schema\/person\/fa73e9f726d67bb88f46d5b7943cb572","name":"J.J.","image":{"@type":"ImageObject","inLanguage":"fr-FR","@id":"https:\/\/vosgesinfo.fr\/gerardmerinfo\/#\/schema\/person\/image\/","url":"https:\/\/secure.gravatar.com\/avatar\/219e749e47ffbcca018a360ae4add7d4cdf1cdaaf8bc7676b27efade3fe65615?s=96&d=mm&r=g","contentUrl":"https:\/\/secure.gravatar.com\/avatar\/219e749e47ffbcca018a360ae4add7d4cdf1cdaaf8bc7676b27efade3fe65615?s=96&d=mm&r=g","caption":"J.J."},"url":"https:\/\/vosgesinfo.fr\/gerardmerinfo\/author\/j-j\/"}]}},"_links":{"self":[{"href":"https:\/\/vosgesinfo.fr\/gerardmerinfo\/wp-json\/wp\/v2\/posts\/78813","targetHints":{"allow":["GET"]}}],"collection":[{"href":"https:\/\/vosgesinfo.fr\/gerardmerinfo\/wp-json\/wp\/v2\/posts"}],"about":[{"href":"https:\/\/vosgesinfo.fr\/gerardmerinfo\/wp-json\/wp\/v2\/types\/post"}],"author":[{"embeddable":true,"href":"https:\/\/vosgesinfo.fr\/gerardmerinfo\/wp-json\/wp\/v2\/users\/46"}],"replies":[{"embeddable":true,"href":"https:\/\/vosgesinfo.fr\/gerardmerinfo\/wp-json\/wp\/v2\/comments?post=78813"}],"version-history":[{"count":0,"href":"https:\/\/vosgesinfo.fr\/gerardmerinfo\/wp-json\/wp\/v2\/posts\/78813\/revisions"}],"wp:featuredmedia":[{"embeddable":true,"href":"https:\/\/vosgesinfo.fr\/gerardmerinfo\/wp-json\/wp\/v2\/media\/78814"}],"wp:attachment":[{"href":"https:\/\/vosgesinfo.fr\/gerardmerinfo\/wp-json\/wp\/v2\/media?parent=78813"}],"wp:term":[{"taxonomy":"category","embeddable":true,"href":"https:\/\/vosgesinfo.fr\/gerardmerinfo\/wp-json\/wp\/v2\/categories?post=78813"},{"taxonomy":"post_tag","embeddable":true,"href":"https:\/\/vosgesinfo.fr\/gerardmerinfo\/wp-json\/wp\/v2\/tags?post=78813"}],"curies":[{"name":"wp","href":"https:\/\/api.w.org\/{rel}","templated":true}]}}