{"id":79397,"date":"2025-06-20T12:05:05","date_gmt":"2025-06-20T10:05:05","guid":{"rendered":"https:\/\/vosgesinfo.fr\/gerardmerinfo\/?p=79397"},"modified":"2025-06-19T21:41:13","modified_gmt":"2025-06-19T19:41:13","slug":"exposition-faites-votre-marche-avec-noemie-romo","status":"publish","type":"post","link":"https:\/\/vosgesinfo.fr\/gerardmerinfo\/2025\/06\/exposition-faites-votre-marche-avec-noemie-romo\/","title":{"rendered":"Exposition &#8211; faites votre march\u00e9 avec No\u00e9mie Romo"},"content":{"rendered":"<div id=\"attachment_79403\" style=\"width: 1034px\" class=\"wp-caption aligncenter\"><a href=\"https:\/\/vosgesinfo.fr\/app\/uploads\/sites\/6\/2025\/06\/expo-noemie-romo-le-grattoir-6.jpg\"><img decoding=\"async\" aria-describedby=\"caption-attachment-79403\" class=\"size-large wp-image-79403\" src=\"https:\/\/vosgesinfo.fr\/app\/uploads\/sites\/6\/2025\/06\/expo-noemie-romo-le-grattoir-6-1024x768.jpg\" alt=\"\" width=\"1024\" height=\"768\" srcset=\"https:\/\/vosgesinfo.fr\/app\/uploads\/sites\/6\/2025\/06\/expo-noemie-romo-le-grattoir-6-1024x768.jpg 1024w, https:\/\/vosgesinfo.fr\/app\/uploads\/sites\/6\/2025\/06\/expo-noemie-romo-le-grattoir-6-300x225.jpg 300w, https:\/\/vosgesinfo.fr\/app\/uploads\/sites\/6\/2025\/06\/expo-noemie-romo-le-grattoir-6-768x576.jpg 768w, https:\/\/vosgesinfo.fr\/app\/uploads\/sites\/6\/2025\/06\/expo-noemie-romo-le-grattoir-6-1536x1152.jpg 1536w, https:\/\/vosgesinfo.fr\/app\/uploads\/sites\/6\/2025\/06\/expo-noemie-romo-le-grattoir-6.jpg 2048w\" sizes=\"(max-width: 1024px) 100vw, 1024px\" \/><\/a><p id=\"caption-attachment-79403\" class=\"wp-caption-text\">No\u00e9mie Romo (\u00e0 gauche) a eu le plaisir d&rsquo;\u00e9changer avec le public \u00e0 l&rsquo;occasion du traditionnel vernissage de l&rsquo;exposition.<\/p><\/div>\n<p>&nbsp;<\/p>\n\n\t\t<style type=\"text\/css\">\n\t\t\t#gallery-1 {\n\t\t\t\tmargin: auto;\n\t\t\t}\n\t\t\t#gallery-1 .gallery-item {\n\t\t\t\tfloat: left;\n\t\t\t\tmargin-top: 10px;\n\t\t\t\ttext-align: center;\n\t\t\t\twidth: 50%;\n\t\t\t}\n\t\t\t#gallery-1 img {\n\t\t\t\tborder: 2px solid #cfcfcf;\n\t\t\t}\n\t\t\t#gallery-1 .gallery-caption {\n\t\t\t\tmargin-left: 0;\n\t\t\t}\n\t\t\t\/* see gallery_shortcode() in wp-includes\/media.php *\/\n\t\t<\/style>\n\t\t<div id='gallery-1' class='gallery galleryid-79397 gallery-columns-2 gallery-size-medium'><dl class='gallery-item'>\n\t\t\t<dt class='gallery-icon landscape'>\n\t\t\t\t<a href='https:\/\/vosgesinfo.fr\/app\/uploads\/sites\/6\/2025\/06\/expo-noemie-romo-le-grattoir-7.jpg'><img decoding=\"async\" width=\"300\" height=\"225\" src=\"https:\/\/vosgesinfo.fr\/app\/uploads\/sites\/6\/2025\/06\/expo-noemie-romo-le-grattoir-7-300x225.jpg\" class=\"attachment-medium size-medium\" alt=\"\" srcset=\"https:\/\/vosgesinfo.fr\/app\/uploads\/sites\/6\/2025\/06\/expo-noemie-romo-le-grattoir-7-300x225.jpg 300w, https:\/\/vosgesinfo.fr\/app\/uploads\/sites\/6\/2025\/06\/expo-noemie-romo-le-grattoir-7-1024x768.jpg 1024w, https:\/\/vosgesinfo.fr\/app\/uploads\/sites\/6\/2025\/06\/expo-noemie-romo-le-grattoir-7-768x576.jpg 768w, https:\/\/vosgesinfo.fr\/app\/uploads\/sites\/6\/2025\/06\/expo-noemie-romo-le-grattoir-7-1536x1152.jpg 1536w, https:\/\/vosgesinfo.fr\/app\/uploads\/sites\/6\/2025\/06\/expo-noemie-romo-le-grattoir-7.jpg 2048w\" sizes=\"(max-width: 300px) 100vw, 300px\" \/><\/a>\n\t\t\t<\/dt><\/dl><dl class='gallery-item'>\n\t\t\t<dt class='gallery-icon landscape'>\n\t\t\t\t<a href='https:\/\/vosgesinfo.fr\/app\/uploads\/sites\/6\/2025\/06\/expo-noemie-romo-le-grattoir-5.jpg'><img decoding=\"async\" width=\"300\" height=\"225\" src=\"https:\/\/vosgesinfo.fr\/app\/uploads\/sites\/6\/2025\/06\/expo-noemie-romo-le-grattoir-5-300x225.jpg\" class=\"attachment-medium size-medium\" alt=\"\" srcset=\"https:\/\/vosgesinfo.fr\/app\/uploads\/sites\/6\/2025\/06\/expo-noemie-romo-le-grattoir-5-300x225.jpg 300w, https:\/\/vosgesinfo.fr\/app\/uploads\/sites\/6\/2025\/06\/expo-noemie-romo-le-grattoir-5-1024x768.jpg 1024w, https:\/\/vosgesinfo.fr\/app\/uploads\/sites\/6\/2025\/06\/expo-noemie-romo-le-grattoir-5-768x576.jpg 768w, https:\/\/vosgesinfo.fr\/app\/uploads\/sites\/6\/2025\/06\/expo-noemie-romo-le-grattoir-5-1536x1152.jpg 1536w, https:\/\/vosgesinfo.fr\/app\/uploads\/sites\/6\/2025\/06\/expo-noemie-romo-le-grattoir-5.jpg 2048w\" sizes=\"(max-width: 300px) 100vw, 300px\" \/><\/a>\n\t\t\t<\/dt><\/dl><br style=\"clear: both\" \/><dl class='gallery-item'>\n\t\t\t<dt class='gallery-icon landscape'>\n\t\t\t\t<a href='https:\/\/vosgesinfo.fr\/app\/uploads\/sites\/6\/2025\/06\/expo-noemie-romo-le-grattoir-4.jpg'><img decoding=\"async\" width=\"300\" height=\"225\" src=\"https:\/\/vosgesinfo.fr\/app\/uploads\/sites\/6\/2025\/06\/expo-noemie-romo-le-grattoir-4-300x225.jpg\" class=\"attachment-medium size-medium\" alt=\"\" srcset=\"https:\/\/vosgesinfo.fr\/app\/uploads\/sites\/6\/2025\/06\/expo-noemie-romo-le-grattoir-4-300x225.jpg 300w, https:\/\/vosgesinfo.fr\/app\/uploads\/sites\/6\/2025\/06\/expo-noemie-romo-le-grattoir-4-1024x768.jpg 1024w, https:\/\/vosgesinfo.fr\/app\/uploads\/sites\/6\/2025\/06\/expo-noemie-romo-le-grattoir-4-768x576.jpg 768w, https:\/\/vosgesinfo.fr\/app\/uploads\/sites\/6\/2025\/06\/expo-noemie-romo-le-grattoir-4-1536x1152.jpg 1536w, https:\/\/vosgesinfo.fr\/app\/uploads\/sites\/6\/2025\/06\/expo-noemie-romo-le-grattoir-4.jpg 2048w\" sizes=\"(max-width: 300px) 100vw, 300px\" \/><\/a>\n\t\t\t<\/dt><\/dl><dl class='gallery-item'>\n\t\t\t<dt class='gallery-icon landscape'>\n\t\t\t\t<a href='https:\/\/vosgesinfo.fr\/app\/uploads\/sites\/6\/2025\/06\/expo-noemie-romo-le-grattoir-1.jpg'><img decoding=\"async\" width=\"300\" height=\"225\" src=\"https:\/\/vosgesinfo.fr\/app\/uploads\/sites\/6\/2025\/06\/expo-noemie-romo-le-grattoir-1-300x225.jpg\" class=\"attachment-medium size-medium\" alt=\"\" srcset=\"https:\/\/vosgesinfo.fr\/app\/uploads\/sites\/6\/2025\/06\/expo-noemie-romo-le-grattoir-1-300x225.jpg 300w, https:\/\/vosgesinfo.fr\/app\/uploads\/sites\/6\/2025\/06\/expo-noemie-romo-le-grattoir-1-1024x768.jpg 1024w, https:\/\/vosgesinfo.fr\/app\/uploads\/sites\/6\/2025\/06\/expo-noemie-romo-le-grattoir-1-768x576.jpg 768w, https:\/\/vosgesinfo.fr\/app\/uploads\/sites\/6\/2025\/06\/expo-noemie-romo-le-grattoir-1-1536x1152.jpg 1536w, https:\/\/vosgesinfo.fr\/app\/uploads\/sites\/6\/2025\/06\/expo-noemie-romo-le-grattoir-1.jpg 2048w\" sizes=\"(max-width: 300px) 100vw, 300px\" \/><\/a>\n\t\t\t<\/dt><\/dl><br style=\"clear: both\" \/>\n\t\t<\/div>\n\n<p data-pm-slice=\"1 1 []\"><strong>Le Grattoir accueille actuellement l&rsquo;artiste peintre No\u00e9mie Romo (lire notre pr\u00e9c\u00e9dent article <a class=\"qbe-widget\" href=\"https:\/\/vosgesinfo.fr\/gerardmerinfo\/2025\/06\/exposition-le-grattoir-accueille-lartiste-peintre-noemie-romo\/\" target=\"_blank\" rel=\"noopener\">ICI !<\/a>) qui expose une premi\u00e8re s\u00e9rie de 11 toiles \u00e0 l&rsquo;huile sur le th\u00e8me \u00ab\u00a0\u00c9tals de march\u00e9\u00a0\u00bb dans tous ses \u00e9tats, dans divers lieux et \u00e0 diverses \u00e9poques.<\/strong><\/p>\n<div id=\"attachment_79399\" style=\"width: 235px\" class=\"wp-caption alignright\"><a href=\"https:\/\/vosgesinfo.fr\/app\/uploads\/sites\/6\/2025\/06\/expo-noemie-romo-le-grattoir-3.jpg\"><img decoding=\"async\" aria-describedby=\"caption-attachment-79399\" class=\"wp-image-79399 size-medium\" src=\"https:\/\/vosgesinfo.fr\/app\/uploads\/sites\/6\/2025\/06\/expo-noemie-romo-le-grattoir-3-225x300.jpg\" alt=\"\" width=\"225\" height=\"300\" srcset=\"https:\/\/vosgesinfo.fr\/app\/uploads\/sites\/6\/2025\/06\/expo-noemie-romo-le-grattoir-3-225x300.jpg 225w, https:\/\/vosgesinfo.fr\/app\/uploads\/sites\/6\/2025\/06\/expo-noemie-romo-le-grattoir-3-768x1024.jpg 768w, https:\/\/vosgesinfo.fr\/app\/uploads\/sites\/6\/2025\/06\/expo-noemie-romo-le-grattoir-3-1152x1536.jpg 1152w, https:\/\/vosgesinfo.fr\/app\/uploads\/sites\/6\/2025\/06\/expo-noemie-romo-le-grattoir-3.jpg 1536w\" sizes=\"(max-width: 225px) 100vw, 225px\" \/><\/a><p id=\"caption-attachment-79399\" class=\"wp-caption-text\"><span style=\"color: #000080;\">L&rsquo;artiste a travaill\u00e9 sur des petits formats, ce qui est plut\u00f4t inhabituel pour elle. <\/span><\/p><\/div>\n<p>Et c&rsquo;est d&rsquo;ailleurs ce qui fait une partie de l&rsquo;originalit\u00e9 de cette s\u00e9rie qui, comme le confie l&rsquo;artiste, n&rsquo;est qu&rsquo;un premier jet : elle vous fait voyager aussi bien de mani\u00e8re g\u00e9ographique que chronologique, tout en gardant une certaine constance en mati\u00e8re de couleurs, mais aussi d&rsquo;inspiration : bien qu&rsquo;elle aime le m\u00e9lange des genres, No\u00e9mie Romo ne m\u00e9lange pas n&rsquo;importe quoi et \u00e9labore subtilement sa recette \u00e0 base de Caravage et de clairs-obscurs qu&rsquo;elle affectionne particuli\u00e8rement, tout en puisant dans certains courants qui pr\u00e9c\u00e8dent l&rsquo;art conceptuel en veillant \u00e0 rester dans le figuratif. Le tout est saupoudr\u00e9 de fantaisie et de couleurs bien choisies et bien mari\u00e9es pour une s\u00e9rie plus aboutie qu&rsquo;il n&rsquo;y parait, ou plut\u00f4t plus aboutie que l&rsquo;artiste ne l&rsquo;envisage elle-m\u00eame. Ce qui est plut\u00f4t prometteur et de bon augure, car d&rsquo;autres toiles sur ce m\u00eame th\u00e8me sont en effet \u00e0 venir. Mais en attendant, vous avez jusqu&rsquo;au 25 juillet pour venir d\u00e9couvrir ce premier opus des \u00ab\u00a0\u00c9tales de march\u00e9\u00a0\u00bb au bar le Grattoir \u00e0 G\u00e9rardmer.<\/p>\n<p>Entr\u00e9e libre aux horaires d&rsquo;ouverture du bar associatif.<\/p>\n<p>&nbsp;<\/p>\n<p><a href=\"https:\/\/vosgesinfo.fr\/app\/uploads\/sites\/6\/2025\/06\/expo-noemie-romo-le-grattoir-2.jpg\"><img decoding=\"async\" class=\"aligncenter size-large wp-image-79398\" src=\"https:\/\/vosgesinfo.fr\/app\/uploads\/sites\/6\/2025\/06\/expo-noemie-romo-le-grattoir-2-1024x768.jpg\" alt=\"\" width=\"1024\" height=\"768\" srcset=\"https:\/\/vosgesinfo.fr\/app\/uploads\/sites\/6\/2025\/06\/expo-noemie-romo-le-grattoir-2-1024x768.jpg 1024w, https:\/\/vosgesinfo.fr\/app\/uploads\/sites\/6\/2025\/06\/expo-noemie-romo-le-grattoir-2-300x225.jpg 300w, https:\/\/vosgesinfo.fr\/app\/uploads\/sites\/6\/2025\/06\/expo-noemie-romo-le-grattoir-2-768x576.jpg 768w, https:\/\/vosgesinfo.fr\/app\/uploads\/sites\/6\/2025\/06\/expo-noemie-romo-le-grattoir-2-1536x1152.jpg 1536w, https:\/\/vosgesinfo.fr\/app\/uploads\/sites\/6\/2025\/06\/expo-noemie-romo-le-grattoir-2.jpg 2048w\" sizes=\"(max-width: 1024px) 100vw, 1024px\" \/><\/a><\/p>\n","protected":false},"excerpt":{"rendered":"<p>&nbsp; Le Grattoir accueille actuellement l&rsquo;artiste peintre No\u00e9mie Romo (lire notre pr\u00e9c\u00e9dent article ICI !) qui expose une premi\u00e8re s\u00e9rie [&hellip;]<\/p>\n","protected":false},"author":42,"featured_media":79403,"comment_status":"open","ping_status":"open","sticky":false,"template":"","format":"standard","meta":{"footnotes":""},"categories":[20,4,25,5647],"tags":[35,7466],"class_list":["post-79397","post","type-post","status-publish","format-standard","has-post-thumbnail","hentry","category-a-la-une","category-culture","category-gerardmer","category-gerardmer-autres-sites","tag-bar-le-grattoir","tag-noemie-romo"],"acf":[],"yoast_head":"<!-- This site is optimized with the Yoast SEO plugin v22.5 - https:\/\/yoast.com\/wordpress\/plugins\/seo\/ -->\n<title>Exposition - faites votre march\u00e9 avec No\u00e9mie Romo - Gerardmer Info<\/title>\n<meta name=\"robots\" content=\"index, follow, max-snippet:-1, max-image-preview:large, max-video-preview:-1\" \/>\n<link rel=\"canonical\" href=\"https:\/\/vosgesinfo.fr\/gerardmerinfo\/2025\/06\/exposition-faites-votre-marche-avec-noemie-romo\/\" \/>\n<meta name=\"twitter:card\" content=\"summary_large_image\" \/>\n<meta name=\"twitter:title\" content=\"Exposition - faites votre march\u00e9 avec No\u00e9mie Romo - Gerardmer Info\" \/>\n<meta name=\"twitter:description\" content=\"&nbsp; Le Grattoir accueille actuellement l&rsquo;artiste peintre No\u00e9mie Romo (lire notre pr\u00e9c\u00e9dent article ICI !) qui expose une premi\u00e8re s\u00e9rie [&hellip;]\" \/>\n<meta name=\"twitter:image\" content=\"https:\/\/vosgesinfo.fr\/app\/uploads\/sites\/6\/2025\/06\/expo-noemie-romo-le-grattoir-6.jpg\" \/>\n<meta name=\"twitter:creator\" content=\"@VosgesInfo88\" \/>\n<meta name=\"twitter:site\" content=\"@VosgesInfo88\" \/>\n<meta name=\"twitter:label1\" content=\"\u00c9crit par\" \/>\n\t<meta name=\"twitter:data1\" content=\"QG\" \/>\n\t<meta name=\"twitter:label2\" content=\"Dur\u00e9e de lecture estim\u00e9e\" \/>\n\t<meta name=\"twitter:data2\" content=\"1 minute\" \/>\n<script type=\"application\/ld+json\" class=\"yoast-schema-graph\">{\"@context\":\"https:\/\/schema.org\",\"@graph\":[{\"@type\":\"Article\",\"@id\":\"https:\/\/vosgesinfo.fr\/gerardmerinfo\/2025\/06\/exposition-faites-votre-marche-avec-noemie-romo\/#article\",\"isPartOf\":{\"@id\":\"https:\/\/vosgesinfo.fr\/gerardmerinfo\/2025\/06\/exposition-faites-votre-marche-avec-noemie-romo\/\"},\"author\":{\"name\":\"QG\",\"@id\":\"https:\/\/vosgesinfo.fr\/gerardmerinfo\/#\/schema\/person\/db5605779a843dad16b5368f3e7613a5\"},\"headline\":\"Exposition &#8211; faites votre march\u00e9 avec No\u00e9mie Romo\",\"datePublished\":\"2025-06-20T10:05:05+00:00\",\"dateModified\":\"2025-06-19T19:41:13+00:00\",\"mainEntityOfPage\":{\"@id\":\"https:\/\/vosgesinfo.fr\/gerardmerinfo\/2025\/06\/exposition-faites-votre-marche-avec-noemie-romo\/\"},\"wordCount\":323,\"commentCount\":0,\"publisher\":{\"@id\":\"https:\/\/vosgesinfo.fr\/gerardmerinfo\/#organization\"},\"image\":{\"@id\":\"https:\/\/vosgesinfo.fr\/gerardmerinfo\/2025\/06\/exposition-faites-votre-marche-avec-noemie-romo\/#primaryimage\"},\"thumbnailUrl\":\"https:\/\/vosgesinfo.fr\/app\/uploads\/sites\/6\/2025\/06\/expo-noemie-romo-le-grattoir-6.jpg\",\"keywords\":[\"bar le grattoir\",\"noemie romo\"],\"articleSection\":[\"A la une\",\"Culture\",\"G\u00e9rardmer\",\"Gerardmer\"],\"inLanguage\":\"fr-FR\",\"potentialAction\":[{\"@type\":\"CommentAction\",\"name\":\"Comment\",\"target\":[\"https:\/\/vosgesinfo.fr\/gerardmerinfo\/2025\/06\/exposition-faites-votre-marche-avec-noemie-romo\/#respond\"]}]},{\"@type\":\"WebPage\",\"@id\":\"https:\/\/vosgesinfo.fr\/gerardmerinfo\/2025\/06\/exposition-faites-votre-marche-avec-noemie-romo\/\",\"url\":\"https:\/\/vosgesinfo.fr\/gerardmerinfo\/2025\/06\/exposition-faites-votre-marche-avec-noemie-romo\/\",\"name\":\"Exposition - faites votre march\u00e9 avec No\u00e9mie Romo - Gerardmer Info\",\"isPartOf\":{\"@id\":\"https:\/\/vosgesinfo.fr\/gerardmerinfo\/#website\"},\"primaryImageOfPage\":{\"@id\":\"https:\/\/vosgesinfo.fr\/gerardmerinfo\/2025\/06\/exposition-faites-votre-marche-avec-noemie-romo\/#primaryimage\"},\"image\":{\"@id\":\"https:\/\/vosgesinfo.fr\/gerardmerinfo\/2025\/06\/exposition-faites-votre-marche-avec-noemie-romo\/#primaryimage\"},\"thumbnailUrl\":\"https:\/\/vosgesinfo.fr\/app\/uploads\/sites\/6\/2025\/06\/expo-noemie-romo-le-grattoir-6.jpg\",\"datePublished\":\"2025-06-20T10:05:05+00:00\",\"dateModified\":\"2025-06-19T19:41:13+00:00\",\"breadcrumb\":{\"@id\":\"https:\/\/vosgesinfo.fr\/gerardmerinfo\/2025\/06\/exposition-faites-votre-marche-avec-noemie-romo\/#breadcrumb\"},\"inLanguage\":\"fr-FR\",\"potentialAction\":[{\"@type\":\"ReadAction\",\"target\":[\"https:\/\/vosgesinfo.fr\/gerardmerinfo\/2025\/06\/exposition-faites-votre-marche-avec-noemie-romo\/\"]}]},{\"@type\":\"ImageObject\",\"inLanguage\":\"fr-FR\",\"@id\":\"https:\/\/vosgesinfo.fr\/gerardmerinfo\/2025\/06\/exposition-faites-votre-marche-avec-noemie-romo\/#primaryimage\",\"url\":\"https:\/\/vosgesinfo.fr\/app\/uploads\/sites\/6\/2025\/06\/expo-noemie-romo-le-grattoir-6.jpg\",\"contentUrl\":\"https:\/\/vosgesinfo.fr\/app\/uploads\/sites\/6\/2025\/06\/expo-noemie-romo-le-grattoir-6.jpg\",\"width\":2048,\"height\":1536,\"caption\":\"No\u00e9mie Romo (\u00e0 gauche) a eu le plaisir ded'\u00e9changer avec le public \u00e0 l'occasion du traditionnel vernissage de l'exposition.\"},{\"@type\":\"BreadcrumbList\",\"@id\":\"https:\/\/vosgesinfo.fr\/gerardmerinfo\/2025\/06\/exposition-faites-votre-marche-avec-noemie-romo\/#breadcrumb\",\"itemListElement\":[{\"@type\":\"ListItem\",\"position\":1,\"name\":\"Home\",\"item\":\"https:\/\/vosgesinfo.fr\/gerardmerinfo\/\"},{\"@type\":\"ListItem\",\"position\":2,\"name\":\"Exposition &#8211; faites votre march\u00e9 avec No\u00e9mie Romo\"}]},{\"@type\":\"WebSite\",\"@id\":\"https:\/\/vosgesinfo.fr\/gerardmerinfo\/#website\",\"url\":\"https:\/\/vosgesinfo.fr\/gerardmerinfo\/\",\"name\":\"Gerardmer Info\",\"description\":\"Toute l&#039;actualit\u00e9 de G\u00e9rardmer\",\"publisher\":{\"@id\":\"https:\/\/vosgesinfo.fr\/gerardmerinfo\/#organization\"},\"alternateName\":\"Toute l'actualit\u00e9 de G\u00e9rardmer\",\"potentialAction\":[{\"@type\":\"SearchAction\",\"target\":{\"@type\":\"EntryPoint\",\"urlTemplate\":\"https:\/\/vosgesinfo.fr\/gerardmerinfo\/?s={search_term_string}\"},\"query-input\":\"required name=search_term_string\"}],\"inLanguage\":\"fr-FR\"},{\"@type\":\"Organization\",\"@id\":\"https:\/\/vosgesinfo.fr\/gerardmerinfo\/#organization\",\"name\":\"Gerardmer Info\",\"url\":\"https:\/\/vosgesinfo.fr\/gerardmerinfo\/\",\"logo\":{\"@type\":\"ImageObject\",\"inLanguage\":\"fr-FR\",\"@id\":\"https:\/\/vosgesinfo.fr\/gerardmerinfo\/#\/schema\/logo\/image\/\",\"url\":\"https:\/\/vosgesinfo.fr\/app\/uploads\/sites\/6\/2023\/08\/favicon-gerardmerinfo.png\",\"contentUrl\":\"https:\/\/vosgesinfo.fr\/app\/uploads\/sites\/6\/2023\/08\/favicon-gerardmerinfo.png\",\"width\":512,\"height\":512,\"caption\":\"Gerardmer Info\"},\"image\":{\"@id\":\"https:\/\/vosgesinfo.fr\/gerardmerinfo\/#\/schema\/logo\/image\/\"},\"sameAs\":[\"https:\/\/www.facebook.com\/profile.php?id=100049475262660\",\"https:\/\/x.com\/VosgesInfo88\",\"https:\/\/www.youtube.com\/@vosgesinfo\"]},{\"@type\":\"Person\",\"@id\":\"https:\/\/vosgesinfo.fr\/gerardmerinfo\/#\/schema\/person\/db5605779a843dad16b5368f3e7613a5\",\"name\":\"QG\",\"image\":{\"@type\":\"ImageObject\",\"inLanguage\":\"fr-FR\",\"@id\":\"https:\/\/vosgesinfo.fr\/gerardmerinfo\/#\/schema\/person\/image\/\",\"url\":\"https:\/\/secure.gravatar.com\/avatar\/ea80c42c204b534408512832fde52504ecabb9706bcb6151cf6175e5b64e6793?s=96&d=mm&r=g\",\"contentUrl\":\"https:\/\/secure.gravatar.com\/avatar\/ea80c42c204b534408512832fde52504ecabb9706bcb6151cf6175e5b64e6793?s=96&d=mm&r=g\",\"caption\":\"QG\"},\"url\":\"https:\/\/vosgesinfo.fr\/gerardmerinfo\/author\/quentin88\/\"}]}<\/script>\n<!-- \/ Yoast SEO plugin. -->","yoast_head_json":{"title":"Exposition - faites votre march\u00e9 avec No\u00e9mie Romo - Gerardmer Info","robots":{"index":"index","follow":"follow","max-snippet":"max-snippet:-1","max-image-preview":"max-image-preview:large","max-video-preview":"max-video-preview:-1"},"canonical":"https:\/\/vosgesinfo.fr\/gerardmerinfo\/2025\/06\/exposition-faites-votre-marche-avec-noemie-romo\/","twitter_card":"summary_large_image","twitter_title":"Exposition - faites votre march\u00e9 avec No\u00e9mie Romo - Gerardmer Info","twitter_description":"&nbsp; Le Grattoir accueille actuellement l&rsquo;artiste peintre No\u00e9mie Romo (lire notre pr\u00e9c\u00e9dent article ICI !) qui expose une premi\u00e8re s\u00e9rie [&hellip;]","twitter_image":"https:\/\/vosgesinfo.fr\/app\/uploads\/sites\/6\/2025\/06\/expo-noemie-romo-le-grattoir-6.jpg","twitter_creator":"@VosgesInfo88","twitter_site":"@VosgesInfo88","twitter_misc":{"\u00c9crit par":"QG","Dur\u00e9e de lecture estim\u00e9e":"1 minute"},"schema":{"@context":"https:\/\/schema.org","@graph":[{"@type":"Article","@id":"https:\/\/vosgesinfo.fr\/gerardmerinfo\/2025\/06\/exposition-faites-votre-marche-avec-noemie-romo\/#article","isPartOf":{"@id":"https:\/\/vosgesinfo.fr\/gerardmerinfo\/2025\/06\/exposition-faites-votre-marche-avec-noemie-romo\/"},"author":{"name":"QG","@id":"https:\/\/vosgesinfo.fr\/gerardmerinfo\/#\/schema\/person\/db5605779a843dad16b5368f3e7613a5"},"headline":"Exposition &#8211; faites votre march\u00e9 avec No\u00e9mie Romo","datePublished":"2025-06-20T10:05:05+00:00","dateModified":"2025-06-19T19:41:13+00:00","mainEntityOfPage":{"@id":"https:\/\/vosgesinfo.fr\/gerardmerinfo\/2025\/06\/exposition-faites-votre-marche-avec-noemie-romo\/"},"wordCount":323,"commentCount":0,"publisher":{"@id":"https:\/\/vosgesinfo.fr\/gerardmerinfo\/#organization"},"image":{"@id":"https:\/\/vosgesinfo.fr\/gerardmerinfo\/2025\/06\/exposition-faites-votre-marche-avec-noemie-romo\/#primaryimage"},"thumbnailUrl":"https:\/\/vosgesinfo.fr\/app\/uploads\/sites\/6\/2025\/06\/expo-noemie-romo-le-grattoir-6.jpg","keywords":["bar le grattoir","noemie romo"],"articleSection":["A la une","Culture","G\u00e9rardmer","Gerardmer"],"inLanguage":"fr-FR","potentialAction":[{"@type":"CommentAction","name":"Comment","target":["https:\/\/vosgesinfo.fr\/gerardmerinfo\/2025\/06\/exposition-faites-votre-marche-avec-noemie-romo\/#respond"]}]},{"@type":"WebPage","@id":"https:\/\/vosgesinfo.fr\/gerardmerinfo\/2025\/06\/exposition-faites-votre-marche-avec-noemie-romo\/","url":"https:\/\/vosgesinfo.fr\/gerardmerinfo\/2025\/06\/exposition-faites-votre-marche-avec-noemie-romo\/","name":"Exposition - faites votre march\u00e9 avec No\u00e9mie Romo - Gerardmer Info","isPartOf":{"@id":"https:\/\/vosgesinfo.fr\/gerardmerinfo\/#website"},"primaryImageOfPage":{"@id":"https:\/\/vosgesinfo.fr\/gerardmerinfo\/2025\/06\/exposition-faites-votre-marche-avec-noemie-romo\/#primaryimage"},"image":{"@id":"https:\/\/vosgesinfo.fr\/gerardmerinfo\/2025\/06\/exposition-faites-votre-marche-avec-noemie-romo\/#primaryimage"},"thumbnailUrl":"https:\/\/vosgesinfo.fr\/app\/uploads\/sites\/6\/2025\/06\/expo-noemie-romo-le-grattoir-6.jpg","datePublished":"2025-06-20T10:05:05+00:00","dateModified":"2025-06-19T19:41:13+00:00","breadcrumb":{"@id":"https:\/\/vosgesinfo.fr\/gerardmerinfo\/2025\/06\/exposition-faites-votre-marche-avec-noemie-romo\/#breadcrumb"},"inLanguage":"fr-FR","potentialAction":[{"@type":"ReadAction","target":["https:\/\/vosgesinfo.fr\/gerardmerinfo\/2025\/06\/exposition-faites-votre-marche-avec-noemie-romo\/"]}]},{"@type":"ImageObject","inLanguage":"fr-FR","@id":"https:\/\/vosgesinfo.fr\/gerardmerinfo\/2025\/06\/exposition-faites-votre-marche-avec-noemie-romo\/#primaryimage","url":"https:\/\/vosgesinfo.fr\/app\/uploads\/sites\/6\/2025\/06\/expo-noemie-romo-le-grattoir-6.jpg","contentUrl":"https:\/\/vosgesinfo.fr\/app\/uploads\/sites\/6\/2025\/06\/expo-noemie-romo-le-grattoir-6.jpg","width":2048,"height":1536,"caption":"No\u00e9mie Romo (\u00e0 gauche) a eu le plaisir ded'\u00e9changer avec le public \u00e0 l'occasion du traditionnel vernissage de l'exposition."},{"@type":"BreadcrumbList","@id":"https:\/\/vosgesinfo.fr\/gerardmerinfo\/2025\/06\/exposition-faites-votre-marche-avec-noemie-romo\/#breadcrumb","itemListElement":[{"@type":"ListItem","position":1,"name":"Home","item":"https:\/\/vosgesinfo.fr\/gerardmerinfo\/"},{"@type":"ListItem","position":2,"name":"Exposition &#8211; faites votre march\u00e9 avec No\u00e9mie Romo"}]},{"@type":"WebSite","@id":"https:\/\/vosgesinfo.fr\/gerardmerinfo\/#website","url":"https:\/\/vosgesinfo.fr\/gerardmerinfo\/","name":"Gerardmer Info","description":"Toute l&#039;actualit\u00e9 de G\u00e9rardmer","publisher":{"@id":"https:\/\/vosgesinfo.fr\/gerardmerinfo\/#organization"},"alternateName":"Toute l'actualit\u00e9 de G\u00e9rardmer","potentialAction":[{"@type":"SearchAction","target":{"@type":"EntryPoint","urlTemplate":"https:\/\/vosgesinfo.fr\/gerardmerinfo\/?s={search_term_string}"},"query-input":"required name=search_term_string"}],"inLanguage":"fr-FR"},{"@type":"Organization","@id":"https:\/\/vosgesinfo.fr\/gerardmerinfo\/#organization","name":"Gerardmer Info","url":"https:\/\/vosgesinfo.fr\/gerardmerinfo\/","logo":{"@type":"ImageObject","inLanguage":"fr-FR","@id":"https:\/\/vosgesinfo.fr\/gerardmerinfo\/#\/schema\/logo\/image\/","url":"https:\/\/vosgesinfo.fr\/app\/uploads\/sites\/6\/2023\/08\/favicon-gerardmerinfo.png","contentUrl":"https:\/\/vosgesinfo.fr\/app\/uploads\/sites\/6\/2023\/08\/favicon-gerardmerinfo.png","width":512,"height":512,"caption":"Gerardmer Info"},"image":{"@id":"https:\/\/vosgesinfo.fr\/gerardmerinfo\/#\/schema\/logo\/image\/"},"sameAs":["https:\/\/www.facebook.com\/profile.php?id=100049475262660","https:\/\/x.com\/VosgesInfo88","https:\/\/www.youtube.com\/@vosgesinfo"]},{"@type":"Person","@id":"https:\/\/vosgesinfo.fr\/gerardmerinfo\/#\/schema\/person\/db5605779a843dad16b5368f3e7613a5","name":"QG","image":{"@type":"ImageObject","inLanguage":"fr-FR","@id":"https:\/\/vosgesinfo.fr\/gerardmerinfo\/#\/schema\/person\/image\/","url":"https:\/\/secure.gravatar.com\/avatar\/ea80c42c204b534408512832fde52504ecabb9706bcb6151cf6175e5b64e6793?s=96&d=mm&r=g","contentUrl":"https:\/\/secure.gravatar.com\/avatar\/ea80c42c204b534408512832fde52504ecabb9706bcb6151cf6175e5b64e6793?s=96&d=mm&r=g","caption":"QG"},"url":"https:\/\/vosgesinfo.fr\/gerardmerinfo\/author\/quentin88\/"}]}},"_links":{"self":[{"href":"https:\/\/vosgesinfo.fr\/gerardmerinfo\/wp-json\/wp\/v2\/posts\/79397","targetHints":{"allow":["GET"]}}],"collection":[{"href":"https:\/\/vosgesinfo.fr\/gerardmerinfo\/wp-json\/wp\/v2\/posts"}],"about":[{"href":"https:\/\/vosgesinfo.fr\/gerardmerinfo\/wp-json\/wp\/v2\/types\/post"}],"author":[{"embeddable":true,"href":"https:\/\/vosgesinfo.fr\/gerardmerinfo\/wp-json\/wp\/v2\/users\/42"}],"replies":[{"embeddable":true,"href":"https:\/\/vosgesinfo.fr\/gerardmerinfo\/wp-json\/wp\/v2\/comments?post=79397"}],"version-history":[{"count":2,"href":"https:\/\/vosgesinfo.fr\/gerardmerinfo\/wp-json\/wp\/v2\/posts\/79397\/revisions"}],"predecessor-version":[{"id":79406,"href":"https:\/\/vosgesinfo.fr\/gerardmerinfo\/wp-json\/wp\/v2\/posts\/79397\/revisions\/79406"}],"wp:featuredmedia":[{"embeddable":true,"href":"https:\/\/vosgesinfo.fr\/gerardmerinfo\/wp-json\/wp\/v2\/media\/79403"}],"wp:attachment":[{"href":"https:\/\/vosgesinfo.fr\/gerardmerinfo\/wp-json\/wp\/v2\/media?parent=79397"}],"wp:term":[{"taxonomy":"category","embeddable":true,"href":"https:\/\/vosgesinfo.fr\/gerardmerinfo\/wp-json\/wp\/v2\/categories?post=79397"},{"taxonomy":"post_tag","embeddable":true,"href":"https:\/\/vosgesinfo.fr\/gerardmerinfo\/wp-json\/wp\/v2\/tags?post=79397"}],"curies":[{"name":"wp","href":"https:\/\/api.w.org\/{rel}","templated":true}]}}