{"id":79407,"date":"2025-06-20T08:59:06","date_gmt":"2025-06-20T06:59:06","guid":{"rendered":"https:\/\/vosgesinfo.fr\/gerardmerinfo\/?p=79407"},"modified":"2025-06-20T08:37:11","modified_gmt":"2025-06-20T06:37:11","slug":"championnat-de-france-de-nage-avec-palmes-les-geromois-sillustrent-a-versailles","status":"publish","type":"post","link":"https:\/\/vosgesinfo.fr\/gerardmerinfo\/2025\/06\/championnat-de-france-de-nage-avec-palmes-les-geromois-sillustrent-a-versailles\/","title":{"rendered":"Championnat de France de nage avec palmes : les G\u00e9r\u00f4mois s&rsquo;illustrent \u00e0 Versailles"},"content":{"rendered":"<p data-pm-slice=\"1 1 []\"><a href=\"https:\/\/vosgesinfo.fr\/app\/uploads\/sites\/6\/2025\/06\/championnat-de-fr-nage-avec-palmes-versailles-2.jpeg\"><img decoding=\"async\" class=\"aligncenter size-large wp-image-79413\" src=\"https:\/\/vosgesinfo.fr\/app\/uploads\/sites\/6\/2025\/06\/championnat-de-fr-nage-avec-palmes-versailles-2-1024x768.jpeg\" alt=\"\" width=\"1024\" height=\"768\" srcset=\"https:\/\/vosgesinfo.fr\/app\/uploads\/sites\/6\/2025\/06\/championnat-de-fr-nage-avec-palmes-versailles-2-1024x768.jpeg 1024w, https:\/\/vosgesinfo.fr\/app\/uploads\/sites\/6\/2025\/06\/championnat-de-fr-nage-avec-palmes-versailles-2-300x225.jpeg 300w, https:\/\/vosgesinfo.fr\/app\/uploads\/sites\/6\/2025\/06\/championnat-de-fr-nage-avec-palmes-versailles-2-768x576.jpeg 768w, https:\/\/vosgesinfo.fr\/app\/uploads\/sites\/6\/2025\/06\/championnat-de-fr-nage-avec-palmes-versailles-2-1536x1152.jpeg 1536w, https:\/\/vosgesinfo.fr\/app\/uploads\/sites\/6\/2025\/06\/championnat-de-fr-nage-avec-palmes-versailles-2.jpeg 1600w\" sizes=\"(max-width: 1024px) 100vw, 1024px\" \/><\/a><\/p>\n<p data-pm-slice=\"1 1 []\">\n<p data-pm-slice=\"1 1 []\"><strong>Les 14 et 15 juin 2025, le club G\u00e9rardmer Nage Avec palmes a particip\u00e9 \u00e0 son premier championnat de France depuis la cr\u00e9ation du club il y a 5 ans. C&rsquo;est ce qu&rsquo;on peut appeler une belle progression ! Il s&rsquo;agissait du championnat de France master coupl\u00e9 au championnat de France minimes appel\u00e9 troph\u00e9e <em>Damien H\u00e9bert<\/em>.<\/strong><\/p>\n<p>Les 32 meilleurs gar\u00e7ons minimes et les 32 meilleures filles minimes avaient \u00e9t\u00e9 pr\u00e9alablement s\u00e9lectionn\u00e9s lors des diff\u00e9rentes comp\u00e9titions r\u00e9gionales.<\/p>\n<p><a href=\"https:\/\/vosgesinfo.fr\/app\/uploads\/sites\/6\/2025\/06\/nage-avec-palmes-gerardmer-versailles-2-scaled.jpeg\"><img decoding=\"async\" class=\"alignright size-medium wp-image-79411\" src=\"https:\/\/vosgesinfo.fr\/app\/uploads\/sites\/6\/2025\/06\/nage-avec-palmes-gerardmer-versailles-2-300x225.jpeg\" alt=\"\" width=\"300\" height=\"225\" srcset=\"https:\/\/vosgesinfo.fr\/app\/uploads\/sites\/6\/2025\/06\/nage-avec-palmes-gerardmer-versailles-2-300x225.jpeg 300w, https:\/\/vosgesinfo.fr\/app\/uploads\/sites\/6\/2025\/06\/nage-avec-palmes-gerardmer-versailles-2-1024x768.jpeg 1024w, https:\/\/vosgesinfo.fr\/app\/uploads\/sites\/6\/2025\/06\/nage-avec-palmes-gerardmer-versailles-2-768x576.jpeg 768w, https:\/\/vosgesinfo.fr\/app\/uploads\/sites\/6\/2025\/06\/nage-avec-palmes-gerardmer-versailles-2-1536x1152.jpeg 1536w, https:\/\/vosgesinfo.fr\/app\/uploads\/sites\/6\/2025\/06\/nage-avec-palmes-gerardmer-versailles-2-2048x1536.jpeg 2048w\" sizes=\"(max-width: 300px) 100vw, 300px\" \/><\/a>Les minimes devaient r\u00e9aliser 5 courses afin d&rsquo;\u00eatre class\u00e9s au troph\u00e9e.<\/p>\n<p>H\u00e9lo\u00efse Maz\u00e9rat, Aimeline Schmitt et Louis Beausire ont donc fait partie ce week-end de l&rsquo;aventure \u00e0 Versailles.<\/p>\n<p>Louis termine \u00e0 la 19\u1d49 place au 50m surface (monopalme), au 800 m surface et au 400 m surface, 18\u1d49 au 800 m immersion, 25\u1d49\u00a0au 50 m bipalmes.<\/p>\n<p>H\u00e9lo\u00efse se classe 27\u1d49 au 50 M bipalmes, 29\u1d49 au 400m surface, 30\u1d49 au 50 m surface et au 400 m surface, 24\u1d49 au 800m surface, 29\u1d49 au 100 m immersion.<\/p>\n<p><a href=\"https:\/\/vosgesinfo.fr\/app\/uploads\/sites\/6\/2025\/06\/championnat-de-fr-nage-avec-palmes-versailles-1.jpeg\"><img decoding=\"async\" class=\"alignright size-medium wp-image-79412\" src=\"https:\/\/vosgesinfo.fr\/app\/uploads\/sites\/6\/2025\/06\/championnat-de-fr-nage-avec-palmes-versailles-1-300x225.jpeg\" alt=\"\" width=\"300\" height=\"225\" srcset=\"https:\/\/vosgesinfo.fr\/app\/uploads\/sites\/6\/2025\/06\/championnat-de-fr-nage-avec-palmes-versailles-1-300x225.jpeg 300w, https:\/\/vosgesinfo.fr\/app\/uploads\/sites\/6\/2025\/06\/championnat-de-fr-nage-avec-palmes-versailles-1-1024x768.jpeg 1024w, https:\/\/vosgesinfo.fr\/app\/uploads\/sites\/6\/2025\/06\/championnat-de-fr-nage-avec-palmes-versailles-1-768x576.jpeg 768w, https:\/\/vosgesinfo.fr\/app\/uploads\/sites\/6\/2025\/06\/championnat-de-fr-nage-avec-palmes-versailles-1-1536x1152.jpeg 1536w, https:\/\/vosgesinfo.fr\/app\/uploads\/sites\/6\/2025\/06\/championnat-de-fr-nage-avec-palmes-versailles-1.jpeg 1600w\" sizes=\"(max-width: 300px) 100vw, 300px\" \/><\/a>Aimeline termine 23\u1d49 au 50 M bipalmes, 25\u1d49 au 50m surface, 29\u1d49 au 800m surface, 22\u1d49 au 100 m immersion.<\/p>\n<p>Les jeunes du club am\u00e9liorent tous leurs temps sur un bassin de 50 m\u00e8tres et ont engrang\u00e9 une belle exp\u00e9rience du haut niveau. Bravo \u00e0 tous les trois.<\/p>\n<p>C\u00f4t\u00e9 Master, Alexandra Colas se classe 5\u1d49 au 800m surface, 8\u1d49 en 400m BI et 6\u1d49 au 200 m BI dans la cat\u00e9gorie Master 2.<\/p>\n<p>Val\u00e9rie Georgeon termine 5\u1d49 au 100m BI, 6\u1d49 au 50m BI, 400m BI et 200m BI en master 3.<\/p>\n<p><a href=\"https:\/\/vosgesinfo.fr\/app\/uploads\/sites\/6\/2025\/06\/nage-avec-palmes-gerardmer-versailles-31.jpeg\"><img decoding=\"async\" class=\"alignright size-medium wp-image-79415\" src=\"https:\/\/vosgesinfo.fr\/app\/uploads\/sites\/6\/2025\/06\/nage-avec-palmes-gerardmer-versailles-31-225x300.jpeg\" alt=\"\" width=\"225\" height=\"300\" srcset=\"https:\/\/vosgesinfo.fr\/app\/uploads\/sites\/6\/2025\/06\/nage-avec-palmes-gerardmer-versailles-31-225x300.jpeg 225w, https:\/\/vosgesinfo.fr\/app\/uploads\/sites\/6\/2025\/06\/nage-avec-palmes-gerardmer-versailles-31-768x1024.jpeg 768w, https:\/\/vosgesinfo.fr\/app\/uploads\/sites\/6\/2025\/06\/nage-avec-palmes-gerardmer-versailles-31-1152x1536.jpeg 1152w, https:\/\/vosgesinfo.fr\/app\/uploads\/sites\/6\/2025\/06\/nage-avec-palmes-gerardmer-versailles-31.jpeg 1512w\" sizes=\"(max-width: 225px) 100vw, 225px\" \/><\/a>Le master 4 Jacques Lel\u00e9on d\u00e9croche 3 m\u00e9dailles : Vice-champion de France sur le 100 m BI et le 200m BI et m\u00e9daille de bronze sur le 50m BI. Un grand bravo \u00e0 lui !<\/p>\n<p>Un week-end pleinement satisfaisant pour le petit club g\u00e9r\u00f4mois qui se confrontait aux meilleurs fran\u00e7ais et qui compte bien poursuivre sur cette voie.<\/p>\n<p>Place maintenant \u00e0 l&rsquo;eau libre et au championnat r\u00e9gional et championnat des Vosges qui se d\u00e9roulera dans les eaux du lac de G\u00e9rardmer, dimanche 6 juillet de 10 h \u00e0 12 h, c\u00f4t\u00e9 base nautique. Ne manquez pas le spectacle !<\/p>\n","protected":false},"excerpt":{"rendered":"<p>Les 14 et 15 juin 2025, le club G\u00e9rardmer Nage Avec palmes a particip\u00e9 \u00e0 son premier championnat de France [&hellip;]<\/p>\n","protected":false},"author":391,"featured_media":79413,"comment_status":"open","ping_status":"open","sticky":false,"template":"","format":"standard","meta":{"footnotes":""},"categories":[20,5647,14],"tags":[217],"class_list":["post-79407","post","type-post","status-publish","format-standard","has-post-thumbnail","hentry","category-a-la-une","category-gerardmer-autres-sites","category-sport","tag-nage-avec-palmes"],"acf":[],"yoast_head":"<!-- This site is optimized with the Yoast SEO plugin v22.5 - https:\/\/yoast.com\/wordpress\/plugins\/seo\/ -->\n<title>Championnat de France de nage avec palmes : les G\u00e9r\u00f4mois s&#039;illustrent \u00e0 Versailles - Gerardmer Info<\/title>\n<meta name=\"robots\" content=\"index, follow, max-snippet:-1, max-image-preview:large, max-video-preview:-1\" \/>\n<link rel=\"canonical\" href=\"https:\/\/vosgesinfo.fr\/gerardmerinfo\/2025\/06\/championnat-de-france-de-nage-avec-palmes-les-geromois-sillustrent-a-versailles\/\" \/>\n<meta name=\"twitter:card\" content=\"summary_large_image\" \/>\n<meta name=\"twitter:title\" content=\"Championnat de France de nage avec palmes : les G\u00e9r\u00f4mois s&#039;illustrent \u00e0 Versailles - Gerardmer Info\" \/>\n<meta name=\"twitter:description\" content=\"Les 14 et 15 juin 2025, le club G\u00e9rardmer Nage Avec palmes a particip\u00e9 \u00e0 son premier championnat de France [&hellip;]\" \/>\n<meta name=\"twitter:image\" content=\"https:\/\/vosgesinfo.fr\/app\/uploads\/sites\/6\/2025\/06\/championnat-de-fr-nage-avec-palmes-versailles-2.jpeg\" \/>\n<meta name=\"twitter:creator\" content=\"@VosgesInfo88\" \/>\n<meta name=\"twitter:site\" content=\"@VosgesInfo88\" \/>\n<meta name=\"twitter:label1\" content=\"\u00c9crit par\" \/>\n\t<meta name=\"twitter:data1\" content=\"La redaction\" \/>\n\t<meta name=\"twitter:label2\" content=\"Dur\u00e9e de lecture estim\u00e9e\" \/>\n\t<meta name=\"twitter:data2\" content=\"2 minutes\" \/>\n<script type=\"application\/ld+json\" class=\"yoast-schema-graph\">{\"@context\":\"https:\/\/schema.org\",\"@graph\":[{\"@type\":\"Article\",\"@id\":\"https:\/\/vosgesinfo.fr\/gerardmerinfo\/2025\/06\/championnat-de-france-de-nage-avec-palmes-les-geromois-sillustrent-a-versailles\/#article\",\"isPartOf\":{\"@id\":\"https:\/\/vosgesinfo.fr\/gerardmerinfo\/2025\/06\/championnat-de-france-de-nage-avec-palmes-les-geromois-sillustrent-a-versailles\/\"},\"author\":{\"name\":\"La redaction\",\"@id\":\"https:\/\/vosgesinfo.fr\/gerardmerinfo\/#\/schema\/person\/27a3695b06db98895b354c0765cdfc31\"},\"headline\":\"Championnat de France de nage avec palmes : les G\u00e9r\u00f4mois s&rsquo;illustrent \u00e0 Versailles\",\"datePublished\":\"2025-06-20T06:59:06+00:00\",\"dateModified\":\"2025-06-20T06:37:11+00:00\",\"mainEntityOfPage\":{\"@id\":\"https:\/\/vosgesinfo.fr\/gerardmerinfo\/2025\/06\/championnat-de-france-de-nage-avec-palmes-les-geromois-sillustrent-a-versailles\/\"},\"wordCount\":356,\"commentCount\":0,\"publisher\":{\"@id\":\"https:\/\/vosgesinfo.fr\/gerardmerinfo\/#organization\"},\"image\":{\"@id\":\"https:\/\/vosgesinfo.fr\/gerardmerinfo\/2025\/06\/championnat-de-france-de-nage-avec-palmes-les-geromois-sillustrent-a-versailles\/#primaryimage\"},\"thumbnailUrl\":\"https:\/\/vosgesinfo.fr\/app\/uploads\/sites\/6\/2025\/06\/championnat-de-fr-nage-avec-palmes-versailles-2.jpeg\",\"keywords\":[\"nage avec palmes\"],\"articleSection\":[\"A la une\",\"Gerardmer\",\"Sport\"],\"inLanguage\":\"fr-FR\",\"potentialAction\":[{\"@type\":\"CommentAction\",\"name\":\"Comment\",\"target\":[\"https:\/\/vosgesinfo.fr\/gerardmerinfo\/2025\/06\/championnat-de-france-de-nage-avec-palmes-les-geromois-sillustrent-a-versailles\/#respond\"]}]},{\"@type\":\"WebPage\",\"@id\":\"https:\/\/vosgesinfo.fr\/gerardmerinfo\/2025\/06\/championnat-de-france-de-nage-avec-palmes-les-geromois-sillustrent-a-versailles\/\",\"url\":\"https:\/\/vosgesinfo.fr\/gerardmerinfo\/2025\/06\/championnat-de-france-de-nage-avec-palmes-les-geromois-sillustrent-a-versailles\/\",\"name\":\"Championnat de France de nage avec palmes : les G\u00e9r\u00f4mois s'illustrent \u00e0 Versailles - Gerardmer Info\",\"isPartOf\":{\"@id\":\"https:\/\/vosgesinfo.fr\/gerardmerinfo\/#website\"},\"primaryImageOfPage\":{\"@id\":\"https:\/\/vosgesinfo.fr\/gerardmerinfo\/2025\/06\/championnat-de-france-de-nage-avec-palmes-les-geromois-sillustrent-a-versailles\/#primaryimage\"},\"image\":{\"@id\":\"https:\/\/vosgesinfo.fr\/gerardmerinfo\/2025\/06\/championnat-de-france-de-nage-avec-palmes-les-geromois-sillustrent-a-versailles\/#primaryimage\"},\"thumbnailUrl\":\"https:\/\/vosgesinfo.fr\/app\/uploads\/sites\/6\/2025\/06\/championnat-de-fr-nage-avec-palmes-versailles-2.jpeg\",\"datePublished\":\"2025-06-20T06:59:06+00:00\",\"dateModified\":\"2025-06-20T06:37:11+00:00\",\"breadcrumb\":{\"@id\":\"https:\/\/vosgesinfo.fr\/gerardmerinfo\/2025\/06\/championnat-de-france-de-nage-avec-palmes-les-geromois-sillustrent-a-versailles\/#breadcrumb\"},\"inLanguage\":\"fr-FR\",\"potentialAction\":[{\"@type\":\"ReadAction\",\"target\":[\"https:\/\/vosgesinfo.fr\/gerardmerinfo\/2025\/06\/championnat-de-france-de-nage-avec-palmes-les-geromois-sillustrent-a-versailles\/\"]}]},{\"@type\":\"ImageObject\",\"inLanguage\":\"fr-FR\",\"@id\":\"https:\/\/vosgesinfo.fr\/gerardmerinfo\/2025\/06\/championnat-de-france-de-nage-avec-palmes-les-geromois-sillustrent-a-versailles\/#primaryimage\",\"url\":\"https:\/\/vosgesinfo.fr\/app\/uploads\/sites\/6\/2025\/06\/championnat-de-fr-nage-avec-palmes-versailles-2.jpeg\",\"contentUrl\":\"https:\/\/vosgesinfo.fr\/app\/uploads\/sites\/6\/2025\/06\/championnat-de-fr-nage-avec-palmes-versailles-2.jpeg\",\"width\":1600,\"height\":1200},{\"@type\":\"BreadcrumbList\",\"@id\":\"https:\/\/vosgesinfo.fr\/gerardmerinfo\/2025\/06\/championnat-de-france-de-nage-avec-palmes-les-geromois-sillustrent-a-versailles\/#breadcrumb\",\"itemListElement\":[{\"@type\":\"ListItem\",\"position\":1,\"name\":\"Home\",\"item\":\"https:\/\/vosgesinfo.fr\/gerardmerinfo\/\"},{\"@type\":\"ListItem\",\"position\":2,\"name\":\"Championnat de France de nage avec palmes : les G\u00e9r\u00f4mois s&rsquo;illustrent \u00e0 Versailles\"}]},{\"@type\":\"WebSite\",\"@id\":\"https:\/\/vosgesinfo.fr\/gerardmerinfo\/#website\",\"url\":\"https:\/\/vosgesinfo.fr\/gerardmerinfo\/\",\"name\":\"Gerardmer Info\",\"description\":\"Toute l&#039;actualit\u00e9 de G\u00e9rardmer\",\"publisher\":{\"@id\":\"https:\/\/vosgesinfo.fr\/gerardmerinfo\/#organization\"},\"alternateName\":\"Toute l'actualit\u00e9 de G\u00e9rardmer\",\"potentialAction\":[{\"@type\":\"SearchAction\",\"target\":{\"@type\":\"EntryPoint\",\"urlTemplate\":\"https:\/\/vosgesinfo.fr\/gerardmerinfo\/?s={search_term_string}\"},\"query-input\":\"required name=search_term_string\"}],\"inLanguage\":\"fr-FR\"},{\"@type\":\"Organization\",\"@id\":\"https:\/\/vosgesinfo.fr\/gerardmerinfo\/#organization\",\"name\":\"Gerardmer Info\",\"url\":\"https:\/\/vosgesinfo.fr\/gerardmerinfo\/\",\"logo\":{\"@type\":\"ImageObject\",\"inLanguage\":\"fr-FR\",\"@id\":\"https:\/\/vosgesinfo.fr\/gerardmerinfo\/#\/schema\/logo\/image\/\",\"url\":\"https:\/\/vosgesinfo.fr\/app\/uploads\/sites\/6\/2023\/08\/favicon-gerardmerinfo.png\",\"contentUrl\":\"https:\/\/vosgesinfo.fr\/app\/uploads\/sites\/6\/2023\/08\/favicon-gerardmerinfo.png\",\"width\":512,\"height\":512,\"caption\":\"Gerardmer Info\"},\"image\":{\"@id\":\"https:\/\/vosgesinfo.fr\/gerardmerinfo\/#\/schema\/logo\/image\/\"},\"sameAs\":[\"https:\/\/www.facebook.com\/profile.php?id=100049475262660\",\"https:\/\/x.com\/VosgesInfo88\",\"https:\/\/www.youtube.com\/@vosgesinfo\"]},{\"@type\":\"Person\",\"@id\":\"https:\/\/vosgesinfo.fr\/gerardmerinfo\/#\/schema\/person\/27a3695b06db98895b354c0765cdfc31\",\"name\":\"La redaction\",\"image\":{\"@type\":\"ImageObject\",\"inLanguage\":\"fr-FR\",\"@id\":\"https:\/\/vosgesinfo.fr\/gerardmerinfo\/#\/schema\/person\/image\/\",\"url\":\"https:\/\/secure.gravatar.com\/avatar\/64c76a78e501cedee55736f43f332df901e1896ae9cd8fad269ae2236dd0e8b6?s=96&d=mm&r=g\",\"contentUrl\":\"https:\/\/secure.gravatar.com\/avatar\/64c76a78e501cedee55736f43f332df901e1896ae9cd8fad269ae2236dd0e8b6?s=96&d=mm&r=g\",\"caption\":\"La redaction\"},\"url\":\"https:\/\/vosgesinfo.fr\/gerardmerinfo\/author\/la-redaction\/\"}]}<\/script>\n<!-- \/ Yoast SEO plugin. -->","yoast_head_json":{"title":"Championnat de France de nage avec palmes : les G\u00e9r\u00f4mois s'illustrent \u00e0 Versailles - Gerardmer Info","robots":{"index":"index","follow":"follow","max-snippet":"max-snippet:-1","max-image-preview":"max-image-preview:large","max-video-preview":"max-video-preview:-1"},"canonical":"https:\/\/vosgesinfo.fr\/gerardmerinfo\/2025\/06\/championnat-de-france-de-nage-avec-palmes-les-geromois-sillustrent-a-versailles\/","twitter_card":"summary_large_image","twitter_title":"Championnat de France de nage avec palmes : les G\u00e9r\u00f4mois s'illustrent \u00e0 Versailles - Gerardmer Info","twitter_description":"Les 14 et 15 juin 2025, le club G\u00e9rardmer Nage Avec palmes a particip\u00e9 \u00e0 son premier championnat de France [&hellip;]","twitter_image":"https:\/\/vosgesinfo.fr\/app\/uploads\/sites\/6\/2025\/06\/championnat-de-fr-nage-avec-palmes-versailles-2.jpeg","twitter_creator":"@VosgesInfo88","twitter_site":"@VosgesInfo88","twitter_misc":{"\u00c9crit par":"La redaction","Dur\u00e9e de lecture estim\u00e9e":"2 minutes"},"schema":{"@context":"https:\/\/schema.org","@graph":[{"@type":"Article","@id":"https:\/\/vosgesinfo.fr\/gerardmerinfo\/2025\/06\/championnat-de-france-de-nage-avec-palmes-les-geromois-sillustrent-a-versailles\/#article","isPartOf":{"@id":"https:\/\/vosgesinfo.fr\/gerardmerinfo\/2025\/06\/championnat-de-france-de-nage-avec-palmes-les-geromois-sillustrent-a-versailles\/"},"author":{"name":"La redaction","@id":"https:\/\/vosgesinfo.fr\/gerardmerinfo\/#\/schema\/person\/27a3695b06db98895b354c0765cdfc31"},"headline":"Championnat de France de nage avec palmes : les G\u00e9r\u00f4mois s&rsquo;illustrent \u00e0 Versailles","datePublished":"2025-06-20T06:59:06+00:00","dateModified":"2025-06-20T06:37:11+00:00","mainEntityOfPage":{"@id":"https:\/\/vosgesinfo.fr\/gerardmerinfo\/2025\/06\/championnat-de-france-de-nage-avec-palmes-les-geromois-sillustrent-a-versailles\/"},"wordCount":356,"commentCount":0,"publisher":{"@id":"https:\/\/vosgesinfo.fr\/gerardmerinfo\/#organization"},"image":{"@id":"https:\/\/vosgesinfo.fr\/gerardmerinfo\/2025\/06\/championnat-de-france-de-nage-avec-palmes-les-geromois-sillustrent-a-versailles\/#primaryimage"},"thumbnailUrl":"https:\/\/vosgesinfo.fr\/app\/uploads\/sites\/6\/2025\/06\/championnat-de-fr-nage-avec-palmes-versailles-2.jpeg","keywords":["nage avec palmes"],"articleSection":["A la une","Gerardmer","Sport"],"inLanguage":"fr-FR","potentialAction":[{"@type":"CommentAction","name":"Comment","target":["https:\/\/vosgesinfo.fr\/gerardmerinfo\/2025\/06\/championnat-de-france-de-nage-avec-palmes-les-geromois-sillustrent-a-versailles\/#respond"]}]},{"@type":"WebPage","@id":"https:\/\/vosgesinfo.fr\/gerardmerinfo\/2025\/06\/championnat-de-france-de-nage-avec-palmes-les-geromois-sillustrent-a-versailles\/","url":"https:\/\/vosgesinfo.fr\/gerardmerinfo\/2025\/06\/championnat-de-france-de-nage-avec-palmes-les-geromois-sillustrent-a-versailles\/","name":"Championnat de France de nage avec palmes : les G\u00e9r\u00f4mois s'illustrent \u00e0 Versailles - Gerardmer Info","isPartOf":{"@id":"https:\/\/vosgesinfo.fr\/gerardmerinfo\/#website"},"primaryImageOfPage":{"@id":"https:\/\/vosgesinfo.fr\/gerardmerinfo\/2025\/06\/championnat-de-france-de-nage-avec-palmes-les-geromois-sillustrent-a-versailles\/#primaryimage"},"image":{"@id":"https:\/\/vosgesinfo.fr\/gerardmerinfo\/2025\/06\/championnat-de-france-de-nage-avec-palmes-les-geromois-sillustrent-a-versailles\/#primaryimage"},"thumbnailUrl":"https:\/\/vosgesinfo.fr\/app\/uploads\/sites\/6\/2025\/06\/championnat-de-fr-nage-avec-palmes-versailles-2.jpeg","datePublished":"2025-06-20T06:59:06+00:00","dateModified":"2025-06-20T06:37:11+00:00","breadcrumb":{"@id":"https:\/\/vosgesinfo.fr\/gerardmerinfo\/2025\/06\/championnat-de-france-de-nage-avec-palmes-les-geromois-sillustrent-a-versailles\/#breadcrumb"},"inLanguage":"fr-FR","potentialAction":[{"@type":"ReadAction","target":["https:\/\/vosgesinfo.fr\/gerardmerinfo\/2025\/06\/championnat-de-france-de-nage-avec-palmes-les-geromois-sillustrent-a-versailles\/"]}]},{"@type":"ImageObject","inLanguage":"fr-FR","@id":"https:\/\/vosgesinfo.fr\/gerardmerinfo\/2025\/06\/championnat-de-france-de-nage-avec-palmes-les-geromois-sillustrent-a-versailles\/#primaryimage","url":"https:\/\/vosgesinfo.fr\/app\/uploads\/sites\/6\/2025\/06\/championnat-de-fr-nage-avec-palmes-versailles-2.jpeg","contentUrl":"https:\/\/vosgesinfo.fr\/app\/uploads\/sites\/6\/2025\/06\/championnat-de-fr-nage-avec-palmes-versailles-2.jpeg","width":1600,"height":1200},{"@type":"BreadcrumbList","@id":"https:\/\/vosgesinfo.fr\/gerardmerinfo\/2025\/06\/championnat-de-france-de-nage-avec-palmes-les-geromois-sillustrent-a-versailles\/#breadcrumb","itemListElement":[{"@type":"ListItem","position":1,"name":"Home","item":"https:\/\/vosgesinfo.fr\/gerardmerinfo\/"},{"@type":"ListItem","position":2,"name":"Championnat de France de nage avec palmes : les G\u00e9r\u00f4mois s&rsquo;illustrent \u00e0 Versailles"}]},{"@type":"WebSite","@id":"https:\/\/vosgesinfo.fr\/gerardmerinfo\/#website","url":"https:\/\/vosgesinfo.fr\/gerardmerinfo\/","name":"Gerardmer Info","description":"Toute l&#039;actualit\u00e9 de G\u00e9rardmer","publisher":{"@id":"https:\/\/vosgesinfo.fr\/gerardmerinfo\/#organization"},"alternateName":"Toute l'actualit\u00e9 de G\u00e9rardmer","potentialAction":[{"@type":"SearchAction","target":{"@type":"EntryPoint","urlTemplate":"https:\/\/vosgesinfo.fr\/gerardmerinfo\/?s={search_term_string}"},"query-input":"required name=search_term_string"}],"inLanguage":"fr-FR"},{"@type":"Organization","@id":"https:\/\/vosgesinfo.fr\/gerardmerinfo\/#organization","name":"Gerardmer Info","url":"https:\/\/vosgesinfo.fr\/gerardmerinfo\/","logo":{"@type":"ImageObject","inLanguage":"fr-FR","@id":"https:\/\/vosgesinfo.fr\/gerardmerinfo\/#\/schema\/logo\/image\/","url":"https:\/\/vosgesinfo.fr\/app\/uploads\/sites\/6\/2023\/08\/favicon-gerardmerinfo.png","contentUrl":"https:\/\/vosgesinfo.fr\/app\/uploads\/sites\/6\/2023\/08\/favicon-gerardmerinfo.png","width":512,"height":512,"caption":"Gerardmer Info"},"image":{"@id":"https:\/\/vosgesinfo.fr\/gerardmerinfo\/#\/schema\/logo\/image\/"},"sameAs":["https:\/\/www.facebook.com\/profile.php?id=100049475262660","https:\/\/x.com\/VosgesInfo88","https:\/\/www.youtube.com\/@vosgesinfo"]},{"@type":"Person","@id":"https:\/\/vosgesinfo.fr\/gerardmerinfo\/#\/schema\/person\/27a3695b06db98895b354c0765cdfc31","name":"La redaction","image":{"@type":"ImageObject","inLanguage":"fr-FR","@id":"https:\/\/vosgesinfo.fr\/gerardmerinfo\/#\/schema\/person\/image\/","url":"https:\/\/secure.gravatar.com\/avatar\/64c76a78e501cedee55736f43f332df901e1896ae9cd8fad269ae2236dd0e8b6?s=96&d=mm&r=g","contentUrl":"https:\/\/secure.gravatar.com\/avatar\/64c76a78e501cedee55736f43f332df901e1896ae9cd8fad269ae2236dd0e8b6?s=96&d=mm&r=g","caption":"La redaction"},"url":"https:\/\/vosgesinfo.fr\/gerardmerinfo\/author\/la-redaction\/"}]}},"_links":{"self":[{"href":"https:\/\/vosgesinfo.fr\/gerardmerinfo\/wp-json\/wp\/v2\/posts\/79407","targetHints":{"allow":["GET"]}}],"collection":[{"href":"https:\/\/vosgesinfo.fr\/gerardmerinfo\/wp-json\/wp\/v2\/posts"}],"about":[{"href":"https:\/\/vosgesinfo.fr\/gerardmerinfo\/wp-json\/wp\/v2\/types\/post"}],"author":[{"embeddable":true,"href":"https:\/\/vosgesinfo.fr\/gerardmerinfo\/wp-json\/wp\/v2\/users\/391"}],"replies":[{"embeddable":true,"href":"https:\/\/vosgesinfo.fr\/gerardmerinfo\/wp-json\/wp\/v2\/comments?post=79407"}],"version-history":[{"count":3,"href":"https:\/\/vosgesinfo.fr\/gerardmerinfo\/wp-json\/wp\/v2\/posts\/79407\/revisions"}],"predecessor-version":[{"id":79416,"href":"https:\/\/vosgesinfo.fr\/gerardmerinfo\/wp-json\/wp\/v2\/posts\/79407\/revisions\/79416"}],"wp:featuredmedia":[{"embeddable":true,"href":"https:\/\/vosgesinfo.fr\/gerardmerinfo\/wp-json\/wp\/v2\/media\/79413"}],"wp:attachment":[{"href":"https:\/\/vosgesinfo.fr\/gerardmerinfo\/wp-json\/wp\/v2\/media?parent=79407"}],"wp:term":[{"taxonomy":"category","embeddable":true,"href":"https:\/\/vosgesinfo.fr\/gerardmerinfo\/wp-json\/wp\/v2\/categories?post=79407"},{"taxonomy":"post_tag","embeddable":true,"href":"https:\/\/vosgesinfo.fr\/gerardmerinfo\/wp-json\/wp\/v2\/tags?post=79407"}],"curies":[{"name":"wp","href":"https:\/\/api.w.org\/{rel}","templated":true}]}}