{"id":79788,"date":"2025-06-27T16:46:30","date_gmt":"2025-06-27T14:46:30","guid":{"rendered":"https:\/\/vosgesinfo.fr\/gerardmerinfo\/?p=79788"},"modified":"2025-06-27T17:08:38","modified_gmt":"2025-06-27T15:08:38","slug":"gerard-claudon-nous-a-quittes","status":"publish","type":"post","link":"https:\/\/vosgesinfo.fr\/gerardmerinfo\/2025\/06\/gerard-claudon-nous-a-quittes\/","title":{"rendered":"G\u00e9rard CLAUDON nous a quitt\u00e9s"},"content":{"rendered":"<p data-start=\"71\" data-end=\"1704\"><a href=\"https:\/\/vosgesinfo.fr\/app\/uploads\/sites\/6\/2025\/06\/m-claudon.jpeg\"><img decoding=\"async\" class=\"aligncenter wp-image-79742 size-full\" src=\"https:\/\/vosgesinfo.fr\/app\/uploads\/sites\/6\/2025\/06\/m-claudon.jpeg\" alt=\"\" width=\"507\" height=\"619\" srcset=\"https:\/\/vosgesinfo.fr\/app\/uploads\/sites\/6\/2025\/06\/m-claudon.jpeg 507w, https:\/\/vosgesinfo.fr\/app\/uploads\/sites\/6\/2025\/06\/m-claudon-246x300.jpeg 246w\" sizes=\"(max-width: 507px) 100vw, 507px\" \/><\/a><\/p>\n<p data-start=\"71\" data-end=\"1704\">C&rsquo;est avec une immense tristesse que nous apprenons le d\u00e9c\u00e8s de Monsieur G\u00e9rard CLAUDON, survenu le 25 Juin \u00e0 l\u2019\u00e2ge de 70 ans qui s\u2019est \u00e9teint dans la s\u00e9r\u00e9nit\u00e9 et sans douleur malgr\u00e9 la maladie qui le rongeait depuis plusieurs ann\u00e9es.<\/p>\n<p data-start=\"71\" data-end=\"1704\">N\u00e9 le 23 F\u00e9vrier 1955, G\u00e9rard a grandi \u00e0 G\u00e9rardmer entour\u00e9 de ses parents Pierre et Suzette et de sa s\u0153ur Marie-Luce. En 1977, il prit pour \u00e9pouse Denise GOUSSET. De cette union na\u00eetront 3 filles\u00a0 : Sandra, Audrey et Myriam.<\/p>\n<p data-start=\"71\" data-end=\"1704\">La famille s\u2019est ensuite agrandie de 6 petits enfants : Cl\u00e9mence, William, Ma\u00efssa, Adam, Ala\u00efs et Tim\u00e9o dont il \u00e9tait tr\u00e8s fier. Apr\u00e8s avoir obtenu un CAP de m\u00e9canique g\u00e9n\u00e9rale, il continua ses \u00e9tudes au CFA de GOLBEY pour travailler durant toute sa carri\u00e8re dans la m\u00e9canique de pr\u00e9cision, d\u2019abord \u00e0 la CIM ROCKWELL \u00e0 SAINT DIE puis \u00e0 la SMP jusqu\u2019\u00e0 l\u2019\u00e2ge de sa retraite. G\u00e9rard aimait la pratique du ski alpin. Durant de nombreuses ann\u00e9es il a consacr\u00e9 tous ses week-end \u00e0 la station de ski de la Mauselaine o\u00f9 il \u00e9tait perchman. La randonn\u00e9e \u00e9tait une de ses passions jusqu\u2019\u00e0 ce que la maladie l\u2019affaiblisse. C\u2019est alors devant la t\u00e9l\u00e9vision qu\u2019il passait beaucoup de son temps \u00e0 regarder les \u00e9missions sportives. G\u00e9rard \u00e9tait membre de l\u2019Association des Anciens \u00e9l\u00e8ves de l\u2019\u00e9cole de REMOMEIX o\u00f9 il aimait participer \u00e0 l\u2019organisation de marches populaires ou de soir\u00e9es dansantes. Il \u00e9tait par ailleurs un excellent valseur. Apr\u00e8s son divorce, G\u00e9rard r\u00e9sidait \u00e0 COINCHES o\u00f9 il a \u00e9t\u00e9 porte drapeaux durant plusieurs ann\u00e9es lors de c\u00e9r\u00e9monies comm\u00e9moratives et aussi pour rendre hommage aux anciens combattants lors de fun\u00e9railles. G\u00e9rard laissera un grand vide \u00e0 son entourage.<\/p>\n<p data-start=\"71\" data-end=\"1704\">Nos sinc\u00e8res condol\u00e9ances.<\/p>\n<p data-start=\"71\" data-end=\"1704\">\n","protected":false},"excerpt":{"rendered":"<p>C&rsquo;est avec une immense tristesse que nous apprenons le d\u00e9c\u00e8s de Monsieur G\u00e9rard CLAUDON, survenu le 25 Juin \u00e0 l\u2019\u00e2ge [&hellip;]<\/p>\n","protected":false},"author":391,"featured_media":79742,"comment_status":"open","ping_status":"open","sticky":false,"template":"","format":"standard","meta":{"footnotes":""},"categories":[20,5647,9,43],"tags":[],"class_list":["post-79788","post","type-post","status-publish","format-standard","has-post-thumbnail","hentry","category-a-la-une","category-gerardmer-autres-sites","category-necro","category-necrologie"],"acf":[],"yoast_head":"<!-- This site is optimized with the Yoast SEO plugin v22.5 - https:\/\/yoast.com\/wordpress\/plugins\/seo\/ -->\n<title>G\u00e9rard CLAUDON nous a quitt\u00e9s - Gerardmer Info<\/title>\n<meta name=\"robots\" content=\"index, follow, max-snippet:-1, max-image-preview:large, max-video-preview:-1\" \/>\n<link rel=\"canonical\" href=\"https:\/\/vosgesinfo.fr\/gerardmerinfo\/2025\/06\/gerard-claudon-nous-a-quittes\/\" \/>\n<meta name=\"twitter:card\" content=\"summary_large_image\" \/>\n<meta name=\"twitter:title\" content=\"G\u00e9rard CLAUDON nous a quitt\u00e9s - Gerardmer Info\" \/>\n<meta name=\"twitter:description\" content=\"C&rsquo;est avec une immense tristesse que nous apprenons le d\u00e9c\u00e8s de Monsieur G\u00e9rard CLAUDON, survenu le 25 Juin \u00e0 l\u2019\u00e2ge [&hellip;]\" \/>\n<meta name=\"twitter:image\" content=\"https:\/\/vosgesinfo.fr\/app\/uploads\/sites\/6\/2025\/06\/m-claudon.jpeg\" \/>\n<meta name=\"twitter:creator\" content=\"@VosgesInfo88\" \/>\n<meta name=\"twitter:site\" content=\"@VosgesInfo88\" \/>\n<meta name=\"twitter:label1\" content=\"\u00c9crit par\" \/>\n\t<meta name=\"twitter:data1\" content=\"La redaction\" \/>\n\t<meta name=\"twitter:label2\" content=\"Dur\u00e9e de lecture estim\u00e9e\" \/>\n\t<meta name=\"twitter:data2\" content=\"2 minutes\" \/>\n<script type=\"application\/ld+json\" class=\"yoast-schema-graph\">{\"@context\":\"https:\/\/schema.org\",\"@graph\":[{\"@type\":\"Article\",\"@id\":\"https:\/\/vosgesinfo.fr\/gerardmerinfo\/2025\/06\/gerard-claudon-nous-a-quittes\/#article\",\"isPartOf\":{\"@id\":\"https:\/\/vosgesinfo.fr\/gerardmerinfo\/2025\/06\/gerard-claudon-nous-a-quittes\/\"},\"author\":{\"name\":\"La redaction\",\"@id\":\"https:\/\/vosgesinfo.fr\/gerardmerinfo\/#\/schema\/person\/27a3695b06db98895b354c0765cdfc31\"},\"headline\":\"G\u00e9rard CLAUDON nous a quitt\u00e9s\",\"datePublished\":\"2025-06-27T14:46:30+00:00\",\"dateModified\":\"2025-06-27T15:08:38+00:00\",\"mainEntityOfPage\":{\"@id\":\"https:\/\/vosgesinfo.fr\/gerardmerinfo\/2025\/06\/gerard-claudon-nous-a-quittes\/\"},\"wordCount\":322,\"commentCount\":4,\"publisher\":{\"@id\":\"https:\/\/vosgesinfo.fr\/gerardmerinfo\/#organization\"},\"image\":{\"@id\":\"https:\/\/vosgesinfo.fr\/gerardmerinfo\/2025\/06\/gerard-claudon-nous-a-quittes\/#primaryimage\"},\"thumbnailUrl\":\"https:\/\/vosgesinfo.fr\/app\/uploads\/sites\/6\/2025\/06\/m-claudon.jpeg\",\"articleSection\":[\"A la une\",\"Gerardmer\",\"N\u00e9cro\",\"N\u00e9crologie\"],\"inLanguage\":\"fr-FR\",\"potentialAction\":[{\"@type\":\"CommentAction\",\"name\":\"Comment\",\"target\":[\"https:\/\/vosgesinfo.fr\/gerardmerinfo\/2025\/06\/gerard-claudon-nous-a-quittes\/#respond\"]}]},{\"@type\":\"WebPage\",\"@id\":\"https:\/\/vosgesinfo.fr\/gerardmerinfo\/2025\/06\/gerard-claudon-nous-a-quittes\/\",\"url\":\"https:\/\/vosgesinfo.fr\/gerardmerinfo\/2025\/06\/gerard-claudon-nous-a-quittes\/\",\"name\":\"G\u00e9rard CLAUDON nous a quitt\u00e9s - Gerardmer Info\",\"isPartOf\":{\"@id\":\"https:\/\/vosgesinfo.fr\/gerardmerinfo\/#website\"},\"primaryImageOfPage\":{\"@id\":\"https:\/\/vosgesinfo.fr\/gerardmerinfo\/2025\/06\/gerard-claudon-nous-a-quittes\/#primaryimage\"},\"image\":{\"@id\":\"https:\/\/vosgesinfo.fr\/gerardmerinfo\/2025\/06\/gerard-claudon-nous-a-quittes\/#primaryimage\"},\"thumbnailUrl\":\"https:\/\/vosgesinfo.fr\/app\/uploads\/sites\/6\/2025\/06\/m-claudon.jpeg\",\"datePublished\":\"2025-06-27T14:46:30+00:00\",\"dateModified\":\"2025-06-27T15:08:38+00:00\",\"breadcrumb\":{\"@id\":\"https:\/\/vosgesinfo.fr\/gerardmerinfo\/2025\/06\/gerard-claudon-nous-a-quittes\/#breadcrumb\"},\"inLanguage\":\"fr-FR\",\"potentialAction\":[{\"@type\":\"ReadAction\",\"target\":[\"https:\/\/vosgesinfo.fr\/gerardmerinfo\/2025\/06\/gerard-claudon-nous-a-quittes\/\"]}]},{\"@type\":\"ImageObject\",\"inLanguage\":\"fr-FR\",\"@id\":\"https:\/\/vosgesinfo.fr\/gerardmerinfo\/2025\/06\/gerard-claudon-nous-a-quittes\/#primaryimage\",\"url\":\"https:\/\/vosgesinfo.fr\/app\/uploads\/sites\/6\/2025\/06\/m-claudon.jpeg\",\"contentUrl\":\"https:\/\/vosgesinfo.fr\/app\/uploads\/sites\/6\/2025\/06\/m-claudon.jpeg\",\"width\":507,\"height\":619},{\"@type\":\"BreadcrumbList\",\"@id\":\"https:\/\/vosgesinfo.fr\/gerardmerinfo\/2025\/06\/gerard-claudon-nous-a-quittes\/#breadcrumb\",\"itemListElement\":[{\"@type\":\"ListItem\",\"position\":1,\"name\":\"Home\",\"item\":\"https:\/\/vosgesinfo.fr\/gerardmerinfo\/\"},{\"@type\":\"ListItem\",\"position\":2,\"name\":\"G\u00e9rard CLAUDON nous a quitt\u00e9s\"}]},{\"@type\":\"WebSite\",\"@id\":\"https:\/\/vosgesinfo.fr\/gerardmerinfo\/#website\",\"url\":\"https:\/\/vosgesinfo.fr\/gerardmerinfo\/\",\"name\":\"Gerardmer Info\",\"description\":\"Toute l&#039;actualit\u00e9 de G\u00e9rardmer\",\"publisher\":{\"@id\":\"https:\/\/vosgesinfo.fr\/gerardmerinfo\/#organization\"},\"alternateName\":\"Toute l'actualit\u00e9 de G\u00e9rardmer\",\"potentialAction\":[{\"@type\":\"SearchAction\",\"target\":{\"@type\":\"EntryPoint\",\"urlTemplate\":\"https:\/\/vosgesinfo.fr\/gerardmerinfo\/?s={search_term_string}\"},\"query-input\":\"required name=search_term_string\"}],\"inLanguage\":\"fr-FR\"},{\"@type\":\"Organization\",\"@id\":\"https:\/\/vosgesinfo.fr\/gerardmerinfo\/#organization\",\"name\":\"Gerardmer Info\",\"url\":\"https:\/\/vosgesinfo.fr\/gerardmerinfo\/\",\"logo\":{\"@type\":\"ImageObject\",\"inLanguage\":\"fr-FR\",\"@id\":\"https:\/\/vosgesinfo.fr\/gerardmerinfo\/#\/schema\/logo\/image\/\",\"url\":\"https:\/\/vosgesinfo.fr\/app\/uploads\/sites\/6\/2023\/08\/favicon-gerardmerinfo.png\",\"contentUrl\":\"https:\/\/vosgesinfo.fr\/app\/uploads\/sites\/6\/2023\/08\/favicon-gerardmerinfo.png\",\"width\":512,\"height\":512,\"caption\":\"Gerardmer Info\"},\"image\":{\"@id\":\"https:\/\/vosgesinfo.fr\/gerardmerinfo\/#\/schema\/logo\/image\/\"},\"sameAs\":[\"https:\/\/www.facebook.com\/profile.php?id=100049475262660\",\"https:\/\/x.com\/VosgesInfo88\",\"https:\/\/www.youtube.com\/@vosgesinfo\"]},{\"@type\":\"Person\",\"@id\":\"https:\/\/vosgesinfo.fr\/gerardmerinfo\/#\/schema\/person\/27a3695b06db98895b354c0765cdfc31\",\"name\":\"La redaction\",\"image\":{\"@type\":\"ImageObject\",\"inLanguage\":\"fr-FR\",\"@id\":\"https:\/\/vosgesinfo.fr\/gerardmerinfo\/#\/schema\/person\/image\/\",\"url\":\"https:\/\/secure.gravatar.com\/avatar\/64c76a78e501cedee55736f43f332df901e1896ae9cd8fad269ae2236dd0e8b6?s=96&d=mm&r=g\",\"contentUrl\":\"https:\/\/secure.gravatar.com\/avatar\/64c76a78e501cedee55736f43f332df901e1896ae9cd8fad269ae2236dd0e8b6?s=96&d=mm&r=g\",\"caption\":\"La redaction\"},\"url\":\"https:\/\/vosgesinfo.fr\/gerardmerinfo\/author\/la-redaction\/\"}]}<\/script>\n<!-- \/ Yoast SEO plugin. -->","yoast_head_json":{"title":"G\u00e9rard CLAUDON nous a quitt\u00e9s - Gerardmer Info","robots":{"index":"index","follow":"follow","max-snippet":"max-snippet:-1","max-image-preview":"max-image-preview:large","max-video-preview":"max-video-preview:-1"},"canonical":"https:\/\/vosgesinfo.fr\/gerardmerinfo\/2025\/06\/gerard-claudon-nous-a-quittes\/","twitter_card":"summary_large_image","twitter_title":"G\u00e9rard CLAUDON nous a quitt\u00e9s - Gerardmer Info","twitter_description":"C&rsquo;est avec une immense tristesse que nous apprenons le d\u00e9c\u00e8s de Monsieur G\u00e9rard CLAUDON, survenu le 25 Juin \u00e0 l\u2019\u00e2ge [&hellip;]","twitter_image":"https:\/\/vosgesinfo.fr\/app\/uploads\/sites\/6\/2025\/06\/m-claudon.jpeg","twitter_creator":"@VosgesInfo88","twitter_site":"@VosgesInfo88","twitter_misc":{"\u00c9crit par":"La redaction","Dur\u00e9e de lecture estim\u00e9e":"2 minutes"},"schema":{"@context":"https:\/\/schema.org","@graph":[{"@type":"Article","@id":"https:\/\/vosgesinfo.fr\/gerardmerinfo\/2025\/06\/gerard-claudon-nous-a-quittes\/#article","isPartOf":{"@id":"https:\/\/vosgesinfo.fr\/gerardmerinfo\/2025\/06\/gerard-claudon-nous-a-quittes\/"},"author":{"name":"La redaction","@id":"https:\/\/vosgesinfo.fr\/gerardmerinfo\/#\/schema\/person\/27a3695b06db98895b354c0765cdfc31"},"headline":"G\u00e9rard CLAUDON nous a quitt\u00e9s","datePublished":"2025-06-27T14:46:30+00:00","dateModified":"2025-06-27T15:08:38+00:00","mainEntityOfPage":{"@id":"https:\/\/vosgesinfo.fr\/gerardmerinfo\/2025\/06\/gerard-claudon-nous-a-quittes\/"},"wordCount":322,"commentCount":4,"publisher":{"@id":"https:\/\/vosgesinfo.fr\/gerardmerinfo\/#organization"},"image":{"@id":"https:\/\/vosgesinfo.fr\/gerardmerinfo\/2025\/06\/gerard-claudon-nous-a-quittes\/#primaryimage"},"thumbnailUrl":"https:\/\/vosgesinfo.fr\/app\/uploads\/sites\/6\/2025\/06\/m-claudon.jpeg","articleSection":["A la une","Gerardmer","N\u00e9cro","N\u00e9crologie"],"inLanguage":"fr-FR","potentialAction":[{"@type":"CommentAction","name":"Comment","target":["https:\/\/vosgesinfo.fr\/gerardmerinfo\/2025\/06\/gerard-claudon-nous-a-quittes\/#respond"]}]},{"@type":"WebPage","@id":"https:\/\/vosgesinfo.fr\/gerardmerinfo\/2025\/06\/gerard-claudon-nous-a-quittes\/","url":"https:\/\/vosgesinfo.fr\/gerardmerinfo\/2025\/06\/gerard-claudon-nous-a-quittes\/","name":"G\u00e9rard CLAUDON nous a quitt\u00e9s - Gerardmer Info","isPartOf":{"@id":"https:\/\/vosgesinfo.fr\/gerardmerinfo\/#website"},"primaryImageOfPage":{"@id":"https:\/\/vosgesinfo.fr\/gerardmerinfo\/2025\/06\/gerard-claudon-nous-a-quittes\/#primaryimage"},"image":{"@id":"https:\/\/vosgesinfo.fr\/gerardmerinfo\/2025\/06\/gerard-claudon-nous-a-quittes\/#primaryimage"},"thumbnailUrl":"https:\/\/vosgesinfo.fr\/app\/uploads\/sites\/6\/2025\/06\/m-claudon.jpeg","datePublished":"2025-06-27T14:46:30+00:00","dateModified":"2025-06-27T15:08:38+00:00","breadcrumb":{"@id":"https:\/\/vosgesinfo.fr\/gerardmerinfo\/2025\/06\/gerard-claudon-nous-a-quittes\/#breadcrumb"},"inLanguage":"fr-FR","potentialAction":[{"@type":"ReadAction","target":["https:\/\/vosgesinfo.fr\/gerardmerinfo\/2025\/06\/gerard-claudon-nous-a-quittes\/"]}]},{"@type":"ImageObject","inLanguage":"fr-FR","@id":"https:\/\/vosgesinfo.fr\/gerardmerinfo\/2025\/06\/gerard-claudon-nous-a-quittes\/#primaryimage","url":"https:\/\/vosgesinfo.fr\/app\/uploads\/sites\/6\/2025\/06\/m-claudon.jpeg","contentUrl":"https:\/\/vosgesinfo.fr\/app\/uploads\/sites\/6\/2025\/06\/m-claudon.jpeg","width":507,"height":619},{"@type":"BreadcrumbList","@id":"https:\/\/vosgesinfo.fr\/gerardmerinfo\/2025\/06\/gerard-claudon-nous-a-quittes\/#breadcrumb","itemListElement":[{"@type":"ListItem","position":1,"name":"Home","item":"https:\/\/vosgesinfo.fr\/gerardmerinfo\/"},{"@type":"ListItem","position":2,"name":"G\u00e9rard CLAUDON nous a quitt\u00e9s"}]},{"@type":"WebSite","@id":"https:\/\/vosgesinfo.fr\/gerardmerinfo\/#website","url":"https:\/\/vosgesinfo.fr\/gerardmerinfo\/","name":"Gerardmer Info","description":"Toute l&#039;actualit\u00e9 de G\u00e9rardmer","publisher":{"@id":"https:\/\/vosgesinfo.fr\/gerardmerinfo\/#organization"},"alternateName":"Toute l'actualit\u00e9 de G\u00e9rardmer","potentialAction":[{"@type":"SearchAction","target":{"@type":"EntryPoint","urlTemplate":"https:\/\/vosgesinfo.fr\/gerardmerinfo\/?s={search_term_string}"},"query-input":"required name=search_term_string"}],"inLanguage":"fr-FR"},{"@type":"Organization","@id":"https:\/\/vosgesinfo.fr\/gerardmerinfo\/#organization","name":"Gerardmer Info","url":"https:\/\/vosgesinfo.fr\/gerardmerinfo\/","logo":{"@type":"ImageObject","inLanguage":"fr-FR","@id":"https:\/\/vosgesinfo.fr\/gerardmerinfo\/#\/schema\/logo\/image\/","url":"https:\/\/vosgesinfo.fr\/app\/uploads\/sites\/6\/2023\/08\/favicon-gerardmerinfo.png","contentUrl":"https:\/\/vosgesinfo.fr\/app\/uploads\/sites\/6\/2023\/08\/favicon-gerardmerinfo.png","width":512,"height":512,"caption":"Gerardmer Info"},"image":{"@id":"https:\/\/vosgesinfo.fr\/gerardmerinfo\/#\/schema\/logo\/image\/"},"sameAs":["https:\/\/www.facebook.com\/profile.php?id=100049475262660","https:\/\/x.com\/VosgesInfo88","https:\/\/www.youtube.com\/@vosgesinfo"]},{"@type":"Person","@id":"https:\/\/vosgesinfo.fr\/gerardmerinfo\/#\/schema\/person\/27a3695b06db98895b354c0765cdfc31","name":"La redaction","image":{"@type":"ImageObject","inLanguage":"fr-FR","@id":"https:\/\/vosgesinfo.fr\/gerardmerinfo\/#\/schema\/person\/image\/","url":"https:\/\/secure.gravatar.com\/avatar\/64c76a78e501cedee55736f43f332df901e1896ae9cd8fad269ae2236dd0e8b6?s=96&d=mm&r=g","contentUrl":"https:\/\/secure.gravatar.com\/avatar\/64c76a78e501cedee55736f43f332df901e1896ae9cd8fad269ae2236dd0e8b6?s=96&d=mm&r=g","caption":"La redaction"},"url":"https:\/\/vosgesinfo.fr\/gerardmerinfo\/author\/la-redaction\/"}]}},"_links":{"self":[{"href":"https:\/\/vosgesinfo.fr\/gerardmerinfo\/wp-json\/wp\/v2\/posts\/79788","targetHints":{"allow":["GET"]}}],"collection":[{"href":"https:\/\/vosgesinfo.fr\/gerardmerinfo\/wp-json\/wp\/v2\/posts"}],"about":[{"href":"https:\/\/vosgesinfo.fr\/gerardmerinfo\/wp-json\/wp\/v2\/types\/post"}],"author":[{"embeddable":true,"href":"https:\/\/vosgesinfo.fr\/gerardmerinfo\/wp-json\/wp\/v2\/users\/391"}],"replies":[{"embeddable":true,"href":"https:\/\/vosgesinfo.fr\/gerardmerinfo\/wp-json\/wp\/v2\/comments?post=79788"}],"version-history":[{"count":4,"href":"https:\/\/vosgesinfo.fr\/gerardmerinfo\/wp-json\/wp\/v2\/posts\/79788\/revisions"}],"predecessor-version":[{"id":79803,"href":"https:\/\/vosgesinfo.fr\/gerardmerinfo\/wp-json\/wp\/v2\/posts\/79788\/revisions\/79803"}],"wp:featuredmedia":[{"embeddable":true,"href":"https:\/\/vosgesinfo.fr\/gerardmerinfo\/wp-json\/wp\/v2\/media\/79742"}],"wp:attachment":[{"href":"https:\/\/vosgesinfo.fr\/gerardmerinfo\/wp-json\/wp\/v2\/media?parent=79788"}],"wp:term":[{"taxonomy":"category","embeddable":true,"href":"https:\/\/vosgesinfo.fr\/gerardmerinfo\/wp-json\/wp\/v2\/categories?post=79788"},{"taxonomy":"post_tag","embeddable":true,"href":"https:\/\/vosgesinfo.fr\/gerardmerinfo\/wp-json\/wp\/v2\/tags?post=79788"}],"curies":[{"name":"wp","href":"https:\/\/api.w.org\/{rel}","templated":true}]}}