{"id":7991,"date":"2024-04-10T17:53:56","date_gmt":"2024-04-10T15:53:56","guid":{"rendered":"https:\/\/vosgesinfo.fr\/gerardmerinfo\/?p=7991"},"modified":"2024-04-11T08:44:26","modified_gmt":"2024-04-11T06:44:26","slug":"video-un-clip-pour-dire-non-au-harcelement","status":"publish","type":"post","link":"https:\/\/vosgesinfo.fr\/gerardmerinfo\/2024\/04\/video-un-clip-pour-dire-non-au-harcelement\/","title":{"rendered":"(vid\u00e9o) Un clip pour dire NON au harc\u00e8lement"},"content":{"rendered":"<p><iframe loading=\"lazy\" src=\"\/\/www.youtube.com\/embed\/e22Pw73WX1Q\" width=\"560\" height=\"314\" allowfullscreen=\"allowfullscreen\"><\/iframe><\/p>\n<p><strong>La principale adjointe Aline Foucher et la professeure de fran\u00e7ais Corinne Duflos ont r\u00e9uni ce mardi 9 avril les \u00e9l\u00e8ves de 3<sup>e<\/sup>4 pour un temps d\u2019\u00e9change autour de leur vid\u00e9o \u00ab\u00a0Non au harc\u00e8lement\u00a0\u00bb.<\/strong><\/p>\n<p>Les 6 coll\u00e9giennes qui ont particip\u00e9 au projet : \u00a0Ines, Louane, Eloa, Zoe, Alicia et Philom\u00e8ne ont pr\u00e9sent\u00e9 le fruit de leur travail et racont\u00e9 leur exp\u00e9rience. Au d\u00e9part il y a eu un texte en cours de fran\u00e7ais, un travail d\u2019adaptation d\u2019un po\u00e8me de Victor Hugo \u00ab Jeunes gens prenez garde \u00bb qui d\u00e9nonce les d\u00e9g\u00e2ts caus\u00e9s par la rumeur. \u00a0\u00bb Les \u00e9l\u00e8ves ont \u00e9crit un texte \u00e0 la mani\u00e8re de. \u00c7a tombait bien avec le programme PHARE de l\u2019\u00e9tablissement \u00bb souligne Corinne Duflos. Elle a alors saisi l\u2019occasion et a propos\u00e9 aux \u00e9l\u00e8ves volontaires de participer au concours. D\u2019un texte collectif c\u2019est devenu un sc\u00e9nario de clip et les 6 filles ont accept\u00e9 de jouer et d\u2019\u00eatre film\u00e9es. Il y a eu un travail en classe mais \u00e9galement personnel et le clip a \u00e9t\u00e9 r\u00e9alis\u00e9 en dehors des heures de cours. Elles ont b\u00e9n\u00e9fici\u00e9 de l\u2019aide pr\u00e9cieuse de David Demange du Lyc\u00e9e JBS Chardin. Le clip a \u00e9t\u00e9 projet\u00e9 aux portes ouvertes de la Cit\u00e9 Scolaire le 16 mars dernier. Cette action permet de donner la parole, d\u2019\u00e9changer, de trouver des personnes \u00e0 qui se confier, d\u2019alerter aussi. Les participantes sont fi\u00e8res de leur r\u00e9alisation et se sentent utiles pour la cause.<\/p>\n<p>Alice Foucher donne des pr\u00e9cisions sur le harc\u00e8lement : \u00ab Il faut faire la part des choses entre intimidation et harc\u00e8lement \u00bb dit elle. \u00ab Les intimidations et moqueries ne sont pas du harc\u00e8lement. La situation du harc\u00e8lement est la plus difficile \u00e0 qualifier. On ne peut pas parler de harc\u00e8lement tant que la justice ne l\u2019a pas qualifi\u00e9 comme tel \u00bb. L\u2019objectif dans l\u2019\u00e9tablissement est de faire de la pr\u00e9vention, de d\u00e9velopper le bien vivre ensemble, \u00ab faire tomber les \u00e9crans et se parler face \u00e0 face \u00bb. Au coll\u00e8ge il y a le programme PHARE, une \u00e9quipe ressource qui est \u00e0 l&rsquo;\u00e9coute, qui conseille sur les comportements \u00e0 adopter.<\/p>\n<p><a href=\"https:\/\/vosgesinfo.fr\/app\/uploads\/sites\/6\/2024\/04\/video-harcelement-college-scaled.jpeg\"><img decoding=\"async\" class=\"aligncenter size-large wp-image-7995\" src=\"https:\/\/vosgesinfo.fr\/app\/uploads\/sites\/6\/2024\/04\/video-harcelement-college-1024x768.jpeg\" alt=\"\" width=\"1024\" height=\"768\" srcset=\"https:\/\/vosgesinfo.fr\/app\/uploads\/sites\/6\/2024\/04\/video-harcelement-college-1024x768.jpeg 1024w, https:\/\/vosgesinfo.fr\/app\/uploads\/sites\/6\/2024\/04\/video-harcelement-college-300x225.jpeg 300w, https:\/\/vosgesinfo.fr\/app\/uploads\/sites\/6\/2024\/04\/video-harcelement-college-768x576.jpeg 768w, https:\/\/vosgesinfo.fr\/app\/uploads\/sites\/6\/2024\/04\/video-harcelement-college-1536x1152.jpeg 1536w, https:\/\/vosgesinfo.fr\/app\/uploads\/sites\/6\/2024\/04\/video-harcelement-college-2048x1536.jpeg 2048w\" sizes=\"(max-width: 1024px) 100vw, 1024px\" \/><\/a><\/p>\n","protected":false},"excerpt":{"rendered":"<p>La principale adjointe Aline Foucher et la professeure de fran\u00e7ais Corinne Duflos ont r\u00e9uni ce mardi 9 avril les \u00e9l\u00e8ves [&hellip;]<\/p>\n","protected":false},"author":258,"featured_media":7995,"comment_status":"open","ping_status":"open","sticky":false,"template":"","format":"standard","meta":{"footnotes":""},"categories":[20,6,25],"tags":[311,1041,1042],"class_list":["post-7991","post","type-post","status-publish","format-standard","has-post-thumbnail","hentry","category-a-la-une","category-education","category-gerardmer","tag-cite-scolaire-la-haie-griselle","tag-non-au-harcelement","tag-programme-phare"],"acf":[],"yoast_head":"<!-- This site is optimized with the Yoast SEO plugin v22.5 - https:\/\/yoast.com\/wordpress\/plugins\/seo\/ -->\n<title>(vid\u00e9o) Un clip pour dire NON au harc\u00e8lement - Gerardmer Info<\/title>\n<meta name=\"robots\" content=\"index, follow, max-snippet:-1, max-image-preview:large, max-video-preview:-1\" \/>\n<link rel=\"canonical\" href=\"https:\/\/vosgesinfo.fr\/gerardmerinfo\/2024\/04\/video-un-clip-pour-dire-non-au-harcelement\/\" \/>\n<meta name=\"twitter:card\" content=\"summary_large_image\" \/>\n<meta name=\"twitter:title\" content=\"(vid\u00e9o) Un clip pour dire NON au harc\u00e8lement - Gerardmer Info\" \/>\n<meta name=\"twitter:description\" content=\"La principale adjointe Aline Foucher et la professeure de fran\u00e7ais Corinne Duflos ont r\u00e9uni ce mardi 9 avril les \u00e9l\u00e8ves [&hellip;]\" \/>\n<meta name=\"twitter:image\" content=\"https:\/\/vosgesinfo.fr\/app\/uploads\/sites\/6\/2024\/04\/video-harcelement-college-scaled.jpeg\" \/>\n<meta name=\"twitter:creator\" content=\"@VosgesInfo88\" \/>\n<meta name=\"twitter:site\" content=\"@VosgesInfo88\" \/>\n<meta name=\"twitter:label1\" content=\"\u00c9crit par\" \/>\n\t<meta name=\"twitter:data1\" content=\"I.N\" \/>\n\t<meta name=\"twitter:label2\" content=\"Dur\u00e9e de lecture estim\u00e9e\" \/>\n\t<meta name=\"twitter:data2\" content=\"2 minutes\" \/>\n<script type=\"application\/ld+json\" class=\"yoast-schema-graph\">{\"@context\":\"https:\/\/schema.org\",\"@graph\":[{\"@type\":\"Article\",\"@id\":\"https:\/\/vosgesinfo.fr\/gerardmerinfo\/2024\/04\/video-un-clip-pour-dire-non-au-harcelement\/#article\",\"isPartOf\":{\"@id\":\"https:\/\/vosgesinfo.fr\/gerardmerinfo\/2024\/04\/video-un-clip-pour-dire-non-au-harcelement\/\"},\"author\":{\"name\":\"I.N\",\"@id\":\"https:\/\/vosgesinfo.fr\/gerardmerinfo\/#\/schema\/person\/bb210d3430e59ff5cd247deaccb63615\"},\"headline\":\"(vid\u00e9o) Un clip pour dire NON au harc\u00e8lement\",\"datePublished\":\"2024-04-10T15:53:56+00:00\",\"dateModified\":\"2024-04-11T06:44:26+00:00\",\"mainEntityOfPage\":{\"@id\":\"https:\/\/vosgesinfo.fr\/gerardmerinfo\/2024\/04\/video-un-clip-pour-dire-non-au-harcelement\/\"},\"wordCount\":388,\"commentCount\":0,\"publisher\":{\"@id\":\"https:\/\/vosgesinfo.fr\/gerardmerinfo\/#organization\"},\"image\":{\"@id\":\"https:\/\/vosgesinfo.fr\/gerardmerinfo\/2024\/04\/video-un-clip-pour-dire-non-au-harcelement\/#primaryimage\"},\"thumbnailUrl\":\"https:\/\/vosgesinfo.fr\/app\/uploads\/sites\/6\/2024\/04\/video-harcelement-college-scaled.jpeg\",\"keywords\":[\"Cit\u00e9 scolaire La Haie Griselle\",\"Non au Harc\u00e8lement\",\"Programme PHARE\"],\"articleSection\":[\"A la une\",\"\u00c9ducation\",\"G\u00e9rardmer\"],\"inLanguage\":\"fr-FR\",\"potentialAction\":[{\"@type\":\"CommentAction\",\"name\":\"Comment\",\"target\":[\"https:\/\/vosgesinfo.fr\/gerardmerinfo\/2024\/04\/video-un-clip-pour-dire-non-au-harcelement\/#respond\"]}]},{\"@type\":\"WebPage\",\"@id\":\"https:\/\/vosgesinfo.fr\/gerardmerinfo\/2024\/04\/video-un-clip-pour-dire-non-au-harcelement\/\",\"url\":\"https:\/\/vosgesinfo.fr\/gerardmerinfo\/2024\/04\/video-un-clip-pour-dire-non-au-harcelement\/\",\"name\":\"(vid\u00e9o) Un clip pour dire NON au harc\u00e8lement - Gerardmer Info\",\"isPartOf\":{\"@id\":\"https:\/\/vosgesinfo.fr\/gerardmerinfo\/#website\"},\"primaryImageOfPage\":{\"@id\":\"https:\/\/vosgesinfo.fr\/gerardmerinfo\/2024\/04\/video-un-clip-pour-dire-non-au-harcelement\/#primaryimage\"},\"image\":{\"@id\":\"https:\/\/vosgesinfo.fr\/gerardmerinfo\/2024\/04\/video-un-clip-pour-dire-non-au-harcelement\/#primaryimage\"},\"thumbnailUrl\":\"https:\/\/vosgesinfo.fr\/app\/uploads\/sites\/6\/2024\/04\/video-harcelement-college-scaled.jpeg\",\"datePublished\":\"2024-04-10T15:53:56+00:00\",\"dateModified\":\"2024-04-11T06:44:26+00:00\",\"breadcrumb\":{\"@id\":\"https:\/\/vosgesinfo.fr\/gerardmerinfo\/2024\/04\/video-un-clip-pour-dire-non-au-harcelement\/#breadcrumb\"},\"inLanguage\":\"fr-FR\",\"potentialAction\":[{\"@type\":\"ReadAction\",\"target\":[\"https:\/\/vosgesinfo.fr\/gerardmerinfo\/2024\/04\/video-un-clip-pour-dire-non-au-harcelement\/\"]}]},{\"@type\":\"ImageObject\",\"inLanguage\":\"fr-FR\",\"@id\":\"https:\/\/vosgesinfo.fr\/gerardmerinfo\/2024\/04\/video-un-clip-pour-dire-non-au-harcelement\/#primaryimage\",\"url\":\"https:\/\/vosgesinfo.fr\/app\/uploads\/sites\/6\/2024\/04\/video-harcelement-college-scaled.jpeg\",\"contentUrl\":\"https:\/\/vosgesinfo.fr\/app\/uploads\/sites\/6\/2024\/04\/video-harcelement-college-scaled.jpeg\",\"width\":2560,\"height\":1920},{\"@type\":\"BreadcrumbList\",\"@id\":\"https:\/\/vosgesinfo.fr\/gerardmerinfo\/2024\/04\/video-un-clip-pour-dire-non-au-harcelement\/#breadcrumb\",\"itemListElement\":[{\"@type\":\"ListItem\",\"position\":1,\"name\":\"Home\",\"item\":\"https:\/\/vosgesinfo.fr\/gerardmerinfo\/\"},{\"@type\":\"ListItem\",\"position\":2,\"name\":\"(vid\u00e9o) Un clip pour dire NON au harc\u00e8lement\"}]},{\"@type\":\"WebSite\",\"@id\":\"https:\/\/vosgesinfo.fr\/gerardmerinfo\/#website\",\"url\":\"https:\/\/vosgesinfo.fr\/gerardmerinfo\/\",\"name\":\"Gerardmer Info\",\"description\":\"Toute l&#039;actualit\u00e9 de G\u00e9rardmer\",\"publisher\":{\"@id\":\"https:\/\/vosgesinfo.fr\/gerardmerinfo\/#organization\"},\"alternateName\":\"Toute l'actualit\u00e9 de G\u00e9rardmer\",\"potentialAction\":[{\"@type\":\"SearchAction\",\"target\":{\"@type\":\"EntryPoint\",\"urlTemplate\":\"https:\/\/vosgesinfo.fr\/gerardmerinfo\/?s={search_term_string}\"},\"query-input\":\"required name=search_term_string\"}],\"inLanguage\":\"fr-FR\"},{\"@type\":\"Organization\",\"@id\":\"https:\/\/vosgesinfo.fr\/gerardmerinfo\/#organization\",\"name\":\"Gerardmer Info\",\"url\":\"https:\/\/vosgesinfo.fr\/gerardmerinfo\/\",\"logo\":{\"@type\":\"ImageObject\",\"inLanguage\":\"fr-FR\",\"@id\":\"https:\/\/vosgesinfo.fr\/gerardmerinfo\/#\/schema\/logo\/image\/\",\"url\":\"https:\/\/vosgesinfo.fr\/app\/uploads\/sites\/6\/2023\/08\/favicon-gerardmerinfo.png\",\"contentUrl\":\"https:\/\/vosgesinfo.fr\/app\/uploads\/sites\/6\/2023\/08\/favicon-gerardmerinfo.png\",\"width\":512,\"height\":512,\"caption\":\"Gerardmer Info\"},\"image\":{\"@id\":\"https:\/\/vosgesinfo.fr\/gerardmerinfo\/#\/schema\/logo\/image\/\"},\"sameAs\":[\"https:\/\/www.facebook.com\/profile.php?id=100049475262660\",\"https:\/\/x.com\/VosgesInfo88\",\"https:\/\/www.youtube.com\/@vosgesinfo\"]},{\"@type\":\"Person\",\"@id\":\"https:\/\/vosgesinfo.fr\/gerardmerinfo\/#\/schema\/person\/bb210d3430e59ff5cd247deaccb63615\",\"name\":\"I.N\",\"image\":{\"@type\":\"ImageObject\",\"inLanguage\":\"fr-FR\",\"@id\":\"https:\/\/vosgesinfo.fr\/gerardmerinfo\/#\/schema\/person\/image\/\",\"url\":\"https:\/\/secure.gravatar.com\/avatar\/612d5c20a39b1c8bc5675cc8e3d99e120730e7d080423fdafec485619845af71?s=96&d=mm&r=g\",\"contentUrl\":\"https:\/\/secure.gravatar.com\/avatar\/612d5c20a39b1c8bc5675cc8e3d99e120730e7d080423fdafec485619845af71?s=96&d=mm&r=g\",\"caption\":\"I.N\"},\"url\":\"https:\/\/vosgesinfo.fr\/gerardmerinfo\/author\/i-ngerardmer\/\"}]}<\/script>\n<!-- \/ Yoast SEO plugin. -->","yoast_head_json":{"title":"(vid\u00e9o) Un clip pour dire NON au harc\u00e8lement - Gerardmer Info","robots":{"index":"index","follow":"follow","max-snippet":"max-snippet:-1","max-image-preview":"max-image-preview:large","max-video-preview":"max-video-preview:-1"},"canonical":"https:\/\/vosgesinfo.fr\/gerardmerinfo\/2024\/04\/video-un-clip-pour-dire-non-au-harcelement\/","twitter_card":"summary_large_image","twitter_title":"(vid\u00e9o) Un clip pour dire NON au harc\u00e8lement - Gerardmer Info","twitter_description":"La principale adjointe Aline Foucher et la professeure de fran\u00e7ais Corinne Duflos ont r\u00e9uni ce mardi 9 avril les \u00e9l\u00e8ves [&hellip;]","twitter_image":"https:\/\/vosgesinfo.fr\/app\/uploads\/sites\/6\/2024\/04\/video-harcelement-college-scaled.jpeg","twitter_creator":"@VosgesInfo88","twitter_site":"@VosgesInfo88","twitter_misc":{"\u00c9crit par":"I.N","Dur\u00e9e de lecture estim\u00e9e":"2 minutes"},"schema":{"@context":"https:\/\/schema.org","@graph":[{"@type":"Article","@id":"https:\/\/vosgesinfo.fr\/gerardmerinfo\/2024\/04\/video-un-clip-pour-dire-non-au-harcelement\/#article","isPartOf":{"@id":"https:\/\/vosgesinfo.fr\/gerardmerinfo\/2024\/04\/video-un-clip-pour-dire-non-au-harcelement\/"},"author":{"name":"I.N","@id":"https:\/\/vosgesinfo.fr\/gerardmerinfo\/#\/schema\/person\/bb210d3430e59ff5cd247deaccb63615"},"headline":"(vid\u00e9o) Un clip pour dire NON au harc\u00e8lement","datePublished":"2024-04-10T15:53:56+00:00","dateModified":"2024-04-11T06:44:26+00:00","mainEntityOfPage":{"@id":"https:\/\/vosgesinfo.fr\/gerardmerinfo\/2024\/04\/video-un-clip-pour-dire-non-au-harcelement\/"},"wordCount":388,"commentCount":0,"publisher":{"@id":"https:\/\/vosgesinfo.fr\/gerardmerinfo\/#organization"},"image":{"@id":"https:\/\/vosgesinfo.fr\/gerardmerinfo\/2024\/04\/video-un-clip-pour-dire-non-au-harcelement\/#primaryimage"},"thumbnailUrl":"https:\/\/vosgesinfo.fr\/app\/uploads\/sites\/6\/2024\/04\/video-harcelement-college-scaled.jpeg","keywords":["Cit\u00e9 scolaire La Haie Griselle","Non au Harc\u00e8lement","Programme PHARE"],"articleSection":["A la une","\u00c9ducation","G\u00e9rardmer"],"inLanguage":"fr-FR","potentialAction":[{"@type":"CommentAction","name":"Comment","target":["https:\/\/vosgesinfo.fr\/gerardmerinfo\/2024\/04\/video-un-clip-pour-dire-non-au-harcelement\/#respond"]}]},{"@type":"WebPage","@id":"https:\/\/vosgesinfo.fr\/gerardmerinfo\/2024\/04\/video-un-clip-pour-dire-non-au-harcelement\/","url":"https:\/\/vosgesinfo.fr\/gerardmerinfo\/2024\/04\/video-un-clip-pour-dire-non-au-harcelement\/","name":"(vid\u00e9o) Un clip pour dire NON au harc\u00e8lement - Gerardmer Info","isPartOf":{"@id":"https:\/\/vosgesinfo.fr\/gerardmerinfo\/#website"},"primaryImageOfPage":{"@id":"https:\/\/vosgesinfo.fr\/gerardmerinfo\/2024\/04\/video-un-clip-pour-dire-non-au-harcelement\/#primaryimage"},"image":{"@id":"https:\/\/vosgesinfo.fr\/gerardmerinfo\/2024\/04\/video-un-clip-pour-dire-non-au-harcelement\/#primaryimage"},"thumbnailUrl":"https:\/\/vosgesinfo.fr\/app\/uploads\/sites\/6\/2024\/04\/video-harcelement-college-scaled.jpeg","datePublished":"2024-04-10T15:53:56+00:00","dateModified":"2024-04-11T06:44:26+00:00","breadcrumb":{"@id":"https:\/\/vosgesinfo.fr\/gerardmerinfo\/2024\/04\/video-un-clip-pour-dire-non-au-harcelement\/#breadcrumb"},"inLanguage":"fr-FR","potentialAction":[{"@type":"ReadAction","target":["https:\/\/vosgesinfo.fr\/gerardmerinfo\/2024\/04\/video-un-clip-pour-dire-non-au-harcelement\/"]}]},{"@type":"ImageObject","inLanguage":"fr-FR","@id":"https:\/\/vosgesinfo.fr\/gerardmerinfo\/2024\/04\/video-un-clip-pour-dire-non-au-harcelement\/#primaryimage","url":"https:\/\/vosgesinfo.fr\/app\/uploads\/sites\/6\/2024\/04\/video-harcelement-college-scaled.jpeg","contentUrl":"https:\/\/vosgesinfo.fr\/app\/uploads\/sites\/6\/2024\/04\/video-harcelement-college-scaled.jpeg","width":2560,"height":1920},{"@type":"BreadcrumbList","@id":"https:\/\/vosgesinfo.fr\/gerardmerinfo\/2024\/04\/video-un-clip-pour-dire-non-au-harcelement\/#breadcrumb","itemListElement":[{"@type":"ListItem","position":1,"name":"Home","item":"https:\/\/vosgesinfo.fr\/gerardmerinfo\/"},{"@type":"ListItem","position":2,"name":"(vid\u00e9o) Un clip pour dire NON au harc\u00e8lement"}]},{"@type":"WebSite","@id":"https:\/\/vosgesinfo.fr\/gerardmerinfo\/#website","url":"https:\/\/vosgesinfo.fr\/gerardmerinfo\/","name":"Gerardmer Info","description":"Toute l&#039;actualit\u00e9 de G\u00e9rardmer","publisher":{"@id":"https:\/\/vosgesinfo.fr\/gerardmerinfo\/#organization"},"alternateName":"Toute l'actualit\u00e9 de G\u00e9rardmer","potentialAction":[{"@type":"SearchAction","target":{"@type":"EntryPoint","urlTemplate":"https:\/\/vosgesinfo.fr\/gerardmerinfo\/?s={search_term_string}"},"query-input":"required name=search_term_string"}],"inLanguage":"fr-FR"},{"@type":"Organization","@id":"https:\/\/vosgesinfo.fr\/gerardmerinfo\/#organization","name":"Gerardmer Info","url":"https:\/\/vosgesinfo.fr\/gerardmerinfo\/","logo":{"@type":"ImageObject","inLanguage":"fr-FR","@id":"https:\/\/vosgesinfo.fr\/gerardmerinfo\/#\/schema\/logo\/image\/","url":"https:\/\/vosgesinfo.fr\/app\/uploads\/sites\/6\/2023\/08\/favicon-gerardmerinfo.png","contentUrl":"https:\/\/vosgesinfo.fr\/app\/uploads\/sites\/6\/2023\/08\/favicon-gerardmerinfo.png","width":512,"height":512,"caption":"Gerardmer Info"},"image":{"@id":"https:\/\/vosgesinfo.fr\/gerardmerinfo\/#\/schema\/logo\/image\/"},"sameAs":["https:\/\/www.facebook.com\/profile.php?id=100049475262660","https:\/\/x.com\/VosgesInfo88","https:\/\/www.youtube.com\/@vosgesinfo"]},{"@type":"Person","@id":"https:\/\/vosgesinfo.fr\/gerardmerinfo\/#\/schema\/person\/bb210d3430e59ff5cd247deaccb63615","name":"I.N","image":{"@type":"ImageObject","inLanguage":"fr-FR","@id":"https:\/\/vosgesinfo.fr\/gerardmerinfo\/#\/schema\/person\/image\/","url":"https:\/\/secure.gravatar.com\/avatar\/612d5c20a39b1c8bc5675cc8e3d99e120730e7d080423fdafec485619845af71?s=96&d=mm&r=g","contentUrl":"https:\/\/secure.gravatar.com\/avatar\/612d5c20a39b1c8bc5675cc8e3d99e120730e7d080423fdafec485619845af71?s=96&d=mm&r=g","caption":"I.N"},"url":"https:\/\/vosgesinfo.fr\/gerardmerinfo\/author\/i-ngerardmer\/"}]}},"_links":{"self":[{"href":"https:\/\/vosgesinfo.fr\/gerardmerinfo\/wp-json\/wp\/v2\/posts\/7991","targetHints":{"allow":["GET"]}}],"collection":[{"href":"https:\/\/vosgesinfo.fr\/gerardmerinfo\/wp-json\/wp\/v2\/posts"}],"about":[{"href":"https:\/\/vosgesinfo.fr\/gerardmerinfo\/wp-json\/wp\/v2\/types\/post"}],"author":[{"embeddable":true,"href":"https:\/\/vosgesinfo.fr\/gerardmerinfo\/wp-json\/wp\/v2\/users\/258"}],"replies":[{"embeddable":true,"href":"https:\/\/vosgesinfo.fr\/gerardmerinfo\/wp-json\/wp\/v2\/comments?post=7991"}],"version-history":[{"count":8,"href":"https:\/\/vosgesinfo.fr\/gerardmerinfo\/wp-json\/wp\/v2\/posts\/7991\/revisions"}],"predecessor-version":[{"id":8030,"href":"https:\/\/vosgesinfo.fr\/gerardmerinfo\/wp-json\/wp\/v2\/posts\/7991\/revisions\/8030"}],"wp:featuredmedia":[{"embeddable":true,"href":"https:\/\/vosgesinfo.fr\/gerardmerinfo\/wp-json\/wp\/v2\/media\/7995"}],"wp:attachment":[{"href":"https:\/\/vosgesinfo.fr\/gerardmerinfo\/wp-json\/wp\/v2\/media?parent=7991"}],"wp:term":[{"taxonomy":"category","embeddable":true,"href":"https:\/\/vosgesinfo.fr\/gerardmerinfo\/wp-json\/wp\/v2\/categories?post=7991"},{"taxonomy":"post_tag","embeddable":true,"href":"https:\/\/vosgesinfo.fr\/gerardmerinfo\/wp-json\/wp\/v2\/tags?post=7991"}],"curies":[{"name":"wp","href":"https:\/\/api.w.org\/{rel}","templated":true}]}}