{"id":80143,"date":"2025-07-20T05:54:26","date_gmt":"2025-07-20T03:54:26","guid":{"rendered":"https:\/\/vosgesinfo.fr\/gerardmerinfo\/?p=80143"},"modified":"2025-07-04T08:56:55","modified_gmt":"2025-07-04T06:56:55","slug":"concert-rumble-rockabilly-nancy-se-produira-le-22-juillet-au-square-briffaut","status":"publish","type":"post","link":"https:\/\/vosgesinfo.fr\/gerardmerinfo\/2025\/07\/concert-rumble-rockabilly-nancy-se-produira-le-22-juillet-au-square-briffaut\/","title":{"rendered":"Concert : \u00abRumble\u00bb (Rockabilly Nancy) se produira le 22 juillet au square Briffaut"},"content":{"rendered":"<div><\/div>\n<div><span data-olk-copy-source=\"MessageBody\">Concert \u00abRumble\u00bb Rockabilly Nancy &#8211; Entr\u00e9e libre<\/span><br class=\"x_gmail-html-br\" \/>Mardi 22 juillet \u00e0 18h &#8211; Kiosque square Briffaut \u00e0 G\u00e9rardmer<br class=\"x_gmail-html-br\" \/>Pour les fans de STRAY CATS, ELVIS PRESLEY et de rockabilly se nourrissant d\u2019influences richement rhythm\u2019n\u2019blues. Bas\u00e9 sur la r\u00e9gion Grand Est, Rumble est un trio (guitare\/voix \u2013 contrebasse \u2013 batterie) form\u00e9 au d\u00e9but des ann\u00e9es 2010, d\u2019inspiration rockabilly, mais s\u2019ouvrant sur de nombreux autres styles (rock\u2019n\u2018roll, garage 60\u2019s, country, surf music\u2026). Du son sur\u00a0<a class=\"x_gmail-x1i10hfl x_gmail-xjbqb8w x_gmail-x1ejq31n x_gmail-x18oe1m7 x_gmail-x1sy0etr x_gmail-xstzfhl x_gmail-x972fbf x_gmail-x10w94by x_gmail-x1qhh985 x_gmail-x14e42zd x_gmail-x9f619 x_gmail-x1ypdohk x_gmail-xt0psk2 x_gmail-xe8uvvx x_gmail-xdj266r x_gmail-x14z9mp x_gmail-xat24cr x_gmail-x1lziwak x_gmail-xexx8yu x_gmail-xyri2b x_gmail-x18d9i69 x_gmail-x1c1uobl x_gmail-x16tdsg8 x_gmail-x1hl2dhg x_gmail-xggy1nq x_gmail-x1a2a7pz x_gmail-xkrqix3 x_gmail-x1sur9pj x_gmail-x1fey0fg x_gmail-x1s688f\" tabindex=\"0\" title=\"https:\/\/l.facebook.com\/l.php?u=https%3A%2F%2Fwww.groupe-rumble.com%2Fmedias%3Ffbclid%3DIwZXh0bgNhZW0CMTAAYnJpZBEwaWtxWTM5Nzg5ZVJJZ1NiVwEecVCSAtWvfigLsxNutGTAa7CRzJopxWM0inugmpxIrsj55EZ4-2Y0VWfhpZc_aem_irRmq2Ypau-p2bT7lb5S9w&amp;h=AT3mhc4l7DmcO8pcM-Xq3qfB4O5A6gGO98GOpTe0y2n-yQZynZadPDmRxmtSa5Yf0pwOlLpoBb08HQp7_UB7cmtCYX10zlCxAR_zqBgk1V4D7oxHTBGXVCZHoi0WKo_rwTKgJ85vzxX6husl9HcYKdyba61UdUWs&amp;__tn__=q&amp;c[0]=AT34WCu7hCbpo9sYMEvKjkvrpmf2afG_aTdiB647tmU0c_fRgG_Upq-JYwo7Vja_0gW2_jqCYQ5Og3FjeUWEWV6ppONORJDEDScu9Zvq86QhmpVnFAynlRgtaygMpohKTEULp_15nzEf84OFhmXoQdwY5RrUut2kqPoA7w\" role=\"link\" href=\"https:\/\/l.facebook.com\/l.php?u=https%3A%2F%2Fwww.groupe-rumble.com%2Fmedias%3Ffbclid%3DIwZXh0bgNhZW0CMTAAYnJpZBEwaWtxWTM5Nzg5ZVJJZ1NiVwEecVCSAtWvfigLsxNutGTAa7CRzJopxWM0inugmpxIrsj55EZ4-2Y0VWfhpZc_aem_irRmq2Ypau-p2bT7lb5S9w&amp;h=AT3mhc4l7DmcO8pcM-Xq3qfB4O5A6gGO98GOpTe0y2n-yQZynZadPDmRxmtSa5Yf0pwOlLpoBb08HQp7_UB7cmtCYX10zlCxAR_zqBgk1V4D7oxHTBGXVCZHoi0WKo_rwTKgJ85vzxX6husl9HcYKdyba61UdUWs&amp;__tn__=q&amp;c[0]=AT34WCu7hCbpo9sYMEvKjkvrpmf2afG_aTdiB647tmU0c_fRgG_Upq-JYwo7Vja_0gW2_jqCYQ5Og3FjeUWEWV6ppONORJDEDScu9Zvq86QhmpVnFAynlRgtaygMpohKTEULp_15nzEf84OFhmXoQdwY5RrUut2kqPoA7w\" target=\"_blank\" rel=\"nofollow noopener noreferrer\" data-auth=\"NotApplicable\" data-linkindex=\"0\">https:\/\/www.groupe-rumble.com\/medias<\/a><\/div>\n<div><\/div>\n<div><a href=\"https:\/\/vosgesinfo.fr\/app\/uploads\/sites\/6\/2025\/07\/concert-22-juillet.jpg\"><img decoding=\"async\" class=\"aligncenter size-large wp-image-80144\" src=\"https:\/\/vosgesinfo.fr\/app\/uploads\/sites\/6\/2025\/07\/concert-22-juillet-724x1024.jpg\" alt=\"\" width=\"724\" height=\"1024\" srcset=\"https:\/\/vosgesinfo.fr\/app\/uploads\/sites\/6\/2025\/07\/concert-22-juillet-724x1024.jpg 724w, https:\/\/vosgesinfo.fr\/app\/uploads\/sites\/6\/2025\/07\/concert-22-juillet-212x300.jpg 212w, https:\/\/vosgesinfo.fr\/app\/uploads\/sites\/6\/2025\/07\/concert-22-juillet-768x1086.jpg 768w, https:\/\/vosgesinfo.fr\/app\/uploads\/sites\/6\/2025\/07\/concert-22-juillet-1086x1536.jpg 1086w, https:\/\/vosgesinfo.fr\/app\/uploads\/sites\/6\/2025\/07\/concert-22-juillet.jpg 1414w\" sizes=\"(max-width: 724px) 100vw, 724px\" \/><\/a><\/div>\n","protected":false},"excerpt":{"rendered":"<p>Concert \u00abRumble\u00bb Rockabilly Nancy &#8211; Entr\u00e9e libreMardi 22 juillet \u00e0 18h &#8211; Kiosque square Briffaut \u00e0 G\u00e9rardmerPour les fans de [&hellip;]<\/p>\n","protected":false},"author":391,"featured_media":80144,"comment_status":"open","ping_status":"open","sticky":false,"template":"","format":"standard","meta":{"footnotes":""},"categories":[20,34,5647],"tags":[7562],"class_list":["post-80143","post","type-post","status-publish","format-standard","has-post-thumbnail","hentry","category-a-la-une","category-concert","category-gerardmer-autres-sites","tag-rumble"],"acf":[],"yoast_head":"<!-- This site is optimized with the Yoast SEO plugin v22.5 - https:\/\/yoast.com\/wordpress\/plugins\/seo\/ -->\n<title>Concert : \u00abRumble\u00bb (Rockabilly Nancy) se produira le 22 juillet au square Briffaut - Gerardmer Info<\/title>\n<meta name=\"robots\" content=\"index, follow, max-snippet:-1, max-image-preview:large, max-video-preview:-1\" \/>\n<link rel=\"canonical\" href=\"https:\/\/vosgesinfo.fr\/gerardmerinfo\/2025\/07\/concert-rumble-rockabilly-nancy-se-produira-le-22-juillet-au-square-briffaut\/\" \/>\n<meta name=\"twitter:card\" content=\"summary_large_image\" \/>\n<meta name=\"twitter:title\" content=\"Concert : \u00abRumble\u00bb (Rockabilly Nancy) se produira le 22 juillet au square Briffaut - Gerardmer Info\" \/>\n<meta name=\"twitter:description\" content=\"Concert \u00abRumble\u00bb Rockabilly Nancy &#8211; Entr\u00e9e libreMardi 22 juillet \u00e0 18h &#8211; Kiosque square Briffaut \u00e0 G\u00e9rardmerPour les fans de [&hellip;]\" \/>\n<meta name=\"twitter:image\" content=\"https:\/\/vosgesinfo.fr\/app\/uploads\/sites\/6\/2025\/07\/concert-22-juillet.jpg\" \/>\n<meta name=\"twitter:creator\" content=\"@VosgesInfo88\" \/>\n<meta name=\"twitter:site\" content=\"@VosgesInfo88\" \/>\n<meta name=\"twitter:label1\" content=\"\u00c9crit par\" \/>\n\t<meta name=\"twitter:data1\" content=\"La redaction\" \/>\n<script type=\"application\/ld+json\" class=\"yoast-schema-graph\">{\"@context\":\"https:\/\/schema.org\",\"@graph\":[{\"@type\":\"Article\",\"@id\":\"https:\/\/vosgesinfo.fr\/gerardmerinfo\/2025\/07\/concert-rumble-rockabilly-nancy-se-produira-le-22-juillet-au-square-briffaut\/#article\",\"isPartOf\":{\"@id\":\"https:\/\/vosgesinfo.fr\/gerardmerinfo\/2025\/07\/concert-rumble-rockabilly-nancy-se-produira-le-22-juillet-au-square-briffaut\/\"},\"author\":{\"name\":\"La redaction\",\"@id\":\"https:\/\/vosgesinfo.fr\/gerardmerinfo\/#\/schema\/person\/27a3695b06db98895b354c0765cdfc31\"},\"headline\":\"Concert : \u00abRumble\u00bb (Rockabilly Nancy) se produira le 22 juillet au square Briffaut\",\"datePublished\":\"2025-07-20T03:54:26+00:00\",\"dateModified\":\"2025-07-04T06:56:55+00:00\",\"mainEntityOfPage\":{\"@id\":\"https:\/\/vosgesinfo.fr\/gerardmerinfo\/2025\/07\/concert-rumble-rockabilly-nancy-se-produira-le-22-juillet-au-square-briffaut\/\"},\"wordCount\":95,\"commentCount\":0,\"publisher\":{\"@id\":\"https:\/\/vosgesinfo.fr\/gerardmerinfo\/#organization\"},\"image\":{\"@id\":\"https:\/\/vosgesinfo.fr\/gerardmerinfo\/2025\/07\/concert-rumble-rockabilly-nancy-se-produira-le-22-juillet-au-square-briffaut\/#primaryimage\"},\"thumbnailUrl\":\"https:\/\/vosgesinfo.fr\/app\/uploads\/sites\/6\/2025\/07\/concert-22-juillet.jpg\",\"keywords\":[\"rumble\"],\"articleSection\":[\"A la une\",\"Concert\",\"Gerardmer\"],\"inLanguage\":\"fr-FR\",\"potentialAction\":[{\"@type\":\"CommentAction\",\"name\":\"Comment\",\"target\":[\"https:\/\/vosgesinfo.fr\/gerardmerinfo\/2025\/07\/concert-rumble-rockabilly-nancy-se-produira-le-22-juillet-au-square-briffaut\/#respond\"]}]},{\"@type\":\"WebPage\",\"@id\":\"https:\/\/vosgesinfo.fr\/gerardmerinfo\/2025\/07\/concert-rumble-rockabilly-nancy-se-produira-le-22-juillet-au-square-briffaut\/\",\"url\":\"https:\/\/vosgesinfo.fr\/gerardmerinfo\/2025\/07\/concert-rumble-rockabilly-nancy-se-produira-le-22-juillet-au-square-briffaut\/\",\"name\":\"Concert : \u00abRumble\u00bb (Rockabilly Nancy) se produira le 22 juillet au square Briffaut - Gerardmer Info\",\"isPartOf\":{\"@id\":\"https:\/\/vosgesinfo.fr\/gerardmerinfo\/#website\"},\"primaryImageOfPage\":{\"@id\":\"https:\/\/vosgesinfo.fr\/gerardmerinfo\/2025\/07\/concert-rumble-rockabilly-nancy-se-produira-le-22-juillet-au-square-briffaut\/#primaryimage\"},\"image\":{\"@id\":\"https:\/\/vosgesinfo.fr\/gerardmerinfo\/2025\/07\/concert-rumble-rockabilly-nancy-se-produira-le-22-juillet-au-square-briffaut\/#primaryimage\"},\"thumbnailUrl\":\"https:\/\/vosgesinfo.fr\/app\/uploads\/sites\/6\/2025\/07\/concert-22-juillet.jpg\",\"datePublished\":\"2025-07-20T03:54:26+00:00\",\"dateModified\":\"2025-07-04T06:56:55+00:00\",\"breadcrumb\":{\"@id\":\"https:\/\/vosgesinfo.fr\/gerardmerinfo\/2025\/07\/concert-rumble-rockabilly-nancy-se-produira-le-22-juillet-au-square-briffaut\/#breadcrumb\"},\"inLanguage\":\"fr-FR\",\"potentialAction\":[{\"@type\":\"ReadAction\",\"target\":[\"https:\/\/vosgesinfo.fr\/gerardmerinfo\/2025\/07\/concert-rumble-rockabilly-nancy-se-produira-le-22-juillet-au-square-briffaut\/\"]}]},{\"@type\":\"ImageObject\",\"inLanguage\":\"fr-FR\",\"@id\":\"https:\/\/vosgesinfo.fr\/gerardmerinfo\/2025\/07\/concert-rumble-rockabilly-nancy-se-produira-le-22-juillet-au-square-briffaut\/#primaryimage\",\"url\":\"https:\/\/vosgesinfo.fr\/app\/uploads\/sites\/6\/2025\/07\/concert-22-juillet.jpg\",\"contentUrl\":\"https:\/\/vosgesinfo.fr\/app\/uploads\/sites\/6\/2025\/07\/concert-22-juillet.jpg\",\"width\":1414,\"height\":2000},{\"@type\":\"BreadcrumbList\",\"@id\":\"https:\/\/vosgesinfo.fr\/gerardmerinfo\/2025\/07\/concert-rumble-rockabilly-nancy-se-produira-le-22-juillet-au-square-briffaut\/#breadcrumb\",\"itemListElement\":[{\"@type\":\"ListItem\",\"position\":1,\"name\":\"Home\",\"item\":\"https:\/\/vosgesinfo.fr\/gerardmerinfo\/\"},{\"@type\":\"ListItem\",\"position\":2,\"name\":\"Concert : \u00abRumble\u00bb (Rockabilly Nancy) se produira le 22 juillet au square Briffaut\"}]},{\"@type\":\"WebSite\",\"@id\":\"https:\/\/vosgesinfo.fr\/gerardmerinfo\/#website\",\"url\":\"https:\/\/vosgesinfo.fr\/gerardmerinfo\/\",\"name\":\"Gerardmer Info\",\"description\":\"Toute l&#039;actualit\u00e9 de G\u00e9rardmer\",\"publisher\":{\"@id\":\"https:\/\/vosgesinfo.fr\/gerardmerinfo\/#organization\"},\"alternateName\":\"Toute l'actualit\u00e9 de G\u00e9rardmer\",\"potentialAction\":[{\"@type\":\"SearchAction\",\"target\":{\"@type\":\"EntryPoint\",\"urlTemplate\":\"https:\/\/vosgesinfo.fr\/gerardmerinfo\/?s={search_term_string}\"},\"query-input\":\"required name=search_term_string\"}],\"inLanguage\":\"fr-FR\"},{\"@type\":\"Organization\",\"@id\":\"https:\/\/vosgesinfo.fr\/gerardmerinfo\/#organization\",\"name\":\"Gerardmer Info\",\"url\":\"https:\/\/vosgesinfo.fr\/gerardmerinfo\/\",\"logo\":{\"@type\":\"ImageObject\",\"inLanguage\":\"fr-FR\",\"@id\":\"https:\/\/vosgesinfo.fr\/gerardmerinfo\/#\/schema\/logo\/image\/\",\"url\":\"https:\/\/vosgesinfo.fr\/app\/uploads\/sites\/6\/2023\/08\/favicon-gerardmerinfo.png\",\"contentUrl\":\"https:\/\/vosgesinfo.fr\/app\/uploads\/sites\/6\/2023\/08\/favicon-gerardmerinfo.png\",\"width\":512,\"height\":512,\"caption\":\"Gerardmer Info\"},\"image\":{\"@id\":\"https:\/\/vosgesinfo.fr\/gerardmerinfo\/#\/schema\/logo\/image\/\"},\"sameAs\":[\"https:\/\/www.facebook.com\/profile.php?id=100049475262660\",\"https:\/\/x.com\/VosgesInfo88\",\"https:\/\/www.youtube.com\/@vosgesinfo\"]},{\"@type\":\"Person\",\"@id\":\"https:\/\/vosgesinfo.fr\/gerardmerinfo\/#\/schema\/person\/27a3695b06db98895b354c0765cdfc31\",\"name\":\"La redaction\",\"image\":{\"@type\":\"ImageObject\",\"inLanguage\":\"fr-FR\",\"@id\":\"https:\/\/vosgesinfo.fr\/gerardmerinfo\/#\/schema\/person\/image\/\",\"url\":\"https:\/\/secure.gravatar.com\/avatar\/64c76a78e501cedee55736f43f332df901e1896ae9cd8fad269ae2236dd0e8b6?s=96&d=mm&r=g\",\"contentUrl\":\"https:\/\/secure.gravatar.com\/avatar\/64c76a78e501cedee55736f43f332df901e1896ae9cd8fad269ae2236dd0e8b6?s=96&d=mm&r=g\",\"caption\":\"La redaction\"},\"url\":\"https:\/\/vosgesinfo.fr\/gerardmerinfo\/author\/la-redaction\/\"}]}<\/script>\n<!-- \/ Yoast SEO plugin. -->","yoast_head_json":{"title":"Concert : \u00abRumble\u00bb (Rockabilly Nancy) se produira le 22 juillet au square Briffaut - Gerardmer Info","robots":{"index":"index","follow":"follow","max-snippet":"max-snippet:-1","max-image-preview":"max-image-preview:large","max-video-preview":"max-video-preview:-1"},"canonical":"https:\/\/vosgesinfo.fr\/gerardmerinfo\/2025\/07\/concert-rumble-rockabilly-nancy-se-produira-le-22-juillet-au-square-briffaut\/","twitter_card":"summary_large_image","twitter_title":"Concert : \u00abRumble\u00bb (Rockabilly Nancy) se produira le 22 juillet au square Briffaut - Gerardmer Info","twitter_description":"Concert \u00abRumble\u00bb Rockabilly Nancy &#8211; Entr\u00e9e libreMardi 22 juillet \u00e0 18h &#8211; Kiosque square Briffaut \u00e0 G\u00e9rardmerPour les fans de [&hellip;]","twitter_image":"https:\/\/vosgesinfo.fr\/app\/uploads\/sites\/6\/2025\/07\/concert-22-juillet.jpg","twitter_creator":"@VosgesInfo88","twitter_site":"@VosgesInfo88","twitter_misc":{"\u00c9crit par":"La redaction"},"schema":{"@context":"https:\/\/schema.org","@graph":[{"@type":"Article","@id":"https:\/\/vosgesinfo.fr\/gerardmerinfo\/2025\/07\/concert-rumble-rockabilly-nancy-se-produira-le-22-juillet-au-square-briffaut\/#article","isPartOf":{"@id":"https:\/\/vosgesinfo.fr\/gerardmerinfo\/2025\/07\/concert-rumble-rockabilly-nancy-se-produira-le-22-juillet-au-square-briffaut\/"},"author":{"name":"La redaction","@id":"https:\/\/vosgesinfo.fr\/gerardmerinfo\/#\/schema\/person\/27a3695b06db98895b354c0765cdfc31"},"headline":"Concert : \u00abRumble\u00bb (Rockabilly Nancy) se produira le 22 juillet au square Briffaut","datePublished":"2025-07-20T03:54:26+00:00","dateModified":"2025-07-04T06:56:55+00:00","mainEntityOfPage":{"@id":"https:\/\/vosgesinfo.fr\/gerardmerinfo\/2025\/07\/concert-rumble-rockabilly-nancy-se-produira-le-22-juillet-au-square-briffaut\/"},"wordCount":95,"commentCount":0,"publisher":{"@id":"https:\/\/vosgesinfo.fr\/gerardmerinfo\/#organization"},"image":{"@id":"https:\/\/vosgesinfo.fr\/gerardmerinfo\/2025\/07\/concert-rumble-rockabilly-nancy-se-produira-le-22-juillet-au-square-briffaut\/#primaryimage"},"thumbnailUrl":"https:\/\/vosgesinfo.fr\/app\/uploads\/sites\/6\/2025\/07\/concert-22-juillet.jpg","keywords":["rumble"],"articleSection":["A la une","Concert","Gerardmer"],"inLanguage":"fr-FR","potentialAction":[{"@type":"CommentAction","name":"Comment","target":["https:\/\/vosgesinfo.fr\/gerardmerinfo\/2025\/07\/concert-rumble-rockabilly-nancy-se-produira-le-22-juillet-au-square-briffaut\/#respond"]}]},{"@type":"WebPage","@id":"https:\/\/vosgesinfo.fr\/gerardmerinfo\/2025\/07\/concert-rumble-rockabilly-nancy-se-produira-le-22-juillet-au-square-briffaut\/","url":"https:\/\/vosgesinfo.fr\/gerardmerinfo\/2025\/07\/concert-rumble-rockabilly-nancy-se-produira-le-22-juillet-au-square-briffaut\/","name":"Concert : \u00abRumble\u00bb (Rockabilly Nancy) se produira le 22 juillet au square Briffaut - Gerardmer Info","isPartOf":{"@id":"https:\/\/vosgesinfo.fr\/gerardmerinfo\/#website"},"primaryImageOfPage":{"@id":"https:\/\/vosgesinfo.fr\/gerardmerinfo\/2025\/07\/concert-rumble-rockabilly-nancy-se-produira-le-22-juillet-au-square-briffaut\/#primaryimage"},"image":{"@id":"https:\/\/vosgesinfo.fr\/gerardmerinfo\/2025\/07\/concert-rumble-rockabilly-nancy-se-produira-le-22-juillet-au-square-briffaut\/#primaryimage"},"thumbnailUrl":"https:\/\/vosgesinfo.fr\/app\/uploads\/sites\/6\/2025\/07\/concert-22-juillet.jpg","datePublished":"2025-07-20T03:54:26+00:00","dateModified":"2025-07-04T06:56:55+00:00","breadcrumb":{"@id":"https:\/\/vosgesinfo.fr\/gerardmerinfo\/2025\/07\/concert-rumble-rockabilly-nancy-se-produira-le-22-juillet-au-square-briffaut\/#breadcrumb"},"inLanguage":"fr-FR","potentialAction":[{"@type":"ReadAction","target":["https:\/\/vosgesinfo.fr\/gerardmerinfo\/2025\/07\/concert-rumble-rockabilly-nancy-se-produira-le-22-juillet-au-square-briffaut\/"]}]},{"@type":"ImageObject","inLanguage":"fr-FR","@id":"https:\/\/vosgesinfo.fr\/gerardmerinfo\/2025\/07\/concert-rumble-rockabilly-nancy-se-produira-le-22-juillet-au-square-briffaut\/#primaryimage","url":"https:\/\/vosgesinfo.fr\/app\/uploads\/sites\/6\/2025\/07\/concert-22-juillet.jpg","contentUrl":"https:\/\/vosgesinfo.fr\/app\/uploads\/sites\/6\/2025\/07\/concert-22-juillet.jpg","width":1414,"height":2000},{"@type":"BreadcrumbList","@id":"https:\/\/vosgesinfo.fr\/gerardmerinfo\/2025\/07\/concert-rumble-rockabilly-nancy-se-produira-le-22-juillet-au-square-briffaut\/#breadcrumb","itemListElement":[{"@type":"ListItem","position":1,"name":"Home","item":"https:\/\/vosgesinfo.fr\/gerardmerinfo\/"},{"@type":"ListItem","position":2,"name":"Concert : \u00abRumble\u00bb (Rockabilly Nancy) se produira le 22 juillet au square Briffaut"}]},{"@type":"WebSite","@id":"https:\/\/vosgesinfo.fr\/gerardmerinfo\/#website","url":"https:\/\/vosgesinfo.fr\/gerardmerinfo\/","name":"Gerardmer Info","description":"Toute l&#039;actualit\u00e9 de G\u00e9rardmer","publisher":{"@id":"https:\/\/vosgesinfo.fr\/gerardmerinfo\/#organization"},"alternateName":"Toute l'actualit\u00e9 de G\u00e9rardmer","potentialAction":[{"@type":"SearchAction","target":{"@type":"EntryPoint","urlTemplate":"https:\/\/vosgesinfo.fr\/gerardmerinfo\/?s={search_term_string}"},"query-input":"required name=search_term_string"}],"inLanguage":"fr-FR"},{"@type":"Organization","@id":"https:\/\/vosgesinfo.fr\/gerardmerinfo\/#organization","name":"Gerardmer Info","url":"https:\/\/vosgesinfo.fr\/gerardmerinfo\/","logo":{"@type":"ImageObject","inLanguage":"fr-FR","@id":"https:\/\/vosgesinfo.fr\/gerardmerinfo\/#\/schema\/logo\/image\/","url":"https:\/\/vosgesinfo.fr\/app\/uploads\/sites\/6\/2023\/08\/favicon-gerardmerinfo.png","contentUrl":"https:\/\/vosgesinfo.fr\/app\/uploads\/sites\/6\/2023\/08\/favicon-gerardmerinfo.png","width":512,"height":512,"caption":"Gerardmer Info"},"image":{"@id":"https:\/\/vosgesinfo.fr\/gerardmerinfo\/#\/schema\/logo\/image\/"},"sameAs":["https:\/\/www.facebook.com\/profile.php?id=100049475262660","https:\/\/x.com\/VosgesInfo88","https:\/\/www.youtube.com\/@vosgesinfo"]},{"@type":"Person","@id":"https:\/\/vosgesinfo.fr\/gerardmerinfo\/#\/schema\/person\/27a3695b06db98895b354c0765cdfc31","name":"La redaction","image":{"@type":"ImageObject","inLanguage":"fr-FR","@id":"https:\/\/vosgesinfo.fr\/gerardmerinfo\/#\/schema\/person\/image\/","url":"https:\/\/secure.gravatar.com\/avatar\/64c76a78e501cedee55736f43f332df901e1896ae9cd8fad269ae2236dd0e8b6?s=96&d=mm&r=g","contentUrl":"https:\/\/secure.gravatar.com\/avatar\/64c76a78e501cedee55736f43f332df901e1896ae9cd8fad269ae2236dd0e8b6?s=96&d=mm&r=g","caption":"La redaction"},"url":"https:\/\/vosgesinfo.fr\/gerardmerinfo\/author\/la-redaction\/"}]}},"_links":{"self":[{"href":"https:\/\/vosgesinfo.fr\/gerardmerinfo\/wp-json\/wp\/v2\/posts\/80143","targetHints":{"allow":["GET"]}}],"collection":[{"href":"https:\/\/vosgesinfo.fr\/gerardmerinfo\/wp-json\/wp\/v2\/posts"}],"about":[{"href":"https:\/\/vosgesinfo.fr\/gerardmerinfo\/wp-json\/wp\/v2\/types\/post"}],"author":[{"embeddable":true,"href":"https:\/\/vosgesinfo.fr\/gerardmerinfo\/wp-json\/wp\/v2\/users\/391"}],"replies":[{"embeddable":true,"href":"https:\/\/vosgesinfo.fr\/gerardmerinfo\/wp-json\/wp\/v2\/comments?post=80143"}],"version-history":[{"count":1,"href":"https:\/\/vosgesinfo.fr\/gerardmerinfo\/wp-json\/wp\/v2\/posts\/80143\/revisions"}],"predecessor-version":[{"id":80145,"href":"https:\/\/vosgesinfo.fr\/gerardmerinfo\/wp-json\/wp\/v2\/posts\/80143\/revisions\/80145"}],"wp:featuredmedia":[{"embeddable":true,"href":"https:\/\/vosgesinfo.fr\/gerardmerinfo\/wp-json\/wp\/v2\/media\/80144"}],"wp:attachment":[{"href":"https:\/\/vosgesinfo.fr\/gerardmerinfo\/wp-json\/wp\/v2\/media?parent=80143"}],"wp:term":[{"taxonomy":"category","embeddable":true,"href":"https:\/\/vosgesinfo.fr\/gerardmerinfo\/wp-json\/wp\/v2\/categories?post=80143"},{"taxonomy":"post_tag","embeddable":true,"href":"https:\/\/vosgesinfo.fr\/gerardmerinfo\/wp-json\/wp\/v2\/tags?post=80143"}],"curies":[{"name":"wp","href":"https:\/\/api.w.org\/{rel}","templated":true}]}}