{"id":80269,"date":"2025-07-07T09:35:45","date_gmt":"2025-07-07T07:35:45","guid":{"rendered":"https:\/\/vosgesinfo.fr\/gerardmerinfo\/?p=80269"},"modified":"2025-07-07T09:14:51","modified_gmt":"2025-07-07T07:14:51","slug":"deux-jeunes-vosgiens-a-velo-pour-reflechir-a-une-montagne-sans-neige","status":"publish","type":"post","link":"https:\/\/vosgesinfo.fr\/gerardmerinfo\/2025\/07\/deux-jeunes-vosgiens-a-velo-pour-reflechir-a-une-montagne-sans-neige\/","title":{"rendered":"Deux jeunes vosgiens \u00e0 v\u00e9lo pour refl\u00e9chir \u00e0 une montagne sans neige"},"content":{"rendered":"<p data-start=\"204\" data-end=\"296\"><a href=\"https:\/\/vosgesinfo.fr\/app\/uploads\/sites\/6\/2025\/07\/arrivee-jura-trasition-verte-bastien-gabin-1.jpg\"><img decoding=\"async\" class=\"aligncenter size-large wp-image-80271\" src=\"https:\/\/vosgesinfo.fr\/app\/uploads\/sites\/6\/2025\/07\/arrivee-jura-trasition-verte-bastien-gabin-1-1024x768.jpg\" alt=\"\" width=\"1024\" height=\"768\" srcset=\"https:\/\/vosgesinfo.fr\/app\/uploads\/sites\/6\/2025\/07\/arrivee-jura-trasition-verte-bastien-gabin-1-1024x768.jpg 1024w, https:\/\/vosgesinfo.fr\/app\/uploads\/sites\/6\/2025\/07\/arrivee-jura-trasition-verte-bastien-gabin-1-300x225.jpg 300w, https:\/\/vosgesinfo.fr\/app\/uploads\/sites\/6\/2025\/07\/arrivee-jura-trasition-verte-bastien-gabin-1-768x576.jpg 768w, https:\/\/vosgesinfo.fr\/app\/uploads\/sites\/6\/2025\/07\/arrivee-jura-trasition-verte-bastien-gabin-1-1536x1152.jpg 1536w, https:\/\/vosgesinfo.fr\/app\/uploads\/sites\/6\/2025\/07\/arrivee-jura-trasition-verte-bastien-gabin-1.jpg 2048w\" sizes=\"(max-width: 1024px) 100vw, 1024px\" \/><\/a><\/p>\n<p data-start=\"298\" data-end=\"556\"><strong>Partis de la Mauselaine \u00e0 G\u00e9rardmer lundi dernier, Gabin et Bastien, deux jeunes sportifs engag\u00e9s, ont travers\u00e9 \u00e0 v\u00e9lo les Vosges et le Jura jusqu\u2019\u00e0 Lamoura, \u00e0 la force des mollets\u2026 mais surtout, port\u00e9s par une ambition : r\u00e9fl\u00e9chir \u00e0 l\u2019avenir de la montagne face au changement climatique.<\/strong><\/p>\n<p data-start=\"558\" data-end=\"1000\">Baptis\u00e9 \u201cTransition Verte\u201d, leur p\u00e9riple de pr\u00e8s de 400 km en autonomie s\u2019est construit autour d\u2019un constat partag\u00e9 par tous ceux qu\u2019ils ont rencontr\u00e9s : la neige se fait de plus en plus rare. Et avec elle, tout un mod\u00e8le \u00e9conomique de la montagne est \u00e0 r\u00e9inventer. Leur objectif ? Aller \u00e0 la rencontre des habitants, professionnels, vacanciers, pour \u00e9changer sur la transformation n\u00e9cessaire des stations et proposer des pistes d\u2019action.<\/p>\n<p data-start=\"1002\" data-end=\"1451\"><a href=\"https:\/\/vosgesinfo.fr\/app\/uploads\/sites\/6\/2025\/07\/arrivee-jura-trasition-verte-bastien-gabin-2.jpg\"><img decoding=\"async\" class=\"alignright size-medium wp-image-80270\" src=\"https:\/\/vosgesinfo.fr\/app\/uploads\/sites\/6\/2025\/07\/arrivee-jura-trasition-verte-bastien-gabin-2-225x300.jpg\" alt=\"\" width=\"225\" height=\"300\" srcset=\"https:\/\/vosgesinfo.fr\/app\/uploads\/sites\/6\/2025\/07\/arrivee-jura-trasition-verte-bastien-gabin-2-225x300.jpg 225w, https:\/\/vosgesinfo.fr\/app\/uploads\/sites\/6\/2025\/07\/arrivee-jura-trasition-verte-bastien-gabin-2-768x1024.jpg 768w, https:\/\/vosgesinfo.fr\/app\/uploads\/sites\/6\/2025\/07\/arrivee-jura-trasition-verte-bastien-gabin-2-1152x1536.jpg 1152w, https:\/\/vosgesinfo.fr\/app\/uploads\/sites\/6\/2025\/07\/arrivee-jura-trasition-verte-bastien-gabin-2.jpg 1500w\" sizes=\"(max-width: 225px) 100vw, 225px\" \/><\/a>Pendant quatre jours, sacoches remplies d\u2019\u00e9quipement, tentes et trousse de secours, Gabin et Bastien ont p\u00e9dal\u00e9, bien souvent sous une chaleur \u00e9crasante. Entre cols et vall\u00e9es, campings et baignades improvis\u00e9es, ils ont v\u00e9cu une aventure physique, mais aussi profond\u00e9ment humaine. \u00c0 chaque \u00e9tape \u2013 Villersexel, Ornans, Mouthe, puis Lamoura \u2013 ils ont tendu l\u2019oreille et sont all\u00e9s \u00e0 la rencontre des autochtones avec une question centrale : que faire d\u2019une montagne avec moins de neige ? Et par voie de cons\u00e9quence, comment attirer un public vari\u00e9 toute l\u2019ann\u00e9e dans les stations touristiques ?<\/p>\n<p data-start=\"1453\" data-end=\"1876\">Des id\u00e9es ont \u00e9merg\u00e9 : d\u00e9velopper des activit\u00e9s nature comme le tir \u00e0 l\u2019arc, promouvoir le ski roue en \u00e9t\u00e9, valoriser les accompagnateurs de moyenne montagne, ou encore repenser les usages touristiques pour qu\u2019ils soient durables et accessibles \u00e0 tous. Autant de propositions nourries par leurs rencontres et qui montrent qu&rsquo;une autre montagne est possible, sans recourir syst\u00e9matiquement \u00e0 la neige artificielle pendant la saison hivernale.<\/p>\n<p data-start=\"1878\" data-end=\"2216\">Et ce n\u2019est pas fini : cet \u00e9t\u00e9, les deux aventuriers planchent sur une restitution de leur projet. Vid\u00e9os, t\u00e9moignages et images fortes seront r\u00e9unis dans un mini-film qu\u2019ils pr\u00e9senteront \u00e0 la rentr\u00e9e lors d\u2019un \u00e9v\u00e9nement ouvert aux soutiens, \u00e9lus, acteurs de la montagne et curieux de cette d\u00e9marche originale et constructive. Une belle aventure humaine, \u00e9cologique et citoyenne, qui prouve qu\u2019\u00e0 tout \u00e2ge, on peut \u00eatre force de proposition pour demain.<\/p>\n","protected":false},"excerpt":{"rendered":"<p>Partis de la Mauselaine \u00e0 G\u00e9rardmer lundi dernier, Gabin et Bastien, deux jeunes sportifs engag\u00e9s, ont travers\u00e9 \u00e0 v\u00e9lo les [&hellip;]<\/p>\n","protected":false},"author":42,"featured_media":80270,"comment_status":"open","ping_status":"open","sticky":false,"template":"","format":"standard","meta":{"footnotes":""},"categories":[20,1045,7,5647,15],"tags":[7358],"class_list":["post-80269","post","type-post","status-publish","format-standard","has-post-thumbnail","hentry","category-a-la-une","category-ecologie","category-environnement","category-gerardmer-autres-sites","category-tourisme","tag-transition-verte"],"acf":[],"yoast_head":"<!-- This site is optimized with the Yoast SEO plugin v22.5 - https:\/\/yoast.com\/wordpress\/plugins\/seo\/ -->\n<title>Deux jeunes vosgiens \u00e0 v\u00e9lo pour refl\u00e9chir \u00e0 une montagne sans neige - Gerardmer Info<\/title>\n<meta name=\"robots\" content=\"index, follow, max-snippet:-1, max-image-preview:large, max-video-preview:-1\" \/>\n<link rel=\"canonical\" href=\"https:\/\/vosgesinfo.fr\/gerardmerinfo\/2025\/07\/deux-jeunes-vosgiens-a-velo-pour-reflechir-a-une-montagne-sans-neige\/\" \/>\n<meta name=\"twitter:card\" content=\"summary_large_image\" \/>\n<meta name=\"twitter:title\" content=\"Deux jeunes vosgiens \u00e0 v\u00e9lo pour refl\u00e9chir \u00e0 une montagne sans neige - Gerardmer Info\" \/>\n<meta name=\"twitter:description\" content=\"Partis de la Mauselaine \u00e0 G\u00e9rardmer lundi dernier, Gabin et Bastien, deux jeunes sportifs engag\u00e9s, ont travers\u00e9 \u00e0 v\u00e9lo les [&hellip;]\" \/>\n<meta name=\"twitter:image\" content=\"https:\/\/vosgesinfo.fr\/app\/uploads\/sites\/6\/2025\/07\/arrivee-jura-trasition-verte-bastien-gabin-2.jpg\" \/>\n<meta name=\"twitter:creator\" content=\"@VosgesInfo88\" \/>\n<meta name=\"twitter:site\" content=\"@VosgesInfo88\" \/>\n<meta name=\"twitter:label1\" content=\"\u00c9crit par\" \/>\n\t<meta name=\"twitter:data1\" content=\"QG\" \/>\n\t<meta name=\"twitter:label2\" content=\"Dur\u00e9e de lecture estim\u00e9e\" \/>\n\t<meta name=\"twitter:data2\" content=\"3 minutes\" \/>\n<script type=\"application\/ld+json\" class=\"yoast-schema-graph\">{\"@context\":\"https:\/\/schema.org\",\"@graph\":[{\"@type\":\"Article\",\"@id\":\"https:\/\/vosgesinfo.fr\/gerardmerinfo\/2025\/07\/deux-jeunes-vosgiens-a-velo-pour-reflechir-a-une-montagne-sans-neige\/#article\",\"isPartOf\":{\"@id\":\"https:\/\/vosgesinfo.fr\/gerardmerinfo\/2025\/07\/deux-jeunes-vosgiens-a-velo-pour-reflechir-a-une-montagne-sans-neige\/\"},\"author\":{\"name\":\"QG\",\"@id\":\"https:\/\/vosgesinfo.fr\/gerardmerinfo\/#\/schema\/person\/db5605779a843dad16b5368f3e7613a5\"},\"headline\":\"Deux jeunes vosgiens \u00e0 v\u00e9lo pour refl\u00e9chir \u00e0 une montagne sans neige\",\"datePublished\":\"2025-07-07T07:35:45+00:00\",\"dateModified\":\"2025-07-07T07:14:51+00:00\",\"mainEntityOfPage\":{\"@id\":\"https:\/\/vosgesinfo.fr\/gerardmerinfo\/2025\/07\/deux-jeunes-vosgiens-a-velo-pour-reflechir-a-une-montagne-sans-neige\/\"},\"wordCount\":385,\"commentCount\":0,\"publisher\":{\"@id\":\"https:\/\/vosgesinfo.fr\/gerardmerinfo\/#organization\"},\"image\":{\"@id\":\"https:\/\/vosgesinfo.fr\/gerardmerinfo\/2025\/07\/deux-jeunes-vosgiens-a-velo-pour-reflechir-a-une-montagne-sans-neige\/#primaryimage\"},\"thumbnailUrl\":\"https:\/\/vosgesinfo.fr\/app\/uploads\/sites\/6\/2025\/07\/arrivee-jura-trasition-verte-bastien-gabin-2.jpg\",\"keywords\":[\"Transition Verte\"],\"articleSection\":[\"A la une\",\"Ecologie\",\"Environnement\",\"Gerardmer\",\"Tourisme\"],\"inLanguage\":\"fr-FR\",\"potentialAction\":[{\"@type\":\"CommentAction\",\"name\":\"Comment\",\"target\":[\"https:\/\/vosgesinfo.fr\/gerardmerinfo\/2025\/07\/deux-jeunes-vosgiens-a-velo-pour-reflechir-a-une-montagne-sans-neige\/#respond\"]}]},{\"@type\":\"WebPage\",\"@id\":\"https:\/\/vosgesinfo.fr\/gerardmerinfo\/2025\/07\/deux-jeunes-vosgiens-a-velo-pour-reflechir-a-une-montagne-sans-neige\/\",\"url\":\"https:\/\/vosgesinfo.fr\/gerardmerinfo\/2025\/07\/deux-jeunes-vosgiens-a-velo-pour-reflechir-a-une-montagne-sans-neige\/\",\"name\":\"Deux jeunes vosgiens \u00e0 v\u00e9lo pour refl\u00e9chir \u00e0 une montagne sans neige - Gerardmer Info\",\"isPartOf\":{\"@id\":\"https:\/\/vosgesinfo.fr\/gerardmerinfo\/#website\"},\"primaryImageOfPage\":{\"@id\":\"https:\/\/vosgesinfo.fr\/gerardmerinfo\/2025\/07\/deux-jeunes-vosgiens-a-velo-pour-reflechir-a-une-montagne-sans-neige\/#primaryimage\"},\"image\":{\"@id\":\"https:\/\/vosgesinfo.fr\/gerardmerinfo\/2025\/07\/deux-jeunes-vosgiens-a-velo-pour-reflechir-a-une-montagne-sans-neige\/#primaryimage\"},\"thumbnailUrl\":\"https:\/\/vosgesinfo.fr\/app\/uploads\/sites\/6\/2025\/07\/arrivee-jura-trasition-verte-bastien-gabin-2.jpg\",\"datePublished\":\"2025-07-07T07:35:45+00:00\",\"dateModified\":\"2025-07-07T07:14:51+00:00\",\"breadcrumb\":{\"@id\":\"https:\/\/vosgesinfo.fr\/gerardmerinfo\/2025\/07\/deux-jeunes-vosgiens-a-velo-pour-reflechir-a-une-montagne-sans-neige\/#breadcrumb\"},\"inLanguage\":\"fr-FR\",\"potentialAction\":[{\"@type\":\"ReadAction\",\"target\":[\"https:\/\/vosgesinfo.fr\/gerardmerinfo\/2025\/07\/deux-jeunes-vosgiens-a-velo-pour-reflechir-a-une-montagne-sans-neige\/\"]}]},{\"@type\":\"ImageObject\",\"inLanguage\":\"fr-FR\",\"@id\":\"https:\/\/vosgesinfo.fr\/gerardmerinfo\/2025\/07\/deux-jeunes-vosgiens-a-velo-pour-reflechir-a-une-montagne-sans-neige\/#primaryimage\",\"url\":\"https:\/\/vosgesinfo.fr\/app\/uploads\/sites\/6\/2025\/07\/arrivee-jura-trasition-verte-bastien-gabin-2.jpg\",\"contentUrl\":\"https:\/\/vosgesinfo.fr\/app\/uploads\/sites\/6\/2025\/07\/arrivee-jura-trasition-verte-bastien-gabin-2.jpg\",\"width\":1500,\"height\":2000},{\"@type\":\"BreadcrumbList\",\"@id\":\"https:\/\/vosgesinfo.fr\/gerardmerinfo\/2025\/07\/deux-jeunes-vosgiens-a-velo-pour-reflechir-a-une-montagne-sans-neige\/#breadcrumb\",\"itemListElement\":[{\"@type\":\"ListItem\",\"position\":1,\"name\":\"Home\",\"item\":\"https:\/\/vosgesinfo.fr\/gerardmerinfo\/\"},{\"@type\":\"ListItem\",\"position\":2,\"name\":\"Deux jeunes vosgiens \u00e0 v\u00e9lo pour refl\u00e9chir \u00e0 une montagne sans neige\"}]},{\"@type\":\"WebSite\",\"@id\":\"https:\/\/vosgesinfo.fr\/gerardmerinfo\/#website\",\"url\":\"https:\/\/vosgesinfo.fr\/gerardmerinfo\/\",\"name\":\"Gerardmer Info\",\"description\":\"Toute l&#039;actualit\u00e9 de G\u00e9rardmer\",\"publisher\":{\"@id\":\"https:\/\/vosgesinfo.fr\/gerardmerinfo\/#organization\"},\"alternateName\":\"Toute l'actualit\u00e9 de G\u00e9rardmer\",\"potentialAction\":[{\"@type\":\"SearchAction\",\"target\":{\"@type\":\"EntryPoint\",\"urlTemplate\":\"https:\/\/vosgesinfo.fr\/gerardmerinfo\/?s={search_term_string}\"},\"query-input\":\"required name=search_term_string\"}],\"inLanguage\":\"fr-FR\"},{\"@type\":\"Organization\",\"@id\":\"https:\/\/vosgesinfo.fr\/gerardmerinfo\/#organization\",\"name\":\"Gerardmer Info\",\"url\":\"https:\/\/vosgesinfo.fr\/gerardmerinfo\/\",\"logo\":{\"@type\":\"ImageObject\",\"inLanguage\":\"fr-FR\",\"@id\":\"https:\/\/vosgesinfo.fr\/gerardmerinfo\/#\/schema\/logo\/image\/\",\"url\":\"https:\/\/vosgesinfo.fr\/app\/uploads\/sites\/6\/2023\/08\/favicon-gerardmerinfo.png\",\"contentUrl\":\"https:\/\/vosgesinfo.fr\/app\/uploads\/sites\/6\/2023\/08\/favicon-gerardmerinfo.png\",\"width\":512,\"height\":512,\"caption\":\"Gerardmer Info\"},\"image\":{\"@id\":\"https:\/\/vosgesinfo.fr\/gerardmerinfo\/#\/schema\/logo\/image\/\"},\"sameAs\":[\"https:\/\/www.facebook.com\/profile.php?id=100049475262660\",\"https:\/\/x.com\/VosgesInfo88\",\"https:\/\/www.youtube.com\/@vosgesinfo\"]},{\"@type\":\"Person\",\"@id\":\"https:\/\/vosgesinfo.fr\/gerardmerinfo\/#\/schema\/person\/db5605779a843dad16b5368f3e7613a5\",\"name\":\"QG\",\"image\":{\"@type\":\"ImageObject\",\"inLanguage\":\"fr-FR\",\"@id\":\"https:\/\/vosgesinfo.fr\/gerardmerinfo\/#\/schema\/person\/image\/\",\"url\":\"https:\/\/secure.gravatar.com\/avatar\/ea80c42c204b534408512832fde52504ecabb9706bcb6151cf6175e5b64e6793?s=96&d=mm&r=g\",\"contentUrl\":\"https:\/\/secure.gravatar.com\/avatar\/ea80c42c204b534408512832fde52504ecabb9706bcb6151cf6175e5b64e6793?s=96&d=mm&r=g\",\"caption\":\"QG\"},\"url\":\"https:\/\/vosgesinfo.fr\/gerardmerinfo\/author\/quentin88\/\"}]}<\/script>\n<!-- \/ Yoast SEO plugin. -->","yoast_head_json":{"title":"Deux jeunes vosgiens \u00e0 v\u00e9lo pour refl\u00e9chir \u00e0 une montagne sans neige - Gerardmer Info","robots":{"index":"index","follow":"follow","max-snippet":"max-snippet:-1","max-image-preview":"max-image-preview:large","max-video-preview":"max-video-preview:-1"},"canonical":"https:\/\/vosgesinfo.fr\/gerardmerinfo\/2025\/07\/deux-jeunes-vosgiens-a-velo-pour-reflechir-a-une-montagne-sans-neige\/","twitter_card":"summary_large_image","twitter_title":"Deux jeunes vosgiens \u00e0 v\u00e9lo pour refl\u00e9chir \u00e0 une montagne sans neige - Gerardmer Info","twitter_description":"Partis de la Mauselaine \u00e0 G\u00e9rardmer lundi dernier, Gabin et Bastien, deux jeunes sportifs engag\u00e9s, ont travers\u00e9 \u00e0 v\u00e9lo les [&hellip;]","twitter_image":"https:\/\/vosgesinfo.fr\/app\/uploads\/sites\/6\/2025\/07\/arrivee-jura-trasition-verte-bastien-gabin-2.jpg","twitter_creator":"@VosgesInfo88","twitter_site":"@VosgesInfo88","twitter_misc":{"\u00c9crit par":"QG","Dur\u00e9e de lecture estim\u00e9e":"3 minutes"},"schema":{"@context":"https:\/\/schema.org","@graph":[{"@type":"Article","@id":"https:\/\/vosgesinfo.fr\/gerardmerinfo\/2025\/07\/deux-jeunes-vosgiens-a-velo-pour-reflechir-a-une-montagne-sans-neige\/#article","isPartOf":{"@id":"https:\/\/vosgesinfo.fr\/gerardmerinfo\/2025\/07\/deux-jeunes-vosgiens-a-velo-pour-reflechir-a-une-montagne-sans-neige\/"},"author":{"name":"QG","@id":"https:\/\/vosgesinfo.fr\/gerardmerinfo\/#\/schema\/person\/db5605779a843dad16b5368f3e7613a5"},"headline":"Deux jeunes vosgiens \u00e0 v\u00e9lo pour refl\u00e9chir \u00e0 une montagne sans neige","datePublished":"2025-07-07T07:35:45+00:00","dateModified":"2025-07-07T07:14:51+00:00","mainEntityOfPage":{"@id":"https:\/\/vosgesinfo.fr\/gerardmerinfo\/2025\/07\/deux-jeunes-vosgiens-a-velo-pour-reflechir-a-une-montagne-sans-neige\/"},"wordCount":385,"commentCount":0,"publisher":{"@id":"https:\/\/vosgesinfo.fr\/gerardmerinfo\/#organization"},"image":{"@id":"https:\/\/vosgesinfo.fr\/gerardmerinfo\/2025\/07\/deux-jeunes-vosgiens-a-velo-pour-reflechir-a-une-montagne-sans-neige\/#primaryimage"},"thumbnailUrl":"https:\/\/vosgesinfo.fr\/app\/uploads\/sites\/6\/2025\/07\/arrivee-jura-trasition-verte-bastien-gabin-2.jpg","keywords":["Transition Verte"],"articleSection":["A la une","Ecologie","Environnement","Gerardmer","Tourisme"],"inLanguage":"fr-FR","potentialAction":[{"@type":"CommentAction","name":"Comment","target":["https:\/\/vosgesinfo.fr\/gerardmerinfo\/2025\/07\/deux-jeunes-vosgiens-a-velo-pour-reflechir-a-une-montagne-sans-neige\/#respond"]}]},{"@type":"WebPage","@id":"https:\/\/vosgesinfo.fr\/gerardmerinfo\/2025\/07\/deux-jeunes-vosgiens-a-velo-pour-reflechir-a-une-montagne-sans-neige\/","url":"https:\/\/vosgesinfo.fr\/gerardmerinfo\/2025\/07\/deux-jeunes-vosgiens-a-velo-pour-reflechir-a-une-montagne-sans-neige\/","name":"Deux jeunes vosgiens \u00e0 v\u00e9lo pour refl\u00e9chir \u00e0 une montagne sans neige - Gerardmer Info","isPartOf":{"@id":"https:\/\/vosgesinfo.fr\/gerardmerinfo\/#website"},"primaryImageOfPage":{"@id":"https:\/\/vosgesinfo.fr\/gerardmerinfo\/2025\/07\/deux-jeunes-vosgiens-a-velo-pour-reflechir-a-une-montagne-sans-neige\/#primaryimage"},"image":{"@id":"https:\/\/vosgesinfo.fr\/gerardmerinfo\/2025\/07\/deux-jeunes-vosgiens-a-velo-pour-reflechir-a-une-montagne-sans-neige\/#primaryimage"},"thumbnailUrl":"https:\/\/vosgesinfo.fr\/app\/uploads\/sites\/6\/2025\/07\/arrivee-jura-trasition-verte-bastien-gabin-2.jpg","datePublished":"2025-07-07T07:35:45+00:00","dateModified":"2025-07-07T07:14:51+00:00","breadcrumb":{"@id":"https:\/\/vosgesinfo.fr\/gerardmerinfo\/2025\/07\/deux-jeunes-vosgiens-a-velo-pour-reflechir-a-une-montagne-sans-neige\/#breadcrumb"},"inLanguage":"fr-FR","potentialAction":[{"@type":"ReadAction","target":["https:\/\/vosgesinfo.fr\/gerardmerinfo\/2025\/07\/deux-jeunes-vosgiens-a-velo-pour-reflechir-a-une-montagne-sans-neige\/"]}]},{"@type":"ImageObject","inLanguage":"fr-FR","@id":"https:\/\/vosgesinfo.fr\/gerardmerinfo\/2025\/07\/deux-jeunes-vosgiens-a-velo-pour-reflechir-a-une-montagne-sans-neige\/#primaryimage","url":"https:\/\/vosgesinfo.fr\/app\/uploads\/sites\/6\/2025\/07\/arrivee-jura-trasition-verte-bastien-gabin-2.jpg","contentUrl":"https:\/\/vosgesinfo.fr\/app\/uploads\/sites\/6\/2025\/07\/arrivee-jura-trasition-verte-bastien-gabin-2.jpg","width":1500,"height":2000},{"@type":"BreadcrumbList","@id":"https:\/\/vosgesinfo.fr\/gerardmerinfo\/2025\/07\/deux-jeunes-vosgiens-a-velo-pour-reflechir-a-une-montagne-sans-neige\/#breadcrumb","itemListElement":[{"@type":"ListItem","position":1,"name":"Home","item":"https:\/\/vosgesinfo.fr\/gerardmerinfo\/"},{"@type":"ListItem","position":2,"name":"Deux jeunes vosgiens \u00e0 v\u00e9lo pour refl\u00e9chir \u00e0 une montagne sans neige"}]},{"@type":"WebSite","@id":"https:\/\/vosgesinfo.fr\/gerardmerinfo\/#website","url":"https:\/\/vosgesinfo.fr\/gerardmerinfo\/","name":"Gerardmer Info","description":"Toute l&#039;actualit\u00e9 de G\u00e9rardmer","publisher":{"@id":"https:\/\/vosgesinfo.fr\/gerardmerinfo\/#organization"},"alternateName":"Toute l'actualit\u00e9 de G\u00e9rardmer","potentialAction":[{"@type":"SearchAction","target":{"@type":"EntryPoint","urlTemplate":"https:\/\/vosgesinfo.fr\/gerardmerinfo\/?s={search_term_string}"},"query-input":"required name=search_term_string"}],"inLanguage":"fr-FR"},{"@type":"Organization","@id":"https:\/\/vosgesinfo.fr\/gerardmerinfo\/#organization","name":"Gerardmer Info","url":"https:\/\/vosgesinfo.fr\/gerardmerinfo\/","logo":{"@type":"ImageObject","inLanguage":"fr-FR","@id":"https:\/\/vosgesinfo.fr\/gerardmerinfo\/#\/schema\/logo\/image\/","url":"https:\/\/vosgesinfo.fr\/app\/uploads\/sites\/6\/2023\/08\/favicon-gerardmerinfo.png","contentUrl":"https:\/\/vosgesinfo.fr\/app\/uploads\/sites\/6\/2023\/08\/favicon-gerardmerinfo.png","width":512,"height":512,"caption":"Gerardmer Info"},"image":{"@id":"https:\/\/vosgesinfo.fr\/gerardmerinfo\/#\/schema\/logo\/image\/"},"sameAs":["https:\/\/www.facebook.com\/profile.php?id=100049475262660","https:\/\/x.com\/VosgesInfo88","https:\/\/www.youtube.com\/@vosgesinfo"]},{"@type":"Person","@id":"https:\/\/vosgesinfo.fr\/gerardmerinfo\/#\/schema\/person\/db5605779a843dad16b5368f3e7613a5","name":"QG","image":{"@type":"ImageObject","inLanguage":"fr-FR","@id":"https:\/\/vosgesinfo.fr\/gerardmerinfo\/#\/schema\/person\/image\/","url":"https:\/\/secure.gravatar.com\/avatar\/ea80c42c204b534408512832fde52504ecabb9706bcb6151cf6175e5b64e6793?s=96&d=mm&r=g","contentUrl":"https:\/\/secure.gravatar.com\/avatar\/ea80c42c204b534408512832fde52504ecabb9706bcb6151cf6175e5b64e6793?s=96&d=mm&r=g","caption":"QG"},"url":"https:\/\/vosgesinfo.fr\/gerardmerinfo\/author\/quentin88\/"}]}},"_links":{"self":[{"href":"https:\/\/vosgesinfo.fr\/gerardmerinfo\/wp-json\/wp\/v2\/posts\/80269","targetHints":{"allow":["GET"]}}],"collection":[{"href":"https:\/\/vosgesinfo.fr\/gerardmerinfo\/wp-json\/wp\/v2\/posts"}],"about":[{"href":"https:\/\/vosgesinfo.fr\/gerardmerinfo\/wp-json\/wp\/v2\/types\/post"}],"author":[{"embeddable":true,"href":"https:\/\/vosgesinfo.fr\/gerardmerinfo\/wp-json\/wp\/v2\/users\/42"}],"replies":[{"embeddable":true,"href":"https:\/\/vosgesinfo.fr\/gerardmerinfo\/wp-json\/wp\/v2\/comments?post=80269"}],"version-history":[{"count":5,"href":"https:\/\/vosgesinfo.fr\/gerardmerinfo\/wp-json\/wp\/v2\/posts\/80269\/revisions"}],"predecessor-version":[{"id":80290,"href":"https:\/\/vosgesinfo.fr\/gerardmerinfo\/wp-json\/wp\/v2\/posts\/80269\/revisions\/80290"}],"wp:featuredmedia":[{"embeddable":true,"href":"https:\/\/vosgesinfo.fr\/gerardmerinfo\/wp-json\/wp\/v2\/media\/80270"}],"wp:attachment":[{"href":"https:\/\/vosgesinfo.fr\/gerardmerinfo\/wp-json\/wp\/v2\/media?parent=80269"}],"wp:term":[{"taxonomy":"category","embeddable":true,"href":"https:\/\/vosgesinfo.fr\/gerardmerinfo\/wp-json\/wp\/v2\/categories?post=80269"},{"taxonomy":"post_tag","embeddable":true,"href":"https:\/\/vosgesinfo.fr\/gerardmerinfo\/wp-json\/wp\/v2\/tags?post=80269"}],"curies":[{"name":"wp","href":"https:\/\/api.w.org\/{rel}","templated":true}]}}