{"id":80274,"date":"2025-07-07T05:58:43","date_gmt":"2025-07-07T03:58:43","guid":{"rendered":"https:\/\/vosgesinfo.fr\/gerardmerinfo\/?p=80274"},"modified":"2025-07-07T22:09:07","modified_gmt":"2025-07-07T20:09:07","slug":"un-nageur-de-las-gerardmer-natation-qualifie-aux-championnats-de-france-national-1","status":"publish","type":"post","link":"https:\/\/vosgesinfo.fr\/gerardmerinfo\/2025\/07\/un-nageur-de-las-gerardmer-natation-qualifie-aux-championnats-de-france-national-1\/","title":{"rendered":"Un nageur de l&rsquo;AS G\u00e9rardmer Natation qualifi\u00e9 aux championnats de France National 1"},"content":{"rendered":"<p data-pm-slice=\"1 1 []\"><a href=\"https:\/\/vosgesinfo.fr\/app\/uploads\/sites\/6\/2025\/07\/img-20250706-201904.jpg\"><img decoding=\"async\" class=\"aligncenter size-medium wp-image-80275\" src=\"https:\/\/vosgesinfo.fr\/app\/uploads\/sites\/6\/2025\/07\/img-20250706-201904-264x300.jpg\" alt=\"\" width=\"264\" height=\"300\" srcset=\"https:\/\/vosgesinfo.fr\/app\/uploads\/sites\/6\/2025\/07\/img-20250706-201904-264x300.jpg 264w, https:\/\/vosgesinfo.fr\/app\/uploads\/sites\/6\/2025\/07\/img-20250706-201904-902x1024.jpg 902w, https:\/\/vosgesinfo.fr\/app\/uploads\/sites\/6\/2025\/07\/img-20250706-201904-768x872.jpg 768w, https:\/\/vosgesinfo.fr\/app\/uploads\/sites\/6\/2025\/07\/img-20250706-201904-1353x1536.jpg 1353w, https:\/\/vosgesinfo.fr\/app\/uploads\/sites\/6\/2025\/07\/img-20250706-201904.jpg 1409w\" sizes=\"(max-width: 264px) 100vw, 264px\" \/><\/a><\/p>\n<p><strong>L&rsquo;AS G\u00e9rardmer Natation, anim\u00e9 par une \u00e9quipe de b\u00e9n\u00e9voles engag\u00e9s, \u0153uvre chaque jour pour offrir aux jeunes et moins jeunes des conditions d&rsquo;entra\u00eenement optimales, un encadrement s\u00e9rieux et un esprit d&rsquo;\u00e9mulation exemplaire. C&rsquo;est gr\u00e2ce \u00e0 cet environnement que les nageuses et nageurs g\u00e9r\u00f4mois(es) progressent et remportent de belles victoires.<\/strong><\/p>\n<p>L&rsquo;entraineur Jacky Lecoanet est donc particuli\u00e8rement fier d&rsquo;\u00e9voquer le parcours impressionnant d&rsquo;Hugo Rivoalen, qui a encha\u00een\u00e9 les performances remarquables : trois premi\u00e8res places au meeting national des ma\u00eetres \u00e0 Dijon, l\u00e0 il se qualifie pour les championnats de France N2, r\u00e9cidive sur les championnats des Vosges \u00e9t\u00e9 \u00e0 Vittel avec 6 titres de champion des Vosges et une qualification pour les championnats de France N1 \u00e0 Mulhouse. Hugo a fait ce d\u00e9placement, sur trois demi-journ\u00e9es, avec de bons r\u00e9sultats et des chronos qui s&rsquo;am\u00e9liorent. Le niveau est tr\u00e8s relev\u00e9, Hugo nage bien, il lui reste encore quelques d\u00e9tails \u00e0 peaufiner et le podium est \u00e0 sa port\u00e9e. Signalons que cela faisait pr\u00e8s de 20 ans que le club n&rsquo;avait pas eu de nageur class\u00e9 National 1 ! Le coach attendait donc cela avec impatience et a \u00e9t\u00e9 r\u00e9compens\u00e9 pour son implication depuis 35 ans.<\/p>\n<p>Ces performances t\u00e9moignent non seulement du s\u00e9rieux et des efforts des nageuses et nageurs de l&rsquo;ASG, mais aussi de la force du projet port\u00e9 par le club pour faire de G\u00e9rardmer une r\u00e9f\u00e9rence sportive nationale. Cette saison se termine, avec un repos bien m\u00e9rit\u00e9 pour toutes et tous. Jacky Lecoanet tient \u00e0 remercier l&rsquo;ensemble des familles, ainsi que Paul pour son engagement \u00e0 ses c\u00f4t\u00e9s, et toute l&rsquo;\u00e9quipe b\u00e9n\u00e9vole qui l&rsquo;a suivi tout au long de cette belle aventure.<\/p>\n","protected":false},"excerpt":{"rendered":"<p>L&rsquo;AS G\u00e9rardmer Natation, anim\u00e9 par une \u00e9quipe de b\u00e9n\u00e9voles engag\u00e9s, \u0153uvre chaque jour pour offrir aux jeunes et moins jeunes [&hellip;]<\/p>\n","protected":false},"author":391,"featured_media":80275,"comment_status":"open","ping_status":"open","sticky":false,"template":"","format":"standard","meta":{"footnotes":""},"categories":[20,25,5647,14],"tags":[],"class_list":["post-80274","post","type-post","status-publish","format-standard","has-post-thumbnail","hentry","category-a-la-une","category-gerardmer","category-gerardmer-autres-sites","category-sport"],"acf":[],"yoast_head":"<!-- This site is optimized with the Yoast SEO plugin v22.5 - https:\/\/yoast.com\/wordpress\/plugins\/seo\/ -->\n<title>Un nageur de l&#039;AS G\u00e9rardmer Natation qualifi\u00e9 aux championnats de France National 1 - Gerardmer Info<\/title>\n<meta name=\"robots\" content=\"index, follow, max-snippet:-1, max-image-preview:large, max-video-preview:-1\" \/>\n<link rel=\"canonical\" href=\"https:\/\/vosgesinfo.fr\/gerardmerinfo\/2025\/07\/un-nageur-de-las-gerardmer-natation-qualifie-aux-championnats-de-france-national-1\/\" \/>\n<meta name=\"twitter:card\" content=\"summary_large_image\" \/>\n<meta name=\"twitter:title\" content=\"Un nageur de l&#039;AS G\u00e9rardmer Natation qualifi\u00e9 aux championnats de France National 1 - Gerardmer Info\" \/>\n<meta name=\"twitter:description\" content=\"L&rsquo;AS G\u00e9rardmer Natation, anim\u00e9 par une \u00e9quipe de b\u00e9n\u00e9voles engag\u00e9s, \u0153uvre chaque jour pour offrir aux jeunes et moins jeunes [&hellip;]\" \/>\n<meta name=\"twitter:image\" content=\"https:\/\/vosgesinfo.fr\/app\/uploads\/sites\/6\/2025\/07\/img-20250706-201904.jpg\" \/>\n<meta name=\"twitter:creator\" content=\"@VosgesInfo88\" \/>\n<meta name=\"twitter:site\" content=\"@VosgesInfo88\" \/>\n<meta name=\"twitter:label1\" content=\"\u00c9crit par\" \/>\n\t<meta name=\"twitter:data1\" content=\"La redaction\" \/>\n\t<meta name=\"twitter:label2\" content=\"Dur\u00e9e de lecture estim\u00e9e\" \/>\n\t<meta name=\"twitter:data2\" content=\"2 minutes\" \/>\n<script type=\"application\/ld+json\" class=\"yoast-schema-graph\">{\"@context\":\"https:\/\/schema.org\",\"@graph\":[{\"@type\":\"Article\",\"@id\":\"https:\/\/vosgesinfo.fr\/gerardmerinfo\/2025\/07\/un-nageur-de-las-gerardmer-natation-qualifie-aux-championnats-de-france-national-1\/#article\",\"isPartOf\":{\"@id\":\"https:\/\/vosgesinfo.fr\/gerardmerinfo\/2025\/07\/un-nageur-de-las-gerardmer-natation-qualifie-aux-championnats-de-france-national-1\/\"},\"author\":{\"name\":\"La redaction\",\"@id\":\"https:\/\/vosgesinfo.fr\/gerardmerinfo\/#\/schema\/person\/27a3695b06db98895b354c0765cdfc31\"},\"headline\":\"Un nageur de l&rsquo;AS G\u00e9rardmer Natation qualifi\u00e9 aux championnats de France National 1\",\"datePublished\":\"2025-07-07T03:58:43+00:00\",\"dateModified\":\"2025-07-07T20:09:07+00:00\",\"mainEntityOfPage\":{\"@id\":\"https:\/\/vosgesinfo.fr\/gerardmerinfo\/2025\/07\/un-nageur-de-las-gerardmer-natation-qualifie-aux-championnats-de-france-national-1\/\"},\"wordCount\":319,\"commentCount\":5,\"publisher\":{\"@id\":\"https:\/\/vosgesinfo.fr\/gerardmerinfo\/#organization\"},\"image\":{\"@id\":\"https:\/\/vosgesinfo.fr\/gerardmerinfo\/2025\/07\/un-nageur-de-las-gerardmer-natation-qualifie-aux-championnats-de-france-national-1\/#primaryimage\"},\"thumbnailUrl\":\"https:\/\/vosgesinfo.fr\/app\/uploads\/sites\/6\/2025\/07\/img-20250706-201904.jpg\",\"articleSection\":[\"A la une\",\"G\u00e9rardmer\",\"Gerardmer\",\"Sport\"],\"inLanguage\":\"fr-FR\",\"potentialAction\":[{\"@type\":\"CommentAction\",\"name\":\"Comment\",\"target\":[\"https:\/\/vosgesinfo.fr\/gerardmerinfo\/2025\/07\/un-nageur-de-las-gerardmer-natation-qualifie-aux-championnats-de-france-national-1\/#respond\"]}]},{\"@type\":\"WebPage\",\"@id\":\"https:\/\/vosgesinfo.fr\/gerardmerinfo\/2025\/07\/un-nageur-de-las-gerardmer-natation-qualifie-aux-championnats-de-france-national-1\/\",\"url\":\"https:\/\/vosgesinfo.fr\/gerardmerinfo\/2025\/07\/un-nageur-de-las-gerardmer-natation-qualifie-aux-championnats-de-france-national-1\/\",\"name\":\"Un nageur de l'AS G\u00e9rardmer Natation qualifi\u00e9 aux championnats de France National 1 - Gerardmer Info\",\"isPartOf\":{\"@id\":\"https:\/\/vosgesinfo.fr\/gerardmerinfo\/#website\"},\"primaryImageOfPage\":{\"@id\":\"https:\/\/vosgesinfo.fr\/gerardmerinfo\/2025\/07\/un-nageur-de-las-gerardmer-natation-qualifie-aux-championnats-de-france-national-1\/#primaryimage\"},\"image\":{\"@id\":\"https:\/\/vosgesinfo.fr\/gerardmerinfo\/2025\/07\/un-nageur-de-las-gerardmer-natation-qualifie-aux-championnats-de-france-national-1\/#primaryimage\"},\"thumbnailUrl\":\"https:\/\/vosgesinfo.fr\/app\/uploads\/sites\/6\/2025\/07\/img-20250706-201904.jpg\",\"datePublished\":\"2025-07-07T03:58:43+00:00\",\"dateModified\":\"2025-07-07T20:09:07+00:00\",\"breadcrumb\":{\"@id\":\"https:\/\/vosgesinfo.fr\/gerardmerinfo\/2025\/07\/un-nageur-de-las-gerardmer-natation-qualifie-aux-championnats-de-france-national-1\/#breadcrumb\"},\"inLanguage\":\"fr-FR\",\"potentialAction\":[{\"@type\":\"ReadAction\",\"target\":[\"https:\/\/vosgesinfo.fr\/gerardmerinfo\/2025\/07\/un-nageur-de-las-gerardmer-natation-qualifie-aux-championnats-de-france-national-1\/\"]}]},{\"@type\":\"ImageObject\",\"inLanguage\":\"fr-FR\",\"@id\":\"https:\/\/vosgesinfo.fr\/gerardmerinfo\/2025\/07\/un-nageur-de-las-gerardmer-natation-qualifie-aux-championnats-de-france-national-1\/#primaryimage\",\"url\":\"https:\/\/vosgesinfo.fr\/app\/uploads\/sites\/6\/2025\/07\/img-20250706-201904.jpg\",\"contentUrl\":\"https:\/\/vosgesinfo.fr\/app\/uploads\/sites\/6\/2025\/07\/img-20250706-201904.jpg\",\"width\":1409,\"height\":1599},{\"@type\":\"BreadcrumbList\",\"@id\":\"https:\/\/vosgesinfo.fr\/gerardmerinfo\/2025\/07\/un-nageur-de-las-gerardmer-natation-qualifie-aux-championnats-de-france-national-1\/#breadcrumb\",\"itemListElement\":[{\"@type\":\"ListItem\",\"position\":1,\"name\":\"Home\",\"item\":\"https:\/\/vosgesinfo.fr\/gerardmerinfo\/\"},{\"@type\":\"ListItem\",\"position\":2,\"name\":\"Un nageur de l&#8217;AS G\u00e9rardmer Natation qualifi\u00e9 aux championnats de France National 1\"}]},{\"@type\":\"WebSite\",\"@id\":\"https:\/\/vosgesinfo.fr\/gerardmerinfo\/#website\",\"url\":\"https:\/\/vosgesinfo.fr\/gerardmerinfo\/\",\"name\":\"Gerardmer Info\",\"description\":\"Toute l&#039;actualit\u00e9 de G\u00e9rardmer\",\"publisher\":{\"@id\":\"https:\/\/vosgesinfo.fr\/gerardmerinfo\/#organization\"},\"alternateName\":\"Toute l'actualit\u00e9 de G\u00e9rardmer\",\"potentialAction\":[{\"@type\":\"SearchAction\",\"target\":{\"@type\":\"EntryPoint\",\"urlTemplate\":\"https:\/\/vosgesinfo.fr\/gerardmerinfo\/?s={search_term_string}\"},\"query-input\":\"required name=search_term_string\"}],\"inLanguage\":\"fr-FR\"},{\"@type\":\"Organization\",\"@id\":\"https:\/\/vosgesinfo.fr\/gerardmerinfo\/#organization\",\"name\":\"Gerardmer Info\",\"url\":\"https:\/\/vosgesinfo.fr\/gerardmerinfo\/\",\"logo\":{\"@type\":\"ImageObject\",\"inLanguage\":\"fr-FR\",\"@id\":\"https:\/\/vosgesinfo.fr\/gerardmerinfo\/#\/schema\/logo\/image\/\",\"url\":\"https:\/\/vosgesinfo.fr\/app\/uploads\/sites\/6\/2023\/08\/favicon-gerardmerinfo.png\",\"contentUrl\":\"https:\/\/vosgesinfo.fr\/app\/uploads\/sites\/6\/2023\/08\/favicon-gerardmerinfo.png\",\"width\":512,\"height\":512,\"caption\":\"Gerardmer Info\"},\"image\":{\"@id\":\"https:\/\/vosgesinfo.fr\/gerardmerinfo\/#\/schema\/logo\/image\/\"},\"sameAs\":[\"https:\/\/www.facebook.com\/profile.php?id=100049475262660\",\"https:\/\/x.com\/VosgesInfo88\",\"https:\/\/www.youtube.com\/@vosgesinfo\"]},{\"@type\":\"Person\",\"@id\":\"https:\/\/vosgesinfo.fr\/gerardmerinfo\/#\/schema\/person\/27a3695b06db98895b354c0765cdfc31\",\"name\":\"La redaction\",\"image\":{\"@type\":\"ImageObject\",\"inLanguage\":\"fr-FR\",\"@id\":\"https:\/\/vosgesinfo.fr\/gerardmerinfo\/#\/schema\/person\/image\/\",\"url\":\"https:\/\/secure.gravatar.com\/avatar\/64c76a78e501cedee55736f43f332df901e1896ae9cd8fad269ae2236dd0e8b6?s=96&d=mm&r=g\",\"contentUrl\":\"https:\/\/secure.gravatar.com\/avatar\/64c76a78e501cedee55736f43f332df901e1896ae9cd8fad269ae2236dd0e8b6?s=96&d=mm&r=g\",\"caption\":\"La redaction\"},\"url\":\"https:\/\/vosgesinfo.fr\/gerardmerinfo\/author\/la-redaction\/\"}]}<\/script>\n<!-- \/ Yoast SEO plugin. -->","yoast_head_json":{"title":"Un nageur de l'AS G\u00e9rardmer Natation qualifi\u00e9 aux championnats de France National 1 - Gerardmer Info","robots":{"index":"index","follow":"follow","max-snippet":"max-snippet:-1","max-image-preview":"max-image-preview:large","max-video-preview":"max-video-preview:-1"},"canonical":"https:\/\/vosgesinfo.fr\/gerardmerinfo\/2025\/07\/un-nageur-de-las-gerardmer-natation-qualifie-aux-championnats-de-france-national-1\/","twitter_card":"summary_large_image","twitter_title":"Un nageur de l'AS G\u00e9rardmer Natation qualifi\u00e9 aux championnats de France National 1 - Gerardmer Info","twitter_description":"L&rsquo;AS G\u00e9rardmer Natation, anim\u00e9 par une \u00e9quipe de b\u00e9n\u00e9voles engag\u00e9s, \u0153uvre chaque jour pour offrir aux jeunes et moins jeunes [&hellip;]","twitter_image":"https:\/\/vosgesinfo.fr\/app\/uploads\/sites\/6\/2025\/07\/img-20250706-201904.jpg","twitter_creator":"@VosgesInfo88","twitter_site":"@VosgesInfo88","twitter_misc":{"\u00c9crit par":"La redaction","Dur\u00e9e de lecture estim\u00e9e":"2 minutes"},"schema":{"@context":"https:\/\/schema.org","@graph":[{"@type":"Article","@id":"https:\/\/vosgesinfo.fr\/gerardmerinfo\/2025\/07\/un-nageur-de-las-gerardmer-natation-qualifie-aux-championnats-de-france-national-1\/#article","isPartOf":{"@id":"https:\/\/vosgesinfo.fr\/gerardmerinfo\/2025\/07\/un-nageur-de-las-gerardmer-natation-qualifie-aux-championnats-de-france-national-1\/"},"author":{"name":"La redaction","@id":"https:\/\/vosgesinfo.fr\/gerardmerinfo\/#\/schema\/person\/27a3695b06db98895b354c0765cdfc31"},"headline":"Un nageur de l&rsquo;AS G\u00e9rardmer Natation qualifi\u00e9 aux championnats de France National 1","datePublished":"2025-07-07T03:58:43+00:00","dateModified":"2025-07-07T20:09:07+00:00","mainEntityOfPage":{"@id":"https:\/\/vosgesinfo.fr\/gerardmerinfo\/2025\/07\/un-nageur-de-las-gerardmer-natation-qualifie-aux-championnats-de-france-national-1\/"},"wordCount":319,"commentCount":5,"publisher":{"@id":"https:\/\/vosgesinfo.fr\/gerardmerinfo\/#organization"},"image":{"@id":"https:\/\/vosgesinfo.fr\/gerardmerinfo\/2025\/07\/un-nageur-de-las-gerardmer-natation-qualifie-aux-championnats-de-france-national-1\/#primaryimage"},"thumbnailUrl":"https:\/\/vosgesinfo.fr\/app\/uploads\/sites\/6\/2025\/07\/img-20250706-201904.jpg","articleSection":["A la une","G\u00e9rardmer","Gerardmer","Sport"],"inLanguage":"fr-FR","potentialAction":[{"@type":"CommentAction","name":"Comment","target":["https:\/\/vosgesinfo.fr\/gerardmerinfo\/2025\/07\/un-nageur-de-las-gerardmer-natation-qualifie-aux-championnats-de-france-national-1\/#respond"]}]},{"@type":"WebPage","@id":"https:\/\/vosgesinfo.fr\/gerardmerinfo\/2025\/07\/un-nageur-de-las-gerardmer-natation-qualifie-aux-championnats-de-france-national-1\/","url":"https:\/\/vosgesinfo.fr\/gerardmerinfo\/2025\/07\/un-nageur-de-las-gerardmer-natation-qualifie-aux-championnats-de-france-national-1\/","name":"Un nageur de l'AS G\u00e9rardmer Natation qualifi\u00e9 aux championnats de France National 1 - Gerardmer Info","isPartOf":{"@id":"https:\/\/vosgesinfo.fr\/gerardmerinfo\/#website"},"primaryImageOfPage":{"@id":"https:\/\/vosgesinfo.fr\/gerardmerinfo\/2025\/07\/un-nageur-de-las-gerardmer-natation-qualifie-aux-championnats-de-france-national-1\/#primaryimage"},"image":{"@id":"https:\/\/vosgesinfo.fr\/gerardmerinfo\/2025\/07\/un-nageur-de-las-gerardmer-natation-qualifie-aux-championnats-de-france-national-1\/#primaryimage"},"thumbnailUrl":"https:\/\/vosgesinfo.fr\/app\/uploads\/sites\/6\/2025\/07\/img-20250706-201904.jpg","datePublished":"2025-07-07T03:58:43+00:00","dateModified":"2025-07-07T20:09:07+00:00","breadcrumb":{"@id":"https:\/\/vosgesinfo.fr\/gerardmerinfo\/2025\/07\/un-nageur-de-las-gerardmer-natation-qualifie-aux-championnats-de-france-national-1\/#breadcrumb"},"inLanguage":"fr-FR","potentialAction":[{"@type":"ReadAction","target":["https:\/\/vosgesinfo.fr\/gerardmerinfo\/2025\/07\/un-nageur-de-las-gerardmer-natation-qualifie-aux-championnats-de-france-national-1\/"]}]},{"@type":"ImageObject","inLanguage":"fr-FR","@id":"https:\/\/vosgesinfo.fr\/gerardmerinfo\/2025\/07\/un-nageur-de-las-gerardmer-natation-qualifie-aux-championnats-de-france-national-1\/#primaryimage","url":"https:\/\/vosgesinfo.fr\/app\/uploads\/sites\/6\/2025\/07\/img-20250706-201904.jpg","contentUrl":"https:\/\/vosgesinfo.fr\/app\/uploads\/sites\/6\/2025\/07\/img-20250706-201904.jpg","width":1409,"height":1599},{"@type":"BreadcrumbList","@id":"https:\/\/vosgesinfo.fr\/gerardmerinfo\/2025\/07\/un-nageur-de-las-gerardmer-natation-qualifie-aux-championnats-de-france-national-1\/#breadcrumb","itemListElement":[{"@type":"ListItem","position":1,"name":"Home","item":"https:\/\/vosgesinfo.fr\/gerardmerinfo\/"},{"@type":"ListItem","position":2,"name":"Un nageur de l&#8217;AS G\u00e9rardmer Natation qualifi\u00e9 aux championnats de France National 1"}]},{"@type":"WebSite","@id":"https:\/\/vosgesinfo.fr\/gerardmerinfo\/#website","url":"https:\/\/vosgesinfo.fr\/gerardmerinfo\/","name":"Gerardmer Info","description":"Toute l&#039;actualit\u00e9 de G\u00e9rardmer","publisher":{"@id":"https:\/\/vosgesinfo.fr\/gerardmerinfo\/#organization"},"alternateName":"Toute l'actualit\u00e9 de G\u00e9rardmer","potentialAction":[{"@type":"SearchAction","target":{"@type":"EntryPoint","urlTemplate":"https:\/\/vosgesinfo.fr\/gerardmerinfo\/?s={search_term_string}"},"query-input":"required name=search_term_string"}],"inLanguage":"fr-FR"},{"@type":"Organization","@id":"https:\/\/vosgesinfo.fr\/gerardmerinfo\/#organization","name":"Gerardmer Info","url":"https:\/\/vosgesinfo.fr\/gerardmerinfo\/","logo":{"@type":"ImageObject","inLanguage":"fr-FR","@id":"https:\/\/vosgesinfo.fr\/gerardmerinfo\/#\/schema\/logo\/image\/","url":"https:\/\/vosgesinfo.fr\/app\/uploads\/sites\/6\/2023\/08\/favicon-gerardmerinfo.png","contentUrl":"https:\/\/vosgesinfo.fr\/app\/uploads\/sites\/6\/2023\/08\/favicon-gerardmerinfo.png","width":512,"height":512,"caption":"Gerardmer Info"},"image":{"@id":"https:\/\/vosgesinfo.fr\/gerardmerinfo\/#\/schema\/logo\/image\/"},"sameAs":["https:\/\/www.facebook.com\/profile.php?id=100049475262660","https:\/\/x.com\/VosgesInfo88","https:\/\/www.youtube.com\/@vosgesinfo"]},{"@type":"Person","@id":"https:\/\/vosgesinfo.fr\/gerardmerinfo\/#\/schema\/person\/27a3695b06db98895b354c0765cdfc31","name":"La redaction","image":{"@type":"ImageObject","inLanguage":"fr-FR","@id":"https:\/\/vosgesinfo.fr\/gerardmerinfo\/#\/schema\/person\/image\/","url":"https:\/\/secure.gravatar.com\/avatar\/64c76a78e501cedee55736f43f332df901e1896ae9cd8fad269ae2236dd0e8b6?s=96&d=mm&r=g","contentUrl":"https:\/\/secure.gravatar.com\/avatar\/64c76a78e501cedee55736f43f332df901e1896ae9cd8fad269ae2236dd0e8b6?s=96&d=mm&r=g","caption":"La redaction"},"url":"https:\/\/vosgesinfo.fr\/gerardmerinfo\/author\/la-redaction\/"}]}},"_links":{"self":[{"href":"https:\/\/vosgesinfo.fr\/gerardmerinfo\/wp-json\/wp\/v2\/posts\/80274","targetHints":{"allow":["GET"]}}],"collection":[{"href":"https:\/\/vosgesinfo.fr\/gerardmerinfo\/wp-json\/wp\/v2\/posts"}],"about":[{"href":"https:\/\/vosgesinfo.fr\/gerardmerinfo\/wp-json\/wp\/v2\/types\/post"}],"author":[{"embeddable":true,"href":"https:\/\/vosgesinfo.fr\/gerardmerinfo\/wp-json\/wp\/v2\/users\/391"}],"replies":[{"embeddable":true,"href":"https:\/\/vosgesinfo.fr\/gerardmerinfo\/wp-json\/wp\/v2\/comments?post=80274"}],"version-history":[{"count":3,"href":"https:\/\/vosgesinfo.fr\/gerardmerinfo\/wp-json\/wp\/v2\/posts\/80274\/revisions"}],"predecessor-version":[{"id":80318,"href":"https:\/\/vosgesinfo.fr\/gerardmerinfo\/wp-json\/wp\/v2\/posts\/80274\/revisions\/80318"}],"wp:featuredmedia":[{"embeddable":true,"href":"https:\/\/vosgesinfo.fr\/gerardmerinfo\/wp-json\/wp\/v2\/media\/80275"}],"wp:attachment":[{"href":"https:\/\/vosgesinfo.fr\/gerardmerinfo\/wp-json\/wp\/v2\/media?parent=80274"}],"wp:term":[{"taxonomy":"category","embeddable":true,"href":"https:\/\/vosgesinfo.fr\/gerardmerinfo\/wp-json\/wp\/v2\/categories?post=80274"},{"taxonomy":"post_tag","embeddable":true,"href":"https:\/\/vosgesinfo.fr\/gerardmerinfo\/wp-json\/wp\/v2\/tags?post=80274"}],"curies":[{"name":"wp","href":"https:\/\/api.w.org\/{rel}","templated":true}]}}