{"id":80277,"date":"2025-07-08T05:55:13","date_gmt":"2025-07-08T03:55:13","guid":{"rendered":"https:\/\/vosgesinfo.fr\/gerardmerinfo\/?p=80277"},"modified":"2025-07-06T20:59:54","modified_gmt":"2025-07-06T18:59:54","slug":"portes-ouvertes-a-la-residence-le-vinot-un-lieu-de-vie-chaleureux-a-decouvrir","status":"publish","type":"post","link":"https:\/\/vosgesinfo.fr\/gerardmerinfo\/2025\/07\/portes-ouvertes-a-la-residence-le-vinot-un-lieu-de-vie-chaleureux-a-decouvrir\/","title":{"rendered":"Portes ouvertes \u00e0 la r\u00e9sidence Le Vinot : un lieu de vie chaleureux \u00e0 d\u00e9couvrir"},"content":{"rendered":"<p data-start=\"77\" data-end=\"160\"><a href=\"https:\/\/vosgesinfo.fr\/app\/uploads\/sites\/6\/2025\/07\/portes-ouvertes-vinot-3-scaled.jpg\"><img decoding=\"async\" class=\"aligncenter size-large wp-image-80279\" src=\"https:\/\/vosgesinfo.fr\/app\/uploads\/sites\/6\/2025\/07\/portes-ouvertes-vinot-3-1024x768.jpg\" alt=\"\" width=\"1024\" height=\"768\" srcset=\"https:\/\/vosgesinfo.fr\/app\/uploads\/sites\/6\/2025\/07\/portes-ouvertes-vinot-3-1024x768.jpg 1024w, https:\/\/vosgesinfo.fr\/app\/uploads\/sites\/6\/2025\/07\/portes-ouvertes-vinot-3-300x225.jpg 300w, https:\/\/vosgesinfo.fr\/app\/uploads\/sites\/6\/2025\/07\/portes-ouvertes-vinot-3-768x576.jpg 768w, https:\/\/vosgesinfo.fr\/app\/uploads\/sites\/6\/2025\/07\/portes-ouvertes-vinot-3-1536x1152.jpg 1536w, https:\/\/vosgesinfo.fr\/app\/uploads\/sites\/6\/2025\/07\/portes-ouvertes-vinot-3-2048x1536.jpg 2048w\" sizes=\"(max-width: 1024px) 100vw, 1024px\" \/><\/a><\/p>\n<p data-start=\"77\" data-end=\"160\">\n<p data-start=\"162\" data-end=\"463\"><strong>Ce vendredi matin, la r\u00e9sidence autonomie Le Vinot, g\u00e9r\u00e9e par le Centre Communal d\u2019Action Sociale (CCAS) de G\u00e9rardmer, a ouvert ses portes au public. L\u2019occasion de d\u00e9couvrir cet \u00e9tablissement d\u2019h\u00e9bergement pour personnes \u00e2g\u00e9es, situ\u00e9 dans un b\u00e2timent reconstruit en 1973 et acquis par le CCAS en 2013.<\/strong><\/p>\n<p data-start=\"465\" data-end=\"777\"><a href=\"https:\/\/vosgesinfo.fr\/app\/uploads\/sites\/6\/2025\/07\/portes-ouvertes-vinot-1-scaled.jpg\"><img decoding=\"async\" class=\"alignright size-medium wp-image-80278\" src=\"https:\/\/vosgesinfo.fr\/app\/uploads\/sites\/6\/2025\/07\/portes-ouvertes-vinot-1-300x225.jpg\" alt=\"\" width=\"300\" height=\"225\" srcset=\"https:\/\/vosgesinfo.fr\/app\/uploads\/sites\/6\/2025\/07\/portes-ouvertes-vinot-1-300x225.jpg 300w, https:\/\/vosgesinfo.fr\/app\/uploads\/sites\/6\/2025\/07\/portes-ouvertes-vinot-1-1024x768.jpg 1024w, https:\/\/vosgesinfo.fr\/app\/uploads\/sites\/6\/2025\/07\/portes-ouvertes-vinot-1-768x576.jpg 768w, https:\/\/vosgesinfo.fr\/app\/uploads\/sites\/6\/2025\/07\/portes-ouvertes-vinot-1-1536x1152.jpg 1536w, https:\/\/vosgesinfo.fr\/app\/uploads\/sites\/6\/2025\/07\/portes-ouvertes-vinot-1-2048x1536.jpg 2048w\" sizes=\"(max-width: 300px) 100vw, 300px\" \/><\/a>Accueillis avec chaleur par Camille Maxant, directrice du CCAS, et Fabienne Cr\u00e9teur Cl\u00e9ment, adjointe \u00e0 la solidarit\u00e9, \u00e0 la sant\u00e9 et \u00e0 l&rsquo;action sociale, les visiteurs ont pu profiter d\u2019un moment convivial autour de boissons chaudes et de douceurs pr\u00e9par\u00e9es par des b\u00e9n\u00e9ficiaires du RSA lors d\u2019un atelier cuisine. Les visiteurs ont pu explorer les 43 logements r\u00e9partis sur trois niveaux : 40 T1Bis de 31 m\u00b2 et 3 T2 de 50 m\u00b2. Parmi eux, Christian, 89 ans, est venu prendre la temp\u00e9rature, tandis qu\u2019Annette Fauchon, 87 ans, a partag\u00e9 son enthousiasme. Elle qui habitait une maison isol\u00e9e est ravie d&rsquo;avoir pu s&rsquo;installer au Vinot o\u00f9, selon ses dires, elle a tout ce qui lui faut !<\/p>\n<p data-start=\"1082\" data-end=\"1514\"><a href=\"https:\/\/vosgesinfo.fr\/app\/uploads\/sites\/6\/2025\/07\/portes-ouvertes-vinot-2-scaled.jpg\"><img decoding=\"async\" class=\"alignright size-medium wp-image-80280\" src=\"https:\/\/vosgesinfo.fr\/app\/uploads\/sites\/6\/2025\/07\/portes-ouvertes-vinot-2-300x225.jpg\" alt=\"\" width=\"300\" height=\"225\" srcset=\"https:\/\/vosgesinfo.fr\/app\/uploads\/sites\/6\/2025\/07\/portes-ouvertes-vinot-2-300x225.jpg 300w, https:\/\/vosgesinfo.fr\/app\/uploads\/sites\/6\/2025\/07\/portes-ouvertes-vinot-2-1024x768.jpg 1024w, https:\/\/vosgesinfo.fr\/app\/uploads\/sites\/6\/2025\/07\/portes-ouvertes-vinot-2-768x576.jpg 768w, https:\/\/vosgesinfo.fr\/app\/uploads\/sites\/6\/2025\/07\/portes-ouvertes-vinot-2-1536x1152.jpg 1536w, https:\/\/vosgesinfo.fr\/app\/uploads\/sites\/6\/2025\/07\/portes-ouvertes-vinot-2-2048x1536.jpg 2048w\" sizes=\"(max-width: 300px) 100vw, 300px\" \/><\/a>En effet, la r\u00e9sidence offre un cadre agr\u00e9able avec un jardin fleuri, des services comme le portage de repas ou l\u2019accompagnement social, ainsi que des logements r\u00e9serv\u00e9s \u00e0 de jeunes apprentis ou \u00e9tudiants en BTS. Le lieu favorise aussi les \u00e9changes interg\u00e9n\u00e9rationnels et le lien social, en t\u00e9moignent les animations pr\u00e9sent\u00e9es par les associations locales et le Conseil des Seniors, mobilis\u00e9 pour accueillir et informer les futurs r\u00e9sidents.<\/p>\n<p data-start=\"1516\" data-end=\"1611\">Pour plus d\u2019informations, rendez-vous au CCAS ou sur le site internet de la Ville de G\u00e9rardmer.<\/p>\n","protected":false},"excerpt":{"rendered":"<p>Ce vendredi matin, la r\u00e9sidence autonomie Le Vinot, g\u00e9r\u00e9e par le Centre Communal d\u2019Action Sociale (CCAS) de G\u00e9rardmer, a ouvert [&hellip;]<\/p>\n","protected":false},"author":42,"featured_media":80279,"comment_status":"open","ping_status":"open","sticky":false,"template":"","format":"standard","meta":{"footnotes":""},"categories":[20,5647,5806,326,26],"tags":[96],"class_list":["post-80277","post","type-post","status-publish","format-standard","has-post-thumbnail","hentry","category-a-la-une","category-gerardmer-autres-sites","category-securite","category-social","category-solidarite","tag-le-vinot"],"acf":[],"yoast_head":"<!-- This site is optimized with the Yoast SEO plugin v22.5 - https:\/\/yoast.com\/wordpress\/plugins\/seo\/ -->\n<title>Portes ouvertes \u00e0 la r\u00e9sidence Le Vinot : un lieu de vie chaleureux \u00e0 d\u00e9couvrir - Gerardmer Info<\/title>\n<meta name=\"robots\" content=\"index, follow, max-snippet:-1, max-image-preview:large, max-video-preview:-1\" \/>\n<link rel=\"canonical\" href=\"https:\/\/vosgesinfo.fr\/gerardmerinfo\/2025\/07\/portes-ouvertes-a-la-residence-le-vinot-un-lieu-de-vie-chaleureux-a-decouvrir\/\" \/>\n<meta name=\"twitter:card\" content=\"summary_large_image\" \/>\n<meta name=\"twitter:title\" content=\"Portes ouvertes \u00e0 la r\u00e9sidence Le Vinot : un lieu de vie chaleureux \u00e0 d\u00e9couvrir - Gerardmer Info\" \/>\n<meta name=\"twitter:description\" content=\"Ce vendredi matin, la r\u00e9sidence autonomie Le Vinot, g\u00e9r\u00e9e par le Centre Communal d\u2019Action Sociale (CCAS) de G\u00e9rardmer, a ouvert [&hellip;]\" \/>\n<meta name=\"twitter:image\" content=\"https:\/\/vosgesinfo.fr\/app\/uploads\/sites\/6\/2025\/07\/portes-ouvertes-vinot-3-scaled.jpg\" \/>\n<meta name=\"twitter:creator\" content=\"@VosgesInfo88\" \/>\n<meta name=\"twitter:site\" content=\"@VosgesInfo88\" \/>\n<meta name=\"twitter:label1\" content=\"\u00c9crit par\" \/>\n\t<meta name=\"twitter:data1\" content=\"QG\" \/>\n\t<meta name=\"twitter:label2\" content=\"Dur\u00e9e de lecture estim\u00e9e\" \/>\n\t<meta name=\"twitter:data2\" content=\"1 minute\" \/>\n<script type=\"application\/ld+json\" class=\"yoast-schema-graph\">{\"@context\":\"https:\/\/schema.org\",\"@graph\":[{\"@type\":\"Article\",\"@id\":\"https:\/\/vosgesinfo.fr\/gerardmerinfo\/2025\/07\/portes-ouvertes-a-la-residence-le-vinot-un-lieu-de-vie-chaleureux-a-decouvrir\/#article\",\"isPartOf\":{\"@id\":\"https:\/\/vosgesinfo.fr\/gerardmerinfo\/2025\/07\/portes-ouvertes-a-la-residence-le-vinot-un-lieu-de-vie-chaleureux-a-decouvrir\/\"},\"author\":{\"name\":\"QG\",\"@id\":\"https:\/\/vosgesinfo.fr\/gerardmerinfo\/#\/schema\/person\/db5605779a843dad16b5368f3e7613a5\"},\"headline\":\"Portes ouvertes \u00e0 la r\u00e9sidence Le Vinot : un lieu de vie chaleureux \u00e0 d\u00e9couvrir\",\"datePublished\":\"2025-07-08T03:55:13+00:00\",\"dateModified\":\"2025-07-06T18:59:54+00:00\",\"mainEntityOfPage\":{\"@id\":\"https:\/\/vosgesinfo.fr\/gerardmerinfo\/2025\/07\/portes-ouvertes-a-la-residence-le-vinot-un-lieu-de-vie-chaleureux-a-decouvrir\/\"},\"wordCount\":287,\"commentCount\":0,\"publisher\":{\"@id\":\"https:\/\/vosgesinfo.fr\/gerardmerinfo\/#organization\"},\"image\":{\"@id\":\"https:\/\/vosgesinfo.fr\/gerardmerinfo\/2025\/07\/portes-ouvertes-a-la-residence-le-vinot-un-lieu-de-vie-chaleureux-a-decouvrir\/#primaryimage\"},\"thumbnailUrl\":\"https:\/\/vosgesinfo.fr\/app\/uploads\/sites\/6\/2025\/07\/portes-ouvertes-vinot-3-scaled.jpg\",\"keywords\":[\"Le Vinot\"],\"articleSection\":[\"A la une\",\"Gerardmer\",\"S\u00e9curit\u00e9\",\"social\",\"solidarit\u00e9\"],\"inLanguage\":\"fr-FR\",\"potentialAction\":[{\"@type\":\"CommentAction\",\"name\":\"Comment\",\"target\":[\"https:\/\/vosgesinfo.fr\/gerardmerinfo\/2025\/07\/portes-ouvertes-a-la-residence-le-vinot-un-lieu-de-vie-chaleureux-a-decouvrir\/#respond\"]}]},{\"@type\":\"WebPage\",\"@id\":\"https:\/\/vosgesinfo.fr\/gerardmerinfo\/2025\/07\/portes-ouvertes-a-la-residence-le-vinot-un-lieu-de-vie-chaleureux-a-decouvrir\/\",\"url\":\"https:\/\/vosgesinfo.fr\/gerardmerinfo\/2025\/07\/portes-ouvertes-a-la-residence-le-vinot-un-lieu-de-vie-chaleureux-a-decouvrir\/\",\"name\":\"Portes ouvertes \u00e0 la r\u00e9sidence Le Vinot : un lieu de vie chaleureux \u00e0 d\u00e9couvrir - Gerardmer Info\",\"isPartOf\":{\"@id\":\"https:\/\/vosgesinfo.fr\/gerardmerinfo\/#website\"},\"primaryImageOfPage\":{\"@id\":\"https:\/\/vosgesinfo.fr\/gerardmerinfo\/2025\/07\/portes-ouvertes-a-la-residence-le-vinot-un-lieu-de-vie-chaleureux-a-decouvrir\/#primaryimage\"},\"image\":{\"@id\":\"https:\/\/vosgesinfo.fr\/gerardmerinfo\/2025\/07\/portes-ouvertes-a-la-residence-le-vinot-un-lieu-de-vie-chaleureux-a-decouvrir\/#primaryimage\"},\"thumbnailUrl\":\"https:\/\/vosgesinfo.fr\/app\/uploads\/sites\/6\/2025\/07\/portes-ouvertes-vinot-3-scaled.jpg\",\"datePublished\":\"2025-07-08T03:55:13+00:00\",\"dateModified\":\"2025-07-06T18:59:54+00:00\",\"breadcrumb\":{\"@id\":\"https:\/\/vosgesinfo.fr\/gerardmerinfo\/2025\/07\/portes-ouvertes-a-la-residence-le-vinot-un-lieu-de-vie-chaleureux-a-decouvrir\/#breadcrumb\"},\"inLanguage\":\"fr-FR\",\"potentialAction\":[{\"@type\":\"ReadAction\",\"target\":[\"https:\/\/vosgesinfo.fr\/gerardmerinfo\/2025\/07\/portes-ouvertes-a-la-residence-le-vinot-un-lieu-de-vie-chaleureux-a-decouvrir\/\"]}]},{\"@type\":\"ImageObject\",\"inLanguage\":\"fr-FR\",\"@id\":\"https:\/\/vosgesinfo.fr\/gerardmerinfo\/2025\/07\/portes-ouvertes-a-la-residence-le-vinot-un-lieu-de-vie-chaleureux-a-decouvrir\/#primaryimage\",\"url\":\"https:\/\/vosgesinfo.fr\/app\/uploads\/sites\/6\/2025\/07\/portes-ouvertes-vinot-3-scaled.jpg\",\"contentUrl\":\"https:\/\/vosgesinfo.fr\/app\/uploads\/sites\/6\/2025\/07\/portes-ouvertes-vinot-3-scaled.jpg\",\"width\":2560,\"height\":1920},{\"@type\":\"BreadcrumbList\",\"@id\":\"https:\/\/vosgesinfo.fr\/gerardmerinfo\/2025\/07\/portes-ouvertes-a-la-residence-le-vinot-un-lieu-de-vie-chaleureux-a-decouvrir\/#breadcrumb\",\"itemListElement\":[{\"@type\":\"ListItem\",\"position\":1,\"name\":\"Home\",\"item\":\"https:\/\/vosgesinfo.fr\/gerardmerinfo\/\"},{\"@type\":\"ListItem\",\"position\":2,\"name\":\"Portes ouvertes \u00e0 la r\u00e9sidence Le Vinot : un lieu de vie chaleureux \u00e0 d\u00e9couvrir\"}]},{\"@type\":\"WebSite\",\"@id\":\"https:\/\/vosgesinfo.fr\/gerardmerinfo\/#website\",\"url\":\"https:\/\/vosgesinfo.fr\/gerardmerinfo\/\",\"name\":\"Gerardmer Info\",\"description\":\"Toute l&#039;actualit\u00e9 de G\u00e9rardmer\",\"publisher\":{\"@id\":\"https:\/\/vosgesinfo.fr\/gerardmerinfo\/#organization\"},\"alternateName\":\"Toute l'actualit\u00e9 de G\u00e9rardmer\",\"potentialAction\":[{\"@type\":\"SearchAction\",\"target\":{\"@type\":\"EntryPoint\",\"urlTemplate\":\"https:\/\/vosgesinfo.fr\/gerardmerinfo\/?s={search_term_string}\"},\"query-input\":\"required name=search_term_string\"}],\"inLanguage\":\"fr-FR\"},{\"@type\":\"Organization\",\"@id\":\"https:\/\/vosgesinfo.fr\/gerardmerinfo\/#organization\",\"name\":\"Gerardmer Info\",\"url\":\"https:\/\/vosgesinfo.fr\/gerardmerinfo\/\",\"logo\":{\"@type\":\"ImageObject\",\"inLanguage\":\"fr-FR\",\"@id\":\"https:\/\/vosgesinfo.fr\/gerardmerinfo\/#\/schema\/logo\/image\/\",\"url\":\"https:\/\/vosgesinfo.fr\/app\/uploads\/sites\/6\/2023\/08\/favicon-gerardmerinfo.png\",\"contentUrl\":\"https:\/\/vosgesinfo.fr\/app\/uploads\/sites\/6\/2023\/08\/favicon-gerardmerinfo.png\",\"width\":512,\"height\":512,\"caption\":\"Gerardmer Info\"},\"image\":{\"@id\":\"https:\/\/vosgesinfo.fr\/gerardmerinfo\/#\/schema\/logo\/image\/\"},\"sameAs\":[\"https:\/\/www.facebook.com\/profile.php?id=100049475262660\",\"https:\/\/x.com\/VosgesInfo88\",\"https:\/\/www.youtube.com\/@vosgesinfo\"]},{\"@type\":\"Person\",\"@id\":\"https:\/\/vosgesinfo.fr\/gerardmerinfo\/#\/schema\/person\/db5605779a843dad16b5368f3e7613a5\",\"name\":\"QG\",\"image\":{\"@type\":\"ImageObject\",\"inLanguage\":\"fr-FR\",\"@id\":\"https:\/\/vosgesinfo.fr\/gerardmerinfo\/#\/schema\/person\/image\/\",\"url\":\"https:\/\/secure.gravatar.com\/avatar\/ea80c42c204b534408512832fde52504ecabb9706bcb6151cf6175e5b64e6793?s=96&d=mm&r=g\",\"contentUrl\":\"https:\/\/secure.gravatar.com\/avatar\/ea80c42c204b534408512832fde52504ecabb9706bcb6151cf6175e5b64e6793?s=96&d=mm&r=g\",\"caption\":\"QG\"},\"url\":\"https:\/\/vosgesinfo.fr\/gerardmerinfo\/author\/quentin88\/\"}]}<\/script>\n<!-- \/ Yoast SEO plugin. -->","yoast_head_json":{"title":"Portes ouvertes \u00e0 la r\u00e9sidence Le Vinot : un lieu de vie chaleureux \u00e0 d\u00e9couvrir - Gerardmer Info","robots":{"index":"index","follow":"follow","max-snippet":"max-snippet:-1","max-image-preview":"max-image-preview:large","max-video-preview":"max-video-preview:-1"},"canonical":"https:\/\/vosgesinfo.fr\/gerardmerinfo\/2025\/07\/portes-ouvertes-a-la-residence-le-vinot-un-lieu-de-vie-chaleureux-a-decouvrir\/","twitter_card":"summary_large_image","twitter_title":"Portes ouvertes \u00e0 la r\u00e9sidence Le Vinot : un lieu de vie chaleureux \u00e0 d\u00e9couvrir - Gerardmer Info","twitter_description":"Ce vendredi matin, la r\u00e9sidence autonomie Le Vinot, g\u00e9r\u00e9e par le Centre Communal d\u2019Action Sociale (CCAS) de G\u00e9rardmer, a ouvert [&hellip;]","twitter_image":"https:\/\/vosgesinfo.fr\/app\/uploads\/sites\/6\/2025\/07\/portes-ouvertes-vinot-3-scaled.jpg","twitter_creator":"@VosgesInfo88","twitter_site":"@VosgesInfo88","twitter_misc":{"\u00c9crit par":"QG","Dur\u00e9e de lecture estim\u00e9e":"1 minute"},"schema":{"@context":"https:\/\/schema.org","@graph":[{"@type":"Article","@id":"https:\/\/vosgesinfo.fr\/gerardmerinfo\/2025\/07\/portes-ouvertes-a-la-residence-le-vinot-un-lieu-de-vie-chaleureux-a-decouvrir\/#article","isPartOf":{"@id":"https:\/\/vosgesinfo.fr\/gerardmerinfo\/2025\/07\/portes-ouvertes-a-la-residence-le-vinot-un-lieu-de-vie-chaleureux-a-decouvrir\/"},"author":{"name":"QG","@id":"https:\/\/vosgesinfo.fr\/gerardmerinfo\/#\/schema\/person\/db5605779a843dad16b5368f3e7613a5"},"headline":"Portes ouvertes \u00e0 la r\u00e9sidence Le Vinot : un lieu de vie chaleureux \u00e0 d\u00e9couvrir","datePublished":"2025-07-08T03:55:13+00:00","dateModified":"2025-07-06T18:59:54+00:00","mainEntityOfPage":{"@id":"https:\/\/vosgesinfo.fr\/gerardmerinfo\/2025\/07\/portes-ouvertes-a-la-residence-le-vinot-un-lieu-de-vie-chaleureux-a-decouvrir\/"},"wordCount":287,"commentCount":0,"publisher":{"@id":"https:\/\/vosgesinfo.fr\/gerardmerinfo\/#organization"},"image":{"@id":"https:\/\/vosgesinfo.fr\/gerardmerinfo\/2025\/07\/portes-ouvertes-a-la-residence-le-vinot-un-lieu-de-vie-chaleureux-a-decouvrir\/#primaryimage"},"thumbnailUrl":"https:\/\/vosgesinfo.fr\/app\/uploads\/sites\/6\/2025\/07\/portes-ouvertes-vinot-3-scaled.jpg","keywords":["Le Vinot"],"articleSection":["A la une","Gerardmer","S\u00e9curit\u00e9","social","solidarit\u00e9"],"inLanguage":"fr-FR","potentialAction":[{"@type":"CommentAction","name":"Comment","target":["https:\/\/vosgesinfo.fr\/gerardmerinfo\/2025\/07\/portes-ouvertes-a-la-residence-le-vinot-un-lieu-de-vie-chaleureux-a-decouvrir\/#respond"]}]},{"@type":"WebPage","@id":"https:\/\/vosgesinfo.fr\/gerardmerinfo\/2025\/07\/portes-ouvertes-a-la-residence-le-vinot-un-lieu-de-vie-chaleureux-a-decouvrir\/","url":"https:\/\/vosgesinfo.fr\/gerardmerinfo\/2025\/07\/portes-ouvertes-a-la-residence-le-vinot-un-lieu-de-vie-chaleureux-a-decouvrir\/","name":"Portes ouvertes \u00e0 la r\u00e9sidence Le Vinot : un lieu de vie chaleureux \u00e0 d\u00e9couvrir - Gerardmer Info","isPartOf":{"@id":"https:\/\/vosgesinfo.fr\/gerardmerinfo\/#website"},"primaryImageOfPage":{"@id":"https:\/\/vosgesinfo.fr\/gerardmerinfo\/2025\/07\/portes-ouvertes-a-la-residence-le-vinot-un-lieu-de-vie-chaleureux-a-decouvrir\/#primaryimage"},"image":{"@id":"https:\/\/vosgesinfo.fr\/gerardmerinfo\/2025\/07\/portes-ouvertes-a-la-residence-le-vinot-un-lieu-de-vie-chaleureux-a-decouvrir\/#primaryimage"},"thumbnailUrl":"https:\/\/vosgesinfo.fr\/app\/uploads\/sites\/6\/2025\/07\/portes-ouvertes-vinot-3-scaled.jpg","datePublished":"2025-07-08T03:55:13+00:00","dateModified":"2025-07-06T18:59:54+00:00","breadcrumb":{"@id":"https:\/\/vosgesinfo.fr\/gerardmerinfo\/2025\/07\/portes-ouvertes-a-la-residence-le-vinot-un-lieu-de-vie-chaleureux-a-decouvrir\/#breadcrumb"},"inLanguage":"fr-FR","potentialAction":[{"@type":"ReadAction","target":["https:\/\/vosgesinfo.fr\/gerardmerinfo\/2025\/07\/portes-ouvertes-a-la-residence-le-vinot-un-lieu-de-vie-chaleureux-a-decouvrir\/"]}]},{"@type":"ImageObject","inLanguage":"fr-FR","@id":"https:\/\/vosgesinfo.fr\/gerardmerinfo\/2025\/07\/portes-ouvertes-a-la-residence-le-vinot-un-lieu-de-vie-chaleureux-a-decouvrir\/#primaryimage","url":"https:\/\/vosgesinfo.fr\/app\/uploads\/sites\/6\/2025\/07\/portes-ouvertes-vinot-3-scaled.jpg","contentUrl":"https:\/\/vosgesinfo.fr\/app\/uploads\/sites\/6\/2025\/07\/portes-ouvertes-vinot-3-scaled.jpg","width":2560,"height":1920},{"@type":"BreadcrumbList","@id":"https:\/\/vosgesinfo.fr\/gerardmerinfo\/2025\/07\/portes-ouvertes-a-la-residence-le-vinot-un-lieu-de-vie-chaleureux-a-decouvrir\/#breadcrumb","itemListElement":[{"@type":"ListItem","position":1,"name":"Home","item":"https:\/\/vosgesinfo.fr\/gerardmerinfo\/"},{"@type":"ListItem","position":2,"name":"Portes ouvertes \u00e0 la r\u00e9sidence Le Vinot : un lieu de vie chaleureux \u00e0 d\u00e9couvrir"}]},{"@type":"WebSite","@id":"https:\/\/vosgesinfo.fr\/gerardmerinfo\/#website","url":"https:\/\/vosgesinfo.fr\/gerardmerinfo\/","name":"Gerardmer Info","description":"Toute l&#039;actualit\u00e9 de G\u00e9rardmer","publisher":{"@id":"https:\/\/vosgesinfo.fr\/gerardmerinfo\/#organization"},"alternateName":"Toute l'actualit\u00e9 de G\u00e9rardmer","potentialAction":[{"@type":"SearchAction","target":{"@type":"EntryPoint","urlTemplate":"https:\/\/vosgesinfo.fr\/gerardmerinfo\/?s={search_term_string}"},"query-input":"required name=search_term_string"}],"inLanguage":"fr-FR"},{"@type":"Organization","@id":"https:\/\/vosgesinfo.fr\/gerardmerinfo\/#organization","name":"Gerardmer Info","url":"https:\/\/vosgesinfo.fr\/gerardmerinfo\/","logo":{"@type":"ImageObject","inLanguage":"fr-FR","@id":"https:\/\/vosgesinfo.fr\/gerardmerinfo\/#\/schema\/logo\/image\/","url":"https:\/\/vosgesinfo.fr\/app\/uploads\/sites\/6\/2023\/08\/favicon-gerardmerinfo.png","contentUrl":"https:\/\/vosgesinfo.fr\/app\/uploads\/sites\/6\/2023\/08\/favicon-gerardmerinfo.png","width":512,"height":512,"caption":"Gerardmer Info"},"image":{"@id":"https:\/\/vosgesinfo.fr\/gerardmerinfo\/#\/schema\/logo\/image\/"},"sameAs":["https:\/\/www.facebook.com\/profile.php?id=100049475262660","https:\/\/x.com\/VosgesInfo88","https:\/\/www.youtube.com\/@vosgesinfo"]},{"@type":"Person","@id":"https:\/\/vosgesinfo.fr\/gerardmerinfo\/#\/schema\/person\/db5605779a843dad16b5368f3e7613a5","name":"QG","image":{"@type":"ImageObject","inLanguage":"fr-FR","@id":"https:\/\/vosgesinfo.fr\/gerardmerinfo\/#\/schema\/person\/image\/","url":"https:\/\/secure.gravatar.com\/avatar\/ea80c42c204b534408512832fde52504ecabb9706bcb6151cf6175e5b64e6793?s=96&d=mm&r=g","contentUrl":"https:\/\/secure.gravatar.com\/avatar\/ea80c42c204b534408512832fde52504ecabb9706bcb6151cf6175e5b64e6793?s=96&d=mm&r=g","caption":"QG"},"url":"https:\/\/vosgesinfo.fr\/gerardmerinfo\/author\/quentin88\/"}]}},"_links":{"self":[{"href":"https:\/\/vosgesinfo.fr\/gerardmerinfo\/wp-json\/wp\/v2\/posts\/80277","targetHints":{"allow":["GET"]}}],"collection":[{"href":"https:\/\/vosgesinfo.fr\/gerardmerinfo\/wp-json\/wp\/v2\/posts"}],"about":[{"href":"https:\/\/vosgesinfo.fr\/gerardmerinfo\/wp-json\/wp\/v2\/types\/post"}],"author":[{"embeddable":true,"href":"https:\/\/vosgesinfo.fr\/gerardmerinfo\/wp-json\/wp\/v2\/users\/42"}],"replies":[{"embeddable":true,"href":"https:\/\/vosgesinfo.fr\/gerardmerinfo\/wp-json\/wp\/v2\/comments?post=80277"}],"version-history":[{"count":1,"href":"https:\/\/vosgesinfo.fr\/gerardmerinfo\/wp-json\/wp\/v2\/posts\/80277\/revisions"}],"predecessor-version":[{"id":80281,"href":"https:\/\/vosgesinfo.fr\/gerardmerinfo\/wp-json\/wp\/v2\/posts\/80277\/revisions\/80281"}],"wp:featuredmedia":[{"embeddable":true,"href":"https:\/\/vosgesinfo.fr\/gerardmerinfo\/wp-json\/wp\/v2\/media\/80279"}],"wp:attachment":[{"href":"https:\/\/vosgesinfo.fr\/gerardmerinfo\/wp-json\/wp\/v2\/media?parent=80277"}],"wp:term":[{"taxonomy":"category","embeddable":true,"href":"https:\/\/vosgesinfo.fr\/gerardmerinfo\/wp-json\/wp\/v2\/categories?post=80277"},{"taxonomy":"post_tag","embeddable":true,"href":"https:\/\/vosgesinfo.fr\/gerardmerinfo\/wp-json\/wp\/v2\/tags?post=80277"}],"curies":[{"name":"wp","href":"https:\/\/api.w.org\/{rel}","templated":true}]}}