{"id":80287,"date":"2025-07-07T09:57:55","date_gmt":"2025-07-07T07:57:55","guid":{"rendered":"https:\/\/vosgesinfo.fr\/gerardmerinfo\/?p=80287"},"modified":"2025-07-07T09:23:38","modified_gmt":"2025-07-07T07:23:38","slug":"lasg-aviron-en-bronze-a-vichy-au-championnat-de-france-23-ans","status":"publish","type":"post","link":"https:\/\/vosgesinfo.fr\/gerardmerinfo\/2025\/07\/lasg-aviron-en-bronze-a-vichy-au-championnat-de-france-23-ans\/","title":{"rendered":"L&rsquo;ASG Aviron en bronze \u00e0 Vichy au Championnat de France &#8211; 23 ans !"},"content":{"rendered":"<div dir=\"auto\">\n<p data-pm-slice=\"1 1 []\"><a href=\"https:\/\/vosgesinfo.fr\/app\/uploads\/sites\/6\/2025\/07\/equipe-feminine-avec-jm-ruaux.jpg\"><img decoding=\"async\" class=\"aligncenter size-large wp-image-80293\" src=\"https:\/\/vosgesinfo.fr\/app\/uploads\/sites\/6\/2025\/07\/equipe-feminine-avec-jm-ruaux-1024x768.jpg\" alt=\"\" width=\"1024\" height=\"768\" srcset=\"https:\/\/vosgesinfo.fr\/app\/uploads\/sites\/6\/2025\/07\/equipe-feminine-avec-jm-ruaux-1024x768.jpg 1024w, https:\/\/vosgesinfo.fr\/app\/uploads\/sites\/6\/2025\/07\/equipe-feminine-avec-jm-ruaux-300x225.jpg 300w, https:\/\/vosgesinfo.fr\/app\/uploads\/sites\/6\/2025\/07\/equipe-feminine-avec-jm-ruaux-768x576.jpg 768w, https:\/\/vosgesinfo.fr\/app\/uploads\/sites\/6\/2025\/07\/equipe-feminine-avec-jm-ruaux-1536x1152.jpg 1536w, https:\/\/vosgesinfo.fr\/app\/uploads\/sites\/6\/2025\/07\/equipe-feminine-avec-jm-ruaux.jpg 2040w\" sizes=\"(max-width: 1024px) 100vw, 1024px\" \/><\/a><\/p>\n<p data-pm-slice=\"1 1 []\">\n<p data-pm-slice=\"1 1 []\"><strong>Vichy, du 4 au 6 juillet 2025 \u2013 Lac de l\u2019Allier. Ce week-end, le lac de l\u2019Allier a vibr\u00e9 au rythme des rames lors du championnat de France d\u2019aviron -23 ans. Parmi les \u00e9quipages venus de toute la France, un bateau f\u00e9minin en quatre de couple sans barreur (x4) a fi\u00e8rement repr\u00e9sent\u00e9 l\u2019ASG Aviron, \u00e9crivant une nouvelle page dans l\u2019histoire de l\u2019aviron g\u00e9r\u00f4mois.<\/strong><\/p>\n<p><a href=\"https:\/\/vosgesinfo.fr\/app\/uploads\/sites\/6\/2025\/07\/embarquement-x4-feminin.jpg\"><img decoding=\"async\" class=\"alignright size-medium wp-image-80291\" src=\"https:\/\/vosgesinfo.fr\/app\/uploads\/sites\/6\/2025\/07\/embarquement-x4-feminin-225x300.jpg\" alt=\"\" width=\"225\" height=\"300\" srcset=\"https:\/\/vosgesinfo.fr\/app\/uploads\/sites\/6\/2025\/07\/embarquement-x4-feminin-225x300.jpg 225w, https:\/\/vosgesinfo.fr\/app\/uploads\/sites\/6\/2025\/07\/embarquement-x4-feminin-768x1024.jpg 768w, https:\/\/vosgesinfo.fr\/app\/uploads\/sites\/6\/2025\/07\/embarquement-x4-feminin-1152x1536.jpg 1152w, https:\/\/vosgesinfo.fr\/app\/uploads\/sites\/6\/2025\/07\/embarquement-x4-feminin.jpg 1200w\" sizes=\"(max-width: 225px) 100vw, 225px\" \/><\/a>Compos\u00e9 de Clothilde Ruaux, Lily Ruaux, Manon Mansuy et Lucie Chipot, l\u2019\u00e9quipage de G\u00e9rardmer a pris la troisi\u00e8me place de la s\u00e9rie, et dimanche, c\u2019est avec pers\u00e9v\u00e9rance que les jeunes s\u00e9niores sont remont\u00e9es en bateau. R\u00e9sultat : une magnifique troisi\u00e8me place en finale, synonyme de m\u00e9daille de bronze. Une belle performance qui s\u2019illustre ainsi douze ans apr\u00e8s la derni\u00e8re m\u00e9daille s\u00e9nior\u00a0(en argent) de l\u2019ASG Aviron \u00e0 Bourges en 2013.<\/p>\n<p>Un clin d&rsquo;\u0153il tout particulier \u00e0 Juliette Chipot rempla\u00e7ante lors des pr\u00e9parations, dont l\u2019implication a aussi contribu\u00e9 \u00e0 ce beau r\u00e9sultat.<\/p>\n<p>Un grand bravo \u00e0 l&rsquo;entra\u00eeneur, Jean-Marc Ruaux, qui encadre et guide nos rameuses vers ces belles performances du club !<\/p>\n<p>Bravo aux filles ! Vous faites rayonner les couleurs de l\u2019ASG Aviron et inspirez la rel\u00e8ve.<\/p>\n<p>&nbsp;<\/p>\n<\/div>\n<div>\n<p><i>Cr\u00e9dit photos \u00ab\u00a0ASG aviron\u00a0\u00bb.<\/i><\/p>\n<p><i>F\u00e9licie Gehin &#8211; pour le Comit\u00e9 Directeur\u00a0ASG Aviron<\/i><\/p>\n<p><a href=\"https:\/\/vosgesinfo.fr\/app\/uploads\/sites\/6\/2025\/07\/podium-x4-feminin.jpg\"><img decoding=\"async\" class=\"aligncenter size-full wp-image-80292\" src=\"https:\/\/vosgesinfo.fr\/app\/uploads\/sites\/6\/2025\/07\/podium-x4-feminin.jpg\" alt=\"\" width=\"2040\" height=\"1530\" srcset=\"https:\/\/vosgesinfo.fr\/app\/uploads\/sites\/6\/2025\/07\/podium-x4-feminin.jpg 2040w, https:\/\/vosgesinfo.fr\/app\/uploads\/sites\/6\/2025\/07\/podium-x4-feminin-300x225.jpg 300w, https:\/\/vosgesinfo.fr\/app\/uploads\/sites\/6\/2025\/07\/podium-x4-feminin-1024x768.jpg 1024w, https:\/\/vosgesinfo.fr\/app\/uploads\/sites\/6\/2025\/07\/podium-x4-feminin-768x576.jpg 768w, https:\/\/vosgesinfo.fr\/app\/uploads\/sites\/6\/2025\/07\/podium-x4-feminin-1536x1152.jpg 1536w\" sizes=\"(max-width: 2040px) 100vw, 2040px\" \/><\/a><\/p>\n<\/div>\n","protected":false},"excerpt":{"rendered":"<p>Vichy, du 4 au 6 juillet 2025 \u2013 Lac de l\u2019Allier. Ce week-end, le lac de l\u2019Allier a vibr\u00e9 au [&hellip;]<\/p>\n","protected":false},"author":391,"featured_media":80291,"comment_status":"open","ping_status":"open","sticky":false,"template":"","format":"standard","meta":{"footnotes":""},"categories":[20,5647,14],"tags":[174],"class_list":["post-80287","post","type-post","status-publish","format-standard","has-post-thumbnail","hentry","category-a-la-une","category-gerardmer-autres-sites","category-sport","tag-asg-aviron"],"acf":[],"yoast_head":"<!-- This site is optimized with the Yoast SEO plugin v22.5 - https:\/\/yoast.com\/wordpress\/plugins\/seo\/ -->\n<title>L&#039;ASG Aviron en bronze \u00e0 Vichy au Championnat de France - 23 ans ! - Gerardmer Info<\/title>\n<meta name=\"robots\" content=\"index, follow, max-snippet:-1, max-image-preview:large, max-video-preview:-1\" \/>\n<link rel=\"canonical\" href=\"https:\/\/vosgesinfo.fr\/gerardmerinfo\/2025\/07\/lasg-aviron-en-bronze-a-vichy-au-championnat-de-france-23-ans\/\" \/>\n<meta name=\"twitter:card\" content=\"summary_large_image\" \/>\n<meta name=\"twitter:title\" content=\"L&#039;ASG Aviron en bronze \u00e0 Vichy au Championnat de France - 23 ans ! - Gerardmer Info\" \/>\n<meta name=\"twitter:description\" content=\"Vichy, du 4 au 6 juillet 2025 \u2013 Lac de l\u2019Allier. Ce week-end, le lac de l\u2019Allier a vibr\u00e9 au [&hellip;]\" \/>\n<meta name=\"twitter:image\" content=\"https:\/\/vosgesinfo.fr\/app\/uploads\/sites\/6\/2025\/07\/embarquement-x4-feminin.jpg\" \/>\n<meta name=\"twitter:creator\" content=\"@VosgesInfo88\" \/>\n<meta name=\"twitter:site\" content=\"@VosgesInfo88\" \/>\n<meta name=\"twitter:label1\" content=\"\u00c9crit par\" \/>\n\t<meta name=\"twitter:data1\" content=\"La redaction\" \/>\n\t<meta name=\"twitter:label2\" content=\"Dur\u00e9e de lecture estim\u00e9e\" \/>\n\t<meta name=\"twitter:data2\" content=\"1 minute\" \/>\n<script type=\"application\/ld+json\" class=\"yoast-schema-graph\">{\"@context\":\"https:\/\/schema.org\",\"@graph\":[{\"@type\":\"Article\",\"@id\":\"https:\/\/vosgesinfo.fr\/gerardmerinfo\/2025\/07\/lasg-aviron-en-bronze-a-vichy-au-championnat-de-france-23-ans\/#article\",\"isPartOf\":{\"@id\":\"https:\/\/vosgesinfo.fr\/gerardmerinfo\/2025\/07\/lasg-aviron-en-bronze-a-vichy-au-championnat-de-france-23-ans\/\"},\"author\":{\"name\":\"La redaction\",\"@id\":\"https:\/\/vosgesinfo.fr\/gerardmerinfo\/#\/schema\/person\/27a3695b06db98895b354c0765cdfc31\"},\"headline\":\"L&rsquo;ASG Aviron en bronze \u00e0 Vichy au Championnat de France &#8211; 23 ans !\",\"datePublished\":\"2025-07-07T07:57:55+00:00\",\"dateModified\":\"2025-07-07T07:23:38+00:00\",\"mainEntityOfPage\":{\"@id\":\"https:\/\/vosgesinfo.fr\/gerardmerinfo\/2025\/07\/lasg-aviron-en-bronze-a-vichy-au-championnat-de-france-23-ans\/\"},\"wordCount\":244,\"commentCount\":0,\"publisher\":{\"@id\":\"https:\/\/vosgesinfo.fr\/gerardmerinfo\/#organization\"},\"image\":{\"@id\":\"https:\/\/vosgesinfo.fr\/gerardmerinfo\/2025\/07\/lasg-aviron-en-bronze-a-vichy-au-championnat-de-france-23-ans\/#primaryimage\"},\"thumbnailUrl\":\"https:\/\/vosgesinfo.fr\/app\/uploads\/sites\/6\/2025\/07\/embarquement-x4-feminin.jpg\",\"keywords\":[\"asg aviron\"],\"articleSection\":[\"A la une\",\"Gerardmer\",\"Sport\"],\"inLanguage\":\"fr-FR\",\"potentialAction\":[{\"@type\":\"CommentAction\",\"name\":\"Comment\",\"target\":[\"https:\/\/vosgesinfo.fr\/gerardmerinfo\/2025\/07\/lasg-aviron-en-bronze-a-vichy-au-championnat-de-france-23-ans\/#respond\"]}]},{\"@type\":\"WebPage\",\"@id\":\"https:\/\/vosgesinfo.fr\/gerardmerinfo\/2025\/07\/lasg-aviron-en-bronze-a-vichy-au-championnat-de-france-23-ans\/\",\"url\":\"https:\/\/vosgesinfo.fr\/gerardmerinfo\/2025\/07\/lasg-aviron-en-bronze-a-vichy-au-championnat-de-france-23-ans\/\",\"name\":\"L'ASG Aviron en bronze \u00e0 Vichy au Championnat de France - 23 ans ! - Gerardmer Info\",\"isPartOf\":{\"@id\":\"https:\/\/vosgesinfo.fr\/gerardmerinfo\/#website\"},\"primaryImageOfPage\":{\"@id\":\"https:\/\/vosgesinfo.fr\/gerardmerinfo\/2025\/07\/lasg-aviron-en-bronze-a-vichy-au-championnat-de-france-23-ans\/#primaryimage\"},\"image\":{\"@id\":\"https:\/\/vosgesinfo.fr\/gerardmerinfo\/2025\/07\/lasg-aviron-en-bronze-a-vichy-au-championnat-de-france-23-ans\/#primaryimage\"},\"thumbnailUrl\":\"https:\/\/vosgesinfo.fr\/app\/uploads\/sites\/6\/2025\/07\/embarquement-x4-feminin.jpg\",\"datePublished\":\"2025-07-07T07:57:55+00:00\",\"dateModified\":\"2025-07-07T07:23:38+00:00\",\"breadcrumb\":{\"@id\":\"https:\/\/vosgesinfo.fr\/gerardmerinfo\/2025\/07\/lasg-aviron-en-bronze-a-vichy-au-championnat-de-france-23-ans\/#breadcrumb\"},\"inLanguage\":\"fr-FR\",\"potentialAction\":[{\"@type\":\"ReadAction\",\"target\":[\"https:\/\/vosgesinfo.fr\/gerardmerinfo\/2025\/07\/lasg-aviron-en-bronze-a-vichy-au-championnat-de-france-23-ans\/\"]}]},{\"@type\":\"ImageObject\",\"inLanguage\":\"fr-FR\",\"@id\":\"https:\/\/vosgesinfo.fr\/gerardmerinfo\/2025\/07\/lasg-aviron-en-bronze-a-vichy-au-championnat-de-france-23-ans\/#primaryimage\",\"url\":\"https:\/\/vosgesinfo.fr\/app\/uploads\/sites\/6\/2025\/07\/embarquement-x4-feminin.jpg\",\"contentUrl\":\"https:\/\/vosgesinfo.fr\/app\/uploads\/sites\/6\/2025\/07\/embarquement-x4-feminin.jpg\",\"width\":1200,\"height\":1600},{\"@type\":\"BreadcrumbList\",\"@id\":\"https:\/\/vosgesinfo.fr\/gerardmerinfo\/2025\/07\/lasg-aviron-en-bronze-a-vichy-au-championnat-de-france-23-ans\/#breadcrumb\",\"itemListElement\":[{\"@type\":\"ListItem\",\"position\":1,\"name\":\"Home\",\"item\":\"https:\/\/vosgesinfo.fr\/gerardmerinfo\/\"},{\"@type\":\"ListItem\",\"position\":2,\"name\":\"L&rsquo;ASG Aviron en bronze \u00e0 Vichy au Championnat de France &#8211; 23 ans !\"}]},{\"@type\":\"WebSite\",\"@id\":\"https:\/\/vosgesinfo.fr\/gerardmerinfo\/#website\",\"url\":\"https:\/\/vosgesinfo.fr\/gerardmerinfo\/\",\"name\":\"Gerardmer Info\",\"description\":\"Toute l&#039;actualit\u00e9 de G\u00e9rardmer\",\"publisher\":{\"@id\":\"https:\/\/vosgesinfo.fr\/gerardmerinfo\/#organization\"},\"alternateName\":\"Toute l'actualit\u00e9 de G\u00e9rardmer\",\"potentialAction\":[{\"@type\":\"SearchAction\",\"target\":{\"@type\":\"EntryPoint\",\"urlTemplate\":\"https:\/\/vosgesinfo.fr\/gerardmerinfo\/?s={search_term_string}\"},\"query-input\":\"required name=search_term_string\"}],\"inLanguage\":\"fr-FR\"},{\"@type\":\"Organization\",\"@id\":\"https:\/\/vosgesinfo.fr\/gerardmerinfo\/#organization\",\"name\":\"Gerardmer Info\",\"url\":\"https:\/\/vosgesinfo.fr\/gerardmerinfo\/\",\"logo\":{\"@type\":\"ImageObject\",\"inLanguage\":\"fr-FR\",\"@id\":\"https:\/\/vosgesinfo.fr\/gerardmerinfo\/#\/schema\/logo\/image\/\",\"url\":\"https:\/\/vosgesinfo.fr\/app\/uploads\/sites\/6\/2023\/08\/favicon-gerardmerinfo.png\",\"contentUrl\":\"https:\/\/vosgesinfo.fr\/app\/uploads\/sites\/6\/2023\/08\/favicon-gerardmerinfo.png\",\"width\":512,\"height\":512,\"caption\":\"Gerardmer Info\"},\"image\":{\"@id\":\"https:\/\/vosgesinfo.fr\/gerardmerinfo\/#\/schema\/logo\/image\/\"},\"sameAs\":[\"https:\/\/www.facebook.com\/profile.php?id=100049475262660\",\"https:\/\/x.com\/VosgesInfo88\",\"https:\/\/www.youtube.com\/@vosgesinfo\"]},{\"@type\":\"Person\",\"@id\":\"https:\/\/vosgesinfo.fr\/gerardmerinfo\/#\/schema\/person\/27a3695b06db98895b354c0765cdfc31\",\"name\":\"La redaction\",\"image\":{\"@type\":\"ImageObject\",\"inLanguage\":\"fr-FR\",\"@id\":\"https:\/\/vosgesinfo.fr\/gerardmerinfo\/#\/schema\/person\/image\/\",\"url\":\"https:\/\/secure.gravatar.com\/avatar\/64c76a78e501cedee55736f43f332df901e1896ae9cd8fad269ae2236dd0e8b6?s=96&d=mm&r=g\",\"contentUrl\":\"https:\/\/secure.gravatar.com\/avatar\/64c76a78e501cedee55736f43f332df901e1896ae9cd8fad269ae2236dd0e8b6?s=96&d=mm&r=g\",\"caption\":\"La redaction\"},\"url\":\"https:\/\/vosgesinfo.fr\/gerardmerinfo\/author\/la-redaction\/\"}]}<\/script>\n<!-- \/ Yoast SEO plugin. -->","yoast_head_json":{"title":"L'ASG Aviron en bronze \u00e0 Vichy au Championnat de France - 23 ans ! - Gerardmer Info","robots":{"index":"index","follow":"follow","max-snippet":"max-snippet:-1","max-image-preview":"max-image-preview:large","max-video-preview":"max-video-preview:-1"},"canonical":"https:\/\/vosgesinfo.fr\/gerardmerinfo\/2025\/07\/lasg-aviron-en-bronze-a-vichy-au-championnat-de-france-23-ans\/","twitter_card":"summary_large_image","twitter_title":"L'ASG Aviron en bronze \u00e0 Vichy au Championnat de France - 23 ans ! - Gerardmer Info","twitter_description":"Vichy, du 4 au 6 juillet 2025 \u2013 Lac de l\u2019Allier. Ce week-end, le lac de l\u2019Allier a vibr\u00e9 au [&hellip;]","twitter_image":"https:\/\/vosgesinfo.fr\/app\/uploads\/sites\/6\/2025\/07\/embarquement-x4-feminin.jpg","twitter_creator":"@VosgesInfo88","twitter_site":"@VosgesInfo88","twitter_misc":{"\u00c9crit par":"La redaction","Dur\u00e9e de lecture estim\u00e9e":"1 minute"},"schema":{"@context":"https:\/\/schema.org","@graph":[{"@type":"Article","@id":"https:\/\/vosgesinfo.fr\/gerardmerinfo\/2025\/07\/lasg-aviron-en-bronze-a-vichy-au-championnat-de-france-23-ans\/#article","isPartOf":{"@id":"https:\/\/vosgesinfo.fr\/gerardmerinfo\/2025\/07\/lasg-aviron-en-bronze-a-vichy-au-championnat-de-france-23-ans\/"},"author":{"name":"La redaction","@id":"https:\/\/vosgesinfo.fr\/gerardmerinfo\/#\/schema\/person\/27a3695b06db98895b354c0765cdfc31"},"headline":"L&rsquo;ASG Aviron en bronze \u00e0 Vichy au Championnat de France &#8211; 23 ans !","datePublished":"2025-07-07T07:57:55+00:00","dateModified":"2025-07-07T07:23:38+00:00","mainEntityOfPage":{"@id":"https:\/\/vosgesinfo.fr\/gerardmerinfo\/2025\/07\/lasg-aviron-en-bronze-a-vichy-au-championnat-de-france-23-ans\/"},"wordCount":244,"commentCount":0,"publisher":{"@id":"https:\/\/vosgesinfo.fr\/gerardmerinfo\/#organization"},"image":{"@id":"https:\/\/vosgesinfo.fr\/gerardmerinfo\/2025\/07\/lasg-aviron-en-bronze-a-vichy-au-championnat-de-france-23-ans\/#primaryimage"},"thumbnailUrl":"https:\/\/vosgesinfo.fr\/app\/uploads\/sites\/6\/2025\/07\/embarquement-x4-feminin.jpg","keywords":["asg aviron"],"articleSection":["A la une","Gerardmer","Sport"],"inLanguage":"fr-FR","potentialAction":[{"@type":"CommentAction","name":"Comment","target":["https:\/\/vosgesinfo.fr\/gerardmerinfo\/2025\/07\/lasg-aviron-en-bronze-a-vichy-au-championnat-de-france-23-ans\/#respond"]}]},{"@type":"WebPage","@id":"https:\/\/vosgesinfo.fr\/gerardmerinfo\/2025\/07\/lasg-aviron-en-bronze-a-vichy-au-championnat-de-france-23-ans\/","url":"https:\/\/vosgesinfo.fr\/gerardmerinfo\/2025\/07\/lasg-aviron-en-bronze-a-vichy-au-championnat-de-france-23-ans\/","name":"L'ASG Aviron en bronze \u00e0 Vichy au Championnat de France - 23 ans ! - Gerardmer Info","isPartOf":{"@id":"https:\/\/vosgesinfo.fr\/gerardmerinfo\/#website"},"primaryImageOfPage":{"@id":"https:\/\/vosgesinfo.fr\/gerardmerinfo\/2025\/07\/lasg-aviron-en-bronze-a-vichy-au-championnat-de-france-23-ans\/#primaryimage"},"image":{"@id":"https:\/\/vosgesinfo.fr\/gerardmerinfo\/2025\/07\/lasg-aviron-en-bronze-a-vichy-au-championnat-de-france-23-ans\/#primaryimage"},"thumbnailUrl":"https:\/\/vosgesinfo.fr\/app\/uploads\/sites\/6\/2025\/07\/embarquement-x4-feminin.jpg","datePublished":"2025-07-07T07:57:55+00:00","dateModified":"2025-07-07T07:23:38+00:00","breadcrumb":{"@id":"https:\/\/vosgesinfo.fr\/gerardmerinfo\/2025\/07\/lasg-aviron-en-bronze-a-vichy-au-championnat-de-france-23-ans\/#breadcrumb"},"inLanguage":"fr-FR","potentialAction":[{"@type":"ReadAction","target":["https:\/\/vosgesinfo.fr\/gerardmerinfo\/2025\/07\/lasg-aviron-en-bronze-a-vichy-au-championnat-de-france-23-ans\/"]}]},{"@type":"ImageObject","inLanguage":"fr-FR","@id":"https:\/\/vosgesinfo.fr\/gerardmerinfo\/2025\/07\/lasg-aviron-en-bronze-a-vichy-au-championnat-de-france-23-ans\/#primaryimage","url":"https:\/\/vosgesinfo.fr\/app\/uploads\/sites\/6\/2025\/07\/embarquement-x4-feminin.jpg","contentUrl":"https:\/\/vosgesinfo.fr\/app\/uploads\/sites\/6\/2025\/07\/embarquement-x4-feminin.jpg","width":1200,"height":1600},{"@type":"BreadcrumbList","@id":"https:\/\/vosgesinfo.fr\/gerardmerinfo\/2025\/07\/lasg-aviron-en-bronze-a-vichy-au-championnat-de-france-23-ans\/#breadcrumb","itemListElement":[{"@type":"ListItem","position":1,"name":"Home","item":"https:\/\/vosgesinfo.fr\/gerardmerinfo\/"},{"@type":"ListItem","position":2,"name":"L&rsquo;ASG Aviron en bronze \u00e0 Vichy au Championnat de France &#8211; 23 ans !"}]},{"@type":"WebSite","@id":"https:\/\/vosgesinfo.fr\/gerardmerinfo\/#website","url":"https:\/\/vosgesinfo.fr\/gerardmerinfo\/","name":"Gerardmer Info","description":"Toute l&#039;actualit\u00e9 de G\u00e9rardmer","publisher":{"@id":"https:\/\/vosgesinfo.fr\/gerardmerinfo\/#organization"},"alternateName":"Toute l'actualit\u00e9 de G\u00e9rardmer","potentialAction":[{"@type":"SearchAction","target":{"@type":"EntryPoint","urlTemplate":"https:\/\/vosgesinfo.fr\/gerardmerinfo\/?s={search_term_string}"},"query-input":"required name=search_term_string"}],"inLanguage":"fr-FR"},{"@type":"Organization","@id":"https:\/\/vosgesinfo.fr\/gerardmerinfo\/#organization","name":"Gerardmer Info","url":"https:\/\/vosgesinfo.fr\/gerardmerinfo\/","logo":{"@type":"ImageObject","inLanguage":"fr-FR","@id":"https:\/\/vosgesinfo.fr\/gerardmerinfo\/#\/schema\/logo\/image\/","url":"https:\/\/vosgesinfo.fr\/app\/uploads\/sites\/6\/2023\/08\/favicon-gerardmerinfo.png","contentUrl":"https:\/\/vosgesinfo.fr\/app\/uploads\/sites\/6\/2023\/08\/favicon-gerardmerinfo.png","width":512,"height":512,"caption":"Gerardmer Info"},"image":{"@id":"https:\/\/vosgesinfo.fr\/gerardmerinfo\/#\/schema\/logo\/image\/"},"sameAs":["https:\/\/www.facebook.com\/profile.php?id=100049475262660","https:\/\/x.com\/VosgesInfo88","https:\/\/www.youtube.com\/@vosgesinfo"]},{"@type":"Person","@id":"https:\/\/vosgesinfo.fr\/gerardmerinfo\/#\/schema\/person\/27a3695b06db98895b354c0765cdfc31","name":"La redaction","image":{"@type":"ImageObject","inLanguage":"fr-FR","@id":"https:\/\/vosgesinfo.fr\/gerardmerinfo\/#\/schema\/person\/image\/","url":"https:\/\/secure.gravatar.com\/avatar\/64c76a78e501cedee55736f43f332df901e1896ae9cd8fad269ae2236dd0e8b6?s=96&d=mm&r=g","contentUrl":"https:\/\/secure.gravatar.com\/avatar\/64c76a78e501cedee55736f43f332df901e1896ae9cd8fad269ae2236dd0e8b6?s=96&d=mm&r=g","caption":"La redaction"},"url":"https:\/\/vosgesinfo.fr\/gerardmerinfo\/author\/la-redaction\/"}]}},"_links":{"self":[{"href":"https:\/\/vosgesinfo.fr\/gerardmerinfo\/wp-json\/wp\/v2\/posts\/80287","targetHints":{"allow":["GET"]}}],"collection":[{"href":"https:\/\/vosgesinfo.fr\/gerardmerinfo\/wp-json\/wp\/v2\/posts"}],"about":[{"href":"https:\/\/vosgesinfo.fr\/gerardmerinfo\/wp-json\/wp\/v2\/types\/post"}],"author":[{"embeddable":true,"href":"https:\/\/vosgesinfo.fr\/gerardmerinfo\/wp-json\/wp\/v2\/users\/391"}],"replies":[{"embeddable":true,"href":"https:\/\/vosgesinfo.fr\/gerardmerinfo\/wp-json\/wp\/v2\/comments?post=80287"}],"version-history":[{"count":1,"href":"https:\/\/vosgesinfo.fr\/gerardmerinfo\/wp-json\/wp\/v2\/posts\/80287\/revisions"}],"predecessor-version":[{"id":80294,"href":"https:\/\/vosgesinfo.fr\/gerardmerinfo\/wp-json\/wp\/v2\/posts\/80287\/revisions\/80294"}],"wp:featuredmedia":[{"embeddable":true,"href":"https:\/\/vosgesinfo.fr\/gerardmerinfo\/wp-json\/wp\/v2\/media\/80291"}],"wp:attachment":[{"href":"https:\/\/vosgesinfo.fr\/gerardmerinfo\/wp-json\/wp\/v2\/media?parent=80287"}],"wp:term":[{"taxonomy":"category","embeddable":true,"href":"https:\/\/vosgesinfo.fr\/gerardmerinfo\/wp-json\/wp\/v2\/categories?post=80287"},{"taxonomy":"post_tag","embeddable":true,"href":"https:\/\/vosgesinfo.fr\/gerardmerinfo\/wp-json\/wp\/v2\/tags?post=80287"}],"curies":[{"name":"wp","href":"https:\/\/api.w.org\/{rel}","templated":true}]}}