{"id":80313,"date":"2025-07-08T05:57:56","date_gmt":"2025-07-08T03:57:56","guid":{"rendered":"https:\/\/vosgesinfo.fr\/gerardmerinfo\/?p=80313"},"modified":"2025-07-07T18:00:40","modified_gmt":"2025-07-07T16:00:40","slug":"pas-a-pas-avec-gabin-loanne-et-le-lycee-de-gennes-jouent-la-carte-de-la-solidarite","status":"publish","type":"post","link":"https:\/\/vosgesinfo.fr\/gerardmerinfo\/2025\/07\/pas-a-pas-avec-gabin-loanne-et-le-lycee-de-gennes-jouent-la-carte-de-la-solidarite\/","title":{"rendered":"\u00ab\u00a0Pas \u00e0 pas avec Gabin\u00a0\u00bb &#8211; Loanne et le lyc\u00e9e de Gennes jouent la carte de la solidarit\u00e9"},"content":{"rendered":"<p><a href=\"https:\/\/vosgesinfo.fr\/app\/uploads\/sites\/6\/2025\/07\/pas-a-pas-avec-gabin-remise-du-vehicule-electrique.-1.jpeg\"><img decoding=\"async\" class=\"aligncenter size-full wp-image-80315\" src=\"https:\/\/vosgesinfo.fr\/app\/uploads\/sites\/6\/2025\/07\/pas-a-pas-avec-gabin-remise-du-vehicule-electrique.-1.jpeg\" alt=\"\" width=\"756\" height=\"1008\" srcset=\"https:\/\/vosgesinfo.fr\/app\/uploads\/sites\/6\/2025\/07\/pas-a-pas-avec-gabin-remise-du-vehicule-electrique.-1.jpeg 756w, https:\/\/vosgesinfo.fr\/app\/uploads\/sites\/6\/2025\/07\/pas-a-pas-avec-gabin-remise-du-vehicule-electrique.-1-225x300.jpeg 225w\" sizes=\"(max-width: 756px) 100vw, 756px\" \/><\/a><\/p>\n<p>&nbsp;<\/p>\n<p><strong>Dans le cadre de son projet de baccalaur\u00e9at professionnel en carrosserie, Loanne TISSERAND, \u00e9l\u00e8ve du lyc\u00e9e Pierre-Gilles de Gennes \u00e0 G\u00e9rardmer, a r\u00e9alis\u00e9 une voiture \u00e9lectrique pour enfant qu&rsquo;elle a offert \u00e0 Gabin, 6 ans, atteint d&rsquo;une maladie neuromusculaire. La remise de la voiture s&rsquo;est d\u00e9roul\u00e9e le samedi 5 juillet \u00e0 LERRAIN, chez la famille du jeune gar\u00e7on.<\/strong><\/p>\n<p>&nbsp;<\/p>\n<p>Loanne Tisserand s&rsquo;est investie pour l&rsquo;association \u00ab\u00a0Pas \u00e0 pas avec Gabin\u00a0\u00bb : dans le cadre de son parcours scolaire, elle devait r\u00e9aliser un projet et a d\u00e9cid\u00e9 de r\u00e9nover une voiture \u00e9lectrique pour enfant; Elle a re\u00e7u le soutien des pompiers de Darney et l&rsquo;aide de la d\u00e9chetterie qui l&rsquo;a autoris\u00e9e \u00e0 r\u00e9cup\u00e9rer des objets\/pi\u00e8ces n\u00e9cessaires \u00e0 son projet et qu\u2019elle a pu r\u00e9parer. Elle a effectu\u00e9 un travail scolaire, professionnel et personnel, qui lui ont demand\u00e9 une centaine d&rsquo;heures de travail. Gabin a re\u00e7u avec beaucoup de joie cette voiture samedi dernier, la veille de son anniversaire. Les jeunes pompiers de Darney, la d\u00e9chetterie SICOTRAL, l&rsquo;association du petit Gabin, le lyc\u00e9e PIERRE-GILLES DE GENNES et la famille du gar\u00e7on ont tenu \u00e0 remercier remercient Loanne pour la qualit\u00e9 de son travail et la solidarit\u00e9 dont elle a fait preuve \u00e0 travers ce beau geste.<\/p>\n<p><a href=\"https:\/\/vosgesinfo.fr\/app\/uploads\/sites\/6\/2025\/07\/pas-a-pas-avec-gabin-remise-du-vehicule-electrique.-2.jpeg\"><img decoding=\"async\" class=\"aligncenter size-full wp-image-80314\" src=\"https:\/\/vosgesinfo.fr\/app\/uploads\/sites\/6\/2025\/07\/pas-a-pas-avec-gabin-remise-du-vehicule-electrique.-2.jpeg\" alt=\"\" width=\"756\" height=\"1008\" srcset=\"https:\/\/vosgesinfo.fr\/app\/uploads\/sites\/6\/2025\/07\/pas-a-pas-avec-gabin-remise-du-vehicule-electrique.-2.jpeg 756w, https:\/\/vosgesinfo.fr\/app\/uploads\/sites\/6\/2025\/07\/pas-a-pas-avec-gabin-remise-du-vehicule-electrique.-2-225x300.jpeg 225w\" sizes=\"(max-width: 756px) 100vw, 756px\" \/><\/a><\/p>\n","protected":false},"excerpt":{"rendered":"<p>&nbsp; Dans le cadre de son projet de baccalaur\u00e9at professionnel en carrosserie, Loanne TISSERAND, \u00e9l\u00e8ve du lyc\u00e9e Pierre-Gilles de Gennes [&hellip;]<\/p>\n","protected":false},"author":391,"featured_media":80314,"comment_status":"open","ping_status":"open","sticky":false,"template":"","format":"standard","meta":{"footnotes":""},"categories":[20,878,5647,328],"tags":[7575,544,7576],"class_list":["post-80313","post","type-post","status-publish","format-standard","has-post-thumbnail","hentry","category-a-la-une","category-epinal","category-gerardmer-autres-sites","category-la-plaine-des-vosges","tag-loanne","tag-lycee-pierre-gilles-de-gennes","tag-pas-a-pas-avec-gabin"],"acf":[],"yoast_head":"<!-- This site is optimized with the Yoast SEO plugin v22.5 - https:\/\/yoast.com\/wordpress\/plugins\/seo\/ -->\n<title>&quot;Pas \u00e0 pas avec Gabin&quot; - Loanne et le lyc\u00e9e de Gennes jouent la carte de la solidarit\u00e9 - Gerardmer Info<\/title>\n<meta name=\"robots\" content=\"index, follow, max-snippet:-1, max-image-preview:large, max-video-preview:-1\" \/>\n<link rel=\"canonical\" href=\"https:\/\/vosgesinfo.fr\/gerardmerinfo\/2025\/07\/pas-a-pas-avec-gabin-loanne-et-le-lycee-de-gennes-jouent-la-carte-de-la-solidarite\/\" \/>\n<meta name=\"twitter:card\" content=\"summary_large_image\" \/>\n<meta name=\"twitter:title\" content=\"&quot;Pas \u00e0 pas avec Gabin&quot; - Loanne et le lyc\u00e9e de Gennes jouent la carte de la solidarit\u00e9 - Gerardmer Info\" \/>\n<meta name=\"twitter:description\" content=\"&nbsp; Dans le cadre de son projet de baccalaur\u00e9at professionnel en carrosserie, Loanne TISSERAND, \u00e9l\u00e8ve du lyc\u00e9e Pierre-Gilles de Gennes [&hellip;]\" \/>\n<meta name=\"twitter:image\" content=\"https:\/\/vosgesinfo.fr\/app\/uploads\/sites\/6\/2025\/07\/pas-a-pas-avec-gabin-remise-du-vehicule-electrique.-2.jpeg\" \/>\n<meta name=\"twitter:creator\" content=\"@VosgesInfo88\" \/>\n<meta name=\"twitter:site\" content=\"@VosgesInfo88\" \/>\n<meta name=\"twitter:label1\" content=\"\u00c9crit par\" \/>\n\t<meta name=\"twitter:data1\" content=\"La redaction\" \/>\n\t<meta name=\"twitter:label2\" content=\"Dur\u00e9e de lecture estim\u00e9e\" \/>\n\t<meta name=\"twitter:data2\" content=\"1 minute\" \/>\n<script type=\"application\/ld+json\" class=\"yoast-schema-graph\">{\"@context\":\"https:\/\/schema.org\",\"@graph\":[{\"@type\":\"Article\",\"@id\":\"https:\/\/vosgesinfo.fr\/gerardmerinfo\/2025\/07\/pas-a-pas-avec-gabin-loanne-et-le-lycee-de-gennes-jouent-la-carte-de-la-solidarite\/#article\",\"isPartOf\":{\"@id\":\"https:\/\/vosgesinfo.fr\/gerardmerinfo\/2025\/07\/pas-a-pas-avec-gabin-loanne-et-le-lycee-de-gennes-jouent-la-carte-de-la-solidarite\/\"},\"author\":{\"name\":\"La redaction\",\"@id\":\"https:\/\/vosgesinfo.fr\/gerardmerinfo\/#\/schema\/person\/27a3695b06db98895b354c0765cdfc31\"},\"headline\":\"\u00ab\u00a0Pas \u00e0 pas avec Gabin\u00a0\u00bb &#8211; Loanne et le lyc\u00e9e de Gennes jouent la carte de la solidarit\u00e9\",\"datePublished\":\"2025-07-08T03:57:56+00:00\",\"dateModified\":\"2025-07-07T16:00:40+00:00\",\"mainEntityOfPage\":{\"@id\":\"https:\/\/vosgesinfo.fr\/gerardmerinfo\/2025\/07\/pas-a-pas-avec-gabin-loanne-et-le-lycee-de-gennes-jouent-la-carte-de-la-solidarite\/\"},\"wordCount\":246,\"commentCount\":3,\"publisher\":{\"@id\":\"https:\/\/vosgesinfo.fr\/gerardmerinfo\/#organization\"},\"image\":{\"@id\":\"https:\/\/vosgesinfo.fr\/gerardmerinfo\/2025\/07\/pas-a-pas-avec-gabin-loanne-et-le-lycee-de-gennes-jouent-la-carte-de-la-solidarite\/#primaryimage\"},\"thumbnailUrl\":\"https:\/\/vosgesinfo.fr\/app\/uploads\/sites\/6\/2025\/07\/pas-a-pas-avec-gabin-remise-du-vehicule-electrique.-2.jpeg\",\"keywords\":[\"Loanne\",\"lyc\u00e9e pierre gilles de gennes\",\"Pas \u00e0 pas avec Gabin\"],\"articleSection\":[\"A la une\",\"Epinal\",\"Gerardmer\",\"La plaine des vosges\"],\"inLanguage\":\"fr-FR\",\"potentialAction\":[{\"@type\":\"CommentAction\",\"name\":\"Comment\",\"target\":[\"https:\/\/vosgesinfo.fr\/gerardmerinfo\/2025\/07\/pas-a-pas-avec-gabin-loanne-et-le-lycee-de-gennes-jouent-la-carte-de-la-solidarite\/#respond\"]}]},{\"@type\":\"WebPage\",\"@id\":\"https:\/\/vosgesinfo.fr\/gerardmerinfo\/2025\/07\/pas-a-pas-avec-gabin-loanne-et-le-lycee-de-gennes-jouent-la-carte-de-la-solidarite\/\",\"url\":\"https:\/\/vosgesinfo.fr\/gerardmerinfo\/2025\/07\/pas-a-pas-avec-gabin-loanne-et-le-lycee-de-gennes-jouent-la-carte-de-la-solidarite\/\",\"name\":\"\\\"Pas \u00e0 pas avec Gabin\\\" - Loanne et le lyc\u00e9e de Gennes jouent la carte de la solidarit\u00e9 - Gerardmer Info\",\"isPartOf\":{\"@id\":\"https:\/\/vosgesinfo.fr\/gerardmerinfo\/#website\"},\"primaryImageOfPage\":{\"@id\":\"https:\/\/vosgesinfo.fr\/gerardmerinfo\/2025\/07\/pas-a-pas-avec-gabin-loanne-et-le-lycee-de-gennes-jouent-la-carte-de-la-solidarite\/#primaryimage\"},\"image\":{\"@id\":\"https:\/\/vosgesinfo.fr\/gerardmerinfo\/2025\/07\/pas-a-pas-avec-gabin-loanne-et-le-lycee-de-gennes-jouent-la-carte-de-la-solidarite\/#primaryimage\"},\"thumbnailUrl\":\"https:\/\/vosgesinfo.fr\/app\/uploads\/sites\/6\/2025\/07\/pas-a-pas-avec-gabin-remise-du-vehicule-electrique.-2.jpeg\",\"datePublished\":\"2025-07-08T03:57:56+00:00\",\"dateModified\":\"2025-07-07T16:00:40+00:00\",\"breadcrumb\":{\"@id\":\"https:\/\/vosgesinfo.fr\/gerardmerinfo\/2025\/07\/pas-a-pas-avec-gabin-loanne-et-le-lycee-de-gennes-jouent-la-carte-de-la-solidarite\/#breadcrumb\"},\"inLanguage\":\"fr-FR\",\"potentialAction\":[{\"@type\":\"ReadAction\",\"target\":[\"https:\/\/vosgesinfo.fr\/gerardmerinfo\/2025\/07\/pas-a-pas-avec-gabin-loanne-et-le-lycee-de-gennes-jouent-la-carte-de-la-solidarite\/\"]}]},{\"@type\":\"ImageObject\",\"inLanguage\":\"fr-FR\",\"@id\":\"https:\/\/vosgesinfo.fr\/gerardmerinfo\/2025\/07\/pas-a-pas-avec-gabin-loanne-et-le-lycee-de-gennes-jouent-la-carte-de-la-solidarite\/#primaryimage\",\"url\":\"https:\/\/vosgesinfo.fr\/app\/uploads\/sites\/6\/2025\/07\/pas-a-pas-avec-gabin-remise-du-vehicule-electrique.-2.jpeg\",\"contentUrl\":\"https:\/\/vosgesinfo.fr\/app\/uploads\/sites\/6\/2025\/07\/pas-a-pas-avec-gabin-remise-du-vehicule-electrique.-2.jpeg\",\"width\":756,\"height\":1008},{\"@type\":\"BreadcrumbList\",\"@id\":\"https:\/\/vosgesinfo.fr\/gerardmerinfo\/2025\/07\/pas-a-pas-avec-gabin-loanne-et-le-lycee-de-gennes-jouent-la-carte-de-la-solidarite\/#breadcrumb\",\"itemListElement\":[{\"@type\":\"ListItem\",\"position\":1,\"name\":\"Home\",\"item\":\"https:\/\/vosgesinfo.fr\/gerardmerinfo\/\"},{\"@type\":\"ListItem\",\"position\":2,\"name\":\"\u00ab\u00a0Pas \u00e0 pas avec Gabin\u00a0\u00bb &#8211; Loanne et le lyc\u00e9e de Gennes jouent la carte de la solidarit\u00e9\"}]},{\"@type\":\"WebSite\",\"@id\":\"https:\/\/vosgesinfo.fr\/gerardmerinfo\/#website\",\"url\":\"https:\/\/vosgesinfo.fr\/gerardmerinfo\/\",\"name\":\"Gerardmer Info\",\"description\":\"Toute l&#039;actualit\u00e9 de G\u00e9rardmer\",\"publisher\":{\"@id\":\"https:\/\/vosgesinfo.fr\/gerardmerinfo\/#organization\"},\"alternateName\":\"Toute l'actualit\u00e9 de G\u00e9rardmer\",\"potentialAction\":[{\"@type\":\"SearchAction\",\"target\":{\"@type\":\"EntryPoint\",\"urlTemplate\":\"https:\/\/vosgesinfo.fr\/gerardmerinfo\/?s={search_term_string}\"},\"query-input\":\"required name=search_term_string\"}],\"inLanguage\":\"fr-FR\"},{\"@type\":\"Organization\",\"@id\":\"https:\/\/vosgesinfo.fr\/gerardmerinfo\/#organization\",\"name\":\"Gerardmer Info\",\"url\":\"https:\/\/vosgesinfo.fr\/gerardmerinfo\/\",\"logo\":{\"@type\":\"ImageObject\",\"inLanguage\":\"fr-FR\",\"@id\":\"https:\/\/vosgesinfo.fr\/gerardmerinfo\/#\/schema\/logo\/image\/\",\"url\":\"https:\/\/vosgesinfo.fr\/app\/uploads\/sites\/6\/2023\/08\/favicon-gerardmerinfo.png\",\"contentUrl\":\"https:\/\/vosgesinfo.fr\/app\/uploads\/sites\/6\/2023\/08\/favicon-gerardmerinfo.png\",\"width\":512,\"height\":512,\"caption\":\"Gerardmer Info\"},\"image\":{\"@id\":\"https:\/\/vosgesinfo.fr\/gerardmerinfo\/#\/schema\/logo\/image\/\"},\"sameAs\":[\"https:\/\/www.facebook.com\/profile.php?id=100049475262660\",\"https:\/\/x.com\/VosgesInfo88\",\"https:\/\/www.youtube.com\/@vosgesinfo\"]},{\"@type\":\"Person\",\"@id\":\"https:\/\/vosgesinfo.fr\/gerardmerinfo\/#\/schema\/person\/27a3695b06db98895b354c0765cdfc31\",\"name\":\"La redaction\",\"image\":{\"@type\":\"ImageObject\",\"inLanguage\":\"fr-FR\",\"@id\":\"https:\/\/vosgesinfo.fr\/gerardmerinfo\/#\/schema\/person\/image\/\",\"url\":\"https:\/\/secure.gravatar.com\/avatar\/64c76a78e501cedee55736f43f332df901e1896ae9cd8fad269ae2236dd0e8b6?s=96&d=mm&r=g\",\"contentUrl\":\"https:\/\/secure.gravatar.com\/avatar\/64c76a78e501cedee55736f43f332df901e1896ae9cd8fad269ae2236dd0e8b6?s=96&d=mm&r=g\",\"caption\":\"La redaction\"},\"url\":\"https:\/\/vosgesinfo.fr\/gerardmerinfo\/author\/la-redaction\/\"}]}<\/script>\n<!-- \/ Yoast SEO plugin. -->","yoast_head_json":{"title":"\"Pas \u00e0 pas avec Gabin\" - Loanne et le lyc\u00e9e de Gennes jouent la carte de la solidarit\u00e9 - Gerardmer Info","robots":{"index":"index","follow":"follow","max-snippet":"max-snippet:-1","max-image-preview":"max-image-preview:large","max-video-preview":"max-video-preview:-1"},"canonical":"https:\/\/vosgesinfo.fr\/gerardmerinfo\/2025\/07\/pas-a-pas-avec-gabin-loanne-et-le-lycee-de-gennes-jouent-la-carte-de-la-solidarite\/","twitter_card":"summary_large_image","twitter_title":"\"Pas \u00e0 pas avec Gabin\" - Loanne et le lyc\u00e9e de Gennes jouent la carte de la solidarit\u00e9 - Gerardmer Info","twitter_description":"&nbsp; Dans le cadre de son projet de baccalaur\u00e9at professionnel en carrosserie, Loanne TISSERAND, \u00e9l\u00e8ve du lyc\u00e9e Pierre-Gilles de Gennes [&hellip;]","twitter_image":"https:\/\/vosgesinfo.fr\/app\/uploads\/sites\/6\/2025\/07\/pas-a-pas-avec-gabin-remise-du-vehicule-electrique.-2.jpeg","twitter_creator":"@VosgesInfo88","twitter_site":"@VosgesInfo88","twitter_misc":{"\u00c9crit par":"La redaction","Dur\u00e9e de lecture estim\u00e9e":"1 minute"},"schema":{"@context":"https:\/\/schema.org","@graph":[{"@type":"Article","@id":"https:\/\/vosgesinfo.fr\/gerardmerinfo\/2025\/07\/pas-a-pas-avec-gabin-loanne-et-le-lycee-de-gennes-jouent-la-carte-de-la-solidarite\/#article","isPartOf":{"@id":"https:\/\/vosgesinfo.fr\/gerardmerinfo\/2025\/07\/pas-a-pas-avec-gabin-loanne-et-le-lycee-de-gennes-jouent-la-carte-de-la-solidarite\/"},"author":{"name":"La redaction","@id":"https:\/\/vosgesinfo.fr\/gerardmerinfo\/#\/schema\/person\/27a3695b06db98895b354c0765cdfc31"},"headline":"\u00ab\u00a0Pas \u00e0 pas avec Gabin\u00a0\u00bb &#8211; Loanne et le lyc\u00e9e de Gennes jouent la carte de la solidarit\u00e9","datePublished":"2025-07-08T03:57:56+00:00","dateModified":"2025-07-07T16:00:40+00:00","mainEntityOfPage":{"@id":"https:\/\/vosgesinfo.fr\/gerardmerinfo\/2025\/07\/pas-a-pas-avec-gabin-loanne-et-le-lycee-de-gennes-jouent-la-carte-de-la-solidarite\/"},"wordCount":246,"commentCount":3,"publisher":{"@id":"https:\/\/vosgesinfo.fr\/gerardmerinfo\/#organization"},"image":{"@id":"https:\/\/vosgesinfo.fr\/gerardmerinfo\/2025\/07\/pas-a-pas-avec-gabin-loanne-et-le-lycee-de-gennes-jouent-la-carte-de-la-solidarite\/#primaryimage"},"thumbnailUrl":"https:\/\/vosgesinfo.fr\/app\/uploads\/sites\/6\/2025\/07\/pas-a-pas-avec-gabin-remise-du-vehicule-electrique.-2.jpeg","keywords":["Loanne","lyc\u00e9e pierre gilles de gennes","Pas \u00e0 pas avec Gabin"],"articleSection":["A la une","Epinal","Gerardmer","La plaine des vosges"],"inLanguage":"fr-FR","potentialAction":[{"@type":"CommentAction","name":"Comment","target":["https:\/\/vosgesinfo.fr\/gerardmerinfo\/2025\/07\/pas-a-pas-avec-gabin-loanne-et-le-lycee-de-gennes-jouent-la-carte-de-la-solidarite\/#respond"]}]},{"@type":"WebPage","@id":"https:\/\/vosgesinfo.fr\/gerardmerinfo\/2025\/07\/pas-a-pas-avec-gabin-loanne-et-le-lycee-de-gennes-jouent-la-carte-de-la-solidarite\/","url":"https:\/\/vosgesinfo.fr\/gerardmerinfo\/2025\/07\/pas-a-pas-avec-gabin-loanne-et-le-lycee-de-gennes-jouent-la-carte-de-la-solidarite\/","name":"\"Pas \u00e0 pas avec Gabin\" - Loanne et le lyc\u00e9e de Gennes jouent la carte de la solidarit\u00e9 - Gerardmer Info","isPartOf":{"@id":"https:\/\/vosgesinfo.fr\/gerardmerinfo\/#website"},"primaryImageOfPage":{"@id":"https:\/\/vosgesinfo.fr\/gerardmerinfo\/2025\/07\/pas-a-pas-avec-gabin-loanne-et-le-lycee-de-gennes-jouent-la-carte-de-la-solidarite\/#primaryimage"},"image":{"@id":"https:\/\/vosgesinfo.fr\/gerardmerinfo\/2025\/07\/pas-a-pas-avec-gabin-loanne-et-le-lycee-de-gennes-jouent-la-carte-de-la-solidarite\/#primaryimage"},"thumbnailUrl":"https:\/\/vosgesinfo.fr\/app\/uploads\/sites\/6\/2025\/07\/pas-a-pas-avec-gabin-remise-du-vehicule-electrique.-2.jpeg","datePublished":"2025-07-08T03:57:56+00:00","dateModified":"2025-07-07T16:00:40+00:00","breadcrumb":{"@id":"https:\/\/vosgesinfo.fr\/gerardmerinfo\/2025\/07\/pas-a-pas-avec-gabin-loanne-et-le-lycee-de-gennes-jouent-la-carte-de-la-solidarite\/#breadcrumb"},"inLanguage":"fr-FR","potentialAction":[{"@type":"ReadAction","target":["https:\/\/vosgesinfo.fr\/gerardmerinfo\/2025\/07\/pas-a-pas-avec-gabin-loanne-et-le-lycee-de-gennes-jouent-la-carte-de-la-solidarite\/"]}]},{"@type":"ImageObject","inLanguage":"fr-FR","@id":"https:\/\/vosgesinfo.fr\/gerardmerinfo\/2025\/07\/pas-a-pas-avec-gabin-loanne-et-le-lycee-de-gennes-jouent-la-carte-de-la-solidarite\/#primaryimage","url":"https:\/\/vosgesinfo.fr\/app\/uploads\/sites\/6\/2025\/07\/pas-a-pas-avec-gabin-remise-du-vehicule-electrique.-2.jpeg","contentUrl":"https:\/\/vosgesinfo.fr\/app\/uploads\/sites\/6\/2025\/07\/pas-a-pas-avec-gabin-remise-du-vehicule-electrique.-2.jpeg","width":756,"height":1008},{"@type":"BreadcrumbList","@id":"https:\/\/vosgesinfo.fr\/gerardmerinfo\/2025\/07\/pas-a-pas-avec-gabin-loanne-et-le-lycee-de-gennes-jouent-la-carte-de-la-solidarite\/#breadcrumb","itemListElement":[{"@type":"ListItem","position":1,"name":"Home","item":"https:\/\/vosgesinfo.fr\/gerardmerinfo\/"},{"@type":"ListItem","position":2,"name":"\u00ab\u00a0Pas \u00e0 pas avec Gabin\u00a0\u00bb &#8211; Loanne et le lyc\u00e9e de Gennes jouent la carte de la solidarit\u00e9"}]},{"@type":"WebSite","@id":"https:\/\/vosgesinfo.fr\/gerardmerinfo\/#website","url":"https:\/\/vosgesinfo.fr\/gerardmerinfo\/","name":"Gerardmer Info","description":"Toute l&#039;actualit\u00e9 de G\u00e9rardmer","publisher":{"@id":"https:\/\/vosgesinfo.fr\/gerardmerinfo\/#organization"},"alternateName":"Toute l'actualit\u00e9 de G\u00e9rardmer","potentialAction":[{"@type":"SearchAction","target":{"@type":"EntryPoint","urlTemplate":"https:\/\/vosgesinfo.fr\/gerardmerinfo\/?s={search_term_string}"},"query-input":"required name=search_term_string"}],"inLanguage":"fr-FR"},{"@type":"Organization","@id":"https:\/\/vosgesinfo.fr\/gerardmerinfo\/#organization","name":"Gerardmer Info","url":"https:\/\/vosgesinfo.fr\/gerardmerinfo\/","logo":{"@type":"ImageObject","inLanguage":"fr-FR","@id":"https:\/\/vosgesinfo.fr\/gerardmerinfo\/#\/schema\/logo\/image\/","url":"https:\/\/vosgesinfo.fr\/app\/uploads\/sites\/6\/2023\/08\/favicon-gerardmerinfo.png","contentUrl":"https:\/\/vosgesinfo.fr\/app\/uploads\/sites\/6\/2023\/08\/favicon-gerardmerinfo.png","width":512,"height":512,"caption":"Gerardmer Info"},"image":{"@id":"https:\/\/vosgesinfo.fr\/gerardmerinfo\/#\/schema\/logo\/image\/"},"sameAs":["https:\/\/www.facebook.com\/profile.php?id=100049475262660","https:\/\/x.com\/VosgesInfo88","https:\/\/www.youtube.com\/@vosgesinfo"]},{"@type":"Person","@id":"https:\/\/vosgesinfo.fr\/gerardmerinfo\/#\/schema\/person\/27a3695b06db98895b354c0765cdfc31","name":"La redaction","image":{"@type":"ImageObject","inLanguage":"fr-FR","@id":"https:\/\/vosgesinfo.fr\/gerardmerinfo\/#\/schema\/person\/image\/","url":"https:\/\/secure.gravatar.com\/avatar\/64c76a78e501cedee55736f43f332df901e1896ae9cd8fad269ae2236dd0e8b6?s=96&d=mm&r=g","contentUrl":"https:\/\/secure.gravatar.com\/avatar\/64c76a78e501cedee55736f43f332df901e1896ae9cd8fad269ae2236dd0e8b6?s=96&d=mm&r=g","caption":"La redaction"},"url":"https:\/\/vosgesinfo.fr\/gerardmerinfo\/author\/la-redaction\/"}]}},"_links":{"self":[{"href":"https:\/\/vosgesinfo.fr\/gerardmerinfo\/wp-json\/wp\/v2\/posts\/80313","targetHints":{"allow":["GET"]}}],"collection":[{"href":"https:\/\/vosgesinfo.fr\/gerardmerinfo\/wp-json\/wp\/v2\/posts"}],"about":[{"href":"https:\/\/vosgesinfo.fr\/gerardmerinfo\/wp-json\/wp\/v2\/types\/post"}],"author":[{"embeddable":true,"href":"https:\/\/vosgesinfo.fr\/gerardmerinfo\/wp-json\/wp\/v2\/users\/391"}],"replies":[{"embeddable":true,"href":"https:\/\/vosgesinfo.fr\/gerardmerinfo\/wp-json\/wp\/v2\/comments?post=80313"}],"version-history":[{"count":1,"href":"https:\/\/vosgesinfo.fr\/gerardmerinfo\/wp-json\/wp\/v2\/posts\/80313\/revisions"}],"predecessor-version":[{"id":80316,"href":"https:\/\/vosgesinfo.fr\/gerardmerinfo\/wp-json\/wp\/v2\/posts\/80313\/revisions\/80316"}],"wp:featuredmedia":[{"embeddable":true,"href":"https:\/\/vosgesinfo.fr\/gerardmerinfo\/wp-json\/wp\/v2\/media\/80314"}],"wp:attachment":[{"href":"https:\/\/vosgesinfo.fr\/gerardmerinfo\/wp-json\/wp\/v2\/media?parent=80313"}],"wp:term":[{"taxonomy":"category","embeddable":true,"href":"https:\/\/vosgesinfo.fr\/gerardmerinfo\/wp-json\/wp\/v2\/categories?post=80313"},{"taxonomy":"post_tag","embeddable":true,"href":"https:\/\/vosgesinfo.fr\/gerardmerinfo\/wp-json\/wp\/v2\/tags?post=80313"}],"curies":[{"name":"wp","href":"https:\/\/api.w.org\/{rel}","templated":true}]}}