{"id":80320,"date":"2025-07-08T05:54:58","date_gmt":"2025-07-08T03:54:58","guid":{"rendered":"https:\/\/vosgesinfo.fr\/gerardmerinfo\/?p=80320"},"modified":"2025-07-07T22:45:05","modified_gmt":"2025-07-07T20:45:05","slug":"nage-avec-palmes-gerardmer-le-championnat-regional-eaux-libres-longue-distance","status":"publish","type":"post","link":"https:\/\/vosgesinfo.fr\/gerardmerinfo\/2025\/07\/nage-avec-palmes-gerardmer-le-championnat-regional-eaux-libres-longue-distance\/","title":{"rendered":"Nage avec palmes : G\u00e9rardmer le championnat r\u00e9gional eaux libres longue distance"},"content":{"rendered":"<p data-pm-slice=\"1 1 []\"><a href=\"https:\/\/vosgesinfo.fr\/app\/uploads\/sites\/6\/2025\/07\/img-8594.jpeg\"><img decoding=\"async\" class=\"aligncenter size-large wp-image-80322\" src=\"https:\/\/vosgesinfo.fr\/app\/uploads\/sites\/6\/2025\/07\/img-8594-1024x768.jpeg\" alt=\"\" width=\"1024\" height=\"768\" srcset=\"https:\/\/vosgesinfo.fr\/app\/uploads\/sites\/6\/2025\/07\/img-8594-1024x768.jpeg 1024w, https:\/\/vosgesinfo.fr\/app\/uploads\/sites\/6\/2025\/07\/img-8594-300x225.jpeg 300w, https:\/\/vosgesinfo.fr\/app\/uploads\/sites\/6\/2025\/07\/img-8594-768x576.jpeg 768w, https:\/\/vosgesinfo.fr\/app\/uploads\/sites\/6\/2025\/07\/img-8594-1536x1152.jpeg 1536w, https:\/\/vosgesinfo.fr\/app\/uploads\/sites\/6\/2025\/07\/img-8594.jpeg 2016w\" sizes=\"(max-width: 1024px) 100vw, 1024px\" \/><\/a><\/p>\n<p data-pm-slice=\"1 1 []\">\n<p data-pm-slice=\"1 1 []\">Le dimanche 6 juillet 2025 avait lieu \u00e0 G\u00e9rardmer le championnat r\u00e9gional eaux libres longue distance de nage avec palmes.<\/p>\n<p>Cette comp\u00e9tition \u00e9tait\u00a0s\u00e9lective pour les prochains championnats de France qui auront lieu \u00e0 Strasbourg dans 15 jours.<\/p>\n<p>70 nageurs venant de 10 clubs du Grand Est se sont affront\u00e9s sur 1000, 3000 ou 5000 m\u00e8tres.<\/p>\n<p><a href=\"https:\/\/vosgesinfo.fr\/app\/uploads\/sites\/6\/2025\/07\/img-8553-e1751921016842.jpeg\"><img decoding=\"async\" class=\"alignright size-medium wp-image-80321\" src=\"https:\/\/vosgesinfo.fr\/app\/uploads\/sites\/6\/2025\/07\/img-8553-e1751921016842-225x300.jpeg\" alt=\"\" width=\"225\" height=\"300\" srcset=\"https:\/\/vosgesinfo.fr\/app\/uploads\/sites\/6\/2025\/07\/img-8553-e1751921016842-225x300.jpeg 225w, https:\/\/vosgesinfo.fr\/app\/uploads\/sites\/6\/2025\/07\/img-8553-e1751921016842-768x1024.jpeg 768w, https:\/\/vosgesinfo.fr\/app\/uploads\/sites\/6\/2025\/07\/img-8553-e1751921016842-1152x1536.jpeg 1152w, https:\/\/vosgesinfo.fr\/app\/uploads\/sites\/6\/2025\/07\/img-8553-e1751921016842.jpeg 1512w\" sizes=\"(max-width: 225px) 100vw, 225px\" \/><\/a>Les b\u00e9n\u00e9voles du club ont \u0153uvr\u00e9 afin de rendre possible ce championnat. Le club de kayak nous a pr\u00eat\u00e9 les bateaux pour la s\u00e9curit\u00e9 et la pose des bou\u00e9es\u00a0; et la s\u00e9curit\u00e9 a \u00e9t\u00e9 possible gr\u00e2ce au club de voile et \u00e0 son dynamique pr\u00e9sident Jacques C\u00f4me.<\/p>\n<p>Sur le 1000 m\u00e8tres, le junior Mael SLESIAK d&rsquo;Uckange\u00a0remporte l&rsquo;\u00e9preuve en 9 min 48. Chez les f\u00e9minines, la championne du monde Louise Lef\u00e8vre de Mulhouse gagne l&rsquo;\u00e9preuve en 11 min 17.<\/p>\n<p>Sur le 3000 m\u00e8tres, victoire de Wolfgang Leroy de S\u00e9lestat\u00a0en 33 min\u00a030 et chez les f\u00e9minines, la cadette Zo\u00e9 Boro d&rsquo;Uckange l&#8217;emporte en 35 min 09.<\/p>\n<p>Sur le 5000 m\u00e8tres,\u00a0le master 1 Julien S\u00e9bire de S\u00e9lestat gagne l&rsquo;\u00e9preuve en 55 min 03\u00a0et Sandrine Miclot chez les f\u00e9minines en 1 h 35.<\/p>\n<p>Nos nageurs g\u00e9romois ont obtenu d&rsquo;excellents r\u00e9sultats : Daphn\u00e9 Sir\u00e9tas\u00a0gagne en minime devant sa copine de club Violette Simon.<\/p>\n<p>Loane Beausire d\u00e9croche une belle troisi\u00e8me place en s\u00e9niore.<\/p>\n<p>Fran\u00e7oise Filstroff d\u00e9croche une deuxi\u00e8me place en master 3 sur 1000m. Jacques Lel\u00e9on\u00a0l&#8217;emporte en master 4\u00a0sur 1000m.<\/p>\n<p>Sur le 3000 m\u00e8tres, Alexandra Colas 1re M1, Sandrine Ferreira 1re M2 et Val\u00e9rie Georgeon 1re M3.<\/p>\n<p>Les m\u00e9dailles ont \u00e9t\u00e9 remises\u00a0par monsieur Jamel Gom\u00e9rani,\u00a0repr\u00e9sentant la commune de G\u00e9rardmer.<\/p>\n<p>Bravo aux comp\u00e9titeurs et \u00e0 tous les b\u00e9n\u00e9voles qui ont rendu possible cet \u00e9v\u00e8nement.<\/p>\n<p>Les entra\u00eenements du club continuent pendant l&rsquo;\u00e9t\u00e9 avec les entra\u00eenements au lac trois fois par semaine.<\/p>\n<p>Prochain rendez-vous les 19 et 20 juillet pour les championnats de France longue distance !<\/p>\n","protected":false},"excerpt":{"rendered":"<p>Le dimanche 6 juillet 2025 avait lieu \u00e0 G\u00e9rardmer le championnat r\u00e9gional eaux libres longue distance de nage avec palmes. [&hellip;]<\/p>\n","protected":false},"author":391,"featured_media":80322,"comment_status":"open","ping_status":"open","sticky":false,"template":"","format":"standard","meta":{"footnotes":""},"categories":[20,5647,14],"tags":[],"class_list":["post-80320","post","type-post","status-publish","format-standard","has-post-thumbnail","hentry","category-a-la-une","category-gerardmer-autres-sites","category-sport"],"acf":[],"yoast_head":"<!-- This site is optimized with the Yoast SEO plugin v22.5 - https:\/\/yoast.com\/wordpress\/plugins\/seo\/ -->\n<title>Nage avec palmes : G\u00e9rardmer le championnat r\u00e9gional eaux libres longue distance - Gerardmer Info<\/title>\n<meta name=\"robots\" content=\"index, follow, max-snippet:-1, max-image-preview:large, max-video-preview:-1\" \/>\n<link rel=\"canonical\" href=\"https:\/\/vosgesinfo.fr\/gerardmerinfo\/2025\/07\/nage-avec-palmes-gerardmer-le-championnat-regional-eaux-libres-longue-distance\/\" \/>\n<meta name=\"twitter:card\" content=\"summary_large_image\" \/>\n<meta name=\"twitter:title\" content=\"Nage avec palmes : G\u00e9rardmer le championnat r\u00e9gional eaux libres longue distance - Gerardmer Info\" \/>\n<meta name=\"twitter:description\" content=\"Le dimanche 6 juillet 2025 avait lieu \u00e0 G\u00e9rardmer le championnat r\u00e9gional eaux libres longue distance de nage avec palmes. [&hellip;]\" \/>\n<meta name=\"twitter:image\" content=\"https:\/\/vosgesinfo.fr\/app\/uploads\/sites\/6\/2025\/07\/img-8594.jpeg\" \/>\n<meta name=\"twitter:creator\" content=\"@VosgesInfo88\" \/>\n<meta name=\"twitter:site\" content=\"@VosgesInfo88\" \/>\n<meta name=\"twitter:label1\" content=\"\u00c9crit par\" \/>\n\t<meta name=\"twitter:data1\" content=\"La redaction\" \/>\n\t<meta name=\"twitter:label2\" content=\"Dur\u00e9e de lecture estim\u00e9e\" \/>\n\t<meta name=\"twitter:data2\" content=\"2 minutes\" \/>\n<script type=\"application\/ld+json\" class=\"yoast-schema-graph\">{\"@context\":\"https:\/\/schema.org\",\"@graph\":[{\"@type\":\"Article\",\"@id\":\"https:\/\/vosgesinfo.fr\/gerardmerinfo\/2025\/07\/nage-avec-palmes-gerardmer-le-championnat-regional-eaux-libres-longue-distance\/#article\",\"isPartOf\":{\"@id\":\"https:\/\/vosgesinfo.fr\/gerardmerinfo\/2025\/07\/nage-avec-palmes-gerardmer-le-championnat-regional-eaux-libres-longue-distance\/\"},\"author\":{\"name\":\"La redaction\",\"@id\":\"https:\/\/vosgesinfo.fr\/gerardmerinfo\/#\/schema\/person\/27a3695b06db98895b354c0765cdfc31\"},\"headline\":\"Nage avec palmes : G\u00e9rardmer le championnat r\u00e9gional eaux libres longue distance\",\"datePublished\":\"2025-07-08T03:54:58+00:00\",\"dateModified\":\"2025-07-07T20:45:05+00:00\",\"mainEntityOfPage\":{\"@id\":\"https:\/\/vosgesinfo.fr\/gerardmerinfo\/2025\/07\/nage-avec-palmes-gerardmer-le-championnat-regional-eaux-libres-longue-distance\/\"},\"wordCount\":348,\"commentCount\":0,\"publisher\":{\"@id\":\"https:\/\/vosgesinfo.fr\/gerardmerinfo\/#organization\"},\"image\":{\"@id\":\"https:\/\/vosgesinfo.fr\/gerardmerinfo\/2025\/07\/nage-avec-palmes-gerardmer-le-championnat-regional-eaux-libres-longue-distance\/#primaryimage\"},\"thumbnailUrl\":\"https:\/\/vosgesinfo.fr\/app\/uploads\/sites\/6\/2025\/07\/img-8594.jpeg\",\"articleSection\":[\"A la une\",\"Gerardmer\",\"Sport\"],\"inLanguage\":\"fr-FR\",\"potentialAction\":[{\"@type\":\"CommentAction\",\"name\":\"Comment\",\"target\":[\"https:\/\/vosgesinfo.fr\/gerardmerinfo\/2025\/07\/nage-avec-palmes-gerardmer-le-championnat-regional-eaux-libres-longue-distance\/#respond\"]}]},{\"@type\":\"WebPage\",\"@id\":\"https:\/\/vosgesinfo.fr\/gerardmerinfo\/2025\/07\/nage-avec-palmes-gerardmer-le-championnat-regional-eaux-libres-longue-distance\/\",\"url\":\"https:\/\/vosgesinfo.fr\/gerardmerinfo\/2025\/07\/nage-avec-palmes-gerardmer-le-championnat-regional-eaux-libres-longue-distance\/\",\"name\":\"Nage avec palmes : G\u00e9rardmer le championnat r\u00e9gional eaux libres longue distance - Gerardmer Info\",\"isPartOf\":{\"@id\":\"https:\/\/vosgesinfo.fr\/gerardmerinfo\/#website\"},\"primaryImageOfPage\":{\"@id\":\"https:\/\/vosgesinfo.fr\/gerardmerinfo\/2025\/07\/nage-avec-palmes-gerardmer-le-championnat-regional-eaux-libres-longue-distance\/#primaryimage\"},\"image\":{\"@id\":\"https:\/\/vosgesinfo.fr\/gerardmerinfo\/2025\/07\/nage-avec-palmes-gerardmer-le-championnat-regional-eaux-libres-longue-distance\/#primaryimage\"},\"thumbnailUrl\":\"https:\/\/vosgesinfo.fr\/app\/uploads\/sites\/6\/2025\/07\/img-8594.jpeg\",\"datePublished\":\"2025-07-08T03:54:58+00:00\",\"dateModified\":\"2025-07-07T20:45:05+00:00\",\"breadcrumb\":{\"@id\":\"https:\/\/vosgesinfo.fr\/gerardmerinfo\/2025\/07\/nage-avec-palmes-gerardmer-le-championnat-regional-eaux-libres-longue-distance\/#breadcrumb\"},\"inLanguage\":\"fr-FR\",\"potentialAction\":[{\"@type\":\"ReadAction\",\"target\":[\"https:\/\/vosgesinfo.fr\/gerardmerinfo\/2025\/07\/nage-avec-palmes-gerardmer-le-championnat-regional-eaux-libres-longue-distance\/\"]}]},{\"@type\":\"ImageObject\",\"inLanguage\":\"fr-FR\",\"@id\":\"https:\/\/vosgesinfo.fr\/gerardmerinfo\/2025\/07\/nage-avec-palmes-gerardmer-le-championnat-regional-eaux-libres-longue-distance\/#primaryimage\",\"url\":\"https:\/\/vosgesinfo.fr\/app\/uploads\/sites\/6\/2025\/07\/img-8594.jpeg\",\"contentUrl\":\"https:\/\/vosgesinfo.fr\/app\/uploads\/sites\/6\/2025\/07\/img-8594.jpeg\",\"width\":2016,\"height\":1512},{\"@type\":\"BreadcrumbList\",\"@id\":\"https:\/\/vosgesinfo.fr\/gerardmerinfo\/2025\/07\/nage-avec-palmes-gerardmer-le-championnat-regional-eaux-libres-longue-distance\/#breadcrumb\",\"itemListElement\":[{\"@type\":\"ListItem\",\"position\":1,\"name\":\"Home\",\"item\":\"https:\/\/vosgesinfo.fr\/gerardmerinfo\/\"},{\"@type\":\"ListItem\",\"position\":2,\"name\":\"Nage avec palmes : G\u00e9rardmer le championnat r\u00e9gional eaux libres longue distance\"}]},{\"@type\":\"WebSite\",\"@id\":\"https:\/\/vosgesinfo.fr\/gerardmerinfo\/#website\",\"url\":\"https:\/\/vosgesinfo.fr\/gerardmerinfo\/\",\"name\":\"Gerardmer Info\",\"description\":\"Toute l&#039;actualit\u00e9 de G\u00e9rardmer\",\"publisher\":{\"@id\":\"https:\/\/vosgesinfo.fr\/gerardmerinfo\/#organization\"},\"alternateName\":\"Toute l'actualit\u00e9 de G\u00e9rardmer\",\"potentialAction\":[{\"@type\":\"SearchAction\",\"target\":{\"@type\":\"EntryPoint\",\"urlTemplate\":\"https:\/\/vosgesinfo.fr\/gerardmerinfo\/?s={search_term_string}\"},\"query-input\":\"required name=search_term_string\"}],\"inLanguage\":\"fr-FR\"},{\"@type\":\"Organization\",\"@id\":\"https:\/\/vosgesinfo.fr\/gerardmerinfo\/#organization\",\"name\":\"Gerardmer Info\",\"url\":\"https:\/\/vosgesinfo.fr\/gerardmerinfo\/\",\"logo\":{\"@type\":\"ImageObject\",\"inLanguage\":\"fr-FR\",\"@id\":\"https:\/\/vosgesinfo.fr\/gerardmerinfo\/#\/schema\/logo\/image\/\",\"url\":\"https:\/\/vosgesinfo.fr\/app\/uploads\/sites\/6\/2023\/08\/favicon-gerardmerinfo.png\",\"contentUrl\":\"https:\/\/vosgesinfo.fr\/app\/uploads\/sites\/6\/2023\/08\/favicon-gerardmerinfo.png\",\"width\":512,\"height\":512,\"caption\":\"Gerardmer Info\"},\"image\":{\"@id\":\"https:\/\/vosgesinfo.fr\/gerardmerinfo\/#\/schema\/logo\/image\/\"},\"sameAs\":[\"https:\/\/www.facebook.com\/profile.php?id=100049475262660\",\"https:\/\/x.com\/VosgesInfo88\",\"https:\/\/www.youtube.com\/@vosgesinfo\"]},{\"@type\":\"Person\",\"@id\":\"https:\/\/vosgesinfo.fr\/gerardmerinfo\/#\/schema\/person\/27a3695b06db98895b354c0765cdfc31\",\"name\":\"La redaction\",\"image\":{\"@type\":\"ImageObject\",\"inLanguage\":\"fr-FR\",\"@id\":\"https:\/\/vosgesinfo.fr\/gerardmerinfo\/#\/schema\/person\/image\/\",\"url\":\"https:\/\/secure.gravatar.com\/avatar\/64c76a78e501cedee55736f43f332df901e1896ae9cd8fad269ae2236dd0e8b6?s=96&d=mm&r=g\",\"contentUrl\":\"https:\/\/secure.gravatar.com\/avatar\/64c76a78e501cedee55736f43f332df901e1896ae9cd8fad269ae2236dd0e8b6?s=96&d=mm&r=g\",\"caption\":\"La redaction\"},\"url\":\"https:\/\/vosgesinfo.fr\/gerardmerinfo\/author\/la-redaction\/\"}]}<\/script>\n<!-- \/ Yoast SEO plugin. -->","yoast_head_json":{"title":"Nage avec palmes : G\u00e9rardmer le championnat r\u00e9gional eaux libres longue distance - Gerardmer Info","robots":{"index":"index","follow":"follow","max-snippet":"max-snippet:-1","max-image-preview":"max-image-preview:large","max-video-preview":"max-video-preview:-1"},"canonical":"https:\/\/vosgesinfo.fr\/gerardmerinfo\/2025\/07\/nage-avec-palmes-gerardmer-le-championnat-regional-eaux-libres-longue-distance\/","twitter_card":"summary_large_image","twitter_title":"Nage avec palmes : G\u00e9rardmer le championnat r\u00e9gional eaux libres longue distance - Gerardmer Info","twitter_description":"Le dimanche 6 juillet 2025 avait lieu \u00e0 G\u00e9rardmer le championnat r\u00e9gional eaux libres longue distance de nage avec palmes. [&hellip;]","twitter_image":"https:\/\/vosgesinfo.fr\/app\/uploads\/sites\/6\/2025\/07\/img-8594.jpeg","twitter_creator":"@VosgesInfo88","twitter_site":"@VosgesInfo88","twitter_misc":{"\u00c9crit par":"La redaction","Dur\u00e9e de lecture estim\u00e9e":"2 minutes"},"schema":{"@context":"https:\/\/schema.org","@graph":[{"@type":"Article","@id":"https:\/\/vosgesinfo.fr\/gerardmerinfo\/2025\/07\/nage-avec-palmes-gerardmer-le-championnat-regional-eaux-libres-longue-distance\/#article","isPartOf":{"@id":"https:\/\/vosgesinfo.fr\/gerardmerinfo\/2025\/07\/nage-avec-palmes-gerardmer-le-championnat-regional-eaux-libres-longue-distance\/"},"author":{"name":"La redaction","@id":"https:\/\/vosgesinfo.fr\/gerardmerinfo\/#\/schema\/person\/27a3695b06db98895b354c0765cdfc31"},"headline":"Nage avec palmes : G\u00e9rardmer le championnat r\u00e9gional eaux libres longue distance","datePublished":"2025-07-08T03:54:58+00:00","dateModified":"2025-07-07T20:45:05+00:00","mainEntityOfPage":{"@id":"https:\/\/vosgesinfo.fr\/gerardmerinfo\/2025\/07\/nage-avec-palmes-gerardmer-le-championnat-regional-eaux-libres-longue-distance\/"},"wordCount":348,"commentCount":0,"publisher":{"@id":"https:\/\/vosgesinfo.fr\/gerardmerinfo\/#organization"},"image":{"@id":"https:\/\/vosgesinfo.fr\/gerardmerinfo\/2025\/07\/nage-avec-palmes-gerardmer-le-championnat-regional-eaux-libres-longue-distance\/#primaryimage"},"thumbnailUrl":"https:\/\/vosgesinfo.fr\/app\/uploads\/sites\/6\/2025\/07\/img-8594.jpeg","articleSection":["A la une","Gerardmer","Sport"],"inLanguage":"fr-FR","potentialAction":[{"@type":"CommentAction","name":"Comment","target":["https:\/\/vosgesinfo.fr\/gerardmerinfo\/2025\/07\/nage-avec-palmes-gerardmer-le-championnat-regional-eaux-libres-longue-distance\/#respond"]}]},{"@type":"WebPage","@id":"https:\/\/vosgesinfo.fr\/gerardmerinfo\/2025\/07\/nage-avec-palmes-gerardmer-le-championnat-regional-eaux-libres-longue-distance\/","url":"https:\/\/vosgesinfo.fr\/gerardmerinfo\/2025\/07\/nage-avec-palmes-gerardmer-le-championnat-regional-eaux-libres-longue-distance\/","name":"Nage avec palmes : G\u00e9rardmer le championnat r\u00e9gional eaux libres longue distance - Gerardmer Info","isPartOf":{"@id":"https:\/\/vosgesinfo.fr\/gerardmerinfo\/#website"},"primaryImageOfPage":{"@id":"https:\/\/vosgesinfo.fr\/gerardmerinfo\/2025\/07\/nage-avec-palmes-gerardmer-le-championnat-regional-eaux-libres-longue-distance\/#primaryimage"},"image":{"@id":"https:\/\/vosgesinfo.fr\/gerardmerinfo\/2025\/07\/nage-avec-palmes-gerardmer-le-championnat-regional-eaux-libres-longue-distance\/#primaryimage"},"thumbnailUrl":"https:\/\/vosgesinfo.fr\/app\/uploads\/sites\/6\/2025\/07\/img-8594.jpeg","datePublished":"2025-07-08T03:54:58+00:00","dateModified":"2025-07-07T20:45:05+00:00","breadcrumb":{"@id":"https:\/\/vosgesinfo.fr\/gerardmerinfo\/2025\/07\/nage-avec-palmes-gerardmer-le-championnat-regional-eaux-libres-longue-distance\/#breadcrumb"},"inLanguage":"fr-FR","potentialAction":[{"@type":"ReadAction","target":["https:\/\/vosgesinfo.fr\/gerardmerinfo\/2025\/07\/nage-avec-palmes-gerardmer-le-championnat-regional-eaux-libres-longue-distance\/"]}]},{"@type":"ImageObject","inLanguage":"fr-FR","@id":"https:\/\/vosgesinfo.fr\/gerardmerinfo\/2025\/07\/nage-avec-palmes-gerardmer-le-championnat-regional-eaux-libres-longue-distance\/#primaryimage","url":"https:\/\/vosgesinfo.fr\/app\/uploads\/sites\/6\/2025\/07\/img-8594.jpeg","contentUrl":"https:\/\/vosgesinfo.fr\/app\/uploads\/sites\/6\/2025\/07\/img-8594.jpeg","width":2016,"height":1512},{"@type":"BreadcrumbList","@id":"https:\/\/vosgesinfo.fr\/gerardmerinfo\/2025\/07\/nage-avec-palmes-gerardmer-le-championnat-regional-eaux-libres-longue-distance\/#breadcrumb","itemListElement":[{"@type":"ListItem","position":1,"name":"Home","item":"https:\/\/vosgesinfo.fr\/gerardmerinfo\/"},{"@type":"ListItem","position":2,"name":"Nage avec palmes : G\u00e9rardmer le championnat r\u00e9gional eaux libres longue distance"}]},{"@type":"WebSite","@id":"https:\/\/vosgesinfo.fr\/gerardmerinfo\/#website","url":"https:\/\/vosgesinfo.fr\/gerardmerinfo\/","name":"Gerardmer Info","description":"Toute l&#039;actualit\u00e9 de G\u00e9rardmer","publisher":{"@id":"https:\/\/vosgesinfo.fr\/gerardmerinfo\/#organization"},"alternateName":"Toute l'actualit\u00e9 de G\u00e9rardmer","potentialAction":[{"@type":"SearchAction","target":{"@type":"EntryPoint","urlTemplate":"https:\/\/vosgesinfo.fr\/gerardmerinfo\/?s={search_term_string}"},"query-input":"required name=search_term_string"}],"inLanguage":"fr-FR"},{"@type":"Organization","@id":"https:\/\/vosgesinfo.fr\/gerardmerinfo\/#organization","name":"Gerardmer Info","url":"https:\/\/vosgesinfo.fr\/gerardmerinfo\/","logo":{"@type":"ImageObject","inLanguage":"fr-FR","@id":"https:\/\/vosgesinfo.fr\/gerardmerinfo\/#\/schema\/logo\/image\/","url":"https:\/\/vosgesinfo.fr\/app\/uploads\/sites\/6\/2023\/08\/favicon-gerardmerinfo.png","contentUrl":"https:\/\/vosgesinfo.fr\/app\/uploads\/sites\/6\/2023\/08\/favicon-gerardmerinfo.png","width":512,"height":512,"caption":"Gerardmer Info"},"image":{"@id":"https:\/\/vosgesinfo.fr\/gerardmerinfo\/#\/schema\/logo\/image\/"},"sameAs":["https:\/\/www.facebook.com\/profile.php?id=100049475262660","https:\/\/x.com\/VosgesInfo88","https:\/\/www.youtube.com\/@vosgesinfo"]},{"@type":"Person","@id":"https:\/\/vosgesinfo.fr\/gerardmerinfo\/#\/schema\/person\/27a3695b06db98895b354c0765cdfc31","name":"La redaction","image":{"@type":"ImageObject","inLanguage":"fr-FR","@id":"https:\/\/vosgesinfo.fr\/gerardmerinfo\/#\/schema\/person\/image\/","url":"https:\/\/secure.gravatar.com\/avatar\/64c76a78e501cedee55736f43f332df901e1896ae9cd8fad269ae2236dd0e8b6?s=96&d=mm&r=g","contentUrl":"https:\/\/secure.gravatar.com\/avatar\/64c76a78e501cedee55736f43f332df901e1896ae9cd8fad269ae2236dd0e8b6?s=96&d=mm&r=g","caption":"La redaction"},"url":"https:\/\/vosgesinfo.fr\/gerardmerinfo\/author\/la-redaction\/"}]}},"_links":{"self":[{"href":"https:\/\/vosgesinfo.fr\/gerardmerinfo\/wp-json\/wp\/v2\/posts\/80320","targetHints":{"allow":["GET"]}}],"collection":[{"href":"https:\/\/vosgesinfo.fr\/gerardmerinfo\/wp-json\/wp\/v2\/posts"}],"about":[{"href":"https:\/\/vosgesinfo.fr\/gerardmerinfo\/wp-json\/wp\/v2\/types\/post"}],"author":[{"embeddable":true,"href":"https:\/\/vosgesinfo.fr\/gerardmerinfo\/wp-json\/wp\/v2\/users\/391"}],"replies":[{"embeddable":true,"href":"https:\/\/vosgesinfo.fr\/gerardmerinfo\/wp-json\/wp\/v2\/comments?post=80320"}],"version-history":[{"count":1,"href":"https:\/\/vosgesinfo.fr\/gerardmerinfo\/wp-json\/wp\/v2\/posts\/80320\/revisions"}],"predecessor-version":[{"id":80323,"href":"https:\/\/vosgesinfo.fr\/gerardmerinfo\/wp-json\/wp\/v2\/posts\/80320\/revisions\/80323"}],"wp:featuredmedia":[{"embeddable":true,"href":"https:\/\/vosgesinfo.fr\/gerardmerinfo\/wp-json\/wp\/v2\/media\/80322"}],"wp:attachment":[{"href":"https:\/\/vosgesinfo.fr\/gerardmerinfo\/wp-json\/wp\/v2\/media?parent=80320"}],"wp:term":[{"taxonomy":"category","embeddable":true,"href":"https:\/\/vosgesinfo.fr\/gerardmerinfo\/wp-json\/wp\/v2\/categories?post=80320"},{"taxonomy":"post_tag","embeddable":true,"href":"https:\/\/vosgesinfo.fr\/gerardmerinfo\/wp-json\/wp\/v2\/tags?post=80320"}],"curies":[{"name":"wp","href":"https:\/\/api.w.org\/{rel}","templated":true}]}}