{"id":80332,"date":"2025-07-08T14:00:21","date_gmt":"2025-07-08T12:00:21","guid":{"rendered":"https:\/\/vosgesinfo.fr\/gerardmerinfo\/?p=80332"},"modified":"2025-07-08T13:31:59","modified_gmt":"2025-07-08T11:31:59","slug":"la-caleche-du-la-cirque-a-ciel-ouvert-a-pris-la-route-pour-de-belles-aventures-a-partager","status":"publish","type":"post","link":"https:\/\/vosgesinfo.fr\/gerardmerinfo\/2025\/07\/la-caleche-du-la-cirque-a-ciel-ouvert-a-pris-la-route-pour-de-belles-aventures-a-partager\/","title":{"rendered":"La cal\u00e8che du \u00ab La cirque \u00e0 ciel ouvert \u00bb a pris la route pour de belles aventures \u00e0 partager"},"content":{"rendered":"<p><a href=\"https:\/\/vosgesinfo.fr\/app\/uploads\/sites\/6\/2025\/07\/depart-caleche-mcl-camp-itinerant-1.jpg\"><img decoding=\"async\" class=\"aligncenter size-full wp-image-80333\" src=\"https:\/\/vosgesinfo.fr\/app\/uploads\/sites\/6\/2025\/07\/depart-caleche-mcl-camp-itinerant-1.jpg\" alt=\"\" width=\"1008\" height=\"756\" srcset=\"https:\/\/vosgesinfo.fr\/app\/uploads\/sites\/6\/2025\/07\/depart-caleche-mcl-camp-itinerant-1.jpg 1008w, https:\/\/vosgesinfo.fr\/app\/uploads\/sites\/6\/2025\/07\/depart-caleche-mcl-camp-itinerant-1-300x225.jpg 300w, https:\/\/vosgesinfo.fr\/app\/uploads\/sites\/6\/2025\/07\/depart-caleche-mcl-camp-itinerant-1-768x576.jpg 768w\" sizes=\"(max-width: 1008px) 100vw, 1008px\" \/><\/a><\/p>\n\n\t\t<style type=\"text\/css\">\n\t\t\t#gallery-1 {\n\t\t\t\tmargin: auto;\n\t\t\t}\n\t\t\t#gallery-1 .gallery-item {\n\t\t\t\tfloat: left;\n\t\t\t\tmargin-top: 10px;\n\t\t\t\ttext-align: center;\n\t\t\t\twidth: 50%;\n\t\t\t}\n\t\t\t#gallery-1 img {\n\t\t\t\tborder: 2px solid #cfcfcf;\n\t\t\t}\n\t\t\t#gallery-1 .gallery-caption {\n\t\t\t\tmargin-left: 0;\n\t\t\t}\n\t\t\t\/* see gallery_shortcode() in wp-includes\/media.php *\/\n\t\t<\/style>\n\t\t<div id='gallery-1' class='gallery galleryid-80332 gallery-columns-2 gallery-size-medium'><dl class='gallery-item'>\n\t\t\t<dt class='gallery-icon landscape'>\n\t\t\t\t<a href='https:\/\/vosgesinfo.fr\/app\/uploads\/sites\/6\/2025\/07\/depart-caleche-mcl-camp-itinerant-3.jpg'><img decoding=\"async\" width=\"300\" height=\"135\" src=\"https:\/\/vosgesinfo.fr\/app\/uploads\/sites\/6\/2025\/07\/depart-caleche-mcl-camp-itinerant-3-300x135.jpg\" class=\"attachment-medium size-medium\" alt=\"\" srcset=\"https:\/\/vosgesinfo.fr\/app\/uploads\/sites\/6\/2025\/07\/depart-caleche-mcl-camp-itinerant-3-300x135.jpg 300w, https:\/\/vosgesinfo.fr\/app\/uploads\/sites\/6\/2025\/07\/depart-caleche-mcl-camp-itinerant-3-1024x461.jpg 1024w, https:\/\/vosgesinfo.fr\/app\/uploads\/sites\/6\/2025\/07\/depart-caleche-mcl-camp-itinerant-3-768x346.jpg 768w, https:\/\/vosgesinfo.fr\/app\/uploads\/sites\/6\/2025\/07\/depart-caleche-mcl-camp-itinerant-3-1536x691.jpg 1536w, https:\/\/vosgesinfo.fr\/app\/uploads\/sites\/6\/2025\/07\/depart-caleche-mcl-camp-itinerant-3.jpg 1600w\" sizes=\"(max-width: 300px) 100vw, 300px\" \/><\/a>\n\t\t\t<\/dt><\/dl><dl class='gallery-item'>\n\t\t\t<dt class='gallery-icon landscape'>\n\t\t\t\t<a href='https:\/\/vosgesinfo.fr\/app\/uploads\/sites\/6\/2025\/07\/depart-caleche-mcl-camp-itinerant-4.jpg'><img decoding=\"async\" width=\"300\" height=\"162\" src=\"https:\/\/vosgesinfo.fr\/app\/uploads\/sites\/6\/2025\/07\/depart-caleche-mcl-camp-itinerant-4-300x162.jpg\" class=\"attachment-medium size-medium\" alt=\"\" srcset=\"https:\/\/vosgesinfo.fr\/app\/uploads\/sites\/6\/2025\/07\/depart-caleche-mcl-camp-itinerant-4-300x162.jpg 300w, https:\/\/vosgesinfo.fr\/app\/uploads\/sites\/6\/2025\/07\/depart-caleche-mcl-camp-itinerant-4-1024x552.jpg 1024w, https:\/\/vosgesinfo.fr\/app\/uploads\/sites\/6\/2025\/07\/depart-caleche-mcl-camp-itinerant-4-768x414.jpg 768w, https:\/\/vosgesinfo.fr\/app\/uploads\/sites\/6\/2025\/07\/depart-caleche-mcl-camp-itinerant-4-1536x828.jpg 1536w, https:\/\/vosgesinfo.fr\/app\/uploads\/sites\/6\/2025\/07\/depart-caleche-mcl-camp-itinerant-4.jpg 1600w\" sizes=\"(max-width: 300px) 100vw, 300px\" \/><\/a>\n\t\t\t<\/dt><\/dl><br style=\"clear: both\" \/>\n\t\t<\/div>\n\n<p>&nbsp;<\/p>\n<p>La cal\u00e8che du camp de vacances itin\u00e9rant et artistique de la MCL a pris son d\u00e9part ce lundi en d\u00e9pit des intemp\u00e9ries avec pur objectif une premi\u00e8re repr\u00e9sentation au camping du Mettey.<\/p>\n<p>3 autres spectacles sont au programme les 8, 10 et 11 juillet pour la petite \u00e9quipe de la MCL de G\u00e9rardmer qui sera ravie de vous accueillir ce mardi \u00e0 Thi\u00e9fosse, puis \u00e0 Saulxures et enfin \u00e0 Cornimont (d\u00e9tail des dates et lieux ci-dessous). Venez nombreux les soutenir et d\u00e9couvrir ce beau projet estival.<\/p>\n<p><a href=\"https:\/\/vosgesinfo.fr\/app\/uploads\/sites\/6\/2025\/07\/flyers-spectacle-cirque-page-0001.jpg\"><img decoding=\"async\" class=\"aligncenter size-large wp-image-80112\" src=\"https:\/\/vosgesinfo.fr\/app\/uploads\/sites\/6\/2025\/07\/flyers-spectacle-cirque-page-0001-744x1024.jpg\" alt=\"\" width=\"744\" height=\"1024\" srcset=\"https:\/\/vosgesinfo.fr\/app\/uploads\/sites\/6\/2025\/07\/flyers-spectacle-cirque-page-0001-744x1024.jpg 744w, https:\/\/vosgesinfo.fr\/app\/uploads\/sites\/6\/2025\/07\/flyers-spectacle-cirque-page-0001-218x300.jpg 218w, https:\/\/vosgesinfo.fr\/app\/uploads\/sites\/6\/2025\/07\/flyers-spectacle-cirque-page-0001-768x1057.jpg 768w, https:\/\/vosgesinfo.fr\/app\/uploads\/sites\/6\/2025\/07\/flyers-spectacle-cirque-page-0001.jpg 902w\" sizes=\"(max-width: 744px) 100vw, 744px\" \/><\/a><\/p>\n","protected":false},"excerpt":{"rendered":"<p>&nbsp; La cal\u00e8che du camp de vacances itin\u00e9rant et artistique de la MCL a pris son d\u00e9part ce lundi en [&hellip;]<\/p>\n","protected":false},"author":42,"featured_media":80333,"comment_status":"open","ping_status":"open","sticky":false,"template":"","format":"standard","meta":{"footnotes":""},"categories":[20,4,5647,868],"tags":[103],"class_list":["post-80332","post","type-post","status-publish","format-standard","has-post-thumbnail","hentry","category-a-la-une","category-culture","category-gerardmer-autres-sites","category-remiremont","tag-mcl-gerardmer"],"acf":[],"yoast_head":"<!-- This site is optimized with the Yoast SEO plugin v22.5 - https:\/\/yoast.com\/wordpress\/plugins\/seo\/ -->\n<title>La cal\u00e8che du \u00ab La cirque \u00e0 ciel ouvert \u00bb a pris la route pour de belles aventures \u00e0 partager - Gerardmer Info<\/title>\n<meta name=\"robots\" content=\"index, follow, max-snippet:-1, max-image-preview:large, max-video-preview:-1\" \/>\n<link rel=\"canonical\" href=\"https:\/\/vosgesinfo.fr\/gerardmerinfo\/2025\/07\/la-caleche-du-la-cirque-a-ciel-ouvert-a-pris-la-route-pour-de-belles-aventures-a-partager\/\" \/>\n<meta name=\"twitter:card\" content=\"summary_large_image\" \/>\n<meta name=\"twitter:title\" content=\"La cal\u00e8che du \u00ab La cirque \u00e0 ciel ouvert \u00bb a pris la route pour de belles aventures \u00e0 partager - Gerardmer Info\" \/>\n<meta name=\"twitter:description\" content=\"&nbsp; La cal\u00e8che du camp de vacances itin\u00e9rant et artistique de la MCL a pris son d\u00e9part ce lundi en [&hellip;]\" \/>\n<meta name=\"twitter:image\" content=\"https:\/\/vosgesinfo.fr\/app\/uploads\/sites\/6\/2025\/07\/depart-caleche-mcl-camp-itinerant-1.jpg\" \/>\n<meta name=\"twitter:creator\" content=\"@VosgesInfo88\" \/>\n<meta name=\"twitter:site\" content=\"@VosgesInfo88\" \/>\n<meta name=\"twitter:label1\" content=\"\u00c9crit par\" \/>\n\t<meta name=\"twitter:data1\" content=\"QG\" \/>\n\t<meta name=\"twitter:label2\" content=\"Dur\u00e9e de lecture estim\u00e9e\" \/>\n\t<meta name=\"twitter:data2\" content=\"1 minute\" \/>\n<script type=\"application\/ld+json\" class=\"yoast-schema-graph\">{\"@context\":\"https:\/\/schema.org\",\"@graph\":[{\"@type\":\"Article\",\"@id\":\"https:\/\/vosgesinfo.fr\/gerardmerinfo\/2025\/07\/la-caleche-du-la-cirque-a-ciel-ouvert-a-pris-la-route-pour-de-belles-aventures-a-partager\/#article\",\"isPartOf\":{\"@id\":\"https:\/\/vosgesinfo.fr\/gerardmerinfo\/2025\/07\/la-caleche-du-la-cirque-a-ciel-ouvert-a-pris-la-route-pour-de-belles-aventures-a-partager\/\"},\"author\":{\"name\":\"QG\",\"@id\":\"https:\/\/vosgesinfo.fr\/gerardmerinfo\/#\/schema\/person\/db5605779a843dad16b5368f3e7613a5\"},\"headline\":\"La cal\u00e8che du \u00ab La cirque \u00e0 ciel ouvert \u00bb a pris la route pour de belles aventures \u00e0 partager\",\"datePublished\":\"2025-07-08T12:00:21+00:00\",\"dateModified\":\"2025-07-08T11:31:59+00:00\",\"mainEntityOfPage\":{\"@id\":\"https:\/\/vosgesinfo.fr\/gerardmerinfo\/2025\/07\/la-caleche-du-la-cirque-a-ciel-ouvert-a-pris-la-route-pour-de-belles-aventures-a-partager\/\"},\"wordCount\":115,\"commentCount\":0,\"publisher\":{\"@id\":\"https:\/\/vosgesinfo.fr\/gerardmerinfo\/#organization\"},\"image\":{\"@id\":\"https:\/\/vosgesinfo.fr\/gerardmerinfo\/2025\/07\/la-caleche-du-la-cirque-a-ciel-ouvert-a-pris-la-route-pour-de-belles-aventures-a-partager\/#primaryimage\"},\"thumbnailUrl\":\"https:\/\/vosgesinfo.fr\/app\/uploads\/sites\/6\/2025\/07\/depart-caleche-mcl-camp-itinerant-1.jpg\",\"keywords\":[\"MCL G\u00e9rardmer\"],\"articleSection\":[\"A la une\",\"Culture\",\"Gerardmer\",\"Remiremont\"],\"inLanguage\":\"fr-FR\",\"potentialAction\":[{\"@type\":\"CommentAction\",\"name\":\"Comment\",\"target\":[\"https:\/\/vosgesinfo.fr\/gerardmerinfo\/2025\/07\/la-caleche-du-la-cirque-a-ciel-ouvert-a-pris-la-route-pour-de-belles-aventures-a-partager\/#respond\"]}]},{\"@type\":\"WebPage\",\"@id\":\"https:\/\/vosgesinfo.fr\/gerardmerinfo\/2025\/07\/la-caleche-du-la-cirque-a-ciel-ouvert-a-pris-la-route-pour-de-belles-aventures-a-partager\/\",\"url\":\"https:\/\/vosgesinfo.fr\/gerardmerinfo\/2025\/07\/la-caleche-du-la-cirque-a-ciel-ouvert-a-pris-la-route-pour-de-belles-aventures-a-partager\/\",\"name\":\"La cal\u00e8che du \u00ab La cirque \u00e0 ciel ouvert \u00bb a pris la route pour de belles aventures \u00e0 partager - Gerardmer Info\",\"isPartOf\":{\"@id\":\"https:\/\/vosgesinfo.fr\/gerardmerinfo\/#website\"},\"primaryImageOfPage\":{\"@id\":\"https:\/\/vosgesinfo.fr\/gerardmerinfo\/2025\/07\/la-caleche-du-la-cirque-a-ciel-ouvert-a-pris-la-route-pour-de-belles-aventures-a-partager\/#primaryimage\"},\"image\":{\"@id\":\"https:\/\/vosgesinfo.fr\/gerardmerinfo\/2025\/07\/la-caleche-du-la-cirque-a-ciel-ouvert-a-pris-la-route-pour-de-belles-aventures-a-partager\/#primaryimage\"},\"thumbnailUrl\":\"https:\/\/vosgesinfo.fr\/app\/uploads\/sites\/6\/2025\/07\/depart-caleche-mcl-camp-itinerant-1.jpg\",\"datePublished\":\"2025-07-08T12:00:21+00:00\",\"dateModified\":\"2025-07-08T11:31:59+00:00\",\"breadcrumb\":{\"@id\":\"https:\/\/vosgesinfo.fr\/gerardmerinfo\/2025\/07\/la-caleche-du-la-cirque-a-ciel-ouvert-a-pris-la-route-pour-de-belles-aventures-a-partager\/#breadcrumb\"},\"inLanguage\":\"fr-FR\",\"potentialAction\":[{\"@type\":\"ReadAction\",\"target\":[\"https:\/\/vosgesinfo.fr\/gerardmerinfo\/2025\/07\/la-caleche-du-la-cirque-a-ciel-ouvert-a-pris-la-route-pour-de-belles-aventures-a-partager\/\"]}]},{\"@type\":\"ImageObject\",\"inLanguage\":\"fr-FR\",\"@id\":\"https:\/\/vosgesinfo.fr\/gerardmerinfo\/2025\/07\/la-caleche-du-la-cirque-a-ciel-ouvert-a-pris-la-route-pour-de-belles-aventures-a-partager\/#primaryimage\",\"url\":\"https:\/\/vosgesinfo.fr\/app\/uploads\/sites\/6\/2025\/07\/depart-caleche-mcl-camp-itinerant-1.jpg\",\"contentUrl\":\"https:\/\/vosgesinfo.fr\/app\/uploads\/sites\/6\/2025\/07\/depart-caleche-mcl-camp-itinerant-1.jpg\",\"width\":1008,\"height\":756},{\"@type\":\"BreadcrumbList\",\"@id\":\"https:\/\/vosgesinfo.fr\/gerardmerinfo\/2025\/07\/la-caleche-du-la-cirque-a-ciel-ouvert-a-pris-la-route-pour-de-belles-aventures-a-partager\/#breadcrumb\",\"itemListElement\":[{\"@type\":\"ListItem\",\"position\":1,\"name\":\"Home\",\"item\":\"https:\/\/vosgesinfo.fr\/gerardmerinfo\/\"},{\"@type\":\"ListItem\",\"position\":2,\"name\":\"La cal\u00e8che du \u00ab La cirque \u00e0 ciel ouvert \u00bb a pris la route pour de belles aventures \u00e0 partager\"}]},{\"@type\":\"WebSite\",\"@id\":\"https:\/\/vosgesinfo.fr\/gerardmerinfo\/#website\",\"url\":\"https:\/\/vosgesinfo.fr\/gerardmerinfo\/\",\"name\":\"Gerardmer Info\",\"description\":\"Toute l&#039;actualit\u00e9 de G\u00e9rardmer\",\"publisher\":{\"@id\":\"https:\/\/vosgesinfo.fr\/gerardmerinfo\/#organization\"},\"alternateName\":\"Toute l'actualit\u00e9 de G\u00e9rardmer\",\"potentialAction\":[{\"@type\":\"SearchAction\",\"target\":{\"@type\":\"EntryPoint\",\"urlTemplate\":\"https:\/\/vosgesinfo.fr\/gerardmerinfo\/?s={search_term_string}\"},\"query-input\":\"required name=search_term_string\"}],\"inLanguage\":\"fr-FR\"},{\"@type\":\"Organization\",\"@id\":\"https:\/\/vosgesinfo.fr\/gerardmerinfo\/#organization\",\"name\":\"Gerardmer Info\",\"url\":\"https:\/\/vosgesinfo.fr\/gerardmerinfo\/\",\"logo\":{\"@type\":\"ImageObject\",\"inLanguage\":\"fr-FR\",\"@id\":\"https:\/\/vosgesinfo.fr\/gerardmerinfo\/#\/schema\/logo\/image\/\",\"url\":\"https:\/\/vosgesinfo.fr\/app\/uploads\/sites\/6\/2023\/08\/favicon-gerardmerinfo.png\",\"contentUrl\":\"https:\/\/vosgesinfo.fr\/app\/uploads\/sites\/6\/2023\/08\/favicon-gerardmerinfo.png\",\"width\":512,\"height\":512,\"caption\":\"Gerardmer Info\"},\"image\":{\"@id\":\"https:\/\/vosgesinfo.fr\/gerardmerinfo\/#\/schema\/logo\/image\/\"},\"sameAs\":[\"https:\/\/www.facebook.com\/profile.php?id=100049475262660\",\"https:\/\/x.com\/VosgesInfo88\",\"https:\/\/www.youtube.com\/@vosgesinfo\"]},{\"@type\":\"Person\",\"@id\":\"https:\/\/vosgesinfo.fr\/gerardmerinfo\/#\/schema\/person\/db5605779a843dad16b5368f3e7613a5\",\"name\":\"QG\",\"image\":{\"@type\":\"ImageObject\",\"inLanguage\":\"fr-FR\",\"@id\":\"https:\/\/vosgesinfo.fr\/gerardmerinfo\/#\/schema\/person\/image\/\",\"url\":\"https:\/\/secure.gravatar.com\/avatar\/ea80c42c204b534408512832fde52504ecabb9706bcb6151cf6175e5b64e6793?s=96&d=mm&r=g\",\"contentUrl\":\"https:\/\/secure.gravatar.com\/avatar\/ea80c42c204b534408512832fde52504ecabb9706bcb6151cf6175e5b64e6793?s=96&d=mm&r=g\",\"caption\":\"QG\"},\"url\":\"https:\/\/vosgesinfo.fr\/gerardmerinfo\/author\/quentin88\/\"}]}<\/script>\n<!-- \/ Yoast SEO plugin. -->","yoast_head_json":{"title":"La cal\u00e8che du \u00ab La cirque \u00e0 ciel ouvert \u00bb a pris la route pour de belles aventures \u00e0 partager - Gerardmer Info","robots":{"index":"index","follow":"follow","max-snippet":"max-snippet:-1","max-image-preview":"max-image-preview:large","max-video-preview":"max-video-preview:-1"},"canonical":"https:\/\/vosgesinfo.fr\/gerardmerinfo\/2025\/07\/la-caleche-du-la-cirque-a-ciel-ouvert-a-pris-la-route-pour-de-belles-aventures-a-partager\/","twitter_card":"summary_large_image","twitter_title":"La cal\u00e8che du \u00ab La cirque \u00e0 ciel ouvert \u00bb a pris la route pour de belles aventures \u00e0 partager - Gerardmer Info","twitter_description":"&nbsp; La cal\u00e8che du camp de vacances itin\u00e9rant et artistique de la MCL a pris son d\u00e9part ce lundi en [&hellip;]","twitter_image":"https:\/\/vosgesinfo.fr\/app\/uploads\/sites\/6\/2025\/07\/depart-caleche-mcl-camp-itinerant-1.jpg","twitter_creator":"@VosgesInfo88","twitter_site":"@VosgesInfo88","twitter_misc":{"\u00c9crit par":"QG","Dur\u00e9e de lecture estim\u00e9e":"1 minute"},"schema":{"@context":"https:\/\/schema.org","@graph":[{"@type":"Article","@id":"https:\/\/vosgesinfo.fr\/gerardmerinfo\/2025\/07\/la-caleche-du-la-cirque-a-ciel-ouvert-a-pris-la-route-pour-de-belles-aventures-a-partager\/#article","isPartOf":{"@id":"https:\/\/vosgesinfo.fr\/gerardmerinfo\/2025\/07\/la-caleche-du-la-cirque-a-ciel-ouvert-a-pris-la-route-pour-de-belles-aventures-a-partager\/"},"author":{"name":"QG","@id":"https:\/\/vosgesinfo.fr\/gerardmerinfo\/#\/schema\/person\/db5605779a843dad16b5368f3e7613a5"},"headline":"La cal\u00e8che du \u00ab La cirque \u00e0 ciel ouvert \u00bb a pris la route pour de belles aventures \u00e0 partager","datePublished":"2025-07-08T12:00:21+00:00","dateModified":"2025-07-08T11:31:59+00:00","mainEntityOfPage":{"@id":"https:\/\/vosgesinfo.fr\/gerardmerinfo\/2025\/07\/la-caleche-du-la-cirque-a-ciel-ouvert-a-pris-la-route-pour-de-belles-aventures-a-partager\/"},"wordCount":115,"commentCount":0,"publisher":{"@id":"https:\/\/vosgesinfo.fr\/gerardmerinfo\/#organization"},"image":{"@id":"https:\/\/vosgesinfo.fr\/gerardmerinfo\/2025\/07\/la-caleche-du-la-cirque-a-ciel-ouvert-a-pris-la-route-pour-de-belles-aventures-a-partager\/#primaryimage"},"thumbnailUrl":"https:\/\/vosgesinfo.fr\/app\/uploads\/sites\/6\/2025\/07\/depart-caleche-mcl-camp-itinerant-1.jpg","keywords":["MCL G\u00e9rardmer"],"articleSection":["A la une","Culture","Gerardmer","Remiremont"],"inLanguage":"fr-FR","potentialAction":[{"@type":"CommentAction","name":"Comment","target":["https:\/\/vosgesinfo.fr\/gerardmerinfo\/2025\/07\/la-caleche-du-la-cirque-a-ciel-ouvert-a-pris-la-route-pour-de-belles-aventures-a-partager\/#respond"]}]},{"@type":"WebPage","@id":"https:\/\/vosgesinfo.fr\/gerardmerinfo\/2025\/07\/la-caleche-du-la-cirque-a-ciel-ouvert-a-pris-la-route-pour-de-belles-aventures-a-partager\/","url":"https:\/\/vosgesinfo.fr\/gerardmerinfo\/2025\/07\/la-caleche-du-la-cirque-a-ciel-ouvert-a-pris-la-route-pour-de-belles-aventures-a-partager\/","name":"La cal\u00e8che du \u00ab La cirque \u00e0 ciel ouvert \u00bb a pris la route pour de belles aventures \u00e0 partager - Gerardmer Info","isPartOf":{"@id":"https:\/\/vosgesinfo.fr\/gerardmerinfo\/#website"},"primaryImageOfPage":{"@id":"https:\/\/vosgesinfo.fr\/gerardmerinfo\/2025\/07\/la-caleche-du-la-cirque-a-ciel-ouvert-a-pris-la-route-pour-de-belles-aventures-a-partager\/#primaryimage"},"image":{"@id":"https:\/\/vosgesinfo.fr\/gerardmerinfo\/2025\/07\/la-caleche-du-la-cirque-a-ciel-ouvert-a-pris-la-route-pour-de-belles-aventures-a-partager\/#primaryimage"},"thumbnailUrl":"https:\/\/vosgesinfo.fr\/app\/uploads\/sites\/6\/2025\/07\/depart-caleche-mcl-camp-itinerant-1.jpg","datePublished":"2025-07-08T12:00:21+00:00","dateModified":"2025-07-08T11:31:59+00:00","breadcrumb":{"@id":"https:\/\/vosgesinfo.fr\/gerardmerinfo\/2025\/07\/la-caleche-du-la-cirque-a-ciel-ouvert-a-pris-la-route-pour-de-belles-aventures-a-partager\/#breadcrumb"},"inLanguage":"fr-FR","potentialAction":[{"@type":"ReadAction","target":["https:\/\/vosgesinfo.fr\/gerardmerinfo\/2025\/07\/la-caleche-du-la-cirque-a-ciel-ouvert-a-pris-la-route-pour-de-belles-aventures-a-partager\/"]}]},{"@type":"ImageObject","inLanguage":"fr-FR","@id":"https:\/\/vosgesinfo.fr\/gerardmerinfo\/2025\/07\/la-caleche-du-la-cirque-a-ciel-ouvert-a-pris-la-route-pour-de-belles-aventures-a-partager\/#primaryimage","url":"https:\/\/vosgesinfo.fr\/app\/uploads\/sites\/6\/2025\/07\/depart-caleche-mcl-camp-itinerant-1.jpg","contentUrl":"https:\/\/vosgesinfo.fr\/app\/uploads\/sites\/6\/2025\/07\/depart-caleche-mcl-camp-itinerant-1.jpg","width":1008,"height":756},{"@type":"BreadcrumbList","@id":"https:\/\/vosgesinfo.fr\/gerardmerinfo\/2025\/07\/la-caleche-du-la-cirque-a-ciel-ouvert-a-pris-la-route-pour-de-belles-aventures-a-partager\/#breadcrumb","itemListElement":[{"@type":"ListItem","position":1,"name":"Home","item":"https:\/\/vosgesinfo.fr\/gerardmerinfo\/"},{"@type":"ListItem","position":2,"name":"La cal\u00e8che du \u00ab La cirque \u00e0 ciel ouvert \u00bb a pris la route pour de belles aventures \u00e0 partager"}]},{"@type":"WebSite","@id":"https:\/\/vosgesinfo.fr\/gerardmerinfo\/#website","url":"https:\/\/vosgesinfo.fr\/gerardmerinfo\/","name":"Gerardmer Info","description":"Toute l&#039;actualit\u00e9 de G\u00e9rardmer","publisher":{"@id":"https:\/\/vosgesinfo.fr\/gerardmerinfo\/#organization"},"alternateName":"Toute l'actualit\u00e9 de G\u00e9rardmer","potentialAction":[{"@type":"SearchAction","target":{"@type":"EntryPoint","urlTemplate":"https:\/\/vosgesinfo.fr\/gerardmerinfo\/?s={search_term_string}"},"query-input":"required name=search_term_string"}],"inLanguage":"fr-FR"},{"@type":"Organization","@id":"https:\/\/vosgesinfo.fr\/gerardmerinfo\/#organization","name":"Gerardmer Info","url":"https:\/\/vosgesinfo.fr\/gerardmerinfo\/","logo":{"@type":"ImageObject","inLanguage":"fr-FR","@id":"https:\/\/vosgesinfo.fr\/gerardmerinfo\/#\/schema\/logo\/image\/","url":"https:\/\/vosgesinfo.fr\/app\/uploads\/sites\/6\/2023\/08\/favicon-gerardmerinfo.png","contentUrl":"https:\/\/vosgesinfo.fr\/app\/uploads\/sites\/6\/2023\/08\/favicon-gerardmerinfo.png","width":512,"height":512,"caption":"Gerardmer Info"},"image":{"@id":"https:\/\/vosgesinfo.fr\/gerardmerinfo\/#\/schema\/logo\/image\/"},"sameAs":["https:\/\/www.facebook.com\/profile.php?id=100049475262660","https:\/\/x.com\/VosgesInfo88","https:\/\/www.youtube.com\/@vosgesinfo"]},{"@type":"Person","@id":"https:\/\/vosgesinfo.fr\/gerardmerinfo\/#\/schema\/person\/db5605779a843dad16b5368f3e7613a5","name":"QG","image":{"@type":"ImageObject","inLanguage":"fr-FR","@id":"https:\/\/vosgesinfo.fr\/gerardmerinfo\/#\/schema\/person\/image\/","url":"https:\/\/secure.gravatar.com\/avatar\/ea80c42c204b534408512832fde52504ecabb9706bcb6151cf6175e5b64e6793?s=96&d=mm&r=g","contentUrl":"https:\/\/secure.gravatar.com\/avatar\/ea80c42c204b534408512832fde52504ecabb9706bcb6151cf6175e5b64e6793?s=96&d=mm&r=g","caption":"QG"},"url":"https:\/\/vosgesinfo.fr\/gerardmerinfo\/author\/quentin88\/"}]}},"_links":{"self":[{"href":"https:\/\/vosgesinfo.fr\/gerardmerinfo\/wp-json\/wp\/v2\/posts\/80332","targetHints":{"allow":["GET"]}}],"collection":[{"href":"https:\/\/vosgesinfo.fr\/gerardmerinfo\/wp-json\/wp\/v2\/posts"}],"about":[{"href":"https:\/\/vosgesinfo.fr\/gerardmerinfo\/wp-json\/wp\/v2\/types\/post"}],"author":[{"embeddable":true,"href":"https:\/\/vosgesinfo.fr\/gerardmerinfo\/wp-json\/wp\/v2\/users\/42"}],"replies":[{"embeddable":true,"href":"https:\/\/vosgesinfo.fr\/gerardmerinfo\/wp-json\/wp\/v2\/comments?post=80332"}],"version-history":[{"count":2,"href":"https:\/\/vosgesinfo.fr\/gerardmerinfo\/wp-json\/wp\/v2\/posts\/80332\/revisions"}],"predecessor-version":[{"id":80338,"href":"https:\/\/vosgesinfo.fr\/gerardmerinfo\/wp-json\/wp\/v2\/posts\/80332\/revisions\/80338"}],"wp:featuredmedia":[{"embeddable":true,"href":"https:\/\/vosgesinfo.fr\/gerardmerinfo\/wp-json\/wp\/v2\/media\/80333"}],"wp:attachment":[{"href":"https:\/\/vosgesinfo.fr\/gerardmerinfo\/wp-json\/wp\/v2\/media?parent=80332"}],"wp:term":[{"taxonomy":"category","embeddable":true,"href":"https:\/\/vosgesinfo.fr\/gerardmerinfo\/wp-json\/wp\/v2\/categories?post=80332"},{"taxonomy":"post_tag","embeddable":true,"href":"https:\/\/vosgesinfo.fr\/gerardmerinfo\/wp-json\/wp\/v2\/tags?post=80332"}],"curies":[{"name":"wp","href":"https:\/\/api.w.org\/{rel}","templated":true}]}}