{"id":80344,"date":"2025-07-08T14:45:36","date_gmt":"2025-07-08T12:45:36","guid":{"rendered":"https:\/\/vosgesinfo.fr\/gerardmerinfo\/?p=80344"},"modified":"2025-07-08T14:31:41","modified_gmt":"2025-07-08T12:31:41","slug":"chloe-nicot-championne-deurope-de-canoe-a-bascov-roumanie","status":"publish","type":"post","link":"https:\/\/vosgesinfo.fr\/gerardmerinfo\/2025\/07\/chloe-nicot-championne-deurope-de-canoe-a-bascov-roumanie\/","title":{"rendered":"Chlo\u00e9 Nicot, championne d&rsquo;Europe de cano\u00eb \u00e0 Bascov (Roumanie)"},"content":{"rendered":"<p data-pm-slice=\"1 1 []\"><a href=\"https:\/\/vosgesinfo.fr\/app\/uploads\/sites\/6\/2025\/07\/c.-nicot-asg-canoe-kayak.jpeg\"><img decoding=\"async\" class=\"aligncenter wp-image-80345 size-large\" src=\"https:\/\/vosgesinfo.fr\/app\/uploads\/sites\/6\/2025\/07\/c.-nicot-asg-canoe-kayak-832x1024.jpeg\" alt=\"\" width=\"832\" height=\"1024\" srcset=\"https:\/\/vosgesinfo.fr\/app\/uploads\/sites\/6\/2025\/07\/c.-nicot-asg-canoe-kayak-832x1024.jpeg 832w, https:\/\/vosgesinfo.fr\/app\/uploads\/sites\/6\/2025\/07\/c.-nicot-asg-canoe-kayak-244x300.jpeg 244w, https:\/\/vosgesinfo.fr\/app\/uploads\/sites\/6\/2025\/07\/c.-nicot-asg-canoe-kayak-768x946.jpeg 768w, https:\/\/vosgesinfo.fr\/app\/uploads\/sites\/6\/2025\/07\/c.-nicot-asg-canoe-kayak.jpeg 1080w\" sizes=\"(max-width: 832px) 100vw, 832px\" \/><\/a><\/p>\n<p>S\u00e9lectionn\u00e9e ce printemps en \u00e9quipe de France U23 (moins de 23 ans), Chlo\u00e9 Nicot, 19 ans et membre du club de l&rsquo;AS G\u00e9rardmer Cano\u00eb-Kayak, a triomph\u00e9 aux Championnats d&rsquo;Europe U23 de course en ligne organis\u00e9s la semaine derni\u00e8re \u00e0 Bascov (Roumanie). Apr\u00e8s des s\u00e9ries ma\u00eetris\u00e9es en C2 500m avec sa co\u00e9quipi\u00e8re Axelle Renard (Besan\u00e7on), et en C1 200m, Chlo\u00e9 a tout rafl\u00e9 lors des finales. Tout d&rsquo;abord en C2 o\u00f9 Chlo\u00e9 et sa co\u00e9quipi\u00e8re remportent le titre de championnes d&rsquo;Europe U23 sur 500m, devant les \u00e9quipages espagnol et hongrois. Puis une heure plus tard, c&rsquo;est en C1 que Chlo\u00e9 se pare de bronze en C1 200m, \u00e0 quelques huit dixi\u00e8mes de l&rsquo;italienne victorieuse et de la hongroise, seconde.<\/p>\n<p>Chlo\u00e9 entame sa saison internationale de la plus belle des mani\u00e8res avec deux m\u00e9dailles, dont un titre, en deux courses. Elle a en ligne de mire les championnats du monde U23 de course en ligne \u00e0 Montemor o Velho (Portugal), fin juillet. Un podium sur ces championnats lui permettrait de participer aux championnats du monde s\u00e9nior fin ao\u00fbt \u00e0 Milan (Italie), avec le gratin mondial.<\/p>\n<p>Pour sa premi\u00e8re ann\u00e9e chez les U23, Chlo\u00e9 fait donc une entr\u00e9e fracassante sur le circuit international.<\/p>\n","protected":false},"excerpt":{"rendered":"<p>S\u00e9lectionn\u00e9e ce printemps en \u00e9quipe de France U23 (moins de 23 ans), Chlo\u00e9 Nicot, 19 ans et membre du club [&hellip;]<\/p>\n","protected":false},"author":391,"featured_media":80345,"comment_status":"open","ping_status":"open","sticky":false,"template":"","format":"standard","meta":{"footnotes":""},"categories":[20,25,5647,14],"tags":[753],"class_list":["post-80344","post","type-post","status-publish","format-standard","has-post-thumbnail","hentry","category-a-la-une","category-gerardmer","category-gerardmer-autres-sites","category-sport","tag-chloe-nicot"],"acf":[],"yoast_head":"<!-- This site is optimized with the Yoast SEO plugin v22.5 - https:\/\/yoast.com\/wordpress\/plugins\/seo\/ -->\n<title>Chlo\u00e9 Nicot, championne d&#039;Europe de cano\u00eb \u00e0 Bascov (Roumanie) - Gerardmer Info<\/title>\n<meta name=\"robots\" content=\"index, follow, max-snippet:-1, max-image-preview:large, max-video-preview:-1\" \/>\n<link rel=\"canonical\" href=\"https:\/\/vosgesinfo.fr\/gerardmerinfo\/2025\/07\/chloe-nicot-championne-deurope-de-canoe-a-bascov-roumanie\/\" \/>\n<meta name=\"twitter:card\" content=\"summary_large_image\" \/>\n<meta name=\"twitter:title\" content=\"Chlo\u00e9 Nicot, championne d&#039;Europe de cano\u00eb \u00e0 Bascov (Roumanie) - Gerardmer Info\" \/>\n<meta name=\"twitter:description\" content=\"S\u00e9lectionn\u00e9e ce printemps en \u00e9quipe de France U23 (moins de 23 ans), Chlo\u00e9 Nicot, 19 ans et membre du club [&hellip;]\" \/>\n<meta name=\"twitter:image\" content=\"https:\/\/vosgesinfo.fr\/app\/uploads\/sites\/6\/2025\/07\/c.-nicot-asg-canoe-kayak.jpeg\" \/>\n<meta name=\"twitter:creator\" content=\"@VosgesInfo88\" \/>\n<meta name=\"twitter:site\" content=\"@VosgesInfo88\" \/>\n<meta name=\"twitter:label1\" content=\"\u00c9crit par\" \/>\n\t<meta name=\"twitter:data1\" content=\"La redaction\" \/>\n\t<meta name=\"twitter:label2\" content=\"Dur\u00e9e de lecture estim\u00e9e\" \/>\n\t<meta name=\"twitter:data2\" content=\"1 minute\" \/>\n<script type=\"application\/ld+json\" class=\"yoast-schema-graph\">{\"@context\":\"https:\/\/schema.org\",\"@graph\":[{\"@type\":\"Article\",\"@id\":\"https:\/\/vosgesinfo.fr\/gerardmerinfo\/2025\/07\/chloe-nicot-championne-deurope-de-canoe-a-bascov-roumanie\/#article\",\"isPartOf\":{\"@id\":\"https:\/\/vosgesinfo.fr\/gerardmerinfo\/2025\/07\/chloe-nicot-championne-deurope-de-canoe-a-bascov-roumanie\/\"},\"author\":{\"name\":\"La redaction\",\"@id\":\"https:\/\/vosgesinfo.fr\/gerardmerinfo\/#\/schema\/person\/27a3695b06db98895b354c0765cdfc31\"},\"headline\":\"Chlo\u00e9 Nicot, championne d&rsquo;Europe de cano\u00eb \u00e0 Bascov (Roumanie)\",\"datePublished\":\"2025-07-08T12:45:36+00:00\",\"dateModified\":\"2025-07-08T12:31:41+00:00\",\"mainEntityOfPage\":{\"@id\":\"https:\/\/vosgesinfo.fr\/gerardmerinfo\/2025\/07\/chloe-nicot-championne-deurope-de-canoe-a-bascov-roumanie\/\"},\"wordCount\":232,\"commentCount\":2,\"publisher\":{\"@id\":\"https:\/\/vosgesinfo.fr\/gerardmerinfo\/#organization\"},\"image\":{\"@id\":\"https:\/\/vosgesinfo.fr\/gerardmerinfo\/2025\/07\/chloe-nicot-championne-deurope-de-canoe-a-bascov-roumanie\/#primaryimage\"},\"thumbnailUrl\":\"https:\/\/vosgesinfo.fr\/app\/uploads\/sites\/6\/2025\/07\/c.-nicot-asg-canoe-kayak.jpeg\",\"keywords\":[\"chlo\u00e9 nicot\"],\"articleSection\":[\"A la une\",\"G\u00e9rardmer\",\"Gerardmer\",\"Sport\"],\"inLanguage\":\"fr-FR\",\"potentialAction\":[{\"@type\":\"CommentAction\",\"name\":\"Comment\",\"target\":[\"https:\/\/vosgesinfo.fr\/gerardmerinfo\/2025\/07\/chloe-nicot-championne-deurope-de-canoe-a-bascov-roumanie\/#respond\"]}]},{\"@type\":\"WebPage\",\"@id\":\"https:\/\/vosgesinfo.fr\/gerardmerinfo\/2025\/07\/chloe-nicot-championne-deurope-de-canoe-a-bascov-roumanie\/\",\"url\":\"https:\/\/vosgesinfo.fr\/gerardmerinfo\/2025\/07\/chloe-nicot-championne-deurope-de-canoe-a-bascov-roumanie\/\",\"name\":\"Chlo\u00e9 Nicot, championne d'Europe de cano\u00eb \u00e0 Bascov (Roumanie) - Gerardmer Info\",\"isPartOf\":{\"@id\":\"https:\/\/vosgesinfo.fr\/gerardmerinfo\/#website\"},\"primaryImageOfPage\":{\"@id\":\"https:\/\/vosgesinfo.fr\/gerardmerinfo\/2025\/07\/chloe-nicot-championne-deurope-de-canoe-a-bascov-roumanie\/#primaryimage\"},\"image\":{\"@id\":\"https:\/\/vosgesinfo.fr\/gerardmerinfo\/2025\/07\/chloe-nicot-championne-deurope-de-canoe-a-bascov-roumanie\/#primaryimage\"},\"thumbnailUrl\":\"https:\/\/vosgesinfo.fr\/app\/uploads\/sites\/6\/2025\/07\/c.-nicot-asg-canoe-kayak.jpeg\",\"datePublished\":\"2025-07-08T12:45:36+00:00\",\"dateModified\":\"2025-07-08T12:31:41+00:00\",\"breadcrumb\":{\"@id\":\"https:\/\/vosgesinfo.fr\/gerardmerinfo\/2025\/07\/chloe-nicot-championne-deurope-de-canoe-a-bascov-roumanie\/#breadcrumb\"},\"inLanguage\":\"fr-FR\",\"potentialAction\":[{\"@type\":\"ReadAction\",\"target\":[\"https:\/\/vosgesinfo.fr\/gerardmerinfo\/2025\/07\/chloe-nicot-championne-deurope-de-canoe-a-bascov-roumanie\/\"]}]},{\"@type\":\"ImageObject\",\"inLanguage\":\"fr-FR\",\"@id\":\"https:\/\/vosgesinfo.fr\/gerardmerinfo\/2025\/07\/chloe-nicot-championne-deurope-de-canoe-a-bascov-roumanie\/#primaryimage\",\"url\":\"https:\/\/vosgesinfo.fr\/app\/uploads\/sites\/6\/2025\/07\/c.-nicot-asg-canoe-kayak.jpeg\",\"contentUrl\":\"https:\/\/vosgesinfo.fr\/app\/uploads\/sites\/6\/2025\/07\/c.-nicot-asg-canoe-kayak.jpeg\",\"width\":1080,\"height\":1330},{\"@type\":\"BreadcrumbList\",\"@id\":\"https:\/\/vosgesinfo.fr\/gerardmerinfo\/2025\/07\/chloe-nicot-championne-deurope-de-canoe-a-bascov-roumanie\/#breadcrumb\",\"itemListElement\":[{\"@type\":\"ListItem\",\"position\":1,\"name\":\"Home\",\"item\":\"https:\/\/vosgesinfo.fr\/gerardmerinfo\/\"},{\"@type\":\"ListItem\",\"position\":2,\"name\":\"Chlo\u00e9 Nicot, championne d&rsquo;Europe de cano\u00eb \u00e0 Bascov (Roumanie)\"}]},{\"@type\":\"WebSite\",\"@id\":\"https:\/\/vosgesinfo.fr\/gerardmerinfo\/#website\",\"url\":\"https:\/\/vosgesinfo.fr\/gerardmerinfo\/\",\"name\":\"Gerardmer Info\",\"description\":\"Toute l&#039;actualit\u00e9 de G\u00e9rardmer\",\"publisher\":{\"@id\":\"https:\/\/vosgesinfo.fr\/gerardmerinfo\/#organization\"},\"alternateName\":\"Toute l'actualit\u00e9 de G\u00e9rardmer\",\"potentialAction\":[{\"@type\":\"SearchAction\",\"target\":{\"@type\":\"EntryPoint\",\"urlTemplate\":\"https:\/\/vosgesinfo.fr\/gerardmerinfo\/?s={search_term_string}\"},\"query-input\":\"required name=search_term_string\"}],\"inLanguage\":\"fr-FR\"},{\"@type\":\"Organization\",\"@id\":\"https:\/\/vosgesinfo.fr\/gerardmerinfo\/#organization\",\"name\":\"Gerardmer Info\",\"url\":\"https:\/\/vosgesinfo.fr\/gerardmerinfo\/\",\"logo\":{\"@type\":\"ImageObject\",\"inLanguage\":\"fr-FR\",\"@id\":\"https:\/\/vosgesinfo.fr\/gerardmerinfo\/#\/schema\/logo\/image\/\",\"url\":\"https:\/\/vosgesinfo.fr\/app\/uploads\/sites\/6\/2023\/08\/favicon-gerardmerinfo.png\",\"contentUrl\":\"https:\/\/vosgesinfo.fr\/app\/uploads\/sites\/6\/2023\/08\/favicon-gerardmerinfo.png\",\"width\":512,\"height\":512,\"caption\":\"Gerardmer Info\"},\"image\":{\"@id\":\"https:\/\/vosgesinfo.fr\/gerardmerinfo\/#\/schema\/logo\/image\/\"},\"sameAs\":[\"https:\/\/www.facebook.com\/profile.php?id=100049475262660\",\"https:\/\/x.com\/VosgesInfo88\",\"https:\/\/www.youtube.com\/@vosgesinfo\"]},{\"@type\":\"Person\",\"@id\":\"https:\/\/vosgesinfo.fr\/gerardmerinfo\/#\/schema\/person\/27a3695b06db98895b354c0765cdfc31\",\"name\":\"La redaction\",\"image\":{\"@type\":\"ImageObject\",\"inLanguage\":\"fr-FR\",\"@id\":\"https:\/\/vosgesinfo.fr\/gerardmerinfo\/#\/schema\/person\/image\/\",\"url\":\"https:\/\/secure.gravatar.com\/avatar\/64c76a78e501cedee55736f43f332df901e1896ae9cd8fad269ae2236dd0e8b6?s=96&d=mm&r=g\",\"contentUrl\":\"https:\/\/secure.gravatar.com\/avatar\/64c76a78e501cedee55736f43f332df901e1896ae9cd8fad269ae2236dd0e8b6?s=96&d=mm&r=g\",\"caption\":\"La redaction\"},\"url\":\"https:\/\/vosgesinfo.fr\/gerardmerinfo\/author\/la-redaction\/\"}]}<\/script>\n<!-- \/ Yoast SEO plugin. -->","yoast_head_json":{"title":"Chlo\u00e9 Nicot, championne d'Europe de cano\u00eb \u00e0 Bascov (Roumanie) - Gerardmer Info","robots":{"index":"index","follow":"follow","max-snippet":"max-snippet:-1","max-image-preview":"max-image-preview:large","max-video-preview":"max-video-preview:-1"},"canonical":"https:\/\/vosgesinfo.fr\/gerardmerinfo\/2025\/07\/chloe-nicot-championne-deurope-de-canoe-a-bascov-roumanie\/","twitter_card":"summary_large_image","twitter_title":"Chlo\u00e9 Nicot, championne d'Europe de cano\u00eb \u00e0 Bascov (Roumanie) - Gerardmer Info","twitter_description":"S\u00e9lectionn\u00e9e ce printemps en \u00e9quipe de France U23 (moins de 23 ans), Chlo\u00e9 Nicot, 19 ans et membre du club [&hellip;]","twitter_image":"https:\/\/vosgesinfo.fr\/app\/uploads\/sites\/6\/2025\/07\/c.-nicot-asg-canoe-kayak.jpeg","twitter_creator":"@VosgesInfo88","twitter_site":"@VosgesInfo88","twitter_misc":{"\u00c9crit par":"La redaction","Dur\u00e9e de lecture estim\u00e9e":"1 minute"},"schema":{"@context":"https:\/\/schema.org","@graph":[{"@type":"Article","@id":"https:\/\/vosgesinfo.fr\/gerardmerinfo\/2025\/07\/chloe-nicot-championne-deurope-de-canoe-a-bascov-roumanie\/#article","isPartOf":{"@id":"https:\/\/vosgesinfo.fr\/gerardmerinfo\/2025\/07\/chloe-nicot-championne-deurope-de-canoe-a-bascov-roumanie\/"},"author":{"name":"La redaction","@id":"https:\/\/vosgesinfo.fr\/gerardmerinfo\/#\/schema\/person\/27a3695b06db98895b354c0765cdfc31"},"headline":"Chlo\u00e9 Nicot, championne d&rsquo;Europe de cano\u00eb \u00e0 Bascov (Roumanie)","datePublished":"2025-07-08T12:45:36+00:00","dateModified":"2025-07-08T12:31:41+00:00","mainEntityOfPage":{"@id":"https:\/\/vosgesinfo.fr\/gerardmerinfo\/2025\/07\/chloe-nicot-championne-deurope-de-canoe-a-bascov-roumanie\/"},"wordCount":232,"commentCount":2,"publisher":{"@id":"https:\/\/vosgesinfo.fr\/gerardmerinfo\/#organization"},"image":{"@id":"https:\/\/vosgesinfo.fr\/gerardmerinfo\/2025\/07\/chloe-nicot-championne-deurope-de-canoe-a-bascov-roumanie\/#primaryimage"},"thumbnailUrl":"https:\/\/vosgesinfo.fr\/app\/uploads\/sites\/6\/2025\/07\/c.-nicot-asg-canoe-kayak.jpeg","keywords":["chlo\u00e9 nicot"],"articleSection":["A la une","G\u00e9rardmer","Gerardmer","Sport"],"inLanguage":"fr-FR","potentialAction":[{"@type":"CommentAction","name":"Comment","target":["https:\/\/vosgesinfo.fr\/gerardmerinfo\/2025\/07\/chloe-nicot-championne-deurope-de-canoe-a-bascov-roumanie\/#respond"]}]},{"@type":"WebPage","@id":"https:\/\/vosgesinfo.fr\/gerardmerinfo\/2025\/07\/chloe-nicot-championne-deurope-de-canoe-a-bascov-roumanie\/","url":"https:\/\/vosgesinfo.fr\/gerardmerinfo\/2025\/07\/chloe-nicot-championne-deurope-de-canoe-a-bascov-roumanie\/","name":"Chlo\u00e9 Nicot, championne d'Europe de cano\u00eb \u00e0 Bascov (Roumanie) - Gerardmer Info","isPartOf":{"@id":"https:\/\/vosgesinfo.fr\/gerardmerinfo\/#website"},"primaryImageOfPage":{"@id":"https:\/\/vosgesinfo.fr\/gerardmerinfo\/2025\/07\/chloe-nicot-championne-deurope-de-canoe-a-bascov-roumanie\/#primaryimage"},"image":{"@id":"https:\/\/vosgesinfo.fr\/gerardmerinfo\/2025\/07\/chloe-nicot-championne-deurope-de-canoe-a-bascov-roumanie\/#primaryimage"},"thumbnailUrl":"https:\/\/vosgesinfo.fr\/app\/uploads\/sites\/6\/2025\/07\/c.-nicot-asg-canoe-kayak.jpeg","datePublished":"2025-07-08T12:45:36+00:00","dateModified":"2025-07-08T12:31:41+00:00","breadcrumb":{"@id":"https:\/\/vosgesinfo.fr\/gerardmerinfo\/2025\/07\/chloe-nicot-championne-deurope-de-canoe-a-bascov-roumanie\/#breadcrumb"},"inLanguage":"fr-FR","potentialAction":[{"@type":"ReadAction","target":["https:\/\/vosgesinfo.fr\/gerardmerinfo\/2025\/07\/chloe-nicot-championne-deurope-de-canoe-a-bascov-roumanie\/"]}]},{"@type":"ImageObject","inLanguage":"fr-FR","@id":"https:\/\/vosgesinfo.fr\/gerardmerinfo\/2025\/07\/chloe-nicot-championne-deurope-de-canoe-a-bascov-roumanie\/#primaryimage","url":"https:\/\/vosgesinfo.fr\/app\/uploads\/sites\/6\/2025\/07\/c.-nicot-asg-canoe-kayak.jpeg","contentUrl":"https:\/\/vosgesinfo.fr\/app\/uploads\/sites\/6\/2025\/07\/c.-nicot-asg-canoe-kayak.jpeg","width":1080,"height":1330},{"@type":"BreadcrumbList","@id":"https:\/\/vosgesinfo.fr\/gerardmerinfo\/2025\/07\/chloe-nicot-championne-deurope-de-canoe-a-bascov-roumanie\/#breadcrumb","itemListElement":[{"@type":"ListItem","position":1,"name":"Home","item":"https:\/\/vosgesinfo.fr\/gerardmerinfo\/"},{"@type":"ListItem","position":2,"name":"Chlo\u00e9 Nicot, championne d&rsquo;Europe de cano\u00eb \u00e0 Bascov (Roumanie)"}]},{"@type":"WebSite","@id":"https:\/\/vosgesinfo.fr\/gerardmerinfo\/#website","url":"https:\/\/vosgesinfo.fr\/gerardmerinfo\/","name":"Gerardmer Info","description":"Toute l&#039;actualit\u00e9 de G\u00e9rardmer","publisher":{"@id":"https:\/\/vosgesinfo.fr\/gerardmerinfo\/#organization"},"alternateName":"Toute l'actualit\u00e9 de G\u00e9rardmer","potentialAction":[{"@type":"SearchAction","target":{"@type":"EntryPoint","urlTemplate":"https:\/\/vosgesinfo.fr\/gerardmerinfo\/?s={search_term_string}"},"query-input":"required name=search_term_string"}],"inLanguage":"fr-FR"},{"@type":"Organization","@id":"https:\/\/vosgesinfo.fr\/gerardmerinfo\/#organization","name":"Gerardmer Info","url":"https:\/\/vosgesinfo.fr\/gerardmerinfo\/","logo":{"@type":"ImageObject","inLanguage":"fr-FR","@id":"https:\/\/vosgesinfo.fr\/gerardmerinfo\/#\/schema\/logo\/image\/","url":"https:\/\/vosgesinfo.fr\/app\/uploads\/sites\/6\/2023\/08\/favicon-gerardmerinfo.png","contentUrl":"https:\/\/vosgesinfo.fr\/app\/uploads\/sites\/6\/2023\/08\/favicon-gerardmerinfo.png","width":512,"height":512,"caption":"Gerardmer Info"},"image":{"@id":"https:\/\/vosgesinfo.fr\/gerardmerinfo\/#\/schema\/logo\/image\/"},"sameAs":["https:\/\/www.facebook.com\/profile.php?id=100049475262660","https:\/\/x.com\/VosgesInfo88","https:\/\/www.youtube.com\/@vosgesinfo"]},{"@type":"Person","@id":"https:\/\/vosgesinfo.fr\/gerardmerinfo\/#\/schema\/person\/27a3695b06db98895b354c0765cdfc31","name":"La redaction","image":{"@type":"ImageObject","inLanguage":"fr-FR","@id":"https:\/\/vosgesinfo.fr\/gerardmerinfo\/#\/schema\/person\/image\/","url":"https:\/\/secure.gravatar.com\/avatar\/64c76a78e501cedee55736f43f332df901e1896ae9cd8fad269ae2236dd0e8b6?s=96&d=mm&r=g","contentUrl":"https:\/\/secure.gravatar.com\/avatar\/64c76a78e501cedee55736f43f332df901e1896ae9cd8fad269ae2236dd0e8b6?s=96&d=mm&r=g","caption":"La redaction"},"url":"https:\/\/vosgesinfo.fr\/gerardmerinfo\/author\/la-redaction\/"}]}},"_links":{"self":[{"href":"https:\/\/vosgesinfo.fr\/gerardmerinfo\/wp-json\/wp\/v2\/posts\/80344","targetHints":{"allow":["GET"]}}],"collection":[{"href":"https:\/\/vosgesinfo.fr\/gerardmerinfo\/wp-json\/wp\/v2\/posts"}],"about":[{"href":"https:\/\/vosgesinfo.fr\/gerardmerinfo\/wp-json\/wp\/v2\/types\/post"}],"author":[{"embeddable":true,"href":"https:\/\/vosgesinfo.fr\/gerardmerinfo\/wp-json\/wp\/v2\/users\/391"}],"replies":[{"embeddable":true,"href":"https:\/\/vosgesinfo.fr\/gerardmerinfo\/wp-json\/wp\/v2\/comments?post=80344"}],"version-history":[{"count":1,"href":"https:\/\/vosgesinfo.fr\/gerardmerinfo\/wp-json\/wp\/v2\/posts\/80344\/revisions"}],"predecessor-version":[{"id":80346,"href":"https:\/\/vosgesinfo.fr\/gerardmerinfo\/wp-json\/wp\/v2\/posts\/80344\/revisions\/80346"}],"wp:featuredmedia":[{"embeddable":true,"href":"https:\/\/vosgesinfo.fr\/gerardmerinfo\/wp-json\/wp\/v2\/media\/80345"}],"wp:attachment":[{"href":"https:\/\/vosgesinfo.fr\/gerardmerinfo\/wp-json\/wp\/v2\/media?parent=80344"}],"wp:term":[{"taxonomy":"category","embeddable":true,"href":"https:\/\/vosgesinfo.fr\/gerardmerinfo\/wp-json\/wp\/v2\/categories?post=80344"},{"taxonomy":"post_tag","embeddable":true,"href":"https:\/\/vosgesinfo.fr\/gerardmerinfo\/wp-json\/wp\/v2\/tags?post=80344"}],"curies":[{"name":"wp","href":"https:\/\/api.w.org\/{rel}","templated":true}]}}