{"id":80352,"date":"2025-07-08T16:45:52","date_gmt":"2025-07-08T14:45:52","guid":{"rendered":"https:\/\/vosgesinfo.fr\/gerardmerinfo\/?p=80352"},"modified":"2025-07-08T16:50:18","modified_gmt":"2025-07-08T14:50:18","slug":"granges-aumontzey-200-caravanes-installees-illegalement-depuis-lundi","status":"publish","type":"post","link":"https:\/\/vosgesinfo.fr\/gerardmerinfo\/2025\/07\/granges-aumontzey-200-caravanes-installees-illegalement-depuis-lundi\/","title":{"rendered":"Granges Aumontzey &#8211; 200 caravanes install\u00e9es ill\u00e9galement depuis dimanche"},"content":{"rendered":"<p><a href=\"https:\/\/vosgesinfo.fr\/app\/uploads\/sites\/6\/2025\/07\/img-20250708-121645-1.jpg\"><img decoding=\"async\" class=\"aligncenter size-large wp-image-80353\" src=\"https:\/\/vosgesinfo.fr\/app\/uploads\/sites\/6\/2025\/07\/img-20250708-121645-1-1024x768.jpg\" alt=\"\" width=\"1024\" height=\"768\" srcset=\"https:\/\/vosgesinfo.fr\/app\/uploads\/sites\/6\/2025\/07\/img-20250708-121645-1-1024x768.jpg 1024w, https:\/\/vosgesinfo.fr\/app\/uploads\/sites\/6\/2025\/07\/img-20250708-121645-1-300x225.jpg 300w, https:\/\/vosgesinfo.fr\/app\/uploads\/sites\/6\/2025\/07\/img-20250708-121645-1-768x576.jpg 768w, https:\/\/vosgesinfo.fr\/app\/uploads\/sites\/6\/2025\/07\/img-20250708-121645-1-1536x1152.jpg 1536w, https:\/\/vosgesinfo.fr\/app\/uploads\/sites\/6\/2025\/07\/img-20250708-121645-1.jpg 2048w\" sizes=\"(max-width: 1024px) 100vw, 1024px\" \/><\/a><\/p>\n<p>&nbsp;<\/p>\n<p>Environ 200 caravanes se sont install\u00e9es ill\u00e9galement dans un champ situ\u00e9 proche de l&rsquo;entr\u00e9e de la commune de Granges-Aumontzey (en arrivant de G\u00e9rardmer) depuis dimanche. M\u00eame probl\u00e9matique au Syndicat, dans le secteur de Peccavillers, o\u00f9 les exploitants agricoles ont r\u00e9agi en d\u00e9posant une plainte pour occupation ill\u00e9gale et en sortant les tonnes \u00e0 fumier pour tenter de faire fuir les gens du voyage&#8230;<\/p>\n<p>A Granges-Aumontzey, le maire de la commune est all\u00e9 \u00e0 la rencontre des occupants, faisant \u00e9tat de rapports tendus. Fr\u00e9d\u00e9ric Thomas s&rsquo;est \u00e9galement entretenu avec la direction du cabinet de la sous-pr\u00e9fecture concernant cette situation, faisant \u00e9galement part de son exasp\u00e9ration et de sa d\u00e9termination. \u00ab\u00a0<em>Il s&rsquo;agit d&rsquo;un\u00a0 terrain priv\u00e9 exploit\u00e9 par un GAEC. Les propri\u00e9taires veulent aller en r\u00e9f\u00e9r\u00e9 et nous les accompagneront\u00a0 juridiquement dans leur d\u00e9marche. Ma directrice g\u00e9n\u00e9rale des services les a rencontr\u00e9s \u00e0 14 h 00\u00a0 et nous avons \u00e9galement sollicit\u00e9 notre avocat. Par ailleurs, nous allons \u00e9galement porter plainte pour l&rsquo;utilisation ill\u00e9gale de la bouche \u00e0 incendie. J&rsquo;ajouterai aussi que l&rsquo;\u00e9lectricit\u00e9 a saut\u00e9 dans le quartier cet apr\u00e8s-midi, heureusement, j&rsquo;ai un adjoint comp\u00e9tent dans le domaine qui a pu r\u00e9soudre le probl\u00e8me avec ENEDIS. Je respecte, \u00e0 titre personnel, leur mode de vie, mais la communication est difficile avec ce groupe de gens du voyage, nous n&rsquo;avons pas d&rsquo;informations ni de demandes de leur part, c&rsquo;est compliqu\u00e9, et on a le sentiment d&rsquo;\u00eatre abandonn\u00e9 dans ce genre de situation<\/em>\u00a0\u00bb pr\u00e9cise le maire gringeaud.<\/p>\n<p>Fr\u00e9d\u00e9ric Thomas qui ajoute que les festivit\u00e9s du 14 juillet seront maintenues sur sa commune, mais qu&rsquo;il a fait la demande de renforts en mati\u00e8re de s\u00e9curit\u00e9.<\/p>\n","protected":false},"excerpt":{"rendered":"<p>&nbsp; Environ 200 caravanes se sont install\u00e9es ill\u00e9galement dans un champ situ\u00e9 proche de l&rsquo;entr\u00e9e de la commune de Granges-Aumontzey [&hellip;]<\/p>\n","protected":false},"author":391,"featured_media":80353,"comment_status":"closed","ping_status":"open","sticky":false,"template":"","format":"standard","meta":{"footnotes":""},"categories":[20,1445,8,5647],"tags":[],"class_list":["post-80352","post","type-post","status-publish","format-standard","has-post-thumbnail","hentry","category-a-la-une","category-fait-divers","category-faits-divers","category-gerardmer-autres-sites"],"acf":[],"yoast_head":"<!-- This site is optimized with the Yoast SEO plugin v22.5 - https:\/\/yoast.com\/wordpress\/plugins\/seo\/ -->\n<title>Granges Aumontzey - 200 caravanes install\u00e9es ill\u00e9galement depuis dimanche - Gerardmer Info<\/title>\n<meta name=\"robots\" content=\"index, follow, max-snippet:-1, max-image-preview:large, max-video-preview:-1\" \/>\n<link rel=\"canonical\" href=\"https:\/\/vosgesinfo.fr\/gerardmerinfo\/2025\/07\/granges-aumontzey-200-caravanes-installees-illegalement-depuis-lundi\/\" \/>\n<meta name=\"twitter:card\" content=\"summary_large_image\" \/>\n<meta name=\"twitter:title\" content=\"Granges Aumontzey - 200 caravanes install\u00e9es ill\u00e9galement depuis dimanche - Gerardmer Info\" \/>\n<meta name=\"twitter:description\" content=\"&nbsp; Environ 200 caravanes se sont install\u00e9es ill\u00e9galement dans un champ situ\u00e9 proche de l&rsquo;entr\u00e9e de la commune de Granges-Aumontzey [&hellip;]\" \/>\n<meta name=\"twitter:image\" content=\"https:\/\/vosgesinfo.fr\/app\/uploads\/sites\/6\/2025\/07\/img-20250708-121645-1.jpg\" \/>\n<meta name=\"twitter:creator\" content=\"@VosgesInfo88\" \/>\n<meta name=\"twitter:site\" content=\"@VosgesInfo88\" \/>\n<meta name=\"twitter:label1\" content=\"\u00c9crit par\" \/>\n\t<meta name=\"twitter:data1\" content=\"La redaction\" \/>\n\t<meta name=\"twitter:label2\" content=\"Dur\u00e9e de lecture estim\u00e9e\" \/>\n\t<meta name=\"twitter:data2\" content=\"2 minutes\" \/>\n<script type=\"application\/ld+json\" class=\"yoast-schema-graph\">{\"@context\":\"https:\/\/schema.org\",\"@graph\":[{\"@type\":\"Article\",\"@id\":\"https:\/\/vosgesinfo.fr\/gerardmerinfo\/2025\/07\/granges-aumontzey-200-caravanes-installees-illegalement-depuis-lundi\/#article\",\"isPartOf\":{\"@id\":\"https:\/\/vosgesinfo.fr\/gerardmerinfo\/2025\/07\/granges-aumontzey-200-caravanes-installees-illegalement-depuis-lundi\/\"},\"author\":{\"name\":\"La redaction\",\"@id\":\"https:\/\/vosgesinfo.fr\/gerardmerinfo\/#\/schema\/person\/27a3695b06db98895b354c0765cdfc31\"},\"headline\":\"Granges Aumontzey &#8211; 200 caravanes install\u00e9es ill\u00e9galement depuis dimanche\",\"datePublished\":\"2025-07-08T14:45:52+00:00\",\"dateModified\":\"2025-07-08T14:50:18+00:00\",\"mainEntityOfPage\":{\"@id\":\"https:\/\/vosgesinfo.fr\/gerardmerinfo\/2025\/07\/granges-aumontzey-200-caravanes-installees-illegalement-depuis-lundi\/\"},\"wordCount\":315,\"publisher\":{\"@id\":\"https:\/\/vosgesinfo.fr\/gerardmerinfo\/#organization\"},\"image\":{\"@id\":\"https:\/\/vosgesinfo.fr\/gerardmerinfo\/2025\/07\/granges-aumontzey-200-caravanes-installees-illegalement-depuis-lundi\/#primaryimage\"},\"thumbnailUrl\":\"https:\/\/vosgesinfo.fr\/app\/uploads\/sites\/6\/2025\/07\/img-20250708-121645-1.jpg\",\"articleSection\":[\"A la une\",\"Fait Divers\",\"Faits-divers\",\"Gerardmer\"],\"inLanguage\":\"fr-FR\"},{\"@type\":\"WebPage\",\"@id\":\"https:\/\/vosgesinfo.fr\/gerardmerinfo\/2025\/07\/granges-aumontzey-200-caravanes-installees-illegalement-depuis-lundi\/\",\"url\":\"https:\/\/vosgesinfo.fr\/gerardmerinfo\/2025\/07\/granges-aumontzey-200-caravanes-installees-illegalement-depuis-lundi\/\",\"name\":\"Granges Aumontzey - 200 caravanes install\u00e9es ill\u00e9galement depuis dimanche - Gerardmer Info\",\"isPartOf\":{\"@id\":\"https:\/\/vosgesinfo.fr\/gerardmerinfo\/#website\"},\"primaryImageOfPage\":{\"@id\":\"https:\/\/vosgesinfo.fr\/gerardmerinfo\/2025\/07\/granges-aumontzey-200-caravanes-installees-illegalement-depuis-lundi\/#primaryimage\"},\"image\":{\"@id\":\"https:\/\/vosgesinfo.fr\/gerardmerinfo\/2025\/07\/granges-aumontzey-200-caravanes-installees-illegalement-depuis-lundi\/#primaryimage\"},\"thumbnailUrl\":\"https:\/\/vosgesinfo.fr\/app\/uploads\/sites\/6\/2025\/07\/img-20250708-121645-1.jpg\",\"datePublished\":\"2025-07-08T14:45:52+00:00\",\"dateModified\":\"2025-07-08T14:50:18+00:00\",\"breadcrumb\":{\"@id\":\"https:\/\/vosgesinfo.fr\/gerardmerinfo\/2025\/07\/granges-aumontzey-200-caravanes-installees-illegalement-depuis-lundi\/#breadcrumb\"},\"inLanguage\":\"fr-FR\",\"potentialAction\":[{\"@type\":\"ReadAction\",\"target\":[\"https:\/\/vosgesinfo.fr\/gerardmerinfo\/2025\/07\/granges-aumontzey-200-caravanes-installees-illegalement-depuis-lundi\/\"]}]},{\"@type\":\"ImageObject\",\"inLanguage\":\"fr-FR\",\"@id\":\"https:\/\/vosgesinfo.fr\/gerardmerinfo\/2025\/07\/granges-aumontzey-200-caravanes-installees-illegalement-depuis-lundi\/#primaryimage\",\"url\":\"https:\/\/vosgesinfo.fr\/app\/uploads\/sites\/6\/2025\/07\/img-20250708-121645-1.jpg\",\"contentUrl\":\"https:\/\/vosgesinfo.fr\/app\/uploads\/sites\/6\/2025\/07\/img-20250708-121645-1.jpg\",\"width\":2048,\"height\":1536},{\"@type\":\"BreadcrumbList\",\"@id\":\"https:\/\/vosgesinfo.fr\/gerardmerinfo\/2025\/07\/granges-aumontzey-200-caravanes-installees-illegalement-depuis-lundi\/#breadcrumb\",\"itemListElement\":[{\"@type\":\"ListItem\",\"position\":1,\"name\":\"Home\",\"item\":\"https:\/\/vosgesinfo.fr\/gerardmerinfo\/\"},{\"@type\":\"ListItem\",\"position\":2,\"name\":\"Granges Aumontzey &#8211; 200 caravanes install\u00e9es ill\u00e9galement depuis dimanche\"}]},{\"@type\":\"WebSite\",\"@id\":\"https:\/\/vosgesinfo.fr\/gerardmerinfo\/#website\",\"url\":\"https:\/\/vosgesinfo.fr\/gerardmerinfo\/\",\"name\":\"Gerardmer Info\",\"description\":\"Toute l&#039;actualit\u00e9 de G\u00e9rardmer\",\"publisher\":{\"@id\":\"https:\/\/vosgesinfo.fr\/gerardmerinfo\/#organization\"},\"alternateName\":\"Toute l'actualit\u00e9 de G\u00e9rardmer\",\"potentialAction\":[{\"@type\":\"SearchAction\",\"target\":{\"@type\":\"EntryPoint\",\"urlTemplate\":\"https:\/\/vosgesinfo.fr\/gerardmerinfo\/?s={search_term_string}\"},\"query-input\":\"required name=search_term_string\"}],\"inLanguage\":\"fr-FR\"},{\"@type\":\"Organization\",\"@id\":\"https:\/\/vosgesinfo.fr\/gerardmerinfo\/#organization\",\"name\":\"Gerardmer Info\",\"url\":\"https:\/\/vosgesinfo.fr\/gerardmerinfo\/\",\"logo\":{\"@type\":\"ImageObject\",\"inLanguage\":\"fr-FR\",\"@id\":\"https:\/\/vosgesinfo.fr\/gerardmerinfo\/#\/schema\/logo\/image\/\",\"url\":\"https:\/\/vosgesinfo.fr\/app\/uploads\/sites\/6\/2023\/08\/favicon-gerardmerinfo.png\",\"contentUrl\":\"https:\/\/vosgesinfo.fr\/app\/uploads\/sites\/6\/2023\/08\/favicon-gerardmerinfo.png\",\"width\":512,\"height\":512,\"caption\":\"Gerardmer Info\"},\"image\":{\"@id\":\"https:\/\/vosgesinfo.fr\/gerardmerinfo\/#\/schema\/logo\/image\/\"},\"sameAs\":[\"https:\/\/www.facebook.com\/profile.php?id=100049475262660\",\"https:\/\/x.com\/VosgesInfo88\",\"https:\/\/www.youtube.com\/@vosgesinfo\"]},{\"@type\":\"Person\",\"@id\":\"https:\/\/vosgesinfo.fr\/gerardmerinfo\/#\/schema\/person\/27a3695b06db98895b354c0765cdfc31\",\"name\":\"La redaction\",\"image\":{\"@type\":\"ImageObject\",\"inLanguage\":\"fr-FR\",\"@id\":\"https:\/\/vosgesinfo.fr\/gerardmerinfo\/#\/schema\/person\/image\/\",\"url\":\"https:\/\/secure.gravatar.com\/avatar\/64c76a78e501cedee55736f43f332df901e1896ae9cd8fad269ae2236dd0e8b6?s=96&d=mm&r=g\",\"contentUrl\":\"https:\/\/secure.gravatar.com\/avatar\/64c76a78e501cedee55736f43f332df901e1896ae9cd8fad269ae2236dd0e8b6?s=96&d=mm&r=g\",\"caption\":\"La redaction\"},\"url\":\"https:\/\/vosgesinfo.fr\/gerardmerinfo\/author\/la-redaction\/\"}]}<\/script>\n<!-- \/ Yoast SEO plugin. -->","yoast_head_json":{"title":"Granges Aumontzey - 200 caravanes install\u00e9es ill\u00e9galement depuis dimanche - Gerardmer Info","robots":{"index":"index","follow":"follow","max-snippet":"max-snippet:-1","max-image-preview":"max-image-preview:large","max-video-preview":"max-video-preview:-1"},"canonical":"https:\/\/vosgesinfo.fr\/gerardmerinfo\/2025\/07\/granges-aumontzey-200-caravanes-installees-illegalement-depuis-lundi\/","twitter_card":"summary_large_image","twitter_title":"Granges Aumontzey - 200 caravanes install\u00e9es ill\u00e9galement depuis dimanche - Gerardmer Info","twitter_description":"&nbsp; Environ 200 caravanes se sont install\u00e9es ill\u00e9galement dans un champ situ\u00e9 proche de l&rsquo;entr\u00e9e de la commune de Granges-Aumontzey [&hellip;]","twitter_image":"https:\/\/vosgesinfo.fr\/app\/uploads\/sites\/6\/2025\/07\/img-20250708-121645-1.jpg","twitter_creator":"@VosgesInfo88","twitter_site":"@VosgesInfo88","twitter_misc":{"\u00c9crit par":"La redaction","Dur\u00e9e de lecture estim\u00e9e":"2 minutes"},"schema":{"@context":"https:\/\/schema.org","@graph":[{"@type":"Article","@id":"https:\/\/vosgesinfo.fr\/gerardmerinfo\/2025\/07\/granges-aumontzey-200-caravanes-installees-illegalement-depuis-lundi\/#article","isPartOf":{"@id":"https:\/\/vosgesinfo.fr\/gerardmerinfo\/2025\/07\/granges-aumontzey-200-caravanes-installees-illegalement-depuis-lundi\/"},"author":{"name":"La redaction","@id":"https:\/\/vosgesinfo.fr\/gerardmerinfo\/#\/schema\/person\/27a3695b06db98895b354c0765cdfc31"},"headline":"Granges Aumontzey &#8211; 200 caravanes install\u00e9es ill\u00e9galement depuis dimanche","datePublished":"2025-07-08T14:45:52+00:00","dateModified":"2025-07-08T14:50:18+00:00","mainEntityOfPage":{"@id":"https:\/\/vosgesinfo.fr\/gerardmerinfo\/2025\/07\/granges-aumontzey-200-caravanes-installees-illegalement-depuis-lundi\/"},"wordCount":315,"publisher":{"@id":"https:\/\/vosgesinfo.fr\/gerardmerinfo\/#organization"},"image":{"@id":"https:\/\/vosgesinfo.fr\/gerardmerinfo\/2025\/07\/granges-aumontzey-200-caravanes-installees-illegalement-depuis-lundi\/#primaryimage"},"thumbnailUrl":"https:\/\/vosgesinfo.fr\/app\/uploads\/sites\/6\/2025\/07\/img-20250708-121645-1.jpg","articleSection":["A la une","Fait Divers","Faits-divers","Gerardmer"],"inLanguage":"fr-FR"},{"@type":"WebPage","@id":"https:\/\/vosgesinfo.fr\/gerardmerinfo\/2025\/07\/granges-aumontzey-200-caravanes-installees-illegalement-depuis-lundi\/","url":"https:\/\/vosgesinfo.fr\/gerardmerinfo\/2025\/07\/granges-aumontzey-200-caravanes-installees-illegalement-depuis-lundi\/","name":"Granges Aumontzey - 200 caravanes install\u00e9es ill\u00e9galement depuis dimanche - Gerardmer Info","isPartOf":{"@id":"https:\/\/vosgesinfo.fr\/gerardmerinfo\/#website"},"primaryImageOfPage":{"@id":"https:\/\/vosgesinfo.fr\/gerardmerinfo\/2025\/07\/granges-aumontzey-200-caravanes-installees-illegalement-depuis-lundi\/#primaryimage"},"image":{"@id":"https:\/\/vosgesinfo.fr\/gerardmerinfo\/2025\/07\/granges-aumontzey-200-caravanes-installees-illegalement-depuis-lundi\/#primaryimage"},"thumbnailUrl":"https:\/\/vosgesinfo.fr\/app\/uploads\/sites\/6\/2025\/07\/img-20250708-121645-1.jpg","datePublished":"2025-07-08T14:45:52+00:00","dateModified":"2025-07-08T14:50:18+00:00","breadcrumb":{"@id":"https:\/\/vosgesinfo.fr\/gerardmerinfo\/2025\/07\/granges-aumontzey-200-caravanes-installees-illegalement-depuis-lundi\/#breadcrumb"},"inLanguage":"fr-FR","potentialAction":[{"@type":"ReadAction","target":["https:\/\/vosgesinfo.fr\/gerardmerinfo\/2025\/07\/granges-aumontzey-200-caravanes-installees-illegalement-depuis-lundi\/"]}]},{"@type":"ImageObject","inLanguage":"fr-FR","@id":"https:\/\/vosgesinfo.fr\/gerardmerinfo\/2025\/07\/granges-aumontzey-200-caravanes-installees-illegalement-depuis-lundi\/#primaryimage","url":"https:\/\/vosgesinfo.fr\/app\/uploads\/sites\/6\/2025\/07\/img-20250708-121645-1.jpg","contentUrl":"https:\/\/vosgesinfo.fr\/app\/uploads\/sites\/6\/2025\/07\/img-20250708-121645-1.jpg","width":2048,"height":1536},{"@type":"BreadcrumbList","@id":"https:\/\/vosgesinfo.fr\/gerardmerinfo\/2025\/07\/granges-aumontzey-200-caravanes-installees-illegalement-depuis-lundi\/#breadcrumb","itemListElement":[{"@type":"ListItem","position":1,"name":"Home","item":"https:\/\/vosgesinfo.fr\/gerardmerinfo\/"},{"@type":"ListItem","position":2,"name":"Granges Aumontzey &#8211; 200 caravanes install\u00e9es ill\u00e9galement depuis dimanche"}]},{"@type":"WebSite","@id":"https:\/\/vosgesinfo.fr\/gerardmerinfo\/#website","url":"https:\/\/vosgesinfo.fr\/gerardmerinfo\/","name":"Gerardmer Info","description":"Toute l&#039;actualit\u00e9 de G\u00e9rardmer","publisher":{"@id":"https:\/\/vosgesinfo.fr\/gerardmerinfo\/#organization"},"alternateName":"Toute l'actualit\u00e9 de G\u00e9rardmer","potentialAction":[{"@type":"SearchAction","target":{"@type":"EntryPoint","urlTemplate":"https:\/\/vosgesinfo.fr\/gerardmerinfo\/?s={search_term_string}"},"query-input":"required name=search_term_string"}],"inLanguage":"fr-FR"},{"@type":"Organization","@id":"https:\/\/vosgesinfo.fr\/gerardmerinfo\/#organization","name":"Gerardmer Info","url":"https:\/\/vosgesinfo.fr\/gerardmerinfo\/","logo":{"@type":"ImageObject","inLanguage":"fr-FR","@id":"https:\/\/vosgesinfo.fr\/gerardmerinfo\/#\/schema\/logo\/image\/","url":"https:\/\/vosgesinfo.fr\/app\/uploads\/sites\/6\/2023\/08\/favicon-gerardmerinfo.png","contentUrl":"https:\/\/vosgesinfo.fr\/app\/uploads\/sites\/6\/2023\/08\/favicon-gerardmerinfo.png","width":512,"height":512,"caption":"Gerardmer Info"},"image":{"@id":"https:\/\/vosgesinfo.fr\/gerardmerinfo\/#\/schema\/logo\/image\/"},"sameAs":["https:\/\/www.facebook.com\/profile.php?id=100049475262660","https:\/\/x.com\/VosgesInfo88","https:\/\/www.youtube.com\/@vosgesinfo"]},{"@type":"Person","@id":"https:\/\/vosgesinfo.fr\/gerardmerinfo\/#\/schema\/person\/27a3695b06db98895b354c0765cdfc31","name":"La redaction","image":{"@type":"ImageObject","inLanguage":"fr-FR","@id":"https:\/\/vosgesinfo.fr\/gerardmerinfo\/#\/schema\/person\/image\/","url":"https:\/\/secure.gravatar.com\/avatar\/64c76a78e501cedee55736f43f332df901e1896ae9cd8fad269ae2236dd0e8b6?s=96&d=mm&r=g","contentUrl":"https:\/\/secure.gravatar.com\/avatar\/64c76a78e501cedee55736f43f332df901e1896ae9cd8fad269ae2236dd0e8b6?s=96&d=mm&r=g","caption":"La redaction"},"url":"https:\/\/vosgesinfo.fr\/gerardmerinfo\/author\/la-redaction\/"}]}},"_links":{"self":[{"href":"https:\/\/vosgesinfo.fr\/gerardmerinfo\/wp-json\/wp\/v2\/posts\/80352","targetHints":{"allow":["GET"]}}],"collection":[{"href":"https:\/\/vosgesinfo.fr\/gerardmerinfo\/wp-json\/wp\/v2\/posts"}],"about":[{"href":"https:\/\/vosgesinfo.fr\/gerardmerinfo\/wp-json\/wp\/v2\/types\/post"}],"author":[{"embeddable":true,"href":"https:\/\/vosgesinfo.fr\/gerardmerinfo\/wp-json\/wp\/v2\/users\/391"}],"replies":[{"embeddable":true,"href":"https:\/\/vosgesinfo.fr\/gerardmerinfo\/wp-json\/wp\/v2\/comments?post=80352"}],"version-history":[{"count":4,"href":"https:\/\/vosgesinfo.fr\/gerardmerinfo\/wp-json\/wp\/v2\/posts\/80352\/revisions"}],"predecessor-version":[{"id":80358,"href":"https:\/\/vosgesinfo.fr\/gerardmerinfo\/wp-json\/wp\/v2\/posts\/80352\/revisions\/80358"}],"wp:featuredmedia":[{"embeddable":true,"href":"https:\/\/vosgesinfo.fr\/gerardmerinfo\/wp-json\/wp\/v2\/media\/80353"}],"wp:attachment":[{"href":"https:\/\/vosgesinfo.fr\/gerardmerinfo\/wp-json\/wp\/v2\/media?parent=80352"}],"wp:term":[{"taxonomy":"category","embeddable":true,"href":"https:\/\/vosgesinfo.fr\/gerardmerinfo\/wp-json\/wp\/v2\/categories?post=80352"},{"taxonomy":"post_tag","embeddable":true,"href":"https:\/\/vosgesinfo.fr\/gerardmerinfo\/wp-json\/wp\/v2\/tags?post=80352"}],"curies":[{"name":"wp","href":"https:\/\/api.w.org\/{rel}","templated":true}]}}