{"id":80409,"date":"2025-07-10T15:10:59","date_gmt":"2025-07-10T13:10:59","guid":{"rendered":"https:\/\/vosgesinfo.fr\/gerardmerinfo\/?p=80409"},"modified":"2025-07-10T15:10:59","modified_gmt":"2025-07-10T13:10:59","slug":"un-nouveau-poste-provisoire-pour-la-gendarmerie-au-col-de-la-schlucht","status":"publish","type":"post","link":"https:\/\/vosgesinfo.fr\/gerardmerinfo\/2025\/07\/un-nouveau-poste-provisoire-pour-la-gendarmerie-au-col-de-la-schlucht\/","title":{"rendered":"Un nouveau poste provisoire pour la gendarmerie au col de la Schlucht"},"content":{"rendered":"<div id=\"attachment_83609\" style=\"width: 2058px\" class=\"wp-caption aligncenter\"><a href=\"https:\/\/vosgesinfo.fr\/app\/uploads\/sites\/5\/2025\/07\/gendarmerie-col-de-la-schlucht1.jpg\"><img decoding=\"async\" aria-describedby=\"caption-attachment-83609\" class=\"size-full wp-image-83609\" src=\"https:\/\/vosgesinfo.fr\/app\/uploads\/sites\/5\/2025\/07\/gendarmerie-col-de-la-schlucht1.jpg\" alt=\"\" width=\"2048\" height=\"1354\" \/><\/a><p id=\"caption-attachment-83609\" class=\"wp-caption-text\">Photographie : Gendarmerie des Vosges.<\/p><\/div>\n<p data-start=\"142\" data-end=\"432\"><strong>Face \u00e0 l\u2019importante affluence estivale dans le secteur, la gendarmerie des Vosges renforce sa pr\u00e9sence en montagne avec l\u2019ouverture d\u2019un poste provisoire au col de la Schlucht, au c\u0153ur du massif vosgien. Ce nouveau local, install\u00e9 dans le b\u00e2timent du T\u00e9tras, est d\u00e9sormais op\u00e9rationnel.<\/strong><\/p>\n<p data-start=\"434\" data-end=\"690\">Cette implantation a \u00e9t\u00e9 rendue possible gr\u00e2ce \u00e0 une convention entre le Conseil d\u00e9partemental des Vosges, le groupe Labellemontagne et la gendarmerie. Elle marque une \u00e9tape importante dans la strat\u00e9gie de pr\u00e9vention et de s\u00e9curit\u00e9 en zone de montagne.<\/p>\n<p data-start=\"692\" data-end=\"743\"><strong>Un point d\u2019appui pour les missions de proximit\u00e9<\/strong><\/p>\n<p data-start=\"745\" data-end=\"1105\">Ce poste saisonnier, rattach\u00e9 \u00e0 la brigade de Fraize et renforc\u00e9 par des gendarmes r\u00e9servistes, permettra aux militaires d\u2019assurer leurs missions dans des conditions optimales :<br data-start=\"926\" data-end=\"929\" \/>\u2013 Sensibilisation du public sur les sentiers,<br data-start=\"978\" data-end=\"981\" \/>\u2013 Pr\u00e9vention des incivilit\u00e9s,<br data-start=\"1014\" data-end=\"1017\" \/>\u2013 Protection de l\u2019environnement,<br data-start=\"1053\" data-end=\"1056\" \/>\u2013 Et bien s\u00fbr, intervention en cas de besoin.<\/p>\n<p data-start=\"1107\" data-end=\"1163\"><strong>Un engagement collectif pour la s\u00e9curit\u00e9 en montagne<\/strong><\/p>\n<p data-start=\"1165\" data-end=\"1373\">La gendarmerie rappelle que la s\u00e9curit\u00e9 en montagne est l\u2019affaire de tous. Promeneurs, randonneurs ou touristes de passage : chacun a un r\u00f4le \u00e0 jouer pour pr\u00e9server cet environnement naturel exceptionnel.<\/p>\n<div id=\"attachment_83610\" style=\"width: 2058px\" class=\"wp-caption aligncenter\"><a href=\"https:\/\/vosgesinfo.fr\/app\/uploads\/sites\/5\/2025\/07\/gendarmerie-col-de-la-schlucht2.jpg\"><img decoding=\"async\" aria-describedby=\"caption-attachment-83610\" class=\"size-full wp-image-83610\" src=\"https:\/\/vosgesinfo.fr\/app\/uploads\/sites\/5\/2025\/07\/gendarmerie-col-de-la-schlucht2.jpg\" alt=\"\" width=\"2048\" height=\"1402\" \/><\/a><p id=\"caption-attachment-83610\" class=\"wp-caption-text\">Photographie : Gendarmerie des Vosges.<\/p><\/div>\n","protected":false},"excerpt":{"rendered":"<p>Face \u00e0 l\u2019importante affluence estivale dans le secteur, la gendarmerie des Vosges renforce sa pr\u00e9sence en montagne avec l\u2019ouverture d\u2019un [&hellip;]<\/p>\n","protected":false},"author":418,"featured_media":80410,"comment_status":"open","ping_status":"open","sticky":false,"template":"","format":"standard","meta":{"footnotes":""},"categories":[20,25,868,5806,18],"tags":[718,1053,6017],"class_list":["post-80409","post","type-post","status-publish","format-standard","has-post-thumbnail","hentry","category-a-la-une","category-gerardmer","category-remiremont","category-securite","category-vosges","tag-col-de-la-schlucht","tag-conseil-departemental-des-vosges","tag-gendarmerie-des-vosges"],"acf":[],"yoast_head":"<!-- This site is optimized with the Yoast SEO plugin v22.5 - https:\/\/yoast.com\/wordpress\/plugins\/seo\/ -->\n<title>Un nouveau poste provisoire pour la gendarmerie au col de la Schlucht - Gerardmer Info<\/title>\n<meta name=\"robots\" content=\"index, follow, max-snippet:-1, max-image-preview:large, max-video-preview:-1\" \/>\n<link rel=\"canonical\" href=\"https:\/\/vosgesinfo.fr\/gerardmerinfo\/2025\/07\/un-nouveau-poste-provisoire-pour-la-gendarmerie-au-col-de-la-schlucht\/\" \/>\n<meta name=\"twitter:card\" content=\"summary_large_image\" \/>\n<meta name=\"twitter:title\" content=\"Un nouveau poste provisoire pour la gendarmerie au col de la Schlucht - Gerardmer Info\" \/>\n<meta name=\"twitter:description\" content=\"Face \u00e0 l\u2019importante affluence estivale dans le secteur, la gendarmerie des Vosges renforce sa pr\u00e9sence en montagne avec l\u2019ouverture d\u2019un [&hellip;]\" \/>\n<meta name=\"twitter:image\" content=\"https:\/\/vosgesinfo.fr\/app\/uploads\/sites\/6\/2025\/07\/gendarmerie-col-de-la-schlucht1.jpg\" \/>\n<meta name=\"twitter:creator\" content=\"@VosgesInfo88\" \/>\n<meta name=\"twitter:site\" content=\"@VosgesInfo88\" \/>\n<meta name=\"twitter:label1\" content=\"\u00c9crit par\" \/>\n\t<meta name=\"twitter:data1\" content=\"C.M\" \/>\n\t<meta name=\"twitter:label2\" content=\"Dur\u00e9e de lecture estim\u00e9e\" \/>\n\t<meta name=\"twitter:data2\" content=\"1 minute\" \/>\n<script type=\"application\/ld+json\" class=\"yoast-schema-graph\">{\"@context\":\"https:\/\/schema.org\",\"@graph\":[{\"@type\":\"Article\",\"@id\":\"https:\/\/vosgesinfo.fr\/gerardmerinfo\/2025\/07\/un-nouveau-poste-provisoire-pour-la-gendarmerie-au-col-de-la-schlucht\/#article\",\"isPartOf\":{\"@id\":\"https:\/\/vosgesinfo.fr\/gerardmerinfo\/2025\/07\/un-nouveau-poste-provisoire-pour-la-gendarmerie-au-col-de-la-schlucht\/\"},\"author\":{\"name\":\"C.M\",\"@id\":\"https:\/\/vosgesinfo.fr\/gerardmerinfo\/#\/schema\/person\/4f38cd3068e342935b7304695c797d08\"},\"headline\":\"Un nouveau poste provisoire pour la gendarmerie au col de la Schlucht\",\"datePublished\":\"2025-07-10T13:10:59+00:00\",\"dateModified\":\"2025-07-10T13:10:59+00:00\",\"mainEntityOfPage\":{\"@id\":\"https:\/\/vosgesinfo.fr\/gerardmerinfo\/2025\/07\/un-nouveau-poste-provisoire-pour-la-gendarmerie-au-col-de-la-schlucht\/\"},\"wordCount\":230,\"commentCount\":0,\"publisher\":{\"@id\":\"https:\/\/vosgesinfo.fr\/gerardmerinfo\/#organization\"},\"image\":{\"@id\":\"https:\/\/vosgesinfo.fr\/gerardmerinfo\/2025\/07\/un-nouveau-poste-provisoire-pour-la-gendarmerie-au-col-de-la-schlucht\/#primaryimage\"},\"thumbnailUrl\":\"https:\/\/vosgesinfo.fr\/app\/uploads\/sites\/6\/2025\/07\/gendarmerie-col-de-la-schlucht1.jpg\",\"keywords\":[\"col de la Schlucht\",\"Conseil d\u00e9partemental des Vosges\",\"gendarmerie des Vosges\"],\"articleSection\":[\"A la une\",\"G\u00e9rardmer\",\"Remiremont\",\"S\u00e9curit\u00e9\",\"Vosges\"],\"inLanguage\":\"fr-FR\",\"potentialAction\":[{\"@type\":\"CommentAction\",\"name\":\"Comment\",\"target\":[\"https:\/\/vosgesinfo.fr\/gerardmerinfo\/2025\/07\/un-nouveau-poste-provisoire-pour-la-gendarmerie-au-col-de-la-schlucht\/#respond\"]}]},{\"@type\":\"WebPage\",\"@id\":\"https:\/\/vosgesinfo.fr\/gerardmerinfo\/2025\/07\/un-nouveau-poste-provisoire-pour-la-gendarmerie-au-col-de-la-schlucht\/\",\"url\":\"https:\/\/vosgesinfo.fr\/gerardmerinfo\/2025\/07\/un-nouveau-poste-provisoire-pour-la-gendarmerie-au-col-de-la-schlucht\/\",\"name\":\"Un nouveau poste provisoire pour la gendarmerie au col de la Schlucht - Gerardmer Info\",\"isPartOf\":{\"@id\":\"https:\/\/vosgesinfo.fr\/gerardmerinfo\/#website\"},\"primaryImageOfPage\":{\"@id\":\"https:\/\/vosgesinfo.fr\/gerardmerinfo\/2025\/07\/un-nouveau-poste-provisoire-pour-la-gendarmerie-au-col-de-la-schlucht\/#primaryimage\"},\"image\":{\"@id\":\"https:\/\/vosgesinfo.fr\/gerardmerinfo\/2025\/07\/un-nouveau-poste-provisoire-pour-la-gendarmerie-au-col-de-la-schlucht\/#primaryimage\"},\"thumbnailUrl\":\"https:\/\/vosgesinfo.fr\/app\/uploads\/sites\/6\/2025\/07\/gendarmerie-col-de-la-schlucht1.jpg\",\"datePublished\":\"2025-07-10T13:10:59+00:00\",\"dateModified\":\"2025-07-10T13:10:59+00:00\",\"breadcrumb\":{\"@id\":\"https:\/\/vosgesinfo.fr\/gerardmerinfo\/2025\/07\/un-nouveau-poste-provisoire-pour-la-gendarmerie-au-col-de-la-schlucht\/#breadcrumb\"},\"inLanguage\":\"fr-FR\",\"potentialAction\":[{\"@type\":\"ReadAction\",\"target\":[\"https:\/\/vosgesinfo.fr\/gerardmerinfo\/2025\/07\/un-nouveau-poste-provisoire-pour-la-gendarmerie-au-col-de-la-schlucht\/\"]}]},{\"@type\":\"ImageObject\",\"inLanguage\":\"fr-FR\",\"@id\":\"https:\/\/vosgesinfo.fr\/gerardmerinfo\/2025\/07\/un-nouveau-poste-provisoire-pour-la-gendarmerie-au-col-de-la-schlucht\/#primaryimage\",\"url\":\"https:\/\/vosgesinfo.fr\/app\/uploads\/sites\/6\/2025\/07\/gendarmerie-col-de-la-schlucht1.jpg\",\"contentUrl\":\"https:\/\/vosgesinfo.fr\/app\/uploads\/sites\/6\/2025\/07\/gendarmerie-col-de-la-schlucht1.jpg\",\"width\":2048,\"height\":1354},{\"@type\":\"BreadcrumbList\",\"@id\":\"https:\/\/vosgesinfo.fr\/gerardmerinfo\/2025\/07\/un-nouveau-poste-provisoire-pour-la-gendarmerie-au-col-de-la-schlucht\/#breadcrumb\",\"itemListElement\":[{\"@type\":\"ListItem\",\"position\":1,\"name\":\"Home\",\"item\":\"https:\/\/vosgesinfo.fr\/gerardmerinfo\/\"},{\"@type\":\"ListItem\",\"position\":2,\"name\":\"Un nouveau poste provisoire pour la gendarmerie au col de la Schlucht\"}]},{\"@type\":\"WebSite\",\"@id\":\"https:\/\/vosgesinfo.fr\/gerardmerinfo\/#website\",\"url\":\"https:\/\/vosgesinfo.fr\/gerardmerinfo\/\",\"name\":\"Gerardmer Info\",\"description\":\"Toute l&#039;actualit\u00e9 de G\u00e9rardmer\",\"publisher\":{\"@id\":\"https:\/\/vosgesinfo.fr\/gerardmerinfo\/#organization\"},\"alternateName\":\"Toute l'actualit\u00e9 de G\u00e9rardmer\",\"potentialAction\":[{\"@type\":\"SearchAction\",\"target\":{\"@type\":\"EntryPoint\",\"urlTemplate\":\"https:\/\/vosgesinfo.fr\/gerardmerinfo\/?s={search_term_string}\"},\"query-input\":\"required name=search_term_string\"}],\"inLanguage\":\"fr-FR\"},{\"@type\":\"Organization\",\"@id\":\"https:\/\/vosgesinfo.fr\/gerardmerinfo\/#organization\",\"name\":\"Gerardmer Info\",\"url\":\"https:\/\/vosgesinfo.fr\/gerardmerinfo\/\",\"logo\":{\"@type\":\"ImageObject\",\"inLanguage\":\"fr-FR\",\"@id\":\"https:\/\/vosgesinfo.fr\/gerardmerinfo\/#\/schema\/logo\/image\/\",\"url\":\"https:\/\/vosgesinfo.fr\/app\/uploads\/sites\/6\/2023\/08\/favicon-gerardmerinfo.png\",\"contentUrl\":\"https:\/\/vosgesinfo.fr\/app\/uploads\/sites\/6\/2023\/08\/favicon-gerardmerinfo.png\",\"width\":512,\"height\":512,\"caption\":\"Gerardmer Info\"},\"image\":{\"@id\":\"https:\/\/vosgesinfo.fr\/gerardmerinfo\/#\/schema\/logo\/image\/\"},\"sameAs\":[\"https:\/\/www.facebook.com\/profile.php?id=100049475262660\",\"https:\/\/x.com\/VosgesInfo88\",\"https:\/\/www.youtube.com\/@vosgesinfo\"]},{\"@type\":\"Person\",\"@id\":\"https:\/\/vosgesinfo.fr\/gerardmerinfo\/#\/schema\/person\/4f38cd3068e342935b7304695c797d08\",\"name\":\"C.M\",\"image\":{\"@type\":\"ImageObject\",\"inLanguage\":\"fr-FR\",\"@id\":\"https:\/\/vosgesinfo.fr\/gerardmerinfo\/#\/schema\/person\/image\/\",\"url\":\"https:\/\/secure.gravatar.com\/avatar\/fe9daaef0164d920717484172682f3c5c9bcf7d42aa8c7048c76c34f0eb6c8da?s=96&d=mm&r=g\",\"contentUrl\":\"https:\/\/secure.gravatar.com\/avatar\/fe9daaef0164d920717484172682f3c5c9bcf7d42aa8c7048c76c34f0eb6c8da?s=96&d=mm&r=g\",\"caption\":\"C.M\"},\"url\":\"https:\/\/vosgesinfo.fr\/gerardmerinfo\/author\/cm88200\/\"}]}<\/script>\n<!-- \/ Yoast SEO plugin. -->","yoast_head_json":{"title":"Un nouveau poste provisoire pour la gendarmerie au col de la Schlucht - Gerardmer Info","robots":{"index":"index","follow":"follow","max-snippet":"max-snippet:-1","max-image-preview":"max-image-preview:large","max-video-preview":"max-video-preview:-1"},"canonical":"https:\/\/vosgesinfo.fr\/gerardmerinfo\/2025\/07\/un-nouveau-poste-provisoire-pour-la-gendarmerie-au-col-de-la-schlucht\/","twitter_card":"summary_large_image","twitter_title":"Un nouveau poste provisoire pour la gendarmerie au col de la Schlucht - Gerardmer Info","twitter_description":"Face \u00e0 l\u2019importante affluence estivale dans le secteur, la gendarmerie des Vosges renforce sa pr\u00e9sence en montagne avec l\u2019ouverture d\u2019un [&hellip;]","twitter_image":"https:\/\/vosgesinfo.fr\/app\/uploads\/sites\/6\/2025\/07\/gendarmerie-col-de-la-schlucht1.jpg","twitter_creator":"@VosgesInfo88","twitter_site":"@VosgesInfo88","twitter_misc":{"\u00c9crit par":"C.M","Dur\u00e9e de lecture estim\u00e9e":"1 minute"},"schema":{"@context":"https:\/\/schema.org","@graph":[{"@type":"Article","@id":"https:\/\/vosgesinfo.fr\/gerardmerinfo\/2025\/07\/un-nouveau-poste-provisoire-pour-la-gendarmerie-au-col-de-la-schlucht\/#article","isPartOf":{"@id":"https:\/\/vosgesinfo.fr\/gerardmerinfo\/2025\/07\/un-nouveau-poste-provisoire-pour-la-gendarmerie-au-col-de-la-schlucht\/"},"author":{"name":"C.M","@id":"https:\/\/vosgesinfo.fr\/gerardmerinfo\/#\/schema\/person\/4f38cd3068e342935b7304695c797d08"},"headline":"Un nouveau poste provisoire pour la gendarmerie au col de la Schlucht","datePublished":"2025-07-10T13:10:59+00:00","dateModified":"2025-07-10T13:10:59+00:00","mainEntityOfPage":{"@id":"https:\/\/vosgesinfo.fr\/gerardmerinfo\/2025\/07\/un-nouveau-poste-provisoire-pour-la-gendarmerie-au-col-de-la-schlucht\/"},"wordCount":230,"commentCount":0,"publisher":{"@id":"https:\/\/vosgesinfo.fr\/gerardmerinfo\/#organization"},"image":{"@id":"https:\/\/vosgesinfo.fr\/gerardmerinfo\/2025\/07\/un-nouveau-poste-provisoire-pour-la-gendarmerie-au-col-de-la-schlucht\/#primaryimage"},"thumbnailUrl":"https:\/\/vosgesinfo.fr\/app\/uploads\/sites\/6\/2025\/07\/gendarmerie-col-de-la-schlucht1.jpg","keywords":["col de la Schlucht","Conseil d\u00e9partemental des Vosges","gendarmerie des Vosges"],"articleSection":["A la une","G\u00e9rardmer","Remiremont","S\u00e9curit\u00e9","Vosges"],"inLanguage":"fr-FR","potentialAction":[{"@type":"CommentAction","name":"Comment","target":["https:\/\/vosgesinfo.fr\/gerardmerinfo\/2025\/07\/un-nouveau-poste-provisoire-pour-la-gendarmerie-au-col-de-la-schlucht\/#respond"]}]},{"@type":"WebPage","@id":"https:\/\/vosgesinfo.fr\/gerardmerinfo\/2025\/07\/un-nouveau-poste-provisoire-pour-la-gendarmerie-au-col-de-la-schlucht\/","url":"https:\/\/vosgesinfo.fr\/gerardmerinfo\/2025\/07\/un-nouveau-poste-provisoire-pour-la-gendarmerie-au-col-de-la-schlucht\/","name":"Un nouveau poste provisoire pour la gendarmerie au col de la Schlucht - Gerardmer Info","isPartOf":{"@id":"https:\/\/vosgesinfo.fr\/gerardmerinfo\/#website"},"primaryImageOfPage":{"@id":"https:\/\/vosgesinfo.fr\/gerardmerinfo\/2025\/07\/un-nouveau-poste-provisoire-pour-la-gendarmerie-au-col-de-la-schlucht\/#primaryimage"},"image":{"@id":"https:\/\/vosgesinfo.fr\/gerardmerinfo\/2025\/07\/un-nouveau-poste-provisoire-pour-la-gendarmerie-au-col-de-la-schlucht\/#primaryimage"},"thumbnailUrl":"https:\/\/vosgesinfo.fr\/app\/uploads\/sites\/6\/2025\/07\/gendarmerie-col-de-la-schlucht1.jpg","datePublished":"2025-07-10T13:10:59+00:00","dateModified":"2025-07-10T13:10:59+00:00","breadcrumb":{"@id":"https:\/\/vosgesinfo.fr\/gerardmerinfo\/2025\/07\/un-nouveau-poste-provisoire-pour-la-gendarmerie-au-col-de-la-schlucht\/#breadcrumb"},"inLanguage":"fr-FR","potentialAction":[{"@type":"ReadAction","target":["https:\/\/vosgesinfo.fr\/gerardmerinfo\/2025\/07\/un-nouveau-poste-provisoire-pour-la-gendarmerie-au-col-de-la-schlucht\/"]}]},{"@type":"ImageObject","inLanguage":"fr-FR","@id":"https:\/\/vosgesinfo.fr\/gerardmerinfo\/2025\/07\/un-nouveau-poste-provisoire-pour-la-gendarmerie-au-col-de-la-schlucht\/#primaryimage","url":"https:\/\/vosgesinfo.fr\/app\/uploads\/sites\/6\/2025\/07\/gendarmerie-col-de-la-schlucht1.jpg","contentUrl":"https:\/\/vosgesinfo.fr\/app\/uploads\/sites\/6\/2025\/07\/gendarmerie-col-de-la-schlucht1.jpg","width":2048,"height":1354},{"@type":"BreadcrumbList","@id":"https:\/\/vosgesinfo.fr\/gerardmerinfo\/2025\/07\/un-nouveau-poste-provisoire-pour-la-gendarmerie-au-col-de-la-schlucht\/#breadcrumb","itemListElement":[{"@type":"ListItem","position":1,"name":"Home","item":"https:\/\/vosgesinfo.fr\/gerardmerinfo\/"},{"@type":"ListItem","position":2,"name":"Un nouveau poste provisoire pour la gendarmerie au col de la Schlucht"}]},{"@type":"WebSite","@id":"https:\/\/vosgesinfo.fr\/gerardmerinfo\/#website","url":"https:\/\/vosgesinfo.fr\/gerardmerinfo\/","name":"Gerardmer Info","description":"Toute l&#039;actualit\u00e9 de G\u00e9rardmer","publisher":{"@id":"https:\/\/vosgesinfo.fr\/gerardmerinfo\/#organization"},"alternateName":"Toute l'actualit\u00e9 de G\u00e9rardmer","potentialAction":[{"@type":"SearchAction","target":{"@type":"EntryPoint","urlTemplate":"https:\/\/vosgesinfo.fr\/gerardmerinfo\/?s={search_term_string}"},"query-input":"required name=search_term_string"}],"inLanguage":"fr-FR"},{"@type":"Organization","@id":"https:\/\/vosgesinfo.fr\/gerardmerinfo\/#organization","name":"Gerardmer Info","url":"https:\/\/vosgesinfo.fr\/gerardmerinfo\/","logo":{"@type":"ImageObject","inLanguage":"fr-FR","@id":"https:\/\/vosgesinfo.fr\/gerardmerinfo\/#\/schema\/logo\/image\/","url":"https:\/\/vosgesinfo.fr\/app\/uploads\/sites\/6\/2023\/08\/favicon-gerardmerinfo.png","contentUrl":"https:\/\/vosgesinfo.fr\/app\/uploads\/sites\/6\/2023\/08\/favicon-gerardmerinfo.png","width":512,"height":512,"caption":"Gerardmer Info"},"image":{"@id":"https:\/\/vosgesinfo.fr\/gerardmerinfo\/#\/schema\/logo\/image\/"},"sameAs":["https:\/\/www.facebook.com\/profile.php?id=100049475262660","https:\/\/x.com\/VosgesInfo88","https:\/\/www.youtube.com\/@vosgesinfo"]},{"@type":"Person","@id":"https:\/\/vosgesinfo.fr\/gerardmerinfo\/#\/schema\/person\/4f38cd3068e342935b7304695c797d08","name":"C.M","image":{"@type":"ImageObject","inLanguage":"fr-FR","@id":"https:\/\/vosgesinfo.fr\/gerardmerinfo\/#\/schema\/person\/image\/","url":"https:\/\/secure.gravatar.com\/avatar\/fe9daaef0164d920717484172682f3c5c9bcf7d42aa8c7048c76c34f0eb6c8da?s=96&d=mm&r=g","contentUrl":"https:\/\/secure.gravatar.com\/avatar\/fe9daaef0164d920717484172682f3c5c9bcf7d42aa8c7048c76c34f0eb6c8da?s=96&d=mm&r=g","caption":"C.M"},"url":"https:\/\/vosgesinfo.fr\/gerardmerinfo\/author\/cm88200\/"}]}},"_links":{"self":[{"href":"https:\/\/vosgesinfo.fr\/gerardmerinfo\/wp-json\/wp\/v2\/posts\/80409","targetHints":{"allow":["GET"]}}],"collection":[{"href":"https:\/\/vosgesinfo.fr\/gerardmerinfo\/wp-json\/wp\/v2\/posts"}],"about":[{"href":"https:\/\/vosgesinfo.fr\/gerardmerinfo\/wp-json\/wp\/v2\/types\/post"}],"author":[{"embeddable":true,"href":"https:\/\/vosgesinfo.fr\/gerardmerinfo\/wp-json\/wp\/v2\/users\/418"}],"replies":[{"embeddable":true,"href":"https:\/\/vosgesinfo.fr\/gerardmerinfo\/wp-json\/wp\/v2\/comments?post=80409"}],"version-history":[{"count":0,"href":"https:\/\/vosgesinfo.fr\/gerardmerinfo\/wp-json\/wp\/v2\/posts\/80409\/revisions"}],"wp:featuredmedia":[{"embeddable":true,"href":"https:\/\/vosgesinfo.fr\/gerardmerinfo\/wp-json\/wp\/v2\/media\/80410"}],"wp:attachment":[{"href":"https:\/\/vosgesinfo.fr\/gerardmerinfo\/wp-json\/wp\/v2\/media?parent=80409"}],"wp:term":[{"taxonomy":"category","embeddable":true,"href":"https:\/\/vosgesinfo.fr\/gerardmerinfo\/wp-json\/wp\/v2\/categories?post=80409"},{"taxonomy":"post_tag","embeddable":true,"href":"https:\/\/vosgesinfo.fr\/gerardmerinfo\/wp-json\/wp\/v2\/tags?post=80409"}],"curies":[{"name":"wp","href":"https:\/\/api.w.org\/{rel}","templated":true}]}}