{"id":80620,"date":"2025-07-18T05:56:17","date_gmt":"2025-07-18T03:56:17","guid":{"rendered":"https:\/\/vosgesinfo.fr\/gerardmerinfo\/?p=80620"},"modified":"2025-07-17T12:35:18","modified_gmt":"2025-07-17T10:35:18","slug":"feerie-du-lac-a-gerardmer-voyage-celeste","status":"publish","type":"post","link":"https:\/\/vosgesinfo.fr\/gerardmerinfo\/2025\/07\/feerie-du-lac-a-gerardmer-voyage-celeste\/","title":{"rendered":"F\u00e9erie du lac \u00e0 G\u00e9rardmer : voyage C\u00e9leste"},"content":{"rendered":"<p>\ud835\uddd9\ud835\uddd8\u0301\ud835\uddd8\ud835\udde5\ud835\udddc\ud835\uddd8 \ud835\uddd7\ud835\udde8 \ud835\udddf\ud835\uddd4\ud835\uddd6 \u2013 \ud835\udde9\ud835\udde2\ud835\uddec\ud835\uddd4\ud835\uddda\ud835\uddd8 \ud835\uddd6\ud835\uddd8\u0301\ud835\udddf\ud835\uddd8\ud835\udde6\ud835\udde7\ud835\uddd8<\/p>\n<p><a href=\"https:\/\/vosgesinfo.fr\/app\/uploads\/sites\/6\/2025\/07\/feerie-du-lac1-scaled.jpg\"><img decoding=\"async\" class=\"alignright size-medium wp-image-80621\" src=\"https:\/\/vosgesinfo.fr\/app\/uploads\/sites\/6\/2025\/07\/feerie-du-lac1-212x300.jpg\" alt=\"\" width=\"212\" height=\"300\" srcset=\"https:\/\/vosgesinfo.fr\/app\/uploads\/sites\/6\/2025\/07\/feerie-du-lac1-212x300.jpg 212w, https:\/\/vosgesinfo.fr\/app\/uploads\/sites\/6\/2025\/07\/feerie-du-lac1-724x1024.jpg 724w, https:\/\/vosgesinfo.fr\/app\/uploads\/sites\/6\/2025\/07\/feerie-du-lac1-768x1086.jpg 768w, https:\/\/vosgesinfo.fr\/app\/uploads\/sites\/6\/2025\/07\/feerie-du-lac1-1086x1536.jpg 1086w, https:\/\/vosgesinfo.fr\/app\/uploads\/sites\/6\/2025\/07\/feerie-du-lac1-1448x2048.jpg 1448w, https:\/\/vosgesinfo.fr\/app\/uploads\/sites\/6\/2025\/07\/feerie-du-lac1-scaled.jpg 1810w\" sizes=\"(max-width: 212px) 100vw, 212px\" \/><\/a>G\u00e9rardmer<\/p>\n<p>Jeudi 14 ao\u00fbt<\/p>\n<p>\u00c0 partir de 15h \u2013 Spectacle pyrotechnique \u00e0 22h<\/p>\n<p>Plongez dans une soir\u00e9e magique au bord du lac de G\u00e9rardmer avec un programme \u00e9toil\u00e9 pour toute la famille !<\/p>\n<p>AU PROGRAMME :<\/p>\n<p>15h\u201318h : Initiation et spectacle country \u2022 Selfie avec Jonqui<\/p>\n<p>19h : Concert live avec l\u2019orchestre Studio 5<\/p>\n<p>22h : Grand spectacle pyrotechnique<\/p>\n<p>22h30 : Soir\u00e9e DJ festive sous les \u00e9toiles !<\/p>\n<p>Buvette et restauration sur place assur\u00e9es par la Soci\u00e9t\u00e9 des f\u00eates de G\u00e9rardmer<\/p>\n<p>Places assises (bancs) en vente d\u00e8s maintenant :<\/p>\n<p><a href=\"https:\/\/l.facebook.com\/l.php?u=http%3A%2F%2Fwww.sdfge.fr%2F%3Ffbclid%3DIwZXh0bgNhZW0CMTAAYnJpZBEwTFdXWmQzanB6NEdydjVPQgEebDblXtOXADqJUFhtzlHggHM3DWPjnEYcRvmE_CefIREG9zTb6vW1FdhMM70_aem_EWz2Y13GxgdTQMD8blXL3g&amp;h=AT0X87tLfePHkqOt3fvAD4HgX1agTd6inViVCBwCZxvjw_OlGOp_VTsleQ_6vxlR5d_yacb7T-udoot5Kz5k6rANiA6fIR5jHz5hGp2IrtmFYUR91Uz0CVmH3UFaxlykNyIHtdxEQ48GcnkU&amp;__tn__=-UK-R&amp;c%5b0%5d=AT0kTR7thojRxjAB7Qhr5nTCJVebbsttsh3MhHA_edQ0sH3lzyYrPDqCiTIuPisENd59DBEoIS0-X-HRSSya556Nz77TdfJ5MysHktzMZNc2Pqo1gZtX3-KRgSXSG8LPdnmbV3EeeHAb9TBUk7NkBtM2LPyTLQIWDvc0HLaeZhfTk_B9beagJxKtYB_T7mbxOu9V9185_tLpOODz__a4cAWP\" data-saferedirecturl=\"https:\/\/www.google.com\/url?q=https:\/\/l.facebook.com\/l.php?u%3Dhttp%253A%252F%252Fwww.sdfge.fr%252F%253Ffbclid%253DIwZXh0bgNhZW0CMTAAYnJpZBEwTFdXWmQzanB6NEdydjVPQgEebDblXtOXADqJUFhtzlHggHM3DWPjnEYcRvmE_CefIREG9zTb6vW1FdhMM70_aem_EWz2Y13GxgdTQMD8blXL3g%26h%3DAT0X87tLfePHkqOt3fvAD4HgX1agTd6inViVCBwCZxvjw_OlGOp_VTsleQ_6vxlR5d_yacb7T-udoot5Kz5k6rANiA6fIR5jHz5hGp2IrtmFYUR91Uz0CVmH3UFaxlykNyIHtdxEQ48GcnkU%26__tn__%3D-UK-R%26c%255b0%255d%3DAT0kTR7thojRxjAB7Qhr5nTCJVebbsttsh3MhHA_edQ0sH3lzyYrPDqCiTIuPisENd59DBEoIS0-X-HRSSya556Nz77TdfJ5MysHktzMZNc2Pqo1gZtX3-KRgSXSG8LPdnmbV3EeeHAb9TBUk7NkBtM2LPyTLQIWDvc0HLaeZhfTk_B9beagJxKtYB_T7mbxOu9V9185_tLpOODz__a4cAWP&amp;source=gmail&amp;ust=1752740926504000&amp;usg=AOvVaw1RIL--x9nxkgGv5cTXBzlB\">www.sdfge.fr<\/a><\/p>\n<p><a href=\"mailto:billetterie@sdfge.fr\">billetterie@sdfge.fr<\/a><\/p>\n<p>03.29.63.12.89<\/p>\n<p>Venez nombreux pour vivre une nuit c\u00e9leste inoubliable au c\u0153ur des Vosges !<\/p>\n","protected":false},"excerpt":{"rendered":"<p>\ud835\uddd9\ud835\uddd8\u0301\ud835\uddd8\ud835\udde5\ud835\udddc\ud835\uddd8 \ud835\uddd7\ud835\udde8 \ud835\udddf\ud835\uddd4\ud835\uddd6 \u2013 \ud835\udde9\ud835\udde2\ud835\uddec\ud835\uddd4\ud835\uddda\ud835\uddd8 \ud835\uddd6\ud835\uddd8\u0301\ud835\udddf\ud835\uddd8\ud835\udde6\ud835\udde7\ud835\uddd8 G\u00e9rardmer Jeudi 14 ao\u00fbt \u00c0 partir de 15h \u2013 Spectacle pyrotechnique \u00e0 22h Plongez [&hellip;]<\/p>\n","protected":false},"author":391,"featured_media":80621,"comment_status":"open","ping_status":"open","sticky":false,"template":"","format":"standard","meta":{"footnotes":""},"categories":[20,5647,868],"tags":[5120],"class_list":["post-80620","post","type-post","status-publish","format-standard","has-post-thumbnail","hentry","category-a-la-une","category-gerardmer-autres-sites","category-remiremont","tag-14-aout"],"acf":[],"yoast_head":"<!-- This site is optimized with the Yoast SEO plugin v22.5 - https:\/\/yoast.com\/wordpress\/plugins\/seo\/ -->\n<title>F\u00e9erie du lac \u00e0 G\u00e9rardmer : voyage C\u00e9leste - Gerardmer Info<\/title>\n<meta name=\"robots\" content=\"index, follow, max-snippet:-1, max-image-preview:large, max-video-preview:-1\" \/>\n<link rel=\"canonical\" href=\"https:\/\/vosgesinfo.fr\/gerardmerinfo\/2025\/07\/feerie-du-lac-a-gerardmer-voyage-celeste\/\" \/>\n<meta name=\"twitter:card\" content=\"summary_large_image\" \/>\n<meta name=\"twitter:title\" content=\"F\u00e9erie du lac \u00e0 G\u00e9rardmer : voyage C\u00e9leste - Gerardmer Info\" \/>\n<meta name=\"twitter:description\" content=\"\ud835\uddd9\ud835\uddd8\u0301\ud835\uddd8\ud835\udde5\ud835\udddc\ud835\uddd8 \ud835\uddd7\ud835\udde8 \ud835\udddf\ud835\uddd4\ud835\uddd6 \u2013 \ud835\udde9\ud835\udde2\ud835\uddec\ud835\uddd4\ud835\uddda\ud835\uddd8 \ud835\uddd6\ud835\uddd8\u0301\ud835\udddf\ud835\uddd8\ud835\udde6\ud835\udde7\ud835\uddd8 G\u00e9rardmer Jeudi 14 ao\u00fbt \u00c0 partir de 15h \u2013 Spectacle pyrotechnique \u00e0 22h Plongez [&hellip;]\" \/>\n<meta name=\"twitter:image\" content=\"https:\/\/vosgesinfo.fr\/app\/uploads\/sites\/6\/2025\/07\/feerie-du-lac1-scaled.jpg\" \/>\n<meta name=\"twitter:creator\" content=\"@VosgesInfo88\" \/>\n<meta name=\"twitter:site\" content=\"@VosgesInfo88\" \/>\n<meta name=\"twitter:label1\" content=\"\u00c9crit par\" \/>\n\t<meta name=\"twitter:data1\" content=\"La redaction\" \/>\n\t<meta name=\"twitter:label2\" content=\"Dur\u00e9e de lecture estim\u00e9e\" \/>\n\t<meta name=\"twitter:data2\" content=\"1 minute\" \/>\n<script type=\"application\/ld+json\" class=\"yoast-schema-graph\">{\"@context\":\"https:\/\/schema.org\",\"@graph\":[{\"@type\":\"Article\",\"@id\":\"https:\/\/vosgesinfo.fr\/gerardmerinfo\/2025\/07\/feerie-du-lac-a-gerardmer-voyage-celeste\/#article\",\"isPartOf\":{\"@id\":\"https:\/\/vosgesinfo.fr\/gerardmerinfo\/2025\/07\/feerie-du-lac-a-gerardmer-voyage-celeste\/\"},\"author\":{\"name\":\"La redaction\",\"@id\":\"https:\/\/vosgesinfo.fr\/gerardmerinfo\/#\/schema\/person\/27a3695b06db98895b354c0765cdfc31\"},\"headline\":\"F\u00e9erie du lac \u00e0 G\u00e9rardmer : voyage C\u00e9leste\",\"datePublished\":\"2025-07-18T03:56:17+00:00\",\"dateModified\":\"2025-07-17T10:35:18+00:00\",\"mainEntityOfPage\":{\"@id\":\"https:\/\/vosgesinfo.fr\/gerardmerinfo\/2025\/07\/feerie-du-lac-a-gerardmer-voyage-celeste\/\"},\"wordCount\":116,\"commentCount\":2,\"publisher\":{\"@id\":\"https:\/\/vosgesinfo.fr\/gerardmerinfo\/#organization\"},\"image\":{\"@id\":\"https:\/\/vosgesinfo.fr\/gerardmerinfo\/2025\/07\/feerie-du-lac-a-gerardmer-voyage-celeste\/#primaryimage\"},\"thumbnailUrl\":\"https:\/\/vosgesinfo.fr\/app\/uploads\/sites\/6\/2025\/07\/feerie-du-lac1-scaled.jpg\",\"keywords\":[\"14 aout\"],\"articleSection\":[\"A la une\",\"Gerardmer\",\"Remiremont\"],\"inLanguage\":\"fr-FR\",\"potentialAction\":[{\"@type\":\"CommentAction\",\"name\":\"Comment\",\"target\":[\"https:\/\/vosgesinfo.fr\/gerardmerinfo\/2025\/07\/feerie-du-lac-a-gerardmer-voyage-celeste\/#respond\"]}]},{\"@type\":\"WebPage\",\"@id\":\"https:\/\/vosgesinfo.fr\/gerardmerinfo\/2025\/07\/feerie-du-lac-a-gerardmer-voyage-celeste\/\",\"url\":\"https:\/\/vosgesinfo.fr\/gerardmerinfo\/2025\/07\/feerie-du-lac-a-gerardmer-voyage-celeste\/\",\"name\":\"F\u00e9erie du lac \u00e0 G\u00e9rardmer : voyage C\u00e9leste - Gerardmer Info\",\"isPartOf\":{\"@id\":\"https:\/\/vosgesinfo.fr\/gerardmerinfo\/#website\"},\"primaryImageOfPage\":{\"@id\":\"https:\/\/vosgesinfo.fr\/gerardmerinfo\/2025\/07\/feerie-du-lac-a-gerardmer-voyage-celeste\/#primaryimage\"},\"image\":{\"@id\":\"https:\/\/vosgesinfo.fr\/gerardmerinfo\/2025\/07\/feerie-du-lac-a-gerardmer-voyage-celeste\/#primaryimage\"},\"thumbnailUrl\":\"https:\/\/vosgesinfo.fr\/app\/uploads\/sites\/6\/2025\/07\/feerie-du-lac1-scaled.jpg\",\"datePublished\":\"2025-07-18T03:56:17+00:00\",\"dateModified\":\"2025-07-17T10:35:18+00:00\",\"breadcrumb\":{\"@id\":\"https:\/\/vosgesinfo.fr\/gerardmerinfo\/2025\/07\/feerie-du-lac-a-gerardmer-voyage-celeste\/#breadcrumb\"},\"inLanguage\":\"fr-FR\",\"potentialAction\":[{\"@type\":\"ReadAction\",\"target\":[\"https:\/\/vosgesinfo.fr\/gerardmerinfo\/2025\/07\/feerie-du-lac-a-gerardmer-voyage-celeste\/\"]}]},{\"@type\":\"ImageObject\",\"inLanguage\":\"fr-FR\",\"@id\":\"https:\/\/vosgesinfo.fr\/gerardmerinfo\/2025\/07\/feerie-du-lac-a-gerardmer-voyage-celeste\/#primaryimage\",\"url\":\"https:\/\/vosgesinfo.fr\/app\/uploads\/sites\/6\/2025\/07\/feerie-du-lac1-scaled.jpg\",\"contentUrl\":\"https:\/\/vosgesinfo.fr\/app\/uploads\/sites\/6\/2025\/07\/feerie-du-lac1-scaled.jpg\",\"width\":1810,\"height\":2560},{\"@type\":\"BreadcrumbList\",\"@id\":\"https:\/\/vosgesinfo.fr\/gerardmerinfo\/2025\/07\/feerie-du-lac-a-gerardmer-voyage-celeste\/#breadcrumb\",\"itemListElement\":[{\"@type\":\"ListItem\",\"position\":1,\"name\":\"Home\",\"item\":\"https:\/\/vosgesinfo.fr\/gerardmerinfo\/\"},{\"@type\":\"ListItem\",\"position\":2,\"name\":\"F\u00e9erie du lac \u00e0 G\u00e9rardmer : voyage C\u00e9leste\"}]},{\"@type\":\"WebSite\",\"@id\":\"https:\/\/vosgesinfo.fr\/gerardmerinfo\/#website\",\"url\":\"https:\/\/vosgesinfo.fr\/gerardmerinfo\/\",\"name\":\"Gerardmer Info\",\"description\":\"Toute l&#039;actualit\u00e9 de G\u00e9rardmer\",\"publisher\":{\"@id\":\"https:\/\/vosgesinfo.fr\/gerardmerinfo\/#organization\"},\"alternateName\":\"Toute l'actualit\u00e9 de G\u00e9rardmer\",\"potentialAction\":[{\"@type\":\"SearchAction\",\"target\":{\"@type\":\"EntryPoint\",\"urlTemplate\":\"https:\/\/vosgesinfo.fr\/gerardmerinfo\/?s={search_term_string}\"},\"query-input\":\"required name=search_term_string\"}],\"inLanguage\":\"fr-FR\"},{\"@type\":\"Organization\",\"@id\":\"https:\/\/vosgesinfo.fr\/gerardmerinfo\/#organization\",\"name\":\"Gerardmer Info\",\"url\":\"https:\/\/vosgesinfo.fr\/gerardmerinfo\/\",\"logo\":{\"@type\":\"ImageObject\",\"inLanguage\":\"fr-FR\",\"@id\":\"https:\/\/vosgesinfo.fr\/gerardmerinfo\/#\/schema\/logo\/image\/\",\"url\":\"https:\/\/vosgesinfo.fr\/app\/uploads\/sites\/6\/2023\/08\/favicon-gerardmerinfo.png\",\"contentUrl\":\"https:\/\/vosgesinfo.fr\/app\/uploads\/sites\/6\/2023\/08\/favicon-gerardmerinfo.png\",\"width\":512,\"height\":512,\"caption\":\"Gerardmer Info\"},\"image\":{\"@id\":\"https:\/\/vosgesinfo.fr\/gerardmerinfo\/#\/schema\/logo\/image\/\"},\"sameAs\":[\"https:\/\/www.facebook.com\/profile.php?id=100049475262660\",\"https:\/\/x.com\/VosgesInfo88\",\"https:\/\/www.youtube.com\/@vosgesinfo\"]},{\"@type\":\"Person\",\"@id\":\"https:\/\/vosgesinfo.fr\/gerardmerinfo\/#\/schema\/person\/27a3695b06db98895b354c0765cdfc31\",\"name\":\"La redaction\",\"image\":{\"@type\":\"ImageObject\",\"inLanguage\":\"fr-FR\",\"@id\":\"https:\/\/vosgesinfo.fr\/gerardmerinfo\/#\/schema\/person\/image\/\",\"url\":\"https:\/\/secure.gravatar.com\/avatar\/64c76a78e501cedee55736f43f332df901e1896ae9cd8fad269ae2236dd0e8b6?s=96&d=mm&r=g\",\"contentUrl\":\"https:\/\/secure.gravatar.com\/avatar\/64c76a78e501cedee55736f43f332df901e1896ae9cd8fad269ae2236dd0e8b6?s=96&d=mm&r=g\",\"caption\":\"La redaction\"},\"url\":\"https:\/\/vosgesinfo.fr\/gerardmerinfo\/author\/la-redaction\/\"}]}<\/script>\n<!-- \/ Yoast SEO plugin. -->","yoast_head_json":{"title":"F\u00e9erie du lac \u00e0 G\u00e9rardmer : voyage C\u00e9leste - Gerardmer Info","robots":{"index":"index","follow":"follow","max-snippet":"max-snippet:-1","max-image-preview":"max-image-preview:large","max-video-preview":"max-video-preview:-1"},"canonical":"https:\/\/vosgesinfo.fr\/gerardmerinfo\/2025\/07\/feerie-du-lac-a-gerardmer-voyage-celeste\/","twitter_card":"summary_large_image","twitter_title":"F\u00e9erie du lac \u00e0 G\u00e9rardmer : voyage C\u00e9leste - Gerardmer Info","twitter_description":"\ud835\uddd9\ud835\uddd8\u0301\ud835\uddd8\ud835\udde5\ud835\udddc\ud835\uddd8 \ud835\uddd7\ud835\udde8 \ud835\udddf\ud835\uddd4\ud835\uddd6 \u2013 \ud835\udde9\ud835\udde2\ud835\uddec\ud835\uddd4\ud835\uddda\ud835\uddd8 \ud835\uddd6\ud835\uddd8\u0301\ud835\udddf\ud835\uddd8\ud835\udde6\ud835\udde7\ud835\uddd8 G\u00e9rardmer Jeudi 14 ao\u00fbt \u00c0 partir de 15h \u2013 Spectacle pyrotechnique \u00e0 22h Plongez [&hellip;]","twitter_image":"https:\/\/vosgesinfo.fr\/app\/uploads\/sites\/6\/2025\/07\/feerie-du-lac1-scaled.jpg","twitter_creator":"@VosgesInfo88","twitter_site":"@VosgesInfo88","twitter_misc":{"\u00c9crit par":"La redaction","Dur\u00e9e de lecture estim\u00e9e":"1 minute"},"schema":{"@context":"https:\/\/schema.org","@graph":[{"@type":"Article","@id":"https:\/\/vosgesinfo.fr\/gerardmerinfo\/2025\/07\/feerie-du-lac-a-gerardmer-voyage-celeste\/#article","isPartOf":{"@id":"https:\/\/vosgesinfo.fr\/gerardmerinfo\/2025\/07\/feerie-du-lac-a-gerardmer-voyage-celeste\/"},"author":{"name":"La redaction","@id":"https:\/\/vosgesinfo.fr\/gerardmerinfo\/#\/schema\/person\/27a3695b06db98895b354c0765cdfc31"},"headline":"F\u00e9erie du lac \u00e0 G\u00e9rardmer : voyage C\u00e9leste","datePublished":"2025-07-18T03:56:17+00:00","dateModified":"2025-07-17T10:35:18+00:00","mainEntityOfPage":{"@id":"https:\/\/vosgesinfo.fr\/gerardmerinfo\/2025\/07\/feerie-du-lac-a-gerardmer-voyage-celeste\/"},"wordCount":116,"commentCount":2,"publisher":{"@id":"https:\/\/vosgesinfo.fr\/gerardmerinfo\/#organization"},"image":{"@id":"https:\/\/vosgesinfo.fr\/gerardmerinfo\/2025\/07\/feerie-du-lac-a-gerardmer-voyage-celeste\/#primaryimage"},"thumbnailUrl":"https:\/\/vosgesinfo.fr\/app\/uploads\/sites\/6\/2025\/07\/feerie-du-lac1-scaled.jpg","keywords":["14 aout"],"articleSection":["A la une","Gerardmer","Remiremont"],"inLanguage":"fr-FR","potentialAction":[{"@type":"CommentAction","name":"Comment","target":["https:\/\/vosgesinfo.fr\/gerardmerinfo\/2025\/07\/feerie-du-lac-a-gerardmer-voyage-celeste\/#respond"]}]},{"@type":"WebPage","@id":"https:\/\/vosgesinfo.fr\/gerardmerinfo\/2025\/07\/feerie-du-lac-a-gerardmer-voyage-celeste\/","url":"https:\/\/vosgesinfo.fr\/gerardmerinfo\/2025\/07\/feerie-du-lac-a-gerardmer-voyage-celeste\/","name":"F\u00e9erie du lac \u00e0 G\u00e9rardmer : voyage C\u00e9leste - Gerardmer Info","isPartOf":{"@id":"https:\/\/vosgesinfo.fr\/gerardmerinfo\/#website"},"primaryImageOfPage":{"@id":"https:\/\/vosgesinfo.fr\/gerardmerinfo\/2025\/07\/feerie-du-lac-a-gerardmer-voyage-celeste\/#primaryimage"},"image":{"@id":"https:\/\/vosgesinfo.fr\/gerardmerinfo\/2025\/07\/feerie-du-lac-a-gerardmer-voyage-celeste\/#primaryimage"},"thumbnailUrl":"https:\/\/vosgesinfo.fr\/app\/uploads\/sites\/6\/2025\/07\/feerie-du-lac1-scaled.jpg","datePublished":"2025-07-18T03:56:17+00:00","dateModified":"2025-07-17T10:35:18+00:00","breadcrumb":{"@id":"https:\/\/vosgesinfo.fr\/gerardmerinfo\/2025\/07\/feerie-du-lac-a-gerardmer-voyage-celeste\/#breadcrumb"},"inLanguage":"fr-FR","potentialAction":[{"@type":"ReadAction","target":["https:\/\/vosgesinfo.fr\/gerardmerinfo\/2025\/07\/feerie-du-lac-a-gerardmer-voyage-celeste\/"]}]},{"@type":"ImageObject","inLanguage":"fr-FR","@id":"https:\/\/vosgesinfo.fr\/gerardmerinfo\/2025\/07\/feerie-du-lac-a-gerardmer-voyage-celeste\/#primaryimage","url":"https:\/\/vosgesinfo.fr\/app\/uploads\/sites\/6\/2025\/07\/feerie-du-lac1-scaled.jpg","contentUrl":"https:\/\/vosgesinfo.fr\/app\/uploads\/sites\/6\/2025\/07\/feerie-du-lac1-scaled.jpg","width":1810,"height":2560},{"@type":"BreadcrumbList","@id":"https:\/\/vosgesinfo.fr\/gerardmerinfo\/2025\/07\/feerie-du-lac-a-gerardmer-voyage-celeste\/#breadcrumb","itemListElement":[{"@type":"ListItem","position":1,"name":"Home","item":"https:\/\/vosgesinfo.fr\/gerardmerinfo\/"},{"@type":"ListItem","position":2,"name":"F\u00e9erie du lac \u00e0 G\u00e9rardmer : voyage C\u00e9leste"}]},{"@type":"WebSite","@id":"https:\/\/vosgesinfo.fr\/gerardmerinfo\/#website","url":"https:\/\/vosgesinfo.fr\/gerardmerinfo\/","name":"Gerardmer Info","description":"Toute l&#039;actualit\u00e9 de G\u00e9rardmer","publisher":{"@id":"https:\/\/vosgesinfo.fr\/gerardmerinfo\/#organization"},"alternateName":"Toute l'actualit\u00e9 de G\u00e9rardmer","potentialAction":[{"@type":"SearchAction","target":{"@type":"EntryPoint","urlTemplate":"https:\/\/vosgesinfo.fr\/gerardmerinfo\/?s={search_term_string}"},"query-input":"required name=search_term_string"}],"inLanguage":"fr-FR"},{"@type":"Organization","@id":"https:\/\/vosgesinfo.fr\/gerardmerinfo\/#organization","name":"Gerardmer Info","url":"https:\/\/vosgesinfo.fr\/gerardmerinfo\/","logo":{"@type":"ImageObject","inLanguage":"fr-FR","@id":"https:\/\/vosgesinfo.fr\/gerardmerinfo\/#\/schema\/logo\/image\/","url":"https:\/\/vosgesinfo.fr\/app\/uploads\/sites\/6\/2023\/08\/favicon-gerardmerinfo.png","contentUrl":"https:\/\/vosgesinfo.fr\/app\/uploads\/sites\/6\/2023\/08\/favicon-gerardmerinfo.png","width":512,"height":512,"caption":"Gerardmer Info"},"image":{"@id":"https:\/\/vosgesinfo.fr\/gerardmerinfo\/#\/schema\/logo\/image\/"},"sameAs":["https:\/\/www.facebook.com\/profile.php?id=100049475262660","https:\/\/x.com\/VosgesInfo88","https:\/\/www.youtube.com\/@vosgesinfo"]},{"@type":"Person","@id":"https:\/\/vosgesinfo.fr\/gerardmerinfo\/#\/schema\/person\/27a3695b06db98895b354c0765cdfc31","name":"La redaction","image":{"@type":"ImageObject","inLanguage":"fr-FR","@id":"https:\/\/vosgesinfo.fr\/gerardmerinfo\/#\/schema\/person\/image\/","url":"https:\/\/secure.gravatar.com\/avatar\/64c76a78e501cedee55736f43f332df901e1896ae9cd8fad269ae2236dd0e8b6?s=96&d=mm&r=g","contentUrl":"https:\/\/secure.gravatar.com\/avatar\/64c76a78e501cedee55736f43f332df901e1896ae9cd8fad269ae2236dd0e8b6?s=96&d=mm&r=g","caption":"La redaction"},"url":"https:\/\/vosgesinfo.fr\/gerardmerinfo\/author\/la-redaction\/"}]}},"_links":{"self":[{"href":"https:\/\/vosgesinfo.fr\/gerardmerinfo\/wp-json\/wp\/v2\/posts\/80620","targetHints":{"allow":["GET"]}}],"collection":[{"href":"https:\/\/vosgesinfo.fr\/gerardmerinfo\/wp-json\/wp\/v2\/posts"}],"about":[{"href":"https:\/\/vosgesinfo.fr\/gerardmerinfo\/wp-json\/wp\/v2\/types\/post"}],"author":[{"embeddable":true,"href":"https:\/\/vosgesinfo.fr\/gerardmerinfo\/wp-json\/wp\/v2\/users\/391"}],"replies":[{"embeddable":true,"href":"https:\/\/vosgesinfo.fr\/gerardmerinfo\/wp-json\/wp\/v2\/comments?post=80620"}],"version-history":[{"count":1,"href":"https:\/\/vosgesinfo.fr\/gerardmerinfo\/wp-json\/wp\/v2\/posts\/80620\/revisions"}],"predecessor-version":[{"id":80624,"href":"https:\/\/vosgesinfo.fr\/gerardmerinfo\/wp-json\/wp\/v2\/posts\/80620\/revisions\/80624"}],"wp:featuredmedia":[{"embeddable":true,"href":"https:\/\/vosgesinfo.fr\/gerardmerinfo\/wp-json\/wp\/v2\/media\/80621"}],"wp:attachment":[{"href":"https:\/\/vosgesinfo.fr\/gerardmerinfo\/wp-json\/wp\/v2\/media?parent=80620"}],"wp:term":[{"taxonomy":"category","embeddable":true,"href":"https:\/\/vosgesinfo.fr\/gerardmerinfo\/wp-json\/wp\/v2\/categories?post=80620"},{"taxonomy":"post_tag","embeddable":true,"href":"https:\/\/vosgesinfo.fr\/gerardmerinfo\/wp-json\/wp\/v2\/tags?post=80620"}],"curies":[{"name":"wp","href":"https:\/\/api.w.org\/{rel}","templated":true}]}}