{"id":80634,"date":"2025-07-17T08:45:14","date_gmt":"2025-07-17T06:45:14","guid":{"rendered":"https:\/\/vosgesinfo.fr\/gerardmerinfo\/?p=80634"},"modified":"2025-07-17T08:45:14","modified_gmt":"2025-07-17T06:45:14","slug":"reaction-de-franck-leroy-president-de-la-region-grand-est-aux-declarations-du-premier-ministre","status":"publish","type":"post","link":"https:\/\/vosgesinfo.fr\/gerardmerinfo\/2025\/07\/reaction-de-franck-leroy-president-de-la-region-grand-est-aux-declarations-du-premier-ministre\/","title":{"rendered":"R\u00e9action de Franck Leroy, Pr\u00e9sident de la R\u00e9gion Grand Est, aux d\u00e9clarations du Premier Ministre"},"content":{"rendered":"<p><a href=\"https:\/\/vosgesinfo.fr\/app\/uploads\/sites\/3\/2025\/07\/leroy-franck-51-380x460-1.jpg\"><img decoding=\"async\" class=\"alignright wp-image-133854 size-full\" src=\"https:\/\/vosgesinfo.fr\/app\/uploads\/sites\/3\/2025\/07\/leroy-franck-51-380x460-1.jpg\" alt=\"\" width=\"380\" height=\"460\" \/><\/a>\u00a0\u00ab Faire face \u00e0 la r\u00e9alit\u00e9 et ne plus se voiler la face \u00bb c\u2019est un acte courageux, une ligne forte rappel\u00e9e en responsabilit\u00e9 par le Premier ministre. Je la partage.<br \/>\nLa situation des finances publiques exige lucidit\u00e9 et responsabilit\u00e9 ; ni d\u00e9magogie, ni fausses promesses ! Pour moi, les collectivit\u00e9s territoriales, et en particulier les R\u00e9gions, devront prendre leur part de l&rsquo;effort national. Elles l&rsquo;ont toujours fait et devront le faire encore !<br \/>\nMais il est indispensable de rappeler un fait : l&rsquo;effort est aujourd\u2019hui d\u00e9s\u00e9quilibr\u00e9. L\u2019\u00c9tat, qui a produit l\u2019essentiel de la dette, ne peut faire reposer la quasi-totalit\u00e9 des ajustements sur les \u00e9paules des collectivit\u00e9s, alors m\u00eame que ces derni\u00e8res r\u00e9alisent 75 % de l\u2019investissement public.<br \/>\nDans un contexte de transitions majeures \u2014 \u00e9cologique, num\u00e9rique, industrielle mais aussi sociale \u2014, nos territoires ont besoin de moyens pour accompagner les citoyens et les entreprises. Si l&rsquo;on veut r\u00e9ussir, il ne faut pas fragiliser les acteurs de terrain.<br \/>\nJ\u2019appelle \u00e0 un v\u00e9ritable dialogue avec l\u2019\u00c9tat, pour construire un cadre \u00e9quitable et soutenable.<br \/>\nLe courage, c\u2019est aussi de reconna\u00eetre les responsabilit\u00e9s de chacun et d\u2019agir ensemble, dans l\u2019int\u00e9r\u00eat g\u00e9n\u00e9ral.<\/p>\n","protected":false},"excerpt":{"rendered":"<p>\u00a0\u00ab Faire face \u00e0 la r\u00e9alit\u00e9 et ne plus se voiler la face \u00bb c\u2019est un acte courageux, une ligne [&hellip;]<\/p>\n","protected":false},"author":39,"featured_media":80635,"comment_status":"open","ping_status":"open","sticky":false,"template":"","format":"standard","meta":{"footnotes":""},"categories":[20,878,25,328,868,946],"tags":[],"class_list":["post-80634","post","type-post","status-publish","format-standard","has-post-thumbnail","hentry","category-a-la-une","category-epinal","category-gerardmer","category-la-plaine-des-vosges","category-remiremont","category-saint-die"],"acf":[],"yoast_head":"<!-- This site is optimized with the Yoast SEO plugin v22.5 - https:\/\/yoast.com\/wordpress\/plugins\/seo\/ -->\n<title>R\u00e9action de Franck Leroy, Pr\u00e9sident de la R\u00e9gion Grand Est, aux d\u00e9clarations du Premier Ministre - Gerardmer Info<\/title>\n<meta name=\"robots\" content=\"index, follow, max-snippet:-1, max-image-preview:large, max-video-preview:-1\" \/>\n<link rel=\"canonical\" href=\"https:\/\/vosgesinfo.fr\/gerardmerinfo\/2025\/07\/reaction-de-franck-leroy-president-de-la-region-grand-est-aux-declarations-du-premier-ministre\/\" \/>\n<meta name=\"twitter:card\" content=\"summary_large_image\" \/>\n<meta name=\"twitter:title\" content=\"R\u00e9action de Franck Leroy, Pr\u00e9sident de la R\u00e9gion Grand Est, aux d\u00e9clarations du Premier Ministre - Gerardmer Info\" \/>\n<meta name=\"twitter:description\" content=\"\u00a0\u00ab Faire face \u00e0 la r\u00e9alit\u00e9 et ne plus se voiler la face \u00bb c\u2019est un acte courageux, une ligne [&hellip;]\" \/>\n<meta name=\"twitter:image\" content=\"https:\/\/vosgesinfo.fr\/app\/uploads\/sites\/6\/2025\/07\/leroy-franck-51-380x460-1.jpg\" \/>\n<meta name=\"twitter:creator\" content=\"@VosgesInfo88\" \/>\n<meta name=\"twitter:site\" content=\"@VosgesInfo88\" \/>\n<meta name=\"twitter:label1\" content=\"\u00c9crit par\" \/>\n\t<meta name=\"twitter:data1\" content=\"Phj\" \/>\n\t<meta name=\"twitter:label2\" content=\"Dur\u00e9e de lecture estim\u00e9e\" \/>\n\t<meta name=\"twitter:data2\" content=\"1 minute\" \/>\n<script type=\"application\/ld+json\" class=\"yoast-schema-graph\">{\"@context\":\"https:\/\/schema.org\",\"@graph\":[{\"@type\":\"Article\",\"@id\":\"https:\/\/vosgesinfo.fr\/gerardmerinfo\/2025\/07\/reaction-de-franck-leroy-president-de-la-region-grand-est-aux-declarations-du-premier-ministre\/#article\",\"isPartOf\":{\"@id\":\"https:\/\/vosgesinfo.fr\/gerardmerinfo\/2025\/07\/reaction-de-franck-leroy-president-de-la-region-grand-est-aux-declarations-du-premier-ministre\/\"},\"author\":{\"name\":\"Phj\",\"@id\":\"https:\/\/vosgesinfo.fr\/gerardmerinfo\/#\/schema\/person\/4f57dc393faf2ac8b9f1cab30ad79250\"},\"headline\":\"R\u00e9action de Franck Leroy, Pr\u00e9sident de la R\u00e9gion Grand Est, aux d\u00e9clarations du Premier Ministre\",\"datePublished\":\"2025-07-17T06:45:14+00:00\",\"dateModified\":\"2025-07-17T06:45:14+00:00\",\"mainEntityOfPage\":{\"@id\":\"https:\/\/vosgesinfo.fr\/gerardmerinfo\/2025\/07\/reaction-de-franck-leroy-president-de-la-region-grand-est-aux-declarations-du-premier-ministre\/\"},\"wordCount\":230,\"commentCount\":0,\"publisher\":{\"@id\":\"https:\/\/vosgesinfo.fr\/gerardmerinfo\/#organization\"},\"image\":{\"@id\":\"https:\/\/vosgesinfo.fr\/gerardmerinfo\/2025\/07\/reaction-de-franck-leroy-president-de-la-region-grand-est-aux-declarations-du-premier-ministre\/#primaryimage\"},\"thumbnailUrl\":\"https:\/\/vosgesinfo.fr\/app\/uploads\/sites\/6\/2025\/07\/leroy-franck-51-380x460-1.jpg\",\"articleSection\":[\"A la une\",\"Epinal\",\"G\u00e9rardmer\",\"La plaine des vosges\",\"Remiremont\",\"Saint-di\u00e9\"],\"inLanguage\":\"fr-FR\",\"potentialAction\":[{\"@type\":\"CommentAction\",\"name\":\"Comment\",\"target\":[\"https:\/\/vosgesinfo.fr\/gerardmerinfo\/2025\/07\/reaction-de-franck-leroy-president-de-la-region-grand-est-aux-declarations-du-premier-ministre\/#respond\"]}]},{\"@type\":\"WebPage\",\"@id\":\"https:\/\/vosgesinfo.fr\/gerardmerinfo\/2025\/07\/reaction-de-franck-leroy-president-de-la-region-grand-est-aux-declarations-du-premier-ministre\/\",\"url\":\"https:\/\/vosgesinfo.fr\/gerardmerinfo\/2025\/07\/reaction-de-franck-leroy-president-de-la-region-grand-est-aux-declarations-du-premier-ministre\/\",\"name\":\"R\u00e9action de Franck Leroy, Pr\u00e9sident de la R\u00e9gion Grand Est, aux d\u00e9clarations du Premier Ministre - Gerardmer Info\",\"isPartOf\":{\"@id\":\"https:\/\/vosgesinfo.fr\/gerardmerinfo\/#website\"},\"primaryImageOfPage\":{\"@id\":\"https:\/\/vosgesinfo.fr\/gerardmerinfo\/2025\/07\/reaction-de-franck-leroy-president-de-la-region-grand-est-aux-declarations-du-premier-ministre\/#primaryimage\"},\"image\":{\"@id\":\"https:\/\/vosgesinfo.fr\/gerardmerinfo\/2025\/07\/reaction-de-franck-leroy-president-de-la-region-grand-est-aux-declarations-du-premier-ministre\/#primaryimage\"},\"thumbnailUrl\":\"https:\/\/vosgesinfo.fr\/app\/uploads\/sites\/6\/2025\/07\/leroy-franck-51-380x460-1.jpg\",\"datePublished\":\"2025-07-17T06:45:14+00:00\",\"dateModified\":\"2025-07-17T06:45:14+00:00\",\"breadcrumb\":{\"@id\":\"https:\/\/vosgesinfo.fr\/gerardmerinfo\/2025\/07\/reaction-de-franck-leroy-president-de-la-region-grand-est-aux-declarations-du-premier-ministre\/#breadcrumb\"},\"inLanguage\":\"fr-FR\",\"potentialAction\":[{\"@type\":\"ReadAction\",\"target\":[\"https:\/\/vosgesinfo.fr\/gerardmerinfo\/2025\/07\/reaction-de-franck-leroy-president-de-la-region-grand-est-aux-declarations-du-premier-ministre\/\"]}]},{\"@type\":\"ImageObject\",\"inLanguage\":\"fr-FR\",\"@id\":\"https:\/\/vosgesinfo.fr\/gerardmerinfo\/2025\/07\/reaction-de-franck-leroy-president-de-la-region-grand-est-aux-declarations-du-premier-ministre\/#primaryimage\",\"url\":\"https:\/\/vosgesinfo.fr\/app\/uploads\/sites\/6\/2025\/07\/leroy-franck-51-380x460-1.jpg\",\"contentUrl\":\"https:\/\/vosgesinfo.fr\/app\/uploads\/sites\/6\/2025\/07\/leroy-franck-51-380x460-1.jpg\",\"width\":380,\"height\":460},{\"@type\":\"BreadcrumbList\",\"@id\":\"https:\/\/vosgesinfo.fr\/gerardmerinfo\/2025\/07\/reaction-de-franck-leroy-president-de-la-region-grand-est-aux-declarations-du-premier-ministre\/#breadcrumb\",\"itemListElement\":[{\"@type\":\"ListItem\",\"position\":1,\"name\":\"Home\",\"item\":\"https:\/\/vosgesinfo.fr\/gerardmerinfo\/\"},{\"@type\":\"ListItem\",\"position\":2,\"name\":\"R\u00e9action de Franck Leroy, Pr\u00e9sident de la R\u00e9gion Grand Est, aux d\u00e9clarations du Premier Ministre\"}]},{\"@type\":\"WebSite\",\"@id\":\"https:\/\/vosgesinfo.fr\/gerardmerinfo\/#website\",\"url\":\"https:\/\/vosgesinfo.fr\/gerardmerinfo\/\",\"name\":\"Gerardmer Info\",\"description\":\"Toute l&#039;actualit\u00e9 de G\u00e9rardmer\",\"publisher\":{\"@id\":\"https:\/\/vosgesinfo.fr\/gerardmerinfo\/#organization\"},\"alternateName\":\"Toute l'actualit\u00e9 de G\u00e9rardmer\",\"potentialAction\":[{\"@type\":\"SearchAction\",\"target\":{\"@type\":\"EntryPoint\",\"urlTemplate\":\"https:\/\/vosgesinfo.fr\/gerardmerinfo\/?s={search_term_string}\"},\"query-input\":\"required name=search_term_string\"}],\"inLanguage\":\"fr-FR\"},{\"@type\":\"Organization\",\"@id\":\"https:\/\/vosgesinfo.fr\/gerardmerinfo\/#organization\",\"name\":\"Gerardmer Info\",\"url\":\"https:\/\/vosgesinfo.fr\/gerardmerinfo\/\",\"logo\":{\"@type\":\"ImageObject\",\"inLanguage\":\"fr-FR\",\"@id\":\"https:\/\/vosgesinfo.fr\/gerardmerinfo\/#\/schema\/logo\/image\/\",\"url\":\"https:\/\/vosgesinfo.fr\/app\/uploads\/sites\/6\/2023\/08\/favicon-gerardmerinfo.png\",\"contentUrl\":\"https:\/\/vosgesinfo.fr\/app\/uploads\/sites\/6\/2023\/08\/favicon-gerardmerinfo.png\",\"width\":512,\"height\":512,\"caption\":\"Gerardmer Info\"},\"image\":{\"@id\":\"https:\/\/vosgesinfo.fr\/gerardmerinfo\/#\/schema\/logo\/image\/\"},\"sameAs\":[\"https:\/\/www.facebook.com\/profile.php?id=100049475262660\",\"https:\/\/x.com\/VosgesInfo88\",\"https:\/\/www.youtube.com\/@vosgesinfo\"]},{\"@type\":\"Person\",\"@id\":\"https:\/\/vosgesinfo.fr\/gerardmerinfo\/#\/schema\/person\/4f57dc393faf2ac8b9f1cab30ad79250\",\"name\":\"Phj\",\"image\":{\"@type\":\"ImageObject\",\"inLanguage\":\"fr-FR\",\"@id\":\"https:\/\/vosgesinfo.fr\/gerardmerinfo\/#\/schema\/person\/image\/\",\"url\":\"https:\/\/secure.gravatar.com\/avatar\/ada60265080fb9a89c9809bf0abb1f448a128cb85db1c08905baa5038fbe3cfe?s=96&d=mm&r=g\",\"contentUrl\":\"https:\/\/secure.gravatar.com\/avatar\/ada60265080fb9a89c9809bf0abb1f448a128cb85db1c08905baa5038fbe3cfe?s=96&d=mm&r=g\",\"caption\":\"Phj\"},\"url\":\"https:\/\/vosgesinfo.fr\/gerardmerinfo\/author\/phj\/\"}]}<\/script>\n<!-- \/ Yoast SEO plugin. -->","yoast_head_json":{"title":"R\u00e9action de Franck Leroy, Pr\u00e9sident de la R\u00e9gion Grand Est, aux d\u00e9clarations du Premier Ministre - Gerardmer Info","robots":{"index":"index","follow":"follow","max-snippet":"max-snippet:-1","max-image-preview":"max-image-preview:large","max-video-preview":"max-video-preview:-1"},"canonical":"https:\/\/vosgesinfo.fr\/gerardmerinfo\/2025\/07\/reaction-de-franck-leroy-president-de-la-region-grand-est-aux-declarations-du-premier-ministre\/","twitter_card":"summary_large_image","twitter_title":"R\u00e9action de Franck Leroy, Pr\u00e9sident de la R\u00e9gion Grand Est, aux d\u00e9clarations du Premier Ministre - Gerardmer Info","twitter_description":"\u00a0\u00ab Faire face \u00e0 la r\u00e9alit\u00e9 et ne plus se voiler la face \u00bb c\u2019est un acte courageux, une ligne [&hellip;]","twitter_image":"https:\/\/vosgesinfo.fr\/app\/uploads\/sites\/6\/2025\/07\/leroy-franck-51-380x460-1.jpg","twitter_creator":"@VosgesInfo88","twitter_site":"@VosgesInfo88","twitter_misc":{"\u00c9crit par":"Phj","Dur\u00e9e de lecture estim\u00e9e":"1 minute"},"schema":{"@context":"https:\/\/schema.org","@graph":[{"@type":"Article","@id":"https:\/\/vosgesinfo.fr\/gerardmerinfo\/2025\/07\/reaction-de-franck-leroy-president-de-la-region-grand-est-aux-declarations-du-premier-ministre\/#article","isPartOf":{"@id":"https:\/\/vosgesinfo.fr\/gerardmerinfo\/2025\/07\/reaction-de-franck-leroy-president-de-la-region-grand-est-aux-declarations-du-premier-ministre\/"},"author":{"name":"Phj","@id":"https:\/\/vosgesinfo.fr\/gerardmerinfo\/#\/schema\/person\/4f57dc393faf2ac8b9f1cab30ad79250"},"headline":"R\u00e9action de Franck Leroy, Pr\u00e9sident de la R\u00e9gion Grand Est, aux d\u00e9clarations du Premier Ministre","datePublished":"2025-07-17T06:45:14+00:00","dateModified":"2025-07-17T06:45:14+00:00","mainEntityOfPage":{"@id":"https:\/\/vosgesinfo.fr\/gerardmerinfo\/2025\/07\/reaction-de-franck-leroy-president-de-la-region-grand-est-aux-declarations-du-premier-ministre\/"},"wordCount":230,"commentCount":0,"publisher":{"@id":"https:\/\/vosgesinfo.fr\/gerardmerinfo\/#organization"},"image":{"@id":"https:\/\/vosgesinfo.fr\/gerardmerinfo\/2025\/07\/reaction-de-franck-leroy-president-de-la-region-grand-est-aux-declarations-du-premier-ministre\/#primaryimage"},"thumbnailUrl":"https:\/\/vosgesinfo.fr\/app\/uploads\/sites\/6\/2025\/07\/leroy-franck-51-380x460-1.jpg","articleSection":["A la une","Epinal","G\u00e9rardmer","La plaine des vosges","Remiremont","Saint-di\u00e9"],"inLanguage":"fr-FR","potentialAction":[{"@type":"CommentAction","name":"Comment","target":["https:\/\/vosgesinfo.fr\/gerardmerinfo\/2025\/07\/reaction-de-franck-leroy-president-de-la-region-grand-est-aux-declarations-du-premier-ministre\/#respond"]}]},{"@type":"WebPage","@id":"https:\/\/vosgesinfo.fr\/gerardmerinfo\/2025\/07\/reaction-de-franck-leroy-president-de-la-region-grand-est-aux-declarations-du-premier-ministre\/","url":"https:\/\/vosgesinfo.fr\/gerardmerinfo\/2025\/07\/reaction-de-franck-leroy-president-de-la-region-grand-est-aux-declarations-du-premier-ministre\/","name":"R\u00e9action de Franck Leroy, Pr\u00e9sident de la R\u00e9gion Grand Est, aux d\u00e9clarations du Premier Ministre - Gerardmer Info","isPartOf":{"@id":"https:\/\/vosgesinfo.fr\/gerardmerinfo\/#website"},"primaryImageOfPage":{"@id":"https:\/\/vosgesinfo.fr\/gerardmerinfo\/2025\/07\/reaction-de-franck-leroy-president-de-la-region-grand-est-aux-declarations-du-premier-ministre\/#primaryimage"},"image":{"@id":"https:\/\/vosgesinfo.fr\/gerardmerinfo\/2025\/07\/reaction-de-franck-leroy-president-de-la-region-grand-est-aux-declarations-du-premier-ministre\/#primaryimage"},"thumbnailUrl":"https:\/\/vosgesinfo.fr\/app\/uploads\/sites\/6\/2025\/07\/leroy-franck-51-380x460-1.jpg","datePublished":"2025-07-17T06:45:14+00:00","dateModified":"2025-07-17T06:45:14+00:00","breadcrumb":{"@id":"https:\/\/vosgesinfo.fr\/gerardmerinfo\/2025\/07\/reaction-de-franck-leroy-president-de-la-region-grand-est-aux-declarations-du-premier-ministre\/#breadcrumb"},"inLanguage":"fr-FR","potentialAction":[{"@type":"ReadAction","target":["https:\/\/vosgesinfo.fr\/gerardmerinfo\/2025\/07\/reaction-de-franck-leroy-president-de-la-region-grand-est-aux-declarations-du-premier-ministre\/"]}]},{"@type":"ImageObject","inLanguage":"fr-FR","@id":"https:\/\/vosgesinfo.fr\/gerardmerinfo\/2025\/07\/reaction-de-franck-leroy-president-de-la-region-grand-est-aux-declarations-du-premier-ministre\/#primaryimage","url":"https:\/\/vosgesinfo.fr\/app\/uploads\/sites\/6\/2025\/07\/leroy-franck-51-380x460-1.jpg","contentUrl":"https:\/\/vosgesinfo.fr\/app\/uploads\/sites\/6\/2025\/07\/leroy-franck-51-380x460-1.jpg","width":380,"height":460},{"@type":"BreadcrumbList","@id":"https:\/\/vosgesinfo.fr\/gerardmerinfo\/2025\/07\/reaction-de-franck-leroy-president-de-la-region-grand-est-aux-declarations-du-premier-ministre\/#breadcrumb","itemListElement":[{"@type":"ListItem","position":1,"name":"Home","item":"https:\/\/vosgesinfo.fr\/gerardmerinfo\/"},{"@type":"ListItem","position":2,"name":"R\u00e9action de Franck Leroy, Pr\u00e9sident de la R\u00e9gion Grand Est, aux d\u00e9clarations du Premier Ministre"}]},{"@type":"WebSite","@id":"https:\/\/vosgesinfo.fr\/gerardmerinfo\/#website","url":"https:\/\/vosgesinfo.fr\/gerardmerinfo\/","name":"Gerardmer Info","description":"Toute l&#039;actualit\u00e9 de G\u00e9rardmer","publisher":{"@id":"https:\/\/vosgesinfo.fr\/gerardmerinfo\/#organization"},"alternateName":"Toute l'actualit\u00e9 de G\u00e9rardmer","potentialAction":[{"@type":"SearchAction","target":{"@type":"EntryPoint","urlTemplate":"https:\/\/vosgesinfo.fr\/gerardmerinfo\/?s={search_term_string}"},"query-input":"required name=search_term_string"}],"inLanguage":"fr-FR"},{"@type":"Organization","@id":"https:\/\/vosgesinfo.fr\/gerardmerinfo\/#organization","name":"Gerardmer Info","url":"https:\/\/vosgesinfo.fr\/gerardmerinfo\/","logo":{"@type":"ImageObject","inLanguage":"fr-FR","@id":"https:\/\/vosgesinfo.fr\/gerardmerinfo\/#\/schema\/logo\/image\/","url":"https:\/\/vosgesinfo.fr\/app\/uploads\/sites\/6\/2023\/08\/favicon-gerardmerinfo.png","contentUrl":"https:\/\/vosgesinfo.fr\/app\/uploads\/sites\/6\/2023\/08\/favicon-gerardmerinfo.png","width":512,"height":512,"caption":"Gerardmer Info"},"image":{"@id":"https:\/\/vosgesinfo.fr\/gerardmerinfo\/#\/schema\/logo\/image\/"},"sameAs":["https:\/\/www.facebook.com\/profile.php?id=100049475262660","https:\/\/x.com\/VosgesInfo88","https:\/\/www.youtube.com\/@vosgesinfo"]},{"@type":"Person","@id":"https:\/\/vosgesinfo.fr\/gerardmerinfo\/#\/schema\/person\/4f57dc393faf2ac8b9f1cab30ad79250","name":"Phj","image":{"@type":"ImageObject","inLanguage":"fr-FR","@id":"https:\/\/vosgesinfo.fr\/gerardmerinfo\/#\/schema\/person\/image\/","url":"https:\/\/secure.gravatar.com\/avatar\/ada60265080fb9a89c9809bf0abb1f448a128cb85db1c08905baa5038fbe3cfe?s=96&d=mm&r=g","contentUrl":"https:\/\/secure.gravatar.com\/avatar\/ada60265080fb9a89c9809bf0abb1f448a128cb85db1c08905baa5038fbe3cfe?s=96&d=mm&r=g","caption":"Phj"},"url":"https:\/\/vosgesinfo.fr\/gerardmerinfo\/author\/phj\/"}]}},"_links":{"self":[{"href":"https:\/\/vosgesinfo.fr\/gerardmerinfo\/wp-json\/wp\/v2\/posts\/80634","targetHints":{"allow":["GET"]}}],"collection":[{"href":"https:\/\/vosgesinfo.fr\/gerardmerinfo\/wp-json\/wp\/v2\/posts"}],"about":[{"href":"https:\/\/vosgesinfo.fr\/gerardmerinfo\/wp-json\/wp\/v2\/types\/post"}],"author":[{"embeddable":true,"href":"https:\/\/vosgesinfo.fr\/gerardmerinfo\/wp-json\/wp\/v2\/users\/39"}],"replies":[{"embeddable":true,"href":"https:\/\/vosgesinfo.fr\/gerardmerinfo\/wp-json\/wp\/v2\/comments?post=80634"}],"version-history":[{"count":0,"href":"https:\/\/vosgesinfo.fr\/gerardmerinfo\/wp-json\/wp\/v2\/posts\/80634\/revisions"}],"wp:featuredmedia":[{"embeddable":true,"href":"https:\/\/vosgesinfo.fr\/gerardmerinfo\/wp-json\/wp\/v2\/media\/80635"}],"wp:attachment":[{"href":"https:\/\/vosgesinfo.fr\/gerardmerinfo\/wp-json\/wp\/v2\/media?parent=80634"}],"wp:term":[{"taxonomy":"category","embeddable":true,"href":"https:\/\/vosgesinfo.fr\/gerardmerinfo\/wp-json\/wp\/v2\/categories?post=80634"},{"taxonomy":"post_tag","embeddable":true,"href":"https:\/\/vosgesinfo.fr\/gerardmerinfo\/wp-json\/wp\/v2\/tags?post=80634"}],"curies":[{"name":"wp","href":"https:\/\/api.w.org\/{rel}","templated":true}]}}