{"id":80636,"date":"2025-07-21T16:10:50","date_gmt":"2025-07-21T14:10:50","guid":{"rendered":"https:\/\/vosgesinfo.fr\/gerardmerinfo\/?p=80636"},"modified":"2025-07-21T16:12:27","modified_gmt":"2025-07-21T14:12:27","slug":"deces-de-monsieur-raymond-nourdin","status":"publish","type":"post","link":"https:\/\/vosgesinfo.fr\/gerardmerinfo\/2025\/07\/deces-de-monsieur-raymond-nourdin\/","title":{"rendered":"D\u00e9c\u00e8s de Monsieur Raymond NOURDIN"},"content":{"rendered":"<p>&nbsp;<\/p>\n<p style=\"text-align: center;\"><strong><a href=\"https:\/\/vosgesinfo.fr\/app\/uploads\/sites\/6\/2022\/05\/marchal-e1689088498333.jpg\"><img decoding=\"async\" class=\"aligncenter wp-image-210\" src=\"https:\/\/vosgesinfo.fr\/app\/uploads\/sites\/6\/2022\/05\/marchal-e1689088498333.jpg\" alt=\"\" width=\"400\" height=\"80\" srcset=\"https:\/\/vosgesinfo.fr\/app\/uploads\/sites\/6\/2022\/05\/marchal-e1689088498333.jpg 650w, https:\/\/vosgesinfo.fr\/app\/uploads\/sites\/6\/2022\/05\/marchal-e1689088498333-300x60.jpg 300w\" sizes=\"(max-width: 400px) 100vw, 400px\" \/><\/a><\/strong><\/p>\n<p>&nbsp;<\/p>\n<p style=\"text-align: center;\"><strong>G\u00c9RARDMER, FONTENAY-SOUS-BOIS, TREBEURDEN\u00a0, MANDURAH\u00a0, GRANGES\/AUMONTZEY<\/strong><\/p>\n<p><strong>\u00a0<\/strong><\/p>\n<p style=\"text-align: center;\">Fran\u00e7oise et Jean-Louis BIZOUARD<\/p>\n<p style=\"text-align: center;\">Dominique et GUY MARIN<\/p>\n<p style=\"text-align: center;\">Laurence et St\u00e9phane HEIM<\/p>\n<p style=\"text-align: center;\">Gervais XOLIN<\/p>\n<p style=\"text-align: center;\">Chantal CARTIGNY<\/p>\n<table class=\" aligncenter\" width=\"100%\">\n<tbody>\n<tr>\n<td><\/td>\n<\/tr>\n<\/tbody>\n<\/table>\n<p style=\"text-align: center;\">Ses enfants et leurs conjoints<\/p>\n<p style=\"text-align: center;\">\n<p style=\"text-align: center;\">Arnaud et Fatima, Xavier, Jean-No\u00ebl et Anita,<\/p>\n<p style=\"text-align: center;\">Jonathan, Camille et Iva, \u00a0Eric et Aur\u00e9lie,<\/p>\n<p style=\"text-align: center;\">Tristan et M\u00e9lanie, Perrine et Milie, Simon,<\/p>\n<p style=\"text-align: center;\">Pierre et Perrine<\/p>\n<p style=\"text-align: center;\">Ses petits-enfants et leurs conjoints<\/p>\n<p style=\"text-align: center;\">\n<p style=\"text-align: center;\">Arthur, Naodan, Alice, Valentine, Alexandra,<\/p>\n<p style=\"text-align: center;\">Auriane, Adam, Auguste<\/p>\n<p style=\"text-align: center;\">Ses arri\u00e8re-petits-enfants<\/p>\n<p style=\"text-align: center;\">\n<p style=\"text-align: center;\">Marie-Louise BERNIS<\/p>\n<p style=\"text-align: center;\">Sa belle-s\u0153ur<\/p>\n<p style=\"text-align: center;\">Claude, son ami<\/p>\n<p style=\"text-align: center;\">\n<p style=\"text-align: center;\">Ses ni\u00e8ces et ses neveux<\/p>\n<p style=\"text-align: center;\">Les familles\u00a0: NOURDIN- PERAUX- LALLEMAND-BERNIS-GEORGEL<\/p>\n<p style=\"text-align: center;\">Toute la parent\u00e9, ses proches et ses amis<\/p>\n<p style=\"text-align: center;\">\n<p style=\"text-align: center;\">Ont la douleur de vous faire part du d\u00e9c\u00e8s de<\/p>\n<p style=\"text-align: center;\">\n<p style=\"text-align: center;\"><strong>Monsieur Raymond NOURDIN <\/strong><\/p>\n<p style=\"text-align: center;\">d\u00e9c\u00e9d\u00e9 le mercredi 16 juillet 2025 \u00e0 l\u2019\u00e2ge de 97 ans<\/p>\n<p style=\"text-align: center;\">\n<p style=\"text-align: center;\">Monsieur Raymond NOURDIN \u00a0repose au fun\u00e9rarium communal de G\u00e9rardmer o\u00f9 les visites sont possibles \u00e0 partir de ce jeudi 17 juillet 2025 de 10h \u00e0 12h et de 14h \u00e0 18h<\/p>\n<p style=\"text-align: center;\">Jusqu\u2019au vendredi 12h.<\/p>\n<p style=\"text-align: center;\">Une c\u00e9r\u00e9monie religieuse sera c\u00e9l\u00e9br\u00e9e le vendredi 18 juillet 2025 \u00e0 14h30<\/p>\n<p style=\"text-align: center;\">en l\u2019\u00e9glise Saint-Barth\u00e9lemy de G\u00e9rardmer, suivie de l\u2019inhumation au cimeti\u00e8re de Granges\/Aumontzey.<\/p>\n<p style=\"text-align: center;\">\n<p style=\"text-align: center;\"><strong>La famille rappelle \u00e0 votre souvenir<\/strong><\/p>\n<p style=\"text-align: center;\"><strong>Son \u00e9pouse Th\u00e9r\u00e8se et ses enfants Christiane et Pascal<\/strong><\/p>\n<p style=\"text-align: center;\">\n<p style=\"text-align: center;\"><strong>Un livre de condol\u00e9ances est ouvert sur www.pompes-funebres-marchal.fr <\/strong><\/p>\n<p style=\"text-align: center;\">\n<p style=\"text-align: center;\">Cet avis tient lieu de faire-part et de remerciements<\/p>\n<p><a href=\"https:\/\/vosgesinfo.fr\/app\/uploads\/sites\/6\/2024\/07\/202204logo-marchal-fondblanc.jpeg\"><img decoding=\"async\" class=\"aligncenter wp-image-58563 size-medium\" src=\"https:\/\/vosgesinfo.fr\/app\/uploads\/sites\/6\/2024\/07\/202204logo-marchal-fondblanc-300x220.jpeg\" alt=\"\" width=\"300\" height=\"220\" srcset=\"https:\/\/vosgesinfo.fr\/app\/uploads\/sites\/6\/2024\/07\/202204logo-marchal-fondblanc-300x220.jpeg 300w, https:\/\/vosgesinfo.fr\/app\/uploads\/sites\/6\/2024\/07\/202204logo-marchal-fondblanc-1024x751.jpeg 1024w, https:\/\/vosgesinfo.fr\/app\/uploads\/sites\/6\/2024\/07\/202204logo-marchal-fondblanc-768x563.jpeg 768w, https:\/\/vosgesinfo.fr\/app\/uploads\/sites\/6\/2024\/07\/202204logo-marchal-fondblanc-1536x1126.jpeg 1536w, https:\/\/vosgesinfo.fr\/app\/uploads\/sites\/6\/2024\/07\/202204logo-marchal-fondblanc.jpeg 1596w\" sizes=\"(max-width: 300px) 100vw, 300px\" \/><\/a><\/p>\n<p style=\"text-align: center;\">\n<p style=\"text-align: center;\">\n","protected":false},"excerpt":{"rendered":"<p>&nbsp; &nbsp; G\u00c9RARDMER, FONTENAY-SOUS-BOIS, TREBEURDEN\u00a0, MANDURAH\u00a0, GRANGES\/AUMONTZEY \u00a0 Fran\u00e7oise et Jean-Louis BIZOUARD Dominique et GUY MARIN Laurence et St\u00e9phane HEIM [&hellip;]<\/p>\n","protected":false},"author":391,"featured_media":213,"comment_status":"open","ping_status":"open","sticky":false,"template":"","format":"standard","meta":{"footnotes":""},"categories":[20,36],"tags":[],"class_list":["post-80636","post","type-post","status-publish","format-standard","has-post-thumbnail","hentry","category-a-la-une","category-avis-de-deces"],"acf":[],"yoast_head":"<!-- This site is optimized with the Yoast SEO plugin v22.5 - https:\/\/yoast.com\/wordpress\/plugins\/seo\/ -->\n<title>D\u00e9c\u00e8s de Monsieur Raymond NOURDIN - Gerardmer Info<\/title>\n<meta name=\"robots\" content=\"index, follow, max-snippet:-1, max-image-preview:large, max-video-preview:-1\" \/>\n<link rel=\"canonical\" href=\"https:\/\/vosgesinfo.fr\/gerardmerinfo\/2025\/07\/deces-de-monsieur-raymond-nourdin\/\" \/>\n<meta name=\"twitter:card\" content=\"summary_large_image\" \/>\n<meta name=\"twitter:title\" content=\"D\u00e9c\u00e8s de Monsieur Raymond NOURDIN - Gerardmer Info\" \/>\n<meta name=\"twitter:description\" content=\"&nbsp; &nbsp; G\u00c9RARDMER, FONTENAY-SOUS-BOIS, TREBEURDEN\u00a0, MANDURAH\u00a0, GRANGES\/AUMONTZEY \u00a0 Fran\u00e7oise et Jean-Louis BIZOUARD Dominique et GUY MARIN Laurence et St\u00e9phane HEIM [&hellip;]\" \/>\n<meta name=\"twitter:image\" content=\"https:\/\/vosgesinfo.fr\/app\/uploads\/sites\/6\/2020\/09\/avis-de-decces-bougie.jpg\" \/>\n<meta name=\"twitter:creator\" content=\"@VosgesInfo88\" \/>\n<meta name=\"twitter:site\" content=\"@VosgesInfo88\" \/>\n<meta name=\"twitter:label1\" content=\"\u00c9crit par\" \/>\n\t<meta name=\"twitter:data1\" content=\"La redaction\" \/>\n\t<meta name=\"twitter:label2\" content=\"Dur\u00e9e de lecture estim\u00e9e\" \/>\n\t<meta name=\"twitter:data2\" content=\"1 minute\" \/>\n<script type=\"application\/ld+json\" class=\"yoast-schema-graph\">{\"@context\":\"https:\/\/schema.org\",\"@graph\":[{\"@type\":\"Article\",\"@id\":\"https:\/\/vosgesinfo.fr\/gerardmerinfo\/2025\/07\/deces-de-monsieur-raymond-nourdin\/#article\",\"isPartOf\":{\"@id\":\"https:\/\/vosgesinfo.fr\/gerardmerinfo\/2025\/07\/deces-de-monsieur-raymond-nourdin\/\"},\"author\":{\"name\":\"La redaction\",\"@id\":\"https:\/\/vosgesinfo.fr\/gerardmerinfo\/#\/schema\/person\/27a3695b06db98895b354c0765cdfc31\"},\"headline\":\"D\u00e9c\u00e8s de Monsieur Raymond NOURDIN\",\"datePublished\":\"2025-07-21T14:10:50+00:00\",\"dateModified\":\"2025-07-21T14:12:27+00:00\",\"mainEntityOfPage\":{\"@id\":\"https:\/\/vosgesinfo.fr\/gerardmerinfo\/2025\/07\/deces-de-monsieur-raymond-nourdin\/\"},\"wordCount\":234,\"commentCount\":9,\"publisher\":{\"@id\":\"https:\/\/vosgesinfo.fr\/gerardmerinfo\/#organization\"},\"image\":{\"@id\":\"https:\/\/vosgesinfo.fr\/gerardmerinfo\/2025\/07\/deces-de-monsieur-raymond-nourdin\/#primaryimage\"},\"thumbnailUrl\":\"https:\/\/vosgesinfo.fr\/app\/uploads\/sites\/6\/2020\/09\/avis-de-decces-bougie.jpg\",\"articleSection\":[\"A la une\",\"Avis de d\u00e9c\u00e8s\"],\"inLanguage\":\"fr-FR\",\"potentialAction\":[{\"@type\":\"CommentAction\",\"name\":\"Comment\",\"target\":[\"https:\/\/vosgesinfo.fr\/gerardmerinfo\/2025\/07\/deces-de-monsieur-raymond-nourdin\/#respond\"]}]},{\"@type\":\"WebPage\",\"@id\":\"https:\/\/vosgesinfo.fr\/gerardmerinfo\/2025\/07\/deces-de-monsieur-raymond-nourdin\/\",\"url\":\"https:\/\/vosgesinfo.fr\/gerardmerinfo\/2025\/07\/deces-de-monsieur-raymond-nourdin\/\",\"name\":\"D\u00e9c\u00e8s de Monsieur Raymond NOURDIN - Gerardmer Info\",\"isPartOf\":{\"@id\":\"https:\/\/vosgesinfo.fr\/gerardmerinfo\/#website\"},\"primaryImageOfPage\":{\"@id\":\"https:\/\/vosgesinfo.fr\/gerardmerinfo\/2025\/07\/deces-de-monsieur-raymond-nourdin\/#primaryimage\"},\"image\":{\"@id\":\"https:\/\/vosgesinfo.fr\/gerardmerinfo\/2025\/07\/deces-de-monsieur-raymond-nourdin\/#primaryimage\"},\"thumbnailUrl\":\"https:\/\/vosgesinfo.fr\/app\/uploads\/sites\/6\/2020\/09\/avis-de-decces-bougie.jpg\",\"datePublished\":\"2025-07-21T14:10:50+00:00\",\"dateModified\":\"2025-07-21T14:12:27+00:00\",\"breadcrumb\":{\"@id\":\"https:\/\/vosgesinfo.fr\/gerardmerinfo\/2025\/07\/deces-de-monsieur-raymond-nourdin\/#breadcrumb\"},\"inLanguage\":\"fr-FR\",\"potentialAction\":[{\"@type\":\"ReadAction\",\"target\":[\"https:\/\/vosgesinfo.fr\/gerardmerinfo\/2025\/07\/deces-de-monsieur-raymond-nourdin\/\"]}]},{\"@type\":\"ImageObject\",\"inLanguage\":\"fr-FR\",\"@id\":\"https:\/\/vosgesinfo.fr\/gerardmerinfo\/2025\/07\/deces-de-monsieur-raymond-nourdin\/#primaryimage\",\"url\":\"https:\/\/vosgesinfo.fr\/app\/uploads\/sites\/6\/2020\/09\/avis-de-decces-bougie.jpg\",\"contentUrl\":\"https:\/\/vosgesinfo.fr\/app\/uploads\/sites\/6\/2020\/09\/avis-de-decces-bougie.jpg\",\"width\":700,\"height\":321},{\"@type\":\"BreadcrumbList\",\"@id\":\"https:\/\/vosgesinfo.fr\/gerardmerinfo\/2025\/07\/deces-de-monsieur-raymond-nourdin\/#breadcrumb\",\"itemListElement\":[{\"@type\":\"ListItem\",\"position\":1,\"name\":\"Home\",\"item\":\"https:\/\/vosgesinfo.fr\/gerardmerinfo\/\"},{\"@type\":\"ListItem\",\"position\":2,\"name\":\"D\u00e9c\u00e8s de Monsieur Raymond NOURDIN\"}]},{\"@type\":\"WebSite\",\"@id\":\"https:\/\/vosgesinfo.fr\/gerardmerinfo\/#website\",\"url\":\"https:\/\/vosgesinfo.fr\/gerardmerinfo\/\",\"name\":\"Gerardmer Info\",\"description\":\"Toute l&#039;actualit\u00e9 de G\u00e9rardmer\",\"publisher\":{\"@id\":\"https:\/\/vosgesinfo.fr\/gerardmerinfo\/#organization\"},\"alternateName\":\"Toute l'actualit\u00e9 de G\u00e9rardmer\",\"potentialAction\":[{\"@type\":\"SearchAction\",\"target\":{\"@type\":\"EntryPoint\",\"urlTemplate\":\"https:\/\/vosgesinfo.fr\/gerardmerinfo\/?s={search_term_string}\"},\"query-input\":\"required name=search_term_string\"}],\"inLanguage\":\"fr-FR\"},{\"@type\":\"Organization\",\"@id\":\"https:\/\/vosgesinfo.fr\/gerardmerinfo\/#organization\",\"name\":\"Gerardmer Info\",\"url\":\"https:\/\/vosgesinfo.fr\/gerardmerinfo\/\",\"logo\":{\"@type\":\"ImageObject\",\"inLanguage\":\"fr-FR\",\"@id\":\"https:\/\/vosgesinfo.fr\/gerardmerinfo\/#\/schema\/logo\/image\/\",\"url\":\"https:\/\/vosgesinfo.fr\/app\/uploads\/sites\/6\/2023\/08\/favicon-gerardmerinfo.png\",\"contentUrl\":\"https:\/\/vosgesinfo.fr\/app\/uploads\/sites\/6\/2023\/08\/favicon-gerardmerinfo.png\",\"width\":512,\"height\":512,\"caption\":\"Gerardmer Info\"},\"image\":{\"@id\":\"https:\/\/vosgesinfo.fr\/gerardmerinfo\/#\/schema\/logo\/image\/\"},\"sameAs\":[\"https:\/\/www.facebook.com\/profile.php?id=100049475262660\",\"https:\/\/x.com\/VosgesInfo88\",\"https:\/\/www.youtube.com\/@vosgesinfo\"]},{\"@type\":\"Person\",\"@id\":\"https:\/\/vosgesinfo.fr\/gerardmerinfo\/#\/schema\/person\/27a3695b06db98895b354c0765cdfc31\",\"name\":\"La redaction\",\"image\":{\"@type\":\"ImageObject\",\"inLanguage\":\"fr-FR\",\"@id\":\"https:\/\/vosgesinfo.fr\/gerardmerinfo\/#\/schema\/person\/image\/\",\"url\":\"https:\/\/secure.gravatar.com\/avatar\/64c76a78e501cedee55736f43f332df901e1896ae9cd8fad269ae2236dd0e8b6?s=96&d=mm&r=g\",\"contentUrl\":\"https:\/\/secure.gravatar.com\/avatar\/64c76a78e501cedee55736f43f332df901e1896ae9cd8fad269ae2236dd0e8b6?s=96&d=mm&r=g\",\"caption\":\"La redaction\"},\"url\":\"https:\/\/vosgesinfo.fr\/gerardmerinfo\/author\/la-redaction\/\"}]}<\/script>\n<!-- \/ Yoast SEO plugin. -->","yoast_head_json":{"title":"D\u00e9c\u00e8s de Monsieur Raymond NOURDIN - Gerardmer Info","robots":{"index":"index","follow":"follow","max-snippet":"max-snippet:-1","max-image-preview":"max-image-preview:large","max-video-preview":"max-video-preview:-1"},"canonical":"https:\/\/vosgesinfo.fr\/gerardmerinfo\/2025\/07\/deces-de-monsieur-raymond-nourdin\/","twitter_card":"summary_large_image","twitter_title":"D\u00e9c\u00e8s de Monsieur Raymond NOURDIN - Gerardmer Info","twitter_description":"&nbsp; &nbsp; G\u00c9RARDMER, FONTENAY-SOUS-BOIS, TREBEURDEN\u00a0, MANDURAH\u00a0, GRANGES\/AUMONTZEY \u00a0 Fran\u00e7oise et Jean-Louis BIZOUARD Dominique et GUY MARIN Laurence et St\u00e9phane HEIM [&hellip;]","twitter_image":"https:\/\/vosgesinfo.fr\/app\/uploads\/sites\/6\/2020\/09\/avis-de-decces-bougie.jpg","twitter_creator":"@VosgesInfo88","twitter_site":"@VosgesInfo88","twitter_misc":{"\u00c9crit par":"La redaction","Dur\u00e9e de lecture estim\u00e9e":"1 minute"},"schema":{"@context":"https:\/\/schema.org","@graph":[{"@type":"Article","@id":"https:\/\/vosgesinfo.fr\/gerardmerinfo\/2025\/07\/deces-de-monsieur-raymond-nourdin\/#article","isPartOf":{"@id":"https:\/\/vosgesinfo.fr\/gerardmerinfo\/2025\/07\/deces-de-monsieur-raymond-nourdin\/"},"author":{"name":"La redaction","@id":"https:\/\/vosgesinfo.fr\/gerardmerinfo\/#\/schema\/person\/27a3695b06db98895b354c0765cdfc31"},"headline":"D\u00e9c\u00e8s de Monsieur Raymond NOURDIN","datePublished":"2025-07-21T14:10:50+00:00","dateModified":"2025-07-21T14:12:27+00:00","mainEntityOfPage":{"@id":"https:\/\/vosgesinfo.fr\/gerardmerinfo\/2025\/07\/deces-de-monsieur-raymond-nourdin\/"},"wordCount":234,"commentCount":9,"publisher":{"@id":"https:\/\/vosgesinfo.fr\/gerardmerinfo\/#organization"},"image":{"@id":"https:\/\/vosgesinfo.fr\/gerardmerinfo\/2025\/07\/deces-de-monsieur-raymond-nourdin\/#primaryimage"},"thumbnailUrl":"https:\/\/vosgesinfo.fr\/app\/uploads\/sites\/6\/2020\/09\/avis-de-decces-bougie.jpg","articleSection":["A la une","Avis de d\u00e9c\u00e8s"],"inLanguage":"fr-FR","potentialAction":[{"@type":"CommentAction","name":"Comment","target":["https:\/\/vosgesinfo.fr\/gerardmerinfo\/2025\/07\/deces-de-monsieur-raymond-nourdin\/#respond"]}]},{"@type":"WebPage","@id":"https:\/\/vosgesinfo.fr\/gerardmerinfo\/2025\/07\/deces-de-monsieur-raymond-nourdin\/","url":"https:\/\/vosgesinfo.fr\/gerardmerinfo\/2025\/07\/deces-de-monsieur-raymond-nourdin\/","name":"D\u00e9c\u00e8s de Monsieur Raymond NOURDIN - Gerardmer Info","isPartOf":{"@id":"https:\/\/vosgesinfo.fr\/gerardmerinfo\/#website"},"primaryImageOfPage":{"@id":"https:\/\/vosgesinfo.fr\/gerardmerinfo\/2025\/07\/deces-de-monsieur-raymond-nourdin\/#primaryimage"},"image":{"@id":"https:\/\/vosgesinfo.fr\/gerardmerinfo\/2025\/07\/deces-de-monsieur-raymond-nourdin\/#primaryimage"},"thumbnailUrl":"https:\/\/vosgesinfo.fr\/app\/uploads\/sites\/6\/2020\/09\/avis-de-decces-bougie.jpg","datePublished":"2025-07-21T14:10:50+00:00","dateModified":"2025-07-21T14:12:27+00:00","breadcrumb":{"@id":"https:\/\/vosgesinfo.fr\/gerardmerinfo\/2025\/07\/deces-de-monsieur-raymond-nourdin\/#breadcrumb"},"inLanguage":"fr-FR","potentialAction":[{"@type":"ReadAction","target":["https:\/\/vosgesinfo.fr\/gerardmerinfo\/2025\/07\/deces-de-monsieur-raymond-nourdin\/"]}]},{"@type":"ImageObject","inLanguage":"fr-FR","@id":"https:\/\/vosgesinfo.fr\/gerardmerinfo\/2025\/07\/deces-de-monsieur-raymond-nourdin\/#primaryimage","url":"https:\/\/vosgesinfo.fr\/app\/uploads\/sites\/6\/2020\/09\/avis-de-decces-bougie.jpg","contentUrl":"https:\/\/vosgesinfo.fr\/app\/uploads\/sites\/6\/2020\/09\/avis-de-decces-bougie.jpg","width":700,"height":321},{"@type":"BreadcrumbList","@id":"https:\/\/vosgesinfo.fr\/gerardmerinfo\/2025\/07\/deces-de-monsieur-raymond-nourdin\/#breadcrumb","itemListElement":[{"@type":"ListItem","position":1,"name":"Home","item":"https:\/\/vosgesinfo.fr\/gerardmerinfo\/"},{"@type":"ListItem","position":2,"name":"D\u00e9c\u00e8s de Monsieur Raymond NOURDIN"}]},{"@type":"WebSite","@id":"https:\/\/vosgesinfo.fr\/gerardmerinfo\/#website","url":"https:\/\/vosgesinfo.fr\/gerardmerinfo\/","name":"Gerardmer Info","description":"Toute l&#039;actualit\u00e9 de G\u00e9rardmer","publisher":{"@id":"https:\/\/vosgesinfo.fr\/gerardmerinfo\/#organization"},"alternateName":"Toute l'actualit\u00e9 de G\u00e9rardmer","potentialAction":[{"@type":"SearchAction","target":{"@type":"EntryPoint","urlTemplate":"https:\/\/vosgesinfo.fr\/gerardmerinfo\/?s={search_term_string}"},"query-input":"required name=search_term_string"}],"inLanguage":"fr-FR"},{"@type":"Organization","@id":"https:\/\/vosgesinfo.fr\/gerardmerinfo\/#organization","name":"Gerardmer Info","url":"https:\/\/vosgesinfo.fr\/gerardmerinfo\/","logo":{"@type":"ImageObject","inLanguage":"fr-FR","@id":"https:\/\/vosgesinfo.fr\/gerardmerinfo\/#\/schema\/logo\/image\/","url":"https:\/\/vosgesinfo.fr\/app\/uploads\/sites\/6\/2023\/08\/favicon-gerardmerinfo.png","contentUrl":"https:\/\/vosgesinfo.fr\/app\/uploads\/sites\/6\/2023\/08\/favicon-gerardmerinfo.png","width":512,"height":512,"caption":"Gerardmer Info"},"image":{"@id":"https:\/\/vosgesinfo.fr\/gerardmerinfo\/#\/schema\/logo\/image\/"},"sameAs":["https:\/\/www.facebook.com\/profile.php?id=100049475262660","https:\/\/x.com\/VosgesInfo88","https:\/\/www.youtube.com\/@vosgesinfo"]},{"@type":"Person","@id":"https:\/\/vosgesinfo.fr\/gerardmerinfo\/#\/schema\/person\/27a3695b06db98895b354c0765cdfc31","name":"La redaction","image":{"@type":"ImageObject","inLanguage":"fr-FR","@id":"https:\/\/vosgesinfo.fr\/gerardmerinfo\/#\/schema\/person\/image\/","url":"https:\/\/secure.gravatar.com\/avatar\/64c76a78e501cedee55736f43f332df901e1896ae9cd8fad269ae2236dd0e8b6?s=96&d=mm&r=g","contentUrl":"https:\/\/secure.gravatar.com\/avatar\/64c76a78e501cedee55736f43f332df901e1896ae9cd8fad269ae2236dd0e8b6?s=96&d=mm&r=g","caption":"La redaction"},"url":"https:\/\/vosgesinfo.fr\/gerardmerinfo\/author\/la-redaction\/"}]}},"_links":{"self":[{"href":"https:\/\/vosgesinfo.fr\/gerardmerinfo\/wp-json\/wp\/v2\/posts\/80636","targetHints":{"allow":["GET"]}}],"collection":[{"href":"https:\/\/vosgesinfo.fr\/gerardmerinfo\/wp-json\/wp\/v2\/posts"}],"about":[{"href":"https:\/\/vosgesinfo.fr\/gerardmerinfo\/wp-json\/wp\/v2\/types\/post"}],"author":[{"embeddable":true,"href":"https:\/\/vosgesinfo.fr\/gerardmerinfo\/wp-json\/wp\/v2\/users\/391"}],"replies":[{"embeddable":true,"href":"https:\/\/vosgesinfo.fr\/gerardmerinfo\/wp-json\/wp\/v2\/comments?post=80636"}],"version-history":[{"count":1,"href":"https:\/\/vosgesinfo.fr\/gerardmerinfo\/wp-json\/wp\/v2\/posts\/80636\/revisions"}],"predecessor-version":[{"id":80637,"href":"https:\/\/vosgesinfo.fr\/gerardmerinfo\/wp-json\/wp\/v2\/posts\/80636\/revisions\/80637"}],"wp:featuredmedia":[{"embeddable":true,"href":"https:\/\/vosgesinfo.fr\/gerardmerinfo\/wp-json\/wp\/v2\/media\/213"}],"wp:attachment":[{"href":"https:\/\/vosgesinfo.fr\/gerardmerinfo\/wp-json\/wp\/v2\/media?parent=80636"}],"wp:term":[{"taxonomy":"category","embeddable":true,"href":"https:\/\/vosgesinfo.fr\/gerardmerinfo\/wp-json\/wp\/v2\/categories?post=80636"},{"taxonomy":"post_tag","embeddable":true,"href":"https:\/\/vosgesinfo.fr\/gerardmerinfo\/wp-json\/wp\/v2\/tags?post=80636"}],"curies":[{"name":"wp","href":"https:\/\/api.w.org\/{rel}","templated":true}]}}