{"id":80638,"date":"2025-07-17T12:51:45","date_gmt":"2025-07-17T10:51:45","guid":{"rendered":"https:\/\/vosgesinfo.fr\/gerardmerinfo\/?p=80638"},"modified":"2025-07-18T12:42:20","modified_gmt":"2025-07-18T10:42:20","slug":"deces-de-madame-monique-ruer","status":"publish","type":"post","link":"https:\/\/vosgesinfo.fr\/gerardmerinfo\/2025\/07\/deces-de-madame-monique-ruer\/","title":{"rendered":"D\u00e9c\u00e8s de Madame Monique RUER"},"content":{"rendered":"<p style=\"text-align: center;\">\n<p><a href=\"https:\/\/vosgesinfo.fr\/app\/uploads\/sites\/6\/2022\/05\/marchal-e1689088498333.jpg\"><img decoding=\"async\" class=\"aligncenter wp-image-210\" src=\"https:\/\/vosgesinfo.fr\/app\/uploads\/sites\/6\/2022\/05\/marchal-e1689088498333.jpg\" alt=\"\" width=\"400\" height=\"80\" srcset=\"https:\/\/vosgesinfo.fr\/app\/uploads\/sites\/6\/2022\/05\/marchal-e1689088498333.jpg 650w, https:\/\/vosgesinfo.fr\/app\/uploads\/sites\/6\/2022\/05\/marchal-e1689088498333-300x60.jpg 300w\" sizes=\"(max-width: 400px) 100vw, 400px\" \/><\/a><\/p>\n<p style=\"text-align: center;\"><strong><span style=\"font-size: 14pt;\">G\u00c9RARDMER<\/span> <\/strong><\/p>\n<p style=\"text-align: center;\">R\u00e9gis et Brigitte RUER<\/p>\n<p style=\"text-align: center;\">Annie RUER<\/p>\n<p style=\"text-align: center;\">Gilles RUER et Marie-Jo<\/p>\n<table class=\" aligncenter\" width=\"100%\">\n<tbody>\n<tr>\n<td><\/td>\n<\/tr>\n<\/tbody>\n<\/table>\n<p style=\"text-align: center;\">Benoit RUER et Val\u00e9rie<\/p>\n<p style=\"text-align: center;\">Ses enfants et leurs conjoints<\/p>\n<p style=\"text-align: center;\">\n<p style=\"text-align: center;\">S\u00e9bastien et Christelle, Julie et Lo\u00efc<\/p>\n<p style=\"text-align: center;\">Estelle et Christophe, Eliot et Tiffany<\/p>\n<p style=\"text-align: center;\">Suzy et Luca<\/p>\n<p style=\"text-align: center;\">Ses petits-enfants et leurs conjoints<\/p>\n<p style=\"text-align: center;\">\n<p style=\"text-align: center;\">Lily, Louis, Alix, Milo<\/p>\n<p style=\"text-align: center;\">Ses arri\u00e8re-petits-enfants<\/p>\n<p style=\"text-align: center;\">\n<p style=\"text-align: center;\">Micheline HALLOY<\/p>\n<p style=\"text-align: center;\">Anne-Marie COIN<\/p>\n<p style=\"text-align: center;\">Ses s\u0153urs<\/p>\n<p style=\"text-align: center;\">\n<p style=\"text-align: center;\">Suzanne RUER<\/p>\n<p style=\"text-align: center;\">Marie-Th\u00e9r\u00e8se LIENHERR<\/p>\n<p style=\"text-align: center;\">Ses belles-s\u0153urs<\/p>\n<p style=\"text-align: center;\">\n<p style=\"text-align: center;\">Ses ni\u00e8ces et ses neveux<\/p>\n<p style=\"text-align: center;\">Toute la parent\u00e9, ses proches et ses amis<\/p>\n<p style=\"text-align: center;\">\n<p style=\"text-align: center;\">Ont la douleur de vous faire part du d\u00e9c\u00e8s de<\/p>\n<p style=\"text-align: center;\">\n<p style=\"text-align: center;\"><span style=\"font-size: 14pt;\"><strong>Madame Monique RUER<\/strong><\/span><\/p>\n<p style=\"text-align: center;\"><span style=\"font-size: 14pt;\"><strong>N\u00e9e LIENHERR<\/strong><\/span><\/p>\n<p style=\"text-align: center;\">d\u00e9c\u00e9d\u00e9e le mercredi 16 juillet 2025 \u00e0 l\u2019\u00e2ge de 94 ans<\/p>\n<p style=\"text-align: center;\">\n<p style=\"text-align: center;\">Madame Monique RUER repose au fun\u00e9rarium communal de G\u00e9rardmer o\u00f9 les visites sont possibles \u00e0 partir de ce jeudi 17 juillet 2025 de 15h \u00e0 18h et le vendredi 18 juillet de 10h \u00e0 12h et de 15h \u00e0 18h<\/p>\n<p style=\"text-align: center;\">\n<p style=\"text-align: center;\">Une c\u00e9r\u00e9monie religieuse sera c\u00e9l\u00e9br\u00e9e le samedi 19 juillet 2025 \u00e0 10h30<\/p>\n<p style=\"text-align: center;\">\u00a0en l\u2019\u00e9glise Sainte-Bernadette de Xonrupt-Longemer, suivie de son inhumation au cimeti\u00e8re de G\u00e9rardmer.<\/p>\n<p style=\"text-align: center;\">\n<p style=\"text-align: center;\"><strong>La famille rappelle \u00e0 votre souvenir son \u00e9poux Jeannot et son fr\u00e8re Jean<\/strong><\/p>\n<p style=\"text-align: center;\"><strong>\u00a0<\/strong><\/p>\n<p style=\"text-align: center;\"><strong>Pas de plaques, pr\u00e9f\u00e9rez des fleurs naturelles <\/strong><\/p>\n<p style=\"text-align: center;\">\n<p style=\"text-align: center;\">La famille remercie, le personnel de l\u2019Ehpad L\u00e9a Andr\u00e9, ses m\u00e9decins Ja\u00e9gl\u00e9 et Viry et le SIAD<\/p>\n<p style=\"text-align: center;\"><strong>\u00a0<\/strong><\/p>\n<p style=\"text-align: center;\"><strong>Un livre de condol\u00e9ances est ouvert sur www.pompes-funebres-marchal.fr <\/strong><\/p>\n<p style=\"text-align: center;\">\n<p style=\"text-align: center;\">Cet avis tient lieu de faire-part et de remerciements<\/p>\n<p><a href=\"https:\/\/vosgesinfo.fr\/app\/uploads\/sites\/6\/2024\/07\/202204logo-marchal-fondblanc.jpeg\"><img decoding=\"async\" class=\"aligncenter wp-image-58563 size-medium\" src=\"https:\/\/vosgesinfo.fr\/app\/uploads\/sites\/6\/2024\/07\/202204logo-marchal-fondblanc-300x220.jpeg\" alt=\"\" width=\"300\" height=\"220\" srcset=\"https:\/\/vosgesinfo.fr\/app\/uploads\/sites\/6\/2024\/07\/202204logo-marchal-fondblanc-300x220.jpeg 300w, https:\/\/vosgesinfo.fr\/app\/uploads\/sites\/6\/2024\/07\/202204logo-marchal-fondblanc-1024x751.jpeg 1024w, https:\/\/vosgesinfo.fr\/app\/uploads\/sites\/6\/2024\/07\/202204logo-marchal-fondblanc-768x563.jpeg 768w, https:\/\/vosgesinfo.fr\/app\/uploads\/sites\/6\/2024\/07\/202204logo-marchal-fondblanc-1536x1126.jpeg 1536w, https:\/\/vosgesinfo.fr\/app\/uploads\/sites\/6\/2024\/07\/202204logo-marchal-fondblanc.jpeg 1596w\" sizes=\"(max-width: 300px) 100vw, 300px\" \/><\/a><\/p>\n","protected":false},"excerpt":{"rendered":"<p>G\u00c9RARDMER R\u00e9gis et Brigitte RUER Annie RUER Gilles RUER et Marie-Jo Benoit RUER et Val\u00e9rie Ses enfants et leurs conjoints [&hellip;]<\/p>\n","protected":false},"author":391,"featured_media":213,"comment_status":"open","ping_status":"open","sticky":false,"template":"","format":"standard","meta":{"footnotes":""},"categories":[20,36,5647],"tags":[],"class_list":["post-80638","post","type-post","status-publish","format-standard","has-post-thumbnail","hentry","category-a-la-une","category-avis-de-deces","category-gerardmer-autres-sites"],"acf":[],"yoast_head":"<!-- This site is optimized with the Yoast SEO plugin v22.5 - https:\/\/yoast.com\/wordpress\/plugins\/seo\/ -->\n<title>D\u00e9c\u00e8s de Madame Monique RUER - Gerardmer Info<\/title>\n<meta name=\"robots\" content=\"index, follow, max-snippet:-1, max-image-preview:large, max-video-preview:-1\" \/>\n<link rel=\"canonical\" href=\"https:\/\/vosgesinfo.fr\/gerardmerinfo\/2025\/07\/deces-de-madame-monique-ruer\/\" \/>\n<meta name=\"twitter:card\" content=\"summary_large_image\" \/>\n<meta name=\"twitter:title\" content=\"D\u00e9c\u00e8s de Madame Monique RUER - Gerardmer Info\" \/>\n<meta name=\"twitter:description\" content=\"G\u00c9RARDMER R\u00e9gis et Brigitte RUER Annie RUER Gilles RUER et Marie-Jo Benoit RUER et Val\u00e9rie Ses enfants et leurs conjoints [&hellip;]\" \/>\n<meta name=\"twitter:image\" content=\"https:\/\/vosgesinfo.fr\/app\/uploads\/sites\/6\/2020\/09\/avis-de-decces-bougie.jpg\" \/>\n<meta name=\"twitter:creator\" content=\"@VosgesInfo88\" \/>\n<meta name=\"twitter:site\" content=\"@VosgesInfo88\" \/>\n<meta name=\"twitter:label1\" content=\"\u00c9crit par\" \/>\n\t<meta name=\"twitter:data1\" content=\"La redaction\" \/>\n\t<meta name=\"twitter:label2\" content=\"Dur\u00e9e de lecture estim\u00e9e\" \/>\n\t<meta name=\"twitter:data2\" content=\"1 minute\" \/>\n<script type=\"application\/ld+json\" class=\"yoast-schema-graph\">{\"@context\":\"https:\/\/schema.org\",\"@graph\":[{\"@type\":\"Article\",\"@id\":\"https:\/\/vosgesinfo.fr\/gerardmerinfo\/2025\/07\/deces-de-madame-monique-ruer\/#article\",\"isPartOf\":{\"@id\":\"https:\/\/vosgesinfo.fr\/gerardmerinfo\/2025\/07\/deces-de-madame-monique-ruer\/\"},\"author\":{\"name\":\"La redaction\",\"@id\":\"https:\/\/vosgesinfo.fr\/gerardmerinfo\/#\/schema\/person\/27a3695b06db98895b354c0765cdfc31\"},\"headline\":\"D\u00e9c\u00e8s de Madame Monique RUER\",\"datePublished\":\"2025-07-17T10:51:45+00:00\",\"dateModified\":\"2025-07-18T10:42:20+00:00\",\"mainEntityOfPage\":{\"@id\":\"https:\/\/vosgesinfo.fr\/gerardmerinfo\/2025\/07\/deces-de-madame-monique-ruer\/\"},\"wordCount\":246,\"commentCount\":8,\"publisher\":{\"@id\":\"https:\/\/vosgesinfo.fr\/gerardmerinfo\/#organization\"},\"image\":{\"@id\":\"https:\/\/vosgesinfo.fr\/gerardmerinfo\/2025\/07\/deces-de-madame-monique-ruer\/#primaryimage\"},\"thumbnailUrl\":\"https:\/\/vosgesinfo.fr\/app\/uploads\/sites\/6\/2020\/09\/avis-de-decces-bougie.jpg\",\"articleSection\":[\"A la une\",\"Avis de d\u00e9c\u00e8s\",\"Gerardmer\"],\"inLanguage\":\"fr-FR\",\"potentialAction\":[{\"@type\":\"CommentAction\",\"name\":\"Comment\",\"target\":[\"https:\/\/vosgesinfo.fr\/gerardmerinfo\/2025\/07\/deces-de-madame-monique-ruer\/#respond\"]}]},{\"@type\":\"WebPage\",\"@id\":\"https:\/\/vosgesinfo.fr\/gerardmerinfo\/2025\/07\/deces-de-madame-monique-ruer\/\",\"url\":\"https:\/\/vosgesinfo.fr\/gerardmerinfo\/2025\/07\/deces-de-madame-monique-ruer\/\",\"name\":\"D\u00e9c\u00e8s de Madame Monique RUER - Gerardmer Info\",\"isPartOf\":{\"@id\":\"https:\/\/vosgesinfo.fr\/gerardmerinfo\/#website\"},\"primaryImageOfPage\":{\"@id\":\"https:\/\/vosgesinfo.fr\/gerardmerinfo\/2025\/07\/deces-de-madame-monique-ruer\/#primaryimage\"},\"image\":{\"@id\":\"https:\/\/vosgesinfo.fr\/gerardmerinfo\/2025\/07\/deces-de-madame-monique-ruer\/#primaryimage\"},\"thumbnailUrl\":\"https:\/\/vosgesinfo.fr\/app\/uploads\/sites\/6\/2020\/09\/avis-de-decces-bougie.jpg\",\"datePublished\":\"2025-07-17T10:51:45+00:00\",\"dateModified\":\"2025-07-18T10:42:20+00:00\",\"breadcrumb\":{\"@id\":\"https:\/\/vosgesinfo.fr\/gerardmerinfo\/2025\/07\/deces-de-madame-monique-ruer\/#breadcrumb\"},\"inLanguage\":\"fr-FR\",\"potentialAction\":[{\"@type\":\"ReadAction\",\"target\":[\"https:\/\/vosgesinfo.fr\/gerardmerinfo\/2025\/07\/deces-de-madame-monique-ruer\/\"]}]},{\"@type\":\"ImageObject\",\"inLanguage\":\"fr-FR\",\"@id\":\"https:\/\/vosgesinfo.fr\/gerardmerinfo\/2025\/07\/deces-de-madame-monique-ruer\/#primaryimage\",\"url\":\"https:\/\/vosgesinfo.fr\/app\/uploads\/sites\/6\/2020\/09\/avis-de-decces-bougie.jpg\",\"contentUrl\":\"https:\/\/vosgesinfo.fr\/app\/uploads\/sites\/6\/2020\/09\/avis-de-decces-bougie.jpg\",\"width\":700,\"height\":321},{\"@type\":\"BreadcrumbList\",\"@id\":\"https:\/\/vosgesinfo.fr\/gerardmerinfo\/2025\/07\/deces-de-madame-monique-ruer\/#breadcrumb\",\"itemListElement\":[{\"@type\":\"ListItem\",\"position\":1,\"name\":\"Home\",\"item\":\"https:\/\/vosgesinfo.fr\/gerardmerinfo\/\"},{\"@type\":\"ListItem\",\"position\":2,\"name\":\"D\u00e9c\u00e8s de Madame Monique RUER\"}]},{\"@type\":\"WebSite\",\"@id\":\"https:\/\/vosgesinfo.fr\/gerardmerinfo\/#website\",\"url\":\"https:\/\/vosgesinfo.fr\/gerardmerinfo\/\",\"name\":\"Gerardmer Info\",\"description\":\"Toute l&#039;actualit\u00e9 de G\u00e9rardmer\",\"publisher\":{\"@id\":\"https:\/\/vosgesinfo.fr\/gerardmerinfo\/#organization\"},\"alternateName\":\"Toute l'actualit\u00e9 de G\u00e9rardmer\",\"potentialAction\":[{\"@type\":\"SearchAction\",\"target\":{\"@type\":\"EntryPoint\",\"urlTemplate\":\"https:\/\/vosgesinfo.fr\/gerardmerinfo\/?s={search_term_string}\"},\"query-input\":\"required name=search_term_string\"}],\"inLanguage\":\"fr-FR\"},{\"@type\":\"Organization\",\"@id\":\"https:\/\/vosgesinfo.fr\/gerardmerinfo\/#organization\",\"name\":\"Gerardmer Info\",\"url\":\"https:\/\/vosgesinfo.fr\/gerardmerinfo\/\",\"logo\":{\"@type\":\"ImageObject\",\"inLanguage\":\"fr-FR\",\"@id\":\"https:\/\/vosgesinfo.fr\/gerardmerinfo\/#\/schema\/logo\/image\/\",\"url\":\"https:\/\/vosgesinfo.fr\/app\/uploads\/sites\/6\/2023\/08\/favicon-gerardmerinfo.png\",\"contentUrl\":\"https:\/\/vosgesinfo.fr\/app\/uploads\/sites\/6\/2023\/08\/favicon-gerardmerinfo.png\",\"width\":512,\"height\":512,\"caption\":\"Gerardmer Info\"},\"image\":{\"@id\":\"https:\/\/vosgesinfo.fr\/gerardmerinfo\/#\/schema\/logo\/image\/\"},\"sameAs\":[\"https:\/\/www.facebook.com\/profile.php?id=100049475262660\",\"https:\/\/x.com\/VosgesInfo88\",\"https:\/\/www.youtube.com\/@vosgesinfo\"]},{\"@type\":\"Person\",\"@id\":\"https:\/\/vosgesinfo.fr\/gerardmerinfo\/#\/schema\/person\/27a3695b06db98895b354c0765cdfc31\",\"name\":\"La redaction\",\"image\":{\"@type\":\"ImageObject\",\"inLanguage\":\"fr-FR\",\"@id\":\"https:\/\/vosgesinfo.fr\/gerardmerinfo\/#\/schema\/person\/image\/\",\"url\":\"https:\/\/secure.gravatar.com\/avatar\/64c76a78e501cedee55736f43f332df901e1896ae9cd8fad269ae2236dd0e8b6?s=96&d=mm&r=g\",\"contentUrl\":\"https:\/\/secure.gravatar.com\/avatar\/64c76a78e501cedee55736f43f332df901e1896ae9cd8fad269ae2236dd0e8b6?s=96&d=mm&r=g\",\"caption\":\"La redaction\"},\"url\":\"https:\/\/vosgesinfo.fr\/gerardmerinfo\/author\/la-redaction\/\"}]}<\/script>\n<!-- \/ Yoast SEO plugin. -->","yoast_head_json":{"title":"D\u00e9c\u00e8s de Madame Monique RUER - Gerardmer Info","robots":{"index":"index","follow":"follow","max-snippet":"max-snippet:-1","max-image-preview":"max-image-preview:large","max-video-preview":"max-video-preview:-1"},"canonical":"https:\/\/vosgesinfo.fr\/gerardmerinfo\/2025\/07\/deces-de-madame-monique-ruer\/","twitter_card":"summary_large_image","twitter_title":"D\u00e9c\u00e8s de Madame Monique RUER - Gerardmer Info","twitter_description":"G\u00c9RARDMER R\u00e9gis et Brigitte RUER Annie RUER Gilles RUER et Marie-Jo Benoit RUER et Val\u00e9rie Ses enfants et leurs conjoints [&hellip;]","twitter_image":"https:\/\/vosgesinfo.fr\/app\/uploads\/sites\/6\/2020\/09\/avis-de-decces-bougie.jpg","twitter_creator":"@VosgesInfo88","twitter_site":"@VosgesInfo88","twitter_misc":{"\u00c9crit par":"La redaction","Dur\u00e9e de lecture estim\u00e9e":"1 minute"},"schema":{"@context":"https:\/\/schema.org","@graph":[{"@type":"Article","@id":"https:\/\/vosgesinfo.fr\/gerardmerinfo\/2025\/07\/deces-de-madame-monique-ruer\/#article","isPartOf":{"@id":"https:\/\/vosgesinfo.fr\/gerardmerinfo\/2025\/07\/deces-de-madame-monique-ruer\/"},"author":{"name":"La redaction","@id":"https:\/\/vosgesinfo.fr\/gerardmerinfo\/#\/schema\/person\/27a3695b06db98895b354c0765cdfc31"},"headline":"D\u00e9c\u00e8s de Madame Monique RUER","datePublished":"2025-07-17T10:51:45+00:00","dateModified":"2025-07-18T10:42:20+00:00","mainEntityOfPage":{"@id":"https:\/\/vosgesinfo.fr\/gerardmerinfo\/2025\/07\/deces-de-madame-monique-ruer\/"},"wordCount":246,"commentCount":8,"publisher":{"@id":"https:\/\/vosgesinfo.fr\/gerardmerinfo\/#organization"},"image":{"@id":"https:\/\/vosgesinfo.fr\/gerardmerinfo\/2025\/07\/deces-de-madame-monique-ruer\/#primaryimage"},"thumbnailUrl":"https:\/\/vosgesinfo.fr\/app\/uploads\/sites\/6\/2020\/09\/avis-de-decces-bougie.jpg","articleSection":["A la une","Avis de d\u00e9c\u00e8s","Gerardmer"],"inLanguage":"fr-FR","potentialAction":[{"@type":"CommentAction","name":"Comment","target":["https:\/\/vosgesinfo.fr\/gerardmerinfo\/2025\/07\/deces-de-madame-monique-ruer\/#respond"]}]},{"@type":"WebPage","@id":"https:\/\/vosgesinfo.fr\/gerardmerinfo\/2025\/07\/deces-de-madame-monique-ruer\/","url":"https:\/\/vosgesinfo.fr\/gerardmerinfo\/2025\/07\/deces-de-madame-monique-ruer\/","name":"D\u00e9c\u00e8s de Madame Monique RUER - Gerardmer Info","isPartOf":{"@id":"https:\/\/vosgesinfo.fr\/gerardmerinfo\/#website"},"primaryImageOfPage":{"@id":"https:\/\/vosgesinfo.fr\/gerardmerinfo\/2025\/07\/deces-de-madame-monique-ruer\/#primaryimage"},"image":{"@id":"https:\/\/vosgesinfo.fr\/gerardmerinfo\/2025\/07\/deces-de-madame-monique-ruer\/#primaryimage"},"thumbnailUrl":"https:\/\/vosgesinfo.fr\/app\/uploads\/sites\/6\/2020\/09\/avis-de-decces-bougie.jpg","datePublished":"2025-07-17T10:51:45+00:00","dateModified":"2025-07-18T10:42:20+00:00","breadcrumb":{"@id":"https:\/\/vosgesinfo.fr\/gerardmerinfo\/2025\/07\/deces-de-madame-monique-ruer\/#breadcrumb"},"inLanguage":"fr-FR","potentialAction":[{"@type":"ReadAction","target":["https:\/\/vosgesinfo.fr\/gerardmerinfo\/2025\/07\/deces-de-madame-monique-ruer\/"]}]},{"@type":"ImageObject","inLanguage":"fr-FR","@id":"https:\/\/vosgesinfo.fr\/gerardmerinfo\/2025\/07\/deces-de-madame-monique-ruer\/#primaryimage","url":"https:\/\/vosgesinfo.fr\/app\/uploads\/sites\/6\/2020\/09\/avis-de-decces-bougie.jpg","contentUrl":"https:\/\/vosgesinfo.fr\/app\/uploads\/sites\/6\/2020\/09\/avis-de-decces-bougie.jpg","width":700,"height":321},{"@type":"BreadcrumbList","@id":"https:\/\/vosgesinfo.fr\/gerardmerinfo\/2025\/07\/deces-de-madame-monique-ruer\/#breadcrumb","itemListElement":[{"@type":"ListItem","position":1,"name":"Home","item":"https:\/\/vosgesinfo.fr\/gerardmerinfo\/"},{"@type":"ListItem","position":2,"name":"D\u00e9c\u00e8s de Madame Monique RUER"}]},{"@type":"WebSite","@id":"https:\/\/vosgesinfo.fr\/gerardmerinfo\/#website","url":"https:\/\/vosgesinfo.fr\/gerardmerinfo\/","name":"Gerardmer Info","description":"Toute l&#039;actualit\u00e9 de G\u00e9rardmer","publisher":{"@id":"https:\/\/vosgesinfo.fr\/gerardmerinfo\/#organization"},"alternateName":"Toute l'actualit\u00e9 de G\u00e9rardmer","potentialAction":[{"@type":"SearchAction","target":{"@type":"EntryPoint","urlTemplate":"https:\/\/vosgesinfo.fr\/gerardmerinfo\/?s={search_term_string}"},"query-input":"required name=search_term_string"}],"inLanguage":"fr-FR"},{"@type":"Organization","@id":"https:\/\/vosgesinfo.fr\/gerardmerinfo\/#organization","name":"Gerardmer Info","url":"https:\/\/vosgesinfo.fr\/gerardmerinfo\/","logo":{"@type":"ImageObject","inLanguage":"fr-FR","@id":"https:\/\/vosgesinfo.fr\/gerardmerinfo\/#\/schema\/logo\/image\/","url":"https:\/\/vosgesinfo.fr\/app\/uploads\/sites\/6\/2023\/08\/favicon-gerardmerinfo.png","contentUrl":"https:\/\/vosgesinfo.fr\/app\/uploads\/sites\/6\/2023\/08\/favicon-gerardmerinfo.png","width":512,"height":512,"caption":"Gerardmer Info"},"image":{"@id":"https:\/\/vosgesinfo.fr\/gerardmerinfo\/#\/schema\/logo\/image\/"},"sameAs":["https:\/\/www.facebook.com\/profile.php?id=100049475262660","https:\/\/x.com\/VosgesInfo88","https:\/\/www.youtube.com\/@vosgesinfo"]},{"@type":"Person","@id":"https:\/\/vosgesinfo.fr\/gerardmerinfo\/#\/schema\/person\/27a3695b06db98895b354c0765cdfc31","name":"La redaction","image":{"@type":"ImageObject","inLanguage":"fr-FR","@id":"https:\/\/vosgesinfo.fr\/gerardmerinfo\/#\/schema\/person\/image\/","url":"https:\/\/secure.gravatar.com\/avatar\/64c76a78e501cedee55736f43f332df901e1896ae9cd8fad269ae2236dd0e8b6?s=96&d=mm&r=g","contentUrl":"https:\/\/secure.gravatar.com\/avatar\/64c76a78e501cedee55736f43f332df901e1896ae9cd8fad269ae2236dd0e8b6?s=96&d=mm&r=g","caption":"La redaction"},"url":"https:\/\/vosgesinfo.fr\/gerardmerinfo\/author\/la-redaction\/"}]}},"_links":{"self":[{"href":"https:\/\/vosgesinfo.fr\/gerardmerinfo\/wp-json\/wp\/v2\/posts\/80638","targetHints":{"allow":["GET"]}}],"collection":[{"href":"https:\/\/vosgesinfo.fr\/gerardmerinfo\/wp-json\/wp\/v2\/posts"}],"about":[{"href":"https:\/\/vosgesinfo.fr\/gerardmerinfo\/wp-json\/wp\/v2\/types\/post"}],"author":[{"embeddable":true,"href":"https:\/\/vosgesinfo.fr\/gerardmerinfo\/wp-json\/wp\/v2\/users\/391"}],"replies":[{"embeddable":true,"href":"https:\/\/vosgesinfo.fr\/gerardmerinfo\/wp-json\/wp\/v2\/comments?post=80638"}],"version-history":[{"count":1,"href":"https:\/\/vosgesinfo.fr\/gerardmerinfo\/wp-json\/wp\/v2\/posts\/80638\/revisions"}],"predecessor-version":[{"id":80639,"href":"https:\/\/vosgesinfo.fr\/gerardmerinfo\/wp-json\/wp\/v2\/posts\/80638\/revisions\/80639"}],"wp:featuredmedia":[{"embeddable":true,"href":"https:\/\/vosgesinfo.fr\/gerardmerinfo\/wp-json\/wp\/v2\/media\/213"}],"wp:attachment":[{"href":"https:\/\/vosgesinfo.fr\/gerardmerinfo\/wp-json\/wp\/v2\/media?parent=80638"}],"wp:term":[{"taxonomy":"category","embeddable":true,"href":"https:\/\/vosgesinfo.fr\/gerardmerinfo\/wp-json\/wp\/v2\/categories?post=80638"},{"taxonomy":"post_tag","embeddable":true,"href":"https:\/\/vosgesinfo.fr\/gerardmerinfo\/wp-json\/wp\/v2\/tags?post=80638"}],"curies":[{"name":"wp","href":"https:\/\/api.w.org\/{rel}","templated":true}]}}