{"id":80658,"date":"2025-07-18T09:18:24","date_gmt":"2025-07-18T07:18:24","guid":{"rendered":"https:\/\/vosgesinfo.fr\/gerardmerinfo\/?p=80658"},"modified":"2025-07-18T09:18:24","modified_gmt":"2025-07-18T07:18:24","slug":"prevention-et-de-controles-et-de-protection-de-lenvironnement","status":"publish","type":"post","link":"https:\/\/vosgesinfo.fr\/gerardmerinfo\/2025\/07\/prevention-et-de-controles-et-de-protection-de-lenvironnement\/","title":{"rendered":"Pr\u00e9vention et de contr\u00f4les et de protection de l\u2019environnement"},"content":{"rendered":"<p style=\"text-align: left;\"><strong>Actions coordonn\u00e9es de pr\u00e9vention et de contr\u00f4les et de protection de l\u2019environnement pendant la p\u00e9riode estivale dans le massif des Vosges<\/strong><br \/>\nTout au long de l\u2019\u00e9t\u00e9, \u00e0 la demande de Val\u00e9rie Michel-Moreaux, Pr\u00e9f\u00e8te des Vosges et de Monsieur Fr\u00e9d\u00e9ric Nahon, Procureur de la R\u00e9publique d\u2019Epinal, les services de police environnementale m\u00e8nent des op\u00e9rations de contr\u00f4les coordonn\u00e9s visant la pr\u00e9servation des espaces prot\u00e9g\u00e9s, la circulation des v\u00e9hicules terrestres \u00e0 moteurs dans les espaces naturels, la lutte contre le risque incendie en for\u00eat et la pr\u00e9servation de la ressource en eau.<br \/>\n<strong>La pr\u00e9servation et la qui\u00e9tude des espaces naturels<\/strong><br \/>\nVeiller \u00e0 r\u00e9duire tout ce qui peut nuire aux habitats naturels et \u00e0 leur qui\u00e9tude, telle est la mission que s\u2019est fix\u00e9e la Mission Inter-Service de l\u2019Eau et de la Nature (MISEN) : lutter contre la circulation ill\u00e9gale des v\u00e9hicules terrestres motoris\u00e9s, les cueillettes non autoris\u00e9es \u00e0 dimension commerciale dans les espaces \u00e0 fort enjeu environnemental, veiller au respect des r\u00e9glementations concernant les loisirs (bivouacs, feux, randonn\u00e9es en dehors des voies autoris\u00e9es, introduction de chiens\u2026).<br \/>\nPour mener \u00e0 bien ces actions, une brigade mixte \u00e9questre (ONF\/Gendarmerie) a notamment \u00e9t\u00e9 cr\u00e9\u00e9e et des actions coordonn\u00e9es sont programm\u00e9es tout au long de la p\u00e9riode estivale dans le cadre d&rsquo;une convention de partenariat.<br \/>\nLes \u00ab M\u00e9diateurs de la nature \u00bb, missionn\u00e9s par le Parc R\u00e9gional des Ballons des Vosges, arpentent les cr\u00eates vosgiennes et vont \u00e0 la rencontre des pratiquants de sports de nature et des usagers de milieux naturels, afin d\u2019\u00e9changer avec ces derniers et les sensibiliser aux patrimoines et aux bons comportements \u00e0 adopter.<br \/>\n<strong>La pr\u00e9vention des feux de for\u00eat<\/strong><br \/>\nCompte tenu des fortes chaleurs estivales et de la situation hydrologique du d\u00e9partement, la pr\u00e9f\u00e8te appelle \u00e0 la plus grande vigilance et \u00e0 adopter les bons comportements pour prot\u00e9ger nos for\u00eats et l\u2019ensemble de nos espaces naturels.<br \/>\nLe service d\u2019incendie et de secours du d\u00e9partement est en alerte avec sa r\u00e9ponse op\u00e9rationnelle en cas de d\u00e9part d\u2019un feu de for\u00eat et les conduites \u00e0 tenir. La carte du risque incendie dans le d\u00e9partement est en ligne sur le site internet de la pr\u00e9fecture et est mise \u00e0 jour tr\u00e8s r\u00e9guli\u00e8rement.<br \/>\nLa Pr\u00e9f\u00e8te des Vosges rappelle que pour pr\u00e9venir les feux de for\u00eat, il convient d\u2019adopter de bons gestes :<br \/>\n\u2013 ne pas faire de barbecue aux abords ou en zones de for\u00eats<br \/>\n\u2013 ne pas jeter de m\u00e9gots par terre ou par la fen\u00eatre d\u2019un v\u00e9hicule<br \/>\n\u2013 ne pas faire de travaux source d\u2019\u00e9tincelles aux abords des zones de for\u00eat<br \/>\n\u2013 ne pas stocker de combustibles pr\u00e8s des habitations<br \/>\nEn cas d\u2019incendie, appelez les pompiers (18) ou les urgences (112).<br \/>\n<strong>La s\u00e9curit\u00e9 pour tous<\/strong><br \/>\nLes gendarmes vosgiens et haut-rhinois sont \u00e0 pied d\u2019\u0153uvre pour assurer la s\u00e9curit\u00e9 de chacun sur l\u2019ensemble du massif vosgien. Ils effectuent notamment r\u00e9guli\u00e8rement des patrouilles en VTT, en quad ou \u00e0 cheval pour aller \u00e0 la rencontre de la population et s\u00e9curiser les lieux de vill\u00e9giature.<br \/>\nSurveillance des chemins de randonn\u00e9es, conseils aux vacanciers et sensibilisation sur les interdictions en vigueur dans les espaces naturels prot\u00e9g\u00e9s du d\u00e9partement, les missions exerc\u00e9es par ces patrouilles sont autant d&rsquo;occasions de d\u00e9velopper des liens de confiance et d&rsquo;encourager chacun \u00e0 participer \u00e0 la s\u00e9curit\u00e9 de tous.<br \/>\nDes unit\u00e9s de la gendarmerie sp\u00e9cialis\u00e9es dans le secours aux victimes en montagne sont \u00e9galement<br \/>\npr\u00e9sentes sur le massif : les pelotons de gendarmerie de haute montagne (PGHM).<br \/>\n<strong>La lutte contre la vitesse excessive et les nuisances sonores<\/strong><br \/>\nLes services de la gendarmerie op\u00e9reront tout au long de la p\u00e9riode estivale des contr\u00f4les routiers. Ils sont \u00e9quip\u00e9s de sonom\u00e8tres qui permettront de lutter contre les nuisances sonores.<br \/>\n<strong>L\u2019espace public se partage : il appartient \u00e0 chacun d\u2019\u00eatre vigilant et responsable lors des activit\u00e9s pratiqu\u00e9es dans le massif<\/strong><\/p>\n","protected":false},"excerpt":{"rendered":"<p>Actions coordonn\u00e9es de pr\u00e9vention et de contr\u00f4les et de protection de l\u2019environnement pendant la p\u00e9riode estivale dans le massif des [&hellip;]<\/p>\n","protected":false},"author":39,"featured_media":80659,"comment_status":"open","ping_status":"open","sticky":false,"template":"","format":"standard","meta":{"footnotes":""},"categories":[20,878,25,328,868,946],"tags":[],"class_list":["post-80658","post","type-post","status-publish","format-standard","has-post-thumbnail","hentry","category-a-la-une","category-epinal","category-gerardmer","category-la-plaine-des-vosges","category-remiremont","category-saint-die"],"acf":[],"yoast_head":"<!-- This site is optimized with the Yoast SEO plugin v22.5 - https:\/\/yoast.com\/wordpress\/plugins\/seo\/ -->\n<title>Pr\u00e9vention et de contr\u00f4les et de protection de l\u2019environnement - Gerardmer Info<\/title>\n<meta name=\"robots\" content=\"index, follow, max-snippet:-1, max-image-preview:large, max-video-preview:-1\" \/>\n<link rel=\"canonical\" href=\"https:\/\/vosgesinfo.fr\/gerardmerinfo\/2025\/07\/prevention-et-de-controles-et-de-protection-de-lenvironnement\/\" \/>\n<meta name=\"twitter:card\" content=\"summary_large_image\" \/>\n<meta name=\"twitter:title\" content=\"Pr\u00e9vention et de contr\u00f4les et de protection de l\u2019environnement - Gerardmer Info\" \/>\n<meta name=\"twitter:description\" content=\"Actions coordonn\u00e9es de pr\u00e9vention et de contr\u00f4les et de protection de l\u2019environnement pendant la p\u00e9riode estivale dans le massif des [&hellip;]\" \/>\n<meta name=\"twitter:image\" content=\"https:\/\/vosgesinfo.fr\/app\/uploads\/sites\/6\/2025\/07\/202206prevention-feux-forets-sdis88-4-1024x684-3.jpg\" \/>\n<meta name=\"twitter:creator\" content=\"@VosgesInfo88\" \/>\n<meta name=\"twitter:site\" content=\"@VosgesInfo88\" \/>\n<meta name=\"twitter:label1\" content=\"\u00c9crit par\" \/>\n\t<meta name=\"twitter:data1\" content=\"Phj\" \/>\n\t<meta name=\"twitter:label2\" content=\"Dur\u00e9e de lecture estim\u00e9e\" \/>\n\t<meta name=\"twitter:data2\" content=\"3 minutes\" \/>\n<script type=\"application\/ld+json\" class=\"yoast-schema-graph\">{\"@context\":\"https:\/\/schema.org\",\"@graph\":[{\"@type\":\"Article\",\"@id\":\"https:\/\/vosgesinfo.fr\/gerardmerinfo\/2025\/07\/prevention-et-de-controles-et-de-protection-de-lenvironnement\/#article\",\"isPartOf\":{\"@id\":\"https:\/\/vosgesinfo.fr\/gerardmerinfo\/2025\/07\/prevention-et-de-controles-et-de-protection-de-lenvironnement\/\"},\"author\":{\"name\":\"Phj\",\"@id\":\"https:\/\/vosgesinfo.fr\/gerardmerinfo\/#\/schema\/person\/4f57dc393faf2ac8b9f1cab30ad79250\"},\"headline\":\"Pr\u00e9vention et de contr\u00f4les et de protection de l\u2019environnement\",\"datePublished\":\"2025-07-18T07:18:24+00:00\",\"dateModified\":\"2025-07-18T07:18:24+00:00\",\"mainEntityOfPage\":{\"@id\":\"https:\/\/vosgesinfo.fr\/gerardmerinfo\/2025\/07\/prevention-et-de-controles-et-de-protection-de-lenvironnement\/\"},\"wordCount\":714,\"commentCount\":0,\"publisher\":{\"@id\":\"https:\/\/vosgesinfo.fr\/gerardmerinfo\/#organization\"},\"image\":{\"@id\":\"https:\/\/vosgesinfo.fr\/gerardmerinfo\/2025\/07\/prevention-et-de-controles-et-de-protection-de-lenvironnement\/#primaryimage\"},\"thumbnailUrl\":\"https:\/\/vosgesinfo.fr\/app\/uploads\/sites\/6\/2025\/07\/202206prevention-feux-forets-sdis88-4-1024x684-3.jpg\",\"articleSection\":[\"A la une\",\"Epinal\",\"G\u00e9rardmer\",\"La plaine des vosges\",\"Remiremont\",\"Saint-di\u00e9\"],\"inLanguage\":\"fr-FR\",\"potentialAction\":[{\"@type\":\"CommentAction\",\"name\":\"Comment\",\"target\":[\"https:\/\/vosgesinfo.fr\/gerardmerinfo\/2025\/07\/prevention-et-de-controles-et-de-protection-de-lenvironnement\/#respond\"]}]},{\"@type\":\"WebPage\",\"@id\":\"https:\/\/vosgesinfo.fr\/gerardmerinfo\/2025\/07\/prevention-et-de-controles-et-de-protection-de-lenvironnement\/\",\"url\":\"https:\/\/vosgesinfo.fr\/gerardmerinfo\/2025\/07\/prevention-et-de-controles-et-de-protection-de-lenvironnement\/\",\"name\":\"Pr\u00e9vention et de contr\u00f4les et de protection de l\u2019environnement - Gerardmer Info\",\"isPartOf\":{\"@id\":\"https:\/\/vosgesinfo.fr\/gerardmerinfo\/#website\"},\"primaryImageOfPage\":{\"@id\":\"https:\/\/vosgesinfo.fr\/gerardmerinfo\/2025\/07\/prevention-et-de-controles-et-de-protection-de-lenvironnement\/#primaryimage\"},\"image\":{\"@id\":\"https:\/\/vosgesinfo.fr\/gerardmerinfo\/2025\/07\/prevention-et-de-controles-et-de-protection-de-lenvironnement\/#primaryimage\"},\"thumbnailUrl\":\"https:\/\/vosgesinfo.fr\/app\/uploads\/sites\/6\/2025\/07\/202206prevention-feux-forets-sdis88-4-1024x684-3.jpg\",\"datePublished\":\"2025-07-18T07:18:24+00:00\",\"dateModified\":\"2025-07-18T07:18:24+00:00\",\"breadcrumb\":{\"@id\":\"https:\/\/vosgesinfo.fr\/gerardmerinfo\/2025\/07\/prevention-et-de-controles-et-de-protection-de-lenvironnement\/#breadcrumb\"},\"inLanguage\":\"fr-FR\",\"potentialAction\":[{\"@type\":\"ReadAction\",\"target\":[\"https:\/\/vosgesinfo.fr\/gerardmerinfo\/2025\/07\/prevention-et-de-controles-et-de-protection-de-lenvironnement\/\"]}]},{\"@type\":\"ImageObject\",\"inLanguage\":\"fr-FR\",\"@id\":\"https:\/\/vosgesinfo.fr\/gerardmerinfo\/2025\/07\/prevention-et-de-controles-et-de-protection-de-lenvironnement\/#primaryimage\",\"url\":\"https:\/\/vosgesinfo.fr\/app\/uploads\/sites\/6\/2025\/07\/202206prevention-feux-forets-sdis88-4-1024x684-3.jpg\",\"contentUrl\":\"https:\/\/vosgesinfo.fr\/app\/uploads\/sites\/6\/2025\/07\/202206prevention-feux-forets-sdis88-4-1024x684-3.jpg\",\"width\":1024,\"height\":684},{\"@type\":\"BreadcrumbList\",\"@id\":\"https:\/\/vosgesinfo.fr\/gerardmerinfo\/2025\/07\/prevention-et-de-controles-et-de-protection-de-lenvironnement\/#breadcrumb\",\"itemListElement\":[{\"@type\":\"ListItem\",\"position\":1,\"name\":\"Home\",\"item\":\"https:\/\/vosgesinfo.fr\/gerardmerinfo\/\"},{\"@type\":\"ListItem\",\"position\":2,\"name\":\"Pr\u00e9vention et de contr\u00f4les et de protection de l\u2019environnement\"}]},{\"@type\":\"WebSite\",\"@id\":\"https:\/\/vosgesinfo.fr\/gerardmerinfo\/#website\",\"url\":\"https:\/\/vosgesinfo.fr\/gerardmerinfo\/\",\"name\":\"Gerardmer Info\",\"description\":\"Toute l&#039;actualit\u00e9 de G\u00e9rardmer\",\"publisher\":{\"@id\":\"https:\/\/vosgesinfo.fr\/gerardmerinfo\/#organization\"},\"alternateName\":\"Toute l'actualit\u00e9 de G\u00e9rardmer\",\"potentialAction\":[{\"@type\":\"SearchAction\",\"target\":{\"@type\":\"EntryPoint\",\"urlTemplate\":\"https:\/\/vosgesinfo.fr\/gerardmerinfo\/?s={search_term_string}\"},\"query-input\":\"required name=search_term_string\"}],\"inLanguage\":\"fr-FR\"},{\"@type\":\"Organization\",\"@id\":\"https:\/\/vosgesinfo.fr\/gerardmerinfo\/#organization\",\"name\":\"Gerardmer Info\",\"url\":\"https:\/\/vosgesinfo.fr\/gerardmerinfo\/\",\"logo\":{\"@type\":\"ImageObject\",\"inLanguage\":\"fr-FR\",\"@id\":\"https:\/\/vosgesinfo.fr\/gerardmerinfo\/#\/schema\/logo\/image\/\",\"url\":\"https:\/\/vosgesinfo.fr\/app\/uploads\/sites\/6\/2023\/08\/favicon-gerardmerinfo.png\",\"contentUrl\":\"https:\/\/vosgesinfo.fr\/app\/uploads\/sites\/6\/2023\/08\/favicon-gerardmerinfo.png\",\"width\":512,\"height\":512,\"caption\":\"Gerardmer Info\"},\"image\":{\"@id\":\"https:\/\/vosgesinfo.fr\/gerardmerinfo\/#\/schema\/logo\/image\/\"},\"sameAs\":[\"https:\/\/www.facebook.com\/profile.php?id=100049475262660\",\"https:\/\/x.com\/VosgesInfo88\",\"https:\/\/www.youtube.com\/@vosgesinfo\"]},{\"@type\":\"Person\",\"@id\":\"https:\/\/vosgesinfo.fr\/gerardmerinfo\/#\/schema\/person\/4f57dc393faf2ac8b9f1cab30ad79250\",\"name\":\"Phj\",\"image\":{\"@type\":\"ImageObject\",\"inLanguage\":\"fr-FR\",\"@id\":\"https:\/\/vosgesinfo.fr\/gerardmerinfo\/#\/schema\/person\/image\/\",\"url\":\"https:\/\/secure.gravatar.com\/avatar\/ada60265080fb9a89c9809bf0abb1f448a128cb85db1c08905baa5038fbe3cfe?s=96&d=mm&r=g\",\"contentUrl\":\"https:\/\/secure.gravatar.com\/avatar\/ada60265080fb9a89c9809bf0abb1f448a128cb85db1c08905baa5038fbe3cfe?s=96&d=mm&r=g\",\"caption\":\"Phj\"},\"url\":\"https:\/\/vosgesinfo.fr\/gerardmerinfo\/author\/phj\/\"}]}<\/script>\n<!-- \/ Yoast SEO plugin. -->","yoast_head_json":{"title":"Pr\u00e9vention et de contr\u00f4les et de protection de l\u2019environnement - Gerardmer Info","robots":{"index":"index","follow":"follow","max-snippet":"max-snippet:-1","max-image-preview":"max-image-preview:large","max-video-preview":"max-video-preview:-1"},"canonical":"https:\/\/vosgesinfo.fr\/gerardmerinfo\/2025\/07\/prevention-et-de-controles-et-de-protection-de-lenvironnement\/","twitter_card":"summary_large_image","twitter_title":"Pr\u00e9vention et de contr\u00f4les et de protection de l\u2019environnement - Gerardmer Info","twitter_description":"Actions coordonn\u00e9es de pr\u00e9vention et de contr\u00f4les et de protection de l\u2019environnement pendant la p\u00e9riode estivale dans le massif des [&hellip;]","twitter_image":"https:\/\/vosgesinfo.fr\/app\/uploads\/sites\/6\/2025\/07\/202206prevention-feux-forets-sdis88-4-1024x684-3.jpg","twitter_creator":"@VosgesInfo88","twitter_site":"@VosgesInfo88","twitter_misc":{"\u00c9crit par":"Phj","Dur\u00e9e de lecture estim\u00e9e":"3 minutes"},"schema":{"@context":"https:\/\/schema.org","@graph":[{"@type":"Article","@id":"https:\/\/vosgesinfo.fr\/gerardmerinfo\/2025\/07\/prevention-et-de-controles-et-de-protection-de-lenvironnement\/#article","isPartOf":{"@id":"https:\/\/vosgesinfo.fr\/gerardmerinfo\/2025\/07\/prevention-et-de-controles-et-de-protection-de-lenvironnement\/"},"author":{"name":"Phj","@id":"https:\/\/vosgesinfo.fr\/gerardmerinfo\/#\/schema\/person\/4f57dc393faf2ac8b9f1cab30ad79250"},"headline":"Pr\u00e9vention et de contr\u00f4les et de protection de l\u2019environnement","datePublished":"2025-07-18T07:18:24+00:00","dateModified":"2025-07-18T07:18:24+00:00","mainEntityOfPage":{"@id":"https:\/\/vosgesinfo.fr\/gerardmerinfo\/2025\/07\/prevention-et-de-controles-et-de-protection-de-lenvironnement\/"},"wordCount":714,"commentCount":0,"publisher":{"@id":"https:\/\/vosgesinfo.fr\/gerardmerinfo\/#organization"},"image":{"@id":"https:\/\/vosgesinfo.fr\/gerardmerinfo\/2025\/07\/prevention-et-de-controles-et-de-protection-de-lenvironnement\/#primaryimage"},"thumbnailUrl":"https:\/\/vosgesinfo.fr\/app\/uploads\/sites\/6\/2025\/07\/202206prevention-feux-forets-sdis88-4-1024x684-3.jpg","articleSection":["A la une","Epinal","G\u00e9rardmer","La plaine des vosges","Remiremont","Saint-di\u00e9"],"inLanguage":"fr-FR","potentialAction":[{"@type":"CommentAction","name":"Comment","target":["https:\/\/vosgesinfo.fr\/gerardmerinfo\/2025\/07\/prevention-et-de-controles-et-de-protection-de-lenvironnement\/#respond"]}]},{"@type":"WebPage","@id":"https:\/\/vosgesinfo.fr\/gerardmerinfo\/2025\/07\/prevention-et-de-controles-et-de-protection-de-lenvironnement\/","url":"https:\/\/vosgesinfo.fr\/gerardmerinfo\/2025\/07\/prevention-et-de-controles-et-de-protection-de-lenvironnement\/","name":"Pr\u00e9vention et de contr\u00f4les et de protection de l\u2019environnement - Gerardmer Info","isPartOf":{"@id":"https:\/\/vosgesinfo.fr\/gerardmerinfo\/#website"},"primaryImageOfPage":{"@id":"https:\/\/vosgesinfo.fr\/gerardmerinfo\/2025\/07\/prevention-et-de-controles-et-de-protection-de-lenvironnement\/#primaryimage"},"image":{"@id":"https:\/\/vosgesinfo.fr\/gerardmerinfo\/2025\/07\/prevention-et-de-controles-et-de-protection-de-lenvironnement\/#primaryimage"},"thumbnailUrl":"https:\/\/vosgesinfo.fr\/app\/uploads\/sites\/6\/2025\/07\/202206prevention-feux-forets-sdis88-4-1024x684-3.jpg","datePublished":"2025-07-18T07:18:24+00:00","dateModified":"2025-07-18T07:18:24+00:00","breadcrumb":{"@id":"https:\/\/vosgesinfo.fr\/gerardmerinfo\/2025\/07\/prevention-et-de-controles-et-de-protection-de-lenvironnement\/#breadcrumb"},"inLanguage":"fr-FR","potentialAction":[{"@type":"ReadAction","target":["https:\/\/vosgesinfo.fr\/gerardmerinfo\/2025\/07\/prevention-et-de-controles-et-de-protection-de-lenvironnement\/"]}]},{"@type":"ImageObject","inLanguage":"fr-FR","@id":"https:\/\/vosgesinfo.fr\/gerardmerinfo\/2025\/07\/prevention-et-de-controles-et-de-protection-de-lenvironnement\/#primaryimage","url":"https:\/\/vosgesinfo.fr\/app\/uploads\/sites\/6\/2025\/07\/202206prevention-feux-forets-sdis88-4-1024x684-3.jpg","contentUrl":"https:\/\/vosgesinfo.fr\/app\/uploads\/sites\/6\/2025\/07\/202206prevention-feux-forets-sdis88-4-1024x684-3.jpg","width":1024,"height":684},{"@type":"BreadcrumbList","@id":"https:\/\/vosgesinfo.fr\/gerardmerinfo\/2025\/07\/prevention-et-de-controles-et-de-protection-de-lenvironnement\/#breadcrumb","itemListElement":[{"@type":"ListItem","position":1,"name":"Home","item":"https:\/\/vosgesinfo.fr\/gerardmerinfo\/"},{"@type":"ListItem","position":2,"name":"Pr\u00e9vention et de contr\u00f4les et de protection de l\u2019environnement"}]},{"@type":"WebSite","@id":"https:\/\/vosgesinfo.fr\/gerardmerinfo\/#website","url":"https:\/\/vosgesinfo.fr\/gerardmerinfo\/","name":"Gerardmer Info","description":"Toute l&#039;actualit\u00e9 de G\u00e9rardmer","publisher":{"@id":"https:\/\/vosgesinfo.fr\/gerardmerinfo\/#organization"},"alternateName":"Toute l'actualit\u00e9 de G\u00e9rardmer","potentialAction":[{"@type":"SearchAction","target":{"@type":"EntryPoint","urlTemplate":"https:\/\/vosgesinfo.fr\/gerardmerinfo\/?s={search_term_string}"},"query-input":"required name=search_term_string"}],"inLanguage":"fr-FR"},{"@type":"Organization","@id":"https:\/\/vosgesinfo.fr\/gerardmerinfo\/#organization","name":"Gerardmer Info","url":"https:\/\/vosgesinfo.fr\/gerardmerinfo\/","logo":{"@type":"ImageObject","inLanguage":"fr-FR","@id":"https:\/\/vosgesinfo.fr\/gerardmerinfo\/#\/schema\/logo\/image\/","url":"https:\/\/vosgesinfo.fr\/app\/uploads\/sites\/6\/2023\/08\/favicon-gerardmerinfo.png","contentUrl":"https:\/\/vosgesinfo.fr\/app\/uploads\/sites\/6\/2023\/08\/favicon-gerardmerinfo.png","width":512,"height":512,"caption":"Gerardmer Info"},"image":{"@id":"https:\/\/vosgesinfo.fr\/gerardmerinfo\/#\/schema\/logo\/image\/"},"sameAs":["https:\/\/www.facebook.com\/profile.php?id=100049475262660","https:\/\/x.com\/VosgesInfo88","https:\/\/www.youtube.com\/@vosgesinfo"]},{"@type":"Person","@id":"https:\/\/vosgesinfo.fr\/gerardmerinfo\/#\/schema\/person\/4f57dc393faf2ac8b9f1cab30ad79250","name":"Phj","image":{"@type":"ImageObject","inLanguage":"fr-FR","@id":"https:\/\/vosgesinfo.fr\/gerardmerinfo\/#\/schema\/person\/image\/","url":"https:\/\/secure.gravatar.com\/avatar\/ada60265080fb9a89c9809bf0abb1f448a128cb85db1c08905baa5038fbe3cfe?s=96&d=mm&r=g","contentUrl":"https:\/\/secure.gravatar.com\/avatar\/ada60265080fb9a89c9809bf0abb1f448a128cb85db1c08905baa5038fbe3cfe?s=96&d=mm&r=g","caption":"Phj"},"url":"https:\/\/vosgesinfo.fr\/gerardmerinfo\/author\/phj\/"}]}},"_links":{"self":[{"href":"https:\/\/vosgesinfo.fr\/gerardmerinfo\/wp-json\/wp\/v2\/posts\/80658","targetHints":{"allow":["GET"]}}],"collection":[{"href":"https:\/\/vosgesinfo.fr\/gerardmerinfo\/wp-json\/wp\/v2\/posts"}],"about":[{"href":"https:\/\/vosgesinfo.fr\/gerardmerinfo\/wp-json\/wp\/v2\/types\/post"}],"author":[{"embeddable":true,"href":"https:\/\/vosgesinfo.fr\/gerardmerinfo\/wp-json\/wp\/v2\/users\/39"}],"replies":[{"embeddable":true,"href":"https:\/\/vosgesinfo.fr\/gerardmerinfo\/wp-json\/wp\/v2\/comments?post=80658"}],"version-history":[{"count":0,"href":"https:\/\/vosgesinfo.fr\/gerardmerinfo\/wp-json\/wp\/v2\/posts\/80658\/revisions"}],"wp:featuredmedia":[{"embeddable":true,"href":"https:\/\/vosgesinfo.fr\/gerardmerinfo\/wp-json\/wp\/v2\/media\/80659"}],"wp:attachment":[{"href":"https:\/\/vosgesinfo.fr\/gerardmerinfo\/wp-json\/wp\/v2\/media?parent=80658"}],"wp:term":[{"taxonomy":"category","embeddable":true,"href":"https:\/\/vosgesinfo.fr\/gerardmerinfo\/wp-json\/wp\/v2\/categories?post=80658"},{"taxonomy":"post_tag","embeddable":true,"href":"https:\/\/vosgesinfo.fr\/gerardmerinfo\/wp-json\/wp\/v2\/tags?post=80658"}],"curies":[{"name":"wp","href":"https:\/\/api.w.org\/{rel}","templated":true}]}}