{"id":80665,"date":"2025-07-18T09:50:21","date_gmt":"2025-07-18T07:50:21","guid":{"rendered":"https:\/\/vosgesinfo.fr\/gerardmerinfo\/?p=80665"},"modified":"2025-07-18T09:50:21","modified_gmt":"2025-07-18T07:50:21","slug":"operations-estivales-renforcees-dans-le-massif-vosgien","status":"publish","type":"post","link":"https:\/\/vosgesinfo.fr\/gerardmerinfo\/2025\/07\/operations-estivales-renforcees-dans-le-massif-vosgien\/","title":{"rendered":"Op\u00e9rations estivales renforc\u00e9es dans le massif vosgien"},"content":{"rendered":"<div id=\"attachment_80359\" style=\"width: 1034px\" class=\"wp-caption alignnone\"><a href=\"https:\/\/vosgesinfo.fr\/app\/uploads\/sites\/4\/2025\/07\/vosges-presentation-operations-estivales-renforcees-4.jpg\"><img decoding=\"async\" aria-describedby=\"caption-attachment-80359\" class=\"size-large wp-image-80359\" src=\"https:\/\/vosgesinfo.fr\/app\/uploads\/sites\/4\/2025\/07\/vosges-presentation-operations-estivales-renforcees-4-1024x768.jpg\" alt=\"\" width=\"1024\" height=\"768\" \/><\/a><p id=\"caption-attachment-80359\" class=\"wp-caption-text\">(Photographies Pr\u00e9fecture des Vosges)<\/p><\/div>\n<h2>\u00c0 la demande de la <strong>pr\u00e9f\u00e8te des Vosges<\/strong> <strong>Val\u00e9rie Michel-Moreaux<\/strong>\u00a0et de <strong>Fr\u00e9d\u00e9ric Nahon<\/strong>, <strong>procureur de la R\u00e9publique d\u2019\u00c9pinal<\/strong>, les services de l\u2019\u00c9tat multiplient tout au long de l\u2019\u00e9t\u00e9 les <strong>op\u00e9rations coordonn\u00e9es de pr\u00e9vention et de contr\u00f4le<\/strong> dans le <strong>massif des Vosges<\/strong>.<\/h2>\n<p><!--more--><\/p>\n<h3><strong>Pr\u00e9server les espaces naturels et sensibiliser les usagers<\/strong><\/h3>\n<p>L&rsquo;objectif de ces op\u00e9rations est \u00e0 la fois de <strong>lutter contre les atteintes \u00e0 l\u2019environnement<\/strong>, la <strong>circulation ill\u00e9gale de v\u00e9hicules motoris\u00e9s<\/strong>, les <strong>cueillettes \u00e0 but commercial<\/strong>, ou encore le <strong>non-respect des r\u00e8gles li\u00e9es aux bivouacs, feux et randonn\u00e9es<\/strong>. Une <strong>brigade mixte \u00e9questre ONF\/Gendarmerie<\/strong> a \u00e9t\u00e9 cr\u00e9\u00e9e dans ce cadre.<\/p>\n<p>En parall\u00e8le, des <strong>m\u00e9diateurs de la nature<\/strong> missionn\u00e9s par le <strong>Parc naturel r\u00e9gional des Ballons des Vosges<\/strong> sillonnent les cr\u00eates pour <strong>sensibiliser les usagers<\/strong> aux bons comportements \u00e0 adopter en milieu naturel.<\/p>\n<h3><strong>Vigilance face au risque incendie<\/strong><\/h3>\n<p>Face aux <strong>fortes chaleurs<\/strong> et \u00e0 la <strong>situation hydrologique pr\u00e9occupante<\/strong>, la pr\u00e9f\u00e8te des Vosges appelle \u00e0 la <strong>plus grande prudence<\/strong>. Pour rappel, il est <strong>interdit de faire des barbecues en for\u00eat<\/strong>, de <strong>jeter des m\u00e9gots<\/strong>, ou encore de <strong>r\u00e9aliser des travaux g\u00e9n\u00e9rant des \u00e9tincelles<\/strong> \u00e0 proximit\u00e9 des zones bois\u00e9es. En cas d\u2019incendie, composer sans attendre le <strong>18 ou le 112<\/strong>.<\/p>\n<h3><strong>S\u00e9curit\u00e9 et contr\u00f4les routiers renforc\u00e9s<\/strong><\/h3>\n<p>Les <strong>gendarmes vosgiens et haut-rhinois<\/strong> assurent une <strong>pr\u00e9sence accrue<\/strong> dans les zones touristiques, en <strong>VTT, quad ou \u00e0 cheval<\/strong>, dans le but de <strong>prot\u00e9ger les randonneurs et vacanciers<\/strong>. Les <strong>PGHM \u2013 Pelotons de Gendarmerie de Haute Montagne<\/strong> sont \u00e9galement mobilis\u00e9s.<\/p>\n<p>Par ailleurs, des <strong>contr\u00f4les routiers<\/strong> sont effectu\u00e9s tout au long de la p\u00e9riode estivale, avec une attention particuli\u00e8re port\u00e9e \u00e0 la <strong>vitesse excessive<\/strong> et aux <strong>nuisances sonores<\/strong>, via l\u2019utilisation de <strong>sonom\u00e8tres<\/strong>. \u00ab\u00a0L\u2019espace public est un bien partag\u00e9, chacun est invit\u00e9 \u00e0 faire preuve de <strong>responsabilit\u00e9<\/strong>\u00a0\u00bb insiste la <strong>pr\u00e9f\u00e8te des Vosges<\/strong>, qui s&rsquo;est rendue hier jeudi <strong>au Gazon du Faing pour pr\u00e9senter ces op\u00e9rations estivales.<\/strong><\/p>\n\n\t\t<style type=\"text\/css\">\n\t\t\t#gallery-1 {\n\t\t\t\tmargin: auto;\n\t\t\t}\n\t\t\t#gallery-1 .gallery-item {\n\t\t\t\tfloat: left;\n\t\t\t\tmargin-top: 10px;\n\t\t\t\ttext-align: center;\n\t\t\t\twidth: 33%;\n\t\t\t}\n\t\t\t#gallery-1 img {\n\t\t\t\tborder: 2px solid #cfcfcf;\n\t\t\t}\n\t\t\t#gallery-1 .gallery-caption {\n\t\t\t\tmargin-left: 0;\n\t\t\t}\n\t\t\t\/* see gallery_shortcode() in wp-includes\/media.php *\/\n\t\t<\/style>\n\t\t<div id='gallery-1' class='gallery galleryid-80665 gallery-columns-3 gallery-size-thumbnail'><dl class='gallery-item'>\n\t\t\t<dt class='gallery-icon landscape'>\n\t\t\t\t<a href='https:\/\/vosgesinfo.fr\/app\/uploads\/sites\/6\/2025\/07\/vosges-presentation-operations-estivales-renforcees-3.jpg'><img decoding=\"async\" width=\"150\" height=\"150\" src=\"https:\/\/vosgesinfo.fr\/app\/uploads\/sites\/6\/2025\/07\/vosges-presentation-operations-estivales-renforcees-3-150x150.jpg\" class=\"attachment-thumbnail size-thumbnail\" alt=\"\" srcset=\"https:\/\/vosgesinfo.fr\/app\/uploads\/sites\/6\/2025\/07\/vosges-presentation-operations-estivales-renforcees-3-150x150.jpg 150w, https:\/\/vosgesinfo.fr\/app\/uploads\/sites\/6\/2025\/07\/vosges-presentation-operations-estivales-renforcees-3-300x300.jpg 300w, https:\/\/vosgesinfo.fr\/app\/uploads\/sites\/6\/2025\/07\/vosges-presentation-operations-estivales-renforcees-3-1024x1024.jpg 1024w, https:\/\/vosgesinfo.fr\/app\/uploads\/sites\/6\/2025\/07\/vosges-presentation-operations-estivales-renforcees-3-768x768.jpg 768w, https:\/\/vosgesinfo.fr\/app\/uploads\/sites\/6\/2025\/07\/vosges-presentation-operations-estivales-renforcees-3.jpg 1536w\" sizes=\"(max-width: 150px) 100vw, 150px\" \/><\/a>\n\t\t\t<\/dt><\/dl><dl class='gallery-item'>\n\t\t\t<dt class='gallery-icon landscape'>\n\t\t\t\t<a href='https:\/\/vosgesinfo.fr\/app\/uploads\/sites\/6\/2025\/07\/vosges-presentation-operations-estivales-renforcees-1.jpg'><img decoding=\"async\" width=\"150\" height=\"150\" src=\"https:\/\/vosgesinfo.fr\/app\/uploads\/sites\/6\/2025\/07\/vosges-presentation-operations-estivales-renforcees-1-150x150.jpg\" class=\"attachment-thumbnail size-thumbnail\" alt=\"\" \/><\/a>\n\t\t\t<\/dt><\/dl><dl class='gallery-item'>\n\t\t\t<dt class='gallery-icon landscape'>\n\t\t\t\t<a href='https:\/\/vosgesinfo.fr\/app\/uploads\/sites\/6\/2025\/07\/vosges-presentation-operations-estivales-renforcees-2.jpg'><img decoding=\"async\" width=\"150\" height=\"150\" src=\"https:\/\/vosgesinfo.fr\/app\/uploads\/sites\/6\/2025\/07\/vosges-presentation-operations-estivales-renforcees-2-150x150.jpg\" class=\"attachment-thumbnail size-thumbnail\" alt=\"\" \/><\/a>\n\t\t\t<\/dt><\/dl><br style=\"clear: both\" \/><dl class='gallery-item'>\n\t\t\t<dt class='gallery-icon landscape'>\n\t\t\t\t<a href='https:\/\/vosgesinfo.fr\/app\/uploads\/sites\/6\/2025\/07\/vosges-presentation-operations-estivales-renforcees-5.jpg'><img decoding=\"async\" width=\"150\" height=\"150\" src=\"https:\/\/vosgesinfo.fr\/app\/uploads\/sites\/6\/2025\/07\/vosges-presentation-operations-estivales-renforcees-5-150x150.jpg\" class=\"attachment-thumbnail size-thumbnail\" alt=\"\" srcset=\"https:\/\/vosgesinfo.fr\/app\/uploads\/sites\/6\/2025\/07\/vosges-presentation-operations-estivales-renforcees-5-150x150.jpg 150w, https:\/\/vosgesinfo.fr\/app\/uploads\/sites\/6\/2025\/07\/vosges-presentation-operations-estivales-renforcees-5-300x300.jpg 300w, https:\/\/vosgesinfo.fr\/app\/uploads\/sites\/6\/2025\/07\/vosges-presentation-operations-estivales-renforcees-5-1024x1024.jpg 1024w, https:\/\/vosgesinfo.fr\/app\/uploads\/sites\/6\/2025\/07\/vosges-presentation-operations-estivales-renforcees-5-768x768.jpg 768w, https:\/\/vosgesinfo.fr\/app\/uploads\/sites\/6\/2025\/07\/vosges-presentation-operations-estivales-renforcees-5.jpg 1536w\" sizes=\"(max-width: 150px) 100vw, 150px\" \/><\/a>\n\t\t\t<\/dt><\/dl><dl class='gallery-item'>\n\t\t\t<dt class='gallery-icon landscape'>\n\t\t\t\t<a href='https:\/\/vosgesinfo.fr\/app\/uploads\/sites\/6\/2025\/07\/vosges-presentation-operations-estivales-renforcees-6.jpg'><img decoding=\"async\" width=\"150\" height=\"150\" src=\"https:\/\/vosgesinfo.fr\/app\/uploads\/sites\/6\/2025\/07\/vosges-presentation-operations-estivales-renforcees-6-150x150.jpg\" class=\"attachment-thumbnail size-thumbnail\" alt=\"\" \/><\/a>\n\t\t\t<\/dt><\/dl>\n\t\t\t<br style='clear: both' \/>\n\t\t<\/div>\n\n","protected":false},"excerpt":{"rendered":"<p>\u00c0 la demande de la pr\u00e9f\u00e8te des Vosges Val\u00e9rie Michel-Moreaux\u00a0et de Fr\u00e9d\u00e9ric Nahon, procureur de la R\u00e9publique d\u2019\u00c9pinal, les services [&hellip;]<\/p>\n","protected":false},"author":46,"featured_media":80666,"comment_status":"open","ping_status":"open","sticky":false,"template":"","format":"standard","meta":{"footnotes":""},"categories":[20,7,878,25,328,868,908,18],"tags":[251,447,915,7627,7410,7628,727],"class_list":["post-80665","post","type-post","status-publish","format-standard","has-post-thumbnail","hentry","category-a-la-une","category-environnement","category-epinal","category-gerardmer","category-la-plaine-des-vosges","category-remiremont","category-saint-die-des-vosges-et-son-agglomeration","category-vosges","tag-frederic-nahon","tag-gazon-du-faing","tag-massif-des-vosges","tag-operations-estivales-renforcees-dans-le-massif-vosgien","tag-prefete-des-vosges","tag-procureur-de-la-republique-depinal","tag-valerie-michel-moreaux"],"acf":[],"yoast_head":"<!-- This site is optimized with the Yoast SEO plugin v22.5 - https:\/\/yoast.com\/wordpress\/plugins\/seo\/ -->\n<title>Op\u00e9rations estivales renforc\u00e9es dans le massif vosgien - Gerardmer Info<\/title>\n<meta name=\"robots\" content=\"index, follow, max-snippet:-1, max-image-preview:large, max-video-preview:-1\" \/>\n<link rel=\"canonical\" href=\"https:\/\/vosgesinfo.fr\/gerardmerinfo\/2025\/07\/operations-estivales-renforcees-dans-le-massif-vosgien\/\" \/>\n<meta name=\"twitter:card\" content=\"summary_large_image\" \/>\n<meta name=\"twitter:title\" content=\"Op\u00e9rations estivales renforc\u00e9es dans le massif vosgien - Gerardmer Info\" \/>\n<meta name=\"twitter:description\" content=\"\u00c0 la demande de la pr\u00e9f\u00e8te des Vosges Val\u00e9rie Michel-Moreaux\u00a0et de Fr\u00e9d\u00e9ric Nahon, procureur de la R\u00e9publique d\u2019\u00c9pinal, les services [&hellip;]\" \/>\n<meta name=\"twitter:image\" content=\"https:\/\/vosgesinfo.fr\/app\/uploads\/sites\/6\/2025\/07\/vosges-presentation-operations-estivales-renforcees-4.jpg\" \/>\n<meta name=\"twitter:creator\" content=\"@VosgesInfo88\" \/>\n<meta name=\"twitter:site\" content=\"@VosgesInfo88\" \/>\n<meta name=\"twitter:label1\" content=\"\u00c9crit par\" \/>\n\t<meta name=\"twitter:data1\" content=\"J.J.\" \/>\n\t<meta name=\"twitter:label2\" content=\"Dur\u00e9e de lecture estim\u00e9e\" \/>\n\t<meta name=\"twitter:data2\" content=\"2 minutes\" \/>\n<script type=\"application\/ld+json\" class=\"yoast-schema-graph\">{\"@context\":\"https:\/\/schema.org\",\"@graph\":[{\"@type\":\"Article\",\"@id\":\"https:\/\/vosgesinfo.fr\/gerardmerinfo\/2025\/07\/operations-estivales-renforcees-dans-le-massif-vosgien\/#article\",\"isPartOf\":{\"@id\":\"https:\/\/vosgesinfo.fr\/gerardmerinfo\/2025\/07\/operations-estivales-renforcees-dans-le-massif-vosgien\/\"},\"author\":{\"name\":\"J.J.\",\"@id\":\"https:\/\/vosgesinfo.fr\/gerardmerinfo\/#\/schema\/person\/fa73e9f726d67bb88f46d5b7943cb572\"},\"headline\":\"Op\u00e9rations estivales renforc\u00e9es dans le massif vosgien\",\"datePublished\":\"2025-07-18T07:50:21+00:00\",\"dateModified\":\"2025-07-18T07:50:21+00:00\",\"mainEntityOfPage\":{\"@id\":\"https:\/\/vosgesinfo.fr\/gerardmerinfo\/2025\/07\/operations-estivales-renforcees-dans-le-massif-vosgien\/\"},\"wordCount\":375,\"commentCount\":0,\"publisher\":{\"@id\":\"https:\/\/vosgesinfo.fr\/gerardmerinfo\/#organization\"},\"image\":{\"@id\":\"https:\/\/vosgesinfo.fr\/gerardmerinfo\/2025\/07\/operations-estivales-renforcees-dans-le-massif-vosgien\/#primaryimage\"},\"thumbnailUrl\":\"https:\/\/vosgesinfo.fr\/app\/uploads\/sites\/6\/2025\/07\/vosges-presentation-operations-estivales-renforcees-4.jpg\",\"keywords\":[\"Frederic Nahon\",\"gazon du faing\",\"massif des vosges\",\"Op\u00e9rations estivales renforc\u00e9es dans le massif vosgien\",\"Pr\u00e9f\u00e8te des Vosges\",\"Procureur de la R\u00e9publique d'Epinal\",\"Val\u00e9rie Michel-moreaux\"],\"articleSection\":[\"A la une\",\"Environnement\",\"Epinal\",\"G\u00e9rardmer\",\"La plaine des vosges\",\"Remiremont\",\"Saint-Di\u00e9-des-Vosges et son Agglom\u00e9ration\",\"Vosges\"],\"inLanguage\":\"fr-FR\",\"potentialAction\":[{\"@type\":\"CommentAction\",\"name\":\"Comment\",\"target\":[\"https:\/\/vosgesinfo.fr\/gerardmerinfo\/2025\/07\/operations-estivales-renforcees-dans-le-massif-vosgien\/#respond\"]}]},{\"@type\":\"WebPage\",\"@id\":\"https:\/\/vosgesinfo.fr\/gerardmerinfo\/2025\/07\/operations-estivales-renforcees-dans-le-massif-vosgien\/\",\"url\":\"https:\/\/vosgesinfo.fr\/gerardmerinfo\/2025\/07\/operations-estivales-renforcees-dans-le-massif-vosgien\/\",\"name\":\"Op\u00e9rations estivales renforc\u00e9es dans le massif vosgien - Gerardmer Info\",\"isPartOf\":{\"@id\":\"https:\/\/vosgesinfo.fr\/gerardmerinfo\/#website\"},\"primaryImageOfPage\":{\"@id\":\"https:\/\/vosgesinfo.fr\/gerardmerinfo\/2025\/07\/operations-estivales-renforcees-dans-le-massif-vosgien\/#primaryimage\"},\"image\":{\"@id\":\"https:\/\/vosgesinfo.fr\/gerardmerinfo\/2025\/07\/operations-estivales-renforcees-dans-le-massif-vosgien\/#primaryimage\"},\"thumbnailUrl\":\"https:\/\/vosgesinfo.fr\/app\/uploads\/sites\/6\/2025\/07\/vosges-presentation-operations-estivales-renforcees-4.jpg\",\"datePublished\":\"2025-07-18T07:50:21+00:00\",\"dateModified\":\"2025-07-18T07:50:21+00:00\",\"breadcrumb\":{\"@id\":\"https:\/\/vosgesinfo.fr\/gerardmerinfo\/2025\/07\/operations-estivales-renforcees-dans-le-massif-vosgien\/#breadcrumb\"},\"inLanguage\":\"fr-FR\",\"potentialAction\":[{\"@type\":\"ReadAction\",\"target\":[\"https:\/\/vosgesinfo.fr\/gerardmerinfo\/2025\/07\/operations-estivales-renforcees-dans-le-massif-vosgien\/\"]}]},{\"@type\":\"ImageObject\",\"inLanguage\":\"fr-FR\",\"@id\":\"https:\/\/vosgesinfo.fr\/gerardmerinfo\/2025\/07\/operations-estivales-renforcees-dans-le-massif-vosgien\/#primaryimage\",\"url\":\"https:\/\/vosgesinfo.fr\/app\/uploads\/sites\/6\/2025\/07\/vosges-presentation-operations-estivales-renforcees-4.jpg\",\"contentUrl\":\"https:\/\/vosgesinfo.fr\/app\/uploads\/sites\/6\/2025\/07\/vosges-presentation-operations-estivales-renforcees-4.jpg\",\"width\":2048,\"height\":1536},{\"@type\":\"BreadcrumbList\",\"@id\":\"https:\/\/vosgesinfo.fr\/gerardmerinfo\/2025\/07\/operations-estivales-renforcees-dans-le-massif-vosgien\/#breadcrumb\",\"itemListElement\":[{\"@type\":\"ListItem\",\"position\":1,\"name\":\"Home\",\"item\":\"https:\/\/vosgesinfo.fr\/gerardmerinfo\/\"},{\"@type\":\"ListItem\",\"position\":2,\"name\":\"Op\u00e9rations estivales renforc\u00e9es dans le massif vosgien\"}]},{\"@type\":\"WebSite\",\"@id\":\"https:\/\/vosgesinfo.fr\/gerardmerinfo\/#website\",\"url\":\"https:\/\/vosgesinfo.fr\/gerardmerinfo\/\",\"name\":\"Gerardmer Info\",\"description\":\"Toute l&#039;actualit\u00e9 de G\u00e9rardmer\",\"publisher\":{\"@id\":\"https:\/\/vosgesinfo.fr\/gerardmerinfo\/#organization\"},\"alternateName\":\"Toute l'actualit\u00e9 de G\u00e9rardmer\",\"potentialAction\":[{\"@type\":\"SearchAction\",\"target\":{\"@type\":\"EntryPoint\",\"urlTemplate\":\"https:\/\/vosgesinfo.fr\/gerardmerinfo\/?s={search_term_string}\"},\"query-input\":\"required name=search_term_string\"}],\"inLanguage\":\"fr-FR\"},{\"@type\":\"Organization\",\"@id\":\"https:\/\/vosgesinfo.fr\/gerardmerinfo\/#organization\",\"name\":\"Gerardmer Info\",\"url\":\"https:\/\/vosgesinfo.fr\/gerardmerinfo\/\",\"logo\":{\"@type\":\"ImageObject\",\"inLanguage\":\"fr-FR\",\"@id\":\"https:\/\/vosgesinfo.fr\/gerardmerinfo\/#\/schema\/logo\/image\/\",\"url\":\"https:\/\/vosgesinfo.fr\/app\/uploads\/sites\/6\/2023\/08\/favicon-gerardmerinfo.png\",\"contentUrl\":\"https:\/\/vosgesinfo.fr\/app\/uploads\/sites\/6\/2023\/08\/favicon-gerardmerinfo.png\",\"width\":512,\"height\":512,\"caption\":\"Gerardmer Info\"},\"image\":{\"@id\":\"https:\/\/vosgesinfo.fr\/gerardmerinfo\/#\/schema\/logo\/image\/\"},\"sameAs\":[\"https:\/\/www.facebook.com\/profile.php?id=100049475262660\",\"https:\/\/x.com\/VosgesInfo88\",\"https:\/\/www.youtube.com\/@vosgesinfo\"]},{\"@type\":\"Person\",\"@id\":\"https:\/\/vosgesinfo.fr\/gerardmerinfo\/#\/schema\/person\/fa73e9f726d67bb88f46d5b7943cb572\",\"name\":\"J.J.\",\"image\":{\"@type\":\"ImageObject\",\"inLanguage\":\"fr-FR\",\"@id\":\"https:\/\/vosgesinfo.fr\/gerardmerinfo\/#\/schema\/person\/image\/\",\"url\":\"https:\/\/secure.gravatar.com\/avatar\/219e749e47ffbcca018a360ae4add7d4cdf1cdaaf8bc7676b27efade3fe65615?s=96&d=mm&r=g\",\"contentUrl\":\"https:\/\/secure.gravatar.com\/avatar\/219e749e47ffbcca018a360ae4add7d4cdf1cdaaf8bc7676b27efade3fe65615?s=96&d=mm&r=g\",\"caption\":\"J.J.\"},\"url\":\"https:\/\/vosgesinfo.fr\/gerardmerinfo\/author\/j-j\/\"}]}<\/script>\n<!-- \/ Yoast SEO plugin. -->","yoast_head_json":{"title":"Op\u00e9rations estivales renforc\u00e9es dans le massif vosgien - Gerardmer Info","robots":{"index":"index","follow":"follow","max-snippet":"max-snippet:-1","max-image-preview":"max-image-preview:large","max-video-preview":"max-video-preview:-1"},"canonical":"https:\/\/vosgesinfo.fr\/gerardmerinfo\/2025\/07\/operations-estivales-renforcees-dans-le-massif-vosgien\/","twitter_card":"summary_large_image","twitter_title":"Op\u00e9rations estivales renforc\u00e9es dans le massif vosgien - Gerardmer Info","twitter_description":"\u00c0 la demande de la pr\u00e9f\u00e8te des Vosges Val\u00e9rie Michel-Moreaux\u00a0et de Fr\u00e9d\u00e9ric Nahon, procureur de la R\u00e9publique d\u2019\u00c9pinal, les services [&hellip;]","twitter_image":"https:\/\/vosgesinfo.fr\/app\/uploads\/sites\/6\/2025\/07\/vosges-presentation-operations-estivales-renforcees-4.jpg","twitter_creator":"@VosgesInfo88","twitter_site":"@VosgesInfo88","twitter_misc":{"\u00c9crit par":"J.J.","Dur\u00e9e de lecture estim\u00e9e":"2 minutes"},"schema":{"@context":"https:\/\/schema.org","@graph":[{"@type":"Article","@id":"https:\/\/vosgesinfo.fr\/gerardmerinfo\/2025\/07\/operations-estivales-renforcees-dans-le-massif-vosgien\/#article","isPartOf":{"@id":"https:\/\/vosgesinfo.fr\/gerardmerinfo\/2025\/07\/operations-estivales-renforcees-dans-le-massif-vosgien\/"},"author":{"name":"J.J.","@id":"https:\/\/vosgesinfo.fr\/gerardmerinfo\/#\/schema\/person\/fa73e9f726d67bb88f46d5b7943cb572"},"headline":"Op\u00e9rations estivales renforc\u00e9es dans le massif vosgien","datePublished":"2025-07-18T07:50:21+00:00","dateModified":"2025-07-18T07:50:21+00:00","mainEntityOfPage":{"@id":"https:\/\/vosgesinfo.fr\/gerardmerinfo\/2025\/07\/operations-estivales-renforcees-dans-le-massif-vosgien\/"},"wordCount":375,"commentCount":0,"publisher":{"@id":"https:\/\/vosgesinfo.fr\/gerardmerinfo\/#organization"},"image":{"@id":"https:\/\/vosgesinfo.fr\/gerardmerinfo\/2025\/07\/operations-estivales-renforcees-dans-le-massif-vosgien\/#primaryimage"},"thumbnailUrl":"https:\/\/vosgesinfo.fr\/app\/uploads\/sites\/6\/2025\/07\/vosges-presentation-operations-estivales-renforcees-4.jpg","keywords":["Frederic Nahon","gazon du faing","massif des vosges","Op\u00e9rations estivales renforc\u00e9es dans le massif vosgien","Pr\u00e9f\u00e8te des Vosges","Procureur de la R\u00e9publique d'Epinal","Val\u00e9rie Michel-moreaux"],"articleSection":["A la une","Environnement","Epinal","G\u00e9rardmer","La plaine des vosges","Remiremont","Saint-Di\u00e9-des-Vosges et son Agglom\u00e9ration","Vosges"],"inLanguage":"fr-FR","potentialAction":[{"@type":"CommentAction","name":"Comment","target":["https:\/\/vosgesinfo.fr\/gerardmerinfo\/2025\/07\/operations-estivales-renforcees-dans-le-massif-vosgien\/#respond"]}]},{"@type":"WebPage","@id":"https:\/\/vosgesinfo.fr\/gerardmerinfo\/2025\/07\/operations-estivales-renforcees-dans-le-massif-vosgien\/","url":"https:\/\/vosgesinfo.fr\/gerardmerinfo\/2025\/07\/operations-estivales-renforcees-dans-le-massif-vosgien\/","name":"Op\u00e9rations estivales renforc\u00e9es dans le massif vosgien - Gerardmer Info","isPartOf":{"@id":"https:\/\/vosgesinfo.fr\/gerardmerinfo\/#website"},"primaryImageOfPage":{"@id":"https:\/\/vosgesinfo.fr\/gerardmerinfo\/2025\/07\/operations-estivales-renforcees-dans-le-massif-vosgien\/#primaryimage"},"image":{"@id":"https:\/\/vosgesinfo.fr\/gerardmerinfo\/2025\/07\/operations-estivales-renforcees-dans-le-massif-vosgien\/#primaryimage"},"thumbnailUrl":"https:\/\/vosgesinfo.fr\/app\/uploads\/sites\/6\/2025\/07\/vosges-presentation-operations-estivales-renforcees-4.jpg","datePublished":"2025-07-18T07:50:21+00:00","dateModified":"2025-07-18T07:50:21+00:00","breadcrumb":{"@id":"https:\/\/vosgesinfo.fr\/gerardmerinfo\/2025\/07\/operations-estivales-renforcees-dans-le-massif-vosgien\/#breadcrumb"},"inLanguage":"fr-FR","potentialAction":[{"@type":"ReadAction","target":["https:\/\/vosgesinfo.fr\/gerardmerinfo\/2025\/07\/operations-estivales-renforcees-dans-le-massif-vosgien\/"]}]},{"@type":"ImageObject","inLanguage":"fr-FR","@id":"https:\/\/vosgesinfo.fr\/gerardmerinfo\/2025\/07\/operations-estivales-renforcees-dans-le-massif-vosgien\/#primaryimage","url":"https:\/\/vosgesinfo.fr\/app\/uploads\/sites\/6\/2025\/07\/vosges-presentation-operations-estivales-renforcees-4.jpg","contentUrl":"https:\/\/vosgesinfo.fr\/app\/uploads\/sites\/6\/2025\/07\/vosges-presentation-operations-estivales-renforcees-4.jpg","width":2048,"height":1536},{"@type":"BreadcrumbList","@id":"https:\/\/vosgesinfo.fr\/gerardmerinfo\/2025\/07\/operations-estivales-renforcees-dans-le-massif-vosgien\/#breadcrumb","itemListElement":[{"@type":"ListItem","position":1,"name":"Home","item":"https:\/\/vosgesinfo.fr\/gerardmerinfo\/"},{"@type":"ListItem","position":2,"name":"Op\u00e9rations estivales renforc\u00e9es dans le massif vosgien"}]},{"@type":"WebSite","@id":"https:\/\/vosgesinfo.fr\/gerardmerinfo\/#website","url":"https:\/\/vosgesinfo.fr\/gerardmerinfo\/","name":"Gerardmer Info","description":"Toute l&#039;actualit\u00e9 de G\u00e9rardmer","publisher":{"@id":"https:\/\/vosgesinfo.fr\/gerardmerinfo\/#organization"},"alternateName":"Toute l'actualit\u00e9 de G\u00e9rardmer","potentialAction":[{"@type":"SearchAction","target":{"@type":"EntryPoint","urlTemplate":"https:\/\/vosgesinfo.fr\/gerardmerinfo\/?s={search_term_string}"},"query-input":"required name=search_term_string"}],"inLanguage":"fr-FR"},{"@type":"Organization","@id":"https:\/\/vosgesinfo.fr\/gerardmerinfo\/#organization","name":"Gerardmer Info","url":"https:\/\/vosgesinfo.fr\/gerardmerinfo\/","logo":{"@type":"ImageObject","inLanguage":"fr-FR","@id":"https:\/\/vosgesinfo.fr\/gerardmerinfo\/#\/schema\/logo\/image\/","url":"https:\/\/vosgesinfo.fr\/app\/uploads\/sites\/6\/2023\/08\/favicon-gerardmerinfo.png","contentUrl":"https:\/\/vosgesinfo.fr\/app\/uploads\/sites\/6\/2023\/08\/favicon-gerardmerinfo.png","width":512,"height":512,"caption":"Gerardmer Info"},"image":{"@id":"https:\/\/vosgesinfo.fr\/gerardmerinfo\/#\/schema\/logo\/image\/"},"sameAs":["https:\/\/www.facebook.com\/profile.php?id=100049475262660","https:\/\/x.com\/VosgesInfo88","https:\/\/www.youtube.com\/@vosgesinfo"]},{"@type":"Person","@id":"https:\/\/vosgesinfo.fr\/gerardmerinfo\/#\/schema\/person\/fa73e9f726d67bb88f46d5b7943cb572","name":"J.J.","image":{"@type":"ImageObject","inLanguage":"fr-FR","@id":"https:\/\/vosgesinfo.fr\/gerardmerinfo\/#\/schema\/person\/image\/","url":"https:\/\/secure.gravatar.com\/avatar\/219e749e47ffbcca018a360ae4add7d4cdf1cdaaf8bc7676b27efade3fe65615?s=96&d=mm&r=g","contentUrl":"https:\/\/secure.gravatar.com\/avatar\/219e749e47ffbcca018a360ae4add7d4cdf1cdaaf8bc7676b27efade3fe65615?s=96&d=mm&r=g","caption":"J.J."},"url":"https:\/\/vosgesinfo.fr\/gerardmerinfo\/author\/j-j\/"}]}},"_links":{"self":[{"href":"https:\/\/vosgesinfo.fr\/gerardmerinfo\/wp-json\/wp\/v2\/posts\/80665","targetHints":{"allow":["GET"]}}],"collection":[{"href":"https:\/\/vosgesinfo.fr\/gerardmerinfo\/wp-json\/wp\/v2\/posts"}],"about":[{"href":"https:\/\/vosgesinfo.fr\/gerardmerinfo\/wp-json\/wp\/v2\/types\/post"}],"author":[{"embeddable":true,"href":"https:\/\/vosgesinfo.fr\/gerardmerinfo\/wp-json\/wp\/v2\/users\/46"}],"replies":[{"embeddable":true,"href":"https:\/\/vosgesinfo.fr\/gerardmerinfo\/wp-json\/wp\/v2\/comments?post=80665"}],"version-history":[{"count":0,"href":"https:\/\/vosgesinfo.fr\/gerardmerinfo\/wp-json\/wp\/v2\/posts\/80665\/revisions"}],"wp:featuredmedia":[{"embeddable":true,"href":"https:\/\/vosgesinfo.fr\/gerardmerinfo\/wp-json\/wp\/v2\/media\/80666"}],"wp:attachment":[{"href":"https:\/\/vosgesinfo.fr\/gerardmerinfo\/wp-json\/wp\/v2\/media?parent=80665"}],"wp:term":[{"taxonomy":"category","embeddable":true,"href":"https:\/\/vosgesinfo.fr\/gerardmerinfo\/wp-json\/wp\/v2\/categories?post=80665"},{"taxonomy":"post_tag","embeddable":true,"href":"https:\/\/vosgesinfo.fr\/gerardmerinfo\/wp-json\/wp\/v2\/tags?post=80665"}],"curies":[{"name":"wp","href":"https:\/\/api.w.org\/{rel}","templated":true}]}}