{"id":80669,"date":"2025-07-18T13:45:13","date_gmt":"2025-07-18T11:45:13","guid":{"rendered":"https:\/\/vosgesinfo.fr\/gerardmerinfo\/?p=80669"},"modified":"2025-07-18T13:25:31","modified_gmt":"2025-07-18T11:25:31","slug":"lequipe-cycliste-groupama-fdj-u23-de-passage-a-lechappee-vosgienne","status":"publish","type":"post","link":"https:\/\/vosgesinfo.fr\/gerardmerinfo\/2025\/07\/lequipe-cycliste-groupama-fdj-u23-de-passage-a-lechappee-vosgienne\/","title":{"rendered":"L\u2019\u00e9quipe cycliste Groupama-FDJ U23 de passage \u00e0 L\u2019\u00c9chapp\u00e9e Vosgienne"},"content":{"rendered":"<p><a href=\"https:\/\/vosgesinfo.fr\/app\/uploads\/sites\/6\/2025\/07\/echappee-vosgienne-groupama-fdj-gerardmer-2-rotated.jpeg\"><img decoding=\"async\" class=\"aligncenter size-full wp-image-80670\" src=\"https:\/\/vosgesinfo.fr\/app\/uploads\/sites\/6\/2025\/07\/echappee-vosgienne-groupama-fdj-gerardmer-2-rotated.jpeg\" alt=\"\" width=\"1071\" height=\"1428\" srcset=\"https:\/\/vosgesinfo.fr\/app\/uploads\/sites\/6\/2025\/07\/echappee-vosgienne-groupama-fdj-gerardmer-2-rotated.jpeg 1071w, https:\/\/vosgesinfo.fr\/app\/uploads\/sites\/6\/2025\/07\/echappee-vosgienne-groupama-fdj-gerardmer-2-225x300.jpeg 225w, https:\/\/vosgesinfo.fr\/app\/uploads\/sites\/6\/2025\/07\/echappee-vosgienne-groupama-fdj-gerardmer-2-768x1024.jpeg 768w\" sizes=\"(max-width: 1071px) 100vw, 1071px\" \/><\/a><\/p>\n<p data-start=\"165\" data-end=\"402\"><strong>Du 14 au 18 juillet, L\u2019\u00c9chapp\u00e9e Vosgienne, situ\u00e9e \u00e0 G\u00e9rardmer au c\u0153ur des Vosges, a eu le privil\u00e8ge d\u2019accueillir l\u2019\u00e9quipe cycliste Groupama &#8211; FDJ des moins de 23 ans pour un stage montagne en pr\u00e9paration du Tour d\u2019Alsace.<\/strong><\/p>\n<p data-start=\"404\" data-end=\"836\">Pendant cinq jours, les jeunes espoirs du cyclisme fran\u00e7ais ont pu profiter pleinement des nouvelles installations du site : une salle de musculation dernier cri, un local s\u00e9curis\u00e9 pour les v\u00e9los, ainsi qu\u2019un espace de r\u00e9cup\u00e9ration complet comprenant bain chaud, bain froid et sauna. Des conditions id\u00e9ales pour conjuguer pr\u00e9paration physique et acclimatation \u00e0 la chaleur, essentielle en cette p\u00e9riode estivale.<\/p>\n<p data-start=\"838\" data-end=\"1244\"><a href=\"https:\/\/vosgesinfo.fr\/app\/uploads\/sites\/6\/2025\/07\/echappee-vosgienne-groupama-fdj-gerardmer-3-rotated.jpeg\"><img decoding=\"async\" class=\"alignright size-medium wp-image-80671\" src=\"https:\/\/vosgesinfo.fr\/app\/uploads\/sites\/6\/2025\/07\/echappee-vosgienne-groupama-fdj-gerardmer-3-225x300.jpeg\" alt=\"\" width=\"225\" height=\"300\" srcset=\"https:\/\/vosgesinfo.fr\/app\/uploads\/sites\/6\/2025\/07\/echappee-vosgienne-groupama-fdj-gerardmer-3-225x300.jpeg 225w, https:\/\/vosgesinfo.fr\/app\/uploads\/sites\/6\/2025\/07\/echappee-vosgienne-groupama-fdj-gerardmer-3-768x1024.jpeg 768w, https:\/\/vosgesinfo.fr\/app\/uploads\/sites\/6\/2025\/07\/echappee-vosgienne-groupama-fdj-gerardmer-3-rotated.jpeg 1071w\" sizes=\"(max-width: 225px) 100vw, 225px\" \/><\/a>L\u2019accueil ne s\u2019est pas limit\u00e9 \u00e0 l\u2019entra\u00eenement : les coureurs ont \u00e9galement pu prendre tous leurs repas sur place, du petit d\u00e9jeuner au d\u00eener, avec une cuisine pr\u00e9par\u00e9e par le chef de L\u2019\u00c9chapp\u00e9e Vosgienne, en \u00e9troite collaboration avec la di\u00e9t\u00e9ticienne de l\u2019\u00e9quipe. Une belle synergie au service de la performance ! (Et pour les curieux comme pour les gourmands, le restaurant est ouvert \u00e0 tous, sportifs ou non !)<\/p>\n<p data-start=\"1246\" data-end=\"1477\">Loin du tumulte, l\u2019\u00e9quipe a appr\u00e9ci\u00e9 le calme environnant, la qualit\u00e9 de la literie propice \u00e0 une bonne r\u00e9cup\u00e9ration, et a utilis\u00e9 la salle de s\u00e9minaire pour les briefings strat\u00e9giques avant chaque \u00e9tape d\u2019entra\u00eenement. Le s\u00e9jour fut agr\u00e9ment\u00e9 d&rsquo; une note conviviale mercredi soir : \u00e0 l\u2019occasion de l\u2019anniversaire de l\u2019un des coureurs, l\u2019\u00e9quipe s\u2019est m\u00eal\u00e9e aux participants du \u201c<em>Mercrundi<\/em>\u201d, un rendez-vous hebdomadaire qui m\u00eale course \u00e0 pied et bonne humeur. Ce moment de partage, suivi d\u2019un ap\u00e9ro amical, illustre bien l\u2019esprit de L\u2019\u00c9chapp\u00e9e Vosgienne : sport, bien-\u00eatre et convivialit\u00e9.<\/p>\n<p data-start=\"1246\" data-end=\"1477\">Le lien What\u2019sapp pour ceux qui veulent rejoindre le <em>Mercrundi<\/em> et avoir toutes les infos : <a href=\"https:\/\/chat.whatsapp.com\/HsGJ0v7rD996bqgmPM9L9Y\" target=\"_blank\" rel=\"noopener\" data-saferedirecturl=\"https:\/\/www.google.com\/url?q=https:\/\/chat.whatsapp.com\/HsGJ0v7rD996bqgmPM9L9Y&amp;source=gmail&amp;ust=1752921636141000&amp;usg=AOvVaw37ZuhrUZQ9-GO7jUdM5SpS\">https:\/\/chat.whatsapp.com\/<wbr \/>HsGJ0v7rD996bqgmPM9L9Y<\/a><\/p>\n<p data-start=\"1246\" data-end=\"1477\"><a href=\"https:\/\/vosgesinfo.fr\/app\/uploads\/sites\/6\/2025\/07\/echappee-vosgienne-groupama-fdj-gerardmer-1-rotated.jpeg\"><img decoding=\"async\" class=\"aligncenter size-full wp-image-80672\" src=\"https:\/\/vosgesinfo.fr\/app\/uploads\/sites\/6\/2025\/07\/echappee-vosgienne-groupama-fdj-gerardmer-1-rotated.jpeg\" alt=\"\" width=\"756\" height=\"1008\" srcset=\"https:\/\/vosgesinfo.fr\/app\/uploads\/sites\/6\/2025\/07\/echappee-vosgienne-groupama-fdj-gerardmer-1-rotated.jpeg 756w, https:\/\/vosgesinfo.fr\/app\/uploads\/sites\/6\/2025\/07\/echappee-vosgienne-groupama-fdj-gerardmer-1-225x300.jpeg 225w\" sizes=\"(max-width: 756px) 100vw, 756px\" \/><\/a><\/p>\n","protected":false},"excerpt":{"rendered":"<p>Du 14 au 18 juillet, L\u2019\u00c9chapp\u00e9e Vosgienne, situ\u00e9e \u00e0 G\u00e9rardmer au c\u0153ur des Vosges, a eu le privil\u00e8ge d\u2019accueillir l\u2019\u00e9quipe [&hellip;]<\/p>\n","protected":false},"author":42,"featured_media":80670,"comment_status":"open","ping_status":"open","sticky":false,"template":"","format":"standard","meta":{"footnotes":""},"categories":[20,878,5647,25,328,868,946,14],"tags":[],"class_list":["post-80669","post","type-post","status-publish","format-standard","has-post-thumbnail","hentry","category-a-la-une","category-epinal","category-gerardmer-autres-sites","category-gerardmer","category-la-plaine-des-vosges","category-remiremont","category-saint-die","category-sport"],"acf":[],"yoast_head":"<!-- This site is optimized with the Yoast SEO plugin v22.5 - https:\/\/yoast.com\/wordpress\/plugins\/seo\/ -->\n<title>L\u2019\u00e9quipe cycliste Groupama-FDJ U23 de passage \u00e0 L\u2019\u00c9chapp\u00e9e Vosgienne - Gerardmer Info<\/title>\n<meta name=\"robots\" content=\"index, follow, max-snippet:-1, max-image-preview:large, max-video-preview:-1\" \/>\n<link rel=\"canonical\" href=\"https:\/\/vosgesinfo.fr\/gerardmerinfo\/2025\/07\/lequipe-cycliste-groupama-fdj-u23-de-passage-a-lechappee-vosgienne\/\" \/>\n<meta name=\"twitter:card\" content=\"summary_large_image\" \/>\n<meta name=\"twitter:title\" content=\"L\u2019\u00e9quipe cycliste Groupama-FDJ U23 de passage \u00e0 L\u2019\u00c9chapp\u00e9e Vosgienne - Gerardmer Info\" \/>\n<meta name=\"twitter:description\" content=\"Du 14 au 18 juillet, L\u2019\u00c9chapp\u00e9e Vosgienne, situ\u00e9e \u00e0 G\u00e9rardmer au c\u0153ur des Vosges, a eu le privil\u00e8ge d\u2019accueillir l\u2019\u00e9quipe [&hellip;]\" \/>\n<meta name=\"twitter:image\" content=\"https:\/\/vosgesinfo.fr\/app\/uploads\/sites\/6\/2025\/07\/echappee-vosgienne-groupama-fdj-gerardmer-2-rotated.jpeg\" \/>\n<meta name=\"twitter:creator\" content=\"@VosgesInfo88\" \/>\n<meta name=\"twitter:site\" content=\"@VosgesInfo88\" \/>\n<meta name=\"twitter:label1\" content=\"\u00c9crit par\" \/>\n\t<meta name=\"twitter:data1\" content=\"QG\" \/>\n\t<meta name=\"twitter:label2\" content=\"Dur\u00e9e de lecture estim\u00e9e\" \/>\n\t<meta name=\"twitter:data2\" content=\"3 minutes\" \/>\n<script type=\"application\/ld+json\" class=\"yoast-schema-graph\">{\"@context\":\"https:\/\/schema.org\",\"@graph\":[{\"@type\":\"Article\",\"@id\":\"https:\/\/vosgesinfo.fr\/gerardmerinfo\/2025\/07\/lequipe-cycliste-groupama-fdj-u23-de-passage-a-lechappee-vosgienne\/#article\",\"isPartOf\":{\"@id\":\"https:\/\/vosgesinfo.fr\/gerardmerinfo\/2025\/07\/lequipe-cycliste-groupama-fdj-u23-de-passage-a-lechappee-vosgienne\/\"},\"author\":{\"name\":\"QG\",\"@id\":\"https:\/\/vosgesinfo.fr\/gerardmerinfo\/#\/schema\/person\/db5605779a843dad16b5368f3e7613a5\"},\"headline\":\"L\u2019\u00e9quipe cycliste Groupama-FDJ U23 de passage \u00e0 L\u2019\u00c9chapp\u00e9e Vosgienne\",\"datePublished\":\"2025-07-18T11:45:13+00:00\",\"dateModified\":\"2025-07-18T11:25:31+00:00\",\"mainEntityOfPage\":{\"@id\":\"https:\/\/vosgesinfo.fr\/gerardmerinfo\/2025\/07\/lequipe-cycliste-groupama-fdj-u23-de-passage-a-lechappee-vosgienne\/\"},\"wordCount\":335,\"commentCount\":0,\"publisher\":{\"@id\":\"https:\/\/vosgesinfo.fr\/gerardmerinfo\/#organization\"},\"image\":{\"@id\":\"https:\/\/vosgesinfo.fr\/gerardmerinfo\/2025\/07\/lequipe-cycliste-groupama-fdj-u23-de-passage-a-lechappee-vosgienne\/#primaryimage\"},\"thumbnailUrl\":\"https:\/\/vosgesinfo.fr\/app\/uploads\/sites\/6\/2025\/07\/echappee-vosgienne-groupama-fdj-gerardmer-2-rotated.jpeg\",\"articleSection\":[\"A la une\",\"Epinal\",\"Gerardmer\",\"G\u00e9rardmer\",\"La plaine des vosges\",\"Remiremont\",\"Saint-di\u00e9\",\"Sport\"],\"inLanguage\":\"fr-FR\",\"potentialAction\":[{\"@type\":\"CommentAction\",\"name\":\"Comment\",\"target\":[\"https:\/\/vosgesinfo.fr\/gerardmerinfo\/2025\/07\/lequipe-cycliste-groupama-fdj-u23-de-passage-a-lechappee-vosgienne\/#respond\"]}]},{\"@type\":\"WebPage\",\"@id\":\"https:\/\/vosgesinfo.fr\/gerardmerinfo\/2025\/07\/lequipe-cycliste-groupama-fdj-u23-de-passage-a-lechappee-vosgienne\/\",\"url\":\"https:\/\/vosgesinfo.fr\/gerardmerinfo\/2025\/07\/lequipe-cycliste-groupama-fdj-u23-de-passage-a-lechappee-vosgienne\/\",\"name\":\"L\u2019\u00e9quipe cycliste Groupama-FDJ U23 de passage \u00e0 L\u2019\u00c9chapp\u00e9e Vosgienne - Gerardmer Info\",\"isPartOf\":{\"@id\":\"https:\/\/vosgesinfo.fr\/gerardmerinfo\/#website\"},\"primaryImageOfPage\":{\"@id\":\"https:\/\/vosgesinfo.fr\/gerardmerinfo\/2025\/07\/lequipe-cycliste-groupama-fdj-u23-de-passage-a-lechappee-vosgienne\/#primaryimage\"},\"image\":{\"@id\":\"https:\/\/vosgesinfo.fr\/gerardmerinfo\/2025\/07\/lequipe-cycliste-groupama-fdj-u23-de-passage-a-lechappee-vosgienne\/#primaryimage\"},\"thumbnailUrl\":\"https:\/\/vosgesinfo.fr\/app\/uploads\/sites\/6\/2025\/07\/echappee-vosgienne-groupama-fdj-gerardmer-2-rotated.jpeg\",\"datePublished\":\"2025-07-18T11:45:13+00:00\",\"dateModified\":\"2025-07-18T11:25:31+00:00\",\"breadcrumb\":{\"@id\":\"https:\/\/vosgesinfo.fr\/gerardmerinfo\/2025\/07\/lequipe-cycliste-groupama-fdj-u23-de-passage-a-lechappee-vosgienne\/#breadcrumb\"},\"inLanguage\":\"fr-FR\",\"potentialAction\":[{\"@type\":\"ReadAction\",\"target\":[\"https:\/\/vosgesinfo.fr\/gerardmerinfo\/2025\/07\/lequipe-cycliste-groupama-fdj-u23-de-passage-a-lechappee-vosgienne\/\"]}]},{\"@type\":\"ImageObject\",\"inLanguage\":\"fr-FR\",\"@id\":\"https:\/\/vosgesinfo.fr\/gerardmerinfo\/2025\/07\/lequipe-cycliste-groupama-fdj-u23-de-passage-a-lechappee-vosgienne\/#primaryimage\",\"url\":\"https:\/\/vosgesinfo.fr\/app\/uploads\/sites\/6\/2025\/07\/echappee-vosgienne-groupama-fdj-gerardmer-2-rotated.jpeg\",\"contentUrl\":\"https:\/\/vosgesinfo.fr\/app\/uploads\/sites\/6\/2025\/07\/echappee-vosgienne-groupama-fdj-gerardmer-2-rotated.jpeg\",\"width\":1071,\"height\":1428},{\"@type\":\"BreadcrumbList\",\"@id\":\"https:\/\/vosgesinfo.fr\/gerardmerinfo\/2025\/07\/lequipe-cycliste-groupama-fdj-u23-de-passage-a-lechappee-vosgienne\/#breadcrumb\",\"itemListElement\":[{\"@type\":\"ListItem\",\"position\":1,\"name\":\"Home\",\"item\":\"https:\/\/vosgesinfo.fr\/gerardmerinfo\/\"},{\"@type\":\"ListItem\",\"position\":2,\"name\":\"L\u2019\u00e9quipe cycliste Groupama-FDJ U23 de passage \u00e0 L\u2019\u00c9chapp\u00e9e Vosgienne\"}]},{\"@type\":\"WebSite\",\"@id\":\"https:\/\/vosgesinfo.fr\/gerardmerinfo\/#website\",\"url\":\"https:\/\/vosgesinfo.fr\/gerardmerinfo\/\",\"name\":\"Gerardmer Info\",\"description\":\"Toute l&#039;actualit\u00e9 de G\u00e9rardmer\",\"publisher\":{\"@id\":\"https:\/\/vosgesinfo.fr\/gerardmerinfo\/#organization\"},\"alternateName\":\"Toute l'actualit\u00e9 de G\u00e9rardmer\",\"potentialAction\":[{\"@type\":\"SearchAction\",\"target\":{\"@type\":\"EntryPoint\",\"urlTemplate\":\"https:\/\/vosgesinfo.fr\/gerardmerinfo\/?s={search_term_string}\"},\"query-input\":\"required name=search_term_string\"}],\"inLanguage\":\"fr-FR\"},{\"@type\":\"Organization\",\"@id\":\"https:\/\/vosgesinfo.fr\/gerardmerinfo\/#organization\",\"name\":\"Gerardmer Info\",\"url\":\"https:\/\/vosgesinfo.fr\/gerardmerinfo\/\",\"logo\":{\"@type\":\"ImageObject\",\"inLanguage\":\"fr-FR\",\"@id\":\"https:\/\/vosgesinfo.fr\/gerardmerinfo\/#\/schema\/logo\/image\/\",\"url\":\"https:\/\/vosgesinfo.fr\/app\/uploads\/sites\/6\/2023\/08\/favicon-gerardmerinfo.png\",\"contentUrl\":\"https:\/\/vosgesinfo.fr\/app\/uploads\/sites\/6\/2023\/08\/favicon-gerardmerinfo.png\",\"width\":512,\"height\":512,\"caption\":\"Gerardmer Info\"},\"image\":{\"@id\":\"https:\/\/vosgesinfo.fr\/gerardmerinfo\/#\/schema\/logo\/image\/\"},\"sameAs\":[\"https:\/\/www.facebook.com\/profile.php?id=100049475262660\",\"https:\/\/x.com\/VosgesInfo88\",\"https:\/\/www.youtube.com\/@vosgesinfo\"]},{\"@type\":\"Person\",\"@id\":\"https:\/\/vosgesinfo.fr\/gerardmerinfo\/#\/schema\/person\/db5605779a843dad16b5368f3e7613a5\",\"name\":\"QG\",\"image\":{\"@type\":\"ImageObject\",\"inLanguage\":\"fr-FR\",\"@id\":\"https:\/\/vosgesinfo.fr\/gerardmerinfo\/#\/schema\/person\/image\/\",\"url\":\"https:\/\/secure.gravatar.com\/avatar\/ea80c42c204b534408512832fde52504ecabb9706bcb6151cf6175e5b64e6793?s=96&d=mm&r=g\",\"contentUrl\":\"https:\/\/secure.gravatar.com\/avatar\/ea80c42c204b534408512832fde52504ecabb9706bcb6151cf6175e5b64e6793?s=96&d=mm&r=g\",\"caption\":\"QG\"},\"url\":\"https:\/\/vosgesinfo.fr\/gerardmerinfo\/author\/quentin88\/\"}]}<\/script>\n<!-- \/ Yoast SEO plugin. -->","yoast_head_json":{"title":"L\u2019\u00e9quipe cycliste Groupama-FDJ U23 de passage \u00e0 L\u2019\u00c9chapp\u00e9e Vosgienne - Gerardmer Info","robots":{"index":"index","follow":"follow","max-snippet":"max-snippet:-1","max-image-preview":"max-image-preview:large","max-video-preview":"max-video-preview:-1"},"canonical":"https:\/\/vosgesinfo.fr\/gerardmerinfo\/2025\/07\/lequipe-cycliste-groupama-fdj-u23-de-passage-a-lechappee-vosgienne\/","twitter_card":"summary_large_image","twitter_title":"L\u2019\u00e9quipe cycliste Groupama-FDJ U23 de passage \u00e0 L\u2019\u00c9chapp\u00e9e Vosgienne - Gerardmer Info","twitter_description":"Du 14 au 18 juillet, L\u2019\u00c9chapp\u00e9e Vosgienne, situ\u00e9e \u00e0 G\u00e9rardmer au c\u0153ur des Vosges, a eu le privil\u00e8ge d\u2019accueillir l\u2019\u00e9quipe [&hellip;]","twitter_image":"https:\/\/vosgesinfo.fr\/app\/uploads\/sites\/6\/2025\/07\/echappee-vosgienne-groupama-fdj-gerardmer-2-rotated.jpeg","twitter_creator":"@VosgesInfo88","twitter_site":"@VosgesInfo88","twitter_misc":{"\u00c9crit par":"QG","Dur\u00e9e de lecture estim\u00e9e":"3 minutes"},"schema":{"@context":"https:\/\/schema.org","@graph":[{"@type":"Article","@id":"https:\/\/vosgesinfo.fr\/gerardmerinfo\/2025\/07\/lequipe-cycliste-groupama-fdj-u23-de-passage-a-lechappee-vosgienne\/#article","isPartOf":{"@id":"https:\/\/vosgesinfo.fr\/gerardmerinfo\/2025\/07\/lequipe-cycliste-groupama-fdj-u23-de-passage-a-lechappee-vosgienne\/"},"author":{"name":"QG","@id":"https:\/\/vosgesinfo.fr\/gerardmerinfo\/#\/schema\/person\/db5605779a843dad16b5368f3e7613a5"},"headline":"L\u2019\u00e9quipe cycliste Groupama-FDJ U23 de passage \u00e0 L\u2019\u00c9chapp\u00e9e Vosgienne","datePublished":"2025-07-18T11:45:13+00:00","dateModified":"2025-07-18T11:25:31+00:00","mainEntityOfPage":{"@id":"https:\/\/vosgesinfo.fr\/gerardmerinfo\/2025\/07\/lequipe-cycliste-groupama-fdj-u23-de-passage-a-lechappee-vosgienne\/"},"wordCount":335,"commentCount":0,"publisher":{"@id":"https:\/\/vosgesinfo.fr\/gerardmerinfo\/#organization"},"image":{"@id":"https:\/\/vosgesinfo.fr\/gerardmerinfo\/2025\/07\/lequipe-cycliste-groupama-fdj-u23-de-passage-a-lechappee-vosgienne\/#primaryimage"},"thumbnailUrl":"https:\/\/vosgesinfo.fr\/app\/uploads\/sites\/6\/2025\/07\/echappee-vosgienne-groupama-fdj-gerardmer-2-rotated.jpeg","articleSection":["A la une","Epinal","Gerardmer","G\u00e9rardmer","La plaine des vosges","Remiremont","Saint-di\u00e9","Sport"],"inLanguage":"fr-FR","potentialAction":[{"@type":"CommentAction","name":"Comment","target":["https:\/\/vosgesinfo.fr\/gerardmerinfo\/2025\/07\/lequipe-cycliste-groupama-fdj-u23-de-passage-a-lechappee-vosgienne\/#respond"]}]},{"@type":"WebPage","@id":"https:\/\/vosgesinfo.fr\/gerardmerinfo\/2025\/07\/lequipe-cycliste-groupama-fdj-u23-de-passage-a-lechappee-vosgienne\/","url":"https:\/\/vosgesinfo.fr\/gerardmerinfo\/2025\/07\/lequipe-cycliste-groupama-fdj-u23-de-passage-a-lechappee-vosgienne\/","name":"L\u2019\u00e9quipe cycliste Groupama-FDJ U23 de passage \u00e0 L\u2019\u00c9chapp\u00e9e Vosgienne - Gerardmer Info","isPartOf":{"@id":"https:\/\/vosgesinfo.fr\/gerardmerinfo\/#website"},"primaryImageOfPage":{"@id":"https:\/\/vosgesinfo.fr\/gerardmerinfo\/2025\/07\/lequipe-cycliste-groupama-fdj-u23-de-passage-a-lechappee-vosgienne\/#primaryimage"},"image":{"@id":"https:\/\/vosgesinfo.fr\/gerardmerinfo\/2025\/07\/lequipe-cycliste-groupama-fdj-u23-de-passage-a-lechappee-vosgienne\/#primaryimage"},"thumbnailUrl":"https:\/\/vosgesinfo.fr\/app\/uploads\/sites\/6\/2025\/07\/echappee-vosgienne-groupama-fdj-gerardmer-2-rotated.jpeg","datePublished":"2025-07-18T11:45:13+00:00","dateModified":"2025-07-18T11:25:31+00:00","breadcrumb":{"@id":"https:\/\/vosgesinfo.fr\/gerardmerinfo\/2025\/07\/lequipe-cycliste-groupama-fdj-u23-de-passage-a-lechappee-vosgienne\/#breadcrumb"},"inLanguage":"fr-FR","potentialAction":[{"@type":"ReadAction","target":["https:\/\/vosgesinfo.fr\/gerardmerinfo\/2025\/07\/lequipe-cycliste-groupama-fdj-u23-de-passage-a-lechappee-vosgienne\/"]}]},{"@type":"ImageObject","inLanguage":"fr-FR","@id":"https:\/\/vosgesinfo.fr\/gerardmerinfo\/2025\/07\/lequipe-cycliste-groupama-fdj-u23-de-passage-a-lechappee-vosgienne\/#primaryimage","url":"https:\/\/vosgesinfo.fr\/app\/uploads\/sites\/6\/2025\/07\/echappee-vosgienne-groupama-fdj-gerardmer-2-rotated.jpeg","contentUrl":"https:\/\/vosgesinfo.fr\/app\/uploads\/sites\/6\/2025\/07\/echappee-vosgienne-groupama-fdj-gerardmer-2-rotated.jpeg","width":1071,"height":1428},{"@type":"BreadcrumbList","@id":"https:\/\/vosgesinfo.fr\/gerardmerinfo\/2025\/07\/lequipe-cycliste-groupama-fdj-u23-de-passage-a-lechappee-vosgienne\/#breadcrumb","itemListElement":[{"@type":"ListItem","position":1,"name":"Home","item":"https:\/\/vosgesinfo.fr\/gerardmerinfo\/"},{"@type":"ListItem","position":2,"name":"L\u2019\u00e9quipe cycliste Groupama-FDJ U23 de passage \u00e0 L\u2019\u00c9chapp\u00e9e Vosgienne"}]},{"@type":"WebSite","@id":"https:\/\/vosgesinfo.fr\/gerardmerinfo\/#website","url":"https:\/\/vosgesinfo.fr\/gerardmerinfo\/","name":"Gerardmer Info","description":"Toute l&#039;actualit\u00e9 de G\u00e9rardmer","publisher":{"@id":"https:\/\/vosgesinfo.fr\/gerardmerinfo\/#organization"},"alternateName":"Toute l'actualit\u00e9 de G\u00e9rardmer","potentialAction":[{"@type":"SearchAction","target":{"@type":"EntryPoint","urlTemplate":"https:\/\/vosgesinfo.fr\/gerardmerinfo\/?s={search_term_string}"},"query-input":"required name=search_term_string"}],"inLanguage":"fr-FR"},{"@type":"Organization","@id":"https:\/\/vosgesinfo.fr\/gerardmerinfo\/#organization","name":"Gerardmer Info","url":"https:\/\/vosgesinfo.fr\/gerardmerinfo\/","logo":{"@type":"ImageObject","inLanguage":"fr-FR","@id":"https:\/\/vosgesinfo.fr\/gerardmerinfo\/#\/schema\/logo\/image\/","url":"https:\/\/vosgesinfo.fr\/app\/uploads\/sites\/6\/2023\/08\/favicon-gerardmerinfo.png","contentUrl":"https:\/\/vosgesinfo.fr\/app\/uploads\/sites\/6\/2023\/08\/favicon-gerardmerinfo.png","width":512,"height":512,"caption":"Gerardmer Info"},"image":{"@id":"https:\/\/vosgesinfo.fr\/gerardmerinfo\/#\/schema\/logo\/image\/"},"sameAs":["https:\/\/www.facebook.com\/profile.php?id=100049475262660","https:\/\/x.com\/VosgesInfo88","https:\/\/www.youtube.com\/@vosgesinfo"]},{"@type":"Person","@id":"https:\/\/vosgesinfo.fr\/gerardmerinfo\/#\/schema\/person\/db5605779a843dad16b5368f3e7613a5","name":"QG","image":{"@type":"ImageObject","inLanguage":"fr-FR","@id":"https:\/\/vosgesinfo.fr\/gerardmerinfo\/#\/schema\/person\/image\/","url":"https:\/\/secure.gravatar.com\/avatar\/ea80c42c204b534408512832fde52504ecabb9706bcb6151cf6175e5b64e6793?s=96&d=mm&r=g","contentUrl":"https:\/\/secure.gravatar.com\/avatar\/ea80c42c204b534408512832fde52504ecabb9706bcb6151cf6175e5b64e6793?s=96&d=mm&r=g","caption":"QG"},"url":"https:\/\/vosgesinfo.fr\/gerardmerinfo\/author\/quentin88\/"}]}},"_links":{"self":[{"href":"https:\/\/vosgesinfo.fr\/gerardmerinfo\/wp-json\/wp\/v2\/posts\/80669","targetHints":{"allow":["GET"]}}],"collection":[{"href":"https:\/\/vosgesinfo.fr\/gerardmerinfo\/wp-json\/wp\/v2\/posts"}],"about":[{"href":"https:\/\/vosgesinfo.fr\/gerardmerinfo\/wp-json\/wp\/v2\/types\/post"}],"author":[{"embeddable":true,"href":"https:\/\/vosgesinfo.fr\/gerardmerinfo\/wp-json\/wp\/v2\/users\/42"}],"replies":[{"embeddable":true,"href":"https:\/\/vosgesinfo.fr\/gerardmerinfo\/wp-json\/wp\/v2\/comments?post=80669"}],"version-history":[{"count":4,"href":"https:\/\/vosgesinfo.fr\/gerardmerinfo\/wp-json\/wp\/v2\/posts\/80669\/revisions"}],"predecessor-version":[{"id":80679,"href":"https:\/\/vosgesinfo.fr\/gerardmerinfo\/wp-json\/wp\/v2\/posts\/80669\/revisions\/80679"}],"wp:featuredmedia":[{"embeddable":true,"href":"https:\/\/vosgesinfo.fr\/gerardmerinfo\/wp-json\/wp\/v2\/media\/80670"}],"wp:attachment":[{"href":"https:\/\/vosgesinfo.fr\/gerardmerinfo\/wp-json\/wp\/v2\/media?parent=80669"}],"wp:term":[{"taxonomy":"category","embeddable":true,"href":"https:\/\/vosgesinfo.fr\/gerardmerinfo\/wp-json\/wp\/v2\/categories?post=80669"},{"taxonomy":"post_tag","embeddable":true,"href":"https:\/\/vosgesinfo.fr\/gerardmerinfo\/wp-json\/wp\/v2\/tags?post=80669"}],"curies":[{"name":"wp","href":"https:\/\/api.w.org\/{rel}","templated":true}]}}