{"id":80674,"date":"2025-07-19T06:02:13","date_gmt":"2025-07-19T04:02:13","guid":{"rendered":"https:\/\/vosgesinfo.fr\/gerardmerinfo\/?p=80674"},"modified":"2025-07-18T13:21:38","modified_gmt":"2025-07-18T11:21:38","slug":"academie-internationale-de-musique-de-gerardmer-des-concerts-a-ne-pas-manquer","status":"publish","type":"post","link":"https:\/\/vosgesinfo.fr\/gerardmerinfo\/2025\/07\/academie-internationale-de-musique-de-gerardmer-des-concerts-a-ne-pas-manquer\/","title":{"rendered":"Acad\u00e9mie Internationale de Musique de G\u00e9rardmer : des concerts \u00e0 ne pas manquer !"},"content":{"rendered":"<p><strong>Comme chaque \u00e9t\u00e9, l\u2019Acad\u00e9mie Internationale de Musique de G\u00e9rardmer est de retour. Cette nouvelle \u00e9dition va se d\u00e9rouler du 16 au 24 ao\u00fbt 2025, et son festival de concerts les vendredi 22 ao\u00fbt, samedi 23 ao\u00fbt et dimanche 24 ao\u00fbt 2025.<\/strong><\/p>\n<p>&nbsp;<\/p>\n<p>L\u2019acad\u00e9mie de musique de G\u00e9rardmer fut cr\u00e9\u00e9e par le quatre fr\u00e8res de la famille Odasso (Jacques, tromboniste, Jean-Pierre trompettiste, Patrick clarinettiste et Gerard bassoniste). Apr\u00e8s 30 ans d\u2019existence, Justine Odasso et Th\u00e9o Bemben ont repris en couple le flambeau, il y 4 ans de l\u2019Acad\u00e9mie Internationale de Musique de G\u00e9rardmer.<\/p>\n<p><a href=\"https:\/\/vosgesinfo.fr\/app\/uploads\/sites\/6\/2025\/07\/laffiche-du-festival-2025.png\"><img decoding=\"async\" class=\"alignright size-medium wp-image-80675\" src=\"https:\/\/vosgesinfo.fr\/app\/uploads\/sites\/6\/2025\/07\/laffiche-du-festival-2025-214x300.png\" alt=\"\" width=\"214\" height=\"300\" srcset=\"https:\/\/vosgesinfo.fr\/app\/uploads\/sites\/6\/2025\/07\/laffiche-du-festival-2025-214x300.png 214w, https:\/\/vosgesinfo.fr\/app\/uploads\/sites\/6\/2025\/07\/laffiche-du-festival-2025-731x1024.png 731w, https:\/\/vosgesinfo.fr\/app\/uploads\/sites\/6\/2025\/07\/laffiche-du-festival-2025-768x1076.png 768w, https:\/\/vosgesinfo.fr\/app\/uploads\/sites\/6\/2025\/07\/laffiche-du-festival-2025-1097x1536.png 1097w, https:\/\/vosgesinfo.fr\/app\/uploads\/sites\/6\/2025\/07\/laffiche-du-festival-2025.png 1428w\" sizes=\"(max-width: 214px) 100vw, 214px\" \/><\/a>Cette ann\u00e9e, l&rsquo;acad\u00e9mie accueille une centaine stagiaires de 9 \u00e0 84 ans dont adultes, venant de France, Allemagne, Belgique avec nombre de vosgiens dans nos rangs.\u00a0 Elle se d\u00e9roule du 16 au 24 ao\u00fbt, avec un Festival de musique \u00e0 la fin m\u00ealant stagiaires et professeurs : un concert jazz au casino de G\u00e9rardmer le vendredi 22 ao\u00fbt, un concert orchestre symphonique et ch\u0153ur samedi 23 (avec \u00e0 la fois du patrimoine avec Buxtehude et Dvorak mais surtout des compositeurs contemporains tels que Dan Forrest ou Bob Chilcott) \u00e0 l\u2019\u00e9glise de G\u00e9rardmer, un concert de Musique de chambre le samedi 23 ao\u00fbt au Kiosque de G\u00e9rardmer, ainsi qu\u2019un concert de restitution le dimanche 24 ao\u00fbt \u00e0 14h30 au casino de G\u00e9rardmer avec \u00e0 la fois orchestre d\u2019harmonie et orchestre symphonique.<\/p>\n<p><strong>L\u2019acad\u00e9mie se d\u00e9roule sur 3 sites avec des cours d\u2019instruments\u00a0:\u00a0<\/strong><\/p>\n<p>Cordes \u00e0 l\u2019ODCVL la Mauselaine (violon, alto, violoncelle, contrebasse). Vents bois et cuivres \u00e0 l\u2019\u00e9cole de musique de g\u00e9rardmer( hautbois, fl\u00fbte, clarinette, trompette, trombone, tuba, basson), et un ch\u0153ur mixte d\u2019une vingtaine de personnes \u00e0 l\u2019\u00e9cole primaire Marie Curie. L\u2019\u00e9quipe enseignante vient de toutes la France (de Lille \u00e0 Marseille en passant par Epinal et nancy,) et de tous horizons (musiciens d\u2019orchestres, jazzman, professeurs dans les conservatoires). C\u2019est avant tout une aventure humaine interg\u00e9n\u00e9rationnelle, familiale, o\u00f9 une \u00e9mulation cr\u00e9e des moments inoubliables, en partageant un r\u00e9pertoire \u00e9clectique, allant du classique aux musiques actuelles (snarky puppy, jazz etc.)<\/p>\n<p>Au fil de son histoire, cette aventure embl\u00e9matique du paysage culturel de G\u00e9rardmer a offert l\u2019opportunit\u00e9 \u00e0 plus de 2500 stagiaires venus de toute la France, mais aussi d\u2019Allemagne, d\u2019Italie, du Luxembourg, du Japon et des \u00c9tats-Unis, de se perfectionner, se produire en concert, et de partager avec de grands professionnels leur amour pour la musique. Pour nombre d\u2019entre eux, leur passion est devenue un m\u00e9tier dans lequel ils peuvent s\u2019\u00e9panouir, ce qui nous touche particuli\u00e8rement. L\u2019acad\u00e9mie s\u2019adresse \u00e0 tous ceux pratiquant un instrument \u00e0 cordes, \u00e0 vent et \u00e0 percussions, pour b\u00e9n\u00e9ficier ensuite \u00e0 la fois de conseil avis\u00e9s de professionnels enseignants et musiciens\u00a0d\u2019orchestre.<\/p>\n<p>Plus d&rsquo;infos sur le site internet de l&rsquo;Acad\u00e9mie :<\/p>\n<p><a href=\"https:\/\/www.academiemusicamille.com\/\" data-saferedirecturl=\"https:\/\/www.google.com\/url?q=https:\/\/www.academiemusicamille.com\/&amp;source=gmail&amp;ust=1752921635450000&amp;usg=AOvVaw231mLrPjAMPK_ug3oUn4Di\">https:\/\/www.academiemusicamille.com\/<\/a><\/p>\n","protected":false},"excerpt":{"rendered":"<p>Comme chaque \u00e9t\u00e9, l\u2019Acad\u00e9mie Internationale de Musique de G\u00e9rardmer est de retour. Cette nouvelle \u00e9dition va se d\u00e9rouler du 16 [&hellip;]<\/p>\n","protected":false},"author":391,"featured_media":80675,"comment_status":"open","ping_status":"open","sticky":false,"template":"","format":"standard","meta":{"footnotes":""},"categories":[20,34,4,878,5647,328,868,946],"tags":[3212],"class_list":["post-80674","post","type-post","status-publish","format-standard","has-post-thumbnail","hentry","category-a-la-une","category-concert","category-culture","category-epinal","category-gerardmer-autres-sites","category-la-plaine-des-vosges","category-remiremont","category-saint-die","tag-academie-de-musique"],"acf":[],"yoast_head":"<!-- This site is optimized with the Yoast SEO plugin v22.5 - https:\/\/yoast.com\/wordpress\/plugins\/seo\/ -->\n<title>Acad\u00e9mie Internationale de Musique de G\u00e9rardmer : des concerts \u00e0 ne pas manquer ! - Gerardmer Info<\/title>\n<meta name=\"robots\" content=\"index, follow, max-snippet:-1, max-image-preview:large, max-video-preview:-1\" \/>\n<link rel=\"canonical\" href=\"https:\/\/vosgesinfo.fr\/gerardmerinfo\/2025\/07\/academie-internationale-de-musique-de-gerardmer-des-concerts-a-ne-pas-manquer\/\" \/>\n<meta name=\"twitter:card\" content=\"summary_large_image\" \/>\n<meta name=\"twitter:title\" content=\"Acad\u00e9mie Internationale de Musique de G\u00e9rardmer : des concerts \u00e0 ne pas manquer ! - Gerardmer Info\" \/>\n<meta name=\"twitter:description\" content=\"Comme chaque \u00e9t\u00e9, l\u2019Acad\u00e9mie Internationale de Musique de G\u00e9rardmer est de retour. Cette nouvelle \u00e9dition va se d\u00e9rouler du 16 [&hellip;]\" \/>\n<meta name=\"twitter:image\" content=\"https:\/\/vosgesinfo.fr\/app\/uploads\/sites\/6\/2025\/07\/laffiche-du-festival-2025.png\" \/>\n<meta name=\"twitter:creator\" content=\"@VosgesInfo88\" \/>\n<meta name=\"twitter:site\" content=\"@VosgesInfo88\" \/>\n<meta name=\"twitter:label1\" content=\"\u00c9crit par\" \/>\n\t<meta name=\"twitter:data1\" content=\"La redaction\" \/>\n\t<meta name=\"twitter:label2\" content=\"Dur\u00e9e de lecture estim\u00e9e\" \/>\n\t<meta name=\"twitter:data2\" content=\"2 minutes\" \/>\n<script type=\"application\/ld+json\" class=\"yoast-schema-graph\">{\"@context\":\"https:\/\/schema.org\",\"@graph\":[{\"@type\":\"Article\",\"@id\":\"https:\/\/vosgesinfo.fr\/gerardmerinfo\/2025\/07\/academie-internationale-de-musique-de-gerardmer-des-concerts-a-ne-pas-manquer\/#article\",\"isPartOf\":{\"@id\":\"https:\/\/vosgesinfo.fr\/gerardmerinfo\/2025\/07\/academie-internationale-de-musique-de-gerardmer-des-concerts-a-ne-pas-manquer\/\"},\"author\":{\"name\":\"La redaction\",\"@id\":\"https:\/\/vosgesinfo.fr\/gerardmerinfo\/#\/schema\/person\/27a3695b06db98895b354c0765cdfc31\"},\"headline\":\"Acad\u00e9mie Internationale de Musique de G\u00e9rardmer : des concerts \u00e0 ne pas manquer !\",\"datePublished\":\"2025-07-19T04:02:13+00:00\",\"dateModified\":\"2025-07-18T11:21:38+00:00\",\"mainEntityOfPage\":{\"@id\":\"https:\/\/vosgesinfo.fr\/gerardmerinfo\/2025\/07\/academie-internationale-de-musique-de-gerardmer-des-concerts-a-ne-pas-manquer\/\"},\"wordCount\":497,\"commentCount\":0,\"publisher\":{\"@id\":\"https:\/\/vosgesinfo.fr\/gerardmerinfo\/#organization\"},\"image\":{\"@id\":\"https:\/\/vosgesinfo.fr\/gerardmerinfo\/2025\/07\/academie-internationale-de-musique-de-gerardmer-des-concerts-a-ne-pas-manquer\/#primaryimage\"},\"thumbnailUrl\":\"https:\/\/vosgesinfo.fr\/app\/uploads\/sites\/6\/2025\/07\/laffiche-du-festival-2025.png\",\"keywords\":[\"acad\u00e9mie de musique\"],\"articleSection\":[\"A la une\",\"Concert\",\"Culture\",\"Epinal\",\"Gerardmer\",\"La plaine des vosges\",\"Remiremont\",\"Saint-di\u00e9\"],\"inLanguage\":\"fr-FR\",\"potentialAction\":[{\"@type\":\"CommentAction\",\"name\":\"Comment\",\"target\":[\"https:\/\/vosgesinfo.fr\/gerardmerinfo\/2025\/07\/academie-internationale-de-musique-de-gerardmer-des-concerts-a-ne-pas-manquer\/#respond\"]}]},{\"@type\":\"WebPage\",\"@id\":\"https:\/\/vosgesinfo.fr\/gerardmerinfo\/2025\/07\/academie-internationale-de-musique-de-gerardmer-des-concerts-a-ne-pas-manquer\/\",\"url\":\"https:\/\/vosgesinfo.fr\/gerardmerinfo\/2025\/07\/academie-internationale-de-musique-de-gerardmer-des-concerts-a-ne-pas-manquer\/\",\"name\":\"Acad\u00e9mie Internationale de Musique de G\u00e9rardmer : des concerts \u00e0 ne pas manquer ! - Gerardmer Info\",\"isPartOf\":{\"@id\":\"https:\/\/vosgesinfo.fr\/gerardmerinfo\/#website\"},\"primaryImageOfPage\":{\"@id\":\"https:\/\/vosgesinfo.fr\/gerardmerinfo\/2025\/07\/academie-internationale-de-musique-de-gerardmer-des-concerts-a-ne-pas-manquer\/#primaryimage\"},\"image\":{\"@id\":\"https:\/\/vosgesinfo.fr\/gerardmerinfo\/2025\/07\/academie-internationale-de-musique-de-gerardmer-des-concerts-a-ne-pas-manquer\/#primaryimage\"},\"thumbnailUrl\":\"https:\/\/vosgesinfo.fr\/app\/uploads\/sites\/6\/2025\/07\/laffiche-du-festival-2025.png\",\"datePublished\":\"2025-07-19T04:02:13+00:00\",\"dateModified\":\"2025-07-18T11:21:38+00:00\",\"breadcrumb\":{\"@id\":\"https:\/\/vosgesinfo.fr\/gerardmerinfo\/2025\/07\/academie-internationale-de-musique-de-gerardmer-des-concerts-a-ne-pas-manquer\/#breadcrumb\"},\"inLanguage\":\"fr-FR\",\"potentialAction\":[{\"@type\":\"ReadAction\",\"target\":[\"https:\/\/vosgesinfo.fr\/gerardmerinfo\/2025\/07\/academie-internationale-de-musique-de-gerardmer-des-concerts-a-ne-pas-manquer\/\"]}]},{\"@type\":\"ImageObject\",\"inLanguage\":\"fr-FR\",\"@id\":\"https:\/\/vosgesinfo.fr\/gerardmerinfo\/2025\/07\/academie-internationale-de-musique-de-gerardmer-des-concerts-a-ne-pas-manquer\/#primaryimage\",\"url\":\"https:\/\/vosgesinfo.fr\/app\/uploads\/sites\/6\/2025\/07\/laffiche-du-festival-2025.png\",\"contentUrl\":\"https:\/\/vosgesinfo.fr\/app\/uploads\/sites\/6\/2025\/07\/laffiche-du-festival-2025.png\",\"width\":1428,\"height\":2000},{\"@type\":\"BreadcrumbList\",\"@id\":\"https:\/\/vosgesinfo.fr\/gerardmerinfo\/2025\/07\/academie-internationale-de-musique-de-gerardmer-des-concerts-a-ne-pas-manquer\/#breadcrumb\",\"itemListElement\":[{\"@type\":\"ListItem\",\"position\":1,\"name\":\"Home\",\"item\":\"https:\/\/vosgesinfo.fr\/gerardmerinfo\/\"},{\"@type\":\"ListItem\",\"position\":2,\"name\":\"Acad\u00e9mie Internationale de Musique de G\u00e9rardmer : des concerts \u00e0 ne pas manquer !\"}]},{\"@type\":\"WebSite\",\"@id\":\"https:\/\/vosgesinfo.fr\/gerardmerinfo\/#website\",\"url\":\"https:\/\/vosgesinfo.fr\/gerardmerinfo\/\",\"name\":\"Gerardmer Info\",\"description\":\"Toute l&#039;actualit\u00e9 de G\u00e9rardmer\",\"publisher\":{\"@id\":\"https:\/\/vosgesinfo.fr\/gerardmerinfo\/#organization\"},\"alternateName\":\"Toute l'actualit\u00e9 de G\u00e9rardmer\",\"potentialAction\":[{\"@type\":\"SearchAction\",\"target\":{\"@type\":\"EntryPoint\",\"urlTemplate\":\"https:\/\/vosgesinfo.fr\/gerardmerinfo\/?s={search_term_string}\"},\"query-input\":\"required name=search_term_string\"}],\"inLanguage\":\"fr-FR\"},{\"@type\":\"Organization\",\"@id\":\"https:\/\/vosgesinfo.fr\/gerardmerinfo\/#organization\",\"name\":\"Gerardmer Info\",\"url\":\"https:\/\/vosgesinfo.fr\/gerardmerinfo\/\",\"logo\":{\"@type\":\"ImageObject\",\"inLanguage\":\"fr-FR\",\"@id\":\"https:\/\/vosgesinfo.fr\/gerardmerinfo\/#\/schema\/logo\/image\/\",\"url\":\"https:\/\/vosgesinfo.fr\/app\/uploads\/sites\/6\/2023\/08\/favicon-gerardmerinfo.png\",\"contentUrl\":\"https:\/\/vosgesinfo.fr\/app\/uploads\/sites\/6\/2023\/08\/favicon-gerardmerinfo.png\",\"width\":512,\"height\":512,\"caption\":\"Gerardmer Info\"},\"image\":{\"@id\":\"https:\/\/vosgesinfo.fr\/gerardmerinfo\/#\/schema\/logo\/image\/\"},\"sameAs\":[\"https:\/\/www.facebook.com\/profile.php?id=100049475262660\",\"https:\/\/x.com\/VosgesInfo88\",\"https:\/\/www.youtube.com\/@vosgesinfo\"]},{\"@type\":\"Person\",\"@id\":\"https:\/\/vosgesinfo.fr\/gerardmerinfo\/#\/schema\/person\/27a3695b06db98895b354c0765cdfc31\",\"name\":\"La redaction\",\"image\":{\"@type\":\"ImageObject\",\"inLanguage\":\"fr-FR\",\"@id\":\"https:\/\/vosgesinfo.fr\/gerardmerinfo\/#\/schema\/person\/image\/\",\"url\":\"https:\/\/secure.gravatar.com\/avatar\/64c76a78e501cedee55736f43f332df901e1896ae9cd8fad269ae2236dd0e8b6?s=96&d=mm&r=g\",\"contentUrl\":\"https:\/\/secure.gravatar.com\/avatar\/64c76a78e501cedee55736f43f332df901e1896ae9cd8fad269ae2236dd0e8b6?s=96&d=mm&r=g\",\"caption\":\"La redaction\"},\"url\":\"https:\/\/vosgesinfo.fr\/gerardmerinfo\/author\/la-redaction\/\"}]}<\/script>\n<!-- \/ Yoast SEO plugin. -->","yoast_head_json":{"title":"Acad\u00e9mie Internationale de Musique de G\u00e9rardmer : des concerts \u00e0 ne pas manquer ! - Gerardmer Info","robots":{"index":"index","follow":"follow","max-snippet":"max-snippet:-1","max-image-preview":"max-image-preview:large","max-video-preview":"max-video-preview:-1"},"canonical":"https:\/\/vosgesinfo.fr\/gerardmerinfo\/2025\/07\/academie-internationale-de-musique-de-gerardmer-des-concerts-a-ne-pas-manquer\/","twitter_card":"summary_large_image","twitter_title":"Acad\u00e9mie Internationale de Musique de G\u00e9rardmer : des concerts \u00e0 ne pas manquer ! - Gerardmer Info","twitter_description":"Comme chaque \u00e9t\u00e9, l\u2019Acad\u00e9mie Internationale de Musique de G\u00e9rardmer est de retour. Cette nouvelle \u00e9dition va se d\u00e9rouler du 16 [&hellip;]","twitter_image":"https:\/\/vosgesinfo.fr\/app\/uploads\/sites\/6\/2025\/07\/laffiche-du-festival-2025.png","twitter_creator":"@VosgesInfo88","twitter_site":"@VosgesInfo88","twitter_misc":{"\u00c9crit par":"La redaction","Dur\u00e9e de lecture estim\u00e9e":"2 minutes"},"schema":{"@context":"https:\/\/schema.org","@graph":[{"@type":"Article","@id":"https:\/\/vosgesinfo.fr\/gerardmerinfo\/2025\/07\/academie-internationale-de-musique-de-gerardmer-des-concerts-a-ne-pas-manquer\/#article","isPartOf":{"@id":"https:\/\/vosgesinfo.fr\/gerardmerinfo\/2025\/07\/academie-internationale-de-musique-de-gerardmer-des-concerts-a-ne-pas-manquer\/"},"author":{"name":"La redaction","@id":"https:\/\/vosgesinfo.fr\/gerardmerinfo\/#\/schema\/person\/27a3695b06db98895b354c0765cdfc31"},"headline":"Acad\u00e9mie Internationale de Musique de G\u00e9rardmer : des concerts \u00e0 ne pas manquer !","datePublished":"2025-07-19T04:02:13+00:00","dateModified":"2025-07-18T11:21:38+00:00","mainEntityOfPage":{"@id":"https:\/\/vosgesinfo.fr\/gerardmerinfo\/2025\/07\/academie-internationale-de-musique-de-gerardmer-des-concerts-a-ne-pas-manquer\/"},"wordCount":497,"commentCount":0,"publisher":{"@id":"https:\/\/vosgesinfo.fr\/gerardmerinfo\/#organization"},"image":{"@id":"https:\/\/vosgesinfo.fr\/gerardmerinfo\/2025\/07\/academie-internationale-de-musique-de-gerardmer-des-concerts-a-ne-pas-manquer\/#primaryimage"},"thumbnailUrl":"https:\/\/vosgesinfo.fr\/app\/uploads\/sites\/6\/2025\/07\/laffiche-du-festival-2025.png","keywords":["acad\u00e9mie de musique"],"articleSection":["A la une","Concert","Culture","Epinal","Gerardmer","La plaine des vosges","Remiremont","Saint-di\u00e9"],"inLanguage":"fr-FR","potentialAction":[{"@type":"CommentAction","name":"Comment","target":["https:\/\/vosgesinfo.fr\/gerardmerinfo\/2025\/07\/academie-internationale-de-musique-de-gerardmer-des-concerts-a-ne-pas-manquer\/#respond"]}]},{"@type":"WebPage","@id":"https:\/\/vosgesinfo.fr\/gerardmerinfo\/2025\/07\/academie-internationale-de-musique-de-gerardmer-des-concerts-a-ne-pas-manquer\/","url":"https:\/\/vosgesinfo.fr\/gerardmerinfo\/2025\/07\/academie-internationale-de-musique-de-gerardmer-des-concerts-a-ne-pas-manquer\/","name":"Acad\u00e9mie Internationale de Musique de G\u00e9rardmer : des concerts \u00e0 ne pas manquer ! - Gerardmer Info","isPartOf":{"@id":"https:\/\/vosgesinfo.fr\/gerardmerinfo\/#website"},"primaryImageOfPage":{"@id":"https:\/\/vosgesinfo.fr\/gerardmerinfo\/2025\/07\/academie-internationale-de-musique-de-gerardmer-des-concerts-a-ne-pas-manquer\/#primaryimage"},"image":{"@id":"https:\/\/vosgesinfo.fr\/gerardmerinfo\/2025\/07\/academie-internationale-de-musique-de-gerardmer-des-concerts-a-ne-pas-manquer\/#primaryimage"},"thumbnailUrl":"https:\/\/vosgesinfo.fr\/app\/uploads\/sites\/6\/2025\/07\/laffiche-du-festival-2025.png","datePublished":"2025-07-19T04:02:13+00:00","dateModified":"2025-07-18T11:21:38+00:00","breadcrumb":{"@id":"https:\/\/vosgesinfo.fr\/gerardmerinfo\/2025\/07\/academie-internationale-de-musique-de-gerardmer-des-concerts-a-ne-pas-manquer\/#breadcrumb"},"inLanguage":"fr-FR","potentialAction":[{"@type":"ReadAction","target":["https:\/\/vosgesinfo.fr\/gerardmerinfo\/2025\/07\/academie-internationale-de-musique-de-gerardmer-des-concerts-a-ne-pas-manquer\/"]}]},{"@type":"ImageObject","inLanguage":"fr-FR","@id":"https:\/\/vosgesinfo.fr\/gerardmerinfo\/2025\/07\/academie-internationale-de-musique-de-gerardmer-des-concerts-a-ne-pas-manquer\/#primaryimage","url":"https:\/\/vosgesinfo.fr\/app\/uploads\/sites\/6\/2025\/07\/laffiche-du-festival-2025.png","contentUrl":"https:\/\/vosgesinfo.fr\/app\/uploads\/sites\/6\/2025\/07\/laffiche-du-festival-2025.png","width":1428,"height":2000},{"@type":"BreadcrumbList","@id":"https:\/\/vosgesinfo.fr\/gerardmerinfo\/2025\/07\/academie-internationale-de-musique-de-gerardmer-des-concerts-a-ne-pas-manquer\/#breadcrumb","itemListElement":[{"@type":"ListItem","position":1,"name":"Home","item":"https:\/\/vosgesinfo.fr\/gerardmerinfo\/"},{"@type":"ListItem","position":2,"name":"Acad\u00e9mie Internationale de Musique de G\u00e9rardmer : des concerts \u00e0 ne pas manquer !"}]},{"@type":"WebSite","@id":"https:\/\/vosgesinfo.fr\/gerardmerinfo\/#website","url":"https:\/\/vosgesinfo.fr\/gerardmerinfo\/","name":"Gerardmer Info","description":"Toute l&#039;actualit\u00e9 de G\u00e9rardmer","publisher":{"@id":"https:\/\/vosgesinfo.fr\/gerardmerinfo\/#organization"},"alternateName":"Toute l'actualit\u00e9 de G\u00e9rardmer","potentialAction":[{"@type":"SearchAction","target":{"@type":"EntryPoint","urlTemplate":"https:\/\/vosgesinfo.fr\/gerardmerinfo\/?s={search_term_string}"},"query-input":"required name=search_term_string"}],"inLanguage":"fr-FR"},{"@type":"Organization","@id":"https:\/\/vosgesinfo.fr\/gerardmerinfo\/#organization","name":"Gerardmer Info","url":"https:\/\/vosgesinfo.fr\/gerardmerinfo\/","logo":{"@type":"ImageObject","inLanguage":"fr-FR","@id":"https:\/\/vosgesinfo.fr\/gerardmerinfo\/#\/schema\/logo\/image\/","url":"https:\/\/vosgesinfo.fr\/app\/uploads\/sites\/6\/2023\/08\/favicon-gerardmerinfo.png","contentUrl":"https:\/\/vosgesinfo.fr\/app\/uploads\/sites\/6\/2023\/08\/favicon-gerardmerinfo.png","width":512,"height":512,"caption":"Gerardmer Info"},"image":{"@id":"https:\/\/vosgesinfo.fr\/gerardmerinfo\/#\/schema\/logo\/image\/"},"sameAs":["https:\/\/www.facebook.com\/profile.php?id=100049475262660","https:\/\/x.com\/VosgesInfo88","https:\/\/www.youtube.com\/@vosgesinfo"]},{"@type":"Person","@id":"https:\/\/vosgesinfo.fr\/gerardmerinfo\/#\/schema\/person\/27a3695b06db98895b354c0765cdfc31","name":"La redaction","image":{"@type":"ImageObject","inLanguage":"fr-FR","@id":"https:\/\/vosgesinfo.fr\/gerardmerinfo\/#\/schema\/person\/image\/","url":"https:\/\/secure.gravatar.com\/avatar\/64c76a78e501cedee55736f43f332df901e1896ae9cd8fad269ae2236dd0e8b6?s=96&d=mm&r=g","contentUrl":"https:\/\/secure.gravatar.com\/avatar\/64c76a78e501cedee55736f43f332df901e1896ae9cd8fad269ae2236dd0e8b6?s=96&d=mm&r=g","caption":"La redaction"},"url":"https:\/\/vosgesinfo.fr\/gerardmerinfo\/author\/la-redaction\/"}]}},"_links":{"self":[{"href":"https:\/\/vosgesinfo.fr\/gerardmerinfo\/wp-json\/wp\/v2\/posts\/80674","targetHints":{"allow":["GET"]}}],"collection":[{"href":"https:\/\/vosgesinfo.fr\/gerardmerinfo\/wp-json\/wp\/v2\/posts"}],"about":[{"href":"https:\/\/vosgesinfo.fr\/gerardmerinfo\/wp-json\/wp\/v2\/types\/post"}],"author":[{"embeddable":true,"href":"https:\/\/vosgesinfo.fr\/gerardmerinfo\/wp-json\/wp\/v2\/users\/391"}],"replies":[{"embeddable":true,"href":"https:\/\/vosgesinfo.fr\/gerardmerinfo\/wp-json\/wp\/v2\/comments?post=80674"}],"version-history":[{"count":1,"href":"https:\/\/vosgesinfo.fr\/gerardmerinfo\/wp-json\/wp\/v2\/posts\/80674\/revisions"}],"predecessor-version":[{"id":80676,"href":"https:\/\/vosgesinfo.fr\/gerardmerinfo\/wp-json\/wp\/v2\/posts\/80674\/revisions\/80676"}],"wp:featuredmedia":[{"embeddable":true,"href":"https:\/\/vosgesinfo.fr\/gerardmerinfo\/wp-json\/wp\/v2\/media\/80675"}],"wp:attachment":[{"href":"https:\/\/vosgesinfo.fr\/gerardmerinfo\/wp-json\/wp\/v2\/media?parent=80674"}],"wp:term":[{"taxonomy":"category","embeddable":true,"href":"https:\/\/vosgesinfo.fr\/gerardmerinfo\/wp-json\/wp\/v2\/categories?post=80674"},{"taxonomy":"post_tag","embeddable":true,"href":"https:\/\/vosgesinfo.fr\/gerardmerinfo\/wp-json\/wp\/v2\/tags?post=80674"}],"curies":[{"name":"wp","href":"https:\/\/api.w.org\/{rel}","templated":true}]}}