{"id":8068,"date":"2024-04-14T20:37:52","date_gmt":"2024-04-14T18:37:52","guid":{"rendered":"https:\/\/vosgesinfo.fr\/gerardmerinfo\/?p=8068"},"modified":"2024-04-14T20:41:28","modified_gmt":"2024-04-14T18:41:28","slug":"petite-vadrouille-avec-bruno-podalydes-et-sa-troupe-pour-conclure-les-rencontre-du-cinema","status":"publish","type":"post","link":"https:\/\/vosgesinfo.fr\/gerardmerinfo\/2024\/04\/petite-vadrouille-avec-bruno-podalydes-et-sa-troupe-pour-conclure-les-rencontre-du-cinema\/","title":{"rendered":"Petite vadrouille avec Bruno Podalyd\u00e8s et sa troupe pour conclure les rencontre du Cin\u00e9ma"},"content":{"rendered":"<div id=\"attachment_8070\" style=\"width: 696px\" class=\"wp-caption aligncenter\"><a href=\"https:\/\/vosgesinfo.fr\/app\/uploads\/sites\/6\/2024\/04\/bruno-podalydes-rencontres-du-cinema-gerardmer-2-scaled.jpg\"><img decoding=\"async\" aria-describedby=\"caption-attachment-8070\" class=\" wp-image-8070\" src=\"https:\/\/vosgesinfo.fr\/app\/uploads\/sites\/6\/2024\/04\/bruno-podalydes-rencontres-du-cinema-gerardmer-2-1024x576.jpg\" alt=\"\" width=\"686\" height=\"386\" srcset=\"https:\/\/vosgesinfo.fr\/app\/uploads\/sites\/6\/2024\/04\/bruno-podalydes-rencontres-du-cinema-gerardmer-2-1024x576.jpg 1024w, https:\/\/vosgesinfo.fr\/app\/uploads\/sites\/6\/2024\/04\/bruno-podalydes-rencontres-du-cinema-gerardmer-2-300x169.jpg 300w, https:\/\/vosgesinfo.fr\/app\/uploads\/sites\/6\/2024\/04\/bruno-podalydes-rencontres-du-cinema-gerardmer-2-768x432.jpg 768w, https:\/\/vosgesinfo.fr\/app\/uploads\/sites\/6\/2024\/04\/bruno-podalydes-rencontres-du-cinema-gerardmer-2-1536x864.jpg 1536w, https:\/\/vosgesinfo.fr\/app\/uploads\/sites\/6\/2024\/04\/bruno-podalydes-rencontres-du-cinema-gerardmer-2-2048x1152.jpg 2048w\" sizes=\"(max-width: 686px) 100vw, 686px\" \/><\/a><p id=\"caption-attachment-8070\" class=\"wp-caption-text\">B. Podalyd\u00e8s.<\/p><\/div>\n<p>&nbsp;<\/p>\n<p>S&rsquo;il y avait encore deux s\u00e9ances au programme ce vendredi matin, les Rencontres du Cin\u00e9ma de G\u00e9rardmer s&rsquo;achevait officiellement ce jeudi soir avec la projection en avant-premi\u00e8re du nouveau film de Bruno Podalyd\u00e8s, \u00ab\u00a0La Petite Vadrouille\u00a0\u00bb qui a semble-t-il ravi le public pr\u00e9sent avec son humour loufoque et d\u00e9cal\u00e9.<\/p>\n<p><a href=\"https:\/\/vosgesinfo.fr\/app\/uploads\/sites\/6\/2024\/04\/bruno-podalydes-rencontres-du-cinema-gerardmer-1-scaled.jpg\"><img decoding=\"async\" class=\"alignright size-medium wp-image-8069\" src=\"https:\/\/vosgesinfo.fr\/app\/uploads\/sites\/6\/2024\/04\/bruno-podalydes-rencontres-du-cinema-gerardmer-1-300x169.jpg\" alt=\"\" width=\"300\" height=\"169\" srcset=\"https:\/\/vosgesinfo.fr\/app\/uploads\/sites\/6\/2024\/04\/bruno-podalydes-rencontres-du-cinema-gerardmer-1-300x169.jpg 300w, https:\/\/vosgesinfo.fr\/app\/uploads\/sites\/6\/2024\/04\/bruno-podalydes-rencontres-du-cinema-gerardmer-1-1024x576.jpg 1024w, https:\/\/vosgesinfo.fr\/app\/uploads\/sites\/6\/2024\/04\/bruno-podalydes-rencontres-du-cinema-gerardmer-1-768x432.jpg 768w, https:\/\/vosgesinfo.fr\/app\/uploads\/sites\/6\/2024\/04\/bruno-podalydes-rencontres-du-cinema-gerardmer-1-1536x864.jpg 1536w, https:\/\/vosgesinfo.fr\/app\/uploads\/sites\/6\/2024\/04\/bruno-podalydes-rencontres-du-cinema-gerardmer-1-2048x1152.jpg 2048w\" sizes=\"(max-width: 300px) 100vw, 300px\" \/><\/a>Bruno Podalyd\u00e8s nous livre donc une nouvelle com\u00e9die dont il a le secret \u00e0 travers une lente d\u00e9couverte des r\u00e9seaux fluviaux en compagnie d&rsquo;une \u00e9quipe de bras cass\u00e9s incarn\u00e9s par lui-m\u00eame en capitaine de p\u00e9nichette impliqu\u00e9, et d&rsquo;un casting compos\u00e9 en grande partie de proches, \u00e0 l&rsquo;image de son fr\u00e8re Denis ou de Sandrine Kiberlain, \u00ab\u00a0qui rendrait cr\u00e9dible n&rsquo;importe qu&rsquo;elle r\u00e9plique mal \u00e9crite !\u00a0\u00bb pour reprendre les mots du r\u00e9alisateur. A cette \u00e9quipe vient s&rsquo;ajouter l&rsquo;improbable Daniel Auteuil, dont l&rsquo;enthousiasme transpire \u00e0 l&rsquo;\u00e9cran et qui a su rendre son personnage attachant tout en lui donnant de la finesse et de l&rsquo;all\u00e9gresse. Il y a donc des anciens et des nouveaux venus pour ce nouvel opus pour le moins original. Tous ces acteurs s&rsquo;\u00e9clatent et font preuve de spontan\u00e9it\u00e9 dans un film choral et tr\u00e8s th\u00e9\u00e2tral, o\u00f9 l&rsquo;on passe d&rsquo;\u00e9cluse en \u00e9cluse comme on passe d&rsquo;un acte \u00e0 un autre, le rideau s&rsquo;ouvrant sur un nouveau bief, les com\u00e9diens changeant parfois de costume, le tout annonc\u00e9 au micro sur le bateau faisant office de sc\u00e8ne par le capitaine Podalyd\u00e8s&#8230; Un salut th\u00e9\u00e2tral vient m\u00eame cl\u00f4turer l&rsquo;histoire, tout y est !<\/p>\n<p>Vous serez donc s\u00e9duit ou non par ce parti pris et cette originalit\u00e9, mais on ne pourra pas reprocher au r\u00e9alisateur d&rsquo;avoir \u00e9t\u00e9 au bout de son id\u00e9e et de son projet ! Ici, \u00e0 G\u00e9rardmer, on se souviendra que le film s&rsquo;est av\u00e9r\u00e9 un choix judicieux pour cl\u00f4turer ces 26\u00e8me Rencontres du Cin\u00e9ma ponctu\u00e9 des remerciements d&rsquo;usage de la directrice de l&rsquo;Office de Tourisme Florence Dupont aux partenaire de l\u2019\u00e9v\u00e8nement, \u00e0 l&rsquo;\u00e9quipe des projectionnistes ainsi qu&rsquo;aux b\u00e9n\u00e9voles de la MCL.<\/p>\n<p><a href=\"https:\/\/vosgesinfo.fr\/app\/uploads\/sites\/6\/2024\/04\/pxl-20240411-174058105-scaled.jpg\"><img decoding=\"async\" class=\"aligncenter size-large wp-image-8072\" src=\"https:\/\/vosgesinfo.fr\/app\/uploads\/sites\/6\/2024\/04\/pxl-20240411-174058105-1024x576.jpg\" alt=\"\" width=\"1024\" height=\"576\" srcset=\"https:\/\/vosgesinfo.fr\/app\/uploads\/sites\/6\/2024\/04\/pxl-20240411-174058105-1024x576.jpg 1024w, https:\/\/vosgesinfo.fr\/app\/uploads\/sites\/6\/2024\/04\/pxl-20240411-174058105-300x169.jpg 300w, https:\/\/vosgesinfo.fr\/app\/uploads\/sites\/6\/2024\/04\/pxl-20240411-174058105-768x432.jpg 768w, https:\/\/vosgesinfo.fr\/app\/uploads\/sites\/6\/2024\/04\/pxl-20240411-174058105-1536x864.jpg 1536w, https:\/\/vosgesinfo.fr\/app\/uploads\/sites\/6\/2024\/04\/pxl-20240411-174058105-2048x1152.jpg 2048w\" sizes=\"(max-width: 1024px) 100vw, 1024px\" \/><\/a><\/p>\n","protected":false},"excerpt":{"rendered":"<p>&nbsp; S&rsquo;il y avait encore deux s\u00e9ances au programme ce vendredi matin, les Rencontres du Cin\u00e9ma de G\u00e9rardmer s&rsquo;achevait officiellement [&hellip;]<\/p>\n","protected":false},"author":42,"featured_media":8070,"comment_status":"open","ping_status":"open","sticky":false,"template":"","format":"standard","meta":{"footnotes":""},"categories":[20,4,25,18],"tags":[],"class_list":["post-8068","post","type-post","status-publish","format-standard","has-post-thumbnail","hentry","category-a-la-une","category-culture","category-gerardmer","category-vosges"],"acf":[],"yoast_head":"<!-- This site is optimized with the Yoast SEO plugin v22.5 - https:\/\/yoast.com\/wordpress\/plugins\/seo\/ -->\n<title>Petite vadrouille avec Bruno Podalyd\u00e8s et sa troupe pour conclure les rencontre du Cin\u00e9ma - Gerardmer Info<\/title>\n<meta name=\"robots\" content=\"index, follow, max-snippet:-1, max-image-preview:large, max-video-preview:-1\" \/>\n<link rel=\"canonical\" href=\"https:\/\/vosgesinfo.fr\/gerardmerinfo\/2024\/04\/petite-vadrouille-avec-bruno-podalydes-et-sa-troupe-pour-conclure-les-rencontre-du-cinema\/\" \/>\n<meta name=\"twitter:card\" content=\"summary_large_image\" \/>\n<meta name=\"twitter:title\" content=\"Petite vadrouille avec Bruno Podalyd\u00e8s et sa troupe pour conclure les rencontre du Cin\u00e9ma - Gerardmer Info\" \/>\n<meta name=\"twitter:description\" content=\"&nbsp; S&rsquo;il y avait encore deux s\u00e9ances au programme ce vendredi matin, les Rencontres du Cin\u00e9ma de G\u00e9rardmer s&rsquo;achevait officiellement [&hellip;]\" \/>\n<meta name=\"twitter:image\" content=\"https:\/\/vosgesinfo.fr\/app\/uploads\/sites\/6\/2024\/04\/bruno-podalydes-rencontres-du-cinema-gerardmer-2-scaled.jpg\" \/>\n<meta name=\"twitter:creator\" content=\"@VosgesInfo88\" \/>\n<meta name=\"twitter:site\" content=\"@VosgesInfo88\" \/>\n<meta name=\"twitter:label1\" content=\"\u00c9crit par\" \/>\n\t<meta name=\"twitter:data1\" content=\"QG\" \/>\n\t<meta name=\"twitter:label2\" content=\"Dur\u00e9e de lecture estim\u00e9e\" \/>\n\t<meta name=\"twitter:data2\" content=\"2 minutes\" \/>\n<script type=\"application\/ld+json\" class=\"yoast-schema-graph\">{\"@context\":\"https:\/\/schema.org\",\"@graph\":[{\"@type\":\"Article\",\"@id\":\"https:\/\/vosgesinfo.fr\/gerardmerinfo\/2024\/04\/petite-vadrouille-avec-bruno-podalydes-et-sa-troupe-pour-conclure-les-rencontre-du-cinema\/#article\",\"isPartOf\":{\"@id\":\"https:\/\/vosgesinfo.fr\/gerardmerinfo\/2024\/04\/petite-vadrouille-avec-bruno-podalydes-et-sa-troupe-pour-conclure-les-rencontre-du-cinema\/\"},\"author\":{\"name\":\"QG\",\"@id\":\"https:\/\/vosgesinfo.fr\/gerardmerinfo\/#\/schema\/person\/db5605779a843dad16b5368f3e7613a5\"},\"headline\":\"Petite vadrouille avec Bruno Podalyd\u00e8s et sa troupe pour conclure les rencontre du Cin\u00e9ma\",\"datePublished\":\"2024-04-14T18:37:52+00:00\",\"dateModified\":\"2024-04-14T18:41:28+00:00\",\"mainEntityOfPage\":{\"@id\":\"https:\/\/vosgesinfo.fr\/gerardmerinfo\/2024\/04\/petite-vadrouille-avec-bruno-podalydes-et-sa-troupe-pour-conclure-les-rencontre-du-cinema\/\"},\"wordCount\":401,\"commentCount\":0,\"publisher\":{\"@id\":\"https:\/\/vosgesinfo.fr\/gerardmerinfo\/#organization\"},\"image\":{\"@id\":\"https:\/\/vosgesinfo.fr\/gerardmerinfo\/2024\/04\/petite-vadrouille-avec-bruno-podalydes-et-sa-troupe-pour-conclure-les-rencontre-du-cinema\/#primaryimage\"},\"thumbnailUrl\":\"https:\/\/vosgesinfo.fr\/app\/uploads\/sites\/6\/2024\/04\/bruno-podalydes-rencontres-du-cinema-gerardmer-2-scaled.jpg\",\"articleSection\":[\"A la une\",\"Culture\",\"G\u00e9rardmer\",\"Vosges\"],\"inLanguage\":\"fr-FR\",\"potentialAction\":[{\"@type\":\"CommentAction\",\"name\":\"Comment\",\"target\":[\"https:\/\/vosgesinfo.fr\/gerardmerinfo\/2024\/04\/petite-vadrouille-avec-bruno-podalydes-et-sa-troupe-pour-conclure-les-rencontre-du-cinema\/#respond\"]}]},{\"@type\":\"WebPage\",\"@id\":\"https:\/\/vosgesinfo.fr\/gerardmerinfo\/2024\/04\/petite-vadrouille-avec-bruno-podalydes-et-sa-troupe-pour-conclure-les-rencontre-du-cinema\/\",\"url\":\"https:\/\/vosgesinfo.fr\/gerardmerinfo\/2024\/04\/petite-vadrouille-avec-bruno-podalydes-et-sa-troupe-pour-conclure-les-rencontre-du-cinema\/\",\"name\":\"Petite vadrouille avec Bruno Podalyd\u00e8s et sa troupe pour conclure les rencontre du Cin\u00e9ma - Gerardmer Info\",\"isPartOf\":{\"@id\":\"https:\/\/vosgesinfo.fr\/gerardmerinfo\/#website\"},\"primaryImageOfPage\":{\"@id\":\"https:\/\/vosgesinfo.fr\/gerardmerinfo\/2024\/04\/petite-vadrouille-avec-bruno-podalydes-et-sa-troupe-pour-conclure-les-rencontre-du-cinema\/#primaryimage\"},\"image\":{\"@id\":\"https:\/\/vosgesinfo.fr\/gerardmerinfo\/2024\/04\/petite-vadrouille-avec-bruno-podalydes-et-sa-troupe-pour-conclure-les-rencontre-du-cinema\/#primaryimage\"},\"thumbnailUrl\":\"https:\/\/vosgesinfo.fr\/app\/uploads\/sites\/6\/2024\/04\/bruno-podalydes-rencontres-du-cinema-gerardmer-2-scaled.jpg\",\"datePublished\":\"2024-04-14T18:37:52+00:00\",\"dateModified\":\"2024-04-14T18:41:28+00:00\",\"breadcrumb\":{\"@id\":\"https:\/\/vosgesinfo.fr\/gerardmerinfo\/2024\/04\/petite-vadrouille-avec-bruno-podalydes-et-sa-troupe-pour-conclure-les-rencontre-du-cinema\/#breadcrumb\"},\"inLanguage\":\"fr-FR\",\"potentialAction\":[{\"@type\":\"ReadAction\",\"target\":[\"https:\/\/vosgesinfo.fr\/gerardmerinfo\/2024\/04\/petite-vadrouille-avec-bruno-podalydes-et-sa-troupe-pour-conclure-les-rencontre-du-cinema\/\"]}]},{\"@type\":\"ImageObject\",\"inLanguage\":\"fr-FR\",\"@id\":\"https:\/\/vosgesinfo.fr\/gerardmerinfo\/2024\/04\/petite-vadrouille-avec-bruno-podalydes-et-sa-troupe-pour-conclure-les-rencontre-du-cinema\/#primaryimage\",\"url\":\"https:\/\/vosgesinfo.fr\/app\/uploads\/sites\/6\/2024\/04\/bruno-podalydes-rencontres-du-cinema-gerardmer-2-scaled.jpg\",\"contentUrl\":\"https:\/\/vosgesinfo.fr\/app\/uploads\/sites\/6\/2024\/04\/bruno-podalydes-rencontres-du-cinema-gerardmer-2-scaled.jpg\",\"width\":2560,\"height\":1440,\"caption\":\"B. Podalyd\u00e8s.\"},{\"@type\":\"BreadcrumbList\",\"@id\":\"https:\/\/vosgesinfo.fr\/gerardmerinfo\/2024\/04\/petite-vadrouille-avec-bruno-podalydes-et-sa-troupe-pour-conclure-les-rencontre-du-cinema\/#breadcrumb\",\"itemListElement\":[{\"@type\":\"ListItem\",\"position\":1,\"name\":\"Home\",\"item\":\"https:\/\/vosgesinfo.fr\/gerardmerinfo\/\"},{\"@type\":\"ListItem\",\"position\":2,\"name\":\"Petite vadrouille avec Bruno Podalyd\u00e8s et sa troupe pour conclure les rencontre du Cin\u00e9ma\"}]},{\"@type\":\"WebSite\",\"@id\":\"https:\/\/vosgesinfo.fr\/gerardmerinfo\/#website\",\"url\":\"https:\/\/vosgesinfo.fr\/gerardmerinfo\/\",\"name\":\"Gerardmer Info\",\"description\":\"Toute l&#039;actualit\u00e9 de G\u00e9rardmer\",\"publisher\":{\"@id\":\"https:\/\/vosgesinfo.fr\/gerardmerinfo\/#organization\"},\"alternateName\":\"Toute l'actualit\u00e9 de G\u00e9rardmer\",\"potentialAction\":[{\"@type\":\"SearchAction\",\"target\":{\"@type\":\"EntryPoint\",\"urlTemplate\":\"https:\/\/vosgesinfo.fr\/gerardmerinfo\/?s={search_term_string}\"},\"query-input\":\"required name=search_term_string\"}],\"inLanguage\":\"fr-FR\"},{\"@type\":\"Organization\",\"@id\":\"https:\/\/vosgesinfo.fr\/gerardmerinfo\/#organization\",\"name\":\"Gerardmer Info\",\"url\":\"https:\/\/vosgesinfo.fr\/gerardmerinfo\/\",\"logo\":{\"@type\":\"ImageObject\",\"inLanguage\":\"fr-FR\",\"@id\":\"https:\/\/vosgesinfo.fr\/gerardmerinfo\/#\/schema\/logo\/image\/\",\"url\":\"https:\/\/vosgesinfo.fr\/app\/uploads\/sites\/6\/2023\/08\/favicon-gerardmerinfo.png\",\"contentUrl\":\"https:\/\/vosgesinfo.fr\/app\/uploads\/sites\/6\/2023\/08\/favicon-gerardmerinfo.png\",\"width\":512,\"height\":512,\"caption\":\"Gerardmer Info\"},\"image\":{\"@id\":\"https:\/\/vosgesinfo.fr\/gerardmerinfo\/#\/schema\/logo\/image\/\"},\"sameAs\":[\"https:\/\/www.facebook.com\/profile.php?id=100049475262660\",\"https:\/\/x.com\/VosgesInfo88\",\"https:\/\/www.youtube.com\/@vosgesinfo\"]},{\"@type\":\"Person\",\"@id\":\"https:\/\/vosgesinfo.fr\/gerardmerinfo\/#\/schema\/person\/db5605779a843dad16b5368f3e7613a5\",\"name\":\"QG\",\"image\":{\"@type\":\"ImageObject\",\"inLanguage\":\"fr-FR\",\"@id\":\"https:\/\/vosgesinfo.fr\/gerardmerinfo\/#\/schema\/person\/image\/\",\"url\":\"https:\/\/secure.gravatar.com\/avatar\/ea80c42c204b534408512832fde52504ecabb9706bcb6151cf6175e5b64e6793?s=96&d=mm&r=g\",\"contentUrl\":\"https:\/\/secure.gravatar.com\/avatar\/ea80c42c204b534408512832fde52504ecabb9706bcb6151cf6175e5b64e6793?s=96&d=mm&r=g\",\"caption\":\"QG\"},\"url\":\"https:\/\/vosgesinfo.fr\/gerardmerinfo\/author\/quentin88\/\"}]}<\/script>\n<!-- \/ Yoast SEO plugin. -->","yoast_head_json":{"title":"Petite vadrouille avec Bruno Podalyd\u00e8s et sa troupe pour conclure les rencontre du Cin\u00e9ma - Gerardmer Info","robots":{"index":"index","follow":"follow","max-snippet":"max-snippet:-1","max-image-preview":"max-image-preview:large","max-video-preview":"max-video-preview:-1"},"canonical":"https:\/\/vosgesinfo.fr\/gerardmerinfo\/2024\/04\/petite-vadrouille-avec-bruno-podalydes-et-sa-troupe-pour-conclure-les-rencontre-du-cinema\/","twitter_card":"summary_large_image","twitter_title":"Petite vadrouille avec Bruno Podalyd\u00e8s et sa troupe pour conclure les rencontre du Cin\u00e9ma - Gerardmer Info","twitter_description":"&nbsp; S&rsquo;il y avait encore deux s\u00e9ances au programme ce vendredi matin, les Rencontres du Cin\u00e9ma de G\u00e9rardmer s&rsquo;achevait officiellement [&hellip;]","twitter_image":"https:\/\/vosgesinfo.fr\/app\/uploads\/sites\/6\/2024\/04\/bruno-podalydes-rencontres-du-cinema-gerardmer-2-scaled.jpg","twitter_creator":"@VosgesInfo88","twitter_site":"@VosgesInfo88","twitter_misc":{"\u00c9crit par":"QG","Dur\u00e9e de lecture estim\u00e9e":"2 minutes"},"schema":{"@context":"https:\/\/schema.org","@graph":[{"@type":"Article","@id":"https:\/\/vosgesinfo.fr\/gerardmerinfo\/2024\/04\/petite-vadrouille-avec-bruno-podalydes-et-sa-troupe-pour-conclure-les-rencontre-du-cinema\/#article","isPartOf":{"@id":"https:\/\/vosgesinfo.fr\/gerardmerinfo\/2024\/04\/petite-vadrouille-avec-bruno-podalydes-et-sa-troupe-pour-conclure-les-rencontre-du-cinema\/"},"author":{"name":"QG","@id":"https:\/\/vosgesinfo.fr\/gerardmerinfo\/#\/schema\/person\/db5605779a843dad16b5368f3e7613a5"},"headline":"Petite vadrouille avec Bruno Podalyd\u00e8s et sa troupe pour conclure les rencontre du Cin\u00e9ma","datePublished":"2024-04-14T18:37:52+00:00","dateModified":"2024-04-14T18:41:28+00:00","mainEntityOfPage":{"@id":"https:\/\/vosgesinfo.fr\/gerardmerinfo\/2024\/04\/petite-vadrouille-avec-bruno-podalydes-et-sa-troupe-pour-conclure-les-rencontre-du-cinema\/"},"wordCount":401,"commentCount":0,"publisher":{"@id":"https:\/\/vosgesinfo.fr\/gerardmerinfo\/#organization"},"image":{"@id":"https:\/\/vosgesinfo.fr\/gerardmerinfo\/2024\/04\/petite-vadrouille-avec-bruno-podalydes-et-sa-troupe-pour-conclure-les-rencontre-du-cinema\/#primaryimage"},"thumbnailUrl":"https:\/\/vosgesinfo.fr\/app\/uploads\/sites\/6\/2024\/04\/bruno-podalydes-rencontres-du-cinema-gerardmer-2-scaled.jpg","articleSection":["A la une","Culture","G\u00e9rardmer","Vosges"],"inLanguage":"fr-FR","potentialAction":[{"@type":"CommentAction","name":"Comment","target":["https:\/\/vosgesinfo.fr\/gerardmerinfo\/2024\/04\/petite-vadrouille-avec-bruno-podalydes-et-sa-troupe-pour-conclure-les-rencontre-du-cinema\/#respond"]}]},{"@type":"WebPage","@id":"https:\/\/vosgesinfo.fr\/gerardmerinfo\/2024\/04\/petite-vadrouille-avec-bruno-podalydes-et-sa-troupe-pour-conclure-les-rencontre-du-cinema\/","url":"https:\/\/vosgesinfo.fr\/gerardmerinfo\/2024\/04\/petite-vadrouille-avec-bruno-podalydes-et-sa-troupe-pour-conclure-les-rencontre-du-cinema\/","name":"Petite vadrouille avec Bruno Podalyd\u00e8s et sa troupe pour conclure les rencontre du Cin\u00e9ma - Gerardmer Info","isPartOf":{"@id":"https:\/\/vosgesinfo.fr\/gerardmerinfo\/#website"},"primaryImageOfPage":{"@id":"https:\/\/vosgesinfo.fr\/gerardmerinfo\/2024\/04\/petite-vadrouille-avec-bruno-podalydes-et-sa-troupe-pour-conclure-les-rencontre-du-cinema\/#primaryimage"},"image":{"@id":"https:\/\/vosgesinfo.fr\/gerardmerinfo\/2024\/04\/petite-vadrouille-avec-bruno-podalydes-et-sa-troupe-pour-conclure-les-rencontre-du-cinema\/#primaryimage"},"thumbnailUrl":"https:\/\/vosgesinfo.fr\/app\/uploads\/sites\/6\/2024\/04\/bruno-podalydes-rencontres-du-cinema-gerardmer-2-scaled.jpg","datePublished":"2024-04-14T18:37:52+00:00","dateModified":"2024-04-14T18:41:28+00:00","breadcrumb":{"@id":"https:\/\/vosgesinfo.fr\/gerardmerinfo\/2024\/04\/petite-vadrouille-avec-bruno-podalydes-et-sa-troupe-pour-conclure-les-rencontre-du-cinema\/#breadcrumb"},"inLanguage":"fr-FR","potentialAction":[{"@type":"ReadAction","target":["https:\/\/vosgesinfo.fr\/gerardmerinfo\/2024\/04\/petite-vadrouille-avec-bruno-podalydes-et-sa-troupe-pour-conclure-les-rencontre-du-cinema\/"]}]},{"@type":"ImageObject","inLanguage":"fr-FR","@id":"https:\/\/vosgesinfo.fr\/gerardmerinfo\/2024\/04\/petite-vadrouille-avec-bruno-podalydes-et-sa-troupe-pour-conclure-les-rencontre-du-cinema\/#primaryimage","url":"https:\/\/vosgesinfo.fr\/app\/uploads\/sites\/6\/2024\/04\/bruno-podalydes-rencontres-du-cinema-gerardmer-2-scaled.jpg","contentUrl":"https:\/\/vosgesinfo.fr\/app\/uploads\/sites\/6\/2024\/04\/bruno-podalydes-rencontres-du-cinema-gerardmer-2-scaled.jpg","width":2560,"height":1440,"caption":"B. Podalyd\u00e8s."},{"@type":"BreadcrumbList","@id":"https:\/\/vosgesinfo.fr\/gerardmerinfo\/2024\/04\/petite-vadrouille-avec-bruno-podalydes-et-sa-troupe-pour-conclure-les-rencontre-du-cinema\/#breadcrumb","itemListElement":[{"@type":"ListItem","position":1,"name":"Home","item":"https:\/\/vosgesinfo.fr\/gerardmerinfo\/"},{"@type":"ListItem","position":2,"name":"Petite vadrouille avec Bruno Podalyd\u00e8s et sa troupe pour conclure les rencontre du Cin\u00e9ma"}]},{"@type":"WebSite","@id":"https:\/\/vosgesinfo.fr\/gerardmerinfo\/#website","url":"https:\/\/vosgesinfo.fr\/gerardmerinfo\/","name":"Gerardmer Info","description":"Toute l&#039;actualit\u00e9 de G\u00e9rardmer","publisher":{"@id":"https:\/\/vosgesinfo.fr\/gerardmerinfo\/#organization"},"alternateName":"Toute l'actualit\u00e9 de G\u00e9rardmer","potentialAction":[{"@type":"SearchAction","target":{"@type":"EntryPoint","urlTemplate":"https:\/\/vosgesinfo.fr\/gerardmerinfo\/?s={search_term_string}"},"query-input":"required name=search_term_string"}],"inLanguage":"fr-FR"},{"@type":"Organization","@id":"https:\/\/vosgesinfo.fr\/gerardmerinfo\/#organization","name":"Gerardmer Info","url":"https:\/\/vosgesinfo.fr\/gerardmerinfo\/","logo":{"@type":"ImageObject","inLanguage":"fr-FR","@id":"https:\/\/vosgesinfo.fr\/gerardmerinfo\/#\/schema\/logo\/image\/","url":"https:\/\/vosgesinfo.fr\/app\/uploads\/sites\/6\/2023\/08\/favicon-gerardmerinfo.png","contentUrl":"https:\/\/vosgesinfo.fr\/app\/uploads\/sites\/6\/2023\/08\/favicon-gerardmerinfo.png","width":512,"height":512,"caption":"Gerardmer Info"},"image":{"@id":"https:\/\/vosgesinfo.fr\/gerardmerinfo\/#\/schema\/logo\/image\/"},"sameAs":["https:\/\/www.facebook.com\/profile.php?id=100049475262660","https:\/\/x.com\/VosgesInfo88","https:\/\/www.youtube.com\/@vosgesinfo"]},{"@type":"Person","@id":"https:\/\/vosgesinfo.fr\/gerardmerinfo\/#\/schema\/person\/db5605779a843dad16b5368f3e7613a5","name":"QG","image":{"@type":"ImageObject","inLanguage":"fr-FR","@id":"https:\/\/vosgesinfo.fr\/gerardmerinfo\/#\/schema\/person\/image\/","url":"https:\/\/secure.gravatar.com\/avatar\/ea80c42c204b534408512832fde52504ecabb9706bcb6151cf6175e5b64e6793?s=96&d=mm&r=g","contentUrl":"https:\/\/secure.gravatar.com\/avatar\/ea80c42c204b534408512832fde52504ecabb9706bcb6151cf6175e5b64e6793?s=96&d=mm&r=g","caption":"QG"},"url":"https:\/\/vosgesinfo.fr\/gerardmerinfo\/author\/quentin88\/"}]}},"_links":{"self":[{"href":"https:\/\/vosgesinfo.fr\/gerardmerinfo\/wp-json\/wp\/v2\/posts\/8068","targetHints":{"allow":["GET"]}}],"collection":[{"href":"https:\/\/vosgesinfo.fr\/gerardmerinfo\/wp-json\/wp\/v2\/posts"}],"about":[{"href":"https:\/\/vosgesinfo.fr\/gerardmerinfo\/wp-json\/wp\/v2\/types\/post"}],"author":[{"embeddable":true,"href":"https:\/\/vosgesinfo.fr\/gerardmerinfo\/wp-json\/wp\/v2\/users\/42"}],"replies":[{"embeddable":true,"href":"https:\/\/vosgesinfo.fr\/gerardmerinfo\/wp-json\/wp\/v2\/comments?post=8068"}],"version-history":[{"count":2,"href":"https:\/\/vosgesinfo.fr\/gerardmerinfo\/wp-json\/wp\/v2\/posts\/8068\/revisions"}],"predecessor-version":[{"id":8073,"href":"https:\/\/vosgesinfo.fr\/gerardmerinfo\/wp-json\/wp\/v2\/posts\/8068\/revisions\/8073"}],"wp:featuredmedia":[{"embeddable":true,"href":"https:\/\/vosgesinfo.fr\/gerardmerinfo\/wp-json\/wp\/v2\/media\/8070"}],"wp:attachment":[{"href":"https:\/\/vosgesinfo.fr\/gerardmerinfo\/wp-json\/wp\/v2\/media?parent=8068"}],"wp:term":[{"taxonomy":"category","embeddable":true,"href":"https:\/\/vosgesinfo.fr\/gerardmerinfo\/wp-json\/wp\/v2\/categories?post=8068"},{"taxonomy":"post_tag","embeddable":true,"href":"https:\/\/vosgesinfo.fr\/gerardmerinfo\/wp-json\/wp\/v2\/tags?post=8068"}],"curies":[{"name":"wp","href":"https:\/\/api.w.org\/{rel}","templated":true}]}}