{"id":80681,"date":"2025-07-18T13:55:31","date_gmt":"2025-07-18T11:55:31","guid":{"rendered":"https:\/\/vosgesinfo.fr\/gerardmerinfo\/?p=80681"},"modified":"2025-07-18T13:55:31","modified_gmt":"2025-07-18T11:55:31","slug":"reintroduction-du-grand-tetras-les-associations-font-appel-de-la-decision-du-tribunal-administratif","status":"publish","type":"post","link":"https:\/\/vosgesinfo.fr\/gerardmerinfo\/2025\/07\/reintroduction-du-grand-tetras-les-associations-font-appel-de-la-decision-du-tribunal-administratif\/","title":{"rendered":"R\u00e9introduction du Grand T\u00e9tras : les associations font appel de la d\u00e9cision du Tribunal Administratif"},"content":{"rendered":"<div id=\"attachment_79418\" style=\"width: 550px\" class=\"wp-caption alignnone\"><a href=\"https:\/\/vosgesinfo.fr\/app\/uploads\/sites\/4\/2025\/06\/grand-tetras.jpg\"><img decoding=\"async\" aria-describedby=\"caption-attachment-79418\" class=\"size-full wp-image-79418\" src=\"https:\/\/vosgesinfo.fr\/app\/uploads\/sites\/4\/2025\/06\/grand-tetras.jpg\" alt=\"\" width=\"540\" height=\"358\" \/><\/a><p id=\"caption-attachment-79418\" class=\"wp-caption-text\">(Illustration)<\/p><\/div>\n<h2>Suite au <a href=\"https:\/\/vosgesinfo.fr\/saintdieinfo\/2025\/06\/la-justice-valide-lintroduction-de-grands-tetras-en-provenance-de-norvege\/\" target=\"_blank\" rel=\"noopener\"><strong data-start=\"161\" data-end=\"225\">rejet de leur recours par le Tribunal administratif de Nancy<\/strong><\/a>, plusieurs associations vosgiennes et lorraines oppos\u00e9es au <strong data-start=\"286\" data-end=\"333\">programme de r\u00e9introduction du Grand T\u00e9tras <\/strong>annoncent avoir d\u00e9pos\u00e9 un <strong data-start=\"360\" data-end=\"369\">appel<\/strong> devant la <strong data-start=\"380\" data-end=\"420\">Cour administrative d\u2019appel de Nancy<\/strong>. Ces <strong data-start=\"109\" data-end=\"125\">associations<\/strong> se sont exprim\u00e9es \u00e0 ce propos \u00e0 travers le <strong data-start=\"173\" data-end=\"195\">communiqu\u00e9 suivant<\/strong> :<\/h2>\n<p><!--more--><\/p>\n<p data-start=\"423\" data-end=\"833\">\u00ab\u00a0Ce recours est d\u00e9pos\u00e9 dans un contexte o\u00f9 les <strong data-start=\"469\" data-end=\"523\">doutes scientifiques, \u00e9thiques et environnementaux<\/strong> entourant ce projet s\u2019accumulent. Loin d\u2019\u00eatre un geste symbolique, l\u2019appel constitue un acte de <strong data-start=\"620\" data-end=\"633\">coh\u00e9rence<\/strong>, de <strong data-start=\"638\" data-end=\"656\">responsabilit\u00e9<\/strong> et de <strong data-start=\"663\" data-end=\"691\">continuit\u00e9 dans l\u2019action<\/strong>. <strong data-start=\"693\" data-end=\"715\">Ne pas faire appel<\/strong> reviendrait \u00e0 ent\u00e9riner une d\u00e9cision que nous consid\u00e9rons <strong data-start=\"774\" data-end=\"832\">juridiquement contestable et scientifiquement infond\u00e9e<\/strong>.<\/p>\n<h3 data-start=\"835\" data-end=\"905\">Des arguments toujours valables, et des faits nouveaux inqui\u00e9tants<\/h3>\n<p data-start=\"907\" data-end=\"974\">L\u2019appel repose sur des <strong data-start=\"930\" data-end=\"972\">motifs solides et toujours d\u2019actualit\u00e9<\/strong> :<\/p>\n<ul data-start=\"976\" data-end=\"1457\">\n<li data-start=\"976\" data-end=\"1136\">\n<p data-start=\"978\" data-end=\"1136\">Le rejet du recours par le tribunal s\u2019est principalement appuy\u00e9 sur une <strong data-start=\"1050\" data-end=\"1078\">appr\u00e9ciation contestable<\/strong> de l\u2019<strong data-start=\"1084\" data-end=\"1103\">int\u00e9r\u00eat g\u00e9n\u00e9ral<\/strong> et des <strong data-start=\"1111\" data-end=\"1135\">enjeux scientifiques<\/strong>.<\/p>\n<\/li>\n<li data-start=\"1138\" data-end=\"1263\">\n<p data-start=\"1140\" data-end=\"1263\">Les avis d\u00e9favorables du <strong data-start=\"1165\" data-end=\"1174\">CSRPN<\/strong> et du <strong data-start=\"1181\" data-end=\"1189\">CNPN<\/strong> n\u2019ont jamais \u00e9t\u00e9 lev\u00e9s, ni contredits par une <strong data-start=\"1236\" data-end=\"1262\">expertise ind\u00e9pendante<\/strong>.<\/p>\n<\/li>\n<li data-start=\"1265\" data-end=\"1457\">\n<p data-start=\"1267\" data-end=\"1457\">Les <strong data-start=\"1271\" data-end=\"1299\">insuffisances du dossier<\/strong> (<strong data-start=\"1301\" data-end=\"1339\">absence de mod\u00e9lisation climatique<\/strong>, <strong data-start=\"1341\" data-end=\"1380\">flou sur les conditions de r\u00e9ussite<\/strong>, <strong data-start=\"1382\" data-end=\"1436\">absence d\u2019engagement sur les mesures structurelles<\/strong>) demeurent enti\u00e8res.<\/p>\n<\/li>\n<\/ul>\n<p data-start=\"1459\" data-end=\"1518\">Depuis, des \u00e9l\u00e9ments nouveaux confirment nos <strong data-start=\"1504\" data-end=\"1516\">craintes<\/strong> :<\/p>\n<ul data-start=\"1520\" data-end=\"2177\">\n<li data-start=\"1520\" data-end=\"1956\">\n<p data-start=\"1522\" data-end=\"1956\">Une <strong data-start=\"1526\" data-end=\"1556\">mortalit\u00e9 d\u00e9j\u00e0 tr\u00e8s \u00e9lev\u00e9e<\/strong> des oiseaux rel\u00e2ch\u00e9s en <strong data-start=\"1581\" data-end=\"1593\">mai 2025<\/strong> : sur les <strong data-start=\"1604\" data-end=\"1646\">sept Grands T\u00e9tras captur\u00e9s en Norv\u00e8ge<\/strong> et rel\u00e2ch\u00e9s dans les Vosges, <strong data-start=\"1676\" data-end=\"1718\">trois sont aujourd\u2019hui confirm\u00e9s morts<\/strong>, et un <strong data-start=\"1726\" data-end=\"1772\">quatri\u00e8me ne donne plus aucun signe de vie<\/strong> depuis plus d\u2019un mois. Il ne reste selon toute vraisemblance, \u00e0 ce jour, que <strong data-start=\"1850\" data-end=\"1875\">trois oiseaux vivants<\/strong> sur les <strong data-start=\"1884\" data-end=\"1901\">sept rel\u00e2ch\u00e9s<\/strong>, soit <strong data-start=\"1908\" data-end=\"1955\">plus de 50\u202f% de pertes en quelques semaines<\/strong>.<\/p>\n<\/li>\n<li data-start=\"1958\" data-end=\"2029\">\n<p data-start=\"1960\" data-end=\"2029\">Une <strong data-start=\"1964\" data-end=\"2028\">absence de preuves concr\u00e8tes de couvaison ou de reproduction<\/strong>.<\/p>\n<\/li>\n<li data-start=\"2031\" data-end=\"2177\">\n<p data-start=\"2033\" data-end=\"2177\">Des <strong data-start=\"2037\" data-end=\"2069\">annonces successives du Parc<\/strong> centr\u00e9es uniquement sur la \u00ab\u202f<strong data-start=\"2099\" data-end=\"2112\">pr\u00e9dation<\/strong>\u202f\u00bb, sans jamais interroger les <strong data-start=\"2143\" data-end=\"2176\">causes syst\u00e9miques de l\u2019\u00e9chec<\/strong>.<\/p>\n<\/li>\n<\/ul>\n<h3 data-start=\"2179\" data-end=\"2237\"><strong>Poursuivre le combat et maintenir une parole exigeante<\/strong><\/h3>\n<p data-start=\"2239\" data-end=\"2629\">La <strong data-start=\"2242\" data-end=\"2269\">d\u00e9cision de faire appel<\/strong> est aussi une <strong data-start=\"2284\" data-end=\"2306\">d\u00e9cision politique<\/strong> : ne pas laisser croire que la page serait tourn\u00e9e. Tant que les <strong data-start=\"2372\" data-end=\"2401\">milieux restent inadapt\u00e9s<\/strong>, tant que les <strong data-start=\"2416\" data-end=\"2461\">mesures de protection restent cosm\u00e9tiques<\/strong>, tant que l\u2019<strong data-start=\"2474\" data-end=\"2582\">argent public finance des op\u00e9rations exp\u00e9rimentales sans fondement clair ni retour d\u2019exp\u00e9rience cr\u00e9dible<\/strong>, nous continuerons \u00e0 <strong data-start=\"2604\" data-end=\"2628\">demander des comptes<\/strong>.<\/p>\n<p data-start=\"2631\" data-end=\"2919\">En maintenant une <strong data-start=\"2649\" data-end=\"2670\">action en justice<\/strong>, nous nous inscrivons dans une <strong data-start=\"2702\" data-end=\"2728\">d\u00e9marche de long terme<\/strong>, coh\u00e9rente avec les valeurs que nous d\u00e9fendons : la <strong data-start=\"2781\" data-end=\"2803\">rigueur \u00e9cologique<\/strong>, la <strong data-start=\"2808\" data-end=\"2845\">sinc\u00e9rit\u00e9 des engagements publics<\/strong>, la <strong data-start=\"2850\" data-end=\"2889\">transparence dans l\u2019usage des fonds<\/strong>, et le <strong data-start=\"2897\" data-end=\"2918\">respect du vivant<\/strong>.\u00a0\u00bb<\/p>\n<p style=\"text-align: right;\" data-start=\"2921\" data-end=\"3265\" data-is-last-node=\"\" data-is-only-node=\"\">Le 17 juillet 2025<br data-start=\"2943\" data-end=\"2946\" \/>SOS Massif des Vosges, Avenir et Patrimoine 88, Paysage Nature et Patrimoine de la Montagne Vosgienne<br data-start=\"3059\" data-end=\"3062\" \/>Avec le soutien de LOANA, ASPA Vosges, et Biodiversit\u2019Haies 88, associations qui ne peuvent se joindre \u00e0 la proc\u00e9dure devant la Cour d\u2019appel, car absentes du recours en premi\u00e8re instance.<\/p>\n","protected":false},"excerpt":{"rendered":"<p>Suite au rejet de leur recours par le Tribunal administratif de Nancy, plusieurs associations vosgiennes et lorraines oppos\u00e9es au programme [&hellip;]<\/p>\n","protected":false},"author":46,"featured_media":80682,"comment_status":"open","ping_status":"open","sticky":false,"template":"","format":"standard","meta":{"footnotes":""},"categories":[20,7,878,25,328,868,18],"tags":[204,6849,7002],"class_list":["post-80681","post","type-post","status-publish","format-standard","has-post-thumbnail","hentry","category-a-la-une","category-environnement","category-epinal","category-gerardmer","category-la-plaine-des-vosges","category-remiremont","category-vosges","tag-grand-tetras","tag-reintroduction-du-grand-tetras-dans-les-vosges","tag-tribunal-administratif-de-nancy"],"acf":[],"yoast_head":"<!-- This site is optimized with the Yoast SEO plugin v22.5 - https:\/\/yoast.com\/wordpress\/plugins\/seo\/ -->\n<title>R\u00e9introduction du Grand T\u00e9tras : les associations font appel de la d\u00e9cision du Tribunal Administratif - Gerardmer Info<\/title>\n<meta name=\"robots\" content=\"index, follow, max-snippet:-1, max-image-preview:large, max-video-preview:-1\" \/>\n<link rel=\"canonical\" href=\"https:\/\/vosgesinfo.fr\/gerardmerinfo\/2025\/07\/reintroduction-du-grand-tetras-les-associations-font-appel-de-la-decision-du-tribunal-administratif\/\" \/>\n<meta name=\"twitter:card\" content=\"summary_large_image\" \/>\n<meta name=\"twitter:title\" content=\"R\u00e9introduction du Grand T\u00e9tras : les associations font appel de la d\u00e9cision du Tribunal Administratif - Gerardmer Info\" \/>\n<meta name=\"twitter:description\" content=\"Suite au rejet de leur recours par le Tribunal administratif de Nancy, plusieurs associations vosgiennes et lorraines oppos\u00e9es au programme [&hellip;]\" \/>\n<meta name=\"twitter:image\" content=\"https:\/\/vosgesinfo.fr\/app\/uploads\/sites\/6\/2025\/07\/grand-tetras.jpg\" \/>\n<meta name=\"twitter:creator\" content=\"@VosgesInfo88\" \/>\n<meta name=\"twitter:site\" content=\"@VosgesInfo88\" \/>\n<meta name=\"twitter:label1\" content=\"\u00c9crit par\" \/>\n\t<meta name=\"twitter:data1\" content=\"J.J.\" \/>\n\t<meta name=\"twitter:label2\" content=\"Dur\u00e9e de lecture estim\u00e9e\" \/>\n\t<meta name=\"twitter:data2\" content=\"3 minutes\" \/>\n<script type=\"application\/ld+json\" class=\"yoast-schema-graph\">{\"@context\":\"https:\/\/schema.org\",\"@graph\":[{\"@type\":\"Article\",\"@id\":\"https:\/\/vosgesinfo.fr\/gerardmerinfo\/2025\/07\/reintroduction-du-grand-tetras-les-associations-font-appel-de-la-decision-du-tribunal-administratif\/#article\",\"isPartOf\":{\"@id\":\"https:\/\/vosgesinfo.fr\/gerardmerinfo\/2025\/07\/reintroduction-du-grand-tetras-les-associations-font-appel-de-la-decision-du-tribunal-administratif\/\"},\"author\":{\"name\":\"J.J.\",\"@id\":\"https:\/\/vosgesinfo.fr\/gerardmerinfo\/#\/schema\/person\/fa73e9f726d67bb88f46d5b7943cb572\"},\"headline\":\"R\u00e9introduction du Grand T\u00e9tras : les associations font appel de la d\u00e9cision du Tribunal Administratif\",\"datePublished\":\"2025-07-18T11:55:31+00:00\",\"dateModified\":\"2025-07-18T11:55:31+00:00\",\"mainEntityOfPage\":{\"@id\":\"https:\/\/vosgesinfo.fr\/gerardmerinfo\/2025\/07\/reintroduction-du-grand-tetras-les-associations-font-appel-de-la-decision-du-tribunal-administratif\/\"},\"wordCount\":527,\"commentCount\":1,\"publisher\":{\"@id\":\"https:\/\/vosgesinfo.fr\/gerardmerinfo\/#organization\"},\"image\":{\"@id\":\"https:\/\/vosgesinfo.fr\/gerardmerinfo\/2025\/07\/reintroduction-du-grand-tetras-les-associations-font-appel-de-la-decision-du-tribunal-administratif\/#primaryimage\"},\"thumbnailUrl\":\"https:\/\/vosgesinfo.fr\/app\/uploads\/sites\/6\/2025\/07\/grand-tetras.jpg\",\"keywords\":[\"grand tetras\",\"R\u00e9introduction du grand t\u00e9tras dans les Vosges\",\"Tribunal administratif de Nancy\"],\"articleSection\":[\"A la une\",\"Environnement\",\"Epinal\",\"G\u00e9rardmer\",\"La plaine des vosges\",\"Remiremont\",\"Vosges\"],\"inLanguage\":\"fr-FR\",\"potentialAction\":[{\"@type\":\"CommentAction\",\"name\":\"Comment\",\"target\":[\"https:\/\/vosgesinfo.fr\/gerardmerinfo\/2025\/07\/reintroduction-du-grand-tetras-les-associations-font-appel-de-la-decision-du-tribunal-administratif\/#respond\"]}]},{\"@type\":\"WebPage\",\"@id\":\"https:\/\/vosgesinfo.fr\/gerardmerinfo\/2025\/07\/reintroduction-du-grand-tetras-les-associations-font-appel-de-la-decision-du-tribunal-administratif\/\",\"url\":\"https:\/\/vosgesinfo.fr\/gerardmerinfo\/2025\/07\/reintroduction-du-grand-tetras-les-associations-font-appel-de-la-decision-du-tribunal-administratif\/\",\"name\":\"R\u00e9introduction du Grand T\u00e9tras : les associations font appel de la d\u00e9cision du Tribunal Administratif - Gerardmer Info\",\"isPartOf\":{\"@id\":\"https:\/\/vosgesinfo.fr\/gerardmerinfo\/#website\"},\"primaryImageOfPage\":{\"@id\":\"https:\/\/vosgesinfo.fr\/gerardmerinfo\/2025\/07\/reintroduction-du-grand-tetras-les-associations-font-appel-de-la-decision-du-tribunal-administratif\/#primaryimage\"},\"image\":{\"@id\":\"https:\/\/vosgesinfo.fr\/gerardmerinfo\/2025\/07\/reintroduction-du-grand-tetras-les-associations-font-appel-de-la-decision-du-tribunal-administratif\/#primaryimage\"},\"thumbnailUrl\":\"https:\/\/vosgesinfo.fr\/app\/uploads\/sites\/6\/2025\/07\/grand-tetras.jpg\",\"datePublished\":\"2025-07-18T11:55:31+00:00\",\"dateModified\":\"2025-07-18T11:55:31+00:00\",\"breadcrumb\":{\"@id\":\"https:\/\/vosgesinfo.fr\/gerardmerinfo\/2025\/07\/reintroduction-du-grand-tetras-les-associations-font-appel-de-la-decision-du-tribunal-administratif\/#breadcrumb\"},\"inLanguage\":\"fr-FR\",\"potentialAction\":[{\"@type\":\"ReadAction\",\"target\":[\"https:\/\/vosgesinfo.fr\/gerardmerinfo\/2025\/07\/reintroduction-du-grand-tetras-les-associations-font-appel-de-la-decision-du-tribunal-administratif\/\"]}]},{\"@type\":\"ImageObject\",\"inLanguage\":\"fr-FR\",\"@id\":\"https:\/\/vosgesinfo.fr\/gerardmerinfo\/2025\/07\/reintroduction-du-grand-tetras-les-associations-font-appel-de-la-decision-du-tribunal-administratif\/#primaryimage\",\"url\":\"https:\/\/vosgesinfo.fr\/app\/uploads\/sites\/6\/2025\/07\/grand-tetras.jpg\",\"contentUrl\":\"https:\/\/vosgesinfo.fr\/app\/uploads\/sites\/6\/2025\/07\/grand-tetras.jpg\",\"width\":540,\"height\":358},{\"@type\":\"BreadcrumbList\",\"@id\":\"https:\/\/vosgesinfo.fr\/gerardmerinfo\/2025\/07\/reintroduction-du-grand-tetras-les-associations-font-appel-de-la-decision-du-tribunal-administratif\/#breadcrumb\",\"itemListElement\":[{\"@type\":\"ListItem\",\"position\":1,\"name\":\"Home\",\"item\":\"https:\/\/vosgesinfo.fr\/gerardmerinfo\/\"},{\"@type\":\"ListItem\",\"position\":2,\"name\":\"R\u00e9introduction du Grand T\u00e9tras : les associations font appel de la d\u00e9cision du Tribunal Administratif\"}]},{\"@type\":\"WebSite\",\"@id\":\"https:\/\/vosgesinfo.fr\/gerardmerinfo\/#website\",\"url\":\"https:\/\/vosgesinfo.fr\/gerardmerinfo\/\",\"name\":\"Gerardmer Info\",\"description\":\"Toute l&#039;actualit\u00e9 de G\u00e9rardmer\",\"publisher\":{\"@id\":\"https:\/\/vosgesinfo.fr\/gerardmerinfo\/#organization\"},\"alternateName\":\"Toute l'actualit\u00e9 de G\u00e9rardmer\",\"potentialAction\":[{\"@type\":\"SearchAction\",\"target\":{\"@type\":\"EntryPoint\",\"urlTemplate\":\"https:\/\/vosgesinfo.fr\/gerardmerinfo\/?s={search_term_string}\"},\"query-input\":\"required name=search_term_string\"}],\"inLanguage\":\"fr-FR\"},{\"@type\":\"Organization\",\"@id\":\"https:\/\/vosgesinfo.fr\/gerardmerinfo\/#organization\",\"name\":\"Gerardmer Info\",\"url\":\"https:\/\/vosgesinfo.fr\/gerardmerinfo\/\",\"logo\":{\"@type\":\"ImageObject\",\"inLanguage\":\"fr-FR\",\"@id\":\"https:\/\/vosgesinfo.fr\/gerardmerinfo\/#\/schema\/logo\/image\/\",\"url\":\"https:\/\/vosgesinfo.fr\/app\/uploads\/sites\/6\/2023\/08\/favicon-gerardmerinfo.png\",\"contentUrl\":\"https:\/\/vosgesinfo.fr\/app\/uploads\/sites\/6\/2023\/08\/favicon-gerardmerinfo.png\",\"width\":512,\"height\":512,\"caption\":\"Gerardmer Info\"},\"image\":{\"@id\":\"https:\/\/vosgesinfo.fr\/gerardmerinfo\/#\/schema\/logo\/image\/\"},\"sameAs\":[\"https:\/\/www.facebook.com\/profile.php?id=100049475262660\",\"https:\/\/x.com\/VosgesInfo88\",\"https:\/\/www.youtube.com\/@vosgesinfo\"]},{\"@type\":\"Person\",\"@id\":\"https:\/\/vosgesinfo.fr\/gerardmerinfo\/#\/schema\/person\/fa73e9f726d67bb88f46d5b7943cb572\",\"name\":\"J.J.\",\"image\":{\"@type\":\"ImageObject\",\"inLanguage\":\"fr-FR\",\"@id\":\"https:\/\/vosgesinfo.fr\/gerardmerinfo\/#\/schema\/person\/image\/\",\"url\":\"https:\/\/secure.gravatar.com\/avatar\/219e749e47ffbcca018a360ae4add7d4cdf1cdaaf8bc7676b27efade3fe65615?s=96&d=mm&r=g\",\"contentUrl\":\"https:\/\/secure.gravatar.com\/avatar\/219e749e47ffbcca018a360ae4add7d4cdf1cdaaf8bc7676b27efade3fe65615?s=96&d=mm&r=g\",\"caption\":\"J.J.\"},\"url\":\"https:\/\/vosgesinfo.fr\/gerardmerinfo\/author\/j-j\/\"}]}<\/script>\n<!-- \/ Yoast SEO plugin. -->","yoast_head_json":{"title":"R\u00e9introduction du Grand T\u00e9tras : les associations font appel de la d\u00e9cision du Tribunal Administratif - Gerardmer Info","robots":{"index":"index","follow":"follow","max-snippet":"max-snippet:-1","max-image-preview":"max-image-preview:large","max-video-preview":"max-video-preview:-1"},"canonical":"https:\/\/vosgesinfo.fr\/gerardmerinfo\/2025\/07\/reintroduction-du-grand-tetras-les-associations-font-appel-de-la-decision-du-tribunal-administratif\/","twitter_card":"summary_large_image","twitter_title":"R\u00e9introduction du Grand T\u00e9tras : les associations font appel de la d\u00e9cision du Tribunal Administratif - Gerardmer Info","twitter_description":"Suite au rejet de leur recours par le Tribunal administratif de Nancy, plusieurs associations vosgiennes et lorraines oppos\u00e9es au programme [&hellip;]","twitter_image":"https:\/\/vosgesinfo.fr\/app\/uploads\/sites\/6\/2025\/07\/grand-tetras.jpg","twitter_creator":"@VosgesInfo88","twitter_site":"@VosgesInfo88","twitter_misc":{"\u00c9crit par":"J.J.","Dur\u00e9e de lecture estim\u00e9e":"3 minutes"},"schema":{"@context":"https:\/\/schema.org","@graph":[{"@type":"Article","@id":"https:\/\/vosgesinfo.fr\/gerardmerinfo\/2025\/07\/reintroduction-du-grand-tetras-les-associations-font-appel-de-la-decision-du-tribunal-administratif\/#article","isPartOf":{"@id":"https:\/\/vosgesinfo.fr\/gerardmerinfo\/2025\/07\/reintroduction-du-grand-tetras-les-associations-font-appel-de-la-decision-du-tribunal-administratif\/"},"author":{"name":"J.J.","@id":"https:\/\/vosgesinfo.fr\/gerardmerinfo\/#\/schema\/person\/fa73e9f726d67bb88f46d5b7943cb572"},"headline":"R\u00e9introduction du Grand T\u00e9tras : les associations font appel de la d\u00e9cision du Tribunal Administratif","datePublished":"2025-07-18T11:55:31+00:00","dateModified":"2025-07-18T11:55:31+00:00","mainEntityOfPage":{"@id":"https:\/\/vosgesinfo.fr\/gerardmerinfo\/2025\/07\/reintroduction-du-grand-tetras-les-associations-font-appel-de-la-decision-du-tribunal-administratif\/"},"wordCount":527,"commentCount":1,"publisher":{"@id":"https:\/\/vosgesinfo.fr\/gerardmerinfo\/#organization"},"image":{"@id":"https:\/\/vosgesinfo.fr\/gerardmerinfo\/2025\/07\/reintroduction-du-grand-tetras-les-associations-font-appel-de-la-decision-du-tribunal-administratif\/#primaryimage"},"thumbnailUrl":"https:\/\/vosgesinfo.fr\/app\/uploads\/sites\/6\/2025\/07\/grand-tetras.jpg","keywords":["grand tetras","R\u00e9introduction du grand t\u00e9tras dans les Vosges","Tribunal administratif de Nancy"],"articleSection":["A la une","Environnement","Epinal","G\u00e9rardmer","La plaine des vosges","Remiremont","Vosges"],"inLanguage":"fr-FR","potentialAction":[{"@type":"CommentAction","name":"Comment","target":["https:\/\/vosgesinfo.fr\/gerardmerinfo\/2025\/07\/reintroduction-du-grand-tetras-les-associations-font-appel-de-la-decision-du-tribunal-administratif\/#respond"]}]},{"@type":"WebPage","@id":"https:\/\/vosgesinfo.fr\/gerardmerinfo\/2025\/07\/reintroduction-du-grand-tetras-les-associations-font-appel-de-la-decision-du-tribunal-administratif\/","url":"https:\/\/vosgesinfo.fr\/gerardmerinfo\/2025\/07\/reintroduction-du-grand-tetras-les-associations-font-appel-de-la-decision-du-tribunal-administratif\/","name":"R\u00e9introduction du Grand T\u00e9tras : les associations font appel de la d\u00e9cision du Tribunal Administratif - Gerardmer Info","isPartOf":{"@id":"https:\/\/vosgesinfo.fr\/gerardmerinfo\/#website"},"primaryImageOfPage":{"@id":"https:\/\/vosgesinfo.fr\/gerardmerinfo\/2025\/07\/reintroduction-du-grand-tetras-les-associations-font-appel-de-la-decision-du-tribunal-administratif\/#primaryimage"},"image":{"@id":"https:\/\/vosgesinfo.fr\/gerardmerinfo\/2025\/07\/reintroduction-du-grand-tetras-les-associations-font-appel-de-la-decision-du-tribunal-administratif\/#primaryimage"},"thumbnailUrl":"https:\/\/vosgesinfo.fr\/app\/uploads\/sites\/6\/2025\/07\/grand-tetras.jpg","datePublished":"2025-07-18T11:55:31+00:00","dateModified":"2025-07-18T11:55:31+00:00","breadcrumb":{"@id":"https:\/\/vosgesinfo.fr\/gerardmerinfo\/2025\/07\/reintroduction-du-grand-tetras-les-associations-font-appel-de-la-decision-du-tribunal-administratif\/#breadcrumb"},"inLanguage":"fr-FR","potentialAction":[{"@type":"ReadAction","target":["https:\/\/vosgesinfo.fr\/gerardmerinfo\/2025\/07\/reintroduction-du-grand-tetras-les-associations-font-appel-de-la-decision-du-tribunal-administratif\/"]}]},{"@type":"ImageObject","inLanguage":"fr-FR","@id":"https:\/\/vosgesinfo.fr\/gerardmerinfo\/2025\/07\/reintroduction-du-grand-tetras-les-associations-font-appel-de-la-decision-du-tribunal-administratif\/#primaryimage","url":"https:\/\/vosgesinfo.fr\/app\/uploads\/sites\/6\/2025\/07\/grand-tetras.jpg","contentUrl":"https:\/\/vosgesinfo.fr\/app\/uploads\/sites\/6\/2025\/07\/grand-tetras.jpg","width":540,"height":358},{"@type":"BreadcrumbList","@id":"https:\/\/vosgesinfo.fr\/gerardmerinfo\/2025\/07\/reintroduction-du-grand-tetras-les-associations-font-appel-de-la-decision-du-tribunal-administratif\/#breadcrumb","itemListElement":[{"@type":"ListItem","position":1,"name":"Home","item":"https:\/\/vosgesinfo.fr\/gerardmerinfo\/"},{"@type":"ListItem","position":2,"name":"R\u00e9introduction du Grand T\u00e9tras : les associations font appel de la d\u00e9cision du Tribunal Administratif"}]},{"@type":"WebSite","@id":"https:\/\/vosgesinfo.fr\/gerardmerinfo\/#website","url":"https:\/\/vosgesinfo.fr\/gerardmerinfo\/","name":"Gerardmer Info","description":"Toute l&#039;actualit\u00e9 de G\u00e9rardmer","publisher":{"@id":"https:\/\/vosgesinfo.fr\/gerardmerinfo\/#organization"},"alternateName":"Toute l'actualit\u00e9 de G\u00e9rardmer","potentialAction":[{"@type":"SearchAction","target":{"@type":"EntryPoint","urlTemplate":"https:\/\/vosgesinfo.fr\/gerardmerinfo\/?s={search_term_string}"},"query-input":"required name=search_term_string"}],"inLanguage":"fr-FR"},{"@type":"Organization","@id":"https:\/\/vosgesinfo.fr\/gerardmerinfo\/#organization","name":"Gerardmer Info","url":"https:\/\/vosgesinfo.fr\/gerardmerinfo\/","logo":{"@type":"ImageObject","inLanguage":"fr-FR","@id":"https:\/\/vosgesinfo.fr\/gerardmerinfo\/#\/schema\/logo\/image\/","url":"https:\/\/vosgesinfo.fr\/app\/uploads\/sites\/6\/2023\/08\/favicon-gerardmerinfo.png","contentUrl":"https:\/\/vosgesinfo.fr\/app\/uploads\/sites\/6\/2023\/08\/favicon-gerardmerinfo.png","width":512,"height":512,"caption":"Gerardmer Info"},"image":{"@id":"https:\/\/vosgesinfo.fr\/gerardmerinfo\/#\/schema\/logo\/image\/"},"sameAs":["https:\/\/www.facebook.com\/profile.php?id=100049475262660","https:\/\/x.com\/VosgesInfo88","https:\/\/www.youtube.com\/@vosgesinfo"]},{"@type":"Person","@id":"https:\/\/vosgesinfo.fr\/gerardmerinfo\/#\/schema\/person\/fa73e9f726d67bb88f46d5b7943cb572","name":"J.J.","image":{"@type":"ImageObject","inLanguage":"fr-FR","@id":"https:\/\/vosgesinfo.fr\/gerardmerinfo\/#\/schema\/person\/image\/","url":"https:\/\/secure.gravatar.com\/avatar\/219e749e47ffbcca018a360ae4add7d4cdf1cdaaf8bc7676b27efade3fe65615?s=96&d=mm&r=g","contentUrl":"https:\/\/secure.gravatar.com\/avatar\/219e749e47ffbcca018a360ae4add7d4cdf1cdaaf8bc7676b27efade3fe65615?s=96&d=mm&r=g","caption":"J.J."},"url":"https:\/\/vosgesinfo.fr\/gerardmerinfo\/author\/j-j\/"}]}},"_links":{"self":[{"href":"https:\/\/vosgesinfo.fr\/gerardmerinfo\/wp-json\/wp\/v2\/posts\/80681","targetHints":{"allow":["GET"]}}],"collection":[{"href":"https:\/\/vosgesinfo.fr\/gerardmerinfo\/wp-json\/wp\/v2\/posts"}],"about":[{"href":"https:\/\/vosgesinfo.fr\/gerardmerinfo\/wp-json\/wp\/v2\/types\/post"}],"author":[{"embeddable":true,"href":"https:\/\/vosgesinfo.fr\/gerardmerinfo\/wp-json\/wp\/v2\/users\/46"}],"replies":[{"embeddable":true,"href":"https:\/\/vosgesinfo.fr\/gerardmerinfo\/wp-json\/wp\/v2\/comments?post=80681"}],"version-history":[{"count":0,"href":"https:\/\/vosgesinfo.fr\/gerardmerinfo\/wp-json\/wp\/v2\/posts\/80681\/revisions"}],"wp:featuredmedia":[{"embeddable":true,"href":"https:\/\/vosgesinfo.fr\/gerardmerinfo\/wp-json\/wp\/v2\/media\/80682"}],"wp:attachment":[{"href":"https:\/\/vosgesinfo.fr\/gerardmerinfo\/wp-json\/wp\/v2\/media?parent=80681"}],"wp:term":[{"taxonomy":"category","embeddable":true,"href":"https:\/\/vosgesinfo.fr\/gerardmerinfo\/wp-json\/wp\/v2\/categories?post=80681"},{"taxonomy":"post_tag","embeddable":true,"href":"https:\/\/vosgesinfo.fr\/gerardmerinfo\/wp-json\/wp\/v2\/tags?post=80681"}],"curies":[{"name":"wp","href":"https:\/\/api.w.org\/{rel}","templated":true}]}}