{"id":80703,"date":"2025-07-21T05:52:18","date_gmt":"2025-07-21T03:52:18","guid":{"rendered":"https:\/\/vosgesinfo.fr\/gerardmerinfo\/?p=80703"},"modified":"2025-07-18T16:22:40","modified_gmt":"2025-07-18T14:22:40","slug":"entrelacs-vous-invite-a-une-table-ronde-intitulee-accumulation-creation","status":"publish","type":"post","link":"https:\/\/vosgesinfo.fr\/gerardmerinfo\/2025\/07\/entrelacs-vous-invite-a-une-table-ronde-intitulee-accumulation-creation\/","title":{"rendered":"Entrelacs vous invite \u00e0 une table ronde intitul\u00e9e \u00ab\u00a0Accumulation \/ Cr\u00e9ation\u00a0\u00bb"},"content":{"rendered":"<div id=\"attachment_80711\" style=\"width: 1034px\" class=\"wp-caption aligncenter\"><a href=\"https:\/\/vosgesinfo.fr\/app\/uploads\/sites\/6\/2025\/07\/entrelacs-2025-1.jpg\"><img decoding=\"async\" aria-describedby=\"caption-attachment-80711\" class=\"wp-image-80711 size-large\" src=\"https:\/\/vosgesinfo.fr\/app\/uploads\/sites\/6\/2025\/07\/entrelacs-2025-1-1024x683.jpg\" alt=\"\" width=\"1024\" height=\"683\" srcset=\"https:\/\/vosgesinfo.fr\/app\/uploads\/sites\/6\/2025\/07\/entrelacs-2025-1-1024x683.jpg 1024w, https:\/\/vosgesinfo.fr\/app\/uploads\/sites\/6\/2025\/07\/entrelacs-2025-1-300x200.jpg 300w, https:\/\/vosgesinfo.fr\/app\/uploads\/sites\/6\/2025\/07\/entrelacs-2025-1-768x512.jpg 768w, https:\/\/vosgesinfo.fr\/app\/uploads\/sites\/6\/2025\/07\/entrelacs-2025-1.jpg 1417w\" sizes=\"(max-width: 1024px) 100vw, 1024px\" \/><\/a><p id=\"caption-attachment-80711\" class=\"wp-caption-text\">Photos &#8211; N.A<\/p><\/div>\n<p>&nbsp;<\/p>\n<p>Le <strong data-start=\"1140\" data-end=\"1162\">25 juillet \u00e0 16h30<\/strong>, dans le cadre de son exposition estivale \u00e0 l&rsquo;espace Tilleul de G\u00e9rardmer, Entrelacs organise une <strong data-start=\"1168\" data-end=\"1219\">table ronde intitul\u00e9e \u00ab\u00a0Accumulation \/ Cr\u00e9ation\u00a0\u00bb<\/strong>. Elle r\u00e9unira plusieurs intervenants issus de disciplines vari\u00e9es : Gis\u00e8le Lorenzetti (professeure de philosophie), Pierre van Tieghem (professeur en histoire de l\u2019art), Virginie Greene (enseignante en litt\u00e9rature m\u00e9di\u00e9vale) et Laurena Reichhart (biblioth\u00e9caire). Le d\u00e9bat sera anim\u00e9 par Micky Boccara Schmelzer. Ensemble, ils tenteront de cerner les enjeux esth\u00e9tiques, intellectuels et sensibles li\u00e9s au processus d\u2019accumulation dans la cr\u00e9ation.<\/p>\n<p><strong>Rappel : l&rsquo;exposition reste ouverte jusqu&rsquo;au 27 juillet &#8211; entr\u00e9e libre.\u00a0<\/strong><\/p>\n<p><a href=\"https:\/\/vosgesinfo.fr\/app\/uploads\/sites\/6\/2025\/07\/entrelacs-2025-2.jpg\"><img decoding=\"async\" class=\"aligncenter size-large wp-image-80710\" src=\"https:\/\/vosgesinfo.fr\/app\/uploads\/sites\/6\/2025\/07\/entrelacs-2025-2-1024x683.jpg\" alt=\"\" width=\"1024\" height=\"683\" srcset=\"https:\/\/vosgesinfo.fr\/app\/uploads\/sites\/6\/2025\/07\/entrelacs-2025-2-1024x683.jpg 1024w, https:\/\/vosgesinfo.fr\/app\/uploads\/sites\/6\/2025\/07\/entrelacs-2025-2-300x200.jpg 300w, https:\/\/vosgesinfo.fr\/app\/uploads\/sites\/6\/2025\/07\/entrelacs-2025-2-768x512.jpg 768w, https:\/\/vosgesinfo.fr\/app\/uploads\/sites\/6\/2025\/07\/entrelacs-2025-2.jpg 1417w\" sizes=\"(max-width: 1024px) 100vw, 1024px\" \/><\/a><\/p>\n","protected":false},"excerpt":{"rendered":"<p>&nbsp; Le 25 juillet \u00e0 16h30, dans le cadre de son exposition estivale \u00e0 l&rsquo;espace Tilleul de G\u00e9rardmer, Entrelacs organise [&hellip;]<\/p>\n","protected":false},"author":391,"featured_media":80711,"comment_status":"open","ping_status":"open","sticky":false,"template":"","format":"standard","meta":{"footnotes":""},"categories":[20,5647,868],"tags":[354],"class_list":["post-80703","post","type-post","status-publish","format-standard","has-post-thumbnail","hentry","category-a-la-une","category-gerardmer-autres-sites","category-remiremont","tag-exposition-entrelacs"],"acf":[],"yoast_head":"<!-- This site is optimized with the Yoast SEO plugin v22.5 - https:\/\/yoast.com\/wordpress\/plugins\/seo\/ -->\n<title>Entrelacs vous invite \u00e0 une table ronde intitul\u00e9e \u00ab\u00a0Accumulation \/ Cr\u00e9ation\u00a0\u00bb - Gerardmer Info<\/title>\n<meta name=\"robots\" content=\"index, follow, max-snippet:-1, max-image-preview:large, max-video-preview:-1\" \/>\n<link rel=\"canonical\" href=\"https:\/\/vosgesinfo.fr\/gerardmerinfo\/2025\/07\/entrelacs-vous-invite-a-une-table-ronde-intitulee-accumulation-creation\/\" \/>\n<meta name=\"twitter:card\" content=\"summary_large_image\" \/>\n<meta name=\"twitter:title\" content=\"Entrelacs vous invite \u00e0 une table ronde intitul\u00e9e \u00ab\u00a0Accumulation \/ Cr\u00e9ation\u00a0\u00bb - Gerardmer Info\" \/>\n<meta name=\"twitter:description\" content=\"&nbsp; Le 25 juillet \u00e0 16h30, dans le cadre de son exposition estivale \u00e0 l&rsquo;espace Tilleul de G\u00e9rardmer, Entrelacs organise [&hellip;]\" \/>\n<meta name=\"twitter:image\" content=\"https:\/\/vosgesinfo.fr\/app\/uploads\/sites\/6\/2025\/07\/entrelacs-2025-1.jpg\" \/>\n<meta name=\"twitter:creator\" content=\"@VosgesInfo88\" \/>\n<meta name=\"twitter:site\" content=\"@VosgesInfo88\" \/>\n<meta name=\"twitter:label1\" content=\"\u00c9crit par\" \/>\n\t<meta name=\"twitter:data1\" content=\"La redaction\" \/>\n\t<meta name=\"twitter:label2\" content=\"Dur\u00e9e de lecture estim\u00e9e\" \/>\n\t<meta name=\"twitter:data2\" content=\"1 minute\" \/>\n<script type=\"application\/ld+json\" class=\"yoast-schema-graph\">{\"@context\":\"https:\/\/schema.org\",\"@graph\":[{\"@type\":\"Article\",\"@id\":\"https:\/\/vosgesinfo.fr\/gerardmerinfo\/2025\/07\/entrelacs-vous-invite-a-une-table-ronde-intitulee-accumulation-creation\/#article\",\"isPartOf\":{\"@id\":\"https:\/\/vosgesinfo.fr\/gerardmerinfo\/2025\/07\/entrelacs-vous-invite-a-une-table-ronde-intitulee-accumulation-creation\/\"},\"author\":{\"name\":\"La redaction\",\"@id\":\"https:\/\/vosgesinfo.fr\/gerardmerinfo\/#\/schema\/person\/27a3695b06db98895b354c0765cdfc31\"},\"headline\":\"Entrelacs vous invite \u00e0 une table ronde intitul\u00e9e \u00ab\u00a0Accumulation \/ Cr\u00e9ation\u00a0\u00bb\",\"datePublished\":\"2025-07-21T03:52:18+00:00\",\"dateModified\":\"2025-07-18T14:22:40+00:00\",\"mainEntityOfPage\":{\"@id\":\"https:\/\/vosgesinfo.fr\/gerardmerinfo\/2025\/07\/entrelacs-vous-invite-a-une-table-ronde-intitulee-accumulation-creation\/\"},\"wordCount\":131,\"commentCount\":0,\"publisher\":{\"@id\":\"https:\/\/vosgesinfo.fr\/gerardmerinfo\/#organization\"},\"image\":{\"@id\":\"https:\/\/vosgesinfo.fr\/gerardmerinfo\/2025\/07\/entrelacs-vous-invite-a-une-table-ronde-intitulee-accumulation-creation\/#primaryimage\"},\"thumbnailUrl\":\"https:\/\/vosgesinfo.fr\/app\/uploads\/sites\/6\/2025\/07\/entrelacs-2025-1.jpg\",\"keywords\":[\"Exposition ENTRELACS\"],\"articleSection\":[\"A la une\",\"Gerardmer\",\"Remiremont\"],\"inLanguage\":\"fr-FR\",\"potentialAction\":[{\"@type\":\"CommentAction\",\"name\":\"Comment\",\"target\":[\"https:\/\/vosgesinfo.fr\/gerardmerinfo\/2025\/07\/entrelacs-vous-invite-a-une-table-ronde-intitulee-accumulation-creation\/#respond\"]}]},{\"@type\":\"WebPage\",\"@id\":\"https:\/\/vosgesinfo.fr\/gerardmerinfo\/2025\/07\/entrelacs-vous-invite-a-une-table-ronde-intitulee-accumulation-creation\/\",\"url\":\"https:\/\/vosgesinfo.fr\/gerardmerinfo\/2025\/07\/entrelacs-vous-invite-a-une-table-ronde-intitulee-accumulation-creation\/\",\"name\":\"Entrelacs vous invite \u00e0 une table ronde intitul\u00e9e \u00ab\u00a0Accumulation \/ Cr\u00e9ation\u00a0\u00bb - Gerardmer Info\",\"isPartOf\":{\"@id\":\"https:\/\/vosgesinfo.fr\/gerardmerinfo\/#website\"},\"primaryImageOfPage\":{\"@id\":\"https:\/\/vosgesinfo.fr\/gerardmerinfo\/2025\/07\/entrelacs-vous-invite-a-une-table-ronde-intitulee-accumulation-creation\/#primaryimage\"},\"image\":{\"@id\":\"https:\/\/vosgesinfo.fr\/gerardmerinfo\/2025\/07\/entrelacs-vous-invite-a-une-table-ronde-intitulee-accumulation-creation\/#primaryimage\"},\"thumbnailUrl\":\"https:\/\/vosgesinfo.fr\/app\/uploads\/sites\/6\/2025\/07\/entrelacs-2025-1.jpg\",\"datePublished\":\"2025-07-21T03:52:18+00:00\",\"dateModified\":\"2025-07-18T14:22:40+00:00\",\"breadcrumb\":{\"@id\":\"https:\/\/vosgesinfo.fr\/gerardmerinfo\/2025\/07\/entrelacs-vous-invite-a-une-table-ronde-intitulee-accumulation-creation\/#breadcrumb\"},\"inLanguage\":\"fr-FR\",\"potentialAction\":[{\"@type\":\"ReadAction\",\"target\":[\"https:\/\/vosgesinfo.fr\/gerardmerinfo\/2025\/07\/entrelacs-vous-invite-a-une-table-ronde-intitulee-accumulation-creation\/\"]}]},{\"@type\":\"ImageObject\",\"inLanguage\":\"fr-FR\",\"@id\":\"https:\/\/vosgesinfo.fr\/gerardmerinfo\/2025\/07\/entrelacs-vous-invite-a-une-table-ronde-intitulee-accumulation-creation\/#primaryimage\",\"url\":\"https:\/\/vosgesinfo.fr\/app\/uploads\/sites\/6\/2025\/07\/entrelacs-2025-1.jpg\",\"contentUrl\":\"https:\/\/vosgesinfo.fr\/app\/uploads\/sites\/6\/2025\/07\/entrelacs-2025-1.jpg\",\"width\":1417,\"height\":945},{\"@type\":\"BreadcrumbList\",\"@id\":\"https:\/\/vosgesinfo.fr\/gerardmerinfo\/2025\/07\/entrelacs-vous-invite-a-une-table-ronde-intitulee-accumulation-creation\/#breadcrumb\",\"itemListElement\":[{\"@type\":\"ListItem\",\"position\":1,\"name\":\"Home\",\"item\":\"https:\/\/vosgesinfo.fr\/gerardmerinfo\/\"},{\"@type\":\"ListItem\",\"position\":2,\"name\":\"Entrelacs vous invite \u00e0 une table ronde intitul\u00e9e \u00ab\u00a0Accumulation \/ Cr\u00e9ation\u00a0\u00bb\"}]},{\"@type\":\"WebSite\",\"@id\":\"https:\/\/vosgesinfo.fr\/gerardmerinfo\/#website\",\"url\":\"https:\/\/vosgesinfo.fr\/gerardmerinfo\/\",\"name\":\"Gerardmer Info\",\"description\":\"Toute l&#039;actualit\u00e9 de G\u00e9rardmer\",\"publisher\":{\"@id\":\"https:\/\/vosgesinfo.fr\/gerardmerinfo\/#organization\"},\"alternateName\":\"Toute l'actualit\u00e9 de G\u00e9rardmer\",\"potentialAction\":[{\"@type\":\"SearchAction\",\"target\":{\"@type\":\"EntryPoint\",\"urlTemplate\":\"https:\/\/vosgesinfo.fr\/gerardmerinfo\/?s={search_term_string}\"},\"query-input\":\"required name=search_term_string\"}],\"inLanguage\":\"fr-FR\"},{\"@type\":\"Organization\",\"@id\":\"https:\/\/vosgesinfo.fr\/gerardmerinfo\/#organization\",\"name\":\"Gerardmer Info\",\"url\":\"https:\/\/vosgesinfo.fr\/gerardmerinfo\/\",\"logo\":{\"@type\":\"ImageObject\",\"inLanguage\":\"fr-FR\",\"@id\":\"https:\/\/vosgesinfo.fr\/gerardmerinfo\/#\/schema\/logo\/image\/\",\"url\":\"https:\/\/vosgesinfo.fr\/app\/uploads\/sites\/6\/2023\/08\/favicon-gerardmerinfo.png\",\"contentUrl\":\"https:\/\/vosgesinfo.fr\/app\/uploads\/sites\/6\/2023\/08\/favicon-gerardmerinfo.png\",\"width\":512,\"height\":512,\"caption\":\"Gerardmer Info\"},\"image\":{\"@id\":\"https:\/\/vosgesinfo.fr\/gerardmerinfo\/#\/schema\/logo\/image\/\"},\"sameAs\":[\"https:\/\/www.facebook.com\/profile.php?id=100049475262660\",\"https:\/\/x.com\/VosgesInfo88\",\"https:\/\/www.youtube.com\/@vosgesinfo\"]},{\"@type\":\"Person\",\"@id\":\"https:\/\/vosgesinfo.fr\/gerardmerinfo\/#\/schema\/person\/27a3695b06db98895b354c0765cdfc31\",\"name\":\"La redaction\",\"image\":{\"@type\":\"ImageObject\",\"inLanguage\":\"fr-FR\",\"@id\":\"https:\/\/vosgesinfo.fr\/gerardmerinfo\/#\/schema\/person\/image\/\",\"url\":\"https:\/\/secure.gravatar.com\/avatar\/64c76a78e501cedee55736f43f332df901e1896ae9cd8fad269ae2236dd0e8b6?s=96&d=mm&r=g\",\"contentUrl\":\"https:\/\/secure.gravatar.com\/avatar\/64c76a78e501cedee55736f43f332df901e1896ae9cd8fad269ae2236dd0e8b6?s=96&d=mm&r=g\",\"caption\":\"La redaction\"},\"url\":\"https:\/\/vosgesinfo.fr\/gerardmerinfo\/author\/la-redaction\/\"}]}<\/script>\n<!-- \/ Yoast SEO plugin. -->","yoast_head_json":{"title":"Entrelacs vous invite \u00e0 une table ronde intitul\u00e9e \u00ab\u00a0Accumulation \/ Cr\u00e9ation\u00a0\u00bb - Gerardmer Info","robots":{"index":"index","follow":"follow","max-snippet":"max-snippet:-1","max-image-preview":"max-image-preview:large","max-video-preview":"max-video-preview:-1"},"canonical":"https:\/\/vosgesinfo.fr\/gerardmerinfo\/2025\/07\/entrelacs-vous-invite-a-une-table-ronde-intitulee-accumulation-creation\/","twitter_card":"summary_large_image","twitter_title":"Entrelacs vous invite \u00e0 une table ronde intitul\u00e9e \u00ab\u00a0Accumulation \/ Cr\u00e9ation\u00a0\u00bb - Gerardmer Info","twitter_description":"&nbsp; Le 25 juillet \u00e0 16h30, dans le cadre de son exposition estivale \u00e0 l&rsquo;espace Tilleul de G\u00e9rardmer, Entrelacs organise [&hellip;]","twitter_image":"https:\/\/vosgesinfo.fr\/app\/uploads\/sites\/6\/2025\/07\/entrelacs-2025-1.jpg","twitter_creator":"@VosgesInfo88","twitter_site":"@VosgesInfo88","twitter_misc":{"\u00c9crit par":"La redaction","Dur\u00e9e de lecture estim\u00e9e":"1 minute"},"schema":{"@context":"https:\/\/schema.org","@graph":[{"@type":"Article","@id":"https:\/\/vosgesinfo.fr\/gerardmerinfo\/2025\/07\/entrelacs-vous-invite-a-une-table-ronde-intitulee-accumulation-creation\/#article","isPartOf":{"@id":"https:\/\/vosgesinfo.fr\/gerardmerinfo\/2025\/07\/entrelacs-vous-invite-a-une-table-ronde-intitulee-accumulation-creation\/"},"author":{"name":"La redaction","@id":"https:\/\/vosgesinfo.fr\/gerardmerinfo\/#\/schema\/person\/27a3695b06db98895b354c0765cdfc31"},"headline":"Entrelacs vous invite \u00e0 une table ronde intitul\u00e9e \u00ab\u00a0Accumulation \/ Cr\u00e9ation\u00a0\u00bb","datePublished":"2025-07-21T03:52:18+00:00","dateModified":"2025-07-18T14:22:40+00:00","mainEntityOfPage":{"@id":"https:\/\/vosgesinfo.fr\/gerardmerinfo\/2025\/07\/entrelacs-vous-invite-a-une-table-ronde-intitulee-accumulation-creation\/"},"wordCount":131,"commentCount":0,"publisher":{"@id":"https:\/\/vosgesinfo.fr\/gerardmerinfo\/#organization"},"image":{"@id":"https:\/\/vosgesinfo.fr\/gerardmerinfo\/2025\/07\/entrelacs-vous-invite-a-une-table-ronde-intitulee-accumulation-creation\/#primaryimage"},"thumbnailUrl":"https:\/\/vosgesinfo.fr\/app\/uploads\/sites\/6\/2025\/07\/entrelacs-2025-1.jpg","keywords":["Exposition ENTRELACS"],"articleSection":["A la une","Gerardmer","Remiremont"],"inLanguage":"fr-FR","potentialAction":[{"@type":"CommentAction","name":"Comment","target":["https:\/\/vosgesinfo.fr\/gerardmerinfo\/2025\/07\/entrelacs-vous-invite-a-une-table-ronde-intitulee-accumulation-creation\/#respond"]}]},{"@type":"WebPage","@id":"https:\/\/vosgesinfo.fr\/gerardmerinfo\/2025\/07\/entrelacs-vous-invite-a-une-table-ronde-intitulee-accumulation-creation\/","url":"https:\/\/vosgesinfo.fr\/gerardmerinfo\/2025\/07\/entrelacs-vous-invite-a-une-table-ronde-intitulee-accumulation-creation\/","name":"Entrelacs vous invite \u00e0 une table ronde intitul\u00e9e \u00ab\u00a0Accumulation \/ Cr\u00e9ation\u00a0\u00bb - Gerardmer Info","isPartOf":{"@id":"https:\/\/vosgesinfo.fr\/gerardmerinfo\/#website"},"primaryImageOfPage":{"@id":"https:\/\/vosgesinfo.fr\/gerardmerinfo\/2025\/07\/entrelacs-vous-invite-a-une-table-ronde-intitulee-accumulation-creation\/#primaryimage"},"image":{"@id":"https:\/\/vosgesinfo.fr\/gerardmerinfo\/2025\/07\/entrelacs-vous-invite-a-une-table-ronde-intitulee-accumulation-creation\/#primaryimage"},"thumbnailUrl":"https:\/\/vosgesinfo.fr\/app\/uploads\/sites\/6\/2025\/07\/entrelacs-2025-1.jpg","datePublished":"2025-07-21T03:52:18+00:00","dateModified":"2025-07-18T14:22:40+00:00","breadcrumb":{"@id":"https:\/\/vosgesinfo.fr\/gerardmerinfo\/2025\/07\/entrelacs-vous-invite-a-une-table-ronde-intitulee-accumulation-creation\/#breadcrumb"},"inLanguage":"fr-FR","potentialAction":[{"@type":"ReadAction","target":["https:\/\/vosgesinfo.fr\/gerardmerinfo\/2025\/07\/entrelacs-vous-invite-a-une-table-ronde-intitulee-accumulation-creation\/"]}]},{"@type":"ImageObject","inLanguage":"fr-FR","@id":"https:\/\/vosgesinfo.fr\/gerardmerinfo\/2025\/07\/entrelacs-vous-invite-a-une-table-ronde-intitulee-accumulation-creation\/#primaryimage","url":"https:\/\/vosgesinfo.fr\/app\/uploads\/sites\/6\/2025\/07\/entrelacs-2025-1.jpg","contentUrl":"https:\/\/vosgesinfo.fr\/app\/uploads\/sites\/6\/2025\/07\/entrelacs-2025-1.jpg","width":1417,"height":945},{"@type":"BreadcrumbList","@id":"https:\/\/vosgesinfo.fr\/gerardmerinfo\/2025\/07\/entrelacs-vous-invite-a-une-table-ronde-intitulee-accumulation-creation\/#breadcrumb","itemListElement":[{"@type":"ListItem","position":1,"name":"Home","item":"https:\/\/vosgesinfo.fr\/gerardmerinfo\/"},{"@type":"ListItem","position":2,"name":"Entrelacs vous invite \u00e0 une table ronde intitul\u00e9e \u00ab\u00a0Accumulation \/ Cr\u00e9ation\u00a0\u00bb"}]},{"@type":"WebSite","@id":"https:\/\/vosgesinfo.fr\/gerardmerinfo\/#website","url":"https:\/\/vosgesinfo.fr\/gerardmerinfo\/","name":"Gerardmer Info","description":"Toute l&#039;actualit\u00e9 de G\u00e9rardmer","publisher":{"@id":"https:\/\/vosgesinfo.fr\/gerardmerinfo\/#organization"},"alternateName":"Toute l'actualit\u00e9 de G\u00e9rardmer","potentialAction":[{"@type":"SearchAction","target":{"@type":"EntryPoint","urlTemplate":"https:\/\/vosgesinfo.fr\/gerardmerinfo\/?s={search_term_string}"},"query-input":"required name=search_term_string"}],"inLanguage":"fr-FR"},{"@type":"Organization","@id":"https:\/\/vosgesinfo.fr\/gerardmerinfo\/#organization","name":"Gerardmer Info","url":"https:\/\/vosgesinfo.fr\/gerardmerinfo\/","logo":{"@type":"ImageObject","inLanguage":"fr-FR","@id":"https:\/\/vosgesinfo.fr\/gerardmerinfo\/#\/schema\/logo\/image\/","url":"https:\/\/vosgesinfo.fr\/app\/uploads\/sites\/6\/2023\/08\/favicon-gerardmerinfo.png","contentUrl":"https:\/\/vosgesinfo.fr\/app\/uploads\/sites\/6\/2023\/08\/favicon-gerardmerinfo.png","width":512,"height":512,"caption":"Gerardmer Info"},"image":{"@id":"https:\/\/vosgesinfo.fr\/gerardmerinfo\/#\/schema\/logo\/image\/"},"sameAs":["https:\/\/www.facebook.com\/profile.php?id=100049475262660","https:\/\/x.com\/VosgesInfo88","https:\/\/www.youtube.com\/@vosgesinfo"]},{"@type":"Person","@id":"https:\/\/vosgesinfo.fr\/gerardmerinfo\/#\/schema\/person\/27a3695b06db98895b354c0765cdfc31","name":"La redaction","image":{"@type":"ImageObject","inLanguage":"fr-FR","@id":"https:\/\/vosgesinfo.fr\/gerardmerinfo\/#\/schema\/person\/image\/","url":"https:\/\/secure.gravatar.com\/avatar\/64c76a78e501cedee55736f43f332df901e1896ae9cd8fad269ae2236dd0e8b6?s=96&d=mm&r=g","contentUrl":"https:\/\/secure.gravatar.com\/avatar\/64c76a78e501cedee55736f43f332df901e1896ae9cd8fad269ae2236dd0e8b6?s=96&d=mm&r=g","caption":"La redaction"},"url":"https:\/\/vosgesinfo.fr\/gerardmerinfo\/author\/la-redaction\/"}]}},"_links":{"self":[{"href":"https:\/\/vosgesinfo.fr\/gerardmerinfo\/wp-json\/wp\/v2\/posts\/80703","targetHints":{"allow":["GET"]}}],"collection":[{"href":"https:\/\/vosgesinfo.fr\/gerardmerinfo\/wp-json\/wp\/v2\/posts"}],"about":[{"href":"https:\/\/vosgesinfo.fr\/gerardmerinfo\/wp-json\/wp\/v2\/types\/post"}],"author":[{"embeddable":true,"href":"https:\/\/vosgesinfo.fr\/gerardmerinfo\/wp-json\/wp\/v2\/users\/391"}],"replies":[{"embeddable":true,"href":"https:\/\/vosgesinfo.fr\/gerardmerinfo\/wp-json\/wp\/v2\/comments?post=80703"}],"version-history":[{"count":1,"href":"https:\/\/vosgesinfo.fr\/gerardmerinfo\/wp-json\/wp\/v2\/posts\/80703\/revisions"}],"predecessor-version":[{"id":80712,"href":"https:\/\/vosgesinfo.fr\/gerardmerinfo\/wp-json\/wp\/v2\/posts\/80703\/revisions\/80712"}],"wp:featuredmedia":[{"embeddable":true,"href":"https:\/\/vosgesinfo.fr\/gerardmerinfo\/wp-json\/wp\/v2\/media\/80711"}],"wp:attachment":[{"href":"https:\/\/vosgesinfo.fr\/gerardmerinfo\/wp-json\/wp\/v2\/media?parent=80703"}],"wp:term":[{"taxonomy":"category","embeddable":true,"href":"https:\/\/vosgesinfo.fr\/gerardmerinfo\/wp-json\/wp\/v2\/categories?post=80703"},{"taxonomy":"post_tag","embeddable":true,"href":"https:\/\/vosgesinfo.fr\/gerardmerinfo\/wp-json\/wp\/v2\/tags?post=80703"}],"curies":[{"name":"wp","href":"https:\/\/api.w.org\/{rel}","templated":true}]}}