{"id":80722,"date":"2025-07-19T09:19:47","date_gmt":"2025-07-19T07:19:47","guid":{"rendered":"https:\/\/vosgesinfo.fr\/gerardmerinfo\/?p=80722"},"modified":"2025-07-19T09:19:47","modified_gmt":"2025-07-19T07:19:47","slug":"cet-ete-apprenez-a-nager-en-toute-securite-avec-naage","status":"publish","type":"post","link":"https:\/\/vosgesinfo.fr\/gerardmerinfo\/2025\/07\/cet-ete-apprenez-a-nager-en-toute-securite-avec-naage\/","title":{"rendered":"Cet \u00e9t\u00e9, apprenez \u00e0 nager en toute s\u00e9curit\u00e9 avec NAAGE"},"content":{"rendered":"<p><a href=\"https:\/\/vosgesinfo.fr\/app\/uploads\/sites\/3\/2024\/08\/202109bebe-nageur.jpg\"><img decoding=\"async\" class=\"alignnone size-full wp-image-111771\" src=\"https:\/\/vosgesinfo.fr\/app\/uploads\/sites\/3\/2024\/08\/202109bebe-nageur.jpg\" alt=\"\" width=\"800\" height=\"600\" \/><\/a>Cet \u00e9t\u00e9, apprenez \u00e0 nager en toute s\u00e9curit\u00e9 avec NAAGE<br \/>\nLes constats nationaux et r\u00e9gionaux sont sans appel : les noyades restent la premi\u00e8re cause de mortalit\u00e9 par accident de la vie courante chez les moins de 25 ans, et concernent 1 000 d\u00e9c\u00e8s par an, soit quatre par jour en p\u00e9riode estivale.<br \/>\nNAAGE, (Nouvelle Aisance Aquatique en Grand Est) premier projet phare de la Conf\u00e9rence R\u00e9gionale du Sport Grand Est, s\u2019inscrit dans les priorit\u00e9s d\u2019actions du Projet Sportif Territorial (PST). Ce dernier est un projet strat\u00e9gique \u00e9labor\u00e9 par les membres de la CRDS visant \u00e0 d\u00e9velopper et structurer la pratique sportive sur la R\u00e9gion Grand Est. NAAGE r\u00e9pond ainsi \u00e0 l\u2019objectif essentiel de pr\u00e9vention des noyades.<br \/>\nLe projet NAAGE s\u2019articule autour de plusieurs objectifs :<br \/>\nD\u00e9velopper ou entretenir les comp\u00e9tences fondamentales d\u2019aisance aquatique<br \/>\nEncourager la pratique sportive des populations en situation de pr\u00e9carit\u00e9 et lutter contre les in\u00e9galit\u00e9s d\u2019acc\u00e8s \u00e0 la pratique sportive.<br \/>\n<strong>Mettre en place un r\u00e9seau d\u2019accompagnement des acteurs sur les diff\u00e9rents cursus de formation<\/strong><br \/>\nPour l\u2019ann\u00e9e 2025, le projet s\u2019enrichit avec l\u2019int\u00e9gration de publics en situation de handicap ainsi que des enfants<br \/>\naccueillis en Accueils Collectifs de Mineurs (ACM).<br \/>\nSite internet CRDS<br \/>\nUne journ\u00e9e type :<br \/>\n10h \u00e0 11h : apprentissage de la natation, ouvert \u00e0 tout public, sans restriction d\u2019\u00e2ge<br \/>\n11h \u00e0 12h : nagez forme bien-\u00eatre (s\u00e9ance d\u2019aquagym)<br \/>\n14h \u00e0 16h : beach polo, initiation au waterpolo<br \/>\n16h15 \u00e0 17h15 : apprentissage de la natation, ouvert \u00e0 tout public, sans restriction d\u2019\u00e2ge<br \/>\n17h15 \u00e0 18h15 : nager grandeur nature, d\u00e9veloppement des comp\u00e9tences natatoires<br \/>\nLes lieux et dates des activit\u00e9s NAAGE :<br \/>\ndu 07 au 19 juillet sur la base de loisirs intercommunale de Favi\u00e8res (54)<br \/>\ndu 15 au 25 juillet \u00e0 Metz plage (57)<br \/>\ndu 21 juillet au 1er ao\u00fbt au lac de la For\u00eat d\u2019Orient (10)<br \/>\ndu 28 juillet au 08 ao\u00fbt au lac des Vieilles Forges (08)<br \/>\ndu 04 au 16 ao\u00fbt au lac du Der (51 et 52)<br \/>\ndu 11 au 22 ao\u00fbt sur la base de Thaon Les Vosges (88)<br \/>\ndu 18 au 29 ao\u00fbt sur le plan d\u2019eau de Benfeld<\/p>\n","protected":false},"excerpt":{"rendered":"<p>Cet \u00e9t\u00e9, apprenez \u00e0 nager en toute s\u00e9curit\u00e9 avec NAAGE Les constats nationaux et r\u00e9gionaux sont sans appel : les [&hellip;]<\/p>\n","protected":false},"author":39,"featured_media":80723,"comment_status":"open","ping_status":"open","sticky":false,"template":"","format":"standard","meta":{"footnotes":""},"categories":[20,878,25,328,868,946],"tags":[],"class_list":["post-80722","post","type-post","status-publish","format-standard","has-post-thumbnail","hentry","category-a-la-une","category-epinal","category-gerardmer","category-la-plaine-des-vosges","category-remiremont","category-saint-die"],"acf":[],"yoast_head":"<!-- This site is optimized with the Yoast SEO plugin v22.5 - https:\/\/yoast.com\/wordpress\/plugins\/seo\/ -->\n<title>Cet \u00e9t\u00e9, apprenez \u00e0 nager en toute s\u00e9curit\u00e9 avec NAAGE - Gerardmer Info<\/title>\n<meta name=\"robots\" content=\"index, follow, max-snippet:-1, max-image-preview:large, max-video-preview:-1\" \/>\n<link rel=\"canonical\" href=\"https:\/\/vosgesinfo.fr\/gerardmerinfo\/2025\/07\/cet-ete-apprenez-a-nager-en-toute-securite-avec-naage\/\" \/>\n<meta name=\"twitter:card\" content=\"summary_large_image\" \/>\n<meta name=\"twitter:title\" content=\"Cet \u00e9t\u00e9, apprenez \u00e0 nager en toute s\u00e9curit\u00e9 avec NAAGE - Gerardmer Info\" \/>\n<meta name=\"twitter:description\" content=\"Cet \u00e9t\u00e9, apprenez \u00e0 nager en toute s\u00e9curit\u00e9 avec NAAGE Les constats nationaux et r\u00e9gionaux sont sans appel : les [&hellip;]\" \/>\n<meta name=\"twitter:image\" content=\"https:\/\/vosgesinfo.fr\/app\/uploads\/sites\/6\/2025\/07\/202109bebe-nageur.jpg\" \/>\n<meta name=\"twitter:creator\" content=\"@VosgesInfo88\" \/>\n<meta name=\"twitter:site\" content=\"@VosgesInfo88\" \/>\n<meta name=\"twitter:label1\" content=\"\u00c9crit par\" \/>\n\t<meta name=\"twitter:data1\" content=\"Phj\" \/>\n\t<meta name=\"twitter:label2\" content=\"Dur\u00e9e de lecture estim\u00e9e\" \/>\n\t<meta name=\"twitter:data2\" content=\"2 minutes\" \/>\n<script type=\"application\/ld+json\" class=\"yoast-schema-graph\">{\"@context\":\"https:\/\/schema.org\",\"@graph\":[{\"@type\":\"Article\",\"@id\":\"https:\/\/vosgesinfo.fr\/gerardmerinfo\/2025\/07\/cet-ete-apprenez-a-nager-en-toute-securite-avec-naage\/#article\",\"isPartOf\":{\"@id\":\"https:\/\/vosgesinfo.fr\/gerardmerinfo\/2025\/07\/cet-ete-apprenez-a-nager-en-toute-securite-avec-naage\/\"},\"author\":{\"name\":\"Phj\",\"@id\":\"https:\/\/vosgesinfo.fr\/gerardmerinfo\/#\/schema\/person\/4f57dc393faf2ac8b9f1cab30ad79250\"},\"headline\":\"Cet \u00e9t\u00e9, apprenez \u00e0 nager en toute s\u00e9curit\u00e9 avec NAAGE\",\"datePublished\":\"2025-07-19T07:19:47+00:00\",\"dateModified\":\"2025-07-19T07:19:47+00:00\",\"mainEntityOfPage\":{\"@id\":\"https:\/\/vosgesinfo.fr\/gerardmerinfo\/2025\/07\/cet-ete-apprenez-a-nager-en-toute-securite-avec-naage\/\"},\"wordCount\":368,\"commentCount\":0,\"publisher\":{\"@id\":\"https:\/\/vosgesinfo.fr\/gerardmerinfo\/#organization\"},\"image\":{\"@id\":\"https:\/\/vosgesinfo.fr\/gerardmerinfo\/2025\/07\/cet-ete-apprenez-a-nager-en-toute-securite-avec-naage\/#primaryimage\"},\"thumbnailUrl\":\"https:\/\/vosgesinfo.fr\/app\/uploads\/sites\/6\/2025\/07\/202109bebe-nageur.jpg\",\"articleSection\":[\"A la une\",\"Epinal\",\"G\u00e9rardmer\",\"La plaine des vosges\",\"Remiremont\",\"Saint-di\u00e9\"],\"inLanguage\":\"fr-FR\",\"potentialAction\":[{\"@type\":\"CommentAction\",\"name\":\"Comment\",\"target\":[\"https:\/\/vosgesinfo.fr\/gerardmerinfo\/2025\/07\/cet-ete-apprenez-a-nager-en-toute-securite-avec-naage\/#respond\"]}]},{\"@type\":\"WebPage\",\"@id\":\"https:\/\/vosgesinfo.fr\/gerardmerinfo\/2025\/07\/cet-ete-apprenez-a-nager-en-toute-securite-avec-naage\/\",\"url\":\"https:\/\/vosgesinfo.fr\/gerardmerinfo\/2025\/07\/cet-ete-apprenez-a-nager-en-toute-securite-avec-naage\/\",\"name\":\"Cet \u00e9t\u00e9, apprenez \u00e0 nager en toute s\u00e9curit\u00e9 avec NAAGE - Gerardmer Info\",\"isPartOf\":{\"@id\":\"https:\/\/vosgesinfo.fr\/gerardmerinfo\/#website\"},\"primaryImageOfPage\":{\"@id\":\"https:\/\/vosgesinfo.fr\/gerardmerinfo\/2025\/07\/cet-ete-apprenez-a-nager-en-toute-securite-avec-naage\/#primaryimage\"},\"image\":{\"@id\":\"https:\/\/vosgesinfo.fr\/gerardmerinfo\/2025\/07\/cet-ete-apprenez-a-nager-en-toute-securite-avec-naage\/#primaryimage\"},\"thumbnailUrl\":\"https:\/\/vosgesinfo.fr\/app\/uploads\/sites\/6\/2025\/07\/202109bebe-nageur.jpg\",\"datePublished\":\"2025-07-19T07:19:47+00:00\",\"dateModified\":\"2025-07-19T07:19:47+00:00\",\"breadcrumb\":{\"@id\":\"https:\/\/vosgesinfo.fr\/gerardmerinfo\/2025\/07\/cet-ete-apprenez-a-nager-en-toute-securite-avec-naage\/#breadcrumb\"},\"inLanguage\":\"fr-FR\",\"potentialAction\":[{\"@type\":\"ReadAction\",\"target\":[\"https:\/\/vosgesinfo.fr\/gerardmerinfo\/2025\/07\/cet-ete-apprenez-a-nager-en-toute-securite-avec-naage\/\"]}]},{\"@type\":\"ImageObject\",\"inLanguage\":\"fr-FR\",\"@id\":\"https:\/\/vosgesinfo.fr\/gerardmerinfo\/2025\/07\/cet-ete-apprenez-a-nager-en-toute-securite-avec-naage\/#primaryimage\",\"url\":\"https:\/\/vosgesinfo.fr\/app\/uploads\/sites\/6\/2025\/07\/202109bebe-nageur.jpg\",\"contentUrl\":\"https:\/\/vosgesinfo.fr\/app\/uploads\/sites\/6\/2025\/07\/202109bebe-nageur.jpg\",\"width\":800,\"height\":600},{\"@type\":\"BreadcrumbList\",\"@id\":\"https:\/\/vosgesinfo.fr\/gerardmerinfo\/2025\/07\/cet-ete-apprenez-a-nager-en-toute-securite-avec-naage\/#breadcrumb\",\"itemListElement\":[{\"@type\":\"ListItem\",\"position\":1,\"name\":\"Home\",\"item\":\"https:\/\/vosgesinfo.fr\/gerardmerinfo\/\"},{\"@type\":\"ListItem\",\"position\":2,\"name\":\"Cet \u00e9t\u00e9, apprenez \u00e0 nager en toute s\u00e9curit\u00e9 avec NAAGE\"}]},{\"@type\":\"WebSite\",\"@id\":\"https:\/\/vosgesinfo.fr\/gerardmerinfo\/#website\",\"url\":\"https:\/\/vosgesinfo.fr\/gerardmerinfo\/\",\"name\":\"Gerardmer Info\",\"description\":\"Toute l&#039;actualit\u00e9 de G\u00e9rardmer\",\"publisher\":{\"@id\":\"https:\/\/vosgesinfo.fr\/gerardmerinfo\/#organization\"},\"alternateName\":\"Toute l'actualit\u00e9 de G\u00e9rardmer\",\"potentialAction\":[{\"@type\":\"SearchAction\",\"target\":{\"@type\":\"EntryPoint\",\"urlTemplate\":\"https:\/\/vosgesinfo.fr\/gerardmerinfo\/?s={search_term_string}\"},\"query-input\":\"required name=search_term_string\"}],\"inLanguage\":\"fr-FR\"},{\"@type\":\"Organization\",\"@id\":\"https:\/\/vosgesinfo.fr\/gerardmerinfo\/#organization\",\"name\":\"Gerardmer Info\",\"url\":\"https:\/\/vosgesinfo.fr\/gerardmerinfo\/\",\"logo\":{\"@type\":\"ImageObject\",\"inLanguage\":\"fr-FR\",\"@id\":\"https:\/\/vosgesinfo.fr\/gerardmerinfo\/#\/schema\/logo\/image\/\",\"url\":\"https:\/\/vosgesinfo.fr\/app\/uploads\/sites\/6\/2023\/08\/favicon-gerardmerinfo.png\",\"contentUrl\":\"https:\/\/vosgesinfo.fr\/app\/uploads\/sites\/6\/2023\/08\/favicon-gerardmerinfo.png\",\"width\":512,\"height\":512,\"caption\":\"Gerardmer Info\"},\"image\":{\"@id\":\"https:\/\/vosgesinfo.fr\/gerardmerinfo\/#\/schema\/logo\/image\/\"},\"sameAs\":[\"https:\/\/www.facebook.com\/profile.php?id=100049475262660\",\"https:\/\/x.com\/VosgesInfo88\",\"https:\/\/www.youtube.com\/@vosgesinfo\"]},{\"@type\":\"Person\",\"@id\":\"https:\/\/vosgesinfo.fr\/gerardmerinfo\/#\/schema\/person\/4f57dc393faf2ac8b9f1cab30ad79250\",\"name\":\"Phj\",\"image\":{\"@type\":\"ImageObject\",\"inLanguage\":\"fr-FR\",\"@id\":\"https:\/\/vosgesinfo.fr\/gerardmerinfo\/#\/schema\/person\/image\/\",\"url\":\"https:\/\/secure.gravatar.com\/avatar\/ada60265080fb9a89c9809bf0abb1f448a128cb85db1c08905baa5038fbe3cfe?s=96&d=mm&r=g\",\"contentUrl\":\"https:\/\/secure.gravatar.com\/avatar\/ada60265080fb9a89c9809bf0abb1f448a128cb85db1c08905baa5038fbe3cfe?s=96&d=mm&r=g\",\"caption\":\"Phj\"},\"url\":\"https:\/\/vosgesinfo.fr\/gerardmerinfo\/author\/phj\/\"}]}<\/script>\n<!-- \/ Yoast SEO plugin. -->","yoast_head_json":{"title":"Cet \u00e9t\u00e9, apprenez \u00e0 nager en toute s\u00e9curit\u00e9 avec NAAGE - Gerardmer Info","robots":{"index":"index","follow":"follow","max-snippet":"max-snippet:-1","max-image-preview":"max-image-preview:large","max-video-preview":"max-video-preview:-1"},"canonical":"https:\/\/vosgesinfo.fr\/gerardmerinfo\/2025\/07\/cet-ete-apprenez-a-nager-en-toute-securite-avec-naage\/","twitter_card":"summary_large_image","twitter_title":"Cet \u00e9t\u00e9, apprenez \u00e0 nager en toute s\u00e9curit\u00e9 avec NAAGE - Gerardmer Info","twitter_description":"Cet \u00e9t\u00e9, apprenez \u00e0 nager en toute s\u00e9curit\u00e9 avec NAAGE Les constats nationaux et r\u00e9gionaux sont sans appel : les [&hellip;]","twitter_image":"https:\/\/vosgesinfo.fr\/app\/uploads\/sites\/6\/2025\/07\/202109bebe-nageur.jpg","twitter_creator":"@VosgesInfo88","twitter_site":"@VosgesInfo88","twitter_misc":{"\u00c9crit par":"Phj","Dur\u00e9e de lecture estim\u00e9e":"2 minutes"},"schema":{"@context":"https:\/\/schema.org","@graph":[{"@type":"Article","@id":"https:\/\/vosgesinfo.fr\/gerardmerinfo\/2025\/07\/cet-ete-apprenez-a-nager-en-toute-securite-avec-naage\/#article","isPartOf":{"@id":"https:\/\/vosgesinfo.fr\/gerardmerinfo\/2025\/07\/cet-ete-apprenez-a-nager-en-toute-securite-avec-naage\/"},"author":{"name":"Phj","@id":"https:\/\/vosgesinfo.fr\/gerardmerinfo\/#\/schema\/person\/4f57dc393faf2ac8b9f1cab30ad79250"},"headline":"Cet \u00e9t\u00e9, apprenez \u00e0 nager en toute s\u00e9curit\u00e9 avec NAAGE","datePublished":"2025-07-19T07:19:47+00:00","dateModified":"2025-07-19T07:19:47+00:00","mainEntityOfPage":{"@id":"https:\/\/vosgesinfo.fr\/gerardmerinfo\/2025\/07\/cet-ete-apprenez-a-nager-en-toute-securite-avec-naage\/"},"wordCount":368,"commentCount":0,"publisher":{"@id":"https:\/\/vosgesinfo.fr\/gerardmerinfo\/#organization"},"image":{"@id":"https:\/\/vosgesinfo.fr\/gerardmerinfo\/2025\/07\/cet-ete-apprenez-a-nager-en-toute-securite-avec-naage\/#primaryimage"},"thumbnailUrl":"https:\/\/vosgesinfo.fr\/app\/uploads\/sites\/6\/2025\/07\/202109bebe-nageur.jpg","articleSection":["A la une","Epinal","G\u00e9rardmer","La plaine des vosges","Remiremont","Saint-di\u00e9"],"inLanguage":"fr-FR","potentialAction":[{"@type":"CommentAction","name":"Comment","target":["https:\/\/vosgesinfo.fr\/gerardmerinfo\/2025\/07\/cet-ete-apprenez-a-nager-en-toute-securite-avec-naage\/#respond"]}]},{"@type":"WebPage","@id":"https:\/\/vosgesinfo.fr\/gerardmerinfo\/2025\/07\/cet-ete-apprenez-a-nager-en-toute-securite-avec-naage\/","url":"https:\/\/vosgesinfo.fr\/gerardmerinfo\/2025\/07\/cet-ete-apprenez-a-nager-en-toute-securite-avec-naage\/","name":"Cet \u00e9t\u00e9, apprenez \u00e0 nager en toute s\u00e9curit\u00e9 avec NAAGE - Gerardmer Info","isPartOf":{"@id":"https:\/\/vosgesinfo.fr\/gerardmerinfo\/#website"},"primaryImageOfPage":{"@id":"https:\/\/vosgesinfo.fr\/gerardmerinfo\/2025\/07\/cet-ete-apprenez-a-nager-en-toute-securite-avec-naage\/#primaryimage"},"image":{"@id":"https:\/\/vosgesinfo.fr\/gerardmerinfo\/2025\/07\/cet-ete-apprenez-a-nager-en-toute-securite-avec-naage\/#primaryimage"},"thumbnailUrl":"https:\/\/vosgesinfo.fr\/app\/uploads\/sites\/6\/2025\/07\/202109bebe-nageur.jpg","datePublished":"2025-07-19T07:19:47+00:00","dateModified":"2025-07-19T07:19:47+00:00","breadcrumb":{"@id":"https:\/\/vosgesinfo.fr\/gerardmerinfo\/2025\/07\/cet-ete-apprenez-a-nager-en-toute-securite-avec-naage\/#breadcrumb"},"inLanguage":"fr-FR","potentialAction":[{"@type":"ReadAction","target":["https:\/\/vosgesinfo.fr\/gerardmerinfo\/2025\/07\/cet-ete-apprenez-a-nager-en-toute-securite-avec-naage\/"]}]},{"@type":"ImageObject","inLanguage":"fr-FR","@id":"https:\/\/vosgesinfo.fr\/gerardmerinfo\/2025\/07\/cet-ete-apprenez-a-nager-en-toute-securite-avec-naage\/#primaryimage","url":"https:\/\/vosgesinfo.fr\/app\/uploads\/sites\/6\/2025\/07\/202109bebe-nageur.jpg","contentUrl":"https:\/\/vosgesinfo.fr\/app\/uploads\/sites\/6\/2025\/07\/202109bebe-nageur.jpg","width":800,"height":600},{"@type":"BreadcrumbList","@id":"https:\/\/vosgesinfo.fr\/gerardmerinfo\/2025\/07\/cet-ete-apprenez-a-nager-en-toute-securite-avec-naage\/#breadcrumb","itemListElement":[{"@type":"ListItem","position":1,"name":"Home","item":"https:\/\/vosgesinfo.fr\/gerardmerinfo\/"},{"@type":"ListItem","position":2,"name":"Cet \u00e9t\u00e9, apprenez \u00e0 nager en toute s\u00e9curit\u00e9 avec NAAGE"}]},{"@type":"WebSite","@id":"https:\/\/vosgesinfo.fr\/gerardmerinfo\/#website","url":"https:\/\/vosgesinfo.fr\/gerardmerinfo\/","name":"Gerardmer Info","description":"Toute l&#039;actualit\u00e9 de G\u00e9rardmer","publisher":{"@id":"https:\/\/vosgesinfo.fr\/gerardmerinfo\/#organization"},"alternateName":"Toute l'actualit\u00e9 de G\u00e9rardmer","potentialAction":[{"@type":"SearchAction","target":{"@type":"EntryPoint","urlTemplate":"https:\/\/vosgesinfo.fr\/gerardmerinfo\/?s={search_term_string}"},"query-input":"required name=search_term_string"}],"inLanguage":"fr-FR"},{"@type":"Organization","@id":"https:\/\/vosgesinfo.fr\/gerardmerinfo\/#organization","name":"Gerardmer Info","url":"https:\/\/vosgesinfo.fr\/gerardmerinfo\/","logo":{"@type":"ImageObject","inLanguage":"fr-FR","@id":"https:\/\/vosgesinfo.fr\/gerardmerinfo\/#\/schema\/logo\/image\/","url":"https:\/\/vosgesinfo.fr\/app\/uploads\/sites\/6\/2023\/08\/favicon-gerardmerinfo.png","contentUrl":"https:\/\/vosgesinfo.fr\/app\/uploads\/sites\/6\/2023\/08\/favicon-gerardmerinfo.png","width":512,"height":512,"caption":"Gerardmer Info"},"image":{"@id":"https:\/\/vosgesinfo.fr\/gerardmerinfo\/#\/schema\/logo\/image\/"},"sameAs":["https:\/\/www.facebook.com\/profile.php?id=100049475262660","https:\/\/x.com\/VosgesInfo88","https:\/\/www.youtube.com\/@vosgesinfo"]},{"@type":"Person","@id":"https:\/\/vosgesinfo.fr\/gerardmerinfo\/#\/schema\/person\/4f57dc393faf2ac8b9f1cab30ad79250","name":"Phj","image":{"@type":"ImageObject","inLanguage":"fr-FR","@id":"https:\/\/vosgesinfo.fr\/gerardmerinfo\/#\/schema\/person\/image\/","url":"https:\/\/secure.gravatar.com\/avatar\/ada60265080fb9a89c9809bf0abb1f448a128cb85db1c08905baa5038fbe3cfe?s=96&d=mm&r=g","contentUrl":"https:\/\/secure.gravatar.com\/avatar\/ada60265080fb9a89c9809bf0abb1f448a128cb85db1c08905baa5038fbe3cfe?s=96&d=mm&r=g","caption":"Phj"},"url":"https:\/\/vosgesinfo.fr\/gerardmerinfo\/author\/phj\/"}]}},"_links":{"self":[{"href":"https:\/\/vosgesinfo.fr\/gerardmerinfo\/wp-json\/wp\/v2\/posts\/80722","targetHints":{"allow":["GET"]}}],"collection":[{"href":"https:\/\/vosgesinfo.fr\/gerardmerinfo\/wp-json\/wp\/v2\/posts"}],"about":[{"href":"https:\/\/vosgesinfo.fr\/gerardmerinfo\/wp-json\/wp\/v2\/types\/post"}],"author":[{"embeddable":true,"href":"https:\/\/vosgesinfo.fr\/gerardmerinfo\/wp-json\/wp\/v2\/users\/39"}],"replies":[{"embeddable":true,"href":"https:\/\/vosgesinfo.fr\/gerardmerinfo\/wp-json\/wp\/v2\/comments?post=80722"}],"version-history":[{"count":0,"href":"https:\/\/vosgesinfo.fr\/gerardmerinfo\/wp-json\/wp\/v2\/posts\/80722\/revisions"}],"wp:featuredmedia":[{"embeddable":true,"href":"https:\/\/vosgesinfo.fr\/gerardmerinfo\/wp-json\/wp\/v2\/media\/80723"}],"wp:attachment":[{"href":"https:\/\/vosgesinfo.fr\/gerardmerinfo\/wp-json\/wp\/v2\/media?parent=80722"}],"wp:term":[{"taxonomy":"category","embeddable":true,"href":"https:\/\/vosgesinfo.fr\/gerardmerinfo\/wp-json\/wp\/v2\/categories?post=80722"},{"taxonomy":"post_tag","embeddable":true,"href":"https:\/\/vosgesinfo.fr\/gerardmerinfo\/wp-json\/wp\/v2\/tags?post=80722"}],"curies":[{"name":"wp","href":"https:\/\/api.w.org\/{rel}","templated":true}]}}