{"id":80724,"date":"2025-07-19T16:17:07","date_gmt":"2025-07-19T14:17:07","guid":{"rendered":"https:\/\/vosgesinfo.fr\/gerardmerinfo\/?p=80724"},"modified":"2025-07-19T15:31:37","modified_gmt":"2025-07-19T13:31:37","slug":"liaison-douce-bruyeres-gerardmer-nouvelle-visite-de-terrain-dans-le-secteur-de-laval-sur-vologne","status":"publish","type":"post","link":"https:\/\/vosgesinfo.fr\/gerardmerinfo\/2025\/07\/liaison-douce-bruyeres-gerardmer-nouvelle-visite-de-terrain-dans-le-secteur-de-laval-sur-vologne\/","title":{"rendered":"Liaison douce Bruy\u00e8res &#8211; G\u00e9rardmer : nouvelle visite de terrain dans le secteur de Laval-sur-Vologne"},"content":{"rendered":"<p data-pm-slice=\"1 1 []\"><a href=\"https:\/\/vosgesinfo.fr\/app\/uploads\/sites\/6\/2025\/07\/liaison-douce-bruyeres-gerardmer-laval-2.jpg\"><img decoding=\"async\" class=\"aligncenter size-large wp-image-80728\" src=\"https:\/\/vosgesinfo.fr\/app\/uploads\/sites\/6\/2025\/07\/liaison-douce-bruyeres-gerardmer-laval-2-1024x768.jpg\" alt=\"\" width=\"1024\" height=\"768\" srcset=\"https:\/\/vosgesinfo.fr\/app\/uploads\/sites\/6\/2025\/07\/liaison-douce-bruyeres-gerardmer-laval-2-1024x768.jpg 1024w, https:\/\/vosgesinfo.fr\/app\/uploads\/sites\/6\/2025\/07\/liaison-douce-bruyeres-gerardmer-laval-2-300x225.jpg 300w, https:\/\/vosgesinfo.fr\/app\/uploads\/sites\/6\/2025\/07\/liaison-douce-bruyeres-gerardmer-laval-2-768x576.jpg 768w, https:\/\/vosgesinfo.fr\/app\/uploads\/sites\/6\/2025\/07\/liaison-douce-bruyeres-gerardmer-laval-2-1536x1152.jpg 1536w, https:\/\/vosgesinfo.fr\/app\/uploads\/sites\/6\/2025\/07\/liaison-douce-bruyeres-gerardmer-laval-2.jpg 2048w\" sizes=\"(max-width: 1024px) 100vw, 1024px\" \/><\/a><\/p>\n\n\t\t<style type=\"text\/css\">\n\t\t\t#gallery-1 {\n\t\t\t\tmargin: auto;\n\t\t\t}\n\t\t\t#gallery-1 .gallery-item {\n\t\t\t\tfloat: left;\n\t\t\t\tmargin-top: 10px;\n\t\t\t\ttext-align: center;\n\t\t\t\twidth: 50%;\n\t\t\t}\n\t\t\t#gallery-1 img {\n\t\t\t\tborder: 2px solid #cfcfcf;\n\t\t\t}\n\t\t\t#gallery-1 .gallery-caption {\n\t\t\t\tmargin-left: 0;\n\t\t\t}\n\t\t\t\/* see gallery_shortcode() in wp-includes\/media.php *\/\n\t\t<\/style>\n\t\t<div id='gallery-1' class='gallery galleryid-80724 gallery-columns-2 gallery-size-medium'><dl class='gallery-item'>\n\t\t\t<dt class='gallery-icon landscape'>\n\t\t\t\t<a href='https:\/\/vosgesinfo.fr\/app\/uploads\/sites\/6\/2025\/07\/liaison-douce-bruyeres-gerardmer-laval-5.jpg'><img decoding=\"async\" width=\"300\" height=\"225\" src=\"https:\/\/vosgesinfo.fr\/app\/uploads\/sites\/6\/2025\/07\/liaison-douce-bruyeres-gerardmer-laval-5-300x225.jpg\" class=\"attachment-medium size-medium\" alt=\"\" srcset=\"https:\/\/vosgesinfo.fr\/app\/uploads\/sites\/6\/2025\/07\/liaison-douce-bruyeres-gerardmer-laval-5-300x225.jpg 300w, https:\/\/vosgesinfo.fr\/app\/uploads\/sites\/6\/2025\/07\/liaison-douce-bruyeres-gerardmer-laval-5-1024x768.jpg 1024w, https:\/\/vosgesinfo.fr\/app\/uploads\/sites\/6\/2025\/07\/liaison-douce-bruyeres-gerardmer-laval-5-768x576.jpg 768w, https:\/\/vosgesinfo.fr\/app\/uploads\/sites\/6\/2025\/07\/liaison-douce-bruyeres-gerardmer-laval-5-1536x1152.jpg 1536w, https:\/\/vosgesinfo.fr\/app\/uploads\/sites\/6\/2025\/07\/liaison-douce-bruyeres-gerardmer-laval-5.jpg 2048w\" sizes=\"(max-width: 300px) 100vw, 300px\" \/><\/a>\n\t\t\t<\/dt><\/dl><dl class='gallery-item'>\n\t\t\t<dt class='gallery-icon landscape'>\n\t\t\t\t<a href='https:\/\/vosgesinfo.fr\/app\/uploads\/sites\/6\/2025\/07\/liaison-douce-bruyeres-gerardmer-laval-4.jpg'><img decoding=\"async\" width=\"300\" height=\"225\" src=\"https:\/\/vosgesinfo.fr\/app\/uploads\/sites\/6\/2025\/07\/liaison-douce-bruyeres-gerardmer-laval-4-300x225.jpg\" class=\"attachment-medium size-medium\" alt=\"\" srcset=\"https:\/\/vosgesinfo.fr\/app\/uploads\/sites\/6\/2025\/07\/liaison-douce-bruyeres-gerardmer-laval-4-300x225.jpg 300w, https:\/\/vosgesinfo.fr\/app\/uploads\/sites\/6\/2025\/07\/liaison-douce-bruyeres-gerardmer-laval-4-1024x768.jpg 1024w, https:\/\/vosgesinfo.fr\/app\/uploads\/sites\/6\/2025\/07\/liaison-douce-bruyeres-gerardmer-laval-4-768x576.jpg 768w, https:\/\/vosgesinfo.fr\/app\/uploads\/sites\/6\/2025\/07\/liaison-douce-bruyeres-gerardmer-laval-4-1536x1152.jpg 1536w, https:\/\/vosgesinfo.fr\/app\/uploads\/sites\/6\/2025\/07\/liaison-douce-bruyeres-gerardmer-laval-4.jpg 2000w\" sizes=\"(max-width: 300px) 100vw, 300px\" \/><\/a>\n\t\t\t<\/dt><\/dl><br style=\"clear: both\" \/><dl class='gallery-item'>\n\t\t\t<dt class='gallery-icon landscape'>\n\t\t\t\t<a href='https:\/\/vosgesinfo.fr\/app\/uploads\/sites\/6\/2025\/07\/liaison-douce-bruyeres-gerardmer-laval-3.jpg'><img decoding=\"async\" width=\"300\" height=\"225\" src=\"https:\/\/vosgesinfo.fr\/app\/uploads\/sites\/6\/2025\/07\/liaison-douce-bruyeres-gerardmer-laval-3-300x225.jpg\" class=\"attachment-medium size-medium\" alt=\"\" srcset=\"https:\/\/vosgesinfo.fr\/app\/uploads\/sites\/6\/2025\/07\/liaison-douce-bruyeres-gerardmer-laval-3-300x225.jpg 300w, https:\/\/vosgesinfo.fr\/app\/uploads\/sites\/6\/2025\/07\/liaison-douce-bruyeres-gerardmer-laval-3-1024x768.jpg 1024w, https:\/\/vosgesinfo.fr\/app\/uploads\/sites\/6\/2025\/07\/liaison-douce-bruyeres-gerardmer-laval-3-768x576.jpg 768w, https:\/\/vosgesinfo.fr\/app\/uploads\/sites\/6\/2025\/07\/liaison-douce-bruyeres-gerardmer-laval-3-1536x1152.jpg 1536w, https:\/\/vosgesinfo.fr\/app\/uploads\/sites\/6\/2025\/07\/liaison-douce-bruyeres-gerardmer-laval-3.jpg 2048w\" sizes=\"(max-width: 300px) 100vw, 300px\" \/><\/a>\n\t\t\t<\/dt><\/dl><dl class='gallery-item'>\n\t\t\t<dt class='gallery-icon landscape'>\n\t\t\t\t<a href='https:\/\/vosgesinfo.fr\/app\/uploads\/sites\/6\/2025\/07\/liaison-douce-bruyeres-gerardmer-laval-1.jpg'><img decoding=\"async\" width=\"300\" height=\"225\" src=\"https:\/\/vosgesinfo.fr\/app\/uploads\/sites\/6\/2025\/07\/liaison-douce-bruyeres-gerardmer-laval-1-300x225.jpg\" class=\"attachment-medium size-medium\" alt=\"\" srcset=\"https:\/\/vosgesinfo.fr\/app\/uploads\/sites\/6\/2025\/07\/liaison-douce-bruyeres-gerardmer-laval-1-300x225.jpg 300w, https:\/\/vosgesinfo.fr\/app\/uploads\/sites\/6\/2025\/07\/liaison-douce-bruyeres-gerardmer-laval-1-1024x768.jpg 1024w, https:\/\/vosgesinfo.fr\/app\/uploads\/sites\/6\/2025\/07\/liaison-douce-bruyeres-gerardmer-laval-1-768x576.jpg 768w, https:\/\/vosgesinfo.fr\/app\/uploads\/sites\/6\/2025\/07\/liaison-douce-bruyeres-gerardmer-laval-1-1536x1152.jpg 1536w, https:\/\/vosgesinfo.fr\/app\/uploads\/sites\/6\/2025\/07\/liaison-douce-bruyeres-gerardmer-laval-1.jpg 2048w\" sizes=\"(max-width: 300px) 100vw, 300px\" \/><\/a>\n\t\t\t<\/dt><\/dl><br style=\"clear: both\" \/>\n\t\t<\/div>\n\n<p data-pm-slice=\"1 1 []\"><strong>Une nouvelle visite de terrain concernant le projet de voie de liaison douce Bruy\u00e8res-G\u00e9rardmer a eu lieu ce samedi matin sur le secteur de Laval-sur-Vologne et Champ-le-Duc. Cette fois, c&rsquo;est \u00e0 l&rsquo;initiative de\u00a0la CCB2V (communaut\u00e9 de communes Bruy\u00e8res Vallons des Vosges) et de sa pr\u00e9sidente Virginie Gremillet que plusieurs \u00e9lus du territoire concern\u00e9 ainsi que le conseiller r\u00e9gional David Valence se sont retrouv\u00e9s au niveau du parc p\u00e9dagogique de Laval-sur-Vologne pour\u00a0effectuer un parcours aller-retour de 4 kilom\u00e8tres dans une zone qui sera sans doute charni\u00e8re.<\/strong><\/p>\n<p>&nbsp;<\/p>\n<p>Rappelons bri\u00e8vement que la CCB2V et la Communaut\u00e9 de communes de G\u00e9rardmer Hautes-Vosges (CCGHV) ont r\u00e9affirm\u00e9 leur engagement pour la construction de cette liaison douce \u00e0 la suite des rendus encourageants de l\u2019\u00e9tude de faisabilit\u00e9 port\u00e9e par le PETR du Pays de la D\u00e9odatie. Cette derni\u00e8re a permis d\u2019apporter les premiers \u00e9l\u00e9ments techniques, financiers et de pr\u00e9senter un calendrier pr\u00e9visionnel de r\u00e9alisation.<br \/>\n<a href=\"https:\/\/vosgesinfo.fr\/app\/uploads\/sites\/6\/2025\/07\/liaison-douce-bruyeres-gerardmer-laval-6.jpg\"><img decoding=\"async\" class=\"alignright size-medium wp-image-80726\" src=\"https:\/\/vosgesinfo.fr\/app\/uploads\/sites\/6\/2025\/07\/liaison-douce-bruyeres-gerardmer-laval-6-300x225.jpg\" alt=\"\" width=\"300\" height=\"225\" srcset=\"https:\/\/vosgesinfo.fr\/app\/uploads\/sites\/6\/2025\/07\/liaison-douce-bruyeres-gerardmer-laval-6-300x225.jpg 300w, https:\/\/vosgesinfo.fr\/app\/uploads\/sites\/6\/2025\/07\/liaison-douce-bruyeres-gerardmer-laval-6-1024x768.jpg 1024w, https:\/\/vosgesinfo.fr\/app\/uploads\/sites\/6\/2025\/07\/liaison-douce-bruyeres-gerardmer-laval-6-768x576.jpg 768w, https:\/\/vosgesinfo.fr\/app\/uploads\/sites\/6\/2025\/07\/liaison-douce-bruyeres-gerardmer-laval-6-1536x1152.jpg 1536w, https:\/\/vosgesinfo.fr\/app\/uploads\/sites\/6\/2025\/07\/liaison-douce-bruyeres-gerardmer-laval-6.jpg 2048w\" sizes=\"(max-width: 300px) 100vw, 300px\" \/><\/a>Un cheminement de 25 km a \u00e9t\u00e9 con\u00e7u pour mailler le territoire et offrir un support de mobilit\u00e9 douce tant aux habitants des zones concern\u00e9es\/travers\u00e9es et \u00e0 leurs enfants qu\u2019aux vacanciers. La commune de G\u00e9rardmer pourra ainsi \u00eatre rejointe en 1 h 30 en moyenne \u00e0 v\u00e9lo en toute s\u00e9curit\u00e9 depuis Bruy\u00e8res. \u00c0 l&rsquo;inverse, il sera possible, depuis G\u00e9rardmer, de relier Bruy\u00e8res puis \u00c9pinal (et pourquoi pas vers Rambervillers). Car l&rsquo;id\u00e9e est fort logiquement que Bruy\u00e8res ne soit pas un terminus ou une simple zone de passage, mais plut\u00f4t un carrefour o\u00f9 poser ses bagages avec la possibilit\u00e9 de s\u2019orienter vers diff\u00e9rents secteurs. La CCB2V lance son sch\u00e9ma de mobilit\u00e9 active avec de belles ambitions, comme le pr\u00e9cise Thomas Becquembois, charg\u00e9 de cette mission qu&rsquo;il entend bien mener \u00e0 bien, lui qui a toujours baign\u00e9 dans la \u00ab\u00a0culture v\u00e9lo\u00a0\u00bb. Il travaille en \u00e9troite liaison avec son homologue de la CCGHV, Maxime Berque, chef de projets am\u00e9nagements cyclables et d\u00e9veloppement local, lui aussi pr\u00e9sent lors de cette visite de terrain.<\/p>\n<p>La liaison douce G\u00e9rardmer-Bruy\u00e8res est donc \u00ab\u00a0sur de bons rails\u00a0\u00bb, pour reprendre un jeu de mots souvent utilis\u00e9 ces derniers temps\u2026 David Valence a rappel\u00e9 que le projet s&rsquo;inscrivait dans le sch\u00e9ma r\u00e9gional cyclable et qu&rsquo;il pourrait \u00e0 ce titre solliciter les cr\u00e9dits d\u00e9di\u00e9s au plan v\u00e9lo. Projet qui continuera \u00e0 cheminer en 2026 malgr\u00e9 la p\u00e9riode \u00e9lectorale. Quelques chiffres ont \u00e9t\u00e9 \u00e0 nouveau \u00e9voqu\u00e9s : La liaison douce Bruy\u00e8res-G\u00e9rardmer, c&rsquo;est un parcours de 25 km dont 16,5 sur l&rsquo;ancienne voie ferr\u00e9e, un budget pr\u00e9visionnel de 6,5 millions d&rsquo;euros. Un projet qui devrait \u00eatre op\u00e9rationnel en 2029. Concernant la portion Bruy\u00e8res \u2013 Laveline-devant-Bruy\u00e8res, des sections sont \u00e0 am\u00e9nager, d&rsquo;autres \u00e0 r\u00e9aliser sur la voie communale ou des sentiers existants. \u00ab\u00a0Quelques acquisitions fonci\u00e8res seront n\u00e9cessaires sur la CCB2V, mais \u00e7a ne sera pas bloquant\u00a0\u00bb, ajoute Virginie Gremillet. \u00c9lus et techniciens sont donc confiants quant \u00e0 la bonne marche du projet d\u00e9sormais.<\/p>\n<p>&nbsp;<\/p>\n","protected":false},"excerpt":{"rendered":"<p>Une nouvelle visite de terrain concernant le projet de voie de liaison douce Bruy\u00e8res-G\u00e9rardmer a eu lieu ce samedi matin [&hellip;]<\/p>\n","protected":false},"author":42,"featured_media":80731,"comment_status":"open","ping_status":"open","sticky":false,"template":"","format":"standard","meta":{"footnotes":""},"categories":[20,878,5647,946],"tags":[489,6129,1450,7633],"class_list":["post-80724","post","type-post","status-publish","format-standard","has-post-thumbnail","hentry","category-a-la-une","category-epinal","category-gerardmer-autres-sites","category-saint-die","tag-david-valence","tag-laval-sur-vologne","tag-liaison-douce","tag-virginie-gremillet"],"acf":[],"yoast_head":"<!-- This site is optimized with the Yoast SEO plugin v22.5 - https:\/\/yoast.com\/wordpress\/plugins\/seo\/ -->\n<title>Liaison douce Bruy\u00e8res - G\u00e9rardmer : nouvelle visite de terrain dans le secteur de Laval-sur-Vologne - Gerardmer Info<\/title>\n<meta name=\"robots\" content=\"index, follow, max-snippet:-1, max-image-preview:large, max-video-preview:-1\" \/>\n<link rel=\"canonical\" href=\"https:\/\/vosgesinfo.fr\/gerardmerinfo\/2025\/07\/liaison-douce-bruyeres-gerardmer-nouvelle-visite-de-terrain-dans-le-secteur-de-laval-sur-vologne\/\" \/>\n<meta name=\"twitter:card\" content=\"summary_large_image\" \/>\n<meta name=\"twitter:title\" content=\"Liaison douce Bruy\u00e8res - G\u00e9rardmer : nouvelle visite de terrain dans le secteur de Laval-sur-Vologne - Gerardmer Info\" \/>\n<meta name=\"twitter:description\" content=\"Une nouvelle visite de terrain concernant le projet de voie de liaison douce Bruy\u00e8res-G\u00e9rardmer a eu lieu ce samedi matin [&hellip;]\" \/>\n<meta name=\"twitter:image\" content=\"https:\/\/vosgesinfo.fr\/app\/uploads\/sites\/6\/2025\/07\/liaison-douce-bruyeres-gerardmer-laval-5.jpg\" \/>\n<meta name=\"twitter:creator\" content=\"@VosgesInfo88\" \/>\n<meta name=\"twitter:site\" content=\"@VosgesInfo88\" \/>\n<meta name=\"twitter:label1\" content=\"\u00c9crit par\" \/>\n\t<meta name=\"twitter:data1\" content=\"QG\" \/>\n\t<meta name=\"twitter:label2\" content=\"Dur\u00e9e de lecture estim\u00e9e\" \/>\n\t<meta name=\"twitter:data2\" content=\"4 minutes\" \/>\n<script type=\"application\/ld+json\" class=\"yoast-schema-graph\">{\"@context\":\"https:\/\/schema.org\",\"@graph\":[{\"@type\":\"Article\",\"@id\":\"https:\/\/vosgesinfo.fr\/gerardmerinfo\/2025\/07\/liaison-douce-bruyeres-gerardmer-nouvelle-visite-de-terrain-dans-le-secteur-de-laval-sur-vologne\/#article\",\"isPartOf\":{\"@id\":\"https:\/\/vosgesinfo.fr\/gerardmerinfo\/2025\/07\/liaison-douce-bruyeres-gerardmer-nouvelle-visite-de-terrain-dans-le-secteur-de-laval-sur-vologne\/\"},\"author\":{\"name\":\"QG\",\"@id\":\"https:\/\/vosgesinfo.fr\/gerardmerinfo\/#\/schema\/person\/db5605779a843dad16b5368f3e7613a5\"},\"headline\":\"Liaison douce Bruy\u00e8res &#8211; G\u00e9rardmer : nouvelle visite de terrain dans le secteur de Laval-sur-Vologne\",\"datePublished\":\"2025-07-19T14:17:07+00:00\",\"dateModified\":\"2025-07-19T13:31:37+00:00\",\"mainEntityOfPage\":{\"@id\":\"https:\/\/vosgesinfo.fr\/gerardmerinfo\/2025\/07\/liaison-douce-bruyeres-gerardmer-nouvelle-visite-de-terrain-dans-le-secteur-de-laval-sur-vologne\/\"},\"wordCount\":550,\"commentCount\":6,\"publisher\":{\"@id\":\"https:\/\/vosgesinfo.fr\/gerardmerinfo\/#organization\"},\"image\":{\"@id\":\"https:\/\/vosgesinfo.fr\/gerardmerinfo\/2025\/07\/liaison-douce-bruyeres-gerardmer-nouvelle-visite-de-terrain-dans-le-secteur-de-laval-sur-vologne\/#primaryimage\"},\"thumbnailUrl\":\"https:\/\/vosgesinfo.fr\/app\/uploads\/sites\/6\/2025\/07\/liaison-douce-bruyeres-gerardmer-laval-5.jpg\",\"keywords\":[\"david valence\",\"Laval-sur-Vologne\",\"liaison douce\",\"Virginie Gremillet\"],\"articleSection\":[\"A la une\",\"Epinal\",\"Gerardmer\",\"Saint-di\u00e9\"],\"inLanguage\":\"fr-FR\",\"potentialAction\":[{\"@type\":\"CommentAction\",\"name\":\"Comment\",\"target\":[\"https:\/\/vosgesinfo.fr\/gerardmerinfo\/2025\/07\/liaison-douce-bruyeres-gerardmer-nouvelle-visite-de-terrain-dans-le-secteur-de-laval-sur-vologne\/#respond\"]}]},{\"@type\":\"WebPage\",\"@id\":\"https:\/\/vosgesinfo.fr\/gerardmerinfo\/2025\/07\/liaison-douce-bruyeres-gerardmer-nouvelle-visite-de-terrain-dans-le-secteur-de-laval-sur-vologne\/\",\"url\":\"https:\/\/vosgesinfo.fr\/gerardmerinfo\/2025\/07\/liaison-douce-bruyeres-gerardmer-nouvelle-visite-de-terrain-dans-le-secteur-de-laval-sur-vologne\/\",\"name\":\"Liaison douce Bruy\u00e8res - G\u00e9rardmer : nouvelle visite de terrain dans le secteur de Laval-sur-Vologne - Gerardmer Info\",\"isPartOf\":{\"@id\":\"https:\/\/vosgesinfo.fr\/gerardmerinfo\/#website\"},\"primaryImageOfPage\":{\"@id\":\"https:\/\/vosgesinfo.fr\/gerardmerinfo\/2025\/07\/liaison-douce-bruyeres-gerardmer-nouvelle-visite-de-terrain-dans-le-secteur-de-laval-sur-vologne\/#primaryimage\"},\"image\":{\"@id\":\"https:\/\/vosgesinfo.fr\/gerardmerinfo\/2025\/07\/liaison-douce-bruyeres-gerardmer-nouvelle-visite-de-terrain-dans-le-secteur-de-laval-sur-vologne\/#primaryimage\"},\"thumbnailUrl\":\"https:\/\/vosgesinfo.fr\/app\/uploads\/sites\/6\/2025\/07\/liaison-douce-bruyeres-gerardmer-laval-5.jpg\",\"datePublished\":\"2025-07-19T14:17:07+00:00\",\"dateModified\":\"2025-07-19T13:31:37+00:00\",\"breadcrumb\":{\"@id\":\"https:\/\/vosgesinfo.fr\/gerardmerinfo\/2025\/07\/liaison-douce-bruyeres-gerardmer-nouvelle-visite-de-terrain-dans-le-secteur-de-laval-sur-vologne\/#breadcrumb\"},\"inLanguage\":\"fr-FR\",\"potentialAction\":[{\"@type\":\"ReadAction\",\"target\":[\"https:\/\/vosgesinfo.fr\/gerardmerinfo\/2025\/07\/liaison-douce-bruyeres-gerardmer-nouvelle-visite-de-terrain-dans-le-secteur-de-laval-sur-vologne\/\"]}]},{\"@type\":\"ImageObject\",\"inLanguage\":\"fr-FR\",\"@id\":\"https:\/\/vosgesinfo.fr\/gerardmerinfo\/2025\/07\/liaison-douce-bruyeres-gerardmer-nouvelle-visite-de-terrain-dans-le-secteur-de-laval-sur-vologne\/#primaryimage\",\"url\":\"https:\/\/vosgesinfo.fr\/app\/uploads\/sites\/6\/2025\/07\/liaison-douce-bruyeres-gerardmer-laval-5.jpg\",\"contentUrl\":\"https:\/\/vosgesinfo.fr\/app\/uploads\/sites\/6\/2025\/07\/liaison-douce-bruyeres-gerardmer-laval-5.jpg\",\"width\":2048,\"height\":1536},{\"@type\":\"BreadcrumbList\",\"@id\":\"https:\/\/vosgesinfo.fr\/gerardmerinfo\/2025\/07\/liaison-douce-bruyeres-gerardmer-nouvelle-visite-de-terrain-dans-le-secteur-de-laval-sur-vologne\/#breadcrumb\",\"itemListElement\":[{\"@type\":\"ListItem\",\"position\":1,\"name\":\"Home\",\"item\":\"https:\/\/vosgesinfo.fr\/gerardmerinfo\/\"},{\"@type\":\"ListItem\",\"position\":2,\"name\":\"Liaison douce Bruy\u00e8res &#8211; G\u00e9rardmer : nouvelle visite de terrain dans le secteur de Laval-sur-Vologne\"}]},{\"@type\":\"WebSite\",\"@id\":\"https:\/\/vosgesinfo.fr\/gerardmerinfo\/#website\",\"url\":\"https:\/\/vosgesinfo.fr\/gerardmerinfo\/\",\"name\":\"Gerardmer Info\",\"description\":\"Toute l&#039;actualit\u00e9 de G\u00e9rardmer\",\"publisher\":{\"@id\":\"https:\/\/vosgesinfo.fr\/gerardmerinfo\/#organization\"},\"alternateName\":\"Toute l'actualit\u00e9 de G\u00e9rardmer\",\"potentialAction\":[{\"@type\":\"SearchAction\",\"target\":{\"@type\":\"EntryPoint\",\"urlTemplate\":\"https:\/\/vosgesinfo.fr\/gerardmerinfo\/?s={search_term_string}\"},\"query-input\":\"required name=search_term_string\"}],\"inLanguage\":\"fr-FR\"},{\"@type\":\"Organization\",\"@id\":\"https:\/\/vosgesinfo.fr\/gerardmerinfo\/#organization\",\"name\":\"Gerardmer Info\",\"url\":\"https:\/\/vosgesinfo.fr\/gerardmerinfo\/\",\"logo\":{\"@type\":\"ImageObject\",\"inLanguage\":\"fr-FR\",\"@id\":\"https:\/\/vosgesinfo.fr\/gerardmerinfo\/#\/schema\/logo\/image\/\",\"url\":\"https:\/\/vosgesinfo.fr\/app\/uploads\/sites\/6\/2023\/08\/favicon-gerardmerinfo.png\",\"contentUrl\":\"https:\/\/vosgesinfo.fr\/app\/uploads\/sites\/6\/2023\/08\/favicon-gerardmerinfo.png\",\"width\":512,\"height\":512,\"caption\":\"Gerardmer Info\"},\"image\":{\"@id\":\"https:\/\/vosgesinfo.fr\/gerardmerinfo\/#\/schema\/logo\/image\/\"},\"sameAs\":[\"https:\/\/www.facebook.com\/profile.php?id=100049475262660\",\"https:\/\/x.com\/VosgesInfo88\",\"https:\/\/www.youtube.com\/@vosgesinfo\"]},{\"@type\":\"Person\",\"@id\":\"https:\/\/vosgesinfo.fr\/gerardmerinfo\/#\/schema\/person\/db5605779a843dad16b5368f3e7613a5\",\"name\":\"QG\",\"image\":{\"@type\":\"ImageObject\",\"inLanguage\":\"fr-FR\",\"@id\":\"https:\/\/vosgesinfo.fr\/gerardmerinfo\/#\/schema\/person\/image\/\",\"url\":\"https:\/\/secure.gravatar.com\/avatar\/ea80c42c204b534408512832fde52504ecabb9706bcb6151cf6175e5b64e6793?s=96&d=mm&r=g\",\"contentUrl\":\"https:\/\/secure.gravatar.com\/avatar\/ea80c42c204b534408512832fde52504ecabb9706bcb6151cf6175e5b64e6793?s=96&d=mm&r=g\",\"caption\":\"QG\"},\"url\":\"https:\/\/vosgesinfo.fr\/gerardmerinfo\/author\/quentin88\/\"}]}<\/script>\n<!-- \/ Yoast SEO plugin. -->","yoast_head_json":{"title":"Liaison douce Bruy\u00e8res - G\u00e9rardmer : nouvelle visite de terrain dans le secteur de Laval-sur-Vologne - Gerardmer Info","robots":{"index":"index","follow":"follow","max-snippet":"max-snippet:-1","max-image-preview":"max-image-preview:large","max-video-preview":"max-video-preview:-1"},"canonical":"https:\/\/vosgesinfo.fr\/gerardmerinfo\/2025\/07\/liaison-douce-bruyeres-gerardmer-nouvelle-visite-de-terrain-dans-le-secteur-de-laval-sur-vologne\/","twitter_card":"summary_large_image","twitter_title":"Liaison douce Bruy\u00e8res - G\u00e9rardmer : nouvelle visite de terrain dans le secteur de Laval-sur-Vologne - Gerardmer Info","twitter_description":"Une nouvelle visite de terrain concernant le projet de voie de liaison douce Bruy\u00e8res-G\u00e9rardmer a eu lieu ce samedi matin [&hellip;]","twitter_image":"https:\/\/vosgesinfo.fr\/app\/uploads\/sites\/6\/2025\/07\/liaison-douce-bruyeres-gerardmer-laval-5.jpg","twitter_creator":"@VosgesInfo88","twitter_site":"@VosgesInfo88","twitter_misc":{"\u00c9crit par":"QG","Dur\u00e9e de lecture estim\u00e9e":"4 minutes"},"schema":{"@context":"https:\/\/schema.org","@graph":[{"@type":"Article","@id":"https:\/\/vosgesinfo.fr\/gerardmerinfo\/2025\/07\/liaison-douce-bruyeres-gerardmer-nouvelle-visite-de-terrain-dans-le-secteur-de-laval-sur-vologne\/#article","isPartOf":{"@id":"https:\/\/vosgesinfo.fr\/gerardmerinfo\/2025\/07\/liaison-douce-bruyeres-gerardmer-nouvelle-visite-de-terrain-dans-le-secteur-de-laval-sur-vologne\/"},"author":{"name":"QG","@id":"https:\/\/vosgesinfo.fr\/gerardmerinfo\/#\/schema\/person\/db5605779a843dad16b5368f3e7613a5"},"headline":"Liaison douce Bruy\u00e8res &#8211; G\u00e9rardmer : nouvelle visite de terrain dans le secteur de Laval-sur-Vologne","datePublished":"2025-07-19T14:17:07+00:00","dateModified":"2025-07-19T13:31:37+00:00","mainEntityOfPage":{"@id":"https:\/\/vosgesinfo.fr\/gerardmerinfo\/2025\/07\/liaison-douce-bruyeres-gerardmer-nouvelle-visite-de-terrain-dans-le-secteur-de-laval-sur-vologne\/"},"wordCount":550,"commentCount":6,"publisher":{"@id":"https:\/\/vosgesinfo.fr\/gerardmerinfo\/#organization"},"image":{"@id":"https:\/\/vosgesinfo.fr\/gerardmerinfo\/2025\/07\/liaison-douce-bruyeres-gerardmer-nouvelle-visite-de-terrain-dans-le-secteur-de-laval-sur-vologne\/#primaryimage"},"thumbnailUrl":"https:\/\/vosgesinfo.fr\/app\/uploads\/sites\/6\/2025\/07\/liaison-douce-bruyeres-gerardmer-laval-5.jpg","keywords":["david valence","Laval-sur-Vologne","liaison douce","Virginie Gremillet"],"articleSection":["A la une","Epinal","Gerardmer","Saint-di\u00e9"],"inLanguage":"fr-FR","potentialAction":[{"@type":"CommentAction","name":"Comment","target":["https:\/\/vosgesinfo.fr\/gerardmerinfo\/2025\/07\/liaison-douce-bruyeres-gerardmer-nouvelle-visite-de-terrain-dans-le-secteur-de-laval-sur-vologne\/#respond"]}]},{"@type":"WebPage","@id":"https:\/\/vosgesinfo.fr\/gerardmerinfo\/2025\/07\/liaison-douce-bruyeres-gerardmer-nouvelle-visite-de-terrain-dans-le-secteur-de-laval-sur-vologne\/","url":"https:\/\/vosgesinfo.fr\/gerardmerinfo\/2025\/07\/liaison-douce-bruyeres-gerardmer-nouvelle-visite-de-terrain-dans-le-secteur-de-laval-sur-vologne\/","name":"Liaison douce Bruy\u00e8res - G\u00e9rardmer : nouvelle visite de terrain dans le secteur de Laval-sur-Vologne - Gerardmer Info","isPartOf":{"@id":"https:\/\/vosgesinfo.fr\/gerardmerinfo\/#website"},"primaryImageOfPage":{"@id":"https:\/\/vosgesinfo.fr\/gerardmerinfo\/2025\/07\/liaison-douce-bruyeres-gerardmer-nouvelle-visite-de-terrain-dans-le-secteur-de-laval-sur-vologne\/#primaryimage"},"image":{"@id":"https:\/\/vosgesinfo.fr\/gerardmerinfo\/2025\/07\/liaison-douce-bruyeres-gerardmer-nouvelle-visite-de-terrain-dans-le-secteur-de-laval-sur-vologne\/#primaryimage"},"thumbnailUrl":"https:\/\/vosgesinfo.fr\/app\/uploads\/sites\/6\/2025\/07\/liaison-douce-bruyeres-gerardmer-laval-5.jpg","datePublished":"2025-07-19T14:17:07+00:00","dateModified":"2025-07-19T13:31:37+00:00","breadcrumb":{"@id":"https:\/\/vosgesinfo.fr\/gerardmerinfo\/2025\/07\/liaison-douce-bruyeres-gerardmer-nouvelle-visite-de-terrain-dans-le-secteur-de-laval-sur-vologne\/#breadcrumb"},"inLanguage":"fr-FR","potentialAction":[{"@type":"ReadAction","target":["https:\/\/vosgesinfo.fr\/gerardmerinfo\/2025\/07\/liaison-douce-bruyeres-gerardmer-nouvelle-visite-de-terrain-dans-le-secteur-de-laval-sur-vologne\/"]}]},{"@type":"ImageObject","inLanguage":"fr-FR","@id":"https:\/\/vosgesinfo.fr\/gerardmerinfo\/2025\/07\/liaison-douce-bruyeres-gerardmer-nouvelle-visite-de-terrain-dans-le-secteur-de-laval-sur-vologne\/#primaryimage","url":"https:\/\/vosgesinfo.fr\/app\/uploads\/sites\/6\/2025\/07\/liaison-douce-bruyeres-gerardmer-laval-5.jpg","contentUrl":"https:\/\/vosgesinfo.fr\/app\/uploads\/sites\/6\/2025\/07\/liaison-douce-bruyeres-gerardmer-laval-5.jpg","width":2048,"height":1536},{"@type":"BreadcrumbList","@id":"https:\/\/vosgesinfo.fr\/gerardmerinfo\/2025\/07\/liaison-douce-bruyeres-gerardmer-nouvelle-visite-de-terrain-dans-le-secteur-de-laval-sur-vologne\/#breadcrumb","itemListElement":[{"@type":"ListItem","position":1,"name":"Home","item":"https:\/\/vosgesinfo.fr\/gerardmerinfo\/"},{"@type":"ListItem","position":2,"name":"Liaison douce Bruy\u00e8res &#8211; G\u00e9rardmer : nouvelle visite de terrain dans le secteur de Laval-sur-Vologne"}]},{"@type":"WebSite","@id":"https:\/\/vosgesinfo.fr\/gerardmerinfo\/#website","url":"https:\/\/vosgesinfo.fr\/gerardmerinfo\/","name":"Gerardmer Info","description":"Toute l&#039;actualit\u00e9 de G\u00e9rardmer","publisher":{"@id":"https:\/\/vosgesinfo.fr\/gerardmerinfo\/#organization"},"alternateName":"Toute l'actualit\u00e9 de G\u00e9rardmer","potentialAction":[{"@type":"SearchAction","target":{"@type":"EntryPoint","urlTemplate":"https:\/\/vosgesinfo.fr\/gerardmerinfo\/?s={search_term_string}"},"query-input":"required name=search_term_string"}],"inLanguage":"fr-FR"},{"@type":"Organization","@id":"https:\/\/vosgesinfo.fr\/gerardmerinfo\/#organization","name":"Gerardmer Info","url":"https:\/\/vosgesinfo.fr\/gerardmerinfo\/","logo":{"@type":"ImageObject","inLanguage":"fr-FR","@id":"https:\/\/vosgesinfo.fr\/gerardmerinfo\/#\/schema\/logo\/image\/","url":"https:\/\/vosgesinfo.fr\/app\/uploads\/sites\/6\/2023\/08\/favicon-gerardmerinfo.png","contentUrl":"https:\/\/vosgesinfo.fr\/app\/uploads\/sites\/6\/2023\/08\/favicon-gerardmerinfo.png","width":512,"height":512,"caption":"Gerardmer Info"},"image":{"@id":"https:\/\/vosgesinfo.fr\/gerardmerinfo\/#\/schema\/logo\/image\/"},"sameAs":["https:\/\/www.facebook.com\/profile.php?id=100049475262660","https:\/\/x.com\/VosgesInfo88","https:\/\/www.youtube.com\/@vosgesinfo"]},{"@type":"Person","@id":"https:\/\/vosgesinfo.fr\/gerardmerinfo\/#\/schema\/person\/db5605779a843dad16b5368f3e7613a5","name":"QG","image":{"@type":"ImageObject","inLanguage":"fr-FR","@id":"https:\/\/vosgesinfo.fr\/gerardmerinfo\/#\/schema\/person\/image\/","url":"https:\/\/secure.gravatar.com\/avatar\/ea80c42c204b534408512832fde52504ecabb9706bcb6151cf6175e5b64e6793?s=96&d=mm&r=g","contentUrl":"https:\/\/secure.gravatar.com\/avatar\/ea80c42c204b534408512832fde52504ecabb9706bcb6151cf6175e5b64e6793?s=96&d=mm&r=g","caption":"QG"},"url":"https:\/\/vosgesinfo.fr\/gerardmerinfo\/author\/quentin88\/"}]}},"_links":{"self":[{"href":"https:\/\/vosgesinfo.fr\/gerardmerinfo\/wp-json\/wp\/v2\/posts\/80724","targetHints":{"allow":["GET"]}}],"collection":[{"href":"https:\/\/vosgesinfo.fr\/gerardmerinfo\/wp-json\/wp\/v2\/posts"}],"about":[{"href":"https:\/\/vosgesinfo.fr\/gerardmerinfo\/wp-json\/wp\/v2\/types\/post"}],"author":[{"embeddable":true,"href":"https:\/\/vosgesinfo.fr\/gerardmerinfo\/wp-json\/wp\/v2\/users\/42"}],"replies":[{"embeddable":true,"href":"https:\/\/vosgesinfo.fr\/gerardmerinfo\/wp-json\/wp\/v2\/comments?post=80724"}],"version-history":[{"count":3,"href":"https:\/\/vosgesinfo.fr\/gerardmerinfo\/wp-json\/wp\/v2\/posts\/80724\/revisions"}],"predecessor-version":[{"id":80733,"href":"https:\/\/vosgesinfo.fr\/gerardmerinfo\/wp-json\/wp\/v2\/posts\/80724\/revisions\/80733"}],"wp:featuredmedia":[{"embeddable":true,"href":"https:\/\/vosgesinfo.fr\/gerardmerinfo\/wp-json\/wp\/v2\/media\/80731"}],"wp:attachment":[{"href":"https:\/\/vosgesinfo.fr\/gerardmerinfo\/wp-json\/wp\/v2\/media?parent=80724"}],"wp:term":[{"taxonomy":"category","embeddable":true,"href":"https:\/\/vosgesinfo.fr\/gerardmerinfo\/wp-json\/wp\/v2\/categories?post=80724"},{"taxonomy":"post_tag","embeddable":true,"href":"https:\/\/vosgesinfo.fr\/gerardmerinfo\/wp-json\/wp\/v2\/tags?post=80724"}],"curies":[{"name":"wp","href":"https:\/\/api.w.org\/{rel}","templated":true}]}}