{"id":80747,"date":"2025-07-21T05:58:23","date_gmt":"2025-07-21T03:58:23","guid":{"rendered":"https:\/\/vosgesinfo.fr\/gerardmerinfo\/?p=80747"},"modified":"2025-07-20T18:23:52","modified_gmt":"2025-07-20T16:23:52","slug":"expo-photos-au-tholy-venez-voter-pour-vos-photos-preferees","status":"publish","type":"post","link":"https:\/\/vosgesinfo.fr\/gerardmerinfo\/2025\/07\/expo-photos-au-tholy-venez-voter-pour-vos-photos-preferees\/","title":{"rendered":"Expo photos au Tholy &#8211; venez voter pour vos photos pr\u00e9f\u00e9r\u00e9es !"},"content":{"rendered":"<div class=\"x_elementToProof\" data-olk-copy-source=\"MessageBody\">Le concours organis\u00e9 par la commune du Tholy est termin\u00e9&#8230; Maintenant, place \u00e0 l&rsquo;exposition !<\/div>\n<div class=\"x_elementToProof\">Le public est invit\u00e9 \u00e0 venir voter pour ses photos pr\u00e9f\u00e9r\u00e9es dans chaque th\u00e8me ou juste se faire plaisir en regardant les superbes clich\u00e9s des photographes amateurs participants cette ann\u00e9e sur les th\u00e8mes des jardins et des grimaces&#8230;<\/div>\n<div class=\"x_elementToProof\">Un jury professionnel est invit\u00e9 \u00e0 passer aussi avec la complicit\u00e9 du partenaire L.A Photo cr\u00e9ation de G\u00e9rardmer pour d\u00e9signer les vainqueurs.<\/div>\n<div class=\"x_elementToProof\">Alors rendez-vous du 27 juillet au 3 ao\u00fbt (ouverture les journ\u00e9es enti\u00e8res les weekends et uniquement l&rsquo;apr\u00e8s-midi en semaine).<\/div>\n<div class=\"x_elementToProof\">Entr\u00e9e libre.<\/div>\n<div><a href=\"https:\/\/vosgesinfo.fr\/app\/uploads\/sites\/6\/2025\/07\/affiche-exposition-photos-le-tholy-2025-page-00011.jpg\"><img decoding=\"async\" class=\"aligncenter size-large wp-image-80748\" src=\"https:\/\/vosgesinfo.fr\/app\/uploads\/sites\/6\/2025\/07\/affiche-exposition-photos-le-tholy-2025-page-00011-725x1024.jpg\" alt=\"\" width=\"725\" height=\"1024\" srcset=\"https:\/\/vosgesinfo.fr\/app\/uploads\/sites\/6\/2025\/07\/affiche-exposition-photos-le-tholy-2025-page-00011-725x1024.jpg 725w, https:\/\/vosgesinfo.fr\/app\/uploads\/sites\/6\/2025\/07\/affiche-exposition-photos-le-tholy-2025-page-00011-212x300.jpg 212w, https:\/\/vosgesinfo.fr\/app\/uploads\/sites\/6\/2025\/07\/affiche-exposition-photos-le-tholy-2025-page-00011-768x1085.jpg 768w, https:\/\/vosgesinfo.fr\/app\/uploads\/sites\/6\/2025\/07\/affiche-exposition-photos-le-tholy-2025-page-00011-1087x1536.jpg 1087w, https:\/\/vosgesinfo.fr\/app\/uploads\/sites\/6\/2025\/07\/affiche-exposition-photos-le-tholy-2025-page-00011-1449x2048.jpg 1449w, https:\/\/vosgesinfo.fr\/app\/uploads\/sites\/6\/2025\/07\/affiche-exposition-photos-le-tholy-2025-page-00011.jpg 1755w\" sizes=\"(max-width: 725px) 100vw, 725px\" \/><\/a><\/div>\n","protected":false},"excerpt":{"rendered":"<p>Le concours organis\u00e9 par la commune du Tholy est termin\u00e9&#8230; Maintenant, place \u00e0 l&rsquo;exposition ! Le public est invit\u00e9 \u00e0 [&hellip;]<\/p>\n","protected":false},"author":391,"featured_media":80748,"comment_status":"open","ping_status":"open","sticky":false,"template":"","format":"standard","meta":{"footnotes":""},"categories":[20,4,5647],"tags":[432],"class_list":["post-80747","post","type-post","status-publish","format-standard","has-post-thumbnail","hentry","category-a-la-une","category-culture","category-gerardmer-autres-sites","tag-le-tholy"],"acf":[],"yoast_head":"<!-- This site is optimized with the Yoast SEO plugin v22.5 - https:\/\/yoast.com\/wordpress\/plugins\/seo\/ -->\n<title>Expo photos au Tholy - venez voter pour vos photos pr\u00e9f\u00e9r\u00e9es ! - Gerardmer Info<\/title>\n<meta name=\"robots\" content=\"index, follow, max-snippet:-1, max-image-preview:large, max-video-preview:-1\" \/>\n<link rel=\"canonical\" href=\"https:\/\/vosgesinfo.fr\/gerardmerinfo\/2025\/07\/expo-photos-au-tholy-venez-voter-pour-vos-photos-preferees\/\" \/>\n<meta name=\"twitter:card\" content=\"summary_large_image\" \/>\n<meta name=\"twitter:title\" content=\"Expo photos au Tholy - venez voter pour vos photos pr\u00e9f\u00e9r\u00e9es ! - Gerardmer Info\" \/>\n<meta name=\"twitter:description\" content=\"Le concours organis\u00e9 par la commune du Tholy est termin\u00e9&#8230; Maintenant, place \u00e0 l&rsquo;exposition ! Le public est invit\u00e9 \u00e0 [&hellip;]\" \/>\n<meta name=\"twitter:image\" content=\"https:\/\/vosgesinfo.fr\/app\/uploads\/sites\/6\/2025\/07\/affiche-exposition-photos-le-tholy-2025-page-00011.jpg\" \/>\n<meta name=\"twitter:creator\" content=\"@VosgesInfo88\" \/>\n<meta name=\"twitter:site\" content=\"@VosgesInfo88\" \/>\n<meta name=\"twitter:label1\" content=\"\u00c9crit par\" \/>\n\t<meta name=\"twitter:data1\" content=\"La redaction\" \/>\n\t<meta name=\"twitter:label2\" content=\"Dur\u00e9e de lecture estim\u00e9e\" \/>\n\t<meta name=\"twitter:data2\" content=\"1 minute\" \/>\n<script type=\"application\/ld+json\" class=\"yoast-schema-graph\">{\"@context\":\"https:\/\/schema.org\",\"@graph\":[{\"@type\":\"Article\",\"@id\":\"https:\/\/vosgesinfo.fr\/gerardmerinfo\/2025\/07\/expo-photos-au-tholy-venez-voter-pour-vos-photos-preferees\/#article\",\"isPartOf\":{\"@id\":\"https:\/\/vosgesinfo.fr\/gerardmerinfo\/2025\/07\/expo-photos-au-tholy-venez-voter-pour-vos-photos-preferees\/\"},\"author\":{\"name\":\"La redaction\",\"@id\":\"https:\/\/vosgesinfo.fr\/gerardmerinfo\/#\/schema\/person\/27a3695b06db98895b354c0765cdfc31\"},\"headline\":\"Expo photos au Tholy &#8211; venez voter pour vos photos pr\u00e9f\u00e9r\u00e9es !\",\"datePublished\":\"2025-07-21T03:58:23+00:00\",\"dateModified\":\"2025-07-20T16:23:52+00:00\",\"mainEntityOfPage\":{\"@id\":\"https:\/\/vosgesinfo.fr\/gerardmerinfo\/2025\/07\/expo-photos-au-tholy-venez-voter-pour-vos-photos-preferees\/\"},\"wordCount\":122,\"commentCount\":0,\"publisher\":{\"@id\":\"https:\/\/vosgesinfo.fr\/gerardmerinfo\/#organization\"},\"image\":{\"@id\":\"https:\/\/vosgesinfo.fr\/gerardmerinfo\/2025\/07\/expo-photos-au-tholy-venez-voter-pour-vos-photos-preferees\/#primaryimage\"},\"thumbnailUrl\":\"https:\/\/vosgesinfo.fr\/app\/uploads\/sites\/6\/2025\/07\/affiche-exposition-photos-le-tholy-2025-page-00011.jpg\",\"keywords\":[\"Le Tholy\"],\"articleSection\":[\"A la une\",\"Culture\",\"Gerardmer\"],\"inLanguage\":\"fr-FR\",\"potentialAction\":[{\"@type\":\"CommentAction\",\"name\":\"Comment\",\"target\":[\"https:\/\/vosgesinfo.fr\/gerardmerinfo\/2025\/07\/expo-photos-au-tholy-venez-voter-pour-vos-photos-preferees\/#respond\"]}]},{\"@type\":\"WebPage\",\"@id\":\"https:\/\/vosgesinfo.fr\/gerardmerinfo\/2025\/07\/expo-photos-au-tholy-venez-voter-pour-vos-photos-preferees\/\",\"url\":\"https:\/\/vosgesinfo.fr\/gerardmerinfo\/2025\/07\/expo-photos-au-tholy-venez-voter-pour-vos-photos-preferees\/\",\"name\":\"Expo photos au Tholy - venez voter pour vos photos pr\u00e9f\u00e9r\u00e9es ! - Gerardmer Info\",\"isPartOf\":{\"@id\":\"https:\/\/vosgesinfo.fr\/gerardmerinfo\/#website\"},\"primaryImageOfPage\":{\"@id\":\"https:\/\/vosgesinfo.fr\/gerardmerinfo\/2025\/07\/expo-photos-au-tholy-venez-voter-pour-vos-photos-preferees\/#primaryimage\"},\"image\":{\"@id\":\"https:\/\/vosgesinfo.fr\/gerardmerinfo\/2025\/07\/expo-photos-au-tholy-venez-voter-pour-vos-photos-preferees\/#primaryimage\"},\"thumbnailUrl\":\"https:\/\/vosgesinfo.fr\/app\/uploads\/sites\/6\/2025\/07\/affiche-exposition-photos-le-tholy-2025-page-00011.jpg\",\"datePublished\":\"2025-07-21T03:58:23+00:00\",\"dateModified\":\"2025-07-20T16:23:52+00:00\",\"breadcrumb\":{\"@id\":\"https:\/\/vosgesinfo.fr\/gerardmerinfo\/2025\/07\/expo-photos-au-tholy-venez-voter-pour-vos-photos-preferees\/#breadcrumb\"},\"inLanguage\":\"fr-FR\",\"potentialAction\":[{\"@type\":\"ReadAction\",\"target\":[\"https:\/\/vosgesinfo.fr\/gerardmerinfo\/2025\/07\/expo-photos-au-tholy-venez-voter-pour-vos-photos-preferees\/\"]}]},{\"@type\":\"ImageObject\",\"inLanguage\":\"fr-FR\",\"@id\":\"https:\/\/vosgesinfo.fr\/gerardmerinfo\/2025\/07\/expo-photos-au-tholy-venez-voter-pour-vos-photos-preferees\/#primaryimage\",\"url\":\"https:\/\/vosgesinfo.fr\/app\/uploads\/sites\/6\/2025\/07\/affiche-exposition-photos-le-tholy-2025-page-00011.jpg\",\"contentUrl\":\"https:\/\/vosgesinfo.fr\/app\/uploads\/sites\/6\/2025\/07\/affiche-exposition-photos-le-tholy-2025-page-00011.jpg\",\"width\":1755,\"height\":2480},{\"@type\":\"BreadcrumbList\",\"@id\":\"https:\/\/vosgesinfo.fr\/gerardmerinfo\/2025\/07\/expo-photos-au-tholy-venez-voter-pour-vos-photos-preferees\/#breadcrumb\",\"itemListElement\":[{\"@type\":\"ListItem\",\"position\":1,\"name\":\"Home\",\"item\":\"https:\/\/vosgesinfo.fr\/gerardmerinfo\/\"},{\"@type\":\"ListItem\",\"position\":2,\"name\":\"Expo photos au Tholy &#8211; venez voter pour vos photos pr\u00e9f\u00e9r\u00e9es !\"}]},{\"@type\":\"WebSite\",\"@id\":\"https:\/\/vosgesinfo.fr\/gerardmerinfo\/#website\",\"url\":\"https:\/\/vosgesinfo.fr\/gerardmerinfo\/\",\"name\":\"Gerardmer Info\",\"description\":\"Toute l&#039;actualit\u00e9 de G\u00e9rardmer\",\"publisher\":{\"@id\":\"https:\/\/vosgesinfo.fr\/gerardmerinfo\/#organization\"},\"alternateName\":\"Toute l'actualit\u00e9 de G\u00e9rardmer\",\"potentialAction\":[{\"@type\":\"SearchAction\",\"target\":{\"@type\":\"EntryPoint\",\"urlTemplate\":\"https:\/\/vosgesinfo.fr\/gerardmerinfo\/?s={search_term_string}\"},\"query-input\":\"required name=search_term_string\"}],\"inLanguage\":\"fr-FR\"},{\"@type\":\"Organization\",\"@id\":\"https:\/\/vosgesinfo.fr\/gerardmerinfo\/#organization\",\"name\":\"Gerardmer Info\",\"url\":\"https:\/\/vosgesinfo.fr\/gerardmerinfo\/\",\"logo\":{\"@type\":\"ImageObject\",\"inLanguage\":\"fr-FR\",\"@id\":\"https:\/\/vosgesinfo.fr\/gerardmerinfo\/#\/schema\/logo\/image\/\",\"url\":\"https:\/\/vosgesinfo.fr\/app\/uploads\/sites\/6\/2023\/08\/favicon-gerardmerinfo.png\",\"contentUrl\":\"https:\/\/vosgesinfo.fr\/app\/uploads\/sites\/6\/2023\/08\/favicon-gerardmerinfo.png\",\"width\":512,\"height\":512,\"caption\":\"Gerardmer Info\"},\"image\":{\"@id\":\"https:\/\/vosgesinfo.fr\/gerardmerinfo\/#\/schema\/logo\/image\/\"},\"sameAs\":[\"https:\/\/www.facebook.com\/profile.php?id=100049475262660\",\"https:\/\/x.com\/VosgesInfo88\",\"https:\/\/www.youtube.com\/@vosgesinfo\"]},{\"@type\":\"Person\",\"@id\":\"https:\/\/vosgesinfo.fr\/gerardmerinfo\/#\/schema\/person\/27a3695b06db98895b354c0765cdfc31\",\"name\":\"La redaction\",\"image\":{\"@type\":\"ImageObject\",\"inLanguage\":\"fr-FR\",\"@id\":\"https:\/\/vosgesinfo.fr\/gerardmerinfo\/#\/schema\/person\/image\/\",\"url\":\"https:\/\/secure.gravatar.com\/avatar\/64c76a78e501cedee55736f43f332df901e1896ae9cd8fad269ae2236dd0e8b6?s=96&d=mm&r=g\",\"contentUrl\":\"https:\/\/secure.gravatar.com\/avatar\/64c76a78e501cedee55736f43f332df901e1896ae9cd8fad269ae2236dd0e8b6?s=96&d=mm&r=g\",\"caption\":\"La redaction\"},\"url\":\"https:\/\/vosgesinfo.fr\/gerardmerinfo\/author\/la-redaction\/\"}]}<\/script>\n<!-- \/ Yoast SEO plugin. -->","yoast_head_json":{"title":"Expo photos au Tholy - venez voter pour vos photos pr\u00e9f\u00e9r\u00e9es ! - Gerardmer Info","robots":{"index":"index","follow":"follow","max-snippet":"max-snippet:-1","max-image-preview":"max-image-preview:large","max-video-preview":"max-video-preview:-1"},"canonical":"https:\/\/vosgesinfo.fr\/gerardmerinfo\/2025\/07\/expo-photos-au-tholy-venez-voter-pour-vos-photos-preferees\/","twitter_card":"summary_large_image","twitter_title":"Expo photos au Tholy - venez voter pour vos photos pr\u00e9f\u00e9r\u00e9es ! - Gerardmer Info","twitter_description":"Le concours organis\u00e9 par la commune du Tholy est termin\u00e9&#8230; Maintenant, place \u00e0 l&rsquo;exposition ! Le public est invit\u00e9 \u00e0 [&hellip;]","twitter_image":"https:\/\/vosgesinfo.fr\/app\/uploads\/sites\/6\/2025\/07\/affiche-exposition-photos-le-tholy-2025-page-00011.jpg","twitter_creator":"@VosgesInfo88","twitter_site":"@VosgesInfo88","twitter_misc":{"\u00c9crit par":"La redaction","Dur\u00e9e de lecture estim\u00e9e":"1 minute"},"schema":{"@context":"https:\/\/schema.org","@graph":[{"@type":"Article","@id":"https:\/\/vosgesinfo.fr\/gerardmerinfo\/2025\/07\/expo-photos-au-tholy-venez-voter-pour-vos-photos-preferees\/#article","isPartOf":{"@id":"https:\/\/vosgesinfo.fr\/gerardmerinfo\/2025\/07\/expo-photos-au-tholy-venez-voter-pour-vos-photos-preferees\/"},"author":{"name":"La redaction","@id":"https:\/\/vosgesinfo.fr\/gerardmerinfo\/#\/schema\/person\/27a3695b06db98895b354c0765cdfc31"},"headline":"Expo photos au Tholy &#8211; venez voter pour vos photos pr\u00e9f\u00e9r\u00e9es !","datePublished":"2025-07-21T03:58:23+00:00","dateModified":"2025-07-20T16:23:52+00:00","mainEntityOfPage":{"@id":"https:\/\/vosgesinfo.fr\/gerardmerinfo\/2025\/07\/expo-photos-au-tholy-venez-voter-pour-vos-photos-preferees\/"},"wordCount":122,"commentCount":0,"publisher":{"@id":"https:\/\/vosgesinfo.fr\/gerardmerinfo\/#organization"},"image":{"@id":"https:\/\/vosgesinfo.fr\/gerardmerinfo\/2025\/07\/expo-photos-au-tholy-venez-voter-pour-vos-photos-preferees\/#primaryimage"},"thumbnailUrl":"https:\/\/vosgesinfo.fr\/app\/uploads\/sites\/6\/2025\/07\/affiche-exposition-photos-le-tholy-2025-page-00011.jpg","keywords":["Le Tholy"],"articleSection":["A la une","Culture","Gerardmer"],"inLanguage":"fr-FR","potentialAction":[{"@type":"CommentAction","name":"Comment","target":["https:\/\/vosgesinfo.fr\/gerardmerinfo\/2025\/07\/expo-photos-au-tholy-venez-voter-pour-vos-photos-preferees\/#respond"]}]},{"@type":"WebPage","@id":"https:\/\/vosgesinfo.fr\/gerardmerinfo\/2025\/07\/expo-photos-au-tholy-venez-voter-pour-vos-photos-preferees\/","url":"https:\/\/vosgesinfo.fr\/gerardmerinfo\/2025\/07\/expo-photos-au-tholy-venez-voter-pour-vos-photos-preferees\/","name":"Expo photos au Tholy - venez voter pour vos photos pr\u00e9f\u00e9r\u00e9es ! - Gerardmer Info","isPartOf":{"@id":"https:\/\/vosgesinfo.fr\/gerardmerinfo\/#website"},"primaryImageOfPage":{"@id":"https:\/\/vosgesinfo.fr\/gerardmerinfo\/2025\/07\/expo-photos-au-tholy-venez-voter-pour-vos-photos-preferees\/#primaryimage"},"image":{"@id":"https:\/\/vosgesinfo.fr\/gerardmerinfo\/2025\/07\/expo-photos-au-tholy-venez-voter-pour-vos-photos-preferees\/#primaryimage"},"thumbnailUrl":"https:\/\/vosgesinfo.fr\/app\/uploads\/sites\/6\/2025\/07\/affiche-exposition-photos-le-tholy-2025-page-00011.jpg","datePublished":"2025-07-21T03:58:23+00:00","dateModified":"2025-07-20T16:23:52+00:00","breadcrumb":{"@id":"https:\/\/vosgesinfo.fr\/gerardmerinfo\/2025\/07\/expo-photos-au-tholy-venez-voter-pour-vos-photos-preferees\/#breadcrumb"},"inLanguage":"fr-FR","potentialAction":[{"@type":"ReadAction","target":["https:\/\/vosgesinfo.fr\/gerardmerinfo\/2025\/07\/expo-photos-au-tholy-venez-voter-pour-vos-photos-preferees\/"]}]},{"@type":"ImageObject","inLanguage":"fr-FR","@id":"https:\/\/vosgesinfo.fr\/gerardmerinfo\/2025\/07\/expo-photos-au-tholy-venez-voter-pour-vos-photos-preferees\/#primaryimage","url":"https:\/\/vosgesinfo.fr\/app\/uploads\/sites\/6\/2025\/07\/affiche-exposition-photos-le-tholy-2025-page-00011.jpg","contentUrl":"https:\/\/vosgesinfo.fr\/app\/uploads\/sites\/6\/2025\/07\/affiche-exposition-photos-le-tholy-2025-page-00011.jpg","width":1755,"height":2480},{"@type":"BreadcrumbList","@id":"https:\/\/vosgesinfo.fr\/gerardmerinfo\/2025\/07\/expo-photos-au-tholy-venez-voter-pour-vos-photos-preferees\/#breadcrumb","itemListElement":[{"@type":"ListItem","position":1,"name":"Home","item":"https:\/\/vosgesinfo.fr\/gerardmerinfo\/"},{"@type":"ListItem","position":2,"name":"Expo photos au Tholy &#8211; venez voter pour vos photos pr\u00e9f\u00e9r\u00e9es !"}]},{"@type":"WebSite","@id":"https:\/\/vosgesinfo.fr\/gerardmerinfo\/#website","url":"https:\/\/vosgesinfo.fr\/gerardmerinfo\/","name":"Gerardmer Info","description":"Toute l&#039;actualit\u00e9 de G\u00e9rardmer","publisher":{"@id":"https:\/\/vosgesinfo.fr\/gerardmerinfo\/#organization"},"alternateName":"Toute l'actualit\u00e9 de G\u00e9rardmer","potentialAction":[{"@type":"SearchAction","target":{"@type":"EntryPoint","urlTemplate":"https:\/\/vosgesinfo.fr\/gerardmerinfo\/?s={search_term_string}"},"query-input":"required name=search_term_string"}],"inLanguage":"fr-FR"},{"@type":"Organization","@id":"https:\/\/vosgesinfo.fr\/gerardmerinfo\/#organization","name":"Gerardmer Info","url":"https:\/\/vosgesinfo.fr\/gerardmerinfo\/","logo":{"@type":"ImageObject","inLanguage":"fr-FR","@id":"https:\/\/vosgesinfo.fr\/gerardmerinfo\/#\/schema\/logo\/image\/","url":"https:\/\/vosgesinfo.fr\/app\/uploads\/sites\/6\/2023\/08\/favicon-gerardmerinfo.png","contentUrl":"https:\/\/vosgesinfo.fr\/app\/uploads\/sites\/6\/2023\/08\/favicon-gerardmerinfo.png","width":512,"height":512,"caption":"Gerardmer Info"},"image":{"@id":"https:\/\/vosgesinfo.fr\/gerardmerinfo\/#\/schema\/logo\/image\/"},"sameAs":["https:\/\/www.facebook.com\/profile.php?id=100049475262660","https:\/\/x.com\/VosgesInfo88","https:\/\/www.youtube.com\/@vosgesinfo"]},{"@type":"Person","@id":"https:\/\/vosgesinfo.fr\/gerardmerinfo\/#\/schema\/person\/27a3695b06db98895b354c0765cdfc31","name":"La redaction","image":{"@type":"ImageObject","inLanguage":"fr-FR","@id":"https:\/\/vosgesinfo.fr\/gerardmerinfo\/#\/schema\/person\/image\/","url":"https:\/\/secure.gravatar.com\/avatar\/64c76a78e501cedee55736f43f332df901e1896ae9cd8fad269ae2236dd0e8b6?s=96&d=mm&r=g","contentUrl":"https:\/\/secure.gravatar.com\/avatar\/64c76a78e501cedee55736f43f332df901e1896ae9cd8fad269ae2236dd0e8b6?s=96&d=mm&r=g","caption":"La redaction"},"url":"https:\/\/vosgesinfo.fr\/gerardmerinfo\/author\/la-redaction\/"}]}},"_links":{"self":[{"href":"https:\/\/vosgesinfo.fr\/gerardmerinfo\/wp-json\/wp\/v2\/posts\/80747","targetHints":{"allow":["GET"]}}],"collection":[{"href":"https:\/\/vosgesinfo.fr\/gerardmerinfo\/wp-json\/wp\/v2\/posts"}],"about":[{"href":"https:\/\/vosgesinfo.fr\/gerardmerinfo\/wp-json\/wp\/v2\/types\/post"}],"author":[{"embeddable":true,"href":"https:\/\/vosgesinfo.fr\/gerardmerinfo\/wp-json\/wp\/v2\/users\/391"}],"replies":[{"embeddable":true,"href":"https:\/\/vosgesinfo.fr\/gerardmerinfo\/wp-json\/wp\/v2\/comments?post=80747"}],"version-history":[{"count":1,"href":"https:\/\/vosgesinfo.fr\/gerardmerinfo\/wp-json\/wp\/v2\/posts\/80747\/revisions"}],"predecessor-version":[{"id":80749,"href":"https:\/\/vosgesinfo.fr\/gerardmerinfo\/wp-json\/wp\/v2\/posts\/80747\/revisions\/80749"}],"wp:featuredmedia":[{"embeddable":true,"href":"https:\/\/vosgesinfo.fr\/gerardmerinfo\/wp-json\/wp\/v2\/media\/80748"}],"wp:attachment":[{"href":"https:\/\/vosgesinfo.fr\/gerardmerinfo\/wp-json\/wp\/v2\/media?parent=80747"}],"wp:term":[{"taxonomy":"category","embeddable":true,"href":"https:\/\/vosgesinfo.fr\/gerardmerinfo\/wp-json\/wp\/v2\/categories?post=80747"},{"taxonomy":"post_tag","embeddable":true,"href":"https:\/\/vosgesinfo.fr\/gerardmerinfo\/wp-json\/wp\/v2\/tags?post=80747"}],"curies":[{"name":"wp","href":"https:\/\/api.w.org\/{rel}","templated":true}]}}