{"id":80764,"date":"2025-07-21T10:43:49","date_gmt":"2025-07-21T08:43:49","guid":{"rendered":"https:\/\/vosgesinfo.fr\/gerardmerinfo\/?p=80764"},"modified":"2025-07-21T10:43:49","modified_gmt":"2025-07-21T08:43:49","slug":"la-cfdt-du-ch-emile-durkheim-alerte-sur-les-risques-pour-la-population-sur-aux-recentes-fermeture-des-smur-dans-les-vosges","status":"publish","type":"post","link":"https:\/\/vosgesinfo.fr\/gerardmerinfo\/2025\/07\/la-cfdt-du-ch-emile-durkheim-alerte-sur-les-risques-pour-la-population-sur-aux-recentes-fermeture-des-smur-dans-les-vosges\/","title":{"rendered":"La CFDT du CH Emile Durkheim alerte sur les risques pour la population sur aux r\u00e9centes fermeture des SMUR dans les Vosges"},"content":{"rendered":"<h3 data-start=\"156\" data-end=\"271\"><a href=\"https:\/\/vosgesinfo.fr\/app\/uploads\/sites\/5\/2025\/04\/logo-cfdt.png\"><img decoding=\"async\" class=\"aligncenter size-thumbnail wp-image-81279\" src=\"https:\/\/vosgesinfo.fr\/app\/uploads\/sites\/5\/2025\/04\/logo-cfdt-150x150.png\" alt=\"\" width=\"150\" height=\"150\" \/><\/a><\/h3>\n<p data-start=\"273\" data-end=\"519\"><strong>Dans un r\u00e9cent communiqu\u00e9, la CFDT du Centre Hospitalier Emile Durkheim tirait la sonnette d\u2019alarme apr\u00e8s plusieurs fermetures de SMUR (Service Mobile d\u2019Urgence et de R\u00e9animation) survenues ces derniers jours dans le secteur du Centre Vosges.<\/strong><\/p>\n<p data-start=\"521\" data-end=\"777\">Les 12, 13, 14, 15 et 18 juillet, les SMUR d\u2019\u00c9pinal et de Remiremont ont \u00e9t\u00e9 contraints de suspendre leur activit\u00e9, faute de m\u00e9decins urgentistes disponibles. Une situation que les autorit\u00e9s hospitali\u00e8res attribuent \u00e0 un manque criant de personnel m\u00e9dical.<\/p>\n<p data-start=\"779\" data-end=\"1057\">Face \u00e0 cette r\u00e9alit\u00e9, le syndicat CFDT propose de renforcer l\u2019attractivit\u00e9 des postes, notamment en soutenant les initiatives des professionnels de sant\u00e9. L\u2019implantation d\u2019un service de coronarographie au sein du service de cardiologie est cit\u00e9e comme exemple de projet porteur.<\/p>\n<p data-start=\"1059\" data-end=\"1551\">La situation est d\u2019autant plus pr\u00e9occupante que les pathologies cardio-neurovasculaires sont en forte hausse dans le d\u00e9partement. Selon l\u2019Observatoire R\u00e9gional de Sant\u00e9 (ORS), entre 34 et 134 patients sont pris en charge chaque jour pour ce type de pathologies dans les Vosges. Ces cas n\u00e9cessitent une intervention rapide. Au CH Emile Durkheim, on observe ainsi une augmentation de pr\u00e8s de 30 % des hospitalisations en Unit\u00e9 Neuro-Vasculaire en 2024, et de 36 % des admissions en r\u00e9animation.<\/p>\n<p data-start=\"1553\" data-end=\"1843\">La fermeture des SMUR pourrait allonger consid\u00e9rablement les d\u00e9lais d\u2019intervention, notamment dans des situations critiques comme les AVC. Or, la thrombolyse \u2013 traitement de r\u00e9f\u00e9rence \u2013 doit imp\u00e9rativement \u00eatre administr\u00e9e dans un d\u00e9lai de 4 heures pour limiter les s\u00e9quelles neurologiques.<\/p>\n<p data-start=\"1845\" data-end=\"2225\">Le syndicat rappelle que l\u2019acc\u00e8s \u00e9quitable aux soins sur l\u2019ensemble du territoire est un droit fondamental, tel que garanti par le Plan R\u00e9gional de Sant\u00e9 de l\u2019ARS. Alors que la population locale est vieillissante, la CFDT appelle \u00e0 des solutions concert\u00e9es pour lutter contre les in\u00e9galit\u00e9s d\u2019acc\u00e8s aux soins et \u00e9viter une d\u00e9gradation suppl\u00e9mentaire du service public hospitalier.<\/p>\n<p data-start=\"2227\" data-end=\"2392\">\u00ab La sant\u00e9 ne doit pas \u00eatre vue comme un co\u00fbt, mais comme un investissement collectif indispensable, b\u00e9n\u00e9fique \u00e0 long terme pour toute la soci\u00e9t\u00e9 \u00bb, conclut la CFDT.<\/p>\n","protected":false},"excerpt":{"rendered":"<p>Dans un r\u00e9cent communiqu\u00e9, la CFDT du Centre Hospitalier Emile Durkheim tirait la sonnette d\u2019alarme apr\u00e8s plusieurs fermetures de SMUR [&hellip;]<\/p>\n","protected":false},"author":391,"featured_media":80765,"comment_status":"open","ping_status":"open","sticky":false,"template":"","format":"standard","meta":{"footnotes":""},"categories":[20,878,25,328,868,946],"tags":[],"class_list":["post-80764","post","type-post","status-publish","format-standard","has-post-thumbnail","hentry","category-a-la-une","category-epinal","category-gerardmer","category-la-plaine-des-vosges","category-remiremont","category-saint-die"],"acf":[],"yoast_head":"<!-- This site is optimized with the Yoast SEO plugin v22.5 - https:\/\/yoast.com\/wordpress\/plugins\/seo\/ -->\n<title>La CFDT du CH Emile Durkheim alerte sur les risques pour la population sur aux r\u00e9centes fermeture des SMUR dans les Vosges - Gerardmer Info<\/title>\n<meta name=\"robots\" content=\"index, follow, max-snippet:-1, max-image-preview:large, max-video-preview:-1\" \/>\n<link rel=\"canonical\" href=\"https:\/\/vosgesinfo.fr\/gerardmerinfo\/2025\/07\/la-cfdt-du-ch-emile-durkheim-alerte-sur-les-risques-pour-la-population-sur-aux-recentes-fermeture-des-smur-dans-les-vosges\/\" \/>\n<meta name=\"twitter:card\" content=\"summary_large_image\" \/>\n<meta name=\"twitter:title\" content=\"La CFDT du CH Emile Durkheim alerte sur les risques pour la population sur aux r\u00e9centes fermeture des SMUR dans les Vosges - Gerardmer Info\" \/>\n<meta name=\"twitter:description\" content=\"Dans un r\u00e9cent communiqu\u00e9, la CFDT du Centre Hospitalier Emile Durkheim tirait la sonnette d\u2019alarme apr\u00e8s plusieurs fermetures de SMUR [&hellip;]\" \/>\n<meta name=\"twitter:image\" content=\"https:\/\/vosgesinfo.fr\/app\/uploads\/sites\/6\/2025\/07\/201908hopital-emile-durkheim-epinal.jpg\" \/>\n<meta name=\"twitter:creator\" content=\"@VosgesInfo88\" \/>\n<meta name=\"twitter:site\" content=\"@VosgesInfo88\" \/>\n<meta name=\"twitter:label1\" content=\"\u00c9crit par\" \/>\n\t<meta name=\"twitter:data1\" content=\"La redaction\" \/>\n\t<meta name=\"twitter:label2\" content=\"Dur\u00e9e de lecture estim\u00e9e\" \/>\n\t<meta name=\"twitter:data2\" content=\"2 minutes\" \/>\n<script type=\"application\/ld+json\" class=\"yoast-schema-graph\">{\"@context\":\"https:\/\/schema.org\",\"@graph\":[{\"@type\":\"Article\",\"@id\":\"https:\/\/vosgesinfo.fr\/gerardmerinfo\/2025\/07\/la-cfdt-du-ch-emile-durkheim-alerte-sur-les-risques-pour-la-population-sur-aux-recentes-fermeture-des-smur-dans-les-vosges\/#article\",\"isPartOf\":{\"@id\":\"https:\/\/vosgesinfo.fr\/gerardmerinfo\/2025\/07\/la-cfdt-du-ch-emile-durkheim-alerte-sur-les-risques-pour-la-population-sur-aux-recentes-fermeture-des-smur-dans-les-vosges\/\"},\"author\":{\"name\":\"La redaction\",\"@id\":\"https:\/\/vosgesinfo.fr\/gerardmerinfo\/#\/schema\/person\/27a3695b06db98895b354c0765cdfc31\"},\"headline\":\"La CFDT du CH Emile Durkheim alerte sur les risques pour la population sur aux r\u00e9centes fermeture des SMUR dans les Vosges\",\"datePublished\":\"2025-07-21T08:43:49+00:00\",\"dateModified\":\"2025-07-21T08:43:49+00:00\",\"mainEntityOfPage\":{\"@id\":\"https:\/\/vosgesinfo.fr\/gerardmerinfo\/2025\/07\/la-cfdt-du-ch-emile-durkheim-alerte-sur-les-risques-pour-la-population-sur-aux-recentes-fermeture-des-smur-dans-les-vosges\/\"},\"wordCount\":371,\"commentCount\":3,\"publisher\":{\"@id\":\"https:\/\/vosgesinfo.fr\/gerardmerinfo\/#organization\"},\"image\":{\"@id\":\"https:\/\/vosgesinfo.fr\/gerardmerinfo\/2025\/07\/la-cfdt-du-ch-emile-durkheim-alerte-sur-les-risques-pour-la-population-sur-aux-recentes-fermeture-des-smur-dans-les-vosges\/#primaryimage\"},\"thumbnailUrl\":\"https:\/\/vosgesinfo.fr\/app\/uploads\/sites\/6\/2025\/07\/201908hopital-emile-durkheim-epinal.jpg\",\"articleSection\":[\"A la une\",\"Epinal\",\"G\u00e9rardmer\",\"La plaine des vosges\",\"Remiremont\",\"Saint-di\u00e9\"],\"inLanguage\":\"fr-FR\",\"potentialAction\":[{\"@type\":\"CommentAction\",\"name\":\"Comment\",\"target\":[\"https:\/\/vosgesinfo.fr\/gerardmerinfo\/2025\/07\/la-cfdt-du-ch-emile-durkheim-alerte-sur-les-risques-pour-la-population-sur-aux-recentes-fermeture-des-smur-dans-les-vosges\/#respond\"]}]},{\"@type\":\"WebPage\",\"@id\":\"https:\/\/vosgesinfo.fr\/gerardmerinfo\/2025\/07\/la-cfdt-du-ch-emile-durkheim-alerte-sur-les-risques-pour-la-population-sur-aux-recentes-fermeture-des-smur-dans-les-vosges\/\",\"url\":\"https:\/\/vosgesinfo.fr\/gerardmerinfo\/2025\/07\/la-cfdt-du-ch-emile-durkheim-alerte-sur-les-risques-pour-la-population-sur-aux-recentes-fermeture-des-smur-dans-les-vosges\/\",\"name\":\"La CFDT du CH Emile Durkheim alerte sur les risques pour la population sur aux r\u00e9centes fermeture des SMUR dans les Vosges - Gerardmer Info\",\"isPartOf\":{\"@id\":\"https:\/\/vosgesinfo.fr\/gerardmerinfo\/#website\"},\"primaryImageOfPage\":{\"@id\":\"https:\/\/vosgesinfo.fr\/gerardmerinfo\/2025\/07\/la-cfdt-du-ch-emile-durkheim-alerte-sur-les-risques-pour-la-population-sur-aux-recentes-fermeture-des-smur-dans-les-vosges\/#primaryimage\"},\"image\":{\"@id\":\"https:\/\/vosgesinfo.fr\/gerardmerinfo\/2025\/07\/la-cfdt-du-ch-emile-durkheim-alerte-sur-les-risques-pour-la-population-sur-aux-recentes-fermeture-des-smur-dans-les-vosges\/#primaryimage\"},\"thumbnailUrl\":\"https:\/\/vosgesinfo.fr\/app\/uploads\/sites\/6\/2025\/07\/201908hopital-emile-durkheim-epinal.jpg\",\"datePublished\":\"2025-07-21T08:43:49+00:00\",\"dateModified\":\"2025-07-21T08:43:49+00:00\",\"breadcrumb\":{\"@id\":\"https:\/\/vosgesinfo.fr\/gerardmerinfo\/2025\/07\/la-cfdt-du-ch-emile-durkheim-alerte-sur-les-risques-pour-la-population-sur-aux-recentes-fermeture-des-smur-dans-les-vosges\/#breadcrumb\"},\"inLanguage\":\"fr-FR\",\"potentialAction\":[{\"@type\":\"ReadAction\",\"target\":[\"https:\/\/vosgesinfo.fr\/gerardmerinfo\/2025\/07\/la-cfdt-du-ch-emile-durkheim-alerte-sur-les-risques-pour-la-population-sur-aux-recentes-fermeture-des-smur-dans-les-vosges\/\"]}]},{\"@type\":\"ImageObject\",\"inLanguage\":\"fr-FR\",\"@id\":\"https:\/\/vosgesinfo.fr\/gerardmerinfo\/2025\/07\/la-cfdt-du-ch-emile-durkheim-alerte-sur-les-risques-pour-la-population-sur-aux-recentes-fermeture-des-smur-dans-les-vosges\/#primaryimage\",\"url\":\"https:\/\/vosgesinfo.fr\/app\/uploads\/sites\/6\/2025\/07\/201908hopital-emile-durkheim-epinal.jpg\",\"contentUrl\":\"https:\/\/vosgesinfo.fr\/app\/uploads\/sites\/6\/2025\/07\/201908hopital-emile-durkheim-epinal.jpg\",\"width\":800,\"height\":400},{\"@type\":\"BreadcrumbList\",\"@id\":\"https:\/\/vosgesinfo.fr\/gerardmerinfo\/2025\/07\/la-cfdt-du-ch-emile-durkheim-alerte-sur-les-risques-pour-la-population-sur-aux-recentes-fermeture-des-smur-dans-les-vosges\/#breadcrumb\",\"itemListElement\":[{\"@type\":\"ListItem\",\"position\":1,\"name\":\"Home\",\"item\":\"https:\/\/vosgesinfo.fr\/gerardmerinfo\/\"},{\"@type\":\"ListItem\",\"position\":2,\"name\":\"La CFDT du CH Emile Durkheim alerte sur les risques pour la population sur aux r\u00e9centes fermeture des SMUR dans les Vosges\"}]},{\"@type\":\"WebSite\",\"@id\":\"https:\/\/vosgesinfo.fr\/gerardmerinfo\/#website\",\"url\":\"https:\/\/vosgesinfo.fr\/gerardmerinfo\/\",\"name\":\"Gerardmer Info\",\"description\":\"Toute l&#039;actualit\u00e9 de G\u00e9rardmer\",\"publisher\":{\"@id\":\"https:\/\/vosgesinfo.fr\/gerardmerinfo\/#organization\"},\"alternateName\":\"Toute l'actualit\u00e9 de G\u00e9rardmer\",\"potentialAction\":[{\"@type\":\"SearchAction\",\"target\":{\"@type\":\"EntryPoint\",\"urlTemplate\":\"https:\/\/vosgesinfo.fr\/gerardmerinfo\/?s={search_term_string}\"},\"query-input\":\"required name=search_term_string\"}],\"inLanguage\":\"fr-FR\"},{\"@type\":\"Organization\",\"@id\":\"https:\/\/vosgesinfo.fr\/gerardmerinfo\/#organization\",\"name\":\"Gerardmer Info\",\"url\":\"https:\/\/vosgesinfo.fr\/gerardmerinfo\/\",\"logo\":{\"@type\":\"ImageObject\",\"inLanguage\":\"fr-FR\",\"@id\":\"https:\/\/vosgesinfo.fr\/gerardmerinfo\/#\/schema\/logo\/image\/\",\"url\":\"https:\/\/vosgesinfo.fr\/app\/uploads\/sites\/6\/2023\/08\/favicon-gerardmerinfo.png\",\"contentUrl\":\"https:\/\/vosgesinfo.fr\/app\/uploads\/sites\/6\/2023\/08\/favicon-gerardmerinfo.png\",\"width\":512,\"height\":512,\"caption\":\"Gerardmer Info\"},\"image\":{\"@id\":\"https:\/\/vosgesinfo.fr\/gerardmerinfo\/#\/schema\/logo\/image\/\"},\"sameAs\":[\"https:\/\/www.facebook.com\/profile.php?id=100049475262660\",\"https:\/\/x.com\/VosgesInfo88\",\"https:\/\/www.youtube.com\/@vosgesinfo\"]},{\"@type\":\"Person\",\"@id\":\"https:\/\/vosgesinfo.fr\/gerardmerinfo\/#\/schema\/person\/27a3695b06db98895b354c0765cdfc31\",\"name\":\"La redaction\",\"image\":{\"@type\":\"ImageObject\",\"inLanguage\":\"fr-FR\",\"@id\":\"https:\/\/vosgesinfo.fr\/gerardmerinfo\/#\/schema\/person\/image\/\",\"url\":\"https:\/\/secure.gravatar.com\/avatar\/64c76a78e501cedee55736f43f332df901e1896ae9cd8fad269ae2236dd0e8b6?s=96&d=mm&r=g\",\"contentUrl\":\"https:\/\/secure.gravatar.com\/avatar\/64c76a78e501cedee55736f43f332df901e1896ae9cd8fad269ae2236dd0e8b6?s=96&d=mm&r=g\",\"caption\":\"La redaction\"},\"url\":\"https:\/\/vosgesinfo.fr\/gerardmerinfo\/author\/la-redaction\/\"}]}<\/script>\n<!-- \/ Yoast SEO plugin. -->","yoast_head_json":{"title":"La CFDT du CH Emile Durkheim alerte sur les risques pour la population sur aux r\u00e9centes fermeture des SMUR dans les Vosges - Gerardmer Info","robots":{"index":"index","follow":"follow","max-snippet":"max-snippet:-1","max-image-preview":"max-image-preview:large","max-video-preview":"max-video-preview:-1"},"canonical":"https:\/\/vosgesinfo.fr\/gerardmerinfo\/2025\/07\/la-cfdt-du-ch-emile-durkheim-alerte-sur-les-risques-pour-la-population-sur-aux-recentes-fermeture-des-smur-dans-les-vosges\/","twitter_card":"summary_large_image","twitter_title":"La CFDT du CH Emile Durkheim alerte sur les risques pour la population sur aux r\u00e9centes fermeture des SMUR dans les Vosges - Gerardmer Info","twitter_description":"Dans un r\u00e9cent communiqu\u00e9, la CFDT du Centre Hospitalier Emile Durkheim tirait la sonnette d\u2019alarme apr\u00e8s plusieurs fermetures de SMUR [&hellip;]","twitter_image":"https:\/\/vosgesinfo.fr\/app\/uploads\/sites\/6\/2025\/07\/201908hopital-emile-durkheim-epinal.jpg","twitter_creator":"@VosgesInfo88","twitter_site":"@VosgesInfo88","twitter_misc":{"\u00c9crit par":"La redaction","Dur\u00e9e de lecture estim\u00e9e":"2 minutes"},"schema":{"@context":"https:\/\/schema.org","@graph":[{"@type":"Article","@id":"https:\/\/vosgesinfo.fr\/gerardmerinfo\/2025\/07\/la-cfdt-du-ch-emile-durkheim-alerte-sur-les-risques-pour-la-population-sur-aux-recentes-fermeture-des-smur-dans-les-vosges\/#article","isPartOf":{"@id":"https:\/\/vosgesinfo.fr\/gerardmerinfo\/2025\/07\/la-cfdt-du-ch-emile-durkheim-alerte-sur-les-risques-pour-la-population-sur-aux-recentes-fermeture-des-smur-dans-les-vosges\/"},"author":{"name":"La redaction","@id":"https:\/\/vosgesinfo.fr\/gerardmerinfo\/#\/schema\/person\/27a3695b06db98895b354c0765cdfc31"},"headline":"La CFDT du CH Emile Durkheim alerte sur les risques pour la population sur aux r\u00e9centes fermeture des SMUR dans les Vosges","datePublished":"2025-07-21T08:43:49+00:00","dateModified":"2025-07-21T08:43:49+00:00","mainEntityOfPage":{"@id":"https:\/\/vosgesinfo.fr\/gerardmerinfo\/2025\/07\/la-cfdt-du-ch-emile-durkheim-alerte-sur-les-risques-pour-la-population-sur-aux-recentes-fermeture-des-smur-dans-les-vosges\/"},"wordCount":371,"commentCount":3,"publisher":{"@id":"https:\/\/vosgesinfo.fr\/gerardmerinfo\/#organization"},"image":{"@id":"https:\/\/vosgesinfo.fr\/gerardmerinfo\/2025\/07\/la-cfdt-du-ch-emile-durkheim-alerte-sur-les-risques-pour-la-population-sur-aux-recentes-fermeture-des-smur-dans-les-vosges\/#primaryimage"},"thumbnailUrl":"https:\/\/vosgesinfo.fr\/app\/uploads\/sites\/6\/2025\/07\/201908hopital-emile-durkheim-epinal.jpg","articleSection":["A la une","Epinal","G\u00e9rardmer","La plaine des vosges","Remiremont","Saint-di\u00e9"],"inLanguage":"fr-FR","potentialAction":[{"@type":"CommentAction","name":"Comment","target":["https:\/\/vosgesinfo.fr\/gerardmerinfo\/2025\/07\/la-cfdt-du-ch-emile-durkheim-alerte-sur-les-risques-pour-la-population-sur-aux-recentes-fermeture-des-smur-dans-les-vosges\/#respond"]}]},{"@type":"WebPage","@id":"https:\/\/vosgesinfo.fr\/gerardmerinfo\/2025\/07\/la-cfdt-du-ch-emile-durkheim-alerte-sur-les-risques-pour-la-population-sur-aux-recentes-fermeture-des-smur-dans-les-vosges\/","url":"https:\/\/vosgesinfo.fr\/gerardmerinfo\/2025\/07\/la-cfdt-du-ch-emile-durkheim-alerte-sur-les-risques-pour-la-population-sur-aux-recentes-fermeture-des-smur-dans-les-vosges\/","name":"La CFDT du CH Emile Durkheim alerte sur les risques pour la population sur aux r\u00e9centes fermeture des SMUR dans les Vosges - Gerardmer Info","isPartOf":{"@id":"https:\/\/vosgesinfo.fr\/gerardmerinfo\/#website"},"primaryImageOfPage":{"@id":"https:\/\/vosgesinfo.fr\/gerardmerinfo\/2025\/07\/la-cfdt-du-ch-emile-durkheim-alerte-sur-les-risques-pour-la-population-sur-aux-recentes-fermeture-des-smur-dans-les-vosges\/#primaryimage"},"image":{"@id":"https:\/\/vosgesinfo.fr\/gerardmerinfo\/2025\/07\/la-cfdt-du-ch-emile-durkheim-alerte-sur-les-risques-pour-la-population-sur-aux-recentes-fermeture-des-smur-dans-les-vosges\/#primaryimage"},"thumbnailUrl":"https:\/\/vosgesinfo.fr\/app\/uploads\/sites\/6\/2025\/07\/201908hopital-emile-durkheim-epinal.jpg","datePublished":"2025-07-21T08:43:49+00:00","dateModified":"2025-07-21T08:43:49+00:00","breadcrumb":{"@id":"https:\/\/vosgesinfo.fr\/gerardmerinfo\/2025\/07\/la-cfdt-du-ch-emile-durkheim-alerte-sur-les-risques-pour-la-population-sur-aux-recentes-fermeture-des-smur-dans-les-vosges\/#breadcrumb"},"inLanguage":"fr-FR","potentialAction":[{"@type":"ReadAction","target":["https:\/\/vosgesinfo.fr\/gerardmerinfo\/2025\/07\/la-cfdt-du-ch-emile-durkheim-alerte-sur-les-risques-pour-la-population-sur-aux-recentes-fermeture-des-smur-dans-les-vosges\/"]}]},{"@type":"ImageObject","inLanguage":"fr-FR","@id":"https:\/\/vosgesinfo.fr\/gerardmerinfo\/2025\/07\/la-cfdt-du-ch-emile-durkheim-alerte-sur-les-risques-pour-la-population-sur-aux-recentes-fermeture-des-smur-dans-les-vosges\/#primaryimage","url":"https:\/\/vosgesinfo.fr\/app\/uploads\/sites\/6\/2025\/07\/201908hopital-emile-durkheim-epinal.jpg","contentUrl":"https:\/\/vosgesinfo.fr\/app\/uploads\/sites\/6\/2025\/07\/201908hopital-emile-durkheim-epinal.jpg","width":800,"height":400},{"@type":"BreadcrumbList","@id":"https:\/\/vosgesinfo.fr\/gerardmerinfo\/2025\/07\/la-cfdt-du-ch-emile-durkheim-alerte-sur-les-risques-pour-la-population-sur-aux-recentes-fermeture-des-smur-dans-les-vosges\/#breadcrumb","itemListElement":[{"@type":"ListItem","position":1,"name":"Home","item":"https:\/\/vosgesinfo.fr\/gerardmerinfo\/"},{"@type":"ListItem","position":2,"name":"La CFDT du CH Emile Durkheim alerte sur les risques pour la population sur aux r\u00e9centes fermeture des SMUR dans les Vosges"}]},{"@type":"WebSite","@id":"https:\/\/vosgesinfo.fr\/gerardmerinfo\/#website","url":"https:\/\/vosgesinfo.fr\/gerardmerinfo\/","name":"Gerardmer Info","description":"Toute l&#039;actualit\u00e9 de G\u00e9rardmer","publisher":{"@id":"https:\/\/vosgesinfo.fr\/gerardmerinfo\/#organization"},"alternateName":"Toute l'actualit\u00e9 de G\u00e9rardmer","potentialAction":[{"@type":"SearchAction","target":{"@type":"EntryPoint","urlTemplate":"https:\/\/vosgesinfo.fr\/gerardmerinfo\/?s={search_term_string}"},"query-input":"required name=search_term_string"}],"inLanguage":"fr-FR"},{"@type":"Organization","@id":"https:\/\/vosgesinfo.fr\/gerardmerinfo\/#organization","name":"Gerardmer Info","url":"https:\/\/vosgesinfo.fr\/gerardmerinfo\/","logo":{"@type":"ImageObject","inLanguage":"fr-FR","@id":"https:\/\/vosgesinfo.fr\/gerardmerinfo\/#\/schema\/logo\/image\/","url":"https:\/\/vosgesinfo.fr\/app\/uploads\/sites\/6\/2023\/08\/favicon-gerardmerinfo.png","contentUrl":"https:\/\/vosgesinfo.fr\/app\/uploads\/sites\/6\/2023\/08\/favicon-gerardmerinfo.png","width":512,"height":512,"caption":"Gerardmer Info"},"image":{"@id":"https:\/\/vosgesinfo.fr\/gerardmerinfo\/#\/schema\/logo\/image\/"},"sameAs":["https:\/\/www.facebook.com\/profile.php?id=100049475262660","https:\/\/x.com\/VosgesInfo88","https:\/\/www.youtube.com\/@vosgesinfo"]},{"@type":"Person","@id":"https:\/\/vosgesinfo.fr\/gerardmerinfo\/#\/schema\/person\/27a3695b06db98895b354c0765cdfc31","name":"La redaction","image":{"@type":"ImageObject","inLanguage":"fr-FR","@id":"https:\/\/vosgesinfo.fr\/gerardmerinfo\/#\/schema\/person\/image\/","url":"https:\/\/secure.gravatar.com\/avatar\/64c76a78e501cedee55736f43f332df901e1896ae9cd8fad269ae2236dd0e8b6?s=96&d=mm&r=g","contentUrl":"https:\/\/secure.gravatar.com\/avatar\/64c76a78e501cedee55736f43f332df901e1896ae9cd8fad269ae2236dd0e8b6?s=96&d=mm&r=g","caption":"La redaction"},"url":"https:\/\/vosgesinfo.fr\/gerardmerinfo\/author\/la-redaction\/"}]}},"_links":{"self":[{"href":"https:\/\/vosgesinfo.fr\/gerardmerinfo\/wp-json\/wp\/v2\/posts\/80764","targetHints":{"allow":["GET"]}}],"collection":[{"href":"https:\/\/vosgesinfo.fr\/gerardmerinfo\/wp-json\/wp\/v2\/posts"}],"about":[{"href":"https:\/\/vosgesinfo.fr\/gerardmerinfo\/wp-json\/wp\/v2\/types\/post"}],"author":[{"embeddable":true,"href":"https:\/\/vosgesinfo.fr\/gerardmerinfo\/wp-json\/wp\/v2\/users\/391"}],"replies":[{"embeddable":true,"href":"https:\/\/vosgesinfo.fr\/gerardmerinfo\/wp-json\/wp\/v2\/comments?post=80764"}],"version-history":[{"count":0,"href":"https:\/\/vosgesinfo.fr\/gerardmerinfo\/wp-json\/wp\/v2\/posts\/80764\/revisions"}],"wp:featuredmedia":[{"embeddable":true,"href":"https:\/\/vosgesinfo.fr\/gerardmerinfo\/wp-json\/wp\/v2\/media\/80765"}],"wp:attachment":[{"href":"https:\/\/vosgesinfo.fr\/gerardmerinfo\/wp-json\/wp\/v2\/media?parent=80764"}],"wp:term":[{"taxonomy":"category","embeddable":true,"href":"https:\/\/vosgesinfo.fr\/gerardmerinfo\/wp-json\/wp\/v2\/categories?post=80764"},{"taxonomy":"post_tag","embeddable":true,"href":"https:\/\/vosgesinfo.fr\/gerardmerinfo\/wp-json\/wp\/v2\/tags?post=80764"}],"curies":[{"name":"wp","href":"https:\/\/api.w.org\/{rel}","templated":true}]}}