{"id":80769,"date":"2025-07-22T05:59:07","date_gmt":"2025-07-22T03:59:07","guid":{"rendered":"https:\/\/vosgesinfo.fr\/gerardmerinfo\/?p=80769"},"modified":"2025-07-21T12:04:24","modified_gmt":"2025-07-21T10:04:24","slug":"spectacle-sons-lumieres-et-jets-deau-pour-feter-les-150-ans-de-loffice-de-tourisme-de-gerardmer","status":"publish","type":"post","link":"https:\/\/vosgesinfo.fr\/gerardmerinfo\/2025\/07\/spectacle-sons-lumieres-et-jets-deau-pour-feter-les-150-ans-de-loffice-de-tourisme-de-gerardmer\/","title":{"rendered":"Spectacle Sons, lumi\u00e8res et Jets d\u2019eau pour f\u00eater les 150 ans de l\u2019Office de Tourisme de G\u00e9rardmer"},"content":{"rendered":"<p class=\"x_MsoNormal\"><b data-olk-copy-source=\"MessageBody\">Samedi 26 juillet 2025 &#8211; <\/b><b>Spectacle Sons, lumi\u00e8res et Jets d\u2019eau pour f\u00eater les 150 ans de l\u2019Office de Tourisme de G\u00e9rardmer<\/b><\/p>\n<p class=\"x_MsoNormal\" aria-hidden=\"true\">\n<p class=\"x_MsoNormal\"><a href=\"https:\/\/vosgesinfo.fr\/app\/uploads\/sites\/6\/2025\/07\/web-spectacle-finale1-scaled.jpg\"><img decoding=\"async\" class=\"alignright size-medium wp-image-80772\" src=\"https:\/\/vosgesinfo.fr\/app\/uploads\/sites\/6\/2025\/07\/web-spectacle-finale1-212x300.jpg\" alt=\"\" width=\"212\" height=\"300\" srcset=\"https:\/\/vosgesinfo.fr\/app\/uploads\/sites\/6\/2025\/07\/web-spectacle-finale1-212x300.jpg 212w, https:\/\/vosgesinfo.fr\/app\/uploads\/sites\/6\/2025\/07\/web-spectacle-finale1-723x1024.jpg 723w, https:\/\/vosgesinfo.fr\/app\/uploads\/sites\/6\/2025\/07\/web-spectacle-finale1-768x1088.jpg 768w, https:\/\/vosgesinfo.fr\/app\/uploads\/sites\/6\/2025\/07\/web-spectacle-finale1-1085x1536.jpg 1085w, https:\/\/vosgesinfo.fr\/app\/uploads\/sites\/6\/2025\/07\/web-spectacle-finale1-1446x2048.jpg 1446w, https:\/\/vosgesinfo.fr\/app\/uploads\/sites\/6\/2025\/07\/web-spectacle-finale1-scaled.jpg 1808w\" sizes=\"(max-width: 212px) 100vw, 212px\" \/><\/a>Le 23 juillet 1875, naissait \u00e0 G\u00e9rardmer le Comit\u00e9 des Promenades, la premi\u00e8re structure touristique de France, l\u2019anc\u00eatre de tout ce que l\u2019on nomme aujourd\u2019hui \u00ab\u00a0Office de Tourisme\u00a0\u00bb.<\/p>\n<p class=\"x_MsoNormal\">D\u00e9j\u00e0 en 1862, le docteur Bailly, inspecteur des Eaux et conseiller g\u00e9n\u00e9ral des Vosges, s\u2019interrogeait\u00a0: \u00ab\u00a0il ne suffit pas d\u2019avoir chez soi de belles et bonnes choses\u00a0; il faut aussi les faire conna\u00eetre (\u2026). G\u00e9rardmer est l\u2019Interlaken des Vosges.\u00a0\u00bb Treize ans plus tard, un groupe de pionniers g\u00e9romois exau\u00e7ait son v\u0153u.<\/p>\n<p class=\"x_MsoNormal\">Le but du Comit\u00e9 des Promenades est alors \u00ab\u00a0d\u2019aviser aux moyens d\u2019appeler \u00e0 G\u00e9rardmer un grand nombre de touristes en leur rendant le s\u00e9jour agr\u00e9able.\u00a0\u00bb<\/p>\n<p class=\"x_MsoNormal\">Tout au long de cette ann\u00e9e 2025, l\u2019Office de Tourisme de G\u00e9rardmer Hautes Vosges f\u00eate ses 150 ans avec des expositions, des conf\u00e9rences et diverses animations.<\/p>\n<p class=\"x_MsoNormal\">Mais le point d\u2019orgue de cet anniversaire sera le samedi 26 juillet avec un spectacle sons, lumi\u00e8res, jets d\u2019eau sur le lac de G\u00e9rardmer. Cr\u00e9\u00e9 et sc\u00e9naris\u00e9 par la soci\u00e9t\u00e9 Sonlight de Saint-Di\u00e9-des-Vosges, le spectacle retrace 150 ans de tourisme dans la Vall\u00e9e des Lacs, mettant en avant des lieux, des activit\u00e9s, l\u2019histoire\u2026 tout \u00e7a sur un \u00e9cran d\u2019eau\u00a0!<\/p>\n<p class=\"x_MsoNormal\">Alain Simonin, notre c\u00e9l\u00e8bre P\u00e8re No\u00ebl vedette en Chine, et l\u2019humoriste Melle Serge pr\u00eatent leurs voix pour animer cette repr\u00e9sentation unique.<\/p>\n<p class=\"x_MsoNormal\" aria-hidden=\"true\">\n<p class=\"x_MsoNormal\">Le spectacle, gratuit, aura lieu le 26 juillet \u00e0 22h30. Il se d\u00e9roulera quai du Locle (entre les terrains de tennis et le complexe aquatique et de bien-\u00eatre, seul endroit d\u2019o\u00f9 l\u2019on pourra le voir pleinement.<\/p>\n<p class=\"x_MsoNormal\">Il est offert par l\u2019Office de Tourisme, avec le soutien de la Ville de G\u00e9rardmer.<\/p>\n","protected":false},"excerpt":{"rendered":"<p>Samedi 26 juillet 2025 &#8211; Spectacle Sons, lumi\u00e8res et Jets d\u2019eau pour f\u00eater les 150 ans de l\u2019Office de Tourisme [&hellip;]<\/p>\n","protected":false},"author":391,"featured_media":80772,"comment_status":"open","ping_status":"open","sticky":false,"template":"","format":"standard","meta":{"footnotes":""},"categories":[20,5647,15],"tags":[3655],"class_list":["post-80769","post","type-post","status-publish","format-standard","has-post-thumbnail","hentry","category-a-la-une","category-gerardmer-autres-sites","category-tourisme","tag-office-du-tourisme-intercommunal"],"acf":[],"yoast_head":"<!-- This site is optimized with the Yoast SEO plugin v22.5 - https:\/\/yoast.com\/wordpress\/plugins\/seo\/ -->\n<title>Spectacle Sons, lumi\u00e8res et Jets d\u2019eau pour f\u00eater les 150 ans de l\u2019Office de Tourisme de G\u00e9rardmer - Gerardmer Info<\/title>\n<meta name=\"robots\" content=\"index, follow, max-snippet:-1, max-image-preview:large, max-video-preview:-1\" \/>\n<link rel=\"canonical\" href=\"https:\/\/vosgesinfo.fr\/gerardmerinfo\/2025\/07\/spectacle-sons-lumieres-et-jets-deau-pour-feter-les-150-ans-de-loffice-de-tourisme-de-gerardmer\/\" \/>\n<meta name=\"twitter:card\" content=\"summary_large_image\" \/>\n<meta name=\"twitter:title\" content=\"Spectacle Sons, lumi\u00e8res et Jets d\u2019eau pour f\u00eater les 150 ans de l\u2019Office de Tourisme de G\u00e9rardmer - Gerardmer Info\" \/>\n<meta name=\"twitter:description\" content=\"Samedi 26 juillet 2025 &#8211; Spectacle Sons, lumi\u00e8res et Jets d\u2019eau pour f\u00eater les 150 ans de l\u2019Office de Tourisme [&hellip;]\" \/>\n<meta name=\"twitter:image\" content=\"https:\/\/vosgesinfo.fr\/app\/uploads\/sites\/6\/2025\/07\/web-spectacle-finale1-scaled.jpg\" \/>\n<meta name=\"twitter:creator\" content=\"@VosgesInfo88\" \/>\n<meta name=\"twitter:site\" content=\"@VosgesInfo88\" \/>\n<meta name=\"twitter:label1\" content=\"\u00c9crit par\" \/>\n\t<meta name=\"twitter:data1\" content=\"La redaction\" \/>\n\t<meta name=\"twitter:label2\" content=\"Dur\u00e9e de lecture estim\u00e9e\" \/>\n\t<meta name=\"twitter:data2\" content=\"2 minutes\" \/>\n<script type=\"application\/ld+json\" class=\"yoast-schema-graph\">{\"@context\":\"https:\/\/schema.org\",\"@graph\":[{\"@type\":\"Article\",\"@id\":\"https:\/\/vosgesinfo.fr\/gerardmerinfo\/2025\/07\/spectacle-sons-lumieres-et-jets-deau-pour-feter-les-150-ans-de-loffice-de-tourisme-de-gerardmer\/#article\",\"isPartOf\":{\"@id\":\"https:\/\/vosgesinfo.fr\/gerardmerinfo\/2025\/07\/spectacle-sons-lumieres-et-jets-deau-pour-feter-les-150-ans-de-loffice-de-tourisme-de-gerardmer\/\"},\"author\":{\"name\":\"La redaction\",\"@id\":\"https:\/\/vosgesinfo.fr\/gerardmerinfo\/#\/schema\/person\/27a3695b06db98895b354c0765cdfc31\"},\"headline\":\"Spectacle Sons, lumi\u00e8res et Jets d\u2019eau pour f\u00eater les 150 ans de l\u2019Office de Tourisme de G\u00e9rardmer\",\"datePublished\":\"2025-07-22T03:59:07+00:00\",\"dateModified\":\"2025-07-21T10:04:24+00:00\",\"mainEntityOfPage\":{\"@id\":\"https:\/\/vosgesinfo.fr\/gerardmerinfo\/2025\/07\/spectacle-sons-lumieres-et-jets-deau-pour-feter-les-150-ans-de-loffice-de-tourisme-de-gerardmer\/\"},\"wordCount\":345,\"commentCount\":3,\"publisher\":{\"@id\":\"https:\/\/vosgesinfo.fr\/gerardmerinfo\/#organization\"},\"image\":{\"@id\":\"https:\/\/vosgesinfo.fr\/gerardmerinfo\/2025\/07\/spectacle-sons-lumieres-et-jets-deau-pour-feter-les-150-ans-de-loffice-de-tourisme-de-gerardmer\/#primaryimage\"},\"thumbnailUrl\":\"https:\/\/vosgesinfo.fr\/app\/uploads\/sites\/6\/2025\/07\/web-spectacle-finale1-scaled.jpg\",\"keywords\":[\"Office du tourisme intercommunal\"],\"articleSection\":[\"A la une\",\"Gerardmer\",\"Tourisme\"],\"inLanguage\":\"fr-FR\",\"potentialAction\":[{\"@type\":\"CommentAction\",\"name\":\"Comment\",\"target\":[\"https:\/\/vosgesinfo.fr\/gerardmerinfo\/2025\/07\/spectacle-sons-lumieres-et-jets-deau-pour-feter-les-150-ans-de-loffice-de-tourisme-de-gerardmer\/#respond\"]}]},{\"@type\":\"WebPage\",\"@id\":\"https:\/\/vosgesinfo.fr\/gerardmerinfo\/2025\/07\/spectacle-sons-lumieres-et-jets-deau-pour-feter-les-150-ans-de-loffice-de-tourisme-de-gerardmer\/\",\"url\":\"https:\/\/vosgesinfo.fr\/gerardmerinfo\/2025\/07\/spectacle-sons-lumieres-et-jets-deau-pour-feter-les-150-ans-de-loffice-de-tourisme-de-gerardmer\/\",\"name\":\"Spectacle Sons, lumi\u00e8res et Jets d\u2019eau pour f\u00eater les 150 ans de l\u2019Office de Tourisme de G\u00e9rardmer - Gerardmer Info\",\"isPartOf\":{\"@id\":\"https:\/\/vosgesinfo.fr\/gerardmerinfo\/#website\"},\"primaryImageOfPage\":{\"@id\":\"https:\/\/vosgesinfo.fr\/gerardmerinfo\/2025\/07\/spectacle-sons-lumieres-et-jets-deau-pour-feter-les-150-ans-de-loffice-de-tourisme-de-gerardmer\/#primaryimage\"},\"image\":{\"@id\":\"https:\/\/vosgesinfo.fr\/gerardmerinfo\/2025\/07\/spectacle-sons-lumieres-et-jets-deau-pour-feter-les-150-ans-de-loffice-de-tourisme-de-gerardmer\/#primaryimage\"},\"thumbnailUrl\":\"https:\/\/vosgesinfo.fr\/app\/uploads\/sites\/6\/2025\/07\/web-spectacle-finale1-scaled.jpg\",\"datePublished\":\"2025-07-22T03:59:07+00:00\",\"dateModified\":\"2025-07-21T10:04:24+00:00\",\"breadcrumb\":{\"@id\":\"https:\/\/vosgesinfo.fr\/gerardmerinfo\/2025\/07\/spectacle-sons-lumieres-et-jets-deau-pour-feter-les-150-ans-de-loffice-de-tourisme-de-gerardmer\/#breadcrumb\"},\"inLanguage\":\"fr-FR\",\"potentialAction\":[{\"@type\":\"ReadAction\",\"target\":[\"https:\/\/vosgesinfo.fr\/gerardmerinfo\/2025\/07\/spectacle-sons-lumieres-et-jets-deau-pour-feter-les-150-ans-de-loffice-de-tourisme-de-gerardmer\/\"]}]},{\"@type\":\"ImageObject\",\"inLanguage\":\"fr-FR\",\"@id\":\"https:\/\/vosgesinfo.fr\/gerardmerinfo\/2025\/07\/spectacle-sons-lumieres-et-jets-deau-pour-feter-les-150-ans-de-loffice-de-tourisme-de-gerardmer\/#primaryimage\",\"url\":\"https:\/\/vosgesinfo.fr\/app\/uploads\/sites\/6\/2025\/07\/web-spectacle-finale1-scaled.jpg\",\"contentUrl\":\"https:\/\/vosgesinfo.fr\/app\/uploads\/sites\/6\/2025\/07\/web-spectacle-finale1-scaled.jpg\",\"width\":1808,\"height\":2560},{\"@type\":\"BreadcrumbList\",\"@id\":\"https:\/\/vosgesinfo.fr\/gerardmerinfo\/2025\/07\/spectacle-sons-lumieres-et-jets-deau-pour-feter-les-150-ans-de-loffice-de-tourisme-de-gerardmer\/#breadcrumb\",\"itemListElement\":[{\"@type\":\"ListItem\",\"position\":1,\"name\":\"Home\",\"item\":\"https:\/\/vosgesinfo.fr\/gerardmerinfo\/\"},{\"@type\":\"ListItem\",\"position\":2,\"name\":\"Spectacle Sons, lumi\u00e8res et Jets d\u2019eau pour f\u00eater les 150 ans de l\u2019Office de Tourisme de G\u00e9rardmer\"}]},{\"@type\":\"WebSite\",\"@id\":\"https:\/\/vosgesinfo.fr\/gerardmerinfo\/#website\",\"url\":\"https:\/\/vosgesinfo.fr\/gerardmerinfo\/\",\"name\":\"Gerardmer Info\",\"description\":\"Toute l&#039;actualit\u00e9 de G\u00e9rardmer\",\"publisher\":{\"@id\":\"https:\/\/vosgesinfo.fr\/gerardmerinfo\/#organization\"},\"alternateName\":\"Toute l'actualit\u00e9 de G\u00e9rardmer\",\"potentialAction\":[{\"@type\":\"SearchAction\",\"target\":{\"@type\":\"EntryPoint\",\"urlTemplate\":\"https:\/\/vosgesinfo.fr\/gerardmerinfo\/?s={search_term_string}\"},\"query-input\":\"required name=search_term_string\"}],\"inLanguage\":\"fr-FR\"},{\"@type\":\"Organization\",\"@id\":\"https:\/\/vosgesinfo.fr\/gerardmerinfo\/#organization\",\"name\":\"Gerardmer Info\",\"url\":\"https:\/\/vosgesinfo.fr\/gerardmerinfo\/\",\"logo\":{\"@type\":\"ImageObject\",\"inLanguage\":\"fr-FR\",\"@id\":\"https:\/\/vosgesinfo.fr\/gerardmerinfo\/#\/schema\/logo\/image\/\",\"url\":\"https:\/\/vosgesinfo.fr\/app\/uploads\/sites\/6\/2023\/08\/favicon-gerardmerinfo.png\",\"contentUrl\":\"https:\/\/vosgesinfo.fr\/app\/uploads\/sites\/6\/2023\/08\/favicon-gerardmerinfo.png\",\"width\":512,\"height\":512,\"caption\":\"Gerardmer Info\"},\"image\":{\"@id\":\"https:\/\/vosgesinfo.fr\/gerardmerinfo\/#\/schema\/logo\/image\/\"},\"sameAs\":[\"https:\/\/www.facebook.com\/profile.php?id=100049475262660\",\"https:\/\/x.com\/VosgesInfo88\",\"https:\/\/www.youtube.com\/@vosgesinfo\"]},{\"@type\":\"Person\",\"@id\":\"https:\/\/vosgesinfo.fr\/gerardmerinfo\/#\/schema\/person\/27a3695b06db98895b354c0765cdfc31\",\"name\":\"La redaction\",\"image\":{\"@type\":\"ImageObject\",\"inLanguage\":\"fr-FR\",\"@id\":\"https:\/\/vosgesinfo.fr\/gerardmerinfo\/#\/schema\/person\/image\/\",\"url\":\"https:\/\/secure.gravatar.com\/avatar\/64c76a78e501cedee55736f43f332df901e1896ae9cd8fad269ae2236dd0e8b6?s=96&d=mm&r=g\",\"contentUrl\":\"https:\/\/secure.gravatar.com\/avatar\/64c76a78e501cedee55736f43f332df901e1896ae9cd8fad269ae2236dd0e8b6?s=96&d=mm&r=g\",\"caption\":\"La redaction\"},\"url\":\"https:\/\/vosgesinfo.fr\/gerardmerinfo\/author\/la-redaction\/\"}]}<\/script>\n<!-- \/ Yoast SEO plugin. -->","yoast_head_json":{"title":"Spectacle Sons, lumi\u00e8res et Jets d\u2019eau pour f\u00eater les 150 ans de l\u2019Office de Tourisme de G\u00e9rardmer - Gerardmer Info","robots":{"index":"index","follow":"follow","max-snippet":"max-snippet:-1","max-image-preview":"max-image-preview:large","max-video-preview":"max-video-preview:-1"},"canonical":"https:\/\/vosgesinfo.fr\/gerardmerinfo\/2025\/07\/spectacle-sons-lumieres-et-jets-deau-pour-feter-les-150-ans-de-loffice-de-tourisme-de-gerardmer\/","twitter_card":"summary_large_image","twitter_title":"Spectacle Sons, lumi\u00e8res et Jets d\u2019eau pour f\u00eater les 150 ans de l\u2019Office de Tourisme de G\u00e9rardmer - Gerardmer Info","twitter_description":"Samedi 26 juillet 2025 &#8211; Spectacle Sons, lumi\u00e8res et Jets d\u2019eau pour f\u00eater les 150 ans de l\u2019Office de Tourisme [&hellip;]","twitter_image":"https:\/\/vosgesinfo.fr\/app\/uploads\/sites\/6\/2025\/07\/web-spectacle-finale1-scaled.jpg","twitter_creator":"@VosgesInfo88","twitter_site":"@VosgesInfo88","twitter_misc":{"\u00c9crit par":"La redaction","Dur\u00e9e de lecture estim\u00e9e":"2 minutes"},"schema":{"@context":"https:\/\/schema.org","@graph":[{"@type":"Article","@id":"https:\/\/vosgesinfo.fr\/gerardmerinfo\/2025\/07\/spectacle-sons-lumieres-et-jets-deau-pour-feter-les-150-ans-de-loffice-de-tourisme-de-gerardmer\/#article","isPartOf":{"@id":"https:\/\/vosgesinfo.fr\/gerardmerinfo\/2025\/07\/spectacle-sons-lumieres-et-jets-deau-pour-feter-les-150-ans-de-loffice-de-tourisme-de-gerardmer\/"},"author":{"name":"La redaction","@id":"https:\/\/vosgesinfo.fr\/gerardmerinfo\/#\/schema\/person\/27a3695b06db98895b354c0765cdfc31"},"headline":"Spectacle Sons, lumi\u00e8res et Jets d\u2019eau pour f\u00eater les 150 ans de l\u2019Office de Tourisme de G\u00e9rardmer","datePublished":"2025-07-22T03:59:07+00:00","dateModified":"2025-07-21T10:04:24+00:00","mainEntityOfPage":{"@id":"https:\/\/vosgesinfo.fr\/gerardmerinfo\/2025\/07\/spectacle-sons-lumieres-et-jets-deau-pour-feter-les-150-ans-de-loffice-de-tourisme-de-gerardmer\/"},"wordCount":345,"commentCount":3,"publisher":{"@id":"https:\/\/vosgesinfo.fr\/gerardmerinfo\/#organization"},"image":{"@id":"https:\/\/vosgesinfo.fr\/gerardmerinfo\/2025\/07\/spectacle-sons-lumieres-et-jets-deau-pour-feter-les-150-ans-de-loffice-de-tourisme-de-gerardmer\/#primaryimage"},"thumbnailUrl":"https:\/\/vosgesinfo.fr\/app\/uploads\/sites\/6\/2025\/07\/web-spectacle-finale1-scaled.jpg","keywords":["Office du tourisme intercommunal"],"articleSection":["A la une","Gerardmer","Tourisme"],"inLanguage":"fr-FR","potentialAction":[{"@type":"CommentAction","name":"Comment","target":["https:\/\/vosgesinfo.fr\/gerardmerinfo\/2025\/07\/spectacle-sons-lumieres-et-jets-deau-pour-feter-les-150-ans-de-loffice-de-tourisme-de-gerardmer\/#respond"]}]},{"@type":"WebPage","@id":"https:\/\/vosgesinfo.fr\/gerardmerinfo\/2025\/07\/spectacle-sons-lumieres-et-jets-deau-pour-feter-les-150-ans-de-loffice-de-tourisme-de-gerardmer\/","url":"https:\/\/vosgesinfo.fr\/gerardmerinfo\/2025\/07\/spectacle-sons-lumieres-et-jets-deau-pour-feter-les-150-ans-de-loffice-de-tourisme-de-gerardmer\/","name":"Spectacle Sons, lumi\u00e8res et Jets d\u2019eau pour f\u00eater les 150 ans de l\u2019Office de Tourisme de G\u00e9rardmer - Gerardmer Info","isPartOf":{"@id":"https:\/\/vosgesinfo.fr\/gerardmerinfo\/#website"},"primaryImageOfPage":{"@id":"https:\/\/vosgesinfo.fr\/gerardmerinfo\/2025\/07\/spectacle-sons-lumieres-et-jets-deau-pour-feter-les-150-ans-de-loffice-de-tourisme-de-gerardmer\/#primaryimage"},"image":{"@id":"https:\/\/vosgesinfo.fr\/gerardmerinfo\/2025\/07\/spectacle-sons-lumieres-et-jets-deau-pour-feter-les-150-ans-de-loffice-de-tourisme-de-gerardmer\/#primaryimage"},"thumbnailUrl":"https:\/\/vosgesinfo.fr\/app\/uploads\/sites\/6\/2025\/07\/web-spectacle-finale1-scaled.jpg","datePublished":"2025-07-22T03:59:07+00:00","dateModified":"2025-07-21T10:04:24+00:00","breadcrumb":{"@id":"https:\/\/vosgesinfo.fr\/gerardmerinfo\/2025\/07\/spectacle-sons-lumieres-et-jets-deau-pour-feter-les-150-ans-de-loffice-de-tourisme-de-gerardmer\/#breadcrumb"},"inLanguage":"fr-FR","potentialAction":[{"@type":"ReadAction","target":["https:\/\/vosgesinfo.fr\/gerardmerinfo\/2025\/07\/spectacle-sons-lumieres-et-jets-deau-pour-feter-les-150-ans-de-loffice-de-tourisme-de-gerardmer\/"]}]},{"@type":"ImageObject","inLanguage":"fr-FR","@id":"https:\/\/vosgesinfo.fr\/gerardmerinfo\/2025\/07\/spectacle-sons-lumieres-et-jets-deau-pour-feter-les-150-ans-de-loffice-de-tourisme-de-gerardmer\/#primaryimage","url":"https:\/\/vosgesinfo.fr\/app\/uploads\/sites\/6\/2025\/07\/web-spectacle-finale1-scaled.jpg","contentUrl":"https:\/\/vosgesinfo.fr\/app\/uploads\/sites\/6\/2025\/07\/web-spectacle-finale1-scaled.jpg","width":1808,"height":2560},{"@type":"BreadcrumbList","@id":"https:\/\/vosgesinfo.fr\/gerardmerinfo\/2025\/07\/spectacle-sons-lumieres-et-jets-deau-pour-feter-les-150-ans-de-loffice-de-tourisme-de-gerardmer\/#breadcrumb","itemListElement":[{"@type":"ListItem","position":1,"name":"Home","item":"https:\/\/vosgesinfo.fr\/gerardmerinfo\/"},{"@type":"ListItem","position":2,"name":"Spectacle Sons, lumi\u00e8res et Jets d\u2019eau pour f\u00eater les 150 ans de l\u2019Office de Tourisme de G\u00e9rardmer"}]},{"@type":"WebSite","@id":"https:\/\/vosgesinfo.fr\/gerardmerinfo\/#website","url":"https:\/\/vosgesinfo.fr\/gerardmerinfo\/","name":"Gerardmer Info","description":"Toute l&#039;actualit\u00e9 de G\u00e9rardmer","publisher":{"@id":"https:\/\/vosgesinfo.fr\/gerardmerinfo\/#organization"},"alternateName":"Toute l'actualit\u00e9 de G\u00e9rardmer","potentialAction":[{"@type":"SearchAction","target":{"@type":"EntryPoint","urlTemplate":"https:\/\/vosgesinfo.fr\/gerardmerinfo\/?s={search_term_string}"},"query-input":"required name=search_term_string"}],"inLanguage":"fr-FR"},{"@type":"Organization","@id":"https:\/\/vosgesinfo.fr\/gerardmerinfo\/#organization","name":"Gerardmer Info","url":"https:\/\/vosgesinfo.fr\/gerardmerinfo\/","logo":{"@type":"ImageObject","inLanguage":"fr-FR","@id":"https:\/\/vosgesinfo.fr\/gerardmerinfo\/#\/schema\/logo\/image\/","url":"https:\/\/vosgesinfo.fr\/app\/uploads\/sites\/6\/2023\/08\/favicon-gerardmerinfo.png","contentUrl":"https:\/\/vosgesinfo.fr\/app\/uploads\/sites\/6\/2023\/08\/favicon-gerardmerinfo.png","width":512,"height":512,"caption":"Gerardmer Info"},"image":{"@id":"https:\/\/vosgesinfo.fr\/gerardmerinfo\/#\/schema\/logo\/image\/"},"sameAs":["https:\/\/www.facebook.com\/profile.php?id=100049475262660","https:\/\/x.com\/VosgesInfo88","https:\/\/www.youtube.com\/@vosgesinfo"]},{"@type":"Person","@id":"https:\/\/vosgesinfo.fr\/gerardmerinfo\/#\/schema\/person\/27a3695b06db98895b354c0765cdfc31","name":"La redaction","image":{"@type":"ImageObject","inLanguage":"fr-FR","@id":"https:\/\/vosgesinfo.fr\/gerardmerinfo\/#\/schema\/person\/image\/","url":"https:\/\/secure.gravatar.com\/avatar\/64c76a78e501cedee55736f43f332df901e1896ae9cd8fad269ae2236dd0e8b6?s=96&d=mm&r=g","contentUrl":"https:\/\/secure.gravatar.com\/avatar\/64c76a78e501cedee55736f43f332df901e1896ae9cd8fad269ae2236dd0e8b6?s=96&d=mm&r=g","caption":"La redaction"},"url":"https:\/\/vosgesinfo.fr\/gerardmerinfo\/author\/la-redaction\/"}]}},"_links":{"self":[{"href":"https:\/\/vosgesinfo.fr\/gerardmerinfo\/wp-json\/wp\/v2\/posts\/80769","targetHints":{"allow":["GET"]}}],"collection":[{"href":"https:\/\/vosgesinfo.fr\/gerardmerinfo\/wp-json\/wp\/v2\/posts"}],"about":[{"href":"https:\/\/vosgesinfo.fr\/gerardmerinfo\/wp-json\/wp\/v2\/types\/post"}],"author":[{"embeddable":true,"href":"https:\/\/vosgesinfo.fr\/gerardmerinfo\/wp-json\/wp\/v2\/users\/391"}],"replies":[{"embeddable":true,"href":"https:\/\/vosgesinfo.fr\/gerardmerinfo\/wp-json\/wp\/v2\/comments?post=80769"}],"version-history":[{"count":1,"href":"https:\/\/vosgesinfo.fr\/gerardmerinfo\/wp-json\/wp\/v2\/posts\/80769\/revisions"}],"predecessor-version":[{"id":80773,"href":"https:\/\/vosgesinfo.fr\/gerardmerinfo\/wp-json\/wp\/v2\/posts\/80769\/revisions\/80773"}],"wp:featuredmedia":[{"embeddable":true,"href":"https:\/\/vosgesinfo.fr\/gerardmerinfo\/wp-json\/wp\/v2\/media\/80772"}],"wp:attachment":[{"href":"https:\/\/vosgesinfo.fr\/gerardmerinfo\/wp-json\/wp\/v2\/media?parent=80769"}],"wp:term":[{"taxonomy":"category","embeddable":true,"href":"https:\/\/vosgesinfo.fr\/gerardmerinfo\/wp-json\/wp\/v2\/categories?post=80769"},{"taxonomy":"post_tag","embeddable":true,"href":"https:\/\/vosgesinfo.fr\/gerardmerinfo\/wp-json\/wp\/v2\/tags?post=80769"}],"curies":[{"name":"wp","href":"https:\/\/api.w.org\/{rel}","templated":true}]}}