{"id":80774,"date":"2025-07-21T13:00:34","date_gmt":"2025-07-21T11:00:34","guid":{"rendered":"https:\/\/vosgesinfo.fr\/gerardmerinfo\/?p=80774"},"modified":"2025-07-21T13:00:34","modified_gmt":"2025-07-21T11:00:34","slug":"vosges-patrimoine-nature-culture-musique-et-theatre-du-cote-de-bruyeres","status":"publish","type":"post","link":"https:\/\/vosgesinfo.fr\/gerardmerinfo\/2025\/07\/vosges-patrimoine-nature-culture-musique-et-theatre-du-cote-de-bruyeres\/","title":{"rendered":"Vosges \u2013 Patrimoine, nature, culture, musique et th\u00e9\u00e2tre du c\u00f4t\u00e9 de Bruy\u00e8res"},"content":{"rendered":"<div id=\"attachment_80446\" style=\"width: 1010px\" class=\"wp-caption alignnone\"><a href=\"https:\/\/vosgesinfo.fr\/app\/uploads\/sites\/4\/2025\/07\/bruyeres-animations-estivales-ot.jpg\"><img decoding=\"async\" aria-describedby=\"caption-attachment-80446\" class=\"size-full wp-image-80446\" src=\"https:\/\/vosgesinfo.fr\/app\/uploads\/sites\/4\/2025\/07\/bruyeres-animations-estivales-ot.jpg\" alt=\"\" width=\"1000\" height=\"776\" \/><\/a><p id=\"caption-attachment-80446\" class=\"wp-caption-text\">(Photographie Office de Tourisme de Bruy\u00e8res Vallons des Vosges)<\/p><\/div>\n<h2>Du <strong>28 juillet au 3 ao\u00fbt<\/strong>, le territoire de <strong>Bruy\u00e8res Vallons des Vosges<\/strong> propose une s\u00e9rie d\u2019animations vari\u00e9es, m\u00ealant <strong>d\u00e9couverte patrimoniale<\/strong>, <strong>jeux en plein air<\/strong> et <strong>balades sensorielles<\/strong>. En parall\u00e8le, du <strong>25 juillet au 2 ao\u00fbt<\/strong>, le <strong>festival itin\u00e9rant \u00ab Tambouille Festival \u00bb<\/strong> offrira une <strong>programmation \u00e9clectique<\/strong>, entre <strong>musique<\/strong> et <strong>th\u00e9\u00e2tre<\/strong>.<\/h2>\n<p><!--more--><\/p>\n<p>Le <strong>mardi 29 juillet \u00e0 14h30<\/strong>, une <strong>visite guid\u00e9e de l\u2019\u00e9glise de Laval-sur-Vologne<\/strong>, datant des <strong>ann\u00e9es 1870<\/strong> et d\u00e9di\u00e9e \u00e0 <strong>Sainte Madeleine<\/strong>, permettra de d\u00e9couvrir son <strong>architecture ext\u00e9rieure<\/strong> ainsi que <strong>plusieurs \u00e9l\u00e9ments int\u00e9rieurs<\/strong>. <strong>Entr\u00e9e libre<\/strong>.<\/p>\n<p>Le <strong>mercredi 30 juillet \u00e0 15h30<\/strong>, direction <strong>Laveline-devant-Bruy\u00e8res<\/strong> pour <em>Le d\u00e9fi du patrimoine<\/em>, un <strong>jeu d\u2019\u00e9nigmes<\/strong> m\u00ealant <strong>nature et culture<\/strong>. <strong>Tarifs : 4 \u20ac par personne \/ 12 \u20ac par famille<\/strong>, sur <strong>r\u00e9servation<\/strong>.<\/p>\n<p>Le <strong>jeudi 31 juillet \u00e0 15h30<\/strong>, \u00e0 <strong>Gugn\u00e9court<\/strong>, l\u2019animation <em>\u00ab Mais o\u00f9 se cache le tr\u00e9sor du forestier ? \u00bb<\/em> plongera les participants dans une <strong>qu\u00eate \u00e0 base d\u2019\u00e9nigmes et d\u2019observation<\/strong>, en partenariat avec l\u2019<strong>ONF<\/strong>. <strong>Gratuit<\/strong>.<\/p>\n<p>Le <strong>vendredi 1er ao\u00fbt \u00e0 16h<\/strong>, une <strong>visite \u201c\u00e9veil des sens\u201d<\/strong> sera organis\u00e9e \u00e0 <strong>Chenim\u00e9nil<\/strong>, sous forme de <strong>balade sensorielle<\/strong> pour explorer autrement le <strong>patrimoine local<\/strong>. <strong>Chaussures confortables recommand\u00e9es<\/strong>. <strong>Tarifs : 4 \u20ac par personne \/ 12 \u20ac par famille<\/strong>, sur <strong>r\u00e9servation<\/strong>.<\/p>\n<p>Le <strong>dimanche 3 ao\u00fbt de 10h \u00e0 12h<\/strong>, un <strong>atelier jardinage \u00e0 Faucompierre<\/strong> intitul\u00e9 <em>\u00ab Conna\u00eetre son sol \u00bb<\/em> proposera <strong>d\u00e9monstrations<\/strong> et <strong>conseils pratiques<\/strong> pour mieux comprendre les <strong>besoins du terrain<\/strong>, favoriser la <strong>fertilit\u00e9 naturelle<\/strong> et adapter ses pratiques. <strong>Tarif : 12 \u20ac par personne<\/strong>, sur <strong>r\u00e9servation<\/strong>.<\/p>\n<p>En parall\u00e8le, <strong>du 29 juillet au 3 ao\u00fbt<\/strong>, l\u2019\u00e9dition 2025 du <strong>Tambouille Festival<\/strong> sillonnera les communes de <strong>Champ-le-Duc<\/strong>, <strong>L\u00e9panges-sur-Vologne<\/strong>, <strong>La-Neuveville-devant-L\u00e9panges<\/strong>, <strong>Laveline-devant-Bruy\u00e8res<\/strong>, <strong>Gugn\u00e9court<\/strong>, <strong>Chenim\u00e9nil<\/strong> et <strong>Dompierre<\/strong>. <strong>Spectacles, concerts<\/strong> et <strong>bons repas<\/strong> rythmeront chacune des \u00e9tapes du festival itin\u00e9rant. Plus d&rsquo;informations sur <a href=\"https:\/\/tambouillefestival.fr\" target=\"_blank\" rel=\"noopener\"><strong>tambouillefestival.fr<\/strong><\/a>.<\/p>\n<p><a href=\"https:\/\/vosgesinfo.fr\/app\/uploads\/sites\/4\/2025\/07\/tambouille-festival-2025.png\"><img decoding=\"async\" class=\"alignnone size-large wp-image-80449\" src=\"https:\/\/vosgesinfo.fr\/app\/uploads\/sites\/4\/2025\/07\/tambouille-festival-2025-774x1024.png\" alt=\"\" width=\"774\" height=\"1024\" \/><\/a><\/p>\n","protected":false},"excerpt":{"rendered":"<p>Du 28 juillet au 3 ao\u00fbt, le territoire de Bruy\u00e8res Vallons des Vosges propose une s\u00e9rie d\u2019animations vari\u00e9es, m\u00ealant d\u00e9couverte [&hellip;]<\/p>\n","protected":false},"author":46,"featured_media":80775,"comment_status":"open","ping_status":"open","sticky":false,"template":"","format":"standard","meta":{"footnotes":""},"categories":[20,34,878,25,15,18],"tags":[1451,7639,438],"class_list":["post-80774","post","type-post","status-publish","format-standard","has-post-thumbnail","hentry","category-a-la-une","category-concert","category-epinal","category-gerardmer","category-tourisme","category-vosges","tag-bruyeres","tag-bruyeres-vallons-des-vosges","tag-tambouille-festival"],"acf":[],"yoast_head":"<!-- This site is optimized with the Yoast SEO plugin v22.5 - https:\/\/yoast.com\/wordpress\/plugins\/seo\/ -->\n<title>Vosges \u2013 Patrimoine, nature, culture, musique et th\u00e9\u00e2tre du c\u00f4t\u00e9 de Bruy\u00e8res - Gerardmer Info<\/title>\n<meta name=\"robots\" content=\"index, follow, max-snippet:-1, max-image-preview:large, max-video-preview:-1\" \/>\n<link rel=\"canonical\" href=\"https:\/\/vosgesinfo.fr\/gerardmerinfo\/2025\/07\/vosges-patrimoine-nature-culture-musique-et-theatre-du-cote-de-bruyeres\/\" \/>\n<meta name=\"twitter:card\" content=\"summary_large_image\" \/>\n<meta name=\"twitter:title\" content=\"Vosges \u2013 Patrimoine, nature, culture, musique et th\u00e9\u00e2tre du c\u00f4t\u00e9 de Bruy\u00e8res - Gerardmer Info\" \/>\n<meta name=\"twitter:description\" content=\"Du 28 juillet au 3 ao\u00fbt, le territoire de Bruy\u00e8res Vallons des Vosges propose une s\u00e9rie d\u2019animations vari\u00e9es, m\u00ealant d\u00e9couverte [&hellip;]\" \/>\n<meta name=\"twitter:image\" content=\"https:\/\/vosgesinfo.fr\/app\/uploads\/sites\/6\/2025\/07\/bruyeres-animations-estivales-ot.jpg\" \/>\n<meta name=\"twitter:creator\" content=\"@VosgesInfo88\" \/>\n<meta name=\"twitter:site\" content=\"@VosgesInfo88\" \/>\n<meta name=\"twitter:label1\" content=\"\u00c9crit par\" \/>\n\t<meta name=\"twitter:data1\" content=\"J.J.\" \/>\n\t<meta name=\"twitter:label2\" content=\"Dur\u00e9e de lecture estim\u00e9e\" \/>\n\t<meta name=\"twitter:data2\" content=\"2 minutes\" \/>\n<script type=\"application\/ld+json\" class=\"yoast-schema-graph\">{\"@context\":\"https:\/\/schema.org\",\"@graph\":[{\"@type\":\"Article\",\"@id\":\"https:\/\/vosgesinfo.fr\/gerardmerinfo\/2025\/07\/vosges-patrimoine-nature-culture-musique-et-theatre-du-cote-de-bruyeres\/#article\",\"isPartOf\":{\"@id\":\"https:\/\/vosgesinfo.fr\/gerardmerinfo\/2025\/07\/vosges-patrimoine-nature-culture-musique-et-theatre-du-cote-de-bruyeres\/\"},\"author\":{\"name\":\"J.J.\",\"@id\":\"https:\/\/vosgesinfo.fr\/gerardmerinfo\/#\/schema\/person\/fa73e9f726d67bb88f46d5b7943cb572\"},\"headline\":\"Vosges \u2013 Patrimoine, nature, culture, musique et th\u00e9\u00e2tre du c\u00f4t\u00e9 de Bruy\u00e8res\",\"datePublished\":\"2025-07-21T11:00:34+00:00\",\"dateModified\":\"2025-07-21T11:00:34+00:00\",\"mainEntityOfPage\":{\"@id\":\"https:\/\/vosgesinfo.fr\/gerardmerinfo\/2025\/07\/vosges-patrimoine-nature-culture-musique-et-theatre-du-cote-de-bruyeres\/\"},\"wordCount\":325,\"commentCount\":0,\"publisher\":{\"@id\":\"https:\/\/vosgesinfo.fr\/gerardmerinfo\/#organization\"},\"image\":{\"@id\":\"https:\/\/vosgesinfo.fr\/gerardmerinfo\/2025\/07\/vosges-patrimoine-nature-culture-musique-et-theatre-du-cote-de-bruyeres\/#primaryimage\"},\"thumbnailUrl\":\"https:\/\/vosgesinfo.fr\/app\/uploads\/sites\/6\/2025\/07\/bruyeres-animations-estivales-ot.jpg\",\"keywords\":[\"Bruy\u00e8res\",\"Bruy\u00e8res Vallons des Vosges\",\"tambouille festival\"],\"articleSection\":[\"A la une\",\"Concert\",\"Epinal\",\"G\u00e9rardmer\",\"Tourisme\",\"Vosges\"],\"inLanguage\":\"fr-FR\",\"potentialAction\":[{\"@type\":\"CommentAction\",\"name\":\"Comment\",\"target\":[\"https:\/\/vosgesinfo.fr\/gerardmerinfo\/2025\/07\/vosges-patrimoine-nature-culture-musique-et-theatre-du-cote-de-bruyeres\/#respond\"]}]},{\"@type\":\"WebPage\",\"@id\":\"https:\/\/vosgesinfo.fr\/gerardmerinfo\/2025\/07\/vosges-patrimoine-nature-culture-musique-et-theatre-du-cote-de-bruyeres\/\",\"url\":\"https:\/\/vosgesinfo.fr\/gerardmerinfo\/2025\/07\/vosges-patrimoine-nature-culture-musique-et-theatre-du-cote-de-bruyeres\/\",\"name\":\"Vosges \u2013 Patrimoine, nature, culture, musique et th\u00e9\u00e2tre du c\u00f4t\u00e9 de Bruy\u00e8res - Gerardmer Info\",\"isPartOf\":{\"@id\":\"https:\/\/vosgesinfo.fr\/gerardmerinfo\/#website\"},\"primaryImageOfPage\":{\"@id\":\"https:\/\/vosgesinfo.fr\/gerardmerinfo\/2025\/07\/vosges-patrimoine-nature-culture-musique-et-theatre-du-cote-de-bruyeres\/#primaryimage\"},\"image\":{\"@id\":\"https:\/\/vosgesinfo.fr\/gerardmerinfo\/2025\/07\/vosges-patrimoine-nature-culture-musique-et-theatre-du-cote-de-bruyeres\/#primaryimage\"},\"thumbnailUrl\":\"https:\/\/vosgesinfo.fr\/app\/uploads\/sites\/6\/2025\/07\/bruyeres-animations-estivales-ot.jpg\",\"datePublished\":\"2025-07-21T11:00:34+00:00\",\"dateModified\":\"2025-07-21T11:00:34+00:00\",\"breadcrumb\":{\"@id\":\"https:\/\/vosgesinfo.fr\/gerardmerinfo\/2025\/07\/vosges-patrimoine-nature-culture-musique-et-theatre-du-cote-de-bruyeres\/#breadcrumb\"},\"inLanguage\":\"fr-FR\",\"potentialAction\":[{\"@type\":\"ReadAction\",\"target\":[\"https:\/\/vosgesinfo.fr\/gerardmerinfo\/2025\/07\/vosges-patrimoine-nature-culture-musique-et-theatre-du-cote-de-bruyeres\/\"]}]},{\"@type\":\"ImageObject\",\"inLanguage\":\"fr-FR\",\"@id\":\"https:\/\/vosgesinfo.fr\/gerardmerinfo\/2025\/07\/vosges-patrimoine-nature-culture-musique-et-theatre-du-cote-de-bruyeres\/#primaryimage\",\"url\":\"https:\/\/vosgesinfo.fr\/app\/uploads\/sites\/6\/2025\/07\/bruyeres-animations-estivales-ot.jpg\",\"contentUrl\":\"https:\/\/vosgesinfo.fr\/app\/uploads\/sites\/6\/2025\/07\/bruyeres-animations-estivales-ot.jpg\",\"width\":1000,\"height\":776},{\"@type\":\"BreadcrumbList\",\"@id\":\"https:\/\/vosgesinfo.fr\/gerardmerinfo\/2025\/07\/vosges-patrimoine-nature-culture-musique-et-theatre-du-cote-de-bruyeres\/#breadcrumb\",\"itemListElement\":[{\"@type\":\"ListItem\",\"position\":1,\"name\":\"Home\",\"item\":\"https:\/\/vosgesinfo.fr\/gerardmerinfo\/\"},{\"@type\":\"ListItem\",\"position\":2,\"name\":\"Vosges \u2013 Patrimoine, nature, culture, musique et th\u00e9\u00e2tre du c\u00f4t\u00e9 de Bruy\u00e8res\"}]},{\"@type\":\"WebSite\",\"@id\":\"https:\/\/vosgesinfo.fr\/gerardmerinfo\/#website\",\"url\":\"https:\/\/vosgesinfo.fr\/gerardmerinfo\/\",\"name\":\"Gerardmer Info\",\"description\":\"Toute l&#039;actualit\u00e9 de G\u00e9rardmer\",\"publisher\":{\"@id\":\"https:\/\/vosgesinfo.fr\/gerardmerinfo\/#organization\"},\"alternateName\":\"Toute l'actualit\u00e9 de G\u00e9rardmer\",\"potentialAction\":[{\"@type\":\"SearchAction\",\"target\":{\"@type\":\"EntryPoint\",\"urlTemplate\":\"https:\/\/vosgesinfo.fr\/gerardmerinfo\/?s={search_term_string}\"},\"query-input\":\"required name=search_term_string\"}],\"inLanguage\":\"fr-FR\"},{\"@type\":\"Organization\",\"@id\":\"https:\/\/vosgesinfo.fr\/gerardmerinfo\/#organization\",\"name\":\"Gerardmer Info\",\"url\":\"https:\/\/vosgesinfo.fr\/gerardmerinfo\/\",\"logo\":{\"@type\":\"ImageObject\",\"inLanguage\":\"fr-FR\",\"@id\":\"https:\/\/vosgesinfo.fr\/gerardmerinfo\/#\/schema\/logo\/image\/\",\"url\":\"https:\/\/vosgesinfo.fr\/app\/uploads\/sites\/6\/2023\/08\/favicon-gerardmerinfo.png\",\"contentUrl\":\"https:\/\/vosgesinfo.fr\/app\/uploads\/sites\/6\/2023\/08\/favicon-gerardmerinfo.png\",\"width\":512,\"height\":512,\"caption\":\"Gerardmer Info\"},\"image\":{\"@id\":\"https:\/\/vosgesinfo.fr\/gerardmerinfo\/#\/schema\/logo\/image\/\"},\"sameAs\":[\"https:\/\/www.facebook.com\/profile.php?id=100049475262660\",\"https:\/\/x.com\/VosgesInfo88\",\"https:\/\/www.youtube.com\/@vosgesinfo\"]},{\"@type\":\"Person\",\"@id\":\"https:\/\/vosgesinfo.fr\/gerardmerinfo\/#\/schema\/person\/fa73e9f726d67bb88f46d5b7943cb572\",\"name\":\"J.J.\",\"image\":{\"@type\":\"ImageObject\",\"inLanguage\":\"fr-FR\",\"@id\":\"https:\/\/vosgesinfo.fr\/gerardmerinfo\/#\/schema\/person\/image\/\",\"url\":\"https:\/\/secure.gravatar.com\/avatar\/219e749e47ffbcca018a360ae4add7d4cdf1cdaaf8bc7676b27efade3fe65615?s=96&d=mm&r=g\",\"contentUrl\":\"https:\/\/secure.gravatar.com\/avatar\/219e749e47ffbcca018a360ae4add7d4cdf1cdaaf8bc7676b27efade3fe65615?s=96&d=mm&r=g\",\"caption\":\"J.J.\"},\"url\":\"https:\/\/vosgesinfo.fr\/gerardmerinfo\/author\/j-j\/\"}]}<\/script>\n<!-- \/ Yoast SEO plugin. -->","yoast_head_json":{"title":"Vosges \u2013 Patrimoine, nature, culture, musique et th\u00e9\u00e2tre du c\u00f4t\u00e9 de Bruy\u00e8res - Gerardmer Info","robots":{"index":"index","follow":"follow","max-snippet":"max-snippet:-1","max-image-preview":"max-image-preview:large","max-video-preview":"max-video-preview:-1"},"canonical":"https:\/\/vosgesinfo.fr\/gerardmerinfo\/2025\/07\/vosges-patrimoine-nature-culture-musique-et-theatre-du-cote-de-bruyeres\/","twitter_card":"summary_large_image","twitter_title":"Vosges \u2013 Patrimoine, nature, culture, musique et th\u00e9\u00e2tre du c\u00f4t\u00e9 de Bruy\u00e8res - Gerardmer Info","twitter_description":"Du 28 juillet au 3 ao\u00fbt, le territoire de Bruy\u00e8res Vallons des Vosges propose une s\u00e9rie d\u2019animations vari\u00e9es, m\u00ealant d\u00e9couverte [&hellip;]","twitter_image":"https:\/\/vosgesinfo.fr\/app\/uploads\/sites\/6\/2025\/07\/bruyeres-animations-estivales-ot.jpg","twitter_creator":"@VosgesInfo88","twitter_site":"@VosgesInfo88","twitter_misc":{"\u00c9crit par":"J.J.","Dur\u00e9e de lecture estim\u00e9e":"2 minutes"},"schema":{"@context":"https:\/\/schema.org","@graph":[{"@type":"Article","@id":"https:\/\/vosgesinfo.fr\/gerardmerinfo\/2025\/07\/vosges-patrimoine-nature-culture-musique-et-theatre-du-cote-de-bruyeres\/#article","isPartOf":{"@id":"https:\/\/vosgesinfo.fr\/gerardmerinfo\/2025\/07\/vosges-patrimoine-nature-culture-musique-et-theatre-du-cote-de-bruyeres\/"},"author":{"name":"J.J.","@id":"https:\/\/vosgesinfo.fr\/gerardmerinfo\/#\/schema\/person\/fa73e9f726d67bb88f46d5b7943cb572"},"headline":"Vosges \u2013 Patrimoine, nature, culture, musique et th\u00e9\u00e2tre du c\u00f4t\u00e9 de Bruy\u00e8res","datePublished":"2025-07-21T11:00:34+00:00","dateModified":"2025-07-21T11:00:34+00:00","mainEntityOfPage":{"@id":"https:\/\/vosgesinfo.fr\/gerardmerinfo\/2025\/07\/vosges-patrimoine-nature-culture-musique-et-theatre-du-cote-de-bruyeres\/"},"wordCount":325,"commentCount":0,"publisher":{"@id":"https:\/\/vosgesinfo.fr\/gerardmerinfo\/#organization"},"image":{"@id":"https:\/\/vosgesinfo.fr\/gerardmerinfo\/2025\/07\/vosges-patrimoine-nature-culture-musique-et-theatre-du-cote-de-bruyeres\/#primaryimage"},"thumbnailUrl":"https:\/\/vosgesinfo.fr\/app\/uploads\/sites\/6\/2025\/07\/bruyeres-animations-estivales-ot.jpg","keywords":["Bruy\u00e8res","Bruy\u00e8res Vallons des Vosges","tambouille festival"],"articleSection":["A la une","Concert","Epinal","G\u00e9rardmer","Tourisme","Vosges"],"inLanguage":"fr-FR","potentialAction":[{"@type":"CommentAction","name":"Comment","target":["https:\/\/vosgesinfo.fr\/gerardmerinfo\/2025\/07\/vosges-patrimoine-nature-culture-musique-et-theatre-du-cote-de-bruyeres\/#respond"]}]},{"@type":"WebPage","@id":"https:\/\/vosgesinfo.fr\/gerardmerinfo\/2025\/07\/vosges-patrimoine-nature-culture-musique-et-theatre-du-cote-de-bruyeres\/","url":"https:\/\/vosgesinfo.fr\/gerardmerinfo\/2025\/07\/vosges-patrimoine-nature-culture-musique-et-theatre-du-cote-de-bruyeres\/","name":"Vosges \u2013 Patrimoine, nature, culture, musique et th\u00e9\u00e2tre du c\u00f4t\u00e9 de Bruy\u00e8res - Gerardmer Info","isPartOf":{"@id":"https:\/\/vosgesinfo.fr\/gerardmerinfo\/#website"},"primaryImageOfPage":{"@id":"https:\/\/vosgesinfo.fr\/gerardmerinfo\/2025\/07\/vosges-patrimoine-nature-culture-musique-et-theatre-du-cote-de-bruyeres\/#primaryimage"},"image":{"@id":"https:\/\/vosgesinfo.fr\/gerardmerinfo\/2025\/07\/vosges-patrimoine-nature-culture-musique-et-theatre-du-cote-de-bruyeres\/#primaryimage"},"thumbnailUrl":"https:\/\/vosgesinfo.fr\/app\/uploads\/sites\/6\/2025\/07\/bruyeres-animations-estivales-ot.jpg","datePublished":"2025-07-21T11:00:34+00:00","dateModified":"2025-07-21T11:00:34+00:00","breadcrumb":{"@id":"https:\/\/vosgesinfo.fr\/gerardmerinfo\/2025\/07\/vosges-patrimoine-nature-culture-musique-et-theatre-du-cote-de-bruyeres\/#breadcrumb"},"inLanguage":"fr-FR","potentialAction":[{"@type":"ReadAction","target":["https:\/\/vosgesinfo.fr\/gerardmerinfo\/2025\/07\/vosges-patrimoine-nature-culture-musique-et-theatre-du-cote-de-bruyeres\/"]}]},{"@type":"ImageObject","inLanguage":"fr-FR","@id":"https:\/\/vosgesinfo.fr\/gerardmerinfo\/2025\/07\/vosges-patrimoine-nature-culture-musique-et-theatre-du-cote-de-bruyeres\/#primaryimage","url":"https:\/\/vosgesinfo.fr\/app\/uploads\/sites\/6\/2025\/07\/bruyeres-animations-estivales-ot.jpg","contentUrl":"https:\/\/vosgesinfo.fr\/app\/uploads\/sites\/6\/2025\/07\/bruyeres-animations-estivales-ot.jpg","width":1000,"height":776},{"@type":"BreadcrumbList","@id":"https:\/\/vosgesinfo.fr\/gerardmerinfo\/2025\/07\/vosges-patrimoine-nature-culture-musique-et-theatre-du-cote-de-bruyeres\/#breadcrumb","itemListElement":[{"@type":"ListItem","position":1,"name":"Home","item":"https:\/\/vosgesinfo.fr\/gerardmerinfo\/"},{"@type":"ListItem","position":2,"name":"Vosges \u2013 Patrimoine, nature, culture, musique et th\u00e9\u00e2tre du c\u00f4t\u00e9 de Bruy\u00e8res"}]},{"@type":"WebSite","@id":"https:\/\/vosgesinfo.fr\/gerardmerinfo\/#website","url":"https:\/\/vosgesinfo.fr\/gerardmerinfo\/","name":"Gerardmer Info","description":"Toute l&#039;actualit\u00e9 de G\u00e9rardmer","publisher":{"@id":"https:\/\/vosgesinfo.fr\/gerardmerinfo\/#organization"},"alternateName":"Toute l'actualit\u00e9 de G\u00e9rardmer","potentialAction":[{"@type":"SearchAction","target":{"@type":"EntryPoint","urlTemplate":"https:\/\/vosgesinfo.fr\/gerardmerinfo\/?s={search_term_string}"},"query-input":"required name=search_term_string"}],"inLanguage":"fr-FR"},{"@type":"Organization","@id":"https:\/\/vosgesinfo.fr\/gerardmerinfo\/#organization","name":"Gerardmer Info","url":"https:\/\/vosgesinfo.fr\/gerardmerinfo\/","logo":{"@type":"ImageObject","inLanguage":"fr-FR","@id":"https:\/\/vosgesinfo.fr\/gerardmerinfo\/#\/schema\/logo\/image\/","url":"https:\/\/vosgesinfo.fr\/app\/uploads\/sites\/6\/2023\/08\/favicon-gerardmerinfo.png","contentUrl":"https:\/\/vosgesinfo.fr\/app\/uploads\/sites\/6\/2023\/08\/favicon-gerardmerinfo.png","width":512,"height":512,"caption":"Gerardmer Info"},"image":{"@id":"https:\/\/vosgesinfo.fr\/gerardmerinfo\/#\/schema\/logo\/image\/"},"sameAs":["https:\/\/www.facebook.com\/profile.php?id=100049475262660","https:\/\/x.com\/VosgesInfo88","https:\/\/www.youtube.com\/@vosgesinfo"]},{"@type":"Person","@id":"https:\/\/vosgesinfo.fr\/gerardmerinfo\/#\/schema\/person\/fa73e9f726d67bb88f46d5b7943cb572","name":"J.J.","image":{"@type":"ImageObject","inLanguage":"fr-FR","@id":"https:\/\/vosgesinfo.fr\/gerardmerinfo\/#\/schema\/person\/image\/","url":"https:\/\/secure.gravatar.com\/avatar\/219e749e47ffbcca018a360ae4add7d4cdf1cdaaf8bc7676b27efade3fe65615?s=96&d=mm&r=g","contentUrl":"https:\/\/secure.gravatar.com\/avatar\/219e749e47ffbcca018a360ae4add7d4cdf1cdaaf8bc7676b27efade3fe65615?s=96&d=mm&r=g","caption":"J.J."},"url":"https:\/\/vosgesinfo.fr\/gerardmerinfo\/author\/j-j\/"}]}},"_links":{"self":[{"href":"https:\/\/vosgesinfo.fr\/gerardmerinfo\/wp-json\/wp\/v2\/posts\/80774","targetHints":{"allow":["GET"]}}],"collection":[{"href":"https:\/\/vosgesinfo.fr\/gerardmerinfo\/wp-json\/wp\/v2\/posts"}],"about":[{"href":"https:\/\/vosgesinfo.fr\/gerardmerinfo\/wp-json\/wp\/v2\/types\/post"}],"author":[{"embeddable":true,"href":"https:\/\/vosgesinfo.fr\/gerardmerinfo\/wp-json\/wp\/v2\/users\/46"}],"replies":[{"embeddable":true,"href":"https:\/\/vosgesinfo.fr\/gerardmerinfo\/wp-json\/wp\/v2\/comments?post=80774"}],"version-history":[{"count":0,"href":"https:\/\/vosgesinfo.fr\/gerardmerinfo\/wp-json\/wp\/v2\/posts\/80774\/revisions"}],"wp:featuredmedia":[{"embeddable":true,"href":"https:\/\/vosgesinfo.fr\/gerardmerinfo\/wp-json\/wp\/v2\/media\/80775"}],"wp:attachment":[{"href":"https:\/\/vosgesinfo.fr\/gerardmerinfo\/wp-json\/wp\/v2\/media?parent=80774"}],"wp:term":[{"taxonomy":"category","embeddable":true,"href":"https:\/\/vosgesinfo.fr\/gerardmerinfo\/wp-json\/wp\/v2\/categories?post=80774"},{"taxonomy":"post_tag","embeddable":true,"href":"https:\/\/vosgesinfo.fr\/gerardmerinfo\/wp-json\/wp\/v2\/tags?post=80774"}],"curies":[{"name":"wp","href":"https:\/\/api.w.org\/{rel}","templated":true}]}}